{"id":6024,"date":"2025-11-24T17:55:00","date_gmt":"2025-11-24T16:55:00","guid":{"rendered":"https:\/\/weisetech.dev\/fc-barcelona-noticias\/en\/pedri-also-out-against-chelsea-when-will-he-return_315319_102\/"},"modified":"2025-11-24T17:55:00","modified_gmt":"2025-11-24T16:55:00","slug":"pedri-also-out-against-chelsea-when-will-he-return_315319_102","status":"publish","type":"post","link":"https:\/\/www.fcbarcelonanoticias.com\/en\/champions-league\/pedri-also-out-against-chelsea-when-will-he-return_315319_102.html","title":{"rendered":"Pedri also out against Chelsea: when will he return with Bar\u00e7a?"},"content":{"rendered":"<h2 class=\"wp-block-heading\">Pedri Gonz\u00e1lez will ultimately not play in the Chelsea-Bar\u00e7a Champions League Matchday 5 game. The midfielder has not yet recovered from his left thigh injury, but he could travel to London with the group<\/h2>  \r\n<div class=\"article-addons\">\r\n    <a href=\"https:\/\/www.fcbarcelonanoticias.com\/en\/calendar-fc-barcelona.html\"\r\n       target=\"_self\"\r\n       title=\"Calendar of FC Barcelona\"\r\n       class=\"blue-gredient-btn\">\r\n       \r\n        Calendar of FC Barcelona    <\/a>\r\n<\/div>   <p><a data-external=\"0\" data-intl-links-en=\"https:\/\/www.fcbarcelonanoticias.com\/en\/champions-league\/champions-squad-list-barcelona-chelsea_315317_102.html\" data-intl-links-es=\"https:\/\/www.fcbarcelonanoticias.com\/champions-league\/lista-convocados-hansi-flick-chelsea-vs-fc-barcelona-champions_315317_102.html\" href=\"https:\/\/www.fcbarcelonanoticias.com\/en\/champions-league\/champions-squad-list-barcelona-chelsea_315317_102.html\" rel=\"follow\" target=\"_self\" title=\"Lista de convocados de Hansi Flick para el Chelsea vs FC Barcelona de Champions\">Hansi Flick released the list of 22 FC Barcelona players called up for the visit to Chelsea<\/a>, again with <strong>Pedri Gonz\u00e1lez<\/strong> on the list of injured players. The midfielder had a satisfactory recovery in recent days after the left femoral biceps injury he suffered almost a month ago, after the Cl\u00e1sico against Real Madrid at the Santiago Bernab\u00e9u.<\/p>  <p>However, <strong>the footballer did not manage to recover in time to travel to London with medical clearance<\/strong>, although he is expected to accompany the team in the stands at Stamford Bridge. Pedri missed the visit to <a data-external=\"0\" data-intl-links-en=\"https:\/\/www.fcbarcelonanoticias.com\/en\/champions-league\/lamine-yamal-rescues-draw-for-barcelona-in-bruges-3-3_315201_102.html\" data-intl-links-es=\"https:\/\/www.fcbarcelonanoticias.com\/champions-league\/lamine-yamal-rescata-empate-barcelona-brujas-3-3_315201_102.html\" href=\"https:\/\/www.fcbarcelonanoticias.com\/en\/champions-league\/lamine-yamal-rescues-draw-for-barcelona-in-bruges-3-3_315201_102.html\" rel=\"follow\" target=\"_self\" title=\"Lamine Yamal rescata un empate para el Bar\u00e7a en Brujas (3-3)\">Bruges<\/a> on the fourth matchday of the Champions League, along with the league matches against <a data-external=\"0\" data-intl-links-en=\"https:\/\/www.fcbarcelonanoticias.com\/en\/laliga\/celta-2-4-barcelona-thrashing-by-catalans-and-3-points-behind-madrid_315230_102.html\" data-intl-links-es=\"https:\/\/www.fcbarcelonanoticias.com\/laliga\/celta-2-4-barcelona-flick-golean-balaidos-quedan-3-puntos-real-madrid_315230_102.html\" href=\"https:\/\/www.fcbarcelonanoticias.com\/en\/laliga\/celta-2-4-barcelona-thrashing-by-catalans-and-3-points-behind-madrid_315230_102.html\" rel=\"follow\" target=\"_self\" title=\"Celta 2-4 Barcelona: los de Flick golean en Bala\u00eddos y quedan a 3 puntos del Real Madrid\">Celta<\/a> and <a data-external=\"0\" data-intl-links-en=\"https:\/\/www.fcbarcelonanoticias.com\/en\/laliga\/barcelona-crushes-athletic-at-their-return-to-camp-nou-4-0_315301_102.html\" data-intl-links-es=\"https:\/\/www.fcbarcelonanoticias.com\/laliga\/barcelona-4-0-athletic-exhibicion-goleada-lideres-regreso-spotify-camp-nou_315301_102.html\" href=\"https:\/\/www.fcbarcelonanoticias.com\/en\/laliga\/barcelona-crushes-athletic-at-their-return-to-camp-nou-4-0_315301_102.html\" rel=\"follow\" target=\"_self\" title=\"Barcelona 4-0 Athletic: exhibici\u00f3n, goleada \u00a1y l\u00edderes en el regreso al Spotify Camp Nou!\">Athletic<\/a>.<\/p>  <p>He wasn&#8217;t present against Elche either, but that day he was definitely out due to suspension. Prior to his injury, <strong>the Teguete native had 2 goals and 2 assists in 13 games (1,099 minutes)<\/strong>, starting in all matches for Hansi Flick.<\/p>  <h2>When will Pedri play for Bar\u00e7a again?<\/h2>  <p>Now, the Tenerife native&#8217;s goal is to work during the week to try and be available next Saturday against Alav\u00e9s. Bar\u00e7a will be the home team for the second consecutive league matchday at Spotify Camp Nou, and the &#8216;8&#8217; could get some minutes in the second half, provided he can train with the squad in Thursday&#8217;s and Friday&#8217;s sessions<\/p>  <p>For the blaugrana team, <a data-external=\"0\" data-intl-links-en=\"https:\/\/www.fcbarcelonanoticias.com\/en\/fc-barcelona\/barca-tough-schedule-after-the-november-break_315256_102.html\" data-intl-links-es=\"https:\/\/www.fcbarcelonanoticias.com\/fc-barcelona\/duro-calendario-fc-barcelona-despues-paron-noviembre_315256_102.html\" href=\"https:\/\/www.fcbarcelonanoticias.com\/en\/spanish-super-cup\/barca-tough-schedule-after-the-november-break_315256_102.html\" rel=\"follow\" target=\"_self\" title=\"El duro calendario del Bar\u00e7a despu\u00e9s del par\u00f3n de noviembre: 9 partidos en un mes\">the schedule will not offer any respite until Christmas<\/a>. After the duel against Alav\u00e9s, Flick&#8217;s team will host <a data-external=\"0\" data-intl-links-en=\"https:\/\/www.fcbarcelonanoticias.com\/en\/laliga\/feud-between-laliga-and-rfef-over-schedule-for-barca-atletico-md19_315148_102.html\" data-intl-links-es=\"https:\/\/www.fcbarcelonanoticias.com\/laliga\/polemica-entre-laliga-rfef-por-horario-barca-atletico-j19_315148_102.html\" href=\"https:\/\/www.fcbarcelonanoticias.com\/en\/laliga\/feud-between-laliga-and-rfef-over-schedule-for-barca-atletico-md19_315148_102.html\" rel=\"follow\" target=\"_self\" title=\"Pol\u00e9mica entre LaLiga y la RFEF por el horario del Bar\u00e7a-Atl\u00e9tico de la J19\">Atl\u00e9tico de Madrid<\/a> on Tuesday, December 2nd, in the match brought forward from matchday 19 due to the dispute over the Spanish Super Cup.<\/p>  <p>Four days later, it&#8217;s time to visit Betis (Saturday the 6th), while on Tuesday, December 9th, it&#8217;s time to host Eintracht for matchday 6 of the Champions League, the last one to be played in 2025. Bar\u00e7a has 8 more matches to play before the Christmas break, including their debut in the Copa del Rey, with the date and opponent yet to be confirmed.<\/p>  <h2>Rashford and Balde will be able to start against Chelsea<\/h2>  <p>Although Pedri Gonz\u00e1lez will not be available against Chelsea, **Marcus Rashford and Alejandro Balde** will travel without any physical problems. The Englishman missed the match against Athletic due to <a data-external=\"0\" data-intl-links-en=\"https:\/\/www.fcbarcelonanoticias.com\/en\/laliga\/marcus-rashford-out-for-barca-athletic-at-camp-nou_315299_102.html\" data-intl-links-es=\"https:\/\/www.fcbarcelonanoticias.com\/laliga\/rashford-se-pierde-su-primer-partido-con-barcelona-descubre-motivo_315299_102.html\" href=\"https:\/\/www.fcbarcelonanoticias.com\/en\/laliga\/marcus-rashford-out-for-barca-athletic-at-camp-nou_315299_102.html\" rel=\"follow\" target=\"_self\" title=\"Rashford se pierde su primer partido con el Barcelona: descubre el motivo\">flu-like symptoms<\/a>, from which he has now fully recovered. The full-back, on the other hand, was substituted at halftime against the Basques **as a precaution**.<\/p>  <p>However, \u00c1lex suffers no muscular setback and will be able to return to the XI on Tuesday. In &#8216;Rashy&#8217;s&#8217; case, it is also likely he will be a starter again, considering his good record against Chelsea.<\/p>  <p>In English football, <strong>the 28-year-old forward scored 6 goals and provided 5 assists in 21 appearances against the &#8216;Blues&#8217;<\/strong>, making them one of his favorite victims while wearing the Manchester United jersey.<\/p>  <ul> <li>\ud83d\udc49 Follow the complete coverage of the&nbsp;<b><a data-external=\"0\" data-intl-links-en=\"https:\/\/www.fcbarcelonanoticias.com\/en\/champions-league\" data-intl-links-es=\"https:\/\/www.fcbarcelonanoticias.com\/champions-league\" href=\"https:\/\/www.fcbarcelonanoticias.com\/en\/football-soccer\/champions-league.html\" rel=\"follow\" target=\"_self\" title=\"Champions League\">2025\/26 UEFA Champions League<\/a><\/b>&nbsp;on FC Barcelona Noticias<\/li> <\/ul> ","protected":false},"excerpt":{"rendered":"<p>Pedri Gonz\u00e1lez will ultimately not play in the Chelsea-Bar\u00e7a Champions League Matchday 5 game. The midfielder has not yet recovered from his left thigh injury, but he could travel to London with the group Hansi Flick released the list of 22 FC Barcelona players called up for the visit to Chelsea, again with Pedri Gonz\u00e1lez [&hellip;]<\/p>\n","protected":false},"author":347,"featured_media":6025,"comment_status":"closed","ping_status":"open","sticky":false,"template":"","format":"standard","meta":{"_acf_changed":false,"inline_featured_image":false,"_nextfly_llmd_date_locked":false,"footnotes":""},"categories":[447,112],"tags":[161,136,464,149],"class_list":["post-6024","post","type-post","status-publish","format-standard","has-post-thumbnail","hentry","category-champions-league-2","category-champions-league","tag-chelsea","tag-injured","tag-pedri-2","tag-pedri"],"acf":[],"yoast_head":"<!-- This site is optimized with the Yoast SEO plugin v27.3 - https:\/\/yoast.com\/product\/yoast-seo-wordpress\/ -->\n<title>Pedri also out against Chelsea: when will he return with Bar\u00e7a?<\/title>\n<meta name=\"description\" content=\"Pedri Gonz\u00e1lez will finally not play in the Chelsea-Bar\u00e7a Champions League Matchday 5 game. The midfielder has not yet recovered from his left thigh injury\" \/>\n<meta name=\"robots\" content=\"index, follow, max-snippet:-1, max-image-preview:large, max-video-preview:-1\" \/>\n<link rel=\"canonical\" href=\"https:\/\/www.fcbarcelonanoticias.com\/en\/champions-league\/pedri-also-out-against-chelsea-when-will-he-return_315319_102.html\" \/>\n<meta property=\"og:locale\" content=\"en_US\" \/>\n<meta property=\"og:type\" content=\"article\" \/>\n<meta property=\"og:title\" content=\"Pedri also out against Chelsea: when will he return with Bar\u00e7a?\" \/>\n<meta property=\"og:description\" content=\"Pedri Gonz\u00e1lez will finally not play in the Chelsea-Bar\u00e7a Champions League Matchday 5 game. The midfielder has not yet recovered from his left thigh injury\" \/>\n<meta property=\"og:url\" content=\"https:\/\/www.fcbarcelonanoticias.com\/en\/champions-league\/pedri-also-out-against-chelsea-when-will-he-return_315319_102.html\" \/>\n<meta property=\"og:site_name\" content=\"EN - FC Barcelona Noticias\" \/>\n<meta property=\"article:published_time\" content=\"2025-11-24T16:55:00+00:00\" \/>\n<meta property=\"og:image\" content=\"https:\/\/www.fcbarcelonanoticias.com\/en\/wp-content\/uploads\/sites\/2\/2025\/11\/pedri-v-oviedo-laliga-25-26.webp\" \/>\n\t<meta property=\"og:image:width\" content=\"1200\" \/>\n\t<meta property=\"og:image:height\" content=\"675\" \/>\n\t<meta property=\"og:image:type\" content=\"image\/webp\" \/>\n<meta name=\"author\" content=\"Andr\u00e9s Quiroz\" \/>\n<meta name=\"twitter:card\" content=\"summary_large_image\" \/>\n<meta name=\"twitter:label1\" content=\"Written by\" \/>\n\t<meta name=\"twitter:data1\" content=\"Andr\u00e9s Quiroz\" \/>\n\t<meta name=\"twitter:label2\" content=\"Est. reading time\" \/>\n\t<meta name=\"twitter:data2\" content=\"3 minutes\" \/>\n<script type=\"application\/ld+json\" class=\"yoast-schema-graph\">{\"@context\":\"https:\\\/\\\/schema.org\",\"@graph\":[{\"@type\":\"Article\",\"@id\":\"https:\\\/\\\/www.fcbarcelonanoticias.com\\\/en\\\/champions-league\\\/pedri-also-out-against-chelsea-when-will-he-return_315319_102.html#article\",\"isPartOf\":{\"@id\":\"https:\\\/\\\/www.fcbarcelonanoticias.com\\\/en\\\/champions-league\\\/pedri-also-out-against-chelsea-when-will-he-return_315319_102.html\"},\"author\":{\"name\":\"Andr\u00e9s Quiroz\",\"@id\":\"https:\\\/\\\/www.fcbarcelonanoticias.com\\\/en\\\/#\\\/schema\\\/person\\\/c2cd9f6fa1af5c0d0eccd0fefa575c88\"},\"headline\":\"Pedri also out against Chelsea: when will he return with Bar\u00e7a?\",\"datePublished\":\"2025-11-24T16:55:00+00:00\",\"mainEntityOfPage\":{\"@id\":\"https:\\\/\\\/www.fcbarcelonanoticias.com\\\/en\\\/champions-league\\\/pedri-also-out-against-chelsea-when-will-he-return_315319_102.html\"},\"wordCount\":528,\"image\":{\"@id\":\"https:\\\/\\\/www.fcbarcelonanoticias.com\\\/en\\\/champions-league\\\/pedri-also-out-against-chelsea-when-will-he-return_315319_102.html#primaryimage\"},\"thumbnailUrl\":\"https:\\\/\\\/www.fcbarcelonanoticias.com\\\/en\\\/wp-content\\\/uploads\\\/sites\\\/2\\\/2025\\\/11\\\/pedri-v-oviedo-laliga-25-26.webp\",\"keywords\":[\"Chelsea\",\"injured\",\"Pedri\",\"Pedri\"],\"articleSection\":[\"Champions League\",\"Champions League\"],\"inLanguage\":\"en-US\"},{\"@type\":\"WebPage\",\"@id\":\"https:\\\/\\\/www.fcbarcelonanoticias.com\\\/en\\\/champions-league\\\/pedri-also-out-against-chelsea-when-will-he-return_315319_102.html\",\"url\":\"https:\\\/\\\/www.fcbarcelonanoticias.com\\\/en\\\/champions-league\\\/pedri-also-out-against-chelsea-when-will-he-return_315319_102.html\",\"name\":\"Pedri also out against Chelsea: when will he return with Bar\u00e7a?\",\"isPartOf\":{\"@id\":\"https:\\\/\\\/www.fcbarcelonanoticias.com\\\/en\\\/#website\"},\"primaryImageOfPage\":{\"@id\":\"https:\\\/\\\/www.fcbarcelonanoticias.com\\\/en\\\/champions-league\\\/pedri-also-out-against-chelsea-when-will-he-return_315319_102.html#primaryimage\"},\"image\":{\"@id\":\"https:\\\/\\\/www.fcbarcelonanoticias.com\\\/en\\\/champions-league\\\/pedri-also-out-against-chelsea-when-will-he-return_315319_102.html#primaryimage\"},\"thumbnailUrl\":\"https:\\\/\\\/www.fcbarcelonanoticias.com\\\/en\\\/wp-content\\\/uploads\\\/sites\\\/2\\\/2025\\\/11\\\/pedri-v-oviedo-laliga-25-26.webp\",\"datePublished\":\"2025-11-24T16:55:00+00:00\",\"author\":{\"@id\":\"https:\\\/\\\/www.fcbarcelonanoticias.com\\\/en\\\/#\\\/schema\\\/person\\\/c2cd9f6fa1af5c0d0eccd0fefa575c88\"},\"description\":\"Pedri Gonz\u00e1lez will finally not play in the Chelsea-Bar\u00e7a Champions League Matchday 5 game. The midfielder has not yet recovered from his left thigh injury\",\"breadcrumb\":{\"@id\":\"https:\\\/\\\/www.fcbarcelonanoticias.com\\\/en\\\/champions-league\\\/pedri-also-out-against-chelsea-when-will-he-return_315319_102.html#breadcrumb\"},\"inLanguage\":\"en-US\",\"potentialAction\":[{\"@type\":\"ReadAction\",\"target\":[\"https:\\\/\\\/www.fcbarcelonanoticias.com\\\/en\\\/champions-league\\\/pedri-also-out-against-chelsea-when-will-he-return_315319_102.html\"]}]},{\"@type\":\"ImageObject\",\"inLanguage\":\"en-US\",\"@id\":\"https:\\\/\\\/www.fcbarcelonanoticias.com\\\/en\\\/champions-league\\\/pedri-also-out-against-chelsea-when-will-he-return_315319_102.html#primaryimage\",\"url\":\"https:\\\/\\\/www.fcbarcelonanoticias.com\\\/en\\\/wp-content\\\/uploads\\\/sites\\\/2\\\/2025\\\/11\\\/pedri-v-oviedo-laliga-25-26.webp\",\"contentUrl\":\"https:\\\/\\\/www.fcbarcelonanoticias.com\\\/en\\\/wp-content\\\/uploads\\\/sites\\\/2\\\/2025\\\/11\\\/pedri-v-oviedo-laliga-25-26.webp\",\"width\":1200,\"height\":675},{\"@type\":\"BreadcrumbList\",\"@id\":\"https:\\\/\\\/www.fcbarcelonanoticias.com\\\/en\\\/champions-league\\\/pedri-also-out-against-chelsea-when-will-he-return_315319_102.html#breadcrumb\",\"itemListElement\":[{\"@type\":\"ListItem\",\"position\":1,\"name\":\"Portada\",\"item\":\"https:\\\/\\\/www.fcbarcelonanoticias.com\\\/en\\\/\"},{\"@type\":\"ListItem\",\"position\":2,\"name\":\"Pedri also out against Chelsea: when will he return with Bar\u00e7a?\"}]},{\"@type\":\"WebSite\",\"@id\":\"https:\\\/\\\/www.fcbarcelonanoticias.com\\\/en\\\/#website\",\"url\":\"https:\\\/\\\/www.fcbarcelonanoticias.com\\\/en\\\/\",\"name\":\"EN - FC Barcelona Noticias\",\"description\":\"\",\"potentialAction\":[{\"@type\":\"SearchAction\",\"target\":{\"@type\":\"EntryPoint\",\"urlTemplate\":\"https:\\\/\\\/www.fcbarcelonanoticias.com\\\/en\\\/?s={search_term_string}\"},\"query-input\":{\"@type\":\"PropertyValueSpecification\",\"valueRequired\":true,\"valueName\":\"search_term_string\"}}],\"inLanguage\":\"en-US\"},{\"@type\":\"Person\",\"@id\":\"https:\\\/\\\/www.fcbarcelonanoticias.com\\\/en\\\/#\\\/schema\\\/person\\\/c2cd9f6fa1af5c0d0eccd0fefa575c88\",\"name\":\"Andr\u00e9s Quiroz\",\"image\":{\"@type\":\"ImageObject\",\"inLanguage\":\"en-US\",\"@id\":\"https:\\\/\\\/secure.gravatar.com\\\/avatar\\\/?s=96&d=mm&r=g\",\"url\":\"https:\\\/\\\/secure.gravatar.com\\\/avatar\\\/?s=96&d=mm&r=g\",\"contentUrl\":\"https:\\\/\\\/secure.gravatar.com\\\/avatar\\\/?s=96&d=mm&r=g\",\"caption\":\"Andr\u00e9s Quiroz\"},\"description\":\"Licenciado en Periodismo por la Universidad de los Andes. Me encargo de analizar y compartir los contenidos m\u00e1s destacados de la\u00a0actualidad del F\u00fatbol Club Barcelona, Mercado de Fichajes y F\u00fatbol Internacional en FCBN. La informaci\u00f3n es poder, pero tambi\u00e9n conocimiento.\",\"url\":\"https:\\\/\\\/www.fcbarcelonanoticias.com\\\/en\\\/fc-barcelona\\\/andres-quiroz_17_115.html\"}]}<\/script>\n<!-- \/ Yoast SEO plugin. -->","yoast_head_json":{"title":"Pedri also out against Chelsea: when will he return with Bar\u00e7a?","description":"Pedri Gonz\u00e1lez will finally not play in the Chelsea-Bar\u00e7a Champions League Matchday 5 game. The midfielder has not yet recovered from his left thigh injury","robots":{"index":"index","follow":"follow","max-snippet":"max-snippet:-1","max-image-preview":"max-image-preview:large","max-video-preview":"max-video-preview:-1"},"canonical":"https:\/\/www.fcbarcelonanoticias.com\/en\/champions-league\/pedri-also-out-against-chelsea-when-will-he-return_315319_102.html","og_locale":"en_US","og_type":"article","og_title":"Pedri also out against Chelsea: when will he return with Bar\u00e7a?","og_description":"Pedri Gonz\u00e1lez will finally not play in the Chelsea-Bar\u00e7a Champions League Matchday 5 game. The midfielder has not yet recovered from his left thigh injury","og_url":"https:\/\/www.fcbarcelonanoticias.com\/en\/champions-league\/pedri-also-out-against-chelsea-when-will-he-return_315319_102.html","og_site_name":"EN - FC Barcelona Noticias","article_published_time":"2025-11-24T16:55:00+00:00","og_image":[{"width":1200,"height":675,"url":"https:\/\/www.fcbarcelonanoticias.com\/en\/wp-content\/uploads\/sites\/2\/2025\/11\/pedri-v-oviedo-laliga-25-26.webp","type":"image\/webp"}],"author":"Andr\u00e9s Quiroz","twitter_card":"summary_large_image","twitter_misc":{"Written by":"Andr\u00e9s Quiroz","Est. reading time":"3 minutes"},"schema":{"@context":"https:\/\/schema.org","@graph":[{"@type":"Article","@id":"https:\/\/www.fcbarcelonanoticias.com\/en\/champions-league\/pedri-also-out-against-chelsea-when-will-he-return_315319_102.html#article","isPartOf":{"@id":"https:\/\/www.fcbarcelonanoticias.com\/en\/champions-league\/pedri-also-out-against-chelsea-when-will-he-return_315319_102.html"},"author":{"name":"Andr\u00e9s Quiroz","@id":"https:\/\/www.fcbarcelonanoticias.com\/en\/#\/schema\/person\/c2cd9f6fa1af5c0d0eccd0fefa575c88"},"headline":"Pedri also out against Chelsea: when will he return with Bar\u00e7a?","datePublished":"2025-11-24T16:55:00+00:00","mainEntityOfPage":{"@id":"https:\/\/www.fcbarcelonanoticias.com\/en\/champions-league\/pedri-also-out-against-chelsea-when-will-he-return_315319_102.html"},"wordCount":528,"image":{"@id":"https:\/\/www.fcbarcelonanoticias.com\/en\/champions-league\/pedri-also-out-against-chelsea-when-will-he-return_315319_102.html#primaryimage"},"thumbnailUrl":"https:\/\/www.fcbarcelonanoticias.com\/en\/wp-content\/uploads\/sites\/2\/2025\/11\/pedri-v-oviedo-laliga-25-26.webp","keywords":["Chelsea","injured","Pedri","Pedri"],"articleSection":["Champions League","Champions League"],"inLanguage":"en-US"},{"@type":"WebPage","@id":"https:\/\/www.fcbarcelonanoticias.com\/en\/champions-league\/pedri-also-out-against-chelsea-when-will-he-return_315319_102.html","url":"https:\/\/www.fcbarcelonanoticias.com\/en\/champions-league\/pedri-also-out-against-chelsea-when-will-he-return_315319_102.html","name":"Pedri also out against Chelsea: when will he return with Bar\u00e7a?","isPartOf":{"@id":"https:\/\/www.fcbarcelonanoticias.com\/en\/#website"},"primaryImageOfPage":{"@id":"https:\/\/www.fcbarcelonanoticias.com\/en\/champions-league\/pedri-also-out-against-chelsea-when-will-he-return_315319_102.html#primaryimage"},"image":{"@id":"https:\/\/www.fcbarcelonanoticias.com\/en\/champions-league\/pedri-also-out-against-chelsea-when-will-he-return_315319_102.html#primaryimage"},"thumbnailUrl":"https:\/\/www.fcbarcelonanoticias.com\/en\/wp-content\/uploads\/sites\/2\/2025\/11\/pedri-v-oviedo-laliga-25-26.webp","datePublished":"2025-11-24T16:55:00+00:00","author":{"@id":"https:\/\/www.fcbarcelonanoticias.com\/en\/#\/schema\/person\/c2cd9f6fa1af5c0d0eccd0fefa575c88"},"description":"Pedri Gonz\u00e1lez will finally not play in the Chelsea-Bar\u00e7a Champions League Matchday 5 game. The midfielder has not yet recovered from his left thigh injury","breadcrumb":{"@id":"https:\/\/www.fcbarcelonanoticias.com\/en\/champions-league\/pedri-also-out-against-chelsea-when-will-he-return_315319_102.html#breadcrumb"},"inLanguage":"en-US","potentialAction":[{"@type":"ReadAction","target":["https:\/\/www.fcbarcelonanoticias.com\/en\/champions-league\/pedri-also-out-against-chelsea-when-will-he-return_315319_102.html"]}]},{"@type":"ImageObject","inLanguage":"en-US","@id":"https:\/\/www.fcbarcelonanoticias.com\/en\/champions-league\/pedri-also-out-against-chelsea-when-will-he-return_315319_102.html#primaryimage","url":"https:\/\/www.fcbarcelonanoticias.com\/en\/wp-content\/uploads\/sites\/2\/2025\/11\/pedri-v-oviedo-laliga-25-26.webp","contentUrl":"https:\/\/www.fcbarcelonanoticias.com\/en\/wp-content\/uploads\/sites\/2\/2025\/11\/pedri-v-oviedo-laliga-25-26.webp","width":1200,"height":675},{"@type":"BreadcrumbList","@id":"https:\/\/www.fcbarcelonanoticias.com\/en\/champions-league\/pedri-also-out-against-chelsea-when-will-he-return_315319_102.html#breadcrumb","itemListElement":[{"@type":"ListItem","position":1,"name":"Portada","item":"https:\/\/www.fcbarcelonanoticias.com\/en\/"},{"@type":"ListItem","position":2,"name":"Pedri also out against Chelsea: when will he return with Bar\u00e7a?"}]},{"@type":"WebSite","@id":"https:\/\/www.fcbarcelonanoticias.com\/en\/#website","url":"https:\/\/www.fcbarcelonanoticias.com\/en\/","name":"EN - FC Barcelona Noticias","description":"","potentialAction":[{"@type":"SearchAction","target":{"@type":"EntryPoint","urlTemplate":"https:\/\/www.fcbarcelonanoticias.com\/en\/?s={search_term_string}"},"query-input":{"@type":"PropertyValueSpecification","valueRequired":true,"valueName":"search_term_string"}}],"inLanguage":"en-US"},{"@type":"Person","@id":"https:\/\/www.fcbarcelonanoticias.com\/en\/#\/schema\/person\/c2cd9f6fa1af5c0d0eccd0fefa575c88","name":"Andr\u00e9s Quiroz","image":{"@type":"ImageObject","inLanguage":"en-US","@id":"https:\/\/secure.gravatar.com\/avatar\/?s=96&d=mm&r=g","url":"https:\/\/secure.gravatar.com\/avatar\/?s=96&d=mm&r=g","contentUrl":"https:\/\/secure.gravatar.com\/avatar\/?s=96&d=mm&r=g","caption":"Andr\u00e9s Quiroz"},"description":"Licenciado en Periodismo por la Universidad de los Andes. Me encargo de analizar y compartir los contenidos m\u00e1s destacados de la\u00a0actualidad del F\u00fatbol Club Barcelona, Mercado de Fichajes y F\u00fatbol Internacional en FCBN. La informaci\u00f3n es poder, pero tambi\u00e9n conocimiento.","url":"https:\/\/www.fcbarcelonanoticias.com\/en\/fc-barcelona\/andres-quiroz_17_115.html"}]}},"_links":{"self":[{"href":"https:\/\/www.fcbarcelonanoticias.com\/en\/wp-json\/wp\/v2\/posts\/6024","targetHints":{"allow":["GET"]}}],"collection":[{"href":"https:\/\/www.fcbarcelonanoticias.com\/en\/wp-json\/wp\/v2\/posts"}],"about":[{"href":"https:\/\/www.fcbarcelonanoticias.com\/en\/wp-json\/wp\/v2\/types\/post"}],"author":[{"embeddable":true,"href":"https:\/\/www.fcbarcelonanoticias.com\/en\/wp-json\/wp\/v2\/users\/347"}],"replies":[{"embeddable":true,"href":"https:\/\/www.fcbarcelonanoticias.com\/en\/wp-json\/wp\/v2\/comments?post=6024"}],"version-history":[{"count":1,"href":"https:\/\/www.fcbarcelonanoticias.com\/en\/wp-json\/wp\/v2\/posts\/6024\/revisions"}],"predecessor-version":[{"id":104942,"href":"https:\/\/www.fcbarcelonanoticias.com\/en\/wp-json\/wp\/v2\/posts\/6024\/revisions\/104942"}],"wp:featuredmedia":[{"embeddable":true,"href":"https:\/\/www.fcbarcelonanoticias.com\/en\/wp-json\/wp\/v2\/media\/6025"}],"wp:attachment":[{"href":"https:\/\/www.fcbarcelonanoticias.com\/en\/wp-json\/wp\/v2\/media?parent=6024"}],"wp:term":[{"taxonomy":"category","embeddable":true,"href":"https:\/\/www.fcbarcelonanoticias.com\/en\/wp-json\/wp\/v2\/categories?post=6024"},{"taxonomy":"post_tag","embeddable":true,"href":"https:\/\/www.fcbarcelonanoticias.com\/en\/wp-json\/wp\/v2\/tags?post=6024"}],"curies":[{"name":"wp","href":"https:\/\/api.w.org\/{rel}","templated":true}]}}