{"id":60307,"date":"2022-10-23T08:32:00","date_gmt":"2022-10-23T06:32:00","guid":{"rendered":"https:\/\/weisetech.dev\/fc-barcelona-noticias\/en\/valverde-leaves-clear-if-search-or-no-revancha-in-the-barca-at_285753_102\/"},"modified":"2022-10-23T08:32:00","modified_gmt":"2022-10-23T06:32:00","slug":"valverde-leaves-clear-if-search-or-no-revancha-in-the-barca-at_285753_102","status":"publish","type":"post","link":"https:\/\/www.fcbarcelonanoticias.com\/en\/laliga\/valverde-leaves-clear-if-search-or-no-revancha-in-the-barca-at_285753_102.html","title":{"rendered":"Valverde makes it clear whether or not he is looking for revenge at Bar\u00e7a-Athletic"},"content":{"rendered":"<h2 class=\"wp-block-heading\">Ernesto Valverde will return to Spotify Camp Nou two years and nine months after his last game as FC Barcelona manager. The Bilbao coach made it clear that he hopes to take the victory on Sunday against the Catalans, with no intention of revenge<\/h2>  \r\n<div class=\"article-addons\">\r\n    <a href=\"https:\/\/www.fcbarcelonanoticias.com\/en\/calendar-fc-barcelona.html\"\r\n       target=\"_self\"\r\n       title=\"Calendar of FC Barcelona\"\r\n       class=\"blue-gredient-btn\">\r\n       \r\n        Calendar of FC Barcelona    <\/a>\r\n<\/div>   <p>The party of the Sunday between the <a data-external=\"0\" data-intl-links-en=\"https:\/\/www.fcbarcelonanoticias.com\/en\/laliga\/the-barca-wants-to-confirm-his-good-feelings-in-front-of-an-athletic-renewed_285744_102.html\" data-intl-links-es=\"https:\/\/www.fcbarcelonanoticias.com\/laliga\/barcelona-quiere-confirmar-sus-buenas-sensaciones-athletic-renovado_285744_102.html\" href=\"https:\/\/www.fcbarcelonanoticias.com\/en\/laliga\/the-barca-wants-to-confirm-his-good-feelings-in-front-of-an-athletic-renewed_285744_102.html\" rel=\"follow\" target=\"_self\" title=\"El Bar\u00e7a quiere confirmar sus buenas sensaciones ante un Athletic 'renovado'\">FC Barcelona<\/a> and the Athletic of Bilbao will have a protagonist in particular. <strong>Ernesto Valverde, technician of the Bar\u00e7a between July of 2017 and January of 2020, returns to the Spotify Camp Nou <\/strong>two years and nine months after his exit of the club with some &#8216;lions&#8217; that have fallen in a baj\u00f3n after an ilusionante beginning in LaLiga. In the previous of the crash by the day 11, the &#8216;Txingurri&#8217; cleared that, although it expects to add the three points, there is not a feeling of revancha.<\/p>  <p><strong>&#8220;Have spirit to win, but no by revancha, but for winning the three points. It is the first rival that have in front and is difficult. The Barcelona is doing a big campaign, the other day did a good party (the Thursday in front of the Villarreal) and will be complicated<\/strong>. It is a club in which you have been, there are a lot of people that know and will greet and afterwards, like a party more&#8221;, commented the technician of Extremadura.<\/p>  <p>Valverde Had an effectiveness of the 74.26 % in the bench cul\u00e9, at a rate of 97 triumphs, 32 ties and 16 defeats. <strong>The Bar\u00e7a raised two Leagues, a Glass of Rey and a Supercopa of Spain under his driving<\/strong>, in a marked cycle by the painful eliminations of the UEFA Champions League in front of the Rome and the Liverpool in 2018 and 2019, respectively. The technician of 58 years was sacked of surprising form on 20 January 2020, after the elimination of the Supercopa of Spain in front of the Athletic of Madrid.<\/p>  <p>On his go through <a data-external=\"0\" data-intl-links-en=\"https:\/\/www.fcbarcelonanoticias.com\/en\/transfers\/new-rival-for-the-barca-in-the-career-by-jorginho_285738_102.html\" data-intl-links-es=\"https:\/\/www.fcbarcelonanoticias.com\/fichajes\/nuevo-rival-barcelona-en-carrera-por-jorginho_285738_102.html\" href=\"https:\/\/www.fcbarcelonanoticias.com\/en\/transfers\/new-rival-for-the-barca-in-the-career-by-jorginho_285738_102.html\" rel=\"follow\" target=\"_self\" title=\"Nuevo rival para el Bar\u00e7a en la 'carrera' por Jorginho\">the Bar\u00e7a<\/a>, the &#8216;Txingurri&#8217; recognised that it tried to give the best of yes along two years and half.<strong> &#8220;Always there is time to hit and make a mistake you, in the big teams all has more repercussion<\/strong>. There are times that the things go better and others, worse. The things were well, always have to lose some party&#8221;, commented the m\u00edster of C\u00e1ceres, the one who also admitted to have good memories of his stage like cul\u00e9.<\/p>  <h3>The level of the Bar\u00e7a and his praises to Xavi<\/h3>  <p>On the other hand, the technician of the Bilbao encouraged to argue how sees to the Bar\u00e7a in this moment. &#8220;Still it is not out of the Champions, remain a pair of parties, and in the League is to a very high level. <strong>The other day it lost (in the Classical), but already know that the defeats there seems that they suppose more than what are, always escuecen, see him to arrive far.<\/strong> The thing is that the <a data-external=\"0\" data-intl-links-en=\"https:\/\/www.fcbarcelonanoticias.com\/en\/real-madrid\/possible-injury-of-the-unexpected-maximum-goleador-of-the-real-madrid_285752_102.html\" data-intl-links-es=\"https:\/\/www.fcbarcelonanoticias.com\/real-madrid\/posible-lesion-inesperado-maximo-goleador-real-madrid_285752_102.html\" href=\"https:\/\/www.fcbarcelonanoticias.com\/en\/real-madrid\/possible-injury-of-the-unexpected-maximum-goleador-of-the-real-madrid_285752_102.html\" rel=\"follow\" target=\"_self\" title=\"Posible lesi\u00f3n del inesperado m\u00e1ximo goleador del Real Madrid\">Madrid<\/a> is in a moment sweet, in which it plays easy and well&#8221;, detailed Valverde.<\/p>  <p>In this sense, Ernesto considers that<strong> &#8220;it foresees a League of a lot of points. To the Bar\u00e7a see him well because when it seems that it plays a bit worse, does you eight clear occasions and, when it does it well, 20&#8221;<\/strong>. Besides, the trainer of 58 years had praises for Xavi Hern\u00e1ndez. <strong>&#8220;It knows the club perfectly because there is been an out of series like player and knows how is the surroundings of the club and what supposes not winning or a tie. <\/strong>This Barcelona is a powerful team that can aspire to everything&#8221;, sentenced the m\u00edster of the Basques.<\/p> ","protected":false},"excerpt":{"rendered":"<p>Ernesto Valverde will return to Spotify Camp Nou two years and nine months after his last game as FC Barcelona manager. The Bilbao coach made it clear that he hopes to take the victory on Sunday against the Catalans, with no intention of revenge The party of the Sunday between the FC Barcelona and the [&hellip;]<\/p>\n","protected":false},"author":347,"featured_media":20122,"comment_status":"closed","ping_status":"open","sticky":false,"template":"","format":"standard","meta":{"_acf_changed":false,"inline_featured_image":false,"_nextfly_llmd_date_locked":false,"footnotes":""},"categories":[448,114],"tags":[81,218],"class_list":["post-60307","post","type-post","status-publish","format-standard","has-post-thumbnail","hentry","category-laliga-2","category-laliga","tag-athletic-de-bilbao","tag-ernesto-valverde"],"acf":[],"yoast_head":"<!-- This site is optimized with the Yoast SEO plugin v27.3 - https:\/\/yoast.com\/product\/yoast-seo-wordpress\/ -->\n<title>Valverde makes it clear whether or not he is looking for revenge at Bar\u00e7a-Athletic<\/title>\n<meta name=\"description\" content=\"Ernesto Valverde will return to the Spotify Camp Nou two years and nine months after his last party like technician of the FC Barcelona. The trainer of the Bilbao of...\" \/>\n<meta name=\"robots\" content=\"index, follow, max-snippet:-1, max-image-preview:large, max-video-preview:-1\" \/>\n<link rel=\"canonical\" href=\"https:\/\/www.fcbarcelonanoticias.com\/en\/laliga\/valverde-leaves-clear-if-search-or-no-revancha-in-the-barca-at_285753_102.html\" \/>\n<meta property=\"og:locale\" content=\"en_US\" \/>\n<meta property=\"og:type\" content=\"article\" \/>\n<meta property=\"og:title\" content=\"Valverde makes it clear whether or not he is looking for revenge at Bar\u00e7a-Athletic\" \/>\n<meta property=\"og:description\" content=\"Ernesto Valverde will return to the Spotify Camp Nou two years and nine months after his last party like technician of the FC Barcelona. The trainer of the Bilbao of...\" \/>\n<meta property=\"og:url\" content=\"https:\/\/www.fcbarcelonanoticias.com\/en\/laliga\/valverde-leaves-clear-if-search-or-no-revancha-in-the-barca-at_285753_102.html\" \/>\n<meta property=\"og:site_name\" content=\"EN - FC Barcelona Noticias\" \/>\n<meta property=\"article:published_time\" content=\"2022-10-23T06:32:00+00:00\" \/>\n<meta property=\"og:image\" content=\"https:\/\/www.fcbarcelonanoticias.com\/en\/wp-content\/uploads\/sites\/2\/2023\/03\/ernesto-valverde-athletic-bilbao.jpeg\" \/>\n\t<meta property=\"og:image:width\" content=\"1300\" \/>\n\t<meta property=\"og:image:height\" content=\"732\" \/>\n\t<meta property=\"og:image:type\" content=\"image\/jpeg\" \/>\n<meta name=\"author\" content=\"Andr\u00e9s Quiroz\" \/>\n<meta name=\"twitter:card\" content=\"summary_large_image\" \/>\n<meta name=\"twitter:label1\" content=\"Written by\" \/>\n\t<meta name=\"twitter:data1\" content=\"Andr\u00e9s Quiroz\" \/>\n\t<meta name=\"twitter:label2\" content=\"Est. reading time\" \/>\n\t<meta name=\"twitter:data2\" content=\"3 minutes\" \/>\n<script type=\"application\/ld+json\" class=\"yoast-schema-graph\">{\"@context\":\"https:\\\/\\\/schema.org\",\"@graph\":[{\"@type\":\"Article\",\"@id\":\"https:\\\/\\\/www.fcbarcelonanoticias.com\\\/en\\\/laliga\\\/valverde-leaves-clear-if-search-or-no-revancha-in-the-barca-at_285753_102.html#article\",\"isPartOf\":{\"@id\":\"https:\\\/\\\/www.fcbarcelonanoticias.com\\\/en\\\/laliga\\\/valverde-leaves-clear-if-search-or-no-revancha-in-the-barca-at_285753_102.html\"},\"author\":{\"name\":\"Andr\u00e9s Quiroz\",\"@id\":\"https:\\\/\\\/www.fcbarcelonanoticias.com\\\/en\\\/#\\\/schema\\\/person\\\/c2cd9f6fa1af5c0d0eccd0fefa575c88\"},\"headline\":\"Valverde makes it clear whether or not he is looking for revenge at Bar\u00e7a-Athletic\",\"datePublished\":\"2022-10-23T06:32:00+00:00\",\"mainEntityOfPage\":{\"@id\":\"https:\\\/\\\/www.fcbarcelonanoticias.com\\\/en\\\/laliga\\\/valverde-leaves-clear-if-search-or-no-revancha-in-the-barca-at_285753_102.html\"},\"wordCount\":615,\"image\":{\"@id\":\"https:\\\/\\\/www.fcbarcelonanoticias.com\\\/en\\\/laliga\\\/valverde-leaves-clear-if-search-or-no-revancha-in-the-barca-at_285753_102.html#primaryimage\"},\"thumbnailUrl\":\"https:\\\/\\\/www.fcbarcelonanoticias.com\\\/en\\\/wp-content\\\/uploads\\\/sites\\\/2\\\/2023\\\/03\\\/ernesto-valverde-athletic-bilbao.jpeg\",\"keywords\":[\"Athletic de Bilbao\",\"Ernesto Valverde\"],\"articleSection\":[\"LaLiga\",\"LaLiga\"],\"inLanguage\":\"en-US\"},{\"@type\":\"WebPage\",\"@id\":\"https:\\\/\\\/www.fcbarcelonanoticias.com\\\/en\\\/laliga\\\/valverde-leaves-clear-if-search-or-no-revancha-in-the-barca-at_285753_102.html\",\"url\":\"https:\\\/\\\/www.fcbarcelonanoticias.com\\\/en\\\/laliga\\\/valverde-leaves-clear-if-search-or-no-revancha-in-the-barca-at_285753_102.html\",\"name\":\"Valverde makes it clear whether or not he is looking for revenge at Bar\u00e7a-Athletic\",\"isPartOf\":{\"@id\":\"https:\\\/\\\/www.fcbarcelonanoticias.com\\\/en\\\/#website\"},\"primaryImageOfPage\":{\"@id\":\"https:\\\/\\\/www.fcbarcelonanoticias.com\\\/en\\\/laliga\\\/valverde-leaves-clear-if-search-or-no-revancha-in-the-barca-at_285753_102.html#primaryimage\"},\"image\":{\"@id\":\"https:\\\/\\\/www.fcbarcelonanoticias.com\\\/en\\\/laliga\\\/valverde-leaves-clear-if-search-or-no-revancha-in-the-barca-at_285753_102.html#primaryimage\"},\"thumbnailUrl\":\"https:\\\/\\\/www.fcbarcelonanoticias.com\\\/en\\\/wp-content\\\/uploads\\\/sites\\\/2\\\/2023\\\/03\\\/ernesto-valverde-athletic-bilbao.jpeg\",\"datePublished\":\"2022-10-23T06:32:00+00:00\",\"author\":{\"@id\":\"https:\\\/\\\/www.fcbarcelonanoticias.com\\\/en\\\/#\\\/schema\\\/person\\\/c2cd9f6fa1af5c0d0eccd0fefa575c88\"},\"description\":\"Ernesto Valverde will return to the Spotify Camp Nou two years and nine months after his last party like technician of the FC Barcelona. The trainer of the Bilbao of...\",\"breadcrumb\":{\"@id\":\"https:\\\/\\\/www.fcbarcelonanoticias.com\\\/en\\\/laliga\\\/valverde-leaves-clear-if-search-or-no-revancha-in-the-barca-at_285753_102.html#breadcrumb\"},\"inLanguage\":\"en-US\",\"potentialAction\":[{\"@type\":\"ReadAction\",\"target\":[\"https:\\\/\\\/www.fcbarcelonanoticias.com\\\/en\\\/laliga\\\/valverde-leaves-clear-if-search-or-no-revancha-in-the-barca-at_285753_102.html\"]}]},{\"@type\":\"ImageObject\",\"inLanguage\":\"en-US\",\"@id\":\"https:\\\/\\\/www.fcbarcelonanoticias.com\\\/en\\\/laliga\\\/valverde-leaves-clear-if-search-or-no-revancha-in-the-barca-at_285753_102.html#primaryimage\",\"url\":\"https:\\\/\\\/www.fcbarcelonanoticias.com\\\/en\\\/wp-content\\\/uploads\\\/sites\\\/2\\\/2023\\\/03\\\/ernesto-valverde-athletic-bilbao.jpeg\",\"contentUrl\":\"https:\\\/\\\/www.fcbarcelonanoticias.com\\\/en\\\/wp-content\\\/uploads\\\/sites\\\/2\\\/2023\\\/03\\\/ernesto-valverde-athletic-bilbao.jpeg\",\"width\":1300,\"height\":732},{\"@type\":\"BreadcrumbList\",\"@id\":\"https:\\\/\\\/www.fcbarcelonanoticias.com\\\/en\\\/laliga\\\/valverde-leaves-clear-if-search-or-no-revancha-in-the-barca-at_285753_102.html#breadcrumb\",\"itemListElement\":[{\"@type\":\"ListItem\",\"position\":1,\"name\":\"Portada\",\"item\":\"https:\\\/\\\/www.fcbarcelonanoticias.com\\\/en\\\/\"},{\"@type\":\"ListItem\",\"position\":2,\"name\":\"Valverde makes it clear whether or not he is looking for revenge at Bar\u00e7a-Athletic\"}]},{\"@type\":\"WebSite\",\"@id\":\"https:\\\/\\\/www.fcbarcelonanoticias.com\\\/en\\\/#website\",\"url\":\"https:\\\/\\\/www.fcbarcelonanoticias.com\\\/en\\\/\",\"name\":\"EN - FC Barcelona Noticias\",\"description\":\"\",\"potentialAction\":[{\"@type\":\"SearchAction\",\"target\":{\"@type\":\"EntryPoint\",\"urlTemplate\":\"https:\\\/\\\/www.fcbarcelonanoticias.com\\\/en\\\/?s={search_term_string}\"},\"query-input\":{\"@type\":\"PropertyValueSpecification\",\"valueRequired\":true,\"valueName\":\"search_term_string\"}}],\"inLanguage\":\"en-US\"},{\"@type\":\"Person\",\"@id\":\"https:\\\/\\\/www.fcbarcelonanoticias.com\\\/en\\\/#\\\/schema\\\/person\\\/c2cd9f6fa1af5c0d0eccd0fefa575c88\",\"name\":\"Andr\u00e9s Quiroz\",\"image\":{\"@type\":\"ImageObject\",\"inLanguage\":\"en-US\",\"@id\":\"https:\\\/\\\/secure.gravatar.com\\\/avatar\\\/?s=96&d=mm&r=g\",\"url\":\"https:\\\/\\\/secure.gravatar.com\\\/avatar\\\/?s=96&d=mm&r=g\",\"contentUrl\":\"https:\\\/\\\/secure.gravatar.com\\\/avatar\\\/?s=96&d=mm&r=g\",\"caption\":\"Andr\u00e9s Quiroz\"},\"description\":\"Licenciado en Periodismo por la Universidad de los Andes. Me encargo de analizar y compartir los contenidos m\u00e1s destacados de la\u00a0actualidad del F\u00fatbol Club Barcelona, Mercado de Fichajes y F\u00fatbol Internacional en FCBN. La informaci\u00f3n es poder, pero tambi\u00e9n conocimiento.\",\"url\":\"https:\\\/\\\/www.fcbarcelonanoticias.com\\\/en\\\/fc-barcelona\\\/andres-quiroz_17_115.html\"}]}<\/script>\n<!-- \/ Yoast SEO plugin. -->","yoast_head_json":{"title":"Valverde makes it clear whether or not he is looking for revenge at Bar\u00e7a-Athletic","description":"Ernesto Valverde will return to the Spotify Camp Nou two years and nine months after his last party like technician of the FC Barcelona. The trainer of the Bilbao of...","robots":{"index":"index","follow":"follow","max-snippet":"max-snippet:-1","max-image-preview":"max-image-preview:large","max-video-preview":"max-video-preview:-1"},"canonical":"https:\/\/www.fcbarcelonanoticias.com\/en\/laliga\/valverde-leaves-clear-if-search-or-no-revancha-in-the-barca-at_285753_102.html","og_locale":"en_US","og_type":"article","og_title":"Valverde makes it clear whether or not he is looking for revenge at Bar\u00e7a-Athletic","og_description":"Ernesto Valverde will return to the Spotify Camp Nou two years and nine months after his last party like technician of the FC Barcelona. The trainer of the Bilbao of...","og_url":"https:\/\/www.fcbarcelonanoticias.com\/en\/laliga\/valverde-leaves-clear-if-search-or-no-revancha-in-the-barca-at_285753_102.html","og_site_name":"EN - FC Barcelona Noticias","article_published_time":"2022-10-23T06:32:00+00:00","og_image":[{"width":1300,"height":732,"url":"https:\/\/www.fcbarcelonanoticias.com\/en\/wp-content\/uploads\/sites\/2\/2023\/03\/ernesto-valverde-athletic-bilbao.jpeg","type":"image\/jpeg"}],"author":"Andr\u00e9s Quiroz","twitter_card":"summary_large_image","twitter_misc":{"Written by":"Andr\u00e9s Quiroz","Est. reading time":"3 minutes"},"schema":{"@context":"https:\/\/schema.org","@graph":[{"@type":"Article","@id":"https:\/\/www.fcbarcelonanoticias.com\/en\/laliga\/valverde-leaves-clear-if-search-or-no-revancha-in-the-barca-at_285753_102.html#article","isPartOf":{"@id":"https:\/\/www.fcbarcelonanoticias.com\/en\/laliga\/valverde-leaves-clear-if-search-or-no-revancha-in-the-barca-at_285753_102.html"},"author":{"name":"Andr\u00e9s Quiroz","@id":"https:\/\/www.fcbarcelonanoticias.com\/en\/#\/schema\/person\/c2cd9f6fa1af5c0d0eccd0fefa575c88"},"headline":"Valverde makes it clear whether or not he is looking for revenge at Bar\u00e7a-Athletic","datePublished":"2022-10-23T06:32:00+00:00","mainEntityOfPage":{"@id":"https:\/\/www.fcbarcelonanoticias.com\/en\/laliga\/valverde-leaves-clear-if-search-or-no-revancha-in-the-barca-at_285753_102.html"},"wordCount":615,"image":{"@id":"https:\/\/www.fcbarcelonanoticias.com\/en\/laliga\/valverde-leaves-clear-if-search-or-no-revancha-in-the-barca-at_285753_102.html#primaryimage"},"thumbnailUrl":"https:\/\/www.fcbarcelonanoticias.com\/en\/wp-content\/uploads\/sites\/2\/2023\/03\/ernesto-valverde-athletic-bilbao.jpeg","keywords":["Athletic de Bilbao","Ernesto Valverde"],"articleSection":["LaLiga","LaLiga"],"inLanguage":"en-US"},{"@type":"WebPage","@id":"https:\/\/www.fcbarcelonanoticias.com\/en\/laliga\/valverde-leaves-clear-if-search-or-no-revancha-in-the-barca-at_285753_102.html","url":"https:\/\/www.fcbarcelonanoticias.com\/en\/laliga\/valverde-leaves-clear-if-search-or-no-revancha-in-the-barca-at_285753_102.html","name":"Valverde makes it clear whether or not he is looking for revenge at Bar\u00e7a-Athletic","isPartOf":{"@id":"https:\/\/www.fcbarcelonanoticias.com\/en\/#website"},"primaryImageOfPage":{"@id":"https:\/\/www.fcbarcelonanoticias.com\/en\/laliga\/valverde-leaves-clear-if-search-or-no-revancha-in-the-barca-at_285753_102.html#primaryimage"},"image":{"@id":"https:\/\/www.fcbarcelonanoticias.com\/en\/laliga\/valverde-leaves-clear-if-search-or-no-revancha-in-the-barca-at_285753_102.html#primaryimage"},"thumbnailUrl":"https:\/\/www.fcbarcelonanoticias.com\/en\/wp-content\/uploads\/sites\/2\/2023\/03\/ernesto-valverde-athletic-bilbao.jpeg","datePublished":"2022-10-23T06:32:00+00:00","author":{"@id":"https:\/\/www.fcbarcelonanoticias.com\/en\/#\/schema\/person\/c2cd9f6fa1af5c0d0eccd0fefa575c88"},"description":"Ernesto Valverde will return to the Spotify Camp Nou two years and nine months after his last party like technician of the FC Barcelona. The trainer of the Bilbao of...","breadcrumb":{"@id":"https:\/\/www.fcbarcelonanoticias.com\/en\/laliga\/valverde-leaves-clear-if-search-or-no-revancha-in-the-barca-at_285753_102.html#breadcrumb"},"inLanguage":"en-US","potentialAction":[{"@type":"ReadAction","target":["https:\/\/www.fcbarcelonanoticias.com\/en\/laliga\/valverde-leaves-clear-if-search-or-no-revancha-in-the-barca-at_285753_102.html"]}]},{"@type":"ImageObject","inLanguage":"en-US","@id":"https:\/\/www.fcbarcelonanoticias.com\/en\/laliga\/valverde-leaves-clear-if-search-or-no-revancha-in-the-barca-at_285753_102.html#primaryimage","url":"https:\/\/www.fcbarcelonanoticias.com\/en\/wp-content\/uploads\/sites\/2\/2023\/03\/ernesto-valverde-athletic-bilbao.jpeg","contentUrl":"https:\/\/www.fcbarcelonanoticias.com\/en\/wp-content\/uploads\/sites\/2\/2023\/03\/ernesto-valverde-athletic-bilbao.jpeg","width":1300,"height":732},{"@type":"BreadcrumbList","@id":"https:\/\/www.fcbarcelonanoticias.com\/en\/laliga\/valverde-leaves-clear-if-search-or-no-revancha-in-the-barca-at_285753_102.html#breadcrumb","itemListElement":[{"@type":"ListItem","position":1,"name":"Portada","item":"https:\/\/www.fcbarcelonanoticias.com\/en\/"},{"@type":"ListItem","position":2,"name":"Valverde makes it clear whether or not he is looking for revenge at Bar\u00e7a-Athletic"}]},{"@type":"WebSite","@id":"https:\/\/www.fcbarcelonanoticias.com\/en\/#website","url":"https:\/\/www.fcbarcelonanoticias.com\/en\/","name":"EN - FC Barcelona Noticias","description":"","potentialAction":[{"@type":"SearchAction","target":{"@type":"EntryPoint","urlTemplate":"https:\/\/www.fcbarcelonanoticias.com\/en\/?s={search_term_string}"},"query-input":{"@type":"PropertyValueSpecification","valueRequired":true,"valueName":"search_term_string"}}],"inLanguage":"en-US"},{"@type":"Person","@id":"https:\/\/www.fcbarcelonanoticias.com\/en\/#\/schema\/person\/c2cd9f6fa1af5c0d0eccd0fefa575c88","name":"Andr\u00e9s Quiroz","image":{"@type":"ImageObject","inLanguage":"en-US","@id":"https:\/\/secure.gravatar.com\/avatar\/?s=96&d=mm&r=g","url":"https:\/\/secure.gravatar.com\/avatar\/?s=96&d=mm&r=g","contentUrl":"https:\/\/secure.gravatar.com\/avatar\/?s=96&d=mm&r=g","caption":"Andr\u00e9s Quiroz"},"description":"Licenciado en Periodismo por la Universidad de los Andes. Me encargo de analizar y compartir los contenidos m\u00e1s destacados de la\u00a0actualidad del F\u00fatbol Club Barcelona, Mercado de Fichajes y F\u00fatbol Internacional en FCBN. La informaci\u00f3n es poder, pero tambi\u00e9n conocimiento.","url":"https:\/\/www.fcbarcelonanoticias.com\/en\/fc-barcelona\/andres-quiroz_17_115.html"}]}},"_links":{"self":[{"href":"https:\/\/www.fcbarcelonanoticias.com\/en\/wp-json\/wp\/v2\/posts\/60307","targetHints":{"allow":["GET"]}}],"collection":[{"href":"https:\/\/www.fcbarcelonanoticias.com\/en\/wp-json\/wp\/v2\/posts"}],"about":[{"href":"https:\/\/www.fcbarcelonanoticias.com\/en\/wp-json\/wp\/v2\/types\/post"}],"author":[{"embeddable":true,"href":"https:\/\/www.fcbarcelonanoticias.com\/en\/wp-json\/wp\/v2\/users\/347"}],"replies":[{"embeddable":true,"href":"https:\/\/www.fcbarcelonanoticias.com\/en\/wp-json\/wp\/v2\/comments?post=60307"}],"version-history":[{"count":1,"href":"https:\/\/www.fcbarcelonanoticias.com\/en\/wp-json\/wp\/v2\/posts\/60307\/revisions"}],"predecessor-version":[{"id":116711,"href":"https:\/\/www.fcbarcelonanoticias.com\/en\/wp-json\/wp\/v2\/posts\/60307\/revisions\/116711"}],"wp:featuredmedia":[{"embeddable":true,"href":"https:\/\/www.fcbarcelonanoticias.com\/en\/wp-json\/wp\/v2\/media\/20122"}],"wp:attachment":[{"href":"https:\/\/www.fcbarcelonanoticias.com\/en\/wp-json\/wp\/v2\/media?parent=60307"}],"wp:term":[{"taxonomy":"category","embeddable":true,"href":"https:\/\/www.fcbarcelonanoticias.com\/en\/wp-json\/wp\/v2\/categories?post=60307"},{"taxonomy":"post_tag","embeddable":true,"href":"https:\/\/www.fcbarcelonanoticias.com\/en\/wp-json\/wp\/v2\/tags?post=60307"}],"curies":[{"name":"wp","href":"https:\/\/api.w.org\/{rel}","templated":true}]}}