{"id":60542,"date":"2023-09-02T18:48:00","date_gmt":"2023-09-02T16:48:00","guid":{"rendered":"https:\/\/weisetech.dev\/fc-barcelona-noticias\/en\/scandal-var-turns-a-blind-eye-offisde-joselu-in-madrid-getafe_295747_102\/"},"modified":"2023-09-02T18:48:00","modified_gmt":"2023-09-02T16:48:00","slug":"scandal-var-turns-a-blind-eye-offisde-joselu-in-madrid-getafe_295747_102","status":"publish","type":"post","link":"https:\/\/www.fcbarcelonanoticias.com\/en\/laliga\/scandal-var-turns-a-blind-eye-offisde-joselu-in-madrid-getafe_295747_102.html","title":{"rendered":"Scandal! The VAR turns a &#8216;blind eye&#8217; to Joselu&#8217;s offisde in Madrid-Getafe"},"content":{"rendered":"<h2 class=\"wp-block-heading\">Real Madrid beat Getafe with a goal from Jude Bellingham at 90+5&#8242;. Previously, Joselu had equalized for the whites at 47&#8242;, a goal that had to be canceled due to the &#8217;14&#8217; being clearly offside<\/h2>  \r\n<div class=\"article-addons\">\r\n    <a href=\"https:\/\/www.fcbarcelonanoticias.com\/en\/calendar-fc-barcelona.html\"\r\n       target=\"_self\"\r\n       title=\"Calendar of FC Barcelona\"\r\n       class=\"blue-gredient-btn\">\r\n       \r\n        Calendar of FC Barcelona    <\/a>\r\n<\/div>   <p>Fourth day of LaLiga and follow the referee&#8217;s controversies in favour of the Real Madrid. In front of the Getafe, the ones of Carlo Ancelotti obtained <a data-external=\"0\" data-intl-links-en=\"https:\/\/www.fcbarcelonanoticias.com\/en\/laliga\/jude-bellingham-rescues-in-extremis-real-madrid-getafe-2-1_295746_102.html\" data-intl-links-es=\"https:\/\/www.fcbarcelonanoticias.com\/laliga\/jude-bellingham-rescata-in-extremis-real-madrid-getafe-2-1_295746_102.html\" href=\"https:\/\/www.fcbarcelonanoticias.com\/en\/laliga\/jude-bellingham-rescues-in-extremis-real-madrid-getafe-2-1_295746_102.html\" rel=\"follow\" target=\"_self\" title=\"Jude Bellingham rescata 'in extremis' al Real Madrid ante el Getafe (2-1)\">a suffered victory (2-1)<\/a> marked by<strong> a so much offside of Joselu in the 47&#8242; where the VAR did the &#8216;dress fat&#8217;.<\/strong> Curiously, LaLiga reserved the image with the outline of lines that evidenciara the position of the forward &#8216;merengue&#8217;, since in all the repetitions the &#8217;14&#8217; luc\u00eda mildly advanced.<\/p>  <blockquote class=\"twitter-tweet\"> <p dir=\"ltr\" lang=\"es\">\ud83d\udde3\ufe0f Carlos Martinez: &#8220;The VAR confirms us that it gave goal of Joselu by that the hand of Djen\u00e9 enables to the forward&#8221;.<br><br> \ud83d\ude02 Have his own rules. <a href=\"https:\/\/t.co\/en\/lcjuXtdLTW\">pic.twitter.com\/lcjuxtdltw<\/a><\/p> \u2014 Som I Serem FCB\ud80c\udd6a (@Somhiseremfcb) <a href=\"https:\/\/twitter.com\/en\/Somhiseremfcb\/status\/1698002693438972022?ref_src=twsrc%5Etfw\">September 2, 2023<\/a> <\/blockquote> <p><strong>In principle, it interprets that Djen\u00e9 enabled to the ex player of the Espanyol<\/strong>, but in this case would be the heel or the hand of the defender togol\u00e9s what would enable to Joselu. The true is that any taking left clear the action and the so much was validated by the main Mario Melero L\u00f3pez after a pair of minutes of review. At the end, Jude Bellingham rescued to the &#8216;White House&#8217; in the 90+5&#8242;.<\/p>  <h2>The arbitration, the best &#8216;reinforcement&#8217; of the Madrid<\/h2>  <p>The Madrid made few movements in the market estival, but the ones of Ancelotti have not missed some signing in LaLiga more thanks to the arbitration. In front of the Getafe, <strong>Melero L\u00f3pez hit in rectifying a penalti distinguished on Bellingham in the first part<\/strong>. After reviewing the action in the monitor, the referee malague\u00f1o cancelled the collection, since the mediocentro English threw inside the area. This yes, the judge &#8216;happened&#8217; to show the yellow to Jude by simulation.<\/p>  <p>At the end, to the Madrid complicated him the party thanks to the big performance of David Soria in the arch &#8216;azul\u00f3n&#8217;, but <strong>Melero L\u00f3pez did not doubt in giving a hand to the venues. In spite of the scarce interruptions, the referee added nine minutes<\/strong>, sufficient time so that the &#8216;White House&#8217; consummated a traced back that it grasps them to the leadership with puntaje perfect in the first four days. To fault of signings, the referees do the difference for the &#8216;merengues&#8217;.<\/p>  <h2>Bellingham Follows of &#8216;sweet&#8217; in the start suspender belt<\/h2>  <p>In addition to the referee&#8217;s favours, the another good news for the Madrid is the big begin suspender belt of Jude Bellingham. <strong>The English &#8216;wetted&#8217; by fourth consecutive party, marking his fifth goal in the season to give him the three points to the ones of Ancelotti<\/strong>. In front of the Getafe had a discreet performance, but appeared in the just moment to send at the end of the network a rebound served by Soria in the only error of the goalkeeper visitor in Santiago Bernab\u00e9u.<\/p>  <blockquote class=\"twitter-tweet\"> <p dir=\"ltr\" lang=\"es\">Goal of Bellingham. It gives the same when you read this. <a href=\"https:\/\/twitter.com\/en\/hashtag\/LALIGAEASPORTS?src=hash&amp;ref_src=twsrc%5Etfw\">#LALIGAEASPORTS<\/a><a href=\"https:\/\/twitter.com\/en\/hashtag\/LaCasaDelF%C3%BAtbol?src=hash&amp;ref_src=twsrc%5Etfw\">#LaCasaDelF\u00fatbol<\/a> <a href=\"https:\/\/t.co\/en\/93n5Cfs5hV\">pic.twitter.com\/93n5cfs5hv<\/a><\/p> \u2014 Football in Movistar Plus+ (@MovistarFutbol) <a href=\"https:\/\/twitter.com\/en\/MovistarFutbol\/status\/1698011693052293514?ref_src=twsrc%5Etfw\">September 2, 2023<\/a> <\/blockquote> ","protected":false},"excerpt":{"rendered":"<p>Real Madrid beat Getafe with a goal from Jude Bellingham at 90+5&#8242;. Previously, Joselu had equalized for the whites at 47&#8242;, a goal that had to be canceled due to the &#8217;14&#8217; being clearly offside Fourth day of LaLiga and follow the referee&#8217;s controversies in favour of the Real Madrid. In front of the Getafe, [&hellip;]<\/p>\n","protected":false},"author":347,"featured_media":60548,"comment_status":"closed","ping_status":"open","sticky":false,"template":"","format":"standard","meta":{"_acf_changed":false,"inline_featured_image":false,"_nextfly_llmd_date_locked":false,"footnotes":""},"categories":[114,448],"tags":[96,190],"class_list":["post-60542","post","type-post","status-publish","format-standard","has-post-thumbnail","hentry","category-laliga","category-laliga-2","tag-getafe-cf","tag-referees"],"acf":[],"yoast_head":"<!-- This site is optimized with the Yoast SEO plugin v27.3 - https:\/\/yoast.com\/product\/yoast-seo-wordpress\/ -->\n<title>Scandal! The VAR turns a &#039;blind eye&#039; to Joselu&#039;s offisde in Madrid-Getafe<\/title>\n<meta name=\"description\" content=\"Real Madrid beat Getafe with a goal from Jude Bellingham at 90+5&#039;. Previously, Joselu had equalized for the whites at 47&#039;, a goal that had to be canceled due to the &#039;14&#039; being clearly offside\" \/>\n<meta name=\"robots\" content=\"index, follow, max-snippet:-1, max-image-preview:large, max-video-preview:-1\" \/>\n<link rel=\"canonical\" href=\"https:\/\/www.fcbarcelonanoticias.com\/en\/laliga\/scandal-var-turns-a-blind-eye-offisde-joselu-in-madrid-getafe_295747_102.html\" \/>\n<meta property=\"og:locale\" content=\"en_US\" \/>\n<meta property=\"og:type\" content=\"article\" \/>\n<meta property=\"og:title\" content=\"Scandal! The VAR turns a &#039;blind eye&#039; to Joselu&#039;s offisde in Madrid-Getafe\" \/>\n<meta property=\"og:description\" content=\"Real Madrid beat Getafe with a goal from Jude Bellingham at 90+5&#039;. Previously, Joselu had equalized for the whites at 47&#039;, a goal that had to be canceled due to the &#039;14&#039; being clearly offside\" \/>\n<meta property=\"og:url\" content=\"https:\/\/www.fcbarcelonanoticias.com\/en\/laliga\/scandal-var-turns-a-blind-eye-offisde-joselu-in-madrid-getafe_295747_102.html\" \/>\n<meta property=\"og:site_name\" content=\"EN - FC Barcelona Noticias\" \/>\n<meta property=\"article:published_time\" content=\"2023-09-02T16:48:00+00:00\" \/>\n<meta property=\"og:image\" content=\"https:\/\/www.fcbarcelonanoticias.com\/en\/wp-content\/uploads\/sites\/2\/2023\/09\/joselu-v-getafe.jpeg\" \/>\n\t<meta property=\"og:image:width\" content=\"1300\" \/>\n\t<meta property=\"og:image:height\" content=\"732\" \/>\n\t<meta property=\"og:image:type\" content=\"image\/jpeg\" \/>\n<meta name=\"author\" content=\"Andr\u00e9s Quiroz\" \/>\n<meta name=\"twitter:card\" content=\"summary_large_image\" \/>\n<meta name=\"twitter:label1\" content=\"Written by\" \/>\n\t<meta name=\"twitter:data1\" content=\"Andr\u00e9s Quiroz\" \/>\n\t<meta name=\"twitter:label2\" content=\"Est. reading time\" \/>\n\t<meta name=\"twitter:data2\" content=\"3 minutes\" \/>\n<script type=\"application\/ld+json\" class=\"yoast-schema-graph\">{\"@context\":\"https:\\\/\\\/schema.org\",\"@graph\":[{\"@type\":\"Article\",\"@id\":\"https:\\\/\\\/www.fcbarcelonanoticias.com\\\/en\\\/laliga\\\/scandal-var-turns-a-blind-eye-offisde-joselu-in-madrid-getafe_295747_102.html#article\",\"isPartOf\":{\"@id\":\"https:\\\/\\\/www.fcbarcelonanoticias.com\\\/en\\\/laliga\\\/scandal-var-turns-a-blind-eye-offisde-joselu-in-madrid-getafe_295747_102.html\"},\"author\":{\"name\":\"Andr\u00e9s Quiroz\",\"@id\":\"https:\\\/\\\/www.fcbarcelonanoticias.com\\\/en\\\/#\\\/schema\\\/person\\\/c2cd9f6fa1af5c0d0eccd0fefa575c88\"},\"headline\":\"Scandal! The VAR turns a &#8216;blind eye&#8217; to Joselu&#8217;s offisde in Madrid-Getafe\",\"datePublished\":\"2023-09-02T16:48:00+00:00\",\"mainEntityOfPage\":{\"@id\":\"https:\\\/\\\/www.fcbarcelonanoticias.com\\\/en\\\/laliga\\\/scandal-var-turns-a-blind-eye-offisde-joselu-in-madrid-getafe_295747_102.html\"},\"wordCount\":532,\"image\":{\"@id\":\"https:\\\/\\\/www.fcbarcelonanoticias.com\\\/en\\\/laliga\\\/scandal-var-turns-a-blind-eye-offisde-joselu-in-madrid-getafe_295747_102.html#primaryimage\"},\"thumbnailUrl\":\"https:\\\/\\\/www.fcbarcelonanoticias.com\\\/en\\\/wp-content\\\/uploads\\\/sites\\\/2\\\/2023\\\/09\\\/joselu-v-getafe.jpeg\",\"keywords\":[\"Getafe CF\",\"Referees\"],\"articleSection\":[\"LaLiga\",\"LaLiga\"],\"inLanguage\":\"en-US\"},{\"@type\":\"WebPage\",\"@id\":\"https:\\\/\\\/www.fcbarcelonanoticias.com\\\/en\\\/laliga\\\/scandal-var-turns-a-blind-eye-offisde-joselu-in-madrid-getafe_295747_102.html\",\"url\":\"https:\\\/\\\/www.fcbarcelonanoticias.com\\\/en\\\/laliga\\\/scandal-var-turns-a-blind-eye-offisde-joselu-in-madrid-getafe_295747_102.html\",\"name\":\"Scandal! The VAR turns a 'blind eye' to Joselu's offisde in Madrid-Getafe\",\"isPartOf\":{\"@id\":\"https:\\\/\\\/www.fcbarcelonanoticias.com\\\/en\\\/#website\"},\"primaryImageOfPage\":{\"@id\":\"https:\\\/\\\/www.fcbarcelonanoticias.com\\\/en\\\/laliga\\\/scandal-var-turns-a-blind-eye-offisde-joselu-in-madrid-getafe_295747_102.html#primaryimage\"},\"image\":{\"@id\":\"https:\\\/\\\/www.fcbarcelonanoticias.com\\\/en\\\/laliga\\\/scandal-var-turns-a-blind-eye-offisde-joselu-in-madrid-getafe_295747_102.html#primaryimage\"},\"thumbnailUrl\":\"https:\\\/\\\/www.fcbarcelonanoticias.com\\\/en\\\/wp-content\\\/uploads\\\/sites\\\/2\\\/2023\\\/09\\\/joselu-v-getafe.jpeg\",\"datePublished\":\"2023-09-02T16:48:00+00:00\",\"author\":{\"@id\":\"https:\\\/\\\/www.fcbarcelonanoticias.com\\\/en\\\/#\\\/schema\\\/person\\\/c2cd9f6fa1af5c0d0eccd0fefa575c88\"},\"description\":\"Real Madrid beat Getafe with a goal from Jude Bellingham at 90+5'. Previously, Joselu had equalized for the whites at 47', a goal that had to be canceled due to the '14' being clearly offside\",\"breadcrumb\":{\"@id\":\"https:\\\/\\\/www.fcbarcelonanoticias.com\\\/en\\\/laliga\\\/scandal-var-turns-a-blind-eye-offisde-joselu-in-madrid-getafe_295747_102.html#breadcrumb\"},\"inLanguage\":\"en-US\",\"potentialAction\":[{\"@type\":\"ReadAction\",\"target\":[\"https:\\\/\\\/www.fcbarcelonanoticias.com\\\/en\\\/laliga\\\/scandal-var-turns-a-blind-eye-offisde-joselu-in-madrid-getafe_295747_102.html\"]}]},{\"@type\":\"ImageObject\",\"inLanguage\":\"en-US\",\"@id\":\"https:\\\/\\\/www.fcbarcelonanoticias.com\\\/en\\\/laliga\\\/scandal-var-turns-a-blind-eye-offisde-joselu-in-madrid-getafe_295747_102.html#primaryimage\",\"url\":\"https:\\\/\\\/www.fcbarcelonanoticias.com\\\/en\\\/wp-content\\\/uploads\\\/sites\\\/2\\\/2023\\\/09\\\/joselu-v-getafe.jpeg\",\"contentUrl\":\"https:\\\/\\\/www.fcbarcelonanoticias.com\\\/en\\\/wp-content\\\/uploads\\\/sites\\\/2\\\/2023\\\/09\\\/joselu-v-getafe.jpeg\",\"width\":1300,\"height\":732},{\"@type\":\"BreadcrumbList\",\"@id\":\"https:\\\/\\\/www.fcbarcelonanoticias.com\\\/en\\\/laliga\\\/scandal-var-turns-a-blind-eye-offisde-joselu-in-madrid-getafe_295747_102.html#breadcrumb\",\"itemListElement\":[{\"@type\":\"ListItem\",\"position\":1,\"name\":\"Portada\",\"item\":\"https:\\\/\\\/www.fcbarcelonanoticias.com\\\/en\\\/\"},{\"@type\":\"ListItem\",\"position\":2,\"name\":\"Scandal! The VAR turns a &#8216;blind eye&#8217; to Joselu&#8217;s offisde in Madrid-Getafe\"}]},{\"@type\":\"WebSite\",\"@id\":\"https:\\\/\\\/www.fcbarcelonanoticias.com\\\/en\\\/#website\",\"url\":\"https:\\\/\\\/www.fcbarcelonanoticias.com\\\/en\\\/\",\"name\":\"EN - FC Barcelona Noticias\",\"description\":\"\",\"potentialAction\":[{\"@type\":\"SearchAction\",\"target\":{\"@type\":\"EntryPoint\",\"urlTemplate\":\"https:\\\/\\\/www.fcbarcelonanoticias.com\\\/en\\\/?s={search_term_string}\"},\"query-input\":{\"@type\":\"PropertyValueSpecification\",\"valueRequired\":true,\"valueName\":\"search_term_string\"}}],\"inLanguage\":\"en-US\"},{\"@type\":\"Person\",\"@id\":\"https:\\\/\\\/www.fcbarcelonanoticias.com\\\/en\\\/#\\\/schema\\\/person\\\/c2cd9f6fa1af5c0d0eccd0fefa575c88\",\"name\":\"Andr\u00e9s Quiroz\",\"image\":{\"@type\":\"ImageObject\",\"inLanguage\":\"en-US\",\"@id\":\"https:\\\/\\\/secure.gravatar.com\\\/avatar\\\/?s=96&d=mm&r=g\",\"url\":\"https:\\\/\\\/secure.gravatar.com\\\/avatar\\\/?s=96&d=mm&r=g\",\"contentUrl\":\"https:\\\/\\\/secure.gravatar.com\\\/avatar\\\/?s=96&d=mm&r=g\",\"caption\":\"Andr\u00e9s Quiroz\"},\"description\":\"Licenciado en Periodismo por la Universidad de los Andes. Me encargo de analizar y compartir los contenidos m\u00e1s destacados de la\u00a0actualidad del F\u00fatbol Club Barcelona, Mercado de Fichajes y F\u00fatbol Internacional en FCBN. La informaci\u00f3n es poder, pero tambi\u00e9n conocimiento.\",\"url\":\"https:\\\/\\\/www.fcbarcelonanoticias.com\\\/en\\\/fc-barcelona\\\/andres-quiroz_17_115.html\"}]}<\/script>\n<!-- \/ Yoast SEO plugin. -->","yoast_head_json":{"title":"Scandal! The VAR turns a 'blind eye' to Joselu's offisde in Madrid-Getafe","description":"Real Madrid beat Getafe with a goal from Jude Bellingham at 90+5'. Previously, Joselu had equalized for the whites at 47', a goal that had to be canceled due to the '14' being clearly offside","robots":{"index":"index","follow":"follow","max-snippet":"max-snippet:-1","max-image-preview":"max-image-preview:large","max-video-preview":"max-video-preview:-1"},"canonical":"https:\/\/www.fcbarcelonanoticias.com\/en\/laliga\/scandal-var-turns-a-blind-eye-offisde-joselu-in-madrid-getafe_295747_102.html","og_locale":"en_US","og_type":"article","og_title":"Scandal! The VAR turns a 'blind eye' to Joselu's offisde in Madrid-Getafe","og_description":"Real Madrid beat Getafe with a goal from Jude Bellingham at 90+5'. Previously, Joselu had equalized for the whites at 47', a goal that had to be canceled due to the '14' being clearly offside","og_url":"https:\/\/www.fcbarcelonanoticias.com\/en\/laliga\/scandal-var-turns-a-blind-eye-offisde-joselu-in-madrid-getafe_295747_102.html","og_site_name":"EN - FC Barcelona Noticias","article_published_time":"2023-09-02T16:48:00+00:00","og_image":[{"width":1300,"height":732,"url":"https:\/\/www.fcbarcelonanoticias.com\/en\/wp-content\/uploads\/sites\/2\/2023\/09\/joselu-v-getafe.jpeg","type":"image\/jpeg"}],"author":"Andr\u00e9s Quiroz","twitter_card":"summary_large_image","twitter_misc":{"Written by":"Andr\u00e9s Quiroz","Est. reading time":"3 minutes"},"schema":{"@context":"https:\/\/schema.org","@graph":[{"@type":"Article","@id":"https:\/\/www.fcbarcelonanoticias.com\/en\/laliga\/scandal-var-turns-a-blind-eye-offisde-joselu-in-madrid-getafe_295747_102.html#article","isPartOf":{"@id":"https:\/\/www.fcbarcelonanoticias.com\/en\/laliga\/scandal-var-turns-a-blind-eye-offisde-joselu-in-madrid-getafe_295747_102.html"},"author":{"name":"Andr\u00e9s Quiroz","@id":"https:\/\/www.fcbarcelonanoticias.com\/en\/#\/schema\/person\/c2cd9f6fa1af5c0d0eccd0fefa575c88"},"headline":"Scandal! The VAR turns a &#8216;blind eye&#8217; to Joselu&#8217;s offisde in Madrid-Getafe","datePublished":"2023-09-02T16:48:00+00:00","mainEntityOfPage":{"@id":"https:\/\/www.fcbarcelonanoticias.com\/en\/laliga\/scandal-var-turns-a-blind-eye-offisde-joselu-in-madrid-getafe_295747_102.html"},"wordCount":532,"image":{"@id":"https:\/\/www.fcbarcelonanoticias.com\/en\/laliga\/scandal-var-turns-a-blind-eye-offisde-joselu-in-madrid-getafe_295747_102.html#primaryimage"},"thumbnailUrl":"https:\/\/www.fcbarcelonanoticias.com\/en\/wp-content\/uploads\/sites\/2\/2023\/09\/joselu-v-getafe.jpeg","keywords":["Getafe CF","Referees"],"articleSection":["LaLiga","LaLiga"],"inLanguage":"en-US"},{"@type":"WebPage","@id":"https:\/\/www.fcbarcelonanoticias.com\/en\/laliga\/scandal-var-turns-a-blind-eye-offisde-joselu-in-madrid-getafe_295747_102.html","url":"https:\/\/www.fcbarcelonanoticias.com\/en\/laliga\/scandal-var-turns-a-blind-eye-offisde-joselu-in-madrid-getafe_295747_102.html","name":"Scandal! The VAR turns a 'blind eye' to Joselu's offisde in Madrid-Getafe","isPartOf":{"@id":"https:\/\/www.fcbarcelonanoticias.com\/en\/#website"},"primaryImageOfPage":{"@id":"https:\/\/www.fcbarcelonanoticias.com\/en\/laliga\/scandal-var-turns-a-blind-eye-offisde-joselu-in-madrid-getafe_295747_102.html#primaryimage"},"image":{"@id":"https:\/\/www.fcbarcelonanoticias.com\/en\/laliga\/scandal-var-turns-a-blind-eye-offisde-joselu-in-madrid-getafe_295747_102.html#primaryimage"},"thumbnailUrl":"https:\/\/www.fcbarcelonanoticias.com\/en\/wp-content\/uploads\/sites\/2\/2023\/09\/joselu-v-getafe.jpeg","datePublished":"2023-09-02T16:48:00+00:00","author":{"@id":"https:\/\/www.fcbarcelonanoticias.com\/en\/#\/schema\/person\/c2cd9f6fa1af5c0d0eccd0fefa575c88"},"description":"Real Madrid beat Getafe with a goal from Jude Bellingham at 90+5'. Previously, Joselu had equalized for the whites at 47', a goal that had to be canceled due to the '14' being clearly offside","breadcrumb":{"@id":"https:\/\/www.fcbarcelonanoticias.com\/en\/laliga\/scandal-var-turns-a-blind-eye-offisde-joselu-in-madrid-getafe_295747_102.html#breadcrumb"},"inLanguage":"en-US","potentialAction":[{"@type":"ReadAction","target":["https:\/\/www.fcbarcelonanoticias.com\/en\/laliga\/scandal-var-turns-a-blind-eye-offisde-joselu-in-madrid-getafe_295747_102.html"]}]},{"@type":"ImageObject","inLanguage":"en-US","@id":"https:\/\/www.fcbarcelonanoticias.com\/en\/laliga\/scandal-var-turns-a-blind-eye-offisde-joselu-in-madrid-getafe_295747_102.html#primaryimage","url":"https:\/\/www.fcbarcelonanoticias.com\/en\/wp-content\/uploads\/sites\/2\/2023\/09\/joselu-v-getafe.jpeg","contentUrl":"https:\/\/www.fcbarcelonanoticias.com\/en\/wp-content\/uploads\/sites\/2\/2023\/09\/joselu-v-getafe.jpeg","width":1300,"height":732},{"@type":"BreadcrumbList","@id":"https:\/\/www.fcbarcelonanoticias.com\/en\/laliga\/scandal-var-turns-a-blind-eye-offisde-joselu-in-madrid-getafe_295747_102.html#breadcrumb","itemListElement":[{"@type":"ListItem","position":1,"name":"Portada","item":"https:\/\/www.fcbarcelonanoticias.com\/en\/"},{"@type":"ListItem","position":2,"name":"Scandal! The VAR turns a &#8216;blind eye&#8217; to Joselu&#8217;s offisde in Madrid-Getafe"}]},{"@type":"WebSite","@id":"https:\/\/www.fcbarcelonanoticias.com\/en\/#website","url":"https:\/\/www.fcbarcelonanoticias.com\/en\/","name":"EN - FC Barcelona Noticias","description":"","potentialAction":[{"@type":"SearchAction","target":{"@type":"EntryPoint","urlTemplate":"https:\/\/www.fcbarcelonanoticias.com\/en\/?s={search_term_string}"},"query-input":{"@type":"PropertyValueSpecification","valueRequired":true,"valueName":"search_term_string"}}],"inLanguage":"en-US"},{"@type":"Person","@id":"https:\/\/www.fcbarcelonanoticias.com\/en\/#\/schema\/person\/c2cd9f6fa1af5c0d0eccd0fefa575c88","name":"Andr\u00e9s Quiroz","image":{"@type":"ImageObject","inLanguage":"en-US","@id":"https:\/\/secure.gravatar.com\/avatar\/?s=96&d=mm&r=g","url":"https:\/\/secure.gravatar.com\/avatar\/?s=96&d=mm&r=g","contentUrl":"https:\/\/secure.gravatar.com\/avatar\/?s=96&d=mm&r=g","caption":"Andr\u00e9s Quiroz"},"description":"Licenciado en Periodismo por la Universidad de los Andes. Me encargo de analizar y compartir los contenidos m\u00e1s destacados de la\u00a0actualidad del F\u00fatbol Club Barcelona, Mercado de Fichajes y F\u00fatbol Internacional en FCBN. La informaci\u00f3n es poder, pero tambi\u00e9n conocimiento.","url":"https:\/\/www.fcbarcelonanoticias.com\/en\/fc-barcelona\/andres-quiroz_17_115.html"}]}},"_links":{"self":[{"href":"https:\/\/www.fcbarcelonanoticias.com\/en\/wp-json\/wp\/v2\/posts\/60542","targetHints":{"allow":["GET"]}}],"collection":[{"href":"https:\/\/www.fcbarcelonanoticias.com\/en\/wp-json\/wp\/v2\/posts"}],"about":[{"href":"https:\/\/www.fcbarcelonanoticias.com\/en\/wp-json\/wp\/v2\/types\/post"}],"author":[{"embeddable":true,"href":"https:\/\/www.fcbarcelonanoticias.com\/en\/wp-json\/wp\/v2\/users\/347"}],"replies":[{"embeddable":true,"href":"https:\/\/www.fcbarcelonanoticias.com\/en\/wp-json\/wp\/v2\/comments?post=60542"}],"version-history":[{"count":1,"href":"https:\/\/www.fcbarcelonanoticias.com\/en\/wp-json\/wp\/v2\/posts\/60542\/revisions"}],"predecessor-version":[{"id":60544,"href":"https:\/\/www.fcbarcelonanoticias.com\/en\/wp-json\/wp\/v2\/posts\/60542\/revisions\/60544"}],"wp:featuredmedia":[{"embeddable":true,"href":"https:\/\/www.fcbarcelonanoticias.com\/en\/wp-json\/wp\/v2\/media\/60548"}],"wp:attachment":[{"href":"https:\/\/www.fcbarcelonanoticias.com\/en\/wp-json\/wp\/v2\/media?parent=60542"}],"wp:term":[{"taxonomy":"category","embeddable":true,"href":"https:\/\/www.fcbarcelonanoticias.com\/en\/wp-json\/wp\/v2\/categories?post=60542"},{"taxonomy":"post_tag","embeddable":true,"href":"https:\/\/www.fcbarcelonanoticias.com\/en\/wp-json\/wp\/v2\/tags?post=60542"}],"curies":[{"name":"wp","href":"https:\/\/api.w.org\/{rel}","templated":true}]}}