{"id":60783,"date":"2023-06-28T14:23:00","date_gmt":"2023-06-28T12:23:00","guid":{"rendered":"https:\/\/weisetech.dev\/fc-barcelona-noticias\/en\/barca-priority-fresneda-in-case-failure-signing-brozovic_293601_102\/"},"modified":"2023-06-28T19:18:00","modified_gmt":"2023-06-28T17:18:00","slug":"barca-priority-fresneda-in-case-failure-signing-brozovic_293601_102","status":"publish","type":"post","link":"https:\/\/www.fcbarcelonanoticias.com\/en\/transfers\/barca-priority-fresneda-in-case-failure-signing-brozovic_293601_102.html","title":{"rendered":"Bar\u00e7a would prioritize Fresneda in case the signing of Brozovic fails"},"content":{"rendered":"<h2 class=\"wp-block-heading\">Bar\u00e7a is evaluating the market and understands that the right-back is a priority in case the signing of Marcelo Brozovic fails. There are several footballers in the squad who can work as a pivot, while there are none solid on the wing<\/h2>  \r\n<div class=\"article-addons\">\r\n    <a href=\"https:\/\/www.fcbarcelonanoticias.com\/en\/calendar-fc-barcelona.html\"\r\n       target=\"_self\"\r\n       title=\"Calendar of FC Barcelona\"\r\n       class=\"blue-gredient-btn\">\r\n       \r\n        Calendar of FC Barcelona    <\/a>\r\n<\/div>   <p>The FC Barcelona follows working in the planning of his staff of face to the next season <strong>with the requirement to reinforce during the market.<\/strong> Nowadays it is Marcelo Brozovic the one who keeps like candidate number one for the defensive pivote and <a data-external=\"0\" data-intl-links-en=\"https:\/\/www.fcbarcelonanoticias.com\/en\/transfers\/brozovic-rejects-offer-to-nassr-gives-hope-fc-barcelona_293567_102.html\" data-intl-links-es=\"https:\/\/www.fcbarcelonanoticias.com\/fichajes\/brozovic-rechaza-oferta-al-nassr-da-esperanzas-fc-barcelona_293567_102.html\" href=\"https:\/\/www.fcbarcelonanoticias.com\/en\/transfers\/brozovic-rejects-offer-to-nassr-gives-hope-fc-barcelona_293567_102.html\" rel=\"follow\" target=\"_self\" title=\"Brozovic rechaza la oferta del Al-Nassr y da esperanzas al Bar\u00e7a\">his &#8216;plant&#8217; to the offer of the To the-Nassr<\/a> has given hopes to the club to go in of full in his incorporation.<\/p>  <p>However,<strong> in the dispatches <a data-external=\"0\" data-intl-links-en=\"https:\/\/www.fcbarcelonanoticias.com\/en\/transfers\/his-exit-barcelona-lenglet-would-not-serious-priority-tottenham-cool_293598_102.html\" data-intl-links-es=\"https:\/\/www.fcbarcelonanoticias.com\/fichajes\/se-enfria-su-salida-barcelona-lenglet-no-seria-prioridad-tottenham_293598_102.html\" href=\"https:\/\/www.fcbarcelonanoticias.com\/en\/transfers\/his-exit-barcelona-lenglet-would-not-serious-priority-tottenham-cool_293598_102.html\" rel=\"follow\" target=\"_self\" title=\"\u00a1Se 'enfr\u00eda' su salida del Bar\u00e7a! Lenglet no ser\u00eda una prioridad para el Tottenham\">need to go out of footballers<\/a> to generate income that facilitate the operation<\/strong> and still there would be at all concretise on the table.<strong> In the dispatches do not want to do economic madnesses<\/strong> by the Croat because they understand that<strong> the aims that more liked to the technician are descartados<\/strong> and, in case that his traspaso did not arrive to good port, <strong>the priority would happen to the right side.<\/strong><\/p>  <h2><strong>The Bar\u00e7a will go to by Fresneda if it does not arrive Brozovic<\/strong><\/h2>  <p>The sportive direction considers that<strong> there are footballers in the staff that can cover the mediocentro.<\/strong> So much Frenkie of Jong like Ilkay G\u00fcndogan and Franck Kessi\u00e9 can work in this sector, whereas Eric Garc\u00eda and Andreas Christensen can act like jokers whenever the trainer consider it adapted. <strong>Opposite case to the right band, where does not exist a natural profile<\/strong> and has been Jules Kound\u00e9 the one who has worked as &#8216;covered&#8217; along the past course.<\/p>  <p><strong>It is thus that Iv\u00e1n Fresneda would become a clear aim like effective by the right-handed lane<\/strong> and, in fact, the Bar\u00e7a already has had contacts with his representative, Fali Ramadani, the same of Marcos Alonso and Miralem Pjanic. <strong>The descent of the Real Valladolid has reduced his clause of rescission to 20 million euros<\/strong> and has turned into a &#8216;target&#8217; striking for several clubs of Europe.<\/p>  <h2>Fresneda Likes to Xavi<\/h2>  <p>The Borussia Dortmund wants him but <strong>Fresneda does not see with bad eyes recalar in Barcelona<\/strong> and keeps to the expectation. The cul\u00e9s will do an economic effort by him because they understand that <strong>it treats of a bet on a long-term basis that has left very good feelings in League<\/strong> and that has the polivalencia and versatility that looks for Xavi in a side.<\/p>  <p><strong>To his 18 years, his main fortress is his technician<\/strong> to exert with soltura like defender and also in positions more advanced. Besides,<strong> it is a committed player and worker,<\/strong> that adapts well to the tactical requirements, with a big capacity to recover balloons<strong> and a speed stood out that it can complement the advanced offensive<\/strong> of the extremes.<\/p> ","protected":false},"excerpt":{"rendered":"<p>Bar\u00e7a is evaluating the market and understands that the right-back is a priority in case the signing of Marcelo Brozovic fails. There are several footballers in the squad who can work as a pivot, while there are none solid on the wing The FC Barcelona follows working in the planning of his staff of face [&hellip;]<\/p>\n","protected":false},"author":0,"featured_media":60789,"comment_status":"closed","ping_status":"open","sticky":false,"template":"","format":"standard","meta":{"_acf_changed":false,"inline_featured_image":false,"_nextfly_llmd_date_locked":false,"footnotes":""},"categories":[449,106],"tags":[86],"class_list":["post-60783","post","type-post","status-publish","format-standard","has-post-thumbnail","hentry","category-transfers-2","category-transfers","tag-valladolid"],"acf":[],"yoast_head":"<!-- This site is optimized with the Yoast SEO plugin v27.3 - https:\/\/yoast.com\/product\/yoast-seo-wordpress\/ -->\n<title>Bar\u00e7a would prioritize Fresneda in case the signing of Brozovic fails<\/title>\n<meta name=\"description\" content=\"Bar\u00e7a is evaluating the market and understands that the right-back is a priority in case the signing of Marcelo Brozovic fails. There are several footballers in the squad who can work as a pivot, while there are none solid on the wing\" \/>\n<meta name=\"robots\" content=\"index, follow, max-snippet:-1, max-image-preview:large, max-video-preview:-1\" \/>\n<link rel=\"canonical\" href=\"https:\/\/www.fcbarcelonanoticias.com\/en\/transfers\/barca-priority-fresneda-in-case-failure-signing-brozovic_293601_102.html\" \/>\n<meta property=\"og:locale\" content=\"en_US\" \/>\n<meta property=\"og:type\" content=\"article\" \/>\n<meta property=\"og:title\" content=\"Bar\u00e7a would prioritize Fresneda in case the signing of Brozovic fails\" \/>\n<meta property=\"og:description\" content=\"Bar\u00e7a is evaluating the market and understands that the right-back is a priority in case the signing of Marcelo Brozovic fails. There are several footballers in the squad who can work as a pivot, while there are none solid on the wing\" \/>\n<meta property=\"og:url\" content=\"https:\/\/www.fcbarcelonanoticias.com\/en\/transfers\/barca-priority-fresneda-in-case-failure-signing-brozovic_293601_102.html\" \/>\n<meta property=\"og:site_name\" content=\"EN - FC Barcelona Noticias\" \/>\n<meta property=\"article:published_time\" content=\"2023-06-28T12:23:00+00:00\" \/>\n<meta property=\"article:modified_time\" content=\"2023-06-28T17:18:00+00:00\" \/>\n<meta property=\"og:image\" content=\"https:\/\/www.fcbarcelonanoticias.com\/en\/wp-content\/uploads\/sites\/2\/2023\/06\/ivan-fresneda-pablotorre.jpeg\" \/>\n\t<meta property=\"og:image:width\" content=\"1300\" \/>\n\t<meta property=\"og:image:height\" content=\"737\" \/>\n\t<meta property=\"og:image:type\" content=\"image\/jpeg\" \/>\n<meta name=\"twitter:card\" content=\"summary_large_image\" \/>\n<meta name=\"twitter:label1\" content=\"Est. reading time\" \/>\n\t<meta name=\"twitter:data1\" content=\"2 minutes\" \/>\n<script type=\"application\/ld+json\" class=\"yoast-schema-graph\">{\"@context\":\"https:\\\/\\\/schema.org\",\"@graph\":[{\"@type\":\"Article\",\"@id\":\"https:\\\/\\\/www.fcbarcelonanoticias.com\\\/en\\\/transfers\\\/barca-priority-fresneda-in-case-failure-signing-brozovic_293601_102.html#article\",\"isPartOf\":{\"@id\":\"https:\\\/\\\/www.fcbarcelonanoticias.com\\\/en\\\/transfers\\\/barca-priority-fresneda-in-case-failure-signing-brozovic_293601_102.html\"},\"author\":{\"name\":\"\",\"@id\":\"\"},\"headline\":\"Bar\u00e7a would prioritize Fresneda in case the signing of Brozovic fails\",\"datePublished\":\"2023-06-28T12:23:00+00:00\",\"dateModified\":\"2023-06-28T17:18:00+00:00\",\"mainEntityOfPage\":{\"@id\":\"https:\\\/\\\/www.fcbarcelonanoticias.com\\\/en\\\/transfers\\\/barca-priority-fresneda-in-case-failure-signing-brozovic_293601_102.html\"},\"wordCount\":485,\"image\":{\"@id\":\"https:\\\/\\\/www.fcbarcelonanoticias.com\\\/en\\\/transfers\\\/barca-priority-fresneda-in-case-failure-signing-brozovic_293601_102.html#primaryimage\"},\"thumbnailUrl\":\"https:\\\/\\\/www.fcbarcelonanoticias.com\\\/en\\\/wp-content\\\/uploads\\\/sites\\\/2\\\/2023\\\/06\\\/ivan-fresneda-pablotorre.jpeg\",\"keywords\":[\"Valladolid\"],\"articleSection\":[\"Transfers\",\"Transfers\"],\"inLanguage\":\"en-US\"},{\"@type\":\"WebPage\",\"@id\":\"https:\\\/\\\/www.fcbarcelonanoticias.com\\\/en\\\/transfers\\\/barca-priority-fresneda-in-case-failure-signing-brozovic_293601_102.html\",\"url\":\"https:\\\/\\\/www.fcbarcelonanoticias.com\\\/en\\\/transfers\\\/barca-priority-fresneda-in-case-failure-signing-brozovic_293601_102.html\",\"name\":\"Bar\u00e7a would prioritize Fresneda in case the signing of Brozovic fails\",\"isPartOf\":{\"@id\":\"https:\\\/\\\/www.fcbarcelonanoticias.com\\\/en\\\/#website\"},\"primaryImageOfPage\":{\"@id\":\"https:\\\/\\\/www.fcbarcelonanoticias.com\\\/en\\\/transfers\\\/barca-priority-fresneda-in-case-failure-signing-brozovic_293601_102.html#primaryimage\"},\"image\":{\"@id\":\"https:\\\/\\\/www.fcbarcelonanoticias.com\\\/en\\\/transfers\\\/barca-priority-fresneda-in-case-failure-signing-brozovic_293601_102.html#primaryimage\"},\"thumbnailUrl\":\"https:\\\/\\\/www.fcbarcelonanoticias.com\\\/en\\\/wp-content\\\/uploads\\\/sites\\\/2\\\/2023\\\/06\\\/ivan-fresneda-pablotorre.jpeg\",\"datePublished\":\"2023-06-28T12:23:00+00:00\",\"dateModified\":\"2023-06-28T17:18:00+00:00\",\"author\":{\"@id\":\"\"},\"description\":\"Bar\u00e7a is evaluating the market and understands that the right-back is a priority in case the signing of Marcelo Brozovic fails. There are several footballers in the squad who can work as a pivot, while there are none solid on the wing\",\"breadcrumb\":{\"@id\":\"https:\\\/\\\/www.fcbarcelonanoticias.com\\\/en\\\/transfers\\\/barca-priority-fresneda-in-case-failure-signing-brozovic_293601_102.html#breadcrumb\"},\"inLanguage\":\"en-US\",\"potentialAction\":[{\"@type\":\"ReadAction\",\"target\":[\"https:\\\/\\\/www.fcbarcelonanoticias.com\\\/en\\\/transfers\\\/barca-priority-fresneda-in-case-failure-signing-brozovic_293601_102.html\"]}]},{\"@type\":\"ImageObject\",\"inLanguage\":\"en-US\",\"@id\":\"https:\\\/\\\/www.fcbarcelonanoticias.com\\\/en\\\/transfers\\\/barca-priority-fresneda-in-case-failure-signing-brozovic_293601_102.html#primaryimage\",\"url\":\"https:\\\/\\\/www.fcbarcelonanoticias.com\\\/en\\\/wp-content\\\/uploads\\\/sites\\\/2\\\/2023\\\/06\\\/ivan-fresneda-pablotorre.jpeg\",\"contentUrl\":\"https:\\\/\\\/www.fcbarcelonanoticias.com\\\/en\\\/wp-content\\\/uploads\\\/sites\\\/2\\\/2023\\\/06\\\/ivan-fresneda-pablotorre.jpeg\",\"width\":1300,\"height\":737},{\"@type\":\"BreadcrumbList\",\"@id\":\"https:\\\/\\\/www.fcbarcelonanoticias.com\\\/en\\\/transfers\\\/barca-priority-fresneda-in-case-failure-signing-brozovic_293601_102.html#breadcrumb\",\"itemListElement\":[{\"@type\":\"ListItem\",\"position\":1,\"name\":\"Portada\",\"item\":\"https:\\\/\\\/www.fcbarcelonanoticias.com\\\/en\\\/\"},{\"@type\":\"ListItem\",\"position\":2,\"name\":\"Bar\u00e7a would prioritize Fresneda in case the signing of Brozovic fails\"}]},{\"@type\":\"WebSite\",\"@id\":\"https:\\\/\\\/www.fcbarcelonanoticias.com\\\/en\\\/#website\",\"url\":\"https:\\\/\\\/www.fcbarcelonanoticias.com\\\/en\\\/\",\"name\":\"EN - FC Barcelona Noticias\",\"description\":\"\",\"potentialAction\":[{\"@type\":\"SearchAction\",\"target\":{\"@type\":\"EntryPoint\",\"urlTemplate\":\"https:\\\/\\\/www.fcbarcelonanoticias.com\\\/en\\\/?s={search_term_string}\"},\"query-input\":{\"@type\":\"PropertyValueSpecification\",\"valueRequired\":true,\"valueName\":\"search_term_string\"}}],\"inLanguage\":\"en-US\"}]}<\/script>\n<!-- \/ Yoast SEO plugin. -->","yoast_head_json":{"title":"Bar\u00e7a would prioritize Fresneda in case the signing of Brozovic fails","description":"Bar\u00e7a is evaluating the market and understands that the right-back is a priority in case the signing of Marcelo Brozovic fails. There are several footballers in the squad who can work as a pivot, while there are none solid on the wing","robots":{"index":"index","follow":"follow","max-snippet":"max-snippet:-1","max-image-preview":"max-image-preview:large","max-video-preview":"max-video-preview:-1"},"canonical":"https:\/\/www.fcbarcelonanoticias.com\/en\/transfers\/barca-priority-fresneda-in-case-failure-signing-brozovic_293601_102.html","og_locale":"en_US","og_type":"article","og_title":"Bar\u00e7a would prioritize Fresneda in case the signing of Brozovic fails","og_description":"Bar\u00e7a is evaluating the market and understands that the right-back is a priority in case the signing of Marcelo Brozovic fails. There are several footballers in the squad who can work as a pivot, while there are none solid on the wing","og_url":"https:\/\/www.fcbarcelonanoticias.com\/en\/transfers\/barca-priority-fresneda-in-case-failure-signing-brozovic_293601_102.html","og_site_name":"EN - FC Barcelona Noticias","article_published_time":"2023-06-28T12:23:00+00:00","article_modified_time":"2023-06-28T17:18:00+00:00","og_image":[{"width":1300,"height":737,"url":"https:\/\/www.fcbarcelonanoticias.com\/en\/wp-content\/uploads\/sites\/2\/2023\/06\/ivan-fresneda-pablotorre.jpeg","type":"image\/jpeg"}],"twitter_card":"summary_large_image","twitter_misc":{"Est. reading time":"2 minutes"},"schema":{"@context":"https:\/\/schema.org","@graph":[{"@type":"Article","@id":"https:\/\/www.fcbarcelonanoticias.com\/en\/transfers\/barca-priority-fresneda-in-case-failure-signing-brozovic_293601_102.html#article","isPartOf":{"@id":"https:\/\/www.fcbarcelonanoticias.com\/en\/transfers\/barca-priority-fresneda-in-case-failure-signing-brozovic_293601_102.html"},"author":{"name":"","@id":""},"headline":"Bar\u00e7a would prioritize Fresneda in case the signing of Brozovic fails","datePublished":"2023-06-28T12:23:00+00:00","dateModified":"2023-06-28T17:18:00+00:00","mainEntityOfPage":{"@id":"https:\/\/www.fcbarcelonanoticias.com\/en\/transfers\/barca-priority-fresneda-in-case-failure-signing-brozovic_293601_102.html"},"wordCount":485,"image":{"@id":"https:\/\/www.fcbarcelonanoticias.com\/en\/transfers\/barca-priority-fresneda-in-case-failure-signing-brozovic_293601_102.html#primaryimage"},"thumbnailUrl":"https:\/\/www.fcbarcelonanoticias.com\/en\/wp-content\/uploads\/sites\/2\/2023\/06\/ivan-fresneda-pablotorre.jpeg","keywords":["Valladolid"],"articleSection":["Transfers","Transfers"],"inLanguage":"en-US"},{"@type":"WebPage","@id":"https:\/\/www.fcbarcelonanoticias.com\/en\/transfers\/barca-priority-fresneda-in-case-failure-signing-brozovic_293601_102.html","url":"https:\/\/www.fcbarcelonanoticias.com\/en\/transfers\/barca-priority-fresneda-in-case-failure-signing-brozovic_293601_102.html","name":"Bar\u00e7a would prioritize Fresneda in case the signing of Brozovic fails","isPartOf":{"@id":"https:\/\/www.fcbarcelonanoticias.com\/en\/#website"},"primaryImageOfPage":{"@id":"https:\/\/www.fcbarcelonanoticias.com\/en\/transfers\/barca-priority-fresneda-in-case-failure-signing-brozovic_293601_102.html#primaryimage"},"image":{"@id":"https:\/\/www.fcbarcelonanoticias.com\/en\/transfers\/barca-priority-fresneda-in-case-failure-signing-brozovic_293601_102.html#primaryimage"},"thumbnailUrl":"https:\/\/www.fcbarcelonanoticias.com\/en\/wp-content\/uploads\/sites\/2\/2023\/06\/ivan-fresneda-pablotorre.jpeg","datePublished":"2023-06-28T12:23:00+00:00","dateModified":"2023-06-28T17:18:00+00:00","author":{"@id":""},"description":"Bar\u00e7a is evaluating the market and understands that the right-back is a priority in case the signing of Marcelo Brozovic fails. There are several footballers in the squad who can work as a pivot, while there are none solid on the wing","breadcrumb":{"@id":"https:\/\/www.fcbarcelonanoticias.com\/en\/transfers\/barca-priority-fresneda-in-case-failure-signing-brozovic_293601_102.html#breadcrumb"},"inLanguage":"en-US","potentialAction":[{"@type":"ReadAction","target":["https:\/\/www.fcbarcelonanoticias.com\/en\/transfers\/barca-priority-fresneda-in-case-failure-signing-brozovic_293601_102.html"]}]},{"@type":"ImageObject","inLanguage":"en-US","@id":"https:\/\/www.fcbarcelonanoticias.com\/en\/transfers\/barca-priority-fresneda-in-case-failure-signing-brozovic_293601_102.html#primaryimage","url":"https:\/\/www.fcbarcelonanoticias.com\/en\/wp-content\/uploads\/sites\/2\/2023\/06\/ivan-fresneda-pablotorre.jpeg","contentUrl":"https:\/\/www.fcbarcelonanoticias.com\/en\/wp-content\/uploads\/sites\/2\/2023\/06\/ivan-fresneda-pablotorre.jpeg","width":1300,"height":737},{"@type":"BreadcrumbList","@id":"https:\/\/www.fcbarcelonanoticias.com\/en\/transfers\/barca-priority-fresneda-in-case-failure-signing-brozovic_293601_102.html#breadcrumb","itemListElement":[{"@type":"ListItem","position":1,"name":"Portada","item":"https:\/\/www.fcbarcelonanoticias.com\/en\/"},{"@type":"ListItem","position":2,"name":"Bar\u00e7a would prioritize Fresneda in case the signing of Brozovic fails"}]},{"@type":"WebSite","@id":"https:\/\/www.fcbarcelonanoticias.com\/en\/#website","url":"https:\/\/www.fcbarcelonanoticias.com\/en\/","name":"EN - FC Barcelona Noticias","description":"","potentialAction":[{"@type":"SearchAction","target":{"@type":"EntryPoint","urlTemplate":"https:\/\/www.fcbarcelonanoticias.com\/en\/?s={search_term_string}"},"query-input":{"@type":"PropertyValueSpecification","valueRequired":true,"valueName":"search_term_string"}}],"inLanguage":"en-US"}]}},"_links":{"self":[{"href":"https:\/\/www.fcbarcelonanoticias.com\/en\/wp-json\/wp\/v2\/posts\/60783","targetHints":{"allow":["GET"]}}],"collection":[{"href":"https:\/\/www.fcbarcelonanoticias.com\/en\/wp-json\/wp\/v2\/posts"}],"about":[{"href":"https:\/\/www.fcbarcelonanoticias.com\/en\/wp-json\/wp\/v2\/types\/post"}],"replies":[{"embeddable":true,"href":"https:\/\/www.fcbarcelonanoticias.com\/en\/wp-json\/wp\/v2\/comments?post=60783"}],"version-history":[{"count":1,"href":"https:\/\/www.fcbarcelonanoticias.com\/en\/wp-json\/wp\/v2\/posts\/60783\/revisions"}],"predecessor-version":[{"id":91671,"href":"https:\/\/www.fcbarcelonanoticias.com\/en\/wp-json\/wp\/v2\/posts\/60783\/revisions\/91671"}],"wp:featuredmedia":[{"embeddable":true,"href":"https:\/\/www.fcbarcelonanoticias.com\/en\/wp-json\/wp\/v2\/media\/60789"}],"wp:attachment":[{"href":"https:\/\/www.fcbarcelonanoticias.com\/en\/wp-json\/wp\/v2\/media?parent=60783"}],"wp:term":[{"taxonomy":"category","embeddable":true,"href":"https:\/\/www.fcbarcelonanoticias.com\/en\/wp-json\/wp\/v2\/categories?post=60783"},{"taxonomy":"post_tag","embeddable":true,"href":"https:\/\/www.fcbarcelonanoticias.com\/en\/wp-json\/wp\/v2\/tags?post=60783"}],"curies":[{"name":"wp","href":"https:\/\/api.w.org\/{rel}","templated":true}]}}