{"id":61246,"date":"2024-07-16T01:08:00","date_gmt":"2024-07-15T23:08:00","guid":{"rendered":"https:\/\/weisetech.dev\/fc-barcelona-noticias\/en\/hansi-flick-would-be-willing-to-let-ilkay-gundo-an-leave-barca_305478_102\/"},"modified":"2024-07-16T04:10:00","modified_gmt":"2024-07-16T02:10:00","slug":"hansi-flick-would-be-willing-to-let-ilkay-gundo-an-leave-barca_305478_102","status":"publish","type":"post","link":"https:\/\/www.fcbarcelonanoticias.com\/en\/transfers\/hansi-flick-would-be-willing-to-let-ilkay-gundo-an-leave-barca_305478_102.html","title":{"rendered":"Hansi Flick would be willing to let \u0130lkay G\u00fcndo\u011fan leave Bar\u00e7a"},"content":{"rendered":"<h2 class=\"wp-block-heading\">\u0130lkay G\u00fcndo\u011fan&#8217;s future at FC Barcelona could generate debate this summer. In principle, the German should be part of Hansi Flick&#8217;s plans for the 2024\/25 season. However, it remains to be seen what movements will be carried out around the figure of this talented midfielder<\/h2>  \r\n<div class=\"article-addons\">\r\n    <a href=\"https:\/\/www.fcbarcelonanoticias.com\/en\/calendar-fc-barcelona.html\"\r\n       target=\"_self\"\r\n       title=\"Calendar of FC Barcelona\"\r\n       class=\"blue-gredient-btn\">\r\n       \r\n        Calendar of FC Barcelona    <\/a>\r\n<\/div>   <p>The FC Barcelona finds <strong>to the doors of a restructuring of his sportive project under the direction of the German trainer, Hansi Flick<\/strong>. In this point of start of a new was, is common that take decisions regarding high and drops in the staff, some of which are expected and others result surprising because of the role of the players in the structure of the team.<\/p>  <p>In this sense, as it informed in &#8216;SPORT&#8217;, when seeming, <strong>the technician germano no opondr\u00eda to the option that \u0130lkay G\u00fcndo\u011fan leave the club during this market of summer<\/strong>. Nevertheless, this exit would not be promoted by the own trainer, <a data-external=\"0\" data-intl-links-en=\"https:\/\/www.fcbarcelonanoticias.com\/en\/fc-barcelona\/lewandowski-gundogan-and-ter-stegen-key-names-for-hansi-flick-project-at-barca_303972_102.html\" data-intl-links-es=\"https:\/\/www.fcbarcelonanoticias.com\/fc-barcelona\/lewandowski-gundogan-ter-stegen-nombres-clave-proyecto-hansi-flick-en-barca_303972_102.html\" href=\"https:\/\/www.fcbarcelonanoticias.com\/en\/fc-barcelona\/lewandowski-gundogan-and-ter-stegen-key-names-for-hansi-flick-project-at-barca_303972_102.html\" rel=\"follow\" target=\"_self\" title=\"Lewandowski, G\u00fcndogan y Ter Stegen, nombres clave para el proyecto de Hansi Flick en el Bar\u00e7a\">the one who knows to &#8216;G\u00fcndo&#8217; from his stage like seleccionador national of Germany<\/a>. Instead, the m\u00edster German would not try to retain it in case that the midfield player decide, by any reason, take a new sportive course.<\/p>  <p>Now, the source mentioned sustains <strong>that so much exjugador of the Manchester City as Hansi Flick would have to gather, probably once that the midfield player finish his holidays<\/strong> and incorporate to the dynamics of work of the combined Barcelona to finals of July, to clear the new conditions that will determine his permanence in the Catalan picture. It is necessary to remember that it is very likely that the &#8217;22&#8217; cul\u00e9 have a different paper in his second season like footballer of the FC Barcelona.<\/p>  <h2>The factors that play him against to<strong>l German midfield player<\/strong> <\/h2>  <p>Although the technical body of the Barcelonan cast does not put in doubt the quality stood out of \u0130lkay G\u00fcndo\u011fan and the influence that can have in the game with his big fan of technical gestures (no in vain was the maximum assistant of the group cul\u00e9 in the season 2023\/24 with 14 passes of goal), <strong>expects that, with the arrival of Flick like trainer, the team adopt a style of game more physical, with greater pressure and intensity<\/strong>. <a data-external=\"0\" data-intl-links-en=\"https:\/\/www.fcbarcelonanoticias.com\/en\/fc-barcelona\/the-quality-that-gundogan-must-enhance-if-he-wants-to-remain-in-hansi-flick-xi_304290_102.html\" data-intl-links-es=\"https:\/\/www.fcbarcelonanoticias.com\/fc-barcelona\/cualidad-debe-potenciar-gundogan-si-quiere-mantenerse-en-xi-hansi-flick_304290_102.html\" href=\"https:\/\/www.fcbarcelonanoticias.com\/en\/fc-barcelona\/the-quality-that-gundogan-must-enhance-if-he-wants-to-remain-in-hansi-flick-xi_304290_102.html\" rel=\"follow\" target=\"_self\" title=\"La cualidad que debe potenciar G\u00fcndogan si quiere mantenerse en el XI de Hansi Flick\">This is something to what the midfield player germano does not seem to be accustomed<\/a>, since it manages better in proposals of game in which the spherical moves by means of transitions based in the touch and the mobility.<\/p>  <p>Likewise, another factor that could generate a debate around his continuity in the team is the economic appearance. Although the Catalan square will have to fulfil with the norms of the &#8216;fair play&#8217; financial once that scope to regularizar his situation and go in to the rule 1\/1,<strong> is likely that have to consider some exits<\/strong>. In front of this, would not be descabellado leave go to a player that, although it was differential, is near to fulfil the 34 years and has one of the highest wages of the club. According to the metric of &#8216;Capology&#8217;, <strong>his gross wage by season would be around the 18.750.000 \u20ac<\/strong>.<\/p>  <h2><strong>The final decision is in hands of \u0130lkay G\u00fcndo\u011fan<\/strong><\/h2>  <p>However, in spite of all this, as it emphasizes &#8216;SPORT&#8217;, <strong>the decision of if G\u00fcndo\u011fan remains or no in the FC Barcelona will depend en \u00faltima instancia of the own player<\/strong> and of what agree both parts in the mentioned &#8216;summit&#8217;. His permanence also would be a valuable movement for the German trainer, the one who knows that it can use to &#8216;G\u00fcndo&#8217; as a &#8220;10&#8221; able to create a lot of danger in the last third of the rival field, but also like a mediocentro more retarded, acting in the base the medullary zone if the situation like this requires it.<\/p> ","protected":false},"excerpt":{"rendered":"<p>\u0130lkay G\u00fcndo\u011fan&#8217;s future at FC Barcelona could generate debate this summer. In principle, the German should be part of Hansi Flick&#8217;s plans for the 2024\/25 season. However, it remains to be seen what movements will be carried out around the figure of this talented midfielder The FC Barcelona finds to the doors of a restructuring [&hellip;]<\/p>\n","protected":false},"author":355,"featured_media":61253,"comment_status":"closed","ping_status":"open","sticky":false,"template":"","format":"standard","meta":{"_acf_changed":false,"inline_featured_image":false,"_nextfly_llmd_date_locked":false,"footnotes":""},"categories":[106,449],"tags":[87,170],"class_list":["post-61246","post","type-post","status-publish","format-standard","has-post-thumbnail","hentry","category-transfers","category-transfers-2","tag-hansi-flick","tag-ilkay-gundogan"],"acf":[],"yoast_head":"<!-- This site is optimized with the Yoast SEO plugin v27.3 - https:\/\/yoast.com\/product\/yoast-seo-wordpress\/ -->\n<title>Hansi Flick would be willing to let \u0130lkay G\u00fcndo\u011fan leave Bar\u00e7a<\/title>\n<meta name=\"description\" content=\"\u0130lkay G\u00fcndo\u011fan&#039;s future at FC Barcelona could generate debate this summer. In principle, the German should be part of Hansi Flick&#039;s plans for the 2024\/25 season. However, it remains to be seen what movements will be carried out around the figure of this talented midfielder\" \/>\n<meta name=\"robots\" content=\"index, follow, max-snippet:-1, max-image-preview:large, max-video-preview:-1\" \/>\n<link rel=\"canonical\" href=\"https:\/\/www.fcbarcelonanoticias.com\/en\/transfers\/hansi-flick-would-be-willing-to-let-ilkay-gundo-an-leave-barca_305478_102.html\" \/>\n<meta property=\"og:locale\" content=\"en_US\" \/>\n<meta property=\"og:type\" content=\"article\" \/>\n<meta property=\"og:title\" content=\"Hansi Flick would be willing to let \u0130lkay G\u00fcndo\u011fan leave Bar\u00e7a\" \/>\n<meta property=\"og:description\" content=\"\u0130lkay G\u00fcndo\u011fan&#039;s future at FC Barcelona could generate debate this summer. In principle, the German should be part of Hansi Flick&#039;s plans for the 2024\/25 season. However, it remains to be seen what movements will be carried out around the figure of this talented midfielder\" \/>\n<meta property=\"og:url\" content=\"https:\/\/www.fcbarcelonanoticias.com\/en\/transfers\/hansi-flick-would-be-willing-to-let-ilkay-gundo-an-leave-barca_305478_102.html\" \/>\n<meta property=\"og:site_name\" content=\"EN - FC Barcelona Noticias\" \/>\n<meta property=\"article:published_time\" content=\"2024-07-15T23:08:00+00:00\" \/>\n<meta property=\"article:modified_time\" content=\"2024-07-16T02:10:00+00:00\" \/>\n<meta property=\"og:image\" content=\"https:\/\/www.fcbarcelonanoticias.com\/en\/wp-content\/uploads\/sites\/2\/2024\/07\/ilkay-guendogan-en-el-duelo-entre-el-fc-barcelona-y-el-napoles-en-los-octavos-de-final-de-la-uefa-champions-league.png\" \/>\n\t<meta property=\"og:image:width\" content=\"1300\" \/>\n\t<meta property=\"og:image:height\" content=\"732\" \/>\n\t<meta property=\"og:image:type\" content=\"image\/png\" \/>\n<meta name=\"author\" content=\"Kevin G\u00f3mez\" \/>\n<meta name=\"twitter:card\" content=\"summary_large_image\" \/>\n<meta name=\"twitter:label1\" content=\"Written by\" \/>\n\t<meta name=\"twitter:data1\" content=\"Kevin G\u00f3mez\" \/>\n\t<meta name=\"twitter:label2\" content=\"Est. reading time\" \/>\n\t<meta name=\"twitter:data2\" content=\"3 minutes\" \/>\n<script type=\"application\/ld+json\" class=\"yoast-schema-graph\">{\"@context\":\"https:\\\/\\\/schema.org\",\"@graph\":[{\"@type\":\"Article\",\"@id\":\"https:\\\/\\\/www.fcbarcelonanoticias.com\\\/en\\\/transfers\\\/hansi-flick-would-be-willing-to-let-ilkay-gundo-an-leave-barca_305478_102.html#article\",\"isPartOf\":{\"@id\":\"https:\\\/\\\/www.fcbarcelonanoticias.com\\\/en\\\/transfers\\\/hansi-flick-would-be-willing-to-let-ilkay-gundo-an-leave-barca_305478_102.html\"},\"author\":{\"name\":\"Kevin G\u00f3mez\",\"@id\":\"https:\\\/\\\/www.fcbarcelonanoticias.com\\\/en\\\/#\\\/schema\\\/person\\\/991443f134df9a64c6874f96ff984c9d\"},\"headline\":\"Hansi Flick would be willing to let \u0130lkay G\u00fcndo\u011fan leave Bar\u00e7a\",\"datePublished\":\"2024-07-15T23:08:00+00:00\",\"dateModified\":\"2024-07-16T02:10:00+00:00\",\"mainEntityOfPage\":{\"@id\":\"https:\\\/\\\/www.fcbarcelonanoticias.com\\\/en\\\/transfers\\\/hansi-flick-would-be-willing-to-let-ilkay-gundo-an-leave-barca_305478_102.html\"},\"wordCount\":644,\"image\":{\"@id\":\"https:\\\/\\\/www.fcbarcelonanoticias.com\\\/en\\\/transfers\\\/hansi-flick-would-be-willing-to-let-ilkay-gundo-an-leave-barca_305478_102.html#primaryimage\"},\"thumbnailUrl\":\"https:\\\/\\\/www.fcbarcelonanoticias.com\\\/en\\\/wp-content\\\/uploads\\\/sites\\\/2\\\/2024\\\/07\\\/ilkay-guendogan-en-el-duelo-entre-el-fc-barcelona-y-el-napoles-en-los-octavos-de-final-de-la-uefa-champions-league.png\",\"keywords\":[\"Hansi Flick\",\"Ilkay G\u00fcndogan\"],\"articleSection\":[\"Transfers\",\"Transfers\"],\"inLanguage\":\"en-US\"},{\"@type\":\"WebPage\",\"@id\":\"https:\\\/\\\/www.fcbarcelonanoticias.com\\\/en\\\/transfers\\\/hansi-flick-would-be-willing-to-let-ilkay-gundo-an-leave-barca_305478_102.html\",\"url\":\"https:\\\/\\\/www.fcbarcelonanoticias.com\\\/en\\\/transfers\\\/hansi-flick-would-be-willing-to-let-ilkay-gundo-an-leave-barca_305478_102.html\",\"name\":\"Hansi Flick would be willing to let \u0130lkay G\u00fcndo\u011fan leave Bar\u00e7a\",\"isPartOf\":{\"@id\":\"https:\\\/\\\/www.fcbarcelonanoticias.com\\\/en\\\/#website\"},\"primaryImageOfPage\":{\"@id\":\"https:\\\/\\\/www.fcbarcelonanoticias.com\\\/en\\\/transfers\\\/hansi-flick-would-be-willing-to-let-ilkay-gundo-an-leave-barca_305478_102.html#primaryimage\"},\"image\":{\"@id\":\"https:\\\/\\\/www.fcbarcelonanoticias.com\\\/en\\\/transfers\\\/hansi-flick-would-be-willing-to-let-ilkay-gundo-an-leave-barca_305478_102.html#primaryimage\"},\"thumbnailUrl\":\"https:\\\/\\\/www.fcbarcelonanoticias.com\\\/en\\\/wp-content\\\/uploads\\\/sites\\\/2\\\/2024\\\/07\\\/ilkay-guendogan-en-el-duelo-entre-el-fc-barcelona-y-el-napoles-en-los-octavos-de-final-de-la-uefa-champions-league.png\",\"datePublished\":\"2024-07-15T23:08:00+00:00\",\"dateModified\":\"2024-07-16T02:10:00+00:00\",\"author\":{\"@id\":\"https:\\\/\\\/www.fcbarcelonanoticias.com\\\/en\\\/#\\\/schema\\\/person\\\/991443f134df9a64c6874f96ff984c9d\"},\"description\":\"\u0130lkay G\u00fcndo\u011fan's future at FC Barcelona could generate debate this summer. In principle, the German should be part of Hansi Flick's plans for the 2024\\\/25 season. However, it remains to be seen what movements will be carried out around the figure of this talented midfielder\",\"breadcrumb\":{\"@id\":\"https:\\\/\\\/www.fcbarcelonanoticias.com\\\/en\\\/transfers\\\/hansi-flick-would-be-willing-to-let-ilkay-gundo-an-leave-barca_305478_102.html#breadcrumb\"},\"inLanguage\":\"en-US\",\"potentialAction\":[{\"@type\":\"ReadAction\",\"target\":[\"https:\\\/\\\/www.fcbarcelonanoticias.com\\\/en\\\/transfers\\\/hansi-flick-would-be-willing-to-let-ilkay-gundo-an-leave-barca_305478_102.html\"]}]},{\"@type\":\"ImageObject\",\"inLanguage\":\"en-US\",\"@id\":\"https:\\\/\\\/www.fcbarcelonanoticias.com\\\/en\\\/transfers\\\/hansi-flick-would-be-willing-to-let-ilkay-gundo-an-leave-barca_305478_102.html#primaryimage\",\"url\":\"https:\\\/\\\/www.fcbarcelonanoticias.com\\\/en\\\/wp-content\\\/uploads\\\/sites\\\/2\\\/2024\\\/07\\\/ilkay-guendogan-en-el-duelo-entre-el-fc-barcelona-y-el-napoles-en-los-octavos-de-final-de-la-uefa-champions-league.png\",\"contentUrl\":\"https:\\\/\\\/www.fcbarcelonanoticias.com\\\/en\\\/wp-content\\\/uploads\\\/sites\\\/2\\\/2024\\\/07\\\/ilkay-guendogan-en-el-duelo-entre-el-fc-barcelona-y-el-napoles-en-los-octavos-de-final-de-la-uefa-champions-league.png\",\"width\":1300,\"height\":732},{\"@type\":\"BreadcrumbList\",\"@id\":\"https:\\\/\\\/www.fcbarcelonanoticias.com\\\/en\\\/transfers\\\/hansi-flick-would-be-willing-to-let-ilkay-gundo-an-leave-barca_305478_102.html#breadcrumb\",\"itemListElement\":[{\"@type\":\"ListItem\",\"position\":1,\"name\":\"Portada\",\"item\":\"https:\\\/\\\/www.fcbarcelonanoticias.com\\\/en\\\/\"},{\"@type\":\"ListItem\",\"position\":2,\"name\":\"Hansi Flick would be willing to let \u0130lkay G\u00fcndo\u011fan leave Bar\u00e7a\"}]},{\"@type\":\"WebSite\",\"@id\":\"https:\\\/\\\/www.fcbarcelonanoticias.com\\\/en\\\/#website\",\"url\":\"https:\\\/\\\/www.fcbarcelonanoticias.com\\\/en\\\/\",\"name\":\"EN - FC Barcelona Noticias\",\"description\":\"\",\"potentialAction\":[{\"@type\":\"SearchAction\",\"target\":{\"@type\":\"EntryPoint\",\"urlTemplate\":\"https:\\\/\\\/www.fcbarcelonanoticias.com\\\/en\\\/?s={search_term_string}\"},\"query-input\":{\"@type\":\"PropertyValueSpecification\",\"valueRequired\":true,\"valueName\":\"search_term_string\"}}],\"inLanguage\":\"en-US\"},{\"@type\":\"Person\",\"@id\":\"https:\\\/\\\/www.fcbarcelonanoticias.com\\\/en\\\/#\\\/schema\\\/person\\\/991443f134df9a64c6874f96ff984c9d\",\"name\":\"Kevin G\u00f3mez\",\"image\":{\"@type\":\"ImageObject\",\"inLanguage\":\"en-US\",\"@id\":\"https:\\\/\\\/secure.gravatar.com\\\/avatar\\\/?s=96&d=mm&r=g\",\"url\":\"https:\\\/\\\/secure.gravatar.com\\\/avatar\\\/?s=96&d=mm&r=g\",\"contentUrl\":\"https:\\\/\\\/secure.gravatar.com\\\/avatar\\\/?s=96&d=mm&r=g\",\"caption\":\"Kevin G\u00f3mez\"},\"description\":\"Licenciado\u00a0en Periodismo y Comunicaci\u00f3n Audiovisual. Redactor en FCBN responsable de cubrir toda\u00a0la informaci\u00f3n del FC Barcelona y las principales competiciones de\u00a0f\u00fatbol.\",\"url\":\"https:\\\/\\\/www.fcbarcelonanoticias.com\\\/en\\\/jugadores\\\/kevin-gomez_23_115.html\"}]}<\/script>\n<!-- \/ Yoast SEO plugin. -->","yoast_head_json":{"title":"Hansi Flick would be willing to let \u0130lkay G\u00fcndo\u011fan leave Bar\u00e7a","description":"\u0130lkay G\u00fcndo\u011fan's future at FC Barcelona could generate debate this summer. In principle, the German should be part of Hansi Flick's plans for the 2024\/25 season. However, it remains to be seen what movements will be carried out around the figure of this talented midfielder","robots":{"index":"index","follow":"follow","max-snippet":"max-snippet:-1","max-image-preview":"max-image-preview:large","max-video-preview":"max-video-preview:-1"},"canonical":"https:\/\/www.fcbarcelonanoticias.com\/en\/transfers\/hansi-flick-would-be-willing-to-let-ilkay-gundo-an-leave-barca_305478_102.html","og_locale":"en_US","og_type":"article","og_title":"Hansi Flick would be willing to let \u0130lkay G\u00fcndo\u011fan leave Bar\u00e7a","og_description":"\u0130lkay G\u00fcndo\u011fan's future at FC Barcelona could generate debate this summer. In principle, the German should be part of Hansi Flick's plans for the 2024\/25 season. However, it remains to be seen what movements will be carried out around the figure of this talented midfielder","og_url":"https:\/\/www.fcbarcelonanoticias.com\/en\/transfers\/hansi-flick-would-be-willing-to-let-ilkay-gundo-an-leave-barca_305478_102.html","og_site_name":"EN - FC Barcelona Noticias","article_published_time":"2024-07-15T23:08:00+00:00","article_modified_time":"2024-07-16T02:10:00+00:00","og_image":[{"width":1300,"height":732,"url":"https:\/\/www.fcbarcelonanoticias.com\/en\/wp-content\/uploads\/sites\/2\/2024\/07\/ilkay-guendogan-en-el-duelo-entre-el-fc-barcelona-y-el-napoles-en-los-octavos-de-final-de-la-uefa-champions-league.png","type":"image\/png"}],"author":"Kevin G\u00f3mez","twitter_card":"summary_large_image","twitter_misc":{"Written by":"Kevin G\u00f3mez","Est. reading time":"3 minutes"},"schema":{"@context":"https:\/\/schema.org","@graph":[{"@type":"Article","@id":"https:\/\/www.fcbarcelonanoticias.com\/en\/transfers\/hansi-flick-would-be-willing-to-let-ilkay-gundo-an-leave-barca_305478_102.html#article","isPartOf":{"@id":"https:\/\/www.fcbarcelonanoticias.com\/en\/transfers\/hansi-flick-would-be-willing-to-let-ilkay-gundo-an-leave-barca_305478_102.html"},"author":{"name":"Kevin G\u00f3mez","@id":"https:\/\/www.fcbarcelonanoticias.com\/en\/#\/schema\/person\/991443f134df9a64c6874f96ff984c9d"},"headline":"Hansi Flick would be willing to let \u0130lkay G\u00fcndo\u011fan leave Bar\u00e7a","datePublished":"2024-07-15T23:08:00+00:00","dateModified":"2024-07-16T02:10:00+00:00","mainEntityOfPage":{"@id":"https:\/\/www.fcbarcelonanoticias.com\/en\/transfers\/hansi-flick-would-be-willing-to-let-ilkay-gundo-an-leave-barca_305478_102.html"},"wordCount":644,"image":{"@id":"https:\/\/www.fcbarcelonanoticias.com\/en\/transfers\/hansi-flick-would-be-willing-to-let-ilkay-gundo-an-leave-barca_305478_102.html#primaryimage"},"thumbnailUrl":"https:\/\/www.fcbarcelonanoticias.com\/en\/wp-content\/uploads\/sites\/2\/2024\/07\/ilkay-guendogan-en-el-duelo-entre-el-fc-barcelona-y-el-napoles-en-los-octavos-de-final-de-la-uefa-champions-league.png","keywords":["Hansi Flick","Ilkay G\u00fcndogan"],"articleSection":["Transfers","Transfers"],"inLanguage":"en-US"},{"@type":"WebPage","@id":"https:\/\/www.fcbarcelonanoticias.com\/en\/transfers\/hansi-flick-would-be-willing-to-let-ilkay-gundo-an-leave-barca_305478_102.html","url":"https:\/\/www.fcbarcelonanoticias.com\/en\/transfers\/hansi-flick-would-be-willing-to-let-ilkay-gundo-an-leave-barca_305478_102.html","name":"Hansi Flick would be willing to let \u0130lkay G\u00fcndo\u011fan leave Bar\u00e7a","isPartOf":{"@id":"https:\/\/www.fcbarcelonanoticias.com\/en\/#website"},"primaryImageOfPage":{"@id":"https:\/\/www.fcbarcelonanoticias.com\/en\/transfers\/hansi-flick-would-be-willing-to-let-ilkay-gundo-an-leave-barca_305478_102.html#primaryimage"},"image":{"@id":"https:\/\/www.fcbarcelonanoticias.com\/en\/transfers\/hansi-flick-would-be-willing-to-let-ilkay-gundo-an-leave-barca_305478_102.html#primaryimage"},"thumbnailUrl":"https:\/\/www.fcbarcelonanoticias.com\/en\/wp-content\/uploads\/sites\/2\/2024\/07\/ilkay-guendogan-en-el-duelo-entre-el-fc-barcelona-y-el-napoles-en-los-octavos-de-final-de-la-uefa-champions-league.png","datePublished":"2024-07-15T23:08:00+00:00","dateModified":"2024-07-16T02:10:00+00:00","author":{"@id":"https:\/\/www.fcbarcelonanoticias.com\/en\/#\/schema\/person\/991443f134df9a64c6874f96ff984c9d"},"description":"\u0130lkay G\u00fcndo\u011fan's future at FC Barcelona could generate debate this summer. In principle, the German should be part of Hansi Flick's plans for the 2024\/25 season. However, it remains to be seen what movements will be carried out around the figure of this talented midfielder","breadcrumb":{"@id":"https:\/\/www.fcbarcelonanoticias.com\/en\/transfers\/hansi-flick-would-be-willing-to-let-ilkay-gundo-an-leave-barca_305478_102.html#breadcrumb"},"inLanguage":"en-US","potentialAction":[{"@type":"ReadAction","target":["https:\/\/www.fcbarcelonanoticias.com\/en\/transfers\/hansi-flick-would-be-willing-to-let-ilkay-gundo-an-leave-barca_305478_102.html"]}]},{"@type":"ImageObject","inLanguage":"en-US","@id":"https:\/\/www.fcbarcelonanoticias.com\/en\/transfers\/hansi-flick-would-be-willing-to-let-ilkay-gundo-an-leave-barca_305478_102.html#primaryimage","url":"https:\/\/www.fcbarcelonanoticias.com\/en\/wp-content\/uploads\/sites\/2\/2024\/07\/ilkay-guendogan-en-el-duelo-entre-el-fc-barcelona-y-el-napoles-en-los-octavos-de-final-de-la-uefa-champions-league.png","contentUrl":"https:\/\/www.fcbarcelonanoticias.com\/en\/wp-content\/uploads\/sites\/2\/2024\/07\/ilkay-guendogan-en-el-duelo-entre-el-fc-barcelona-y-el-napoles-en-los-octavos-de-final-de-la-uefa-champions-league.png","width":1300,"height":732},{"@type":"BreadcrumbList","@id":"https:\/\/www.fcbarcelonanoticias.com\/en\/transfers\/hansi-flick-would-be-willing-to-let-ilkay-gundo-an-leave-barca_305478_102.html#breadcrumb","itemListElement":[{"@type":"ListItem","position":1,"name":"Portada","item":"https:\/\/www.fcbarcelonanoticias.com\/en\/"},{"@type":"ListItem","position":2,"name":"Hansi Flick would be willing to let \u0130lkay G\u00fcndo\u011fan leave Bar\u00e7a"}]},{"@type":"WebSite","@id":"https:\/\/www.fcbarcelonanoticias.com\/en\/#website","url":"https:\/\/www.fcbarcelonanoticias.com\/en\/","name":"EN - FC Barcelona Noticias","description":"","potentialAction":[{"@type":"SearchAction","target":{"@type":"EntryPoint","urlTemplate":"https:\/\/www.fcbarcelonanoticias.com\/en\/?s={search_term_string}"},"query-input":{"@type":"PropertyValueSpecification","valueRequired":true,"valueName":"search_term_string"}}],"inLanguage":"en-US"},{"@type":"Person","@id":"https:\/\/www.fcbarcelonanoticias.com\/en\/#\/schema\/person\/991443f134df9a64c6874f96ff984c9d","name":"Kevin G\u00f3mez","image":{"@type":"ImageObject","inLanguage":"en-US","@id":"https:\/\/secure.gravatar.com\/avatar\/?s=96&d=mm&r=g","url":"https:\/\/secure.gravatar.com\/avatar\/?s=96&d=mm&r=g","contentUrl":"https:\/\/secure.gravatar.com\/avatar\/?s=96&d=mm&r=g","caption":"Kevin G\u00f3mez"},"description":"Licenciado\u00a0en Periodismo y Comunicaci\u00f3n Audiovisual. Redactor en FCBN responsable de cubrir toda\u00a0la informaci\u00f3n del FC Barcelona y las principales competiciones de\u00a0f\u00fatbol.","url":"https:\/\/www.fcbarcelonanoticias.com\/en\/jugadores\/kevin-gomez_23_115.html"}]}},"_links":{"self":[{"href":"https:\/\/www.fcbarcelonanoticias.com\/en\/wp-json\/wp\/v2\/posts\/61246","targetHints":{"allow":["GET"]}}],"collection":[{"href":"https:\/\/www.fcbarcelonanoticias.com\/en\/wp-json\/wp\/v2\/posts"}],"about":[{"href":"https:\/\/www.fcbarcelonanoticias.com\/en\/wp-json\/wp\/v2\/types\/post"}],"author":[{"embeddable":true,"href":"https:\/\/www.fcbarcelonanoticias.com\/en\/wp-json\/wp\/v2\/users\/355"}],"replies":[{"embeddable":true,"href":"https:\/\/www.fcbarcelonanoticias.com\/en\/wp-json\/wp\/v2\/comments?post=61246"}],"version-history":[{"count":1,"href":"https:\/\/www.fcbarcelonanoticias.com\/en\/wp-json\/wp\/v2\/posts\/61246\/revisions"}],"predecessor-version":[{"id":92206,"href":"https:\/\/www.fcbarcelonanoticias.com\/en\/wp-json\/wp\/v2\/posts\/61246\/revisions\/92206"}],"wp:featuredmedia":[{"embeddable":true,"href":"https:\/\/www.fcbarcelonanoticias.com\/en\/wp-json\/wp\/v2\/media\/61253"}],"wp:attachment":[{"href":"https:\/\/www.fcbarcelonanoticias.com\/en\/wp-json\/wp\/v2\/media?parent=61246"}],"wp:term":[{"taxonomy":"category","embeddable":true,"href":"https:\/\/www.fcbarcelonanoticias.com\/en\/wp-json\/wp\/v2\/categories?post=61246"},{"taxonomy":"post_tag","embeddable":true,"href":"https:\/\/www.fcbarcelonanoticias.com\/en\/wp-json\/wp\/v2\/tags?post=61246"}],"curies":[{"name":"wp","href":"https:\/\/api.w.org\/{rel}","templated":true}]}}