{"id":61263,"date":"2023-06-30T09:15:00","date_gmt":"2023-06-30T07:15:00","guid":{"rendered":"https:\/\/weisetech.dev\/fc-barcelona-noticias\/en\/laporta-raises-chest-by-plante-gundogan-city-arriving-by-boat_293657_102\/"},"modified":"2023-06-30T12:39:00","modified_gmt":"2023-06-30T10:39:00","slug":"laporta-raises-chest-by-plante-gundogan-city-arriving-by-boat_293657_102","status":"publish","type":"post","link":"https:\/\/www.fcbarcelonanoticias.com\/en\/transfers\/laporta-raises-chest-by-plante-gundogan-city-arriving-by-boat_293657_102.html","title":{"rendered":"Laporta puffs out his chest for G\u00fcndogan&#8217;s &#8216;plant&#8217; to City to reach Bar\u00e7a"},"content":{"rendered":"<h2 class=\"wp-block-heading\">The president of Bar\u00e7a, Joan Laporta, has offered some statements to the media in which he spoke, among many things, of the signing of Ilkay G\u00fcndogan<\/h2>  \r\n<div class=\"article-addons\">\r\n    <a href=\"https:\/\/www.fcbarcelonanoticias.com\/en\/calendar-fc-barcelona.html\"\r\n       target=\"_self\"\r\n       title=\"Calendar of FC Barcelona\"\r\n       class=\"blue-gredient-btn\">\r\n       \r\n        Calendar of FC Barcelona    <\/a>\r\n<\/div>   <p>Joan Laporta, president of the FC Barcelona, <strong>has appeared in front of the media in a press conference in which it spoke of the actuality of the club.<\/strong> In her it touched several interesting subjects but did emphasis in the signing of Ilkay G\u00fcndogan, the one who will dress the elastic Barcelona <a data-external=\"0\" data-intl-links-en=\"https:\/\/www.fcbarcelonanoticias.com\/en\/transfers\/gundogan-already-has-date-incorporation-template-barca_293415_102.html\" data-intl-links-es=\"https:\/\/www.fcbarcelonanoticias.com\/fichajes\/gundogan-ya-tiene-fecha-incorporacion-plantilla-barca_293415_102.html\" href=\"https:\/\/www.fcbarcelonanoticias.com\/en\/transfers\/gundogan-already-has-date-incorporation-template-barca_293415_102.html\" rel=\"follow\" target=\"_self\" title=\"G\u00fcndogan ya tiene fecha de incorporaci\u00f3n a la plantilla del Bar\u00e7a\">once the first team return to the preparatory<\/a> trainings of face to turns it of pre-season.<\/p>  <h2>Laporta Takes out breast by G\u00fcndogan<\/h2>  <p>The mandator took out breast by the contracting and remembered that the club keeps on being very striking for the best footballers of the world. <strong>&#8220;All the big players follow wanting to come to the Bar\u00e7a&#8221;<\/strong>, affirmed. However, it did not overlook the fact that nowadays they do not have the economic muscle of previous years.<\/p>  <p><strong>&#8220;It is true that right now our strategy is fichar while we recess costs&#8221;<\/strong>, cleared Laporta. It is necessary to stand out that the club is working to reduce the mass salarial of the staff and in generating extraordinary income that allow him reinforce of face to the next season 2023\/24.<\/p>  <p><strong>G\u00fcndogan Signed accepting a wage reduced and in condition of free agent<\/strong> without leaving neither a euro in the arks of the Manchester City. It is thus that the executive do not doubt in putting by the clouds the mark Bar\u00e7a and his big influence in the market of signings. <strong>&#8220;Ilkay Has preferred to the Bar\u00e7a before that the money of the City. It comes earning less than in Manchester&#8221;<\/strong>, concluded the leader.<\/p>  <h2>The Bar\u00e7a still has objective on the table<\/h2>  <p><strong>The germano is the incorporation flag of the sportive direction<\/strong> after it did with the triplete under the tutela of Pep Guardiola. Still they subtract several positions for covering and the aims of the club are to close the signing of Vitor Roque for the forward; <a data-external=\"0\" data-intl-links-en=\"https:\/\/www.fcbarcelonanoticias.com\/en\/transfers\/barca-priority-fresneda-in-case-failure-signing-brozovic_293601_102.html\" data-intl-links-es=\"https:\/\/www.fcbarcelonanoticias.com\/fichajes\/barca-priorizaria-fresneda-en-caso-fallase-fichaje-brozovic_293601_102.html\" href=\"https:\/\/www.fcbarcelonanoticias.com\/en\/transfers\/barca-priority-fresneda-in-case-failure-signing-brozovic_293601_102.html\" rel=\"follow\" target=\"_self\" title=\"El Bar\u00e7a priorizar\u00eda a Fresneda en caso de que fallase el fichaje de Brozovic\">reinforce the right side with Iv\u00e1n Fresneda<\/a>; and close pivote &#8216;low cost&#8217; with Oriol Romeu like main candidate.<\/p> ","protected":false},"excerpt":{"rendered":"<p>The president of Bar\u00e7a, Joan Laporta, has offered some statements to the media in which he spoke, among many things, of the signing of Ilkay G\u00fcndogan Joan Laporta, president of the FC Barcelona, has appeared in front of the media in a press conference in which it spoke of the actuality of the club. In [&hellip;]<\/p>\n","protected":false},"author":0,"featured_media":61272,"comment_status":"closed","ping_status":"open","sticky":false,"template":"","format":"standard","meta":{"_acf_changed":false,"inline_featured_image":false,"_nextfly_llmd_date_locked":false,"footnotes":""},"categories":[106,449],"tags":[170,97],"class_list":["post-61263","post","type-post","status-publish","format-standard","has-post-thumbnail","hentry","category-transfers","category-transfers-2","tag-ilkay-gundogan","tag-manchester-city"],"acf":[],"yoast_head":"<!-- This site is optimized with the Yoast SEO plugin v27.3 - https:\/\/yoast.com\/product\/yoast-seo-wordpress\/ -->\n<title>Laporta puffs out his chest for G\u00fcndogan&#039;s &#039;plant&#039; to City to reach Bar\u00e7a<\/title>\n<meta name=\"description\" content=\"The president of Bar\u00e7a, Joan Laporta, has offered some statements to the media in which he spoke, among many things, of the signing of Ilkay G\u00fcndogan\" \/>\n<meta name=\"robots\" content=\"index, follow, max-snippet:-1, max-image-preview:large, max-video-preview:-1\" \/>\n<link rel=\"canonical\" href=\"https:\/\/www.fcbarcelonanoticias.com\/en\/transfers\/laporta-raises-chest-by-plante-gundogan-city-arriving-by-boat_293657_102.html\" \/>\n<meta property=\"og:locale\" content=\"en_US\" \/>\n<meta property=\"og:type\" content=\"article\" \/>\n<meta property=\"og:title\" content=\"Laporta puffs out his chest for G\u00fcndogan&#039;s &#039;plant&#039; to City to reach Bar\u00e7a\" \/>\n<meta property=\"og:description\" content=\"The president of Bar\u00e7a, Joan Laporta, has offered some statements to the media in which he spoke, among many things, of the signing of Ilkay G\u00fcndogan\" \/>\n<meta property=\"og:url\" content=\"https:\/\/www.fcbarcelonanoticias.com\/en\/transfers\/laporta-raises-chest-by-plante-gundogan-city-arriving-by-boat_293657_102.html\" \/>\n<meta property=\"og:site_name\" content=\"EN - FC Barcelona Noticias\" \/>\n<meta property=\"article:published_time\" content=\"2023-06-30T07:15:00+00:00\" \/>\n<meta property=\"article:modified_time\" content=\"2023-06-30T10:39:00+00:00\" \/>\n<meta property=\"og:image\" content=\"https:\/\/www.fcbarcelonanoticias.com\/en\/wp-content\/uploads\/sites\/2\/2023\/06\/gundogan-con-su-primera-champions-league.jpeg\" \/>\n\t<meta property=\"og:image:width\" content=\"1250\" \/>\n\t<meta property=\"og:image:height\" content=\"750\" \/>\n\t<meta property=\"og:image:type\" content=\"image\/jpeg\" \/>\n<meta name=\"twitter:card\" content=\"summary_large_image\" \/>\n<meta name=\"twitter:label1\" content=\"Est. reading time\" \/>\n\t<meta name=\"twitter:data1\" content=\"2 minutes\" \/>\n<script type=\"application\/ld+json\" class=\"yoast-schema-graph\">{\"@context\":\"https:\\\/\\\/schema.org\",\"@graph\":[{\"@type\":\"Article\",\"@id\":\"https:\\\/\\\/www.fcbarcelonanoticias.com\\\/en\\\/transfers\\\/laporta-raises-chest-by-plante-gundogan-city-arriving-by-boat_293657_102.html#article\",\"isPartOf\":{\"@id\":\"https:\\\/\\\/www.fcbarcelonanoticias.com\\\/en\\\/transfers\\\/laporta-raises-chest-by-plante-gundogan-city-arriving-by-boat_293657_102.html\"},\"author\":{\"name\":\"\",\"@id\":\"\"},\"headline\":\"Laporta puffs out his chest for G\u00fcndogan&#8217;s &#8216;plant&#8217; to City to reach Bar\u00e7a\",\"datePublished\":\"2023-06-30T07:15:00+00:00\",\"dateModified\":\"2023-06-30T10:39:00+00:00\",\"mainEntityOfPage\":{\"@id\":\"https:\\\/\\\/www.fcbarcelonanoticias.com\\\/en\\\/transfers\\\/laporta-raises-chest-by-plante-gundogan-city-arriving-by-boat_293657_102.html\"},\"wordCount\":377,\"image\":{\"@id\":\"https:\\\/\\\/www.fcbarcelonanoticias.com\\\/en\\\/transfers\\\/laporta-raises-chest-by-plante-gundogan-city-arriving-by-boat_293657_102.html#primaryimage\"},\"thumbnailUrl\":\"https:\\\/\\\/www.fcbarcelonanoticias.com\\\/en\\\/wp-content\\\/uploads\\\/sites\\\/2\\\/2023\\\/06\\\/gundogan-con-su-primera-champions-league.jpeg\",\"keywords\":[\"Ilkay G\u00fcndogan\",\"Manchester City\"],\"articleSection\":[\"Transfers\",\"Transfers\"],\"inLanguage\":\"en-US\"},{\"@type\":\"WebPage\",\"@id\":\"https:\\\/\\\/www.fcbarcelonanoticias.com\\\/en\\\/transfers\\\/laporta-raises-chest-by-plante-gundogan-city-arriving-by-boat_293657_102.html\",\"url\":\"https:\\\/\\\/www.fcbarcelonanoticias.com\\\/en\\\/transfers\\\/laporta-raises-chest-by-plante-gundogan-city-arriving-by-boat_293657_102.html\",\"name\":\"Laporta puffs out his chest for G\u00fcndogan's 'plant' to City to reach Bar\u00e7a\",\"isPartOf\":{\"@id\":\"https:\\\/\\\/www.fcbarcelonanoticias.com\\\/en\\\/#website\"},\"primaryImageOfPage\":{\"@id\":\"https:\\\/\\\/www.fcbarcelonanoticias.com\\\/en\\\/transfers\\\/laporta-raises-chest-by-plante-gundogan-city-arriving-by-boat_293657_102.html#primaryimage\"},\"image\":{\"@id\":\"https:\\\/\\\/www.fcbarcelonanoticias.com\\\/en\\\/transfers\\\/laporta-raises-chest-by-plante-gundogan-city-arriving-by-boat_293657_102.html#primaryimage\"},\"thumbnailUrl\":\"https:\\\/\\\/www.fcbarcelonanoticias.com\\\/en\\\/wp-content\\\/uploads\\\/sites\\\/2\\\/2023\\\/06\\\/gundogan-con-su-primera-champions-league.jpeg\",\"datePublished\":\"2023-06-30T07:15:00+00:00\",\"dateModified\":\"2023-06-30T10:39:00+00:00\",\"author\":{\"@id\":\"\"},\"description\":\"The president of Bar\u00e7a, Joan Laporta, has offered some statements to the media in which he spoke, among many things, of the signing of Ilkay G\u00fcndogan\",\"breadcrumb\":{\"@id\":\"https:\\\/\\\/www.fcbarcelonanoticias.com\\\/en\\\/transfers\\\/laporta-raises-chest-by-plante-gundogan-city-arriving-by-boat_293657_102.html#breadcrumb\"},\"inLanguage\":\"en-US\",\"potentialAction\":[{\"@type\":\"ReadAction\",\"target\":[\"https:\\\/\\\/www.fcbarcelonanoticias.com\\\/en\\\/transfers\\\/laporta-raises-chest-by-plante-gundogan-city-arriving-by-boat_293657_102.html\"]}]},{\"@type\":\"ImageObject\",\"inLanguage\":\"en-US\",\"@id\":\"https:\\\/\\\/www.fcbarcelonanoticias.com\\\/en\\\/transfers\\\/laporta-raises-chest-by-plante-gundogan-city-arriving-by-boat_293657_102.html#primaryimage\",\"url\":\"https:\\\/\\\/www.fcbarcelonanoticias.com\\\/en\\\/wp-content\\\/uploads\\\/sites\\\/2\\\/2023\\\/06\\\/gundogan-con-su-primera-champions-league.jpeg\",\"contentUrl\":\"https:\\\/\\\/www.fcbarcelonanoticias.com\\\/en\\\/wp-content\\\/uploads\\\/sites\\\/2\\\/2023\\\/06\\\/gundogan-con-su-primera-champions-league.jpeg\",\"width\":1250,\"height\":750},{\"@type\":\"BreadcrumbList\",\"@id\":\"https:\\\/\\\/www.fcbarcelonanoticias.com\\\/en\\\/transfers\\\/laporta-raises-chest-by-plante-gundogan-city-arriving-by-boat_293657_102.html#breadcrumb\",\"itemListElement\":[{\"@type\":\"ListItem\",\"position\":1,\"name\":\"Portada\",\"item\":\"https:\\\/\\\/www.fcbarcelonanoticias.com\\\/en\\\/\"},{\"@type\":\"ListItem\",\"position\":2,\"name\":\"Laporta puffs out his chest for G\u00fcndogan&#8217;s &#8216;plant&#8217; to City to reach Bar\u00e7a\"}]},{\"@type\":\"WebSite\",\"@id\":\"https:\\\/\\\/www.fcbarcelonanoticias.com\\\/en\\\/#website\",\"url\":\"https:\\\/\\\/www.fcbarcelonanoticias.com\\\/en\\\/\",\"name\":\"EN - FC Barcelona Noticias\",\"description\":\"\",\"potentialAction\":[{\"@type\":\"SearchAction\",\"target\":{\"@type\":\"EntryPoint\",\"urlTemplate\":\"https:\\\/\\\/www.fcbarcelonanoticias.com\\\/en\\\/?s={search_term_string}\"},\"query-input\":{\"@type\":\"PropertyValueSpecification\",\"valueRequired\":true,\"valueName\":\"search_term_string\"}}],\"inLanguage\":\"en-US\"}]}<\/script>\n<!-- \/ Yoast SEO plugin. -->","yoast_head_json":{"title":"Laporta puffs out his chest for G\u00fcndogan's 'plant' to City to reach Bar\u00e7a","description":"The president of Bar\u00e7a, Joan Laporta, has offered some statements to the media in which he spoke, among many things, of the signing of Ilkay G\u00fcndogan","robots":{"index":"index","follow":"follow","max-snippet":"max-snippet:-1","max-image-preview":"max-image-preview:large","max-video-preview":"max-video-preview:-1"},"canonical":"https:\/\/www.fcbarcelonanoticias.com\/en\/transfers\/laporta-raises-chest-by-plante-gundogan-city-arriving-by-boat_293657_102.html","og_locale":"en_US","og_type":"article","og_title":"Laporta puffs out his chest for G\u00fcndogan's 'plant' to City to reach Bar\u00e7a","og_description":"The president of Bar\u00e7a, Joan Laporta, has offered some statements to the media in which he spoke, among many things, of the signing of Ilkay G\u00fcndogan","og_url":"https:\/\/www.fcbarcelonanoticias.com\/en\/transfers\/laporta-raises-chest-by-plante-gundogan-city-arriving-by-boat_293657_102.html","og_site_name":"EN - FC Barcelona Noticias","article_published_time":"2023-06-30T07:15:00+00:00","article_modified_time":"2023-06-30T10:39:00+00:00","og_image":[{"width":1250,"height":750,"url":"https:\/\/www.fcbarcelonanoticias.com\/en\/wp-content\/uploads\/sites\/2\/2023\/06\/gundogan-con-su-primera-champions-league.jpeg","type":"image\/jpeg"}],"twitter_card":"summary_large_image","twitter_misc":{"Est. reading time":"2 minutes"},"schema":{"@context":"https:\/\/schema.org","@graph":[{"@type":"Article","@id":"https:\/\/www.fcbarcelonanoticias.com\/en\/transfers\/laporta-raises-chest-by-plante-gundogan-city-arriving-by-boat_293657_102.html#article","isPartOf":{"@id":"https:\/\/www.fcbarcelonanoticias.com\/en\/transfers\/laporta-raises-chest-by-plante-gundogan-city-arriving-by-boat_293657_102.html"},"author":{"name":"","@id":""},"headline":"Laporta puffs out his chest for G\u00fcndogan&#8217;s &#8216;plant&#8217; to City to reach Bar\u00e7a","datePublished":"2023-06-30T07:15:00+00:00","dateModified":"2023-06-30T10:39:00+00:00","mainEntityOfPage":{"@id":"https:\/\/www.fcbarcelonanoticias.com\/en\/transfers\/laporta-raises-chest-by-plante-gundogan-city-arriving-by-boat_293657_102.html"},"wordCount":377,"image":{"@id":"https:\/\/www.fcbarcelonanoticias.com\/en\/transfers\/laporta-raises-chest-by-plante-gundogan-city-arriving-by-boat_293657_102.html#primaryimage"},"thumbnailUrl":"https:\/\/www.fcbarcelonanoticias.com\/en\/wp-content\/uploads\/sites\/2\/2023\/06\/gundogan-con-su-primera-champions-league.jpeg","keywords":["Ilkay G\u00fcndogan","Manchester City"],"articleSection":["Transfers","Transfers"],"inLanguage":"en-US"},{"@type":"WebPage","@id":"https:\/\/www.fcbarcelonanoticias.com\/en\/transfers\/laporta-raises-chest-by-plante-gundogan-city-arriving-by-boat_293657_102.html","url":"https:\/\/www.fcbarcelonanoticias.com\/en\/transfers\/laporta-raises-chest-by-plante-gundogan-city-arriving-by-boat_293657_102.html","name":"Laporta puffs out his chest for G\u00fcndogan's 'plant' to City to reach Bar\u00e7a","isPartOf":{"@id":"https:\/\/www.fcbarcelonanoticias.com\/en\/#website"},"primaryImageOfPage":{"@id":"https:\/\/www.fcbarcelonanoticias.com\/en\/transfers\/laporta-raises-chest-by-plante-gundogan-city-arriving-by-boat_293657_102.html#primaryimage"},"image":{"@id":"https:\/\/www.fcbarcelonanoticias.com\/en\/transfers\/laporta-raises-chest-by-plante-gundogan-city-arriving-by-boat_293657_102.html#primaryimage"},"thumbnailUrl":"https:\/\/www.fcbarcelonanoticias.com\/en\/wp-content\/uploads\/sites\/2\/2023\/06\/gundogan-con-su-primera-champions-league.jpeg","datePublished":"2023-06-30T07:15:00+00:00","dateModified":"2023-06-30T10:39:00+00:00","author":{"@id":""},"description":"The president of Bar\u00e7a, Joan Laporta, has offered some statements to the media in which he spoke, among many things, of the signing of Ilkay G\u00fcndogan","breadcrumb":{"@id":"https:\/\/www.fcbarcelonanoticias.com\/en\/transfers\/laporta-raises-chest-by-plante-gundogan-city-arriving-by-boat_293657_102.html#breadcrumb"},"inLanguage":"en-US","potentialAction":[{"@type":"ReadAction","target":["https:\/\/www.fcbarcelonanoticias.com\/en\/transfers\/laporta-raises-chest-by-plante-gundogan-city-arriving-by-boat_293657_102.html"]}]},{"@type":"ImageObject","inLanguage":"en-US","@id":"https:\/\/www.fcbarcelonanoticias.com\/en\/transfers\/laporta-raises-chest-by-plante-gundogan-city-arriving-by-boat_293657_102.html#primaryimage","url":"https:\/\/www.fcbarcelonanoticias.com\/en\/wp-content\/uploads\/sites\/2\/2023\/06\/gundogan-con-su-primera-champions-league.jpeg","contentUrl":"https:\/\/www.fcbarcelonanoticias.com\/en\/wp-content\/uploads\/sites\/2\/2023\/06\/gundogan-con-su-primera-champions-league.jpeg","width":1250,"height":750},{"@type":"BreadcrumbList","@id":"https:\/\/www.fcbarcelonanoticias.com\/en\/transfers\/laporta-raises-chest-by-plante-gundogan-city-arriving-by-boat_293657_102.html#breadcrumb","itemListElement":[{"@type":"ListItem","position":1,"name":"Portada","item":"https:\/\/www.fcbarcelonanoticias.com\/en\/"},{"@type":"ListItem","position":2,"name":"Laporta puffs out his chest for G\u00fcndogan&#8217;s &#8216;plant&#8217; to City to reach Bar\u00e7a"}]},{"@type":"WebSite","@id":"https:\/\/www.fcbarcelonanoticias.com\/en\/#website","url":"https:\/\/www.fcbarcelonanoticias.com\/en\/","name":"EN - FC Barcelona Noticias","description":"","potentialAction":[{"@type":"SearchAction","target":{"@type":"EntryPoint","urlTemplate":"https:\/\/www.fcbarcelonanoticias.com\/en\/?s={search_term_string}"},"query-input":{"@type":"PropertyValueSpecification","valueRequired":true,"valueName":"search_term_string"}}],"inLanguage":"en-US"}]}},"_links":{"self":[{"href":"https:\/\/www.fcbarcelonanoticias.com\/en\/wp-json\/wp\/v2\/posts\/61263","targetHints":{"allow":["GET"]}}],"collection":[{"href":"https:\/\/www.fcbarcelonanoticias.com\/en\/wp-json\/wp\/v2\/posts"}],"about":[{"href":"https:\/\/www.fcbarcelonanoticias.com\/en\/wp-json\/wp\/v2\/types\/post"}],"replies":[{"embeddable":true,"href":"https:\/\/www.fcbarcelonanoticias.com\/en\/wp-json\/wp\/v2\/comments?post=61263"}],"version-history":[{"count":1,"href":"https:\/\/www.fcbarcelonanoticias.com\/en\/wp-json\/wp\/v2\/posts\/61263\/revisions"}],"predecessor-version":[{"id":91970,"href":"https:\/\/www.fcbarcelonanoticias.com\/en\/wp-json\/wp\/v2\/posts\/61263\/revisions\/91970"}],"wp:featuredmedia":[{"embeddable":true,"href":"https:\/\/www.fcbarcelonanoticias.com\/en\/wp-json\/wp\/v2\/media\/61272"}],"wp:attachment":[{"href":"https:\/\/www.fcbarcelonanoticias.com\/en\/wp-json\/wp\/v2\/media?parent=61263"}],"wp:term":[{"taxonomy":"category","embeddable":true,"href":"https:\/\/www.fcbarcelonanoticias.com\/en\/wp-json\/wp\/v2\/categories?post=61263"},{"taxonomy":"post_tag","embeddable":true,"href":"https:\/\/www.fcbarcelonanoticias.com\/en\/wp-json\/wp\/v2\/tags?post=61263"}],"curies":[{"name":"wp","href":"https:\/\/api.w.org\/{rel}","templated":true}]}}