{"id":61282,"date":"2021-11-06T18:50:00","date_gmt":"2021-11-06T17:50:00","guid":{"rendered":"https:\/\/weisetech.dev\/fc-barcelona-noticias\/en\/video-summary-goals-and-best-actions-of-the-celta-barca-3-3_274631_102\/"},"modified":"2021-11-06T20:00:00","modified_gmt":"2021-11-06T19:00:00","slug":"video-summary-goals-and-best-actions-of-the-celta-barca-3-3_274631_102","status":"publish","type":"post","link":"https:\/\/www.fcbarcelonanoticias.com\/en\/laliga\/video-summary-goals-and-best-actions-of-the-celta-barca-3-3_274631_102.html","title":{"rendered":"VIDEO SUMMARY: The goals and the best actions of the Celta-Bar\u00e7a (3-3)"},"content":{"rendered":"<h2 class=\"wp-block-heading\">Video summary, goals and better played of the Celtic-Bar\u00e7a (3-3) of LaLiga Santander 2021-22. The Bar\u00e7a crashed  in a second unacceptable part after going goleando 0-3 in the first time<\/h2>  \r\n<div class=\"article-addons\">\r\n    <a href=\"https:\/\/www.fcbarcelonanoticias.com\/en\/calendar-fc-barcelona.html\"\r\n       target=\"_self\"\r\n       title=\"Calendar of FC Barcelona\"\r\n       class=\"blue-gredient-btn\">\r\n       \r\n        Calendar of FC Barcelona    <\/a>\r\n<\/div>   <p><strong>The goals of <a data-external=\"0\" data-intl-links-en=\"https:\/\/www.fcbarcelonanoticias.com\/en\/tags\/ansu-fati\" data-intl-links-es=\"https:\/\/www.fcbarcelonanoticias.com\/tags\/ansu-fati\" href=\"https:\/\/www.fcbarcelonanoticias.com\/en\/tags\/ansu-fati.html\" rel=\"follow\" target=\"_self\" title=\"Ansu Fati\">Ansu Fati<\/a>, Memphis Depay and Busquets were not sufficient<\/strong>, after arriving 0-3 to the rest, so that the FC Barcelona carried the three points of Bala\u00eddos in an afternoon of authentic nightmare. <strong>Iago Sails with a doublet and Nolito<\/strong>, taking advantage of the mental pie of the Bar\u00e7a in the second time, empataron finally the just party when it fulfilled the time stipulated of discount.<\/p>  <p>In addition to the abysmal result obtained by the cul\u00e9s, the gravest of all were <strong><a data-external=\"0\" data-intl-links-en=\"https:\/\/www.fcbarcelonanoticias.com\/en\/tags\/injured\" data-intl-links-es=\"https:\/\/www.fcbarcelonanoticias.com\/tags\/lesionados\" href=\"https:\/\/www.fcbarcelonanoticias.com\/en\/tags\/injured.html\" rel=\"follow\" target=\"_self\" title=\"Lesionados\">the injuries of Ansu Fati, Eric Garc\u00eda, Nico Gonz\u00e1lez<\/a><\/strong> and the slight annoyances of Gavi, that put to the team even more in picture when joining to the dilated infirmary. <strong>They are 11, theoretically, the players lesionados <\/strong>at present in the Barcelona staff&#8230; And desconoce the scope of many of them.<\/p>  <p>To continuation, present you a selection of <strong>the best video summaries of the party<\/strong> contested by <strong>Celtic of Vigo <\/strong>and <strong>FC Barcelona<\/strong>:<\/p>  <ul> <li><strong><a data-external=\"1\" href=\"https:\/\/www.marca.com\/en\/futbol\/primera-division\/celta-vs-barcelona\/cronica\/2021\/11\/06\/61866245268e3ef61c8b4583.html\" rel=\"nofollow\" target=\"_blank\" title=\"V\u00eddeo resumen del partido Celta Vigo 3-3 FC Barcelona en Marca\">Video summary of the Celtic party Vigo 3-3 FC Barcelona in Mark<\/a><\/strong><\/li> \t<li><strong><a data-external=\"1\" href=\"https:\/\/as.com\/en\/futbol\/2021\/11\/06\/primera\/1636204971_669106.html?m1=cG9ydGFkYV9wb3J0YWRh&amp;m2=QUNUVUFMSURBRA%3D%3D&amp;m3=MQ%3D%3D&amp;m4=bWFyY2Fkb3I%3D&amp;m5=MjM%3D\" rel=\"nofollow\" target=\"_blank\" title=\"V\u00eddeo resumen del partido Celta Vigo 3-3 FC Barcelona en AS\">Video summary of the Celtic party Vigo 3-3 FC Barcelona in ACE<\/a><\/strong><\/li> \t<li><strong><strong><a data-external=\"1\" href=\"https:\/\/www.sport.es\/en\/es\/noticias\/barca\/parte-medico-ansu-fati-barca-eric-12731670\" rel=\"nofollow\" target=\"_blank\" title=\"V\u00eddeo resumen del partido Celta Vigo 3-3 FC Barcelona en Sport\">Video summary of the Celtic party Vigo 3-3 FC Barcelona in Sport<\/a><\/strong><\/strong><\/li> \t<li><strong><strong><a data-external=\"1\" href=\"https:\/\/www.mundodeportivo.com\/en\/futbol\/fc-barcelona\/20211106\/1001709693\/3-3-aspas-deja-triunfo-barca-balaidos.html\" rel=\"nofollow\" target=\"_blank\" title=\"V\u00eddeo resumen del partido Celta Vigo 3-3 FC Barcelona en Mundo Deportivo\">Video summary of the Celtic party Vigo 3-3 FC Barcelona in Sportive World<\/a><\/strong><\/strong><\/li> \t<li><strong><strong><a data-external=\"1\" href=\"https:\/\/www.ccma.cat\/en\/esport3\/en-directe-celta-barca-partit-de-la-lliga\/noticia\/3128346\/\" rel=\"nofollow\" target=\"_blank\" title=\"V\u00eddeo resumen del partido Celta Vigo 3-3 FC Barcelona en Esport3\">Video summary of the Celtic party Vigo 3-3 FC Barcelona in Esport3<\/a><\/strong><\/strong><\/li> \t<li><strong>Video summary of the Celtic party Vigo 3-3 FC Barcelona in LaLiga\u200b<\/strong><\/li> <\/ul> <h3>The goals of the Celtic Vigo-FC Barcelona 3-3<\/h3>  <p><strong>0-1, Ansu Fati, min. 5:<\/strong> The &#8217;10&#8217; of the Bar\u00e7a took out of the basket a golazo, half unbalanced and esquinado, that fell like a vase of cold water to the Celtic and gave wings to the Bar\u00e7a, showing that it is in state of grace. <strong>0-2, Sergio Busquets, min. 18:<\/strong> The one of Bad\u00eda surprised to all from out of the area with one of the called &#8216;passes to the network&#8217; that put the second in the electronic for the cul\u00e9s. <strong>0-3, Memphis Depay, min. 34: <\/strong>After a jugad\u00f3n of Nico, Memphis finished of head a big centre of Jordi Alba, in career, to put the third in the marker in favour of the blaugrana. <strong>1-3, Iago Sails, min. 54: <\/strong>Ter Stegen did not attain to trap the spherical after a previous shot of a player of the Celtic, and Iago Sails collected the refuse to mark to pleasure.<strong> 2-3, Nolito, min. 72: <\/strong>unappealable Head butt of the of Sanl\u00facar de Barrameda for recortar distances and put the fear in the body to all the cul\u00e9s. <strong>3-3, Iago Sails, min. 90+6: <\/strong>it saw come. Golazo From out of the area of the Galician to punish the defensive passivity and the fault of competitive spirit of the team. It will fix it this Xavi?<\/p> ","protected":false},"excerpt":{"rendered":"<p>Video summary, goals and better played of the Celtic-Bar\u00e7a (3-3) of LaLiga Santander 2021-22. The Bar\u00e7a crashed in a second unacceptable part after going goleando 0-3 in the first time The goals of Ansu Fati, Memphis Depay and Busquets were not sufficient, after arriving 0-3 to the rest, so that the FC Barcelona carried the [&hellip;]<\/p>\n","protected":false},"author":392,"featured_media":61293,"comment_status":"closed","ping_status":"open","sticky":false,"template":"","format":"standard","meta":{"_acf_changed":false,"inline_featured_image":false,"_nextfly_llmd_date_locked":false,"footnotes":""},"categories":[448,114],"tags":[71,223],"class_list":["post-61282","post","type-post","status-publish","format-standard","has-post-thumbnail","hentry","category-laliga-2","category-laliga","tag-celtic-of-vigo","tag-video-summary"],"acf":[],"yoast_head":"<!-- This site is optimized with the Yoast SEO plugin v27.3 - https:\/\/yoast.com\/product\/yoast-seo-wordpress\/ -->\n<title>VIDEO SUMMARY: The goals and the best actions of the Celta-Bar\u00e7a (3-3)<\/title>\n<meta name=\"description\" content=\"Video summary, goals and better played of the Celtic-Bar\u00e7a (3-3) of LaLiga 2021-22. The Bar\u00e7a crashed in a second unacceptable part after going goleando 0-3 in the first time\" \/>\n<meta name=\"robots\" content=\"index, follow, max-snippet:-1, max-image-preview:large, max-video-preview:-1\" \/>\n<link rel=\"canonical\" href=\"https:\/\/www.fcbarcelonanoticias.com\/en\/laliga\/video-summary-goals-and-best-actions-of-the-celta-barca-3-3_274631_102.html\" \/>\n<meta property=\"og:locale\" content=\"en_US\" \/>\n<meta property=\"og:type\" content=\"article\" \/>\n<meta property=\"og:title\" content=\"VIDEO SUMMARY: The goals and the best actions of the Celta-Bar\u00e7a (3-3)\" \/>\n<meta property=\"og:description\" content=\"Video summary, goals and better played of the Celtic-Bar\u00e7a (3-3) of LaLiga 2021-22. The Bar\u00e7a crashed in a second unacceptable part after going goleando 0-3 in the first time\" \/>\n<meta property=\"og:url\" content=\"https:\/\/www.fcbarcelonanoticias.com\/en\/laliga\/video-summary-goals-and-best-actions-of-the-celta-barca-3-3_274631_102.html\" \/>\n<meta property=\"og:site_name\" content=\"EN - FC Barcelona Noticias\" \/>\n<meta property=\"article:published_time\" content=\"2021-11-06T17:50:00+00:00\" \/>\n<meta property=\"article:modified_time\" content=\"2021-11-06T19:00:00+00:00\" \/>\n<meta property=\"og:image\" content=\"https:\/\/www.fcbarcelonanoticias.com\/en\/wp-content\/uploads\/sites\/2\/2021\/11\/gol-busquets.jpeg\" \/>\n\t<meta property=\"og:image:width\" content=\"1200\" \/>\n\t<meta property=\"og:image:height\" content=\"675\" \/>\n\t<meta property=\"og:image:type\" content=\"image\/jpeg\" \/>\n<meta name=\"author\" content=\"user_4048\" \/>\n<meta name=\"twitter:card\" content=\"summary_large_image\" \/>\n<meta name=\"twitter:label1\" content=\"Written by\" \/>\n\t<meta name=\"twitter:data1\" content=\"user_4048\" \/>\n\t<meta name=\"twitter:label2\" content=\"Est. reading time\" \/>\n\t<meta name=\"twitter:data2\" content=\"2 minutes\" \/>\n<script type=\"application\/ld+json\" class=\"yoast-schema-graph\">{\"@context\":\"https:\\\/\\\/schema.org\",\"@graph\":[{\"@type\":\"Article\",\"@id\":\"https:\\\/\\\/www.fcbarcelonanoticias.com\\\/en\\\/laliga\\\/video-summary-goals-and-best-actions-of-the-celta-barca-3-3_274631_102.html#article\",\"isPartOf\":{\"@id\":\"https:\\\/\\\/www.fcbarcelonanoticias.com\\\/en\\\/laliga\\\/video-summary-goals-and-best-actions-of-the-celta-barca-3-3_274631_102.html\"},\"author\":{\"name\":\"user_4048\",\"@id\":\"https:\\\/\\\/www.fcbarcelonanoticias.com\\\/en\\\/#\\\/schema\\\/person\\\/fcdad55cab72b8d0e106d75506783b6d\"},\"headline\":\"VIDEO SUMMARY: The goals and the best actions of the Celta-Bar\u00e7a (3-3)\",\"datePublished\":\"2021-11-06T17:50:00+00:00\",\"dateModified\":\"2021-11-06T19:00:00+00:00\",\"mainEntityOfPage\":{\"@id\":\"https:\\\/\\\/www.fcbarcelonanoticias.com\\\/en\\\/laliga\\\/video-summary-goals-and-best-actions-of-the-celta-barca-3-3_274631_102.html\"},\"wordCount\":500,\"image\":{\"@id\":\"https:\\\/\\\/www.fcbarcelonanoticias.com\\\/en\\\/laliga\\\/video-summary-goals-and-best-actions-of-the-celta-barca-3-3_274631_102.html#primaryimage\"},\"thumbnailUrl\":\"https:\\\/\\\/www.fcbarcelonanoticias.com\\\/en\\\/wp-content\\\/uploads\\\/sites\\\/2\\\/2021\\\/11\\\/gol-busquets.jpeg\",\"keywords\":[\"Celtic of Vigo\",\"Video summary\"],\"articleSection\":[\"LaLiga\",\"LaLiga\"],\"inLanguage\":\"en-US\"},{\"@type\":\"WebPage\",\"@id\":\"https:\\\/\\\/www.fcbarcelonanoticias.com\\\/en\\\/laliga\\\/video-summary-goals-and-best-actions-of-the-celta-barca-3-3_274631_102.html\",\"url\":\"https:\\\/\\\/www.fcbarcelonanoticias.com\\\/en\\\/laliga\\\/video-summary-goals-and-best-actions-of-the-celta-barca-3-3_274631_102.html\",\"name\":\"VIDEO SUMMARY: The goals and the best actions of the Celta-Bar\u00e7a (3-3)\",\"isPartOf\":{\"@id\":\"https:\\\/\\\/www.fcbarcelonanoticias.com\\\/en\\\/#website\"},\"primaryImageOfPage\":{\"@id\":\"https:\\\/\\\/www.fcbarcelonanoticias.com\\\/en\\\/laliga\\\/video-summary-goals-and-best-actions-of-the-celta-barca-3-3_274631_102.html#primaryimage\"},\"image\":{\"@id\":\"https:\\\/\\\/www.fcbarcelonanoticias.com\\\/en\\\/laliga\\\/video-summary-goals-and-best-actions-of-the-celta-barca-3-3_274631_102.html#primaryimage\"},\"thumbnailUrl\":\"https:\\\/\\\/www.fcbarcelonanoticias.com\\\/en\\\/wp-content\\\/uploads\\\/sites\\\/2\\\/2021\\\/11\\\/gol-busquets.jpeg\",\"datePublished\":\"2021-11-06T17:50:00+00:00\",\"dateModified\":\"2021-11-06T19:00:00+00:00\",\"author\":{\"@id\":\"https:\\\/\\\/www.fcbarcelonanoticias.com\\\/en\\\/#\\\/schema\\\/person\\\/fcdad55cab72b8d0e106d75506783b6d\"},\"description\":\"Video summary, goals and better played of the Celtic-Bar\u00e7a (3-3) of LaLiga 2021-22. The Bar\u00e7a crashed in a second unacceptable part after going goleando 0-3 in the first time\",\"breadcrumb\":{\"@id\":\"https:\\\/\\\/www.fcbarcelonanoticias.com\\\/en\\\/laliga\\\/video-summary-goals-and-best-actions-of-the-celta-barca-3-3_274631_102.html#breadcrumb\"},\"inLanguage\":\"en-US\",\"potentialAction\":[{\"@type\":\"ReadAction\",\"target\":[\"https:\\\/\\\/www.fcbarcelonanoticias.com\\\/en\\\/laliga\\\/video-summary-goals-and-best-actions-of-the-celta-barca-3-3_274631_102.html\"]}]},{\"@type\":\"ImageObject\",\"inLanguage\":\"en-US\",\"@id\":\"https:\\\/\\\/www.fcbarcelonanoticias.com\\\/en\\\/laliga\\\/video-summary-goals-and-best-actions-of-the-celta-barca-3-3_274631_102.html#primaryimage\",\"url\":\"https:\\\/\\\/www.fcbarcelonanoticias.com\\\/en\\\/wp-content\\\/uploads\\\/sites\\\/2\\\/2021\\\/11\\\/gol-busquets.jpeg\",\"contentUrl\":\"https:\\\/\\\/www.fcbarcelonanoticias.com\\\/en\\\/wp-content\\\/uploads\\\/sites\\\/2\\\/2021\\\/11\\\/gol-busquets.jpeg\",\"width\":1200,\"height\":675},{\"@type\":\"BreadcrumbList\",\"@id\":\"https:\\\/\\\/www.fcbarcelonanoticias.com\\\/en\\\/laliga\\\/video-summary-goals-and-best-actions-of-the-celta-barca-3-3_274631_102.html#breadcrumb\",\"itemListElement\":[{\"@type\":\"ListItem\",\"position\":1,\"name\":\"Portada\",\"item\":\"https:\\\/\\\/www.fcbarcelonanoticias.com\\\/en\\\/\"},{\"@type\":\"ListItem\",\"position\":2,\"name\":\"VIDEO SUMMARY: The goals and the best actions of the Celta-Bar\u00e7a (3-3)\"}]},{\"@type\":\"WebSite\",\"@id\":\"https:\\\/\\\/www.fcbarcelonanoticias.com\\\/en\\\/#website\",\"url\":\"https:\\\/\\\/www.fcbarcelonanoticias.com\\\/en\\\/\",\"name\":\"EN - FC Barcelona Noticias\",\"description\":\"\",\"potentialAction\":[{\"@type\":\"SearchAction\",\"target\":{\"@type\":\"EntryPoint\",\"urlTemplate\":\"https:\\\/\\\/www.fcbarcelonanoticias.com\\\/en\\\/?s={search_term_string}\"},\"query-input\":{\"@type\":\"PropertyValueSpecification\",\"valueRequired\":true,\"valueName\":\"search_term_string\"}}],\"inLanguage\":\"en-US\"},{\"@type\":\"Person\",\"@id\":\"https:\\\/\\\/www.fcbarcelonanoticias.com\\\/en\\\/#\\\/schema\\\/person\\\/fcdad55cab72b8d0e106d75506783b6d\",\"name\":\"user_4048\",\"image\":{\"@type\":\"ImageObject\",\"inLanguage\":\"en-US\",\"@id\":\"https:\\\/\\\/secure.gravatar.com\\\/avatar\\\/?s=96&d=mm&r=g\",\"url\":\"https:\\\/\\\/secure.gravatar.com\\\/avatar\\\/?s=96&d=mm&r=g\",\"contentUrl\":\"https:\\\/\\\/secure.gravatar.com\\\/avatar\\\/?s=96&d=mm&r=g\",\"caption\":\"user_4048\"},\"url\":\"https:\\\/\\\/www.fcbarcelonanoticias.com\\\/en\\\/user_4048.html\"}]}<\/script>\n<!-- \/ Yoast SEO plugin. -->","yoast_head_json":{"title":"VIDEO SUMMARY: The goals and the best actions of the Celta-Bar\u00e7a (3-3)","description":"Video summary, goals and better played of the Celtic-Bar\u00e7a (3-3) of LaLiga 2021-22. The Bar\u00e7a crashed in a second unacceptable part after going goleando 0-3 in the first time","robots":{"index":"index","follow":"follow","max-snippet":"max-snippet:-1","max-image-preview":"max-image-preview:large","max-video-preview":"max-video-preview:-1"},"canonical":"https:\/\/www.fcbarcelonanoticias.com\/en\/laliga\/video-summary-goals-and-best-actions-of-the-celta-barca-3-3_274631_102.html","og_locale":"en_US","og_type":"article","og_title":"VIDEO SUMMARY: The goals and the best actions of the Celta-Bar\u00e7a (3-3)","og_description":"Video summary, goals and better played of the Celtic-Bar\u00e7a (3-3) of LaLiga 2021-22. The Bar\u00e7a crashed in a second unacceptable part after going goleando 0-3 in the first time","og_url":"https:\/\/www.fcbarcelonanoticias.com\/en\/laliga\/video-summary-goals-and-best-actions-of-the-celta-barca-3-3_274631_102.html","og_site_name":"EN - FC Barcelona Noticias","article_published_time":"2021-11-06T17:50:00+00:00","article_modified_time":"2021-11-06T19:00:00+00:00","og_image":[{"width":1200,"height":675,"url":"https:\/\/www.fcbarcelonanoticias.com\/en\/wp-content\/uploads\/sites\/2\/2021\/11\/gol-busquets.jpeg","type":"image\/jpeg"}],"author":"user_4048","twitter_card":"summary_large_image","twitter_misc":{"Written by":"user_4048","Est. reading time":"2 minutes"},"schema":{"@context":"https:\/\/schema.org","@graph":[{"@type":"Article","@id":"https:\/\/www.fcbarcelonanoticias.com\/en\/laliga\/video-summary-goals-and-best-actions-of-the-celta-barca-3-3_274631_102.html#article","isPartOf":{"@id":"https:\/\/www.fcbarcelonanoticias.com\/en\/laliga\/video-summary-goals-and-best-actions-of-the-celta-barca-3-3_274631_102.html"},"author":{"name":"user_4048","@id":"https:\/\/www.fcbarcelonanoticias.com\/en\/#\/schema\/person\/fcdad55cab72b8d0e106d75506783b6d"},"headline":"VIDEO SUMMARY: The goals and the best actions of the Celta-Bar\u00e7a (3-3)","datePublished":"2021-11-06T17:50:00+00:00","dateModified":"2021-11-06T19:00:00+00:00","mainEntityOfPage":{"@id":"https:\/\/www.fcbarcelonanoticias.com\/en\/laliga\/video-summary-goals-and-best-actions-of-the-celta-barca-3-3_274631_102.html"},"wordCount":500,"image":{"@id":"https:\/\/www.fcbarcelonanoticias.com\/en\/laliga\/video-summary-goals-and-best-actions-of-the-celta-barca-3-3_274631_102.html#primaryimage"},"thumbnailUrl":"https:\/\/www.fcbarcelonanoticias.com\/en\/wp-content\/uploads\/sites\/2\/2021\/11\/gol-busquets.jpeg","keywords":["Celtic of Vigo","Video summary"],"articleSection":["LaLiga","LaLiga"],"inLanguage":"en-US"},{"@type":"WebPage","@id":"https:\/\/www.fcbarcelonanoticias.com\/en\/laliga\/video-summary-goals-and-best-actions-of-the-celta-barca-3-3_274631_102.html","url":"https:\/\/www.fcbarcelonanoticias.com\/en\/laliga\/video-summary-goals-and-best-actions-of-the-celta-barca-3-3_274631_102.html","name":"VIDEO SUMMARY: The goals and the best actions of the Celta-Bar\u00e7a (3-3)","isPartOf":{"@id":"https:\/\/www.fcbarcelonanoticias.com\/en\/#website"},"primaryImageOfPage":{"@id":"https:\/\/www.fcbarcelonanoticias.com\/en\/laliga\/video-summary-goals-and-best-actions-of-the-celta-barca-3-3_274631_102.html#primaryimage"},"image":{"@id":"https:\/\/www.fcbarcelonanoticias.com\/en\/laliga\/video-summary-goals-and-best-actions-of-the-celta-barca-3-3_274631_102.html#primaryimage"},"thumbnailUrl":"https:\/\/www.fcbarcelonanoticias.com\/en\/wp-content\/uploads\/sites\/2\/2021\/11\/gol-busquets.jpeg","datePublished":"2021-11-06T17:50:00+00:00","dateModified":"2021-11-06T19:00:00+00:00","author":{"@id":"https:\/\/www.fcbarcelonanoticias.com\/en\/#\/schema\/person\/fcdad55cab72b8d0e106d75506783b6d"},"description":"Video summary, goals and better played of the Celtic-Bar\u00e7a (3-3) of LaLiga 2021-22. The Bar\u00e7a crashed in a second unacceptable part after going goleando 0-3 in the first time","breadcrumb":{"@id":"https:\/\/www.fcbarcelonanoticias.com\/en\/laliga\/video-summary-goals-and-best-actions-of-the-celta-barca-3-3_274631_102.html#breadcrumb"},"inLanguage":"en-US","potentialAction":[{"@type":"ReadAction","target":["https:\/\/www.fcbarcelonanoticias.com\/en\/laliga\/video-summary-goals-and-best-actions-of-the-celta-barca-3-3_274631_102.html"]}]},{"@type":"ImageObject","inLanguage":"en-US","@id":"https:\/\/www.fcbarcelonanoticias.com\/en\/laliga\/video-summary-goals-and-best-actions-of-the-celta-barca-3-3_274631_102.html#primaryimage","url":"https:\/\/www.fcbarcelonanoticias.com\/en\/wp-content\/uploads\/sites\/2\/2021\/11\/gol-busquets.jpeg","contentUrl":"https:\/\/www.fcbarcelonanoticias.com\/en\/wp-content\/uploads\/sites\/2\/2021\/11\/gol-busquets.jpeg","width":1200,"height":675},{"@type":"BreadcrumbList","@id":"https:\/\/www.fcbarcelonanoticias.com\/en\/laliga\/video-summary-goals-and-best-actions-of-the-celta-barca-3-3_274631_102.html#breadcrumb","itemListElement":[{"@type":"ListItem","position":1,"name":"Portada","item":"https:\/\/www.fcbarcelonanoticias.com\/en\/"},{"@type":"ListItem","position":2,"name":"VIDEO SUMMARY: The goals and the best actions of the Celta-Bar\u00e7a (3-3)"}]},{"@type":"WebSite","@id":"https:\/\/www.fcbarcelonanoticias.com\/en\/#website","url":"https:\/\/www.fcbarcelonanoticias.com\/en\/","name":"EN - FC Barcelona Noticias","description":"","potentialAction":[{"@type":"SearchAction","target":{"@type":"EntryPoint","urlTemplate":"https:\/\/www.fcbarcelonanoticias.com\/en\/?s={search_term_string}"},"query-input":{"@type":"PropertyValueSpecification","valueRequired":true,"valueName":"search_term_string"}}],"inLanguage":"en-US"},{"@type":"Person","@id":"https:\/\/www.fcbarcelonanoticias.com\/en\/#\/schema\/person\/fcdad55cab72b8d0e106d75506783b6d","name":"user_4048","image":{"@type":"ImageObject","inLanguage":"en-US","@id":"https:\/\/secure.gravatar.com\/avatar\/?s=96&d=mm&r=g","url":"https:\/\/secure.gravatar.com\/avatar\/?s=96&d=mm&r=g","contentUrl":"https:\/\/secure.gravatar.com\/avatar\/?s=96&d=mm&r=g","caption":"user_4048"},"url":"https:\/\/www.fcbarcelonanoticias.com\/en\/user_4048.html"}]}},"_links":{"self":[{"href":"https:\/\/www.fcbarcelonanoticias.com\/en\/wp-json\/wp\/v2\/posts\/61282","targetHints":{"allow":["GET"]}}],"collection":[{"href":"https:\/\/www.fcbarcelonanoticias.com\/en\/wp-json\/wp\/v2\/posts"}],"about":[{"href":"https:\/\/www.fcbarcelonanoticias.com\/en\/wp-json\/wp\/v2\/types\/post"}],"author":[{"embeddable":true,"href":"https:\/\/www.fcbarcelonanoticias.com\/en\/wp-json\/wp\/v2\/users\/392"}],"replies":[{"embeddable":true,"href":"https:\/\/www.fcbarcelonanoticias.com\/en\/wp-json\/wp\/v2\/comments?post=61282"}],"version-history":[{"count":1,"href":"https:\/\/www.fcbarcelonanoticias.com\/en\/wp-json\/wp\/v2\/posts\/61282\/revisions"}],"predecessor-version":[{"id":116847,"href":"https:\/\/www.fcbarcelonanoticias.com\/en\/wp-json\/wp\/v2\/posts\/61282\/revisions\/116847"}],"wp:featuredmedia":[{"embeddable":true,"href":"https:\/\/www.fcbarcelonanoticias.com\/en\/wp-json\/wp\/v2\/media\/61293"}],"wp:attachment":[{"href":"https:\/\/www.fcbarcelonanoticias.com\/en\/wp-json\/wp\/v2\/media?parent=61282"}],"wp:term":[{"taxonomy":"category","embeddable":true,"href":"https:\/\/www.fcbarcelonanoticias.com\/en\/wp-json\/wp\/v2\/categories?post=61282"},{"taxonomy":"post_tag","embeddable":true,"href":"https:\/\/www.fcbarcelonanoticias.com\/en\/wp-json\/wp\/v2\/tags?post=61282"}],"curies":[{"name":"wp","href":"https:\/\/api.w.org\/{rel}","templated":true}]}}