{"id":61368,"date":"2024-02-02T18:36:00","date_gmt":"2024-02-02T17:36:00","guid":{"rendered":"https:\/\/weisetech.dev\/fc-barcelona-noticias\/en\/sportive-alaves-fc-barcelona-the-possible-alignments-of-the-day-23-of-laliga-ea-sports_300495_102\/"},"modified":"2024-02-03T15:40:00","modified_gmt":"2024-02-03T14:40:00","slug":"sportive-alaves-fc-barcelona-the-possible-alignments-of-the-day-23-of-laliga-ea-sports_300495_102","status":"publish","type":"post","link":"https:\/\/www.fcbarcelonanoticias.com\/en\/laliga\/sportive-alaves-fc-barcelona-the-possible-alignments-of-the-day-23-of-laliga-ea-sports_300495_102.html","title":{"rendered":"Deportivo Alav\u00e9s-FC Barcelona: The possible lineups for matchday 23 of LaLiga EA Sports"},"content":{"rendered":"<h2 class=\"wp-block-heading\">FC Barcelona will visit Deportivo Alav\u00e9s with the obligation to add three and prevent the distance from the lead from increasing. Xavi Hern\u00e1ndez will have to make &#8216;tweaks&#8217; in his XI due to the large number of casualties in the squad<\/h2>  \r\n<div class=\"article-addons\">\r\n    <a href=\"https:\/\/www.fcbarcelonanoticias.com\/en\/calendar-fc-barcelona.html\"\r\n       target=\"_self\"\r\n       title=\"Calendar of FC Barcelona\"\r\n       class=\"blue-gredient-btn\">\r\n       \r\n        Calendar of FC Barcelona    <\/a>\r\n<\/div>   <p>The FC Barcelona visits this Saturday 3 of frebero, <a data-external=\"0\" data-intl-links-en=\"https:\/\/www.fcbarcelonanoticias.com\/en\/laliga\/deportivo-alaves-vs-fc-barcelona-on-television-when-where-to-watch-match-laliga-ea-sports_300493_102.html\" data-intl-links-es=\"https:\/\/www.fcbarcelonanoticias.com\/laliga\/deportivo-alaves-vs-fc-barcelona-en-television-cuando-donde-ver-partido-laliga-ea-sports_300493_102.html\" href=\"https:\/\/www.fcbarcelonanoticias.com\/en\/laliga\/deportivo-alaves-vs-fc-barcelona-on-television-when-where-to-watch-match-laliga-ea-sports_300493_102.html\" rel=\"follow\" target=\"_self\" title=\"Deportivo Alav\u00e9s vs FC Barcelona en Televisi\u00f3n: Cu\u00e1ndo y d\u00f3nde ver el partido de LaLiga EA Sports\">from the 18:30 hours (6:30 PM CET)<\/a>, to the Sportive Alav\u00e9s in a key day of LaLiga EA SPORTS 2023\/2024 by the derbi between Real Madrid and Athletic of Madrid.<strong> The classification can move during this weekend and the ones of Xavi Hern\u00e1ndez are forced to do the works -before that his rivals- to try keep stuck in the competition.<\/strong><\/p>  <p>The big &#8216;problem&#8217; for the Bar\u00e7a is that it arrives to the party in Mendizorroza with a big number of drops that condition the plans of the trainer egarense. Ferran Torres has been the last piece in falling in the infirmary and everything seems to indicate to that the cul\u00e9s could go back to play with four midfield players, with Ferm\u00edn L\u00f3pez like big benefited.<strong> To continuation, our forecast of the alignments for the party of the day 23 of LaLiga:<\/strong><\/p>  <h2>Likely alignments of the Sportive Alav\u00e9s vs FC Barcelona of LaLiga<\/h2>  <ul> <li> <strong>XI of the Sportive Alav\u00e9s: <\/strong>Sivera; Tenaglia, Rafa Mar\u00edn, Abqar, Javi L\u00f3pez; Guevara, White, Guridi; Carlos Vicente, Rioja and Omorodion.<\/li> \t<li> <strong>XI of the FC Barcelona: <\/strong>I\u00f1aki Crag; Kound\u00e9, Christensen, Ara\u00fajo,Cancel; Pedri, Of Jong, G\u00fcndo\u011fan, Ferm\u00edn; Lewandowski and Lamine Yamal.<\/li> <\/ul> <h2>I\u00f1aki Crag<\/h2>  <p><strong>The guardameta Alicante will add a new titularity and probably one of the last<\/strong>. Marc-Andr\u00e9 ter Stegen is in the final stages of his recovery and foresees that it can be of return in two weeks, for the dispute of the eighth of the Champions League. Against the Osasuna achieved to keep the goal to zero and in the visit to the Sportive Alav\u00e9s will try to repeat the history.<\/p>  <h2>Kound\u00e9-Christensen-Ara\u00fajo-Cancel<\/h2>  <p><strong>In the defence the only doubt is if it will repeat titularity Pau Cubars\u00ed or no<\/strong>. What yes seems sure is that Jules Kound\u00e9 will split in the right side, with Ronald Ara\u00fajo like main protagonist in the axis of the defence and with Andreas Christensen like possible mate. Joao Cancel, that already gave an assistance against the Osasuna, will split by the left-handed band.<\/p>  <h2>Pedri-Of Jong-G\u00fcndogan-Ferm\u00edn<\/h2>  <p>In the centre of the field, in front of the absences of Joao F\u00e9lix and Ferran Torres,<strong> the most likely is that Xavi Hern\u00e1ndez bet by four footballers<\/strong>. Pedri, Of Jong and G\u00fcndogan already are usual in the XI Barcelona, but Ferm\u00edn L\u00f3pez can be the big benefited with a new titularity. Against the Osasuna went in to the 4 minutes and left good feelings.<\/p>  <h2>Lewandowski-Lamine<\/h2>  <p>In the forward, the forecast is that only they play two attackers &#8216;natural&#8217; against the Alav\u00e9s. Lamine Yamal is being the player more desequilibrante of the Bar\u00e7a in these last weeks and will keep on being to title to accompany to Robert Lewandowski that follows without being fine of face to the rival goal.<strong> Vitor Roque Splits like the big alternative from the bench. <\/strong><\/p> ","protected":false},"excerpt":{"rendered":"<p>FC Barcelona will visit Deportivo Alav\u00e9s with the obligation to add three and prevent the distance from the lead from increasing. Xavi Hern\u00e1ndez will have to make &#8216;tweaks&#8217; in his XI due to the large number of casualties in the squad The FC Barcelona visits this Saturday 3 of frebero, from the 18:30 hours (6:30 [&hellip;]<\/p>\n","protected":false},"author":0,"featured_media":61371,"comment_status":"closed","ping_status":"open","sticky":false,"template":"","format":"standard","meta":{"_acf_changed":false,"inline_featured_image":false,"_nextfly_llmd_date_locked":false,"footnotes":""},"categories":[448,114],"tags":[344,201],"class_list":["post-61368","post","type-post","status-publish","format-standard","has-post-thumbnail","hentry","category-laliga-2","category-laliga","tag-alaves","tag-lineups"],"acf":[],"yoast_head":"<!-- This site is optimized with the Yoast SEO plugin v27.3 - https:\/\/yoast.com\/product\/yoast-seo-wordpress\/ -->\n<title>Sportive Alav\u00e9s-FC Barcelona: The possible alignments of the day 23 of LaLiga EA Sports<\/title>\n<meta name=\"description\" content=\"The FC Barcelona will visit to the Sportive Alav\u00e9s with the obligation to add of to three and avoid that it increase the distance with the leadership. Xavi Hern\u00e1ndez will have to do &#039;retouchings&#039; in his XI by the big number of drops that has the staff\" \/>\n<meta name=\"robots\" content=\"index, follow, max-snippet:-1, max-image-preview:large, max-video-preview:-1\" \/>\n<link rel=\"canonical\" href=\"https:\/\/www.fcbarcelonanoticias.com\/en\/laliga\/sportive-alaves-fc-barcelona-the-possible-alignments-of-the-day-23-of-laliga-ea-sports_300495_102.html\" \/>\n<meta property=\"og:locale\" content=\"en_US\" \/>\n<meta property=\"og:type\" content=\"article\" \/>\n<meta property=\"og:title\" content=\"Sportive Alav\u00e9s-FC Barcelona: The possible alignments of the day 23 of LaLiga EA Sports\" \/>\n<meta property=\"og:description\" content=\"The FC Barcelona will visit to the Sportive Alav\u00e9s with the obligation to add of to three and avoid that it increase the distance with the leadership. Xavi Hern\u00e1ndez will have to do &#039;retouchings&#039; in his XI by the big number of drops that has the staff\" \/>\n<meta property=\"og:url\" content=\"https:\/\/www.fcbarcelonanoticias.com\/en\/laliga\/sportive-alaves-fc-barcelona-the-possible-alignments-of-the-day-23-of-laliga-ea-sports_300495_102.html\" \/>\n<meta property=\"og:site_name\" content=\"EN - FC Barcelona Noticias\" \/>\n<meta property=\"article:published_time\" content=\"2024-02-02T17:36:00+00:00\" \/>\n<meta property=\"article:modified_time\" content=\"2024-02-03T14:40:00+00:00\" \/>\n<meta property=\"og:image\" content=\"https:\/\/www.fcbarcelonanoticias.com\/en\/wp-content\/uploads\/sites\/2\/2024\/02\/alineacion-probable-del-alaves-barca-de-laliga.jpeg\" \/>\n\t<meta property=\"og:image:width\" content=\"1200\" \/>\n\t<meta property=\"og:image:height\" content=\"675\" \/>\n\t<meta property=\"og:image:type\" content=\"image\/jpeg\" \/>\n<meta name=\"twitter:card\" content=\"summary_large_image\" \/>\n<meta name=\"twitter:label1\" content=\"Est. reading time\" \/>\n\t<meta name=\"twitter:data1\" content=\"3 minutes\" \/>\n<script type=\"application\/ld+json\" class=\"yoast-schema-graph\">{\"@context\":\"https:\\\/\\\/schema.org\",\"@graph\":[{\"@type\":\"Article\",\"@id\":\"https:\\\/\\\/www.fcbarcelonanoticias.com\\\/en\\\/laliga\\\/sportive-alaves-fc-barcelona-the-possible-alignments-of-the-day-23-of-laliga-ea-sports_300495_102.html#article\",\"isPartOf\":{\"@id\":\"https:\\\/\\\/www.fcbarcelonanoticias.com\\\/en\\\/laliga\\\/sportive-alaves-fc-barcelona-the-possible-alignments-of-the-day-23-of-laliga-ea-sports_300495_102.html\"},\"author\":{\"name\":\"\",\"@id\":\"\"},\"headline\":\"Deportivo Alav\u00e9s-FC Barcelona: The possible lineups for matchday 23 of LaLiga EA Sports\",\"datePublished\":\"2024-02-02T17:36:00+00:00\",\"dateModified\":\"2024-02-03T14:40:00+00:00\",\"mainEntityOfPage\":{\"@id\":\"https:\\\/\\\/www.fcbarcelonanoticias.com\\\/en\\\/laliga\\\/sportive-alaves-fc-barcelona-the-possible-alignments-of-the-day-23-of-laliga-ea-sports_300495_102.html\"},\"wordCount\":550,\"image\":{\"@id\":\"https:\\\/\\\/www.fcbarcelonanoticias.com\\\/en\\\/laliga\\\/sportive-alaves-fc-barcelona-the-possible-alignments-of-the-day-23-of-laliga-ea-sports_300495_102.html#primaryimage\"},\"thumbnailUrl\":\"https:\\\/\\\/www.fcbarcelonanoticias.com\\\/en\\\/wp-content\\\/uploads\\\/sites\\\/2\\\/2024\\\/02\\\/alineacion-probable-del-alaves-barca-de-laliga.jpeg\",\"keywords\":[\"Alav\u00e9s\",\"FC Barcelona Lineups\"],\"articleSection\":[\"LaLiga\",\"LaLiga\"],\"inLanguage\":\"en-US\"},{\"@type\":\"WebPage\",\"@id\":\"https:\\\/\\\/www.fcbarcelonanoticias.com\\\/en\\\/laliga\\\/sportive-alaves-fc-barcelona-the-possible-alignments-of-the-day-23-of-laliga-ea-sports_300495_102.html\",\"url\":\"https:\\\/\\\/www.fcbarcelonanoticias.com\\\/en\\\/laliga\\\/sportive-alaves-fc-barcelona-the-possible-alignments-of-the-day-23-of-laliga-ea-sports_300495_102.html\",\"name\":\"Sportive Alav\u00e9s-FC Barcelona: The possible alignments of the day 23 of LaLiga EA Sports\",\"isPartOf\":{\"@id\":\"https:\\\/\\\/www.fcbarcelonanoticias.com\\\/en\\\/#website\"},\"primaryImageOfPage\":{\"@id\":\"https:\\\/\\\/www.fcbarcelonanoticias.com\\\/en\\\/laliga\\\/sportive-alaves-fc-barcelona-the-possible-alignments-of-the-day-23-of-laliga-ea-sports_300495_102.html#primaryimage\"},\"image\":{\"@id\":\"https:\\\/\\\/www.fcbarcelonanoticias.com\\\/en\\\/laliga\\\/sportive-alaves-fc-barcelona-the-possible-alignments-of-the-day-23-of-laliga-ea-sports_300495_102.html#primaryimage\"},\"thumbnailUrl\":\"https:\\\/\\\/www.fcbarcelonanoticias.com\\\/en\\\/wp-content\\\/uploads\\\/sites\\\/2\\\/2024\\\/02\\\/alineacion-probable-del-alaves-barca-de-laliga.jpeg\",\"datePublished\":\"2024-02-02T17:36:00+00:00\",\"dateModified\":\"2024-02-03T14:40:00+00:00\",\"author\":{\"@id\":\"\"},\"description\":\"The FC Barcelona will visit to the Sportive Alav\u00e9s with the obligation to add of to three and avoid that it increase the distance with the leadership. Xavi Hern\u00e1ndez will have to do 'retouchings' in his XI by the big number of drops that has the staff\",\"breadcrumb\":{\"@id\":\"https:\\\/\\\/www.fcbarcelonanoticias.com\\\/en\\\/laliga\\\/sportive-alaves-fc-barcelona-the-possible-alignments-of-the-day-23-of-laliga-ea-sports_300495_102.html#breadcrumb\"},\"inLanguage\":\"en-US\",\"potentialAction\":[{\"@type\":\"ReadAction\",\"target\":[\"https:\\\/\\\/www.fcbarcelonanoticias.com\\\/en\\\/laliga\\\/sportive-alaves-fc-barcelona-the-possible-alignments-of-the-day-23-of-laliga-ea-sports_300495_102.html\"]}]},{\"@type\":\"ImageObject\",\"inLanguage\":\"en-US\",\"@id\":\"https:\\\/\\\/www.fcbarcelonanoticias.com\\\/en\\\/laliga\\\/sportive-alaves-fc-barcelona-the-possible-alignments-of-the-day-23-of-laliga-ea-sports_300495_102.html#primaryimage\",\"url\":\"https:\\\/\\\/www.fcbarcelonanoticias.com\\\/en\\\/wp-content\\\/uploads\\\/sites\\\/2\\\/2024\\\/02\\\/alineacion-probable-del-alaves-barca-de-laliga.jpeg\",\"contentUrl\":\"https:\\\/\\\/www.fcbarcelonanoticias.com\\\/en\\\/wp-content\\\/uploads\\\/sites\\\/2\\\/2024\\\/02\\\/alineacion-probable-del-alaves-barca-de-laliga.jpeg\",\"width\":1200,\"height\":675},{\"@type\":\"BreadcrumbList\",\"@id\":\"https:\\\/\\\/www.fcbarcelonanoticias.com\\\/en\\\/laliga\\\/sportive-alaves-fc-barcelona-the-possible-alignments-of-the-day-23-of-laliga-ea-sports_300495_102.html#breadcrumb\",\"itemListElement\":[{\"@type\":\"ListItem\",\"position\":1,\"name\":\"Portada\",\"item\":\"https:\\\/\\\/www.fcbarcelonanoticias.com\\\/en\\\/\"},{\"@type\":\"ListItem\",\"position\":2,\"name\":\"Deportivo Alav\u00e9s-FC Barcelona: The possible lineups for matchday 23 of LaLiga EA Sports\"}]},{\"@type\":\"WebSite\",\"@id\":\"https:\\\/\\\/www.fcbarcelonanoticias.com\\\/en\\\/#website\",\"url\":\"https:\\\/\\\/www.fcbarcelonanoticias.com\\\/en\\\/\",\"name\":\"EN - FC Barcelona Noticias\",\"description\":\"\",\"potentialAction\":[{\"@type\":\"SearchAction\",\"target\":{\"@type\":\"EntryPoint\",\"urlTemplate\":\"https:\\\/\\\/www.fcbarcelonanoticias.com\\\/en\\\/?s={search_term_string}\"},\"query-input\":{\"@type\":\"PropertyValueSpecification\",\"valueRequired\":true,\"valueName\":\"search_term_string\"}}],\"inLanguage\":\"en-US\"}]}<\/script>\n<!-- \/ Yoast SEO plugin. -->","yoast_head_json":{"title":"Sportive Alav\u00e9s-FC Barcelona: The possible alignments of the day 23 of LaLiga EA Sports","description":"The FC Barcelona will visit to the Sportive Alav\u00e9s with the obligation to add of to three and avoid that it increase the distance with the leadership. Xavi Hern\u00e1ndez will have to do 'retouchings' in his XI by the big number of drops that has the staff","robots":{"index":"index","follow":"follow","max-snippet":"max-snippet:-1","max-image-preview":"max-image-preview:large","max-video-preview":"max-video-preview:-1"},"canonical":"https:\/\/www.fcbarcelonanoticias.com\/en\/laliga\/sportive-alaves-fc-barcelona-the-possible-alignments-of-the-day-23-of-laliga-ea-sports_300495_102.html","og_locale":"en_US","og_type":"article","og_title":"Sportive Alav\u00e9s-FC Barcelona: The possible alignments of the day 23 of LaLiga EA Sports","og_description":"The FC Barcelona will visit to the Sportive Alav\u00e9s with the obligation to add of to three and avoid that it increase the distance with the leadership. Xavi Hern\u00e1ndez will have to do 'retouchings' in his XI by the big number of drops that has the staff","og_url":"https:\/\/www.fcbarcelonanoticias.com\/en\/laliga\/sportive-alaves-fc-barcelona-the-possible-alignments-of-the-day-23-of-laliga-ea-sports_300495_102.html","og_site_name":"EN - FC Barcelona Noticias","article_published_time":"2024-02-02T17:36:00+00:00","article_modified_time":"2024-02-03T14:40:00+00:00","og_image":[{"width":1200,"height":675,"url":"https:\/\/www.fcbarcelonanoticias.com\/en\/wp-content\/uploads\/sites\/2\/2024\/02\/alineacion-probable-del-alaves-barca-de-laliga.jpeg","type":"image\/jpeg"}],"twitter_card":"summary_large_image","twitter_misc":{"Est. reading time":"3 minutes"},"schema":{"@context":"https:\/\/schema.org","@graph":[{"@type":"Article","@id":"https:\/\/www.fcbarcelonanoticias.com\/en\/laliga\/sportive-alaves-fc-barcelona-the-possible-alignments-of-the-day-23-of-laliga-ea-sports_300495_102.html#article","isPartOf":{"@id":"https:\/\/www.fcbarcelonanoticias.com\/en\/laliga\/sportive-alaves-fc-barcelona-the-possible-alignments-of-the-day-23-of-laliga-ea-sports_300495_102.html"},"author":{"name":"","@id":""},"headline":"Deportivo Alav\u00e9s-FC Barcelona: The possible lineups for matchday 23 of LaLiga EA Sports","datePublished":"2024-02-02T17:36:00+00:00","dateModified":"2024-02-03T14:40:00+00:00","mainEntityOfPage":{"@id":"https:\/\/www.fcbarcelonanoticias.com\/en\/laliga\/sportive-alaves-fc-barcelona-the-possible-alignments-of-the-day-23-of-laliga-ea-sports_300495_102.html"},"wordCount":550,"image":{"@id":"https:\/\/www.fcbarcelonanoticias.com\/en\/laliga\/sportive-alaves-fc-barcelona-the-possible-alignments-of-the-day-23-of-laliga-ea-sports_300495_102.html#primaryimage"},"thumbnailUrl":"https:\/\/www.fcbarcelonanoticias.com\/en\/wp-content\/uploads\/sites\/2\/2024\/02\/alineacion-probable-del-alaves-barca-de-laliga.jpeg","keywords":["Alav\u00e9s","FC Barcelona Lineups"],"articleSection":["LaLiga","LaLiga"],"inLanguage":"en-US"},{"@type":"WebPage","@id":"https:\/\/www.fcbarcelonanoticias.com\/en\/laliga\/sportive-alaves-fc-barcelona-the-possible-alignments-of-the-day-23-of-laliga-ea-sports_300495_102.html","url":"https:\/\/www.fcbarcelonanoticias.com\/en\/laliga\/sportive-alaves-fc-barcelona-the-possible-alignments-of-the-day-23-of-laliga-ea-sports_300495_102.html","name":"Sportive Alav\u00e9s-FC Barcelona: The possible alignments of the day 23 of LaLiga EA Sports","isPartOf":{"@id":"https:\/\/www.fcbarcelonanoticias.com\/en\/#website"},"primaryImageOfPage":{"@id":"https:\/\/www.fcbarcelonanoticias.com\/en\/laliga\/sportive-alaves-fc-barcelona-the-possible-alignments-of-the-day-23-of-laliga-ea-sports_300495_102.html#primaryimage"},"image":{"@id":"https:\/\/www.fcbarcelonanoticias.com\/en\/laliga\/sportive-alaves-fc-barcelona-the-possible-alignments-of-the-day-23-of-laliga-ea-sports_300495_102.html#primaryimage"},"thumbnailUrl":"https:\/\/www.fcbarcelonanoticias.com\/en\/wp-content\/uploads\/sites\/2\/2024\/02\/alineacion-probable-del-alaves-barca-de-laliga.jpeg","datePublished":"2024-02-02T17:36:00+00:00","dateModified":"2024-02-03T14:40:00+00:00","author":{"@id":""},"description":"The FC Barcelona will visit to the Sportive Alav\u00e9s with the obligation to add of to three and avoid that it increase the distance with the leadership. Xavi Hern\u00e1ndez will have to do 'retouchings' in his XI by the big number of drops that has the staff","breadcrumb":{"@id":"https:\/\/www.fcbarcelonanoticias.com\/en\/laliga\/sportive-alaves-fc-barcelona-the-possible-alignments-of-the-day-23-of-laliga-ea-sports_300495_102.html#breadcrumb"},"inLanguage":"en-US","potentialAction":[{"@type":"ReadAction","target":["https:\/\/www.fcbarcelonanoticias.com\/en\/laliga\/sportive-alaves-fc-barcelona-the-possible-alignments-of-the-day-23-of-laliga-ea-sports_300495_102.html"]}]},{"@type":"ImageObject","inLanguage":"en-US","@id":"https:\/\/www.fcbarcelonanoticias.com\/en\/laliga\/sportive-alaves-fc-barcelona-the-possible-alignments-of-the-day-23-of-laliga-ea-sports_300495_102.html#primaryimage","url":"https:\/\/www.fcbarcelonanoticias.com\/en\/wp-content\/uploads\/sites\/2\/2024\/02\/alineacion-probable-del-alaves-barca-de-laliga.jpeg","contentUrl":"https:\/\/www.fcbarcelonanoticias.com\/en\/wp-content\/uploads\/sites\/2\/2024\/02\/alineacion-probable-del-alaves-barca-de-laliga.jpeg","width":1200,"height":675},{"@type":"BreadcrumbList","@id":"https:\/\/www.fcbarcelonanoticias.com\/en\/laliga\/sportive-alaves-fc-barcelona-the-possible-alignments-of-the-day-23-of-laliga-ea-sports_300495_102.html#breadcrumb","itemListElement":[{"@type":"ListItem","position":1,"name":"Portada","item":"https:\/\/www.fcbarcelonanoticias.com\/en\/"},{"@type":"ListItem","position":2,"name":"Deportivo Alav\u00e9s-FC Barcelona: The possible lineups for matchday 23 of LaLiga EA Sports"}]},{"@type":"WebSite","@id":"https:\/\/www.fcbarcelonanoticias.com\/en\/#website","url":"https:\/\/www.fcbarcelonanoticias.com\/en\/","name":"EN - FC Barcelona Noticias","description":"","potentialAction":[{"@type":"SearchAction","target":{"@type":"EntryPoint","urlTemplate":"https:\/\/www.fcbarcelonanoticias.com\/en\/?s={search_term_string}"},"query-input":{"@type":"PropertyValueSpecification","valueRequired":true,"valueName":"search_term_string"}}],"inLanguage":"en-US"}]}},"_links":{"self":[{"href":"https:\/\/www.fcbarcelonanoticias.com\/en\/wp-json\/wp\/v2\/posts\/61368","targetHints":{"allow":["GET"]}}],"collection":[{"href":"https:\/\/www.fcbarcelonanoticias.com\/en\/wp-json\/wp\/v2\/posts"}],"about":[{"href":"https:\/\/www.fcbarcelonanoticias.com\/en\/wp-json\/wp\/v2\/types\/post"}],"replies":[{"embeddable":true,"href":"https:\/\/www.fcbarcelonanoticias.com\/en\/wp-json\/wp\/v2\/comments?post=61368"}],"version-history":[{"count":1,"href":"https:\/\/www.fcbarcelonanoticias.com\/en\/wp-json\/wp\/v2\/posts\/61368\/revisions"}],"predecessor-version":[{"id":61370,"href":"https:\/\/www.fcbarcelonanoticias.com\/en\/wp-json\/wp\/v2\/posts\/61368\/revisions\/61370"}],"wp:featuredmedia":[{"embeddable":true,"href":"https:\/\/www.fcbarcelonanoticias.com\/en\/wp-json\/wp\/v2\/media\/61371"}],"wp:attachment":[{"href":"https:\/\/www.fcbarcelonanoticias.com\/en\/wp-json\/wp\/v2\/media?parent=61368"}],"wp:term":[{"taxonomy":"category","embeddable":true,"href":"https:\/\/www.fcbarcelonanoticias.com\/en\/wp-json\/wp\/v2\/categories?post=61368"},{"taxonomy":"post_tag","embeddable":true,"href":"https:\/\/www.fcbarcelonanoticias.com\/en\/wp-json\/wp\/v2\/tags?post=61368"}],"curies":[{"name":"wp","href":"https:\/\/api.w.org\/{rel}","templated":true}]}}