{"id":61586,"date":"2025-09-27T23:15:00","date_gmt":"2025-09-27T21:15:00","guid":{"rendered":"https:\/\/weisetech.dev\/fc-barcelona-noticias\/en\/szczesny-returns-to-barcelona-goal-four-months-later_314854_102\/"},"modified":"2026-04-16T09:23:47","modified_gmt":"2026-04-16T07:23:47","slug":"szczesny-returns-to-barcelona-goal-four-months-later_314854_102","status":"publish","type":"post","link":"https:\/\/www.fcbarcelonanoticias.com\/en\/laliga\/szczesny-returns-to-barcelona-goal-four-months-later_314854_102.html","title":{"rendered":"Szczesny returns to Barcelona&#8217;s goal four months later"},"content":{"rendered":"<h2 class=\"wp-block-heading\">Wojciech Szczesny will return to the starting lineup this Sunday (6:30 PM CEST) with Bar\u00e7a against Real Sociedad. The Pole receives a golden opportunity thanks to the injury of Joan Garc\u00eda<\/h2>  \r\n<div class=\"article-addons\">\r\n    <a href=\"https:\/\/www.fcbarcelonanoticias.com\/en\/calendar-fc-barcelona.html\"\r\n       target=\"_self\"\r\n       title=\"Calendar of FC Barcelona\"\r\n       class=\"blue-gredient-btn\">\r\n       \r\n        Calendar of FC Barcelona    <\/a>\r\n<\/div>   <p><a data-external=\"0\" data-intl-links-en=\"https:\/\/www.fcbarcelonanoticias.com\/en\/laliga\/barcelona-vs-real-sociedad-liga-match-schedule-and-tv_314853_102.html\" data-intl-links-es=\"https:\/\/www.fcbarcelonanoticias.com\/laliga\/barcelona-vs-real-sociedad-en-directo-online-cuando-donde-ver-partido-en-tv_314853_102.html\" href=\"https:\/\/www.fcbarcelonanoticias.com\/en\/laliga\/barcelona-vs-real-sociedad-liga-match-schedule-and-tv_314853_102.html\" rel=\"follow\" target=\"_self\" title=\"Barcelona vs Real Sociedad live and online: when and where to watch the match on TV\">FC Barcelona hosts Real Sociedad this Sunday (6:30 PM CEST)<\/a> in their third match as locals in <strong>LaLiga EA Sports 2025\/26<\/strong>. <strong>Hansi Flick&#8217;s<\/strong> team arrives to the match with new sensitive losses after confirming <a data-external=\"0\" data-intl-links-en=\"https:\/\/www.fcbarcelonanoticias.com\/en\/fc-barcelona\/fc-barcelona-infirmary-confirmed-returns-and-absences_314845_102.html\" data-intl-links-es=\"https:\/\/www.fcbarcelonanoticias.com\/fc-barcelona\/lesionados-fc-barcelona-bajas-real-sociedad_314845_102.html\" href=\"https:\/\/www.fcbarcelonanoticias.com\/en\/fc-barcelona\/fc-barcelona-infirmary-confirmed-returns-and-absences_314845_102.html\" rel=\"follow\" target=\"_self\" title=\"This is the FC Barcelona infirmary after the injuries of Joan Garc\u00eda and Raphinha\">the injuries of Raphinha and Joan Garc\u00eda<\/a>. The absence of the Catalan goalkeeper opens the doors of the XI to <strong>Wojciech Szczesny<\/strong>.<\/p>  <p>The Pole seems to be touched by the magic wand this 2025. In January, <strong>a delay of I\u00f1aki Pe\u00f1a<\/strong> to a session of the squad allowed him to take the position, after almost three months as a substitute for the Alicante native. &#8216;Tek&#8217; renewed in July for two more years, until June 2027 and, now, he has a golden opportunity to regain prominence.<\/p>  <p><a data-external=\"0\" data-intl-links-en=\"https:\/\/www.fcbarcelonanoticias.com\/en\/fc-barcelona\/all-the-statistics-of-barca-s-squad-in-the-2025-preseason_313965_102.html\" data-intl-links-es=\"https:\/\/www.fcbarcelonanoticias.com\/fc-barcelona\/fc-barcelona-estadisticas-plantilla-pretemporada-2025_313965_102.html\" href=\"https:\/\/www.fcbarcelonanoticias.com\/en\/fc-barcelona\/all-the-statistics-of-barca-s-squad-in-the-2025-preseason_313965_102.html\" rel=\"follow\" target=\"_self\" title=\"FC Barcelona: Final Statistics of the 2025 Preseason\">The 35-year-old goalkeeper played 120 minutes<\/a> in the three friendlies of Bar\u00e7a&#8217;s Asian tour in preseason. Afterwards, he stayed on the bench in the Gamper against Como (5-0) and in the first seven commitments of the &#8216;cul\u00e9s&#8217; in the 25\/26 season (six of Liga and one of Champions).<\/p>  <h2>Szczesny: the return of Bar\u00e7a&#8217;s amulet in the 24\/25<\/h2>  <div class=\"media media-image\" data-ck-asset-wrapper=\"\"> <div class=\"media-item\"> <img loading=\"lazy\" decoding=\"async\" alt=\"Closed registration: LaLiga enables Szczesny in the Bar\u00e7a squad\" data-id=\"1517303\" data-resize=\"9\" height=\"563\" src=\"https:\/\/www.fcbarcelonanoticias.com\/wp-content\/uploads\/sites\/2\/2025\/09\/fcbn-345504c2493ba05d1dd2dd98847359a4.webp\" title=\"Closed registration: LaLiga enables Szczesny in the Bar\u00e7a squad\" width=\"1000\"><div class=\"media-title\">Szczesny in the preview of a 25\/26 Liga match of Bar\u00e7a.<\/div> <\/div> <\/div>  <p>Last season, Szczesny was an authentic amulet for Bar\u00e7a since <a data-external=\"0\" data-intl-links-en=\"https:\/\/www.fcbarcelonanoticias.com\/en\/copa-del-rey\/expected-debut-szczesny-makes-his-debut-with-barca-keeping-clean-sheet-in-barbastro_309819_102.html\" data-intl-links-es=\"https:\/\/www.fcbarcelonanoticias.com\/copa-del-rey\/debut-esperado-szczesny-estrena-con-barcelona-dejando-arco-cero-barbastro_309819_102.html\" href=\"https:\/\/www.fcbarcelonanoticias.com\/en\/football-soccer\/copa-del-rey\/expected-debut-szczesny-makes-his-debut-with-barca-keeping-clean-sheet-in-barbastro_309819_102.html\" rel=\"follow\" target=\"_self\" title=\"Expected debut! Szczesny debuts with Bar\u00e7a keeping his goal at zero in Barbastro\">his debut in Copa del Rey against Barbastro<\/a>. Bar\u00e7a did not lose until the beginning of April (3-1 against Dortmund) with the Pole in the goal and, finally, closed a historic season obtaining the domestic treble (Liga, Copa and Supercopa).<\/p>  <p>In total, <strong>&#8216;Tek&#8217; played 30 matches (2,726 minutes) in which he received 36 goals<\/strong>, in addition to completing 14 clean sheets. Although he left doubts in his first presentations in Supercopa and Champions, the goalkeeper adapted to the advanced defensive line of the &#8216;cul\u00e9s&#8217; and, thanks to his experience and charisma, he became one of Hansi Flick&#8217;s untouchables.<\/p>  <p>Now, the Pole will try to reaffirm the confidence of a Bar\u00e7a that, after taking him out of retirement, <a data-external=\"0\" data-intl-links-es=\"https:\/\/www.fcbarcelonanoticias.com\/fichajes\/oficial-szczesny-renueva-con-fc-barcelona-hasta-2027_313415_102.html\" href=\"https:\/\/www.fcbarcelonanoticias.com\/futbol\/fichajes\/oficial-szczesny-renueva-con-fc-barcelona-hasta-2027_313415_102.html\" rel=\"follow\" target=\"_self\" title=\"OFFICIAL: Szczesny renews with FC Barcelona until 2027\">offered him two more years of contract<\/a>. The &#8217;25&#8217; has full disposition to help the team in whatever he can and aims to stay in the XI, at least, until the end of October, since Joan Garc\u00eda will be out between 4 and 6 weeks.<\/p>  <p>The one from Sallent, in his first 7 presentations with Barcelona, received 5 goals, completing outstanding performances <a data-external=\"0\" data-intl-links-en=\"https:\/\/www.fcbarcelonanoticias.com\/en\/laliga\/joan-garcia-first-great-match-5-saves-and-mvp-against-rayo_314545_102.html\" data-intl-links-es=\"https:\/\/www.fcbarcelonanoticias.com\/laliga\/primer-partidazo-joan-garcia-recital-paradas-mvp-contra-rayo_314545_102.html\" href=\"https:\/\/www.fcbarcelonanoticias.com\/en\/laliga\/joan-garcia-first-great-match-5-saves-and-mvp-against-rayo_314545_102.html\" rel=\"follow\" target=\"_self\" title=\"Joan Garc\u00eda's first great match: recital of saves and MVP against Rayo\">against Rayo (he was MVP of the match)<\/a> and Newcastle (in Champions). Szczesny, meanwhile, will return to the XI 135 days after his last match, on May 15 <a data-external=\"0\" data-intl-links-en=\"https:\/\/www.fcbarcelonanoticias.com\/en\/laliga\/champions-barcelona-lift-their-28th-liga-title-against-espanyol_312642_102.html\" data-intl-links-es=\"https:\/\/www.fcbarcelonanoticias.com\/laliga\/campeones-victoria-barcelona-contra-espanyol-0-2-levantar-28-liga_312642_102.html\" href=\"https:\/\/www.fcbarcelonanoticias.com\/en\/laliga\/champions-barcelona-lift-their-28th-liga-title-against-espanyol_312642_102.html\" rel=\"follow\" target=\"_self\" title=\"CHAMPIONS! Victory of Bar\u00e7a against Espanyol (0-2) to lift their 28th Liga\">against Espanyol (0-2)<\/a>. That day, Bar\u00e7a secured the Liga title.<\/p>  <table align=\"center\" border=\"1\" cellpadding=\"1\" cellspacing=\"1\" style=\"width:100%;\"> <caption>SZCZESNY&#8217;S RECORDS WITH BAR\u00c7A<\/caption> \t<thead><tr> <th scope=\"col\">MP<\/th> \t\t\t<th scope=\"col\">GA<\/th> \t\t\t<th scope=\"col\">CS<\/th> \t\t\t<th scope=\"col\">MIN<\/th> \t\t\t<th scope=\"col\">Y<\/th> \t\t\t<th scope=\"col\">R<\/th> \t\t<\/tr><\/thead> <tbody><tr> <td style=\"text-align: center;\">30<\/td> \t\t\t<td style=\"text-align: center;\">36 (1.2 p.p.)<\/td> \t\t\t<td style=\"text-align: center;\">14<\/td> \t\t\t<td style=\"text-align: center;\">2.726<\/td> \t\t\t<td style=\"text-align: center;\">1<\/td> \t\t\t<td style=\"text-align: center;\">1<\/td> \t\t<\/tr><\/tbody> <\/table> <ul> <li> <strong>MP<\/strong>: matches played<\/li> \t<li> <strong>GA<\/strong>: goals against<\/li> \t<li> <strong>CS<\/strong>: clean sheets<\/li> \t<li> <strong>MIN<\/strong>: minutes<\/li> \t<li> <strong>Y<\/strong>: yellow cards<\/li> \t<li> <strong>R<\/strong>: red cards<\/li> <\/ul> <h2>Other alternatives for Bar\u00e7a&#8217;s goal against Real Sociedad<\/h2>  <p>In addition to &#8216;Tek&#8217;, the goalkeepers from the reserve team <strong>Eder Aller<\/strong> and <strong>Emilio Bernad<\/strong> were part of Saturday&#8217;s session. The first one was already on the bench against Oviedo, while the second one will be available for the coach of Bar\u00e7a Atl\u00e8tic, Juliano Belletti, for Sunday&#8217;s match against Sant Andreu (8:45 PM CEST).<\/p>  <p>Hansi Flick&#8217;s coaching staff is also attentive to the return of <a data-external=\"0\" data-intl-links-en=\"https:\/\/www.fcbarcelonanoticias.com\/en\/fc-barcelona\/kochen-returns-from-the-u-20-world-cup-after-joan-garcia-injury_314843_102.html\" data-intl-links-es=\"https:\/\/www.fcbarcelonanoticias.com\/fc-barcelona\/kochen-vuelve-mundial-sub20-lesion-joan-garcia_314843_102.html\" href=\"https:\/\/www.fcbarcelonanoticias.com\/en\/fc-barcelona\/kochen-returns-from-the-u-20-world-cup-after-joan-garcia-injury_314843_102.html\" rel=\"follow\" target=\"_self\" title=\"Kochen returns from the U-20 World Cup due to Joan Garcia's injury\">Diego Kochen<\/a>. The American returned from Chile after traveling with his national team for the U-20 World Cup, once Joan Garc\u00eda&#8217;s absence was confirmed.<\/p>  <p>If the one from Miami does not return in time to enter the call-up, Aller will be the only alternative to Szczesny against the &#8216;donostiarras&#8217;, since <a data-external=\"0\" data-intl-links-en=\"https:\/\/www.fcbarcelonanoticias.com\/en\/fc-barcelona\/ter-stegen-absence-help-for-barca_314112_102.html\" data-intl-links-es=\"https:\/\/www.fcbarcelonanoticias.com\/fc-barcelona\/baja-ter-stegen-ayuda-barca-conoce-detalles_314112_102.html\" href=\"https:\/\/www.fcbarcelonanoticias.com\/en\/fc-barcelona\/ter-stegen-absence-help-for-barca_314112_102.html\" rel=\"follow\" target=\"_self\" title=\"Ter Stegen's absence, an 'help' for Bar\u00e7a: Know the details\">Marc-Andr\u00e9 ter Stegen<\/a> is still continuing his recovery process after undergoing back surgery in July.<\/p>  <ul> <li>\ud83d\udc49 Follow all the &#8216;azulgrana&#8217; news in our section of <a href=\"https:\/\/www.fcbarcelonanoticias.com\/futbol\/fc-barcelona.html\">FC Barcelona<\/a>.<\/li> <\/ul> ","protected":false},"excerpt":{"rendered":"<p>Wojciech Szczesny will return to the starting lineup this Sunday (6:30 PM CEST) with Bar\u00e7a against Real Sociedad. The Pole receives a golden opportunity thanks to the injury of Joan Garc\u00eda FC Barcelona hosts Real Sociedad this Sunday (6:30 PM CEST) in their third match as locals in LaLiga EA Sports 2025\/26. Hansi Flick&#8217;s team [&hellip;]<\/p>\n","protected":false},"author":347,"featured_media":117159,"comment_status":"closed","ping_status":"open","sticky":false,"template":"","format":"standard","meta":{"_acf_changed":false,"inline_featured_image":false,"_nextfly_llmd_date_locked":false,"footnotes":""},"categories":[438,448,114],"tags":[83,87,185,353],"class_list":["post-61586","post","type-post","status-publish","format-standard","has-post-thumbnail","hentry","category-joan-garcia","category-laliga-2","category-laliga","tag-fc-barcelona-vs-real-sociedad","tag-hansi-flick","tag-joan-garcia","tag-wojciech-szczesny"],"acf":[],"yoast_head":"<!-- This site is optimized with the Yoast SEO plugin v27.3 - https:\/\/yoast.com\/product\/yoast-seo-wordpress\/ -->\n<title>Szczesny returns to Barcelona&#039;s goal four months later<\/title>\n<meta name=\"description\" content=\"Wojciech Szczesny will return to the starting lineup this Sunday (6:30 PM CEST) with Bar\u00e7a against Real Sociedad. The Pole will return to the XI 135 days later\" \/>\n<meta name=\"robots\" content=\"index, follow, max-snippet:-1, max-image-preview:large, max-video-preview:-1\" \/>\n<link rel=\"canonical\" href=\"https:\/\/www.fcbarcelonanoticias.com\/en\/laliga\/szczesny-returns-to-barcelona-goal-four-months-later_314854_102.html\" \/>\n<meta property=\"og:locale\" content=\"en_US\" \/>\n<meta property=\"og:type\" content=\"article\" \/>\n<meta property=\"og:title\" content=\"Szczesny returns to Barcelona&#039;s goal four months later\" \/>\n<meta property=\"og:description\" content=\"Wojciech Szczesny will return to the starting lineup this Sunday (6:30 PM CEST) with Bar\u00e7a against Real Sociedad. The Pole will return to the XI 135 days later\" \/>\n<meta property=\"og:url\" content=\"https:\/\/www.fcbarcelonanoticias.com\/en\/laliga\/szczesny-returns-to-barcelona-goal-four-months-later_314854_102.html\" \/>\n<meta property=\"og:site_name\" content=\"EN - FC Barcelona Noticias\" \/>\n<meta property=\"article:published_time\" content=\"2025-09-27T21:15:00+00:00\" \/>\n<meta property=\"article:modified_time\" content=\"2026-04-16T07:23:47+00:00\" \/>\n<meta property=\"og:image\" content=\"https:\/\/www.fcbarcelonanoticias.com\/en\/wp-content\/uploads\/sites\/2\/2025\/09\/wojciech-szczesny-v-oviedo-laliga-2.webp\" \/>\n\t<meta property=\"og:image:width\" content=\"1200\" \/>\n\t<meta property=\"og:image:height\" content=\"675\" \/>\n\t<meta property=\"og:image:type\" content=\"image\/webp\" \/>\n<meta name=\"author\" content=\"Andr\u00e9s Quiroz\" \/>\n<meta name=\"twitter:card\" content=\"summary_large_image\" \/>\n<meta name=\"twitter:label1\" content=\"Written by\" \/>\n\t<meta name=\"twitter:data1\" content=\"Andr\u00e9s Quiroz\" \/>\n\t<meta name=\"twitter:label2\" content=\"Est. reading time\" \/>\n\t<meta name=\"twitter:data2\" content=\"3 minutes\" \/>\n<script type=\"application\/ld+json\" class=\"yoast-schema-graph\">{\"@context\":\"https:\\\/\\\/schema.org\",\"@graph\":[{\"@type\":\"Article\",\"@id\":\"https:\\\/\\\/www.fcbarcelonanoticias.com\\\/en\\\/laliga\\\/szczesny-returns-to-barcelona-goal-four-months-later_314854_102.html#article\",\"isPartOf\":{\"@id\":\"https:\\\/\\\/www.fcbarcelonanoticias.com\\\/en\\\/laliga\\\/szczesny-returns-to-barcelona-goal-four-months-later_314854_102.html\"},\"author\":{\"name\":\"Andr\u00e9s Quiroz\",\"@id\":\"https:\\\/\\\/www.fcbarcelonanoticias.com\\\/en\\\/#\\\/schema\\\/person\\\/c2cd9f6fa1af5c0d0eccd0fefa575c88\"},\"headline\":\"Szczesny returns to Barcelona&#8217;s goal four months later\",\"datePublished\":\"2025-09-27T21:15:00+00:00\",\"dateModified\":\"2026-04-16T07:23:47+00:00\",\"mainEntityOfPage\":{\"@id\":\"https:\\\/\\\/www.fcbarcelonanoticias.com\\\/en\\\/laliga\\\/szczesny-returns-to-barcelona-goal-four-months-later_314854_102.html\"},\"wordCount\":641,\"image\":{\"@id\":\"https:\\\/\\\/www.fcbarcelonanoticias.com\\\/en\\\/laliga\\\/szczesny-returns-to-barcelona-goal-four-months-later_314854_102.html#primaryimage\"},\"thumbnailUrl\":\"https:\\\/\\\/www.fcbarcelonanoticias.com\\\/en\\\/wp-content\\\/uploads\\\/sites\\\/2\\\/2025\\\/09\\\/wojciech-szczesny-v-oviedo-laliga-2.webp\",\"keywords\":[\"FC Barcelona vs Real Sociedad\",\"Hansi Flick\",\"Joan Garc\u00eda\",\"Szczesny\"],\"articleSection\":[\"Joan Garc\u00eda\",\"LaLiga\",\"LaLiga\"],\"inLanguage\":\"en-US\"},{\"@type\":\"WebPage\",\"@id\":\"https:\\\/\\\/www.fcbarcelonanoticias.com\\\/en\\\/laliga\\\/szczesny-returns-to-barcelona-goal-four-months-later_314854_102.html\",\"url\":\"https:\\\/\\\/www.fcbarcelonanoticias.com\\\/en\\\/laliga\\\/szczesny-returns-to-barcelona-goal-four-months-later_314854_102.html\",\"name\":\"Szczesny returns to Barcelona's goal four months later\",\"isPartOf\":{\"@id\":\"https:\\\/\\\/www.fcbarcelonanoticias.com\\\/en\\\/#website\"},\"primaryImageOfPage\":{\"@id\":\"https:\\\/\\\/www.fcbarcelonanoticias.com\\\/en\\\/laliga\\\/szczesny-returns-to-barcelona-goal-four-months-later_314854_102.html#primaryimage\"},\"image\":{\"@id\":\"https:\\\/\\\/www.fcbarcelonanoticias.com\\\/en\\\/laliga\\\/szczesny-returns-to-barcelona-goal-four-months-later_314854_102.html#primaryimage\"},\"thumbnailUrl\":\"https:\\\/\\\/www.fcbarcelonanoticias.com\\\/en\\\/wp-content\\\/uploads\\\/sites\\\/2\\\/2025\\\/09\\\/wojciech-szczesny-v-oviedo-laliga-2.webp\",\"datePublished\":\"2025-09-27T21:15:00+00:00\",\"dateModified\":\"2026-04-16T07:23:47+00:00\",\"author\":{\"@id\":\"https:\\\/\\\/www.fcbarcelonanoticias.com\\\/en\\\/#\\\/schema\\\/person\\\/c2cd9f6fa1af5c0d0eccd0fefa575c88\"},\"description\":\"Wojciech Szczesny will return to the starting lineup this Sunday (6:30 PM CEST) with Bar\u00e7a against Real Sociedad. The Pole will return to the XI 135 days later\",\"breadcrumb\":{\"@id\":\"https:\\\/\\\/www.fcbarcelonanoticias.com\\\/en\\\/laliga\\\/szczesny-returns-to-barcelona-goal-four-months-later_314854_102.html#breadcrumb\"},\"inLanguage\":\"en-US\",\"potentialAction\":[{\"@type\":\"ReadAction\",\"target\":[\"https:\\\/\\\/www.fcbarcelonanoticias.com\\\/en\\\/laliga\\\/szczesny-returns-to-barcelona-goal-four-months-later_314854_102.html\"]}]},{\"@type\":\"ImageObject\",\"inLanguage\":\"en-US\",\"@id\":\"https:\\\/\\\/www.fcbarcelonanoticias.com\\\/en\\\/laliga\\\/szczesny-returns-to-barcelona-goal-four-months-later_314854_102.html#primaryimage\",\"url\":\"https:\\\/\\\/www.fcbarcelonanoticias.com\\\/en\\\/wp-content\\\/uploads\\\/sites\\\/2\\\/2025\\\/09\\\/wojciech-szczesny-v-oviedo-laliga-2.webp\",\"contentUrl\":\"https:\\\/\\\/www.fcbarcelonanoticias.com\\\/en\\\/wp-content\\\/uploads\\\/sites\\\/2\\\/2025\\\/09\\\/wojciech-szczesny-v-oviedo-laliga-2.webp\",\"width\":1200,\"height\":675},{\"@type\":\"BreadcrumbList\",\"@id\":\"https:\\\/\\\/www.fcbarcelonanoticias.com\\\/en\\\/laliga\\\/szczesny-returns-to-barcelona-goal-four-months-later_314854_102.html#breadcrumb\",\"itemListElement\":[{\"@type\":\"ListItem\",\"position\":1,\"name\":\"Portada\",\"item\":\"https:\\\/\\\/www.fcbarcelonanoticias.com\\\/en\\\/\"},{\"@type\":\"ListItem\",\"position\":2,\"name\":\"Szczesny returns to Barcelona&#8217;s goal four months later\"}]},{\"@type\":\"WebSite\",\"@id\":\"https:\\\/\\\/www.fcbarcelonanoticias.com\\\/en\\\/#website\",\"url\":\"https:\\\/\\\/www.fcbarcelonanoticias.com\\\/en\\\/\",\"name\":\"EN - FC Barcelona Noticias\",\"description\":\"\",\"potentialAction\":[{\"@type\":\"SearchAction\",\"target\":{\"@type\":\"EntryPoint\",\"urlTemplate\":\"https:\\\/\\\/www.fcbarcelonanoticias.com\\\/en\\\/?s={search_term_string}\"},\"query-input\":{\"@type\":\"PropertyValueSpecification\",\"valueRequired\":true,\"valueName\":\"search_term_string\"}}],\"inLanguage\":\"en-US\"},{\"@type\":\"Person\",\"@id\":\"https:\\\/\\\/www.fcbarcelonanoticias.com\\\/en\\\/#\\\/schema\\\/person\\\/c2cd9f6fa1af5c0d0eccd0fefa575c88\",\"name\":\"Andr\u00e9s Quiroz\",\"image\":{\"@type\":\"ImageObject\",\"inLanguage\":\"en-US\",\"@id\":\"https:\\\/\\\/secure.gravatar.com\\\/avatar\\\/?s=96&d=mm&r=g\",\"url\":\"https:\\\/\\\/secure.gravatar.com\\\/avatar\\\/?s=96&d=mm&r=g\",\"contentUrl\":\"https:\\\/\\\/secure.gravatar.com\\\/avatar\\\/?s=96&d=mm&r=g\",\"caption\":\"Andr\u00e9s Quiroz\"},\"description\":\"Licenciado en Periodismo por la Universidad de los Andes. Me encargo de analizar y compartir los contenidos m\u00e1s destacados de la\u00a0actualidad del F\u00fatbol Club Barcelona, Mercado de Fichajes y F\u00fatbol Internacional en FCBN. La informaci\u00f3n es poder, pero tambi\u00e9n conocimiento.\",\"url\":\"https:\\\/\\\/www.fcbarcelonanoticias.com\\\/en\\\/fc-barcelona\\\/andres-quiroz_17_115.html\"}]}<\/script>\n<!-- \/ Yoast SEO plugin. -->","yoast_head_json":{"title":"Szczesny returns to Barcelona's goal four months later","description":"Wojciech Szczesny will return to the starting lineup this Sunday (6:30 PM CEST) with Bar\u00e7a against Real Sociedad. The Pole will return to the XI 135 days later","robots":{"index":"index","follow":"follow","max-snippet":"max-snippet:-1","max-image-preview":"max-image-preview:large","max-video-preview":"max-video-preview:-1"},"canonical":"https:\/\/www.fcbarcelonanoticias.com\/en\/laliga\/szczesny-returns-to-barcelona-goal-four-months-later_314854_102.html","og_locale":"en_US","og_type":"article","og_title":"Szczesny returns to Barcelona's goal four months later","og_description":"Wojciech Szczesny will return to the starting lineup this Sunday (6:30 PM CEST) with Bar\u00e7a against Real Sociedad. The Pole will return to the XI 135 days later","og_url":"https:\/\/www.fcbarcelonanoticias.com\/en\/laliga\/szczesny-returns-to-barcelona-goal-four-months-later_314854_102.html","og_site_name":"EN - FC Barcelona Noticias","article_published_time":"2025-09-27T21:15:00+00:00","article_modified_time":"2026-04-16T07:23:47+00:00","og_image":[{"width":1200,"height":675,"url":"https:\/\/www.fcbarcelonanoticias.com\/en\/wp-content\/uploads\/sites\/2\/2025\/09\/wojciech-szczesny-v-oviedo-laliga-2.webp","type":"image\/webp"}],"author":"Andr\u00e9s Quiroz","twitter_card":"summary_large_image","twitter_misc":{"Written by":"Andr\u00e9s Quiroz","Est. reading time":"3 minutes"},"schema":{"@context":"https:\/\/schema.org","@graph":[{"@type":"Article","@id":"https:\/\/www.fcbarcelonanoticias.com\/en\/laliga\/szczesny-returns-to-barcelona-goal-four-months-later_314854_102.html#article","isPartOf":{"@id":"https:\/\/www.fcbarcelonanoticias.com\/en\/laliga\/szczesny-returns-to-barcelona-goal-four-months-later_314854_102.html"},"author":{"name":"Andr\u00e9s Quiroz","@id":"https:\/\/www.fcbarcelonanoticias.com\/en\/#\/schema\/person\/c2cd9f6fa1af5c0d0eccd0fefa575c88"},"headline":"Szczesny returns to Barcelona&#8217;s goal four months later","datePublished":"2025-09-27T21:15:00+00:00","dateModified":"2026-04-16T07:23:47+00:00","mainEntityOfPage":{"@id":"https:\/\/www.fcbarcelonanoticias.com\/en\/laliga\/szczesny-returns-to-barcelona-goal-four-months-later_314854_102.html"},"wordCount":641,"image":{"@id":"https:\/\/www.fcbarcelonanoticias.com\/en\/laliga\/szczesny-returns-to-barcelona-goal-four-months-later_314854_102.html#primaryimage"},"thumbnailUrl":"https:\/\/www.fcbarcelonanoticias.com\/en\/wp-content\/uploads\/sites\/2\/2025\/09\/wojciech-szczesny-v-oviedo-laliga-2.webp","keywords":["FC Barcelona vs Real Sociedad","Hansi Flick","Joan Garc\u00eda","Szczesny"],"articleSection":["Joan Garc\u00eda","LaLiga","LaLiga"],"inLanguage":"en-US"},{"@type":"WebPage","@id":"https:\/\/www.fcbarcelonanoticias.com\/en\/laliga\/szczesny-returns-to-barcelona-goal-four-months-later_314854_102.html","url":"https:\/\/www.fcbarcelonanoticias.com\/en\/laliga\/szczesny-returns-to-barcelona-goal-four-months-later_314854_102.html","name":"Szczesny returns to Barcelona's goal four months later","isPartOf":{"@id":"https:\/\/www.fcbarcelonanoticias.com\/en\/#website"},"primaryImageOfPage":{"@id":"https:\/\/www.fcbarcelonanoticias.com\/en\/laliga\/szczesny-returns-to-barcelona-goal-four-months-later_314854_102.html#primaryimage"},"image":{"@id":"https:\/\/www.fcbarcelonanoticias.com\/en\/laliga\/szczesny-returns-to-barcelona-goal-four-months-later_314854_102.html#primaryimage"},"thumbnailUrl":"https:\/\/www.fcbarcelonanoticias.com\/en\/wp-content\/uploads\/sites\/2\/2025\/09\/wojciech-szczesny-v-oviedo-laliga-2.webp","datePublished":"2025-09-27T21:15:00+00:00","dateModified":"2026-04-16T07:23:47+00:00","author":{"@id":"https:\/\/www.fcbarcelonanoticias.com\/en\/#\/schema\/person\/c2cd9f6fa1af5c0d0eccd0fefa575c88"},"description":"Wojciech Szczesny will return to the starting lineup this Sunday (6:30 PM CEST) with Bar\u00e7a against Real Sociedad. The Pole will return to the XI 135 days later","breadcrumb":{"@id":"https:\/\/www.fcbarcelonanoticias.com\/en\/laliga\/szczesny-returns-to-barcelona-goal-four-months-later_314854_102.html#breadcrumb"},"inLanguage":"en-US","potentialAction":[{"@type":"ReadAction","target":["https:\/\/www.fcbarcelonanoticias.com\/en\/laliga\/szczesny-returns-to-barcelona-goal-four-months-later_314854_102.html"]}]},{"@type":"ImageObject","inLanguage":"en-US","@id":"https:\/\/www.fcbarcelonanoticias.com\/en\/laliga\/szczesny-returns-to-barcelona-goal-four-months-later_314854_102.html#primaryimage","url":"https:\/\/www.fcbarcelonanoticias.com\/en\/wp-content\/uploads\/sites\/2\/2025\/09\/wojciech-szczesny-v-oviedo-laliga-2.webp","contentUrl":"https:\/\/www.fcbarcelonanoticias.com\/en\/wp-content\/uploads\/sites\/2\/2025\/09\/wojciech-szczesny-v-oviedo-laliga-2.webp","width":1200,"height":675},{"@type":"BreadcrumbList","@id":"https:\/\/www.fcbarcelonanoticias.com\/en\/laliga\/szczesny-returns-to-barcelona-goal-four-months-later_314854_102.html#breadcrumb","itemListElement":[{"@type":"ListItem","position":1,"name":"Portada","item":"https:\/\/www.fcbarcelonanoticias.com\/en\/"},{"@type":"ListItem","position":2,"name":"Szczesny returns to Barcelona&#8217;s goal four months later"}]},{"@type":"WebSite","@id":"https:\/\/www.fcbarcelonanoticias.com\/en\/#website","url":"https:\/\/www.fcbarcelonanoticias.com\/en\/","name":"EN - FC Barcelona Noticias","description":"","potentialAction":[{"@type":"SearchAction","target":{"@type":"EntryPoint","urlTemplate":"https:\/\/www.fcbarcelonanoticias.com\/en\/?s={search_term_string}"},"query-input":{"@type":"PropertyValueSpecification","valueRequired":true,"valueName":"search_term_string"}}],"inLanguage":"en-US"},{"@type":"Person","@id":"https:\/\/www.fcbarcelonanoticias.com\/en\/#\/schema\/person\/c2cd9f6fa1af5c0d0eccd0fefa575c88","name":"Andr\u00e9s Quiroz","image":{"@type":"ImageObject","inLanguage":"en-US","@id":"https:\/\/secure.gravatar.com\/avatar\/?s=96&d=mm&r=g","url":"https:\/\/secure.gravatar.com\/avatar\/?s=96&d=mm&r=g","contentUrl":"https:\/\/secure.gravatar.com\/avatar\/?s=96&d=mm&r=g","caption":"Andr\u00e9s Quiroz"},"description":"Licenciado en Periodismo por la Universidad de los Andes. Me encargo de analizar y compartir los contenidos m\u00e1s destacados de la\u00a0actualidad del F\u00fatbol Club Barcelona, Mercado de Fichajes y F\u00fatbol Internacional en FCBN. La informaci\u00f3n es poder, pero tambi\u00e9n conocimiento.","url":"https:\/\/www.fcbarcelonanoticias.com\/en\/fc-barcelona\/andres-quiroz_17_115.html"}]}},"_links":{"self":[{"href":"https:\/\/www.fcbarcelonanoticias.com\/en\/wp-json\/wp\/v2\/posts\/61586","targetHints":{"allow":["GET"]}}],"collection":[{"href":"https:\/\/www.fcbarcelonanoticias.com\/en\/wp-json\/wp\/v2\/posts"}],"about":[{"href":"https:\/\/www.fcbarcelonanoticias.com\/en\/wp-json\/wp\/v2\/types\/post"}],"author":[{"embeddable":true,"href":"https:\/\/www.fcbarcelonanoticias.com\/en\/wp-json\/wp\/v2\/users\/347"}],"replies":[{"embeddable":true,"href":"https:\/\/www.fcbarcelonanoticias.com\/en\/wp-json\/wp\/v2\/comments?post=61586"}],"version-history":[{"count":4,"href":"https:\/\/www.fcbarcelonanoticias.com\/en\/wp-json\/wp\/v2\/posts\/61586\/revisions"}],"predecessor-version":[{"id":173556,"href":"https:\/\/www.fcbarcelonanoticias.com\/en\/wp-json\/wp\/v2\/posts\/61586\/revisions\/173556"}],"wp:featuredmedia":[{"embeddable":true,"href":"https:\/\/www.fcbarcelonanoticias.com\/en\/wp-json\/wp\/v2\/media\/117159"}],"wp:attachment":[{"href":"https:\/\/www.fcbarcelonanoticias.com\/en\/wp-json\/wp\/v2\/media?parent=61586"}],"wp:term":[{"taxonomy":"category","embeddable":true,"href":"https:\/\/www.fcbarcelonanoticias.com\/en\/wp-json\/wp\/v2\/categories?post=61586"},{"taxonomy":"post_tag","embeddable":true,"href":"https:\/\/www.fcbarcelonanoticias.com\/en\/wp-json\/wp\/v2\/tags?post=61586"}],"curies":[{"name":"wp","href":"https:\/\/api.w.org\/{rel}","templated":true}]}}