{"id":61635,"date":"2021-05-16T12:19:00","date_gmt":"2021-05-16T10:19:00","guid":{"rendered":"https:\/\/weisetech.dev\/fc-barcelona-noticias\/en\/summoned-koeman-barcelona-celtic-vigo-laliga_268447_102\/"},"modified":"2021-05-16T16:33:00","modified_gmt":"2021-05-16T14:33:00","slug":"summoned-koeman-barcelona-celtic-vigo-laliga_268447_102","status":"publish","type":"post","link":"https:\/\/www.fcbarcelonanoticias.com\/en\/laliga\/summoned-koeman-barcelona-celtic-vigo-laliga_268447_102.html","title":{"rendered":"Koeman&#8217;s squad list for FC Barcelona-Celtic of Vigo of LaLiga"},"content":{"rendered":"<h2 class=\"wp-block-heading\">The FC Barcelona has given to know the announcement for the party of LaLiga in front of the Celtic of Vigo, this Tuesday in the Camp Nou, by the day 37 of the championship<\/h2>  \r\n<div class=\"article-addons\">\r\n    <a href=\"https:\/\/www.fcbarcelonanoticias.com\/en\/calendar-fc-barcelona.html\"\r\n       target=\"_self\"\r\n       title=\"Calendar of FC Barcelona\"\r\n       class=\"blue-gredient-btn\">\r\n       \r\n        Calendar of FC Barcelona    <\/a>\r\n<\/div>   <p>The <a data-external=\"0\" data-intl-links-en=\"https:\/\/www.fcbarcelonanoticias.com\/en\/fc-barcelona\" data-intl-links-es=\"https:\/\/www.fcbarcelonanoticias.com\/fc-barcelona\" href=\"https:\/\/www.fcbarcelonanoticias.com\/en\/football-soccer\/fc-barcelona.html\" rel=\"follow\" target=\"_self\" title=\"FC Barcelona\">FC Barcelona<\/a> receives this Sunday to the Celtic of Vigo in the Camp Nou, <a data-external=\"0\" data-intl-links-en=\"https:\/\/www.fcbarcelonanoticias.com\/en\/laliga\/fc-barcelona-vs-celta-vigo-in-tv-when-and-where-see-the-match_268429_102.html\" data-intl-links-es=\"https:\/\/www.fcbarcelonanoticias.com\/laliga\/fc-barcelona-vs-celta-vigo-en-tv-cuando-donde-ver-partido_268429_102.html\" href=\"https:\/\/www.fcbarcelonanoticias.com\/en\/laliga\/fc-barcelona-vs-celta-vigo-in-tv-when-and-where-see-the-match_268429_102.html\" rel=\"follow\" target=\"_self\" title=\"FC Barcelona vs Celta Vigo en TV: Cu\u00e1ndo y d\u00f3nde ver el partido\">from the 18:30 hours (in Spain),<\/a> in the corresponding party to the trig\u00e9simoseptima day of LaLiga Santander. After the tie in front of the Raise and the victories of the Athletic and Real Madrid, the blaugrana have remained practically without options to win the title, but will be forced to add the last six points<strong>p ploughs to finish the season with better feelings of which have left in the last weeks.<\/strong><\/p>  <p>With the results of the last week, <strong>the Bar\u00e7a has remained in the third square of the championship, but with a distance regarding the leadership<\/strong> of the championship, occupied by the Athletic of Madrid, with 80 points. By behind, it follows him the Real Madrid (78), that wants to litigate the championship to the end. The Barcelona have remained with 76 units and will have to add of three in three so that the Seville do not remain with the third square of LaLiga.<\/p>  <p><strong>Fail is not an option for the cul\u00e9s<\/strong> this Sunday in the Camp Nou. For the party, Ronald Koeman will have some drops, but equally has a highly competitive changing room to retain the three points in the City Condal. Like this then , <strong>it has not reserved any &#8216;heavy weight&#8217; in the announcement for the crash,<\/strong> by what will be able to plant in the feudo Barcelona with an eleven that leave better feelings in front of a Celtic of Vigo that comes to win him to the Raise.<\/p>  <p>The Dutch trainer has given to know this Saturday his list of summoned, in which it was the doubt of the presence of <a data-external=\"0\" data-intl-links-en=\"https:\/\/www.fcbarcelonanoticias.com\/en\/players\/araujo-trained-normality-will-be-barcelona-celta_268433_102.html\" data-intl-links-es=\"https:\/\/www.fcbarcelonanoticias.com\/jugadores\/araujo-entreno-normalidad-estara-barcelona-celta_268433_102.html\" href=\"https:\/\/www.fcbarcelonanoticias.com\/en\/players\/araujo-trained-normality-will-be-barcelona-celta_268433_102.html\" rel=\"follow\" target=\"_self\" title=\"Ara\u00fajo entren\u00f3 con normalidad y estar\u00e1 en el Bar\u00e7a-Celta\">Ronald Ara\u00fajo<\/a>, the one who <strong>had withdrawn of the party in front of the Raise by problems in his ankle. <\/strong>Finally, the charr\u00faa has recovered to time and will be part of the announcement to receive to the Celtic.<\/p>  <h3>Announcement of the Bar\u00e7a in front of the Celtic of Vigo:<\/h3>  <ul> <li><strong>Ter Stegen<\/strong><\/li> \t<li><strong>Dest<\/strong><\/li> \t<li><strong>Matheus<\/strong><\/li> \t<li><strong>Sergio Busquets<\/strong><\/li> \t<li><strong>Griezmann<\/strong><\/li> \t<li><strong>Messi<\/strong><\/li> \t<li><strong>Riqui Puig<\/strong><\/li> \t<li><strong>Ara\u00fajo<\/strong><\/li> \t<li><strong>Lenglet<\/strong><\/li> \t<li><strong>Pedri<\/strong><\/li> \t<li><strong>Trinc\u00e3Or <\/strong><\/li> \t<li><strong>Jordi Alba<\/strong><\/li> \t<li><strong>Samuel Umtiti<\/strong><\/li> \t<li><strong>Junior Firpo<\/strong><\/li> \t<li><strong>Demb\u00e9l\u00e9<\/strong><\/li> \t<li><strong>Ilaix Moriba<\/strong><\/li> \t<li><strong>Braithwaite<\/strong><\/li> \t<li><strong>Gerard Hammered<\/strong><\/li> \t<li><strong>Net<\/strong><\/li> \t<li><strong>Arnau Tenas<\/strong><\/li> \t<li><strong>Pjanic<\/strong><\/li> <\/ul> <p>The one who <strong>has not gone in in the announcement has been Frenkie of Jong<\/strong>, that will have to fulfil cycle of cards after having received his fifth yellow in the crash in front of the Raise and will fulfil sanction. Neither it will be available <strong>Sergi Roberto<\/strong>, the one who has gone back to recaer of his injury and suffers annoyances tendinosas in the rectum femoral of the right leg. To his time, \u00d3scar Mingueza has remained went for being in the filial, supporting them for the promotion.<\/p>  <p>Besides, <strong>they are the two drops of Philippe Coutinho and Ansu Fati<\/strong>, that continue lesionados and will lose the rest of the season. In the case of the forward of 18 years, is recovering of his last go through the operating theatre to review his knee, whereas the Brazilian keeps on being drop by his injury in the external meniscus of the left knee, of which is recovering in Brazil.<\/p>  <p>Although by the current stage as a result of the pandemia will have to expect to go back to be able to purchase entrances to assist to the parties, from &#8216;FCBN&#8217; take advantage of to remember you that you can follow the actuality of the FC Barcelona to the minute, <strong>being informed of the meetings, the possible signings and much more <\/strong><a href=\"https:\/\/www.fcbarcelonanoticias.com\/en\/es\/categoria.php%3FIDC=498.html\" title=\"a trav\u00e9s de este enlace\">through this link<\/a>.<\/p> ","protected":false},"excerpt":{"rendered":"<p>The FC Barcelona has given to know the announcement for the party of LaLiga in front of the Celtic of Vigo, this Tuesday in the Camp Nou, by the day 37 of the championship The FC Barcelona receives this Sunday to the Celtic of Vigo in the Camp Nou, from the 18:30 hours (in Spain), [&hellip;]<\/p>\n","protected":false},"author":352,"featured_media":14832,"comment_status":"closed","ping_status":"open","sticky":false,"template":"","format":"standard","meta":{"_acf_changed":false,"inline_featured_image":false,"_nextfly_llmd_date_locked":false,"footnotes":""},"categories":[114,448],"tags":[71,184,209],"class_list":["post-61635","post","type-post","status-publish","format-standard","has-post-thumbnail","hentry","category-laliga","category-laliga-2","tag-celtic-of-vigo","tag-fc-barcelona-squad-lists","tag-ronald-koeman"],"acf":[],"yoast_head":"<!-- This site is optimized with the Yoast SEO plugin v27.3 - https:\/\/yoast.com\/product\/yoast-seo-wordpress\/ -->\n<title>Koeman&#039;s squad list for FC Barcelona-Celtic of Vigo of LaLiga<\/title>\n<meta name=\"description\" content=\"The FC Barcelona has given to know the announcement for the party of LaLiga in front of the Celtic of Vigo, this Tuesday in the Camp Nou, by the day 37 of the campeo...\" \/>\n<meta name=\"robots\" content=\"index, follow, max-snippet:-1, max-image-preview:large, max-video-preview:-1\" \/>\n<link rel=\"canonical\" href=\"https:\/\/www.fcbarcelonanoticias.com\/en\/laliga\/summoned-koeman-barcelona-celtic-vigo-laliga_268447_102.html\" \/>\n<meta property=\"og:locale\" content=\"en_US\" \/>\n<meta property=\"og:type\" content=\"article\" \/>\n<meta property=\"og:title\" content=\"Koeman&#039;s squad list for FC Barcelona-Celtic of Vigo of LaLiga\" \/>\n<meta property=\"og:description\" content=\"The FC Barcelona has given to know the announcement for the party of LaLiga in front of the Celtic of Vigo, this Tuesday in the Camp Nou, by the day 37 of the campeo...\" \/>\n<meta property=\"og:url\" content=\"https:\/\/www.fcbarcelonanoticias.com\/en\/laliga\/summoned-koeman-barcelona-celtic-vigo-laliga_268447_102.html\" \/>\n<meta property=\"og:site_name\" content=\"EN - FC Barcelona Noticias\" \/>\n<meta property=\"article:published_time\" content=\"2021-05-16T10:19:00+00:00\" \/>\n<meta property=\"article:modified_time\" content=\"2021-05-16T14:33:00+00:00\" \/>\n<meta property=\"og:image\" content=\"https:\/\/www.fcbarcelonanoticias.com\/en\/wp-content\/uploads\/sites\/2\/2021\/07\/koeman-dirige-un-entrenamiento-del-fc-barcelona.jpeg\" \/>\n\t<meta property=\"og:image:width\" content=\"1200\" \/>\n\t<meta property=\"og:image:height\" content=\"721\" \/>\n\t<meta property=\"og:image:type\" content=\"image\/jpeg\" \/>\n<meta name=\"author\" content=\"Paola Guevara\" \/>\n<meta name=\"twitter:card\" content=\"summary_large_image\" \/>\n<meta name=\"twitter:label1\" content=\"Written by\" \/>\n\t<meta name=\"twitter:data1\" content=\"Paola Guevara\" \/>\n\t<meta name=\"twitter:label2\" content=\"Est. reading time\" \/>\n\t<meta name=\"twitter:data2\" content=\"3 minutes\" \/>\n<script type=\"application\/ld+json\" class=\"yoast-schema-graph\">{\"@context\":\"https:\\\/\\\/schema.org\",\"@graph\":[{\"@type\":\"Article\",\"@id\":\"https:\\\/\\\/www.fcbarcelonanoticias.com\\\/en\\\/laliga\\\/summoned-koeman-barcelona-celtic-vigo-laliga_268447_102.html#article\",\"isPartOf\":{\"@id\":\"https:\\\/\\\/www.fcbarcelonanoticias.com\\\/en\\\/laliga\\\/summoned-koeman-barcelona-celtic-vigo-laliga_268447_102.html\"},\"author\":{\"name\":\"Paola Guevara\",\"@id\":\"https:\\\/\\\/www.fcbarcelonanoticias.com\\\/en\\\/#\\\/schema\\\/person\\\/3b408513ee236e64c3043ec901f019ee\"},\"headline\":\"Koeman&#8217;s squad list for FC Barcelona-Celtic of Vigo of LaLiga\",\"datePublished\":\"2021-05-16T10:19:00+00:00\",\"dateModified\":\"2021-05-16T14:33:00+00:00\",\"mainEntityOfPage\":{\"@id\":\"https:\\\/\\\/www.fcbarcelonanoticias.com\\\/en\\\/laliga\\\/summoned-koeman-barcelona-celtic-vigo-laliga_268447_102.html\"},\"wordCount\":633,\"image\":{\"@id\":\"https:\\\/\\\/www.fcbarcelonanoticias.com\\\/en\\\/laliga\\\/summoned-koeman-barcelona-celtic-vigo-laliga_268447_102.html#primaryimage\"},\"thumbnailUrl\":\"https:\\\/\\\/www.fcbarcelonanoticias.com\\\/en\\\/wp-content\\\/uploads\\\/sites\\\/2\\\/2021\\\/07\\\/koeman-dirige-un-entrenamiento-del-fc-barcelona.jpeg\",\"keywords\":[\"Celtic of Vigo\",\"FC Barcelona Squad Lists\",\"Ronald Koeman\"],\"articleSection\":[\"LaLiga\",\"LaLiga\"],\"inLanguage\":\"en-US\"},{\"@type\":\"WebPage\",\"@id\":\"https:\\\/\\\/www.fcbarcelonanoticias.com\\\/en\\\/laliga\\\/summoned-koeman-barcelona-celtic-vigo-laliga_268447_102.html\",\"url\":\"https:\\\/\\\/www.fcbarcelonanoticias.com\\\/en\\\/laliga\\\/summoned-koeman-barcelona-celtic-vigo-laliga_268447_102.html\",\"name\":\"Koeman's squad list for FC Barcelona-Celtic of Vigo of LaLiga\",\"isPartOf\":{\"@id\":\"https:\\\/\\\/www.fcbarcelonanoticias.com\\\/en\\\/#website\"},\"primaryImageOfPage\":{\"@id\":\"https:\\\/\\\/www.fcbarcelonanoticias.com\\\/en\\\/laliga\\\/summoned-koeman-barcelona-celtic-vigo-laliga_268447_102.html#primaryimage\"},\"image\":{\"@id\":\"https:\\\/\\\/www.fcbarcelonanoticias.com\\\/en\\\/laliga\\\/summoned-koeman-barcelona-celtic-vigo-laliga_268447_102.html#primaryimage\"},\"thumbnailUrl\":\"https:\\\/\\\/www.fcbarcelonanoticias.com\\\/en\\\/wp-content\\\/uploads\\\/sites\\\/2\\\/2021\\\/07\\\/koeman-dirige-un-entrenamiento-del-fc-barcelona.jpeg\",\"datePublished\":\"2021-05-16T10:19:00+00:00\",\"dateModified\":\"2021-05-16T14:33:00+00:00\",\"author\":{\"@id\":\"https:\\\/\\\/www.fcbarcelonanoticias.com\\\/en\\\/#\\\/schema\\\/person\\\/3b408513ee236e64c3043ec901f019ee\"},\"description\":\"The FC Barcelona has given to know the announcement for the party of LaLiga in front of the Celtic of Vigo, this Tuesday in the Camp Nou, by the day 37 of the campeo...\",\"breadcrumb\":{\"@id\":\"https:\\\/\\\/www.fcbarcelonanoticias.com\\\/en\\\/laliga\\\/summoned-koeman-barcelona-celtic-vigo-laliga_268447_102.html#breadcrumb\"},\"inLanguage\":\"en-US\",\"potentialAction\":[{\"@type\":\"ReadAction\",\"target\":[\"https:\\\/\\\/www.fcbarcelonanoticias.com\\\/en\\\/laliga\\\/summoned-koeman-barcelona-celtic-vigo-laliga_268447_102.html\"]}]},{\"@type\":\"ImageObject\",\"inLanguage\":\"en-US\",\"@id\":\"https:\\\/\\\/www.fcbarcelonanoticias.com\\\/en\\\/laliga\\\/summoned-koeman-barcelona-celtic-vigo-laliga_268447_102.html#primaryimage\",\"url\":\"https:\\\/\\\/www.fcbarcelonanoticias.com\\\/en\\\/wp-content\\\/uploads\\\/sites\\\/2\\\/2021\\\/07\\\/koeman-dirige-un-entrenamiento-del-fc-barcelona.jpeg\",\"contentUrl\":\"https:\\\/\\\/www.fcbarcelonanoticias.com\\\/en\\\/wp-content\\\/uploads\\\/sites\\\/2\\\/2021\\\/07\\\/koeman-dirige-un-entrenamiento-del-fc-barcelona.jpeg\",\"width\":1200,\"height\":721},{\"@type\":\"BreadcrumbList\",\"@id\":\"https:\\\/\\\/www.fcbarcelonanoticias.com\\\/en\\\/laliga\\\/summoned-koeman-barcelona-celtic-vigo-laliga_268447_102.html#breadcrumb\",\"itemListElement\":[{\"@type\":\"ListItem\",\"position\":1,\"name\":\"Portada\",\"item\":\"https:\\\/\\\/www.fcbarcelonanoticias.com\\\/en\\\/\"},{\"@type\":\"ListItem\",\"position\":2,\"name\":\"Koeman&#8217;s squad list for FC Barcelona-Celtic of Vigo of LaLiga\"}]},{\"@type\":\"WebSite\",\"@id\":\"https:\\\/\\\/www.fcbarcelonanoticias.com\\\/en\\\/#website\",\"url\":\"https:\\\/\\\/www.fcbarcelonanoticias.com\\\/en\\\/\",\"name\":\"EN - FC Barcelona Noticias\",\"description\":\"\",\"potentialAction\":[{\"@type\":\"SearchAction\",\"target\":{\"@type\":\"EntryPoint\",\"urlTemplate\":\"https:\\\/\\\/www.fcbarcelonanoticias.com\\\/en\\\/?s={search_term_string}\"},\"query-input\":{\"@type\":\"PropertyValueSpecification\",\"valueRequired\":true,\"valueName\":\"search_term_string\"}}],\"inLanguage\":\"en-US\"},{\"@type\":\"Person\",\"@id\":\"https:\\\/\\\/www.fcbarcelonanoticias.com\\\/en\\\/#\\\/schema\\\/person\\\/3b408513ee236e64c3043ec901f019ee\",\"name\":\"Paola Guevara\",\"image\":{\"@type\":\"ImageObject\",\"inLanguage\":\"en-US\",\"@id\":\"https:\\\/\\\/secure.gravatar.com\\\/avatar\\\/?s=96&d=mm&r=g\",\"url\":\"https:\\\/\\\/secure.gravatar.com\\\/avatar\\\/?s=96&d=mm&r=g\",\"contentUrl\":\"https:\\\/\\\/secure.gravatar.com\\\/avatar\\\/?s=96&d=mm&r=g\",\"caption\":\"Paola Guevara\"},\"url\":\"https:\\\/\\\/www.fcbarcelonanoticias.com\\\/en\\\/fc-barcelona\\\/paola-guevara_9_115.html\"}]}<\/script>\n<!-- \/ Yoast SEO plugin. -->","yoast_head_json":{"title":"Koeman's squad list for FC Barcelona-Celtic of Vigo of LaLiga","description":"The FC Barcelona has given to know the announcement for the party of LaLiga in front of the Celtic of Vigo, this Tuesday in the Camp Nou, by the day 37 of the campeo...","robots":{"index":"index","follow":"follow","max-snippet":"max-snippet:-1","max-image-preview":"max-image-preview:large","max-video-preview":"max-video-preview:-1"},"canonical":"https:\/\/www.fcbarcelonanoticias.com\/en\/laliga\/summoned-koeman-barcelona-celtic-vigo-laliga_268447_102.html","og_locale":"en_US","og_type":"article","og_title":"Koeman's squad list for FC Barcelona-Celtic of Vigo of LaLiga","og_description":"The FC Barcelona has given to know the announcement for the party of LaLiga in front of the Celtic of Vigo, this Tuesday in the Camp Nou, by the day 37 of the campeo...","og_url":"https:\/\/www.fcbarcelonanoticias.com\/en\/laliga\/summoned-koeman-barcelona-celtic-vigo-laliga_268447_102.html","og_site_name":"EN - FC Barcelona Noticias","article_published_time":"2021-05-16T10:19:00+00:00","article_modified_time":"2021-05-16T14:33:00+00:00","og_image":[{"width":1200,"height":721,"url":"https:\/\/www.fcbarcelonanoticias.com\/en\/wp-content\/uploads\/sites\/2\/2021\/07\/koeman-dirige-un-entrenamiento-del-fc-barcelona.jpeg","type":"image\/jpeg"}],"author":"Paola Guevara","twitter_card":"summary_large_image","twitter_misc":{"Written by":"Paola Guevara","Est. reading time":"3 minutes"},"schema":{"@context":"https:\/\/schema.org","@graph":[{"@type":"Article","@id":"https:\/\/www.fcbarcelonanoticias.com\/en\/laliga\/summoned-koeman-barcelona-celtic-vigo-laliga_268447_102.html#article","isPartOf":{"@id":"https:\/\/www.fcbarcelonanoticias.com\/en\/laliga\/summoned-koeman-barcelona-celtic-vigo-laliga_268447_102.html"},"author":{"name":"Paola Guevara","@id":"https:\/\/www.fcbarcelonanoticias.com\/en\/#\/schema\/person\/3b408513ee236e64c3043ec901f019ee"},"headline":"Koeman&#8217;s squad list for FC Barcelona-Celtic of Vigo of LaLiga","datePublished":"2021-05-16T10:19:00+00:00","dateModified":"2021-05-16T14:33:00+00:00","mainEntityOfPage":{"@id":"https:\/\/www.fcbarcelonanoticias.com\/en\/laliga\/summoned-koeman-barcelona-celtic-vigo-laliga_268447_102.html"},"wordCount":633,"image":{"@id":"https:\/\/www.fcbarcelonanoticias.com\/en\/laliga\/summoned-koeman-barcelona-celtic-vigo-laliga_268447_102.html#primaryimage"},"thumbnailUrl":"https:\/\/www.fcbarcelonanoticias.com\/en\/wp-content\/uploads\/sites\/2\/2021\/07\/koeman-dirige-un-entrenamiento-del-fc-barcelona.jpeg","keywords":["Celtic of Vigo","FC Barcelona Squad Lists","Ronald Koeman"],"articleSection":["LaLiga","LaLiga"],"inLanguage":"en-US"},{"@type":"WebPage","@id":"https:\/\/www.fcbarcelonanoticias.com\/en\/laliga\/summoned-koeman-barcelona-celtic-vigo-laliga_268447_102.html","url":"https:\/\/www.fcbarcelonanoticias.com\/en\/laliga\/summoned-koeman-barcelona-celtic-vigo-laliga_268447_102.html","name":"Koeman's squad list for FC Barcelona-Celtic of Vigo of LaLiga","isPartOf":{"@id":"https:\/\/www.fcbarcelonanoticias.com\/en\/#website"},"primaryImageOfPage":{"@id":"https:\/\/www.fcbarcelonanoticias.com\/en\/laliga\/summoned-koeman-barcelona-celtic-vigo-laliga_268447_102.html#primaryimage"},"image":{"@id":"https:\/\/www.fcbarcelonanoticias.com\/en\/laliga\/summoned-koeman-barcelona-celtic-vigo-laliga_268447_102.html#primaryimage"},"thumbnailUrl":"https:\/\/www.fcbarcelonanoticias.com\/en\/wp-content\/uploads\/sites\/2\/2021\/07\/koeman-dirige-un-entrenamiento-del-fc-barcelona.jpeg","datePublished":"2021-05-16T10:19:00+00:00","dateModified":"2021-05-16T14:33:00+00:00","author":{"@id":"https:\/\/www.fcbarcelonanoticias.com\/en\/#\/schema\/person\/3b408513ee236e64c3043ec901f019ee"},"description":"The FC Barcelona has given to know the announcement for the party of LaLiga in front of the Celtic of Vigo, this Tuesday in the Camp Nou, by the day 37 of the campeo...","breadcrumb":{"@id":"https:\/\/www.fcbarcelonanoticias.com\/en\/laliga\/summoned-koeman-barcelona-celtic-vigo-laliga_268447_102.html#breadcrumb"},"inLanguage":"en-US","potentialAction":[{"@type":"ReadAction","target":["https:\/\/www.fcbarcelonanoticias.com\/en\/laliga\/summoned-koeman-barcelona-celtic-vigo-laliga_268447_102.html"]}]},{"@type":"ImageObject","inLanguage":"en-US","@id":"https:\/\/www.fcbarcelonanoticias.com\/en\/laliga\/summoned-koeman-barcelona-celtic-vigo-laliga_268447_102.html#primaryimage","url":"https:\/\/www.fcbarcelonanoticias.com\/en\/wp-content\/uploads\/sites\/2\/2021\/07\/koeman-dirige-un-entrenamiento-del-fc-barcelona.jpeg","contentUrl":"https:\/\/www.fcbarcelonanoticias.com\/en\/wp-content\/uploads\/sites\/2\/2021\/07\/koeman-dirige-un-entrenamiento-del-fc-barcelona.jpeg","width":1200,"height":721},{"@type":"BreadcrumbList","@id":"https:\/\/www.fcbarcelonanoticias.com\/en\/laliga\/summoned-koeman-barcelona-celtic-vigo-laliga_268447_102.html#breadcrumb","itemListElement":[{"@type":"ListItem","position":1,"name":"Portada","item":"https:\/\/www.fcbarcelonanoticias.com\/en\/"},{"@type":"ListItem","position":2,"name":"Koeman&#8217;s squad list for FC Barcelona-Celtic of Vigo of LaLiga"}]},{"@type":"WebSite","@id":"https:\/\/www.fcbarcelonanoticias.com\/en\/#website","url":"https:\/\/www.fcbarcelonanoticias.com\/en\/","name":"EN - FC Barcelona Noticias","description":"","potentialAction":[{"@type":"SearchAction","target":{"@type":"EntryPoint","urlTemplate":"https:\/\/www.fcbarcelonanoticias.com\/en\/?s={search_term_string}"},"query-input":{"@type":"PropertyValueSpecification","valueRequired":true,"valueName":"search_term_string"}}],"inLanguage":"en-US"},{"@type":"Person","@id":"https:\/\/www.fcbarcelonanoticias.com\/en\/#\/schema\/person\/3b408513ee236e64c3043ec901f019ee","name":"Paola Guevara","image":{"@type":"ImageObject","inLanguage":"en-US","@id":"https:\/\/secure.gravatar.com\/avatar\/?s=96&d=mm&r=g","url":"https:\/\/secure.gravatar.com\/avatar\/?s=96&d=mm&r=g","contentUrl":"https:\/\/secure.gravatar.com\/avatar\/?s=96&d=mm&r=g","caption":"Paola Guevara"},"url":"https:\/\/www.fcbarcelonanoticias.com\/en\/fc-barcelona\/paola-guevara_9_115.html"}]}},"_links":{"self":[{"href":"https:\/\/www.fcbarcelonanoticias.com\/en\/wp-json\/wp\/v2\/posts\/61635","targetHints":{"allow":["GET"]}}],"collection":[{"href":"https:\/\/www.fcbarcelonanoticias.com\/en\/wp-json\/wp\/v2\/posts"}],"about":[{"href":"https:\/\/www.fcbarcelonanoticias.com\/en\/wp-json\/wp\/v2\/types\/post"}],"author":[{"embeddable":true,"href":"https:\/\/www.fcbarcelonanoticias.com\/en\/wp-json\/wp\/v2\/users\/352"}],"replies":[{"embeddable":true,"href":"https:\/\/www.fcbarcelonanoticias.com\/en\/wp-json\/wp\/v2\/comments?post=61635"}],"version-history":[{"count":2,"href":"https:\/\/www.fcbarcelonanoticias.com\/en\/wp-json\/wp\/v2\/posts\/61635\/revisions"}],"predecessor-version":[{"id":61647,"href":"https:\/\/www.fcbarcelonanoticias.com\/en\/wp-json\/wp\/v2\/posts\/61635\/revisions\/61647"}],"wp:featuredmedia":[{"embeddable":true,"href":"https:\/\/www.fcbarcelonanoticias.com\/en\/wp-json\/wp\/v2\/media\/14832"}],"wp:attachment":[{"href":"https:\/\/www.fcbarcelonanoticias.com\/en\/wp-json\/wp\/v2\/media?parent=61635"}],"wp:term":[{"taxonomy":"category","embeddable":true,"href":"https:\/\/www.fcbarcelonanoticias.com\/en\/wp-json\/wp\/v2\/categories?post=61635"},{"taxonomy":"post_tag","embeddable":true,"href":"https:\/\/www.fcbarcelonanoticias.com\/en\/wp-json\/wp\/v2\/tags?post=61635"}],"curies":[{"name":"wp","href":"https:\/\/api.w.org\/{rel}","templated":true}]}}