{"id":61985,"date":"2017-08-04T12:02:00","date_gmt":"2017-08-04T10:02:00","guid":{"rendered":"https:\/\/weisetech.dev\/fc-barcelona-noticias\/en\/the-uefa-will-expect-to-judge-the-signing-of-neymar-jr_202939_102\/"},"modified":"2017-08-04T12:57:00","modified_gmt":"2017-08-04T10:57:00","slug":"the-uefa-will-expect-to-judge-the-signing-of-neymar-jr_202939_102","status":"publish","type":"post","link":"https:\/\/www.fcbarcelonanoticias.com\/en\/transfers\/the-uefa-will-expect-to-judge-the-signing-of-neymar-jr_202939_102.html","title":{"rendered":"The UEFA will expect to judge the signing of Neymar Jr"},"content":{"rendered":"<h2 class=\"wp-block-heading\">The UEFA will take  his time to the hour to value if Paris Saint-Germain has violated or no the rule of the &#8216;Financial Fair-Play&#8217; in the signing of Neymar Jr, by the one who has credited the clause of rescission of 222 millions that linked him to the Bar\u00e7a<\/h2>  \r\n<div class=\"article-addons\">\r\n    <a href=\"https:\/\/www.fcbarcelonanoticias.com\/en\/calendar-fc-barcelona.html\"\r\n       target=\"_self\"\r\n       title=\"Calendar of FC Barcelona\"\r\n       class=\"blue-gredient-btn\">\r\n       \r\n        Calendar of FC Barcelona    <\/a>\r\n<\/div>   <p>Although it has foreseen to conduct a thorough investigation <a href=\"https:\/\/www.fcbarcelonanoticias.com\/en\/fc-barcelona\/el-barca-lleva-el-caso-neymar-a-una-uefa-que-espera-al-psg_202920_102.html\"><strong>the secrets of the signing of Neymar Jr by Paris Saint-Germain<\/strong><\/a>, the UEFA will not precipitate  and will expect to that it finish the market of signings 2017, the next 31 August, to initiate the corresponding inquiries that serve for esclarecer the facts regarding the payment of the clause of rescission of the Brazilian player with the FC Barcelona, of 222 million euros.<\/p> <p>The will of the UEFA, according to sources consulted by the Agency EFE, is <strong>to expect to know the <a href=\"https:\/\/www.fcbarcelonanoticias.com\/en\/jugadores-fcbarcelona.html\">players<\/a> that can traspasar Paris Saint-Germain<\/strong> to know finally if the Parisian group&nbsp;fulfils or no &#8220;the requirements of the Financial Fair-Play&#8221;.<\/p> <p>Until it do not finish the market of signings 2017, <strong>the UEFA&nbsp;&#8220;&#8221; will not be able to value &#8220;with antelaci\u00f3n&#8221; the impact of the operation<\/strong> of Neymar Jr, since the PSG still is to to time to &#8220;sell to some of his players by a significant figure&#8221;.<\/p> <p>One of them could be&nbsp;<a href=\"https:\/\/www.fcbarcelonanoticias.com\/en\/fichajes\/las-estrellas-que-podrian-relevar-a-neymar-en-el-barcelona_202719_102.html\"><strong>\u00c1ngel Gave Mar\u00eda, that has still a big poster medi\u00e1tico<\/strong><\/a> to his 29 years and that has sounded for several clubs of Europe in the last dates, between them a FC Barcelona that walks needed of a relief of guarantees for Neymar Jr in the flank of attack.<\/p> <h2>The UEFA will expect at the end of the <a href=\"https:\/\/www.fcbarcelonanoticias.com\/en\/fc-barcelona\/fichajes.html\">market of signings<\/a> <\/h2> <p>The UEFA, in definite, so only will be able to make<strong>&nbsp;&#8220;calculations at the end&#8221; to confirm if they have respected  or no the rules<\/strong> of the &#8216;Financial Fair-Play&#8217; that they have to fulfil &#8220;all&#8221; the European clubs, that have to &#8220;show that they do not have losses of more than 30 million euros in a term of three years&#8221;.<\/p> <p><strong>A lot, and very expensive, will have to sell Paris Saint-Germain<\/strong> in the next dates for of this way not to see prejudiced by a possible fine of the UEFA, that when being the second could leave him even out of European competitions the next season.<\/p> ","protected":false},"excerpt":{"rendered":"<p>The UEFA will take his time to the hour to value if Paris Saint-Germain has violated or no the rule of the &#8216;Financial Fair-Play&#8217; in the signing of Neymar Jr, by the one who has credited the clause of rescission of 222 millions that linked him to the Bar\u00e7a Although it has foreseen to conduct [&hellip;]<\/p>\n","protected":false},"author":366,"featured_media":61998,"comment_status":"closed","ping_status":"open","sticky":false,"template":"","format":"standard","meta":{"_acf_changed":false,"inline_featured_image":false,"_nextfly_llmd_date_locked":false,"footnotes":""},"categories":[106,449],"tags":[143,88,54],"class_list":["post-61985","post","type-post","status-publish","format-standard","has-post-thumbnail","hentry","category-transfers","category-transfers-2","tag-neymar-jr","tag-paris-saint-germain","tag-uefa"],"acf":[],"yoast_head":"<!-- This site is optimized with the Yoast SEO plugin v27.3 - https:\/\/yoast.com\/product\/yoast-seo-wordpress\/ -->\n<title>The UEFA will expect to judge the signing of Neymar Jr<\/title>\n<meta name=\"description\" content=\"The UEFA will take his time to the hour to value if Paris Saint-Germain has violated or no the rule of the &#039;Financial Fair-Play&#039; in the signing of...\" \/>\n<meta name=\"robots\" content=\"index, follow, max-snippet:-1, max-image-preview:large, max-video-preview:-1\" \/>\n<link rel=\"canonical\" href=\"https:\/\/www.fcbarcelonanoticias.com\/en\/transfers\/the-uefa-will-expect-to-judge-the-signing-of-neymar-jr_202939_102.html\" \/>\n<meta property=\"og:locale\" content=\"en_US\" \/>\n<meta property=\"og:type\" content=\"article\" \/>\n<meta property=\"og:title\" content=\"The UEFA will expect to judge the signing of Neymar Jr\" \/>\n<meta property=\"og:description\" content=\"The UEFA will take his time to the hour to value if Paris Saint-Germain has violated or no the rule of the &#039;Financial Fair-Play&#039; in the signing of...\" \/>\n<meta property=\"og:url\" content=\"https:\/\/www.fcbarcelonanoticias.com\/en\/transfers\/the-uefa-will-expect-to-judge-the-signing-of-neymar-jr_202939_102.html\" \/>\n<meta property=\"og:site_name\" content=\"EN - FC Barcelona Noticias\" \/>\n<meta property=\"article:published_time\" content=\"2017-08-04T10:02:00+00:00\" \/>\n<meta property=\"article:modified_time\" content=\"2017-08-04T10:57:00+00:00\" \/>\n<meta property=\"og:image\" content=\"https:\/\/www.fcbarcelonanoticias.com\/en\/wp-content\/uploads\/sites\/2\/2017\/08\/neymar-224351.jpeg\" \/>\n\t<meta property=\"og:image:width\" content=\"761\" \/>\n\t<meta property=\"og:image:height\" content=\"428\" \/>\n\t<meta property=\"og:image:type\" content=\"image\/jpeg\" \/>\n<meta name=\"author\" content=\"Carlos Dom\u00ednguez\" \/>\n<meta name=\"twitter:card\" content=\"summary_large_image\" \/>\n<meta name=\"twitter:label1\" content=\"Written by\" \/>\n\t<meta name=\"twitter:data1\" content=\"Carlos Dom\u00ednguez\" \/>\n\t<meta name=\"twitter:label2\" content=\"Est. reading time\" \/>\n\t<meta name=\"twitter:data2\" content=\"2 minutes\" \/>\n<script type=\"application\/ld+json\" class=\"yoast-schema-graph\">{\"@context\":\"https:\\\/\\\/schema.org\",\"@graph\":[{\"@type\":\"Article\",\"@id\":\"https:\\\/\\\/www.fcbarcelonanoticias.com\\\/en\\\/transfers\\\/the-uefa-will-expect-to-judge-the-signing-of-neymar-jr_202939_102.html#article\",\"isPartOf\":{\"@id\":\"https:\\\/\\\/www.fcbarcelonanoticias.com\\\/en\\\/transfers\\\/the-uefa-will-expect-to-judge-the-signing-of-neymar-jr_202939_102.html\"},\"author\":{\"name\":\"Carlos Dom\u00ednguez\",\"@id\":\"https:\\\/\\\/www.fcbarcelonanoticias.com\\\/en\\\/#\\\/schema\\\/person\\\/888e29b17b79c70d1c617d8a7bc9b8c6\"},\"headline\":\"The UEFA will expect to judge the signing of Neymar Jr\",\"datePublished\":\"2017-08-04T10:02:00+00:00\",\"dateModified\":\"2017-08-04T10:57:00+00:00\",\"mainEntityOfPage\":{\"@id\":\"https:\\\/\\\/www.fcbarcelonanoticias.com\\\/en\\\/transfers\\\/the-uefa-will-expect-to-judge-the-signing-of-neymar-jr_202939_102.html\"},\"wordCount\":392,\"image\":{\"@id\":\"https:\\\/\\\/www.fcbarcelonanoticias.com\\\/en\\\/transfers\\\/the-uefa-will-expect-to-judge-the-signing-of-neymar-jr_202939_102.html#primaryimage\"},\"thumbnailUrl\":\"https:\\\/\\\/www.fcbarcelonanoticias.com\\\/en\\\/wp-content\\\/uploads\\\/sites\\\/2\\\/2017\\\/08\\\/neymar-224351.jpeg\",\"keywords\":[\"Neymar Jr\",\"Paris Saint-Germain\",\"UEFA\"],\"articleSection\":[\"Transfers\",\"Transfers\"],\"inLanguage\":\"en-US\"},{\"@type\":\"WebPage\",\"@id\":\"https:\\\/\\\/www.fcbarcelonanoticias.com\\\/en\\\/transfers\\\/the-uefa-will-expect-to-judge-the-signing-of-neymar-jr_202939_102.html\",\"url\":\"https:\\\/\\\/www.fcbarcelonanoticias.com\\\/en\\\/transfers\\\/the-uefa-will-expect-to-judge-the-signing-of-neymar-jr_202939_102.html\",\"name\":\"The UEFA will expect to judge the signing of Neymar Jr\",\"isPartOf\":{\"@id\":\"https:\\\/\\\/www.fcbarcelonanoticias.com\\\/en\\\/#website\"},\"primaryImageOfPage\":{\"@id\":\"https:\\\/\\\/www.fcbarcelonanoticias.com\\\/en\\\/transfers\\\/the-uefa-will-expect-to-judge-the-signing-of-neymar-jr_202939_102.html#primaryimage\"},\"image\":{\"@id\":\"https:\\\/\\\/www.fcbarcelonanoticias.com\\\/en\\\/transfers\\\/the-uefa-will-expect-to-judge-the-signing-of-neymar-jr_202939_102.html#primaryimage\"},\"thumbnailUrl\":\"https:\\\/\\\/www.fcbarcelonanoticias.com\\\/en\\\/wp-content\\\/uploads\\\/sites\\\/2\\\/2017\\\/08\\\/neymar-224351.jpeg\",\"datePublished\":\"2017-08-04T10:02:00+00:00\",\"dateModified\":\"2017-08-04T10:57:00+00:00\",\"author\":{\"@id\":\"https:\\\/\\\/www.fcbarcelonanoticias.com\\\/en\\\/#\\\/schema\\\/person\\\/888e29b17b79c70d1c617d8a7bc9b8c6\"},\"description\":\"The UEFA will take his time to the hour to value if Paris Saint-Germain has violated or no the rule of the 'Financial Fair-Play' in the signing of...\",\"breadcrumb\":{\"@id\":\"https:\\\/\\\/www.fcbarcelonanoticias.com\\\/en\\\/transfers\\\/the-uefa-will-expect-to-judge-the-signing-of-neymar-jr_202939_102.html#breadcrumb\"},\"inLanguage\":\"en-US\",\"potentialAction\":[{\"@type\":\"ReadAction\",\"target\":[\"https:\\\/\\\/www.fcbarcelonanoticias.com\\\/en\\\/transfers\\\/the-uefa-will-expect-to-judge-the-signing-of-neymar-jr_202939_102.html\"]}]},{\"@type\":\"ImageObject\",\"inLanguage\":\"en-US\",\"@id\":\"https:\\\/\\\/www.fcbarcelonanoticias.com\\\/en\\\/transfers\\\/the-uefa-will-expect-to-judge-the-signing-of-neymar-jr_202939_102.html#primaryimage\",\"url\":\"https:\\\/\\\/www.fcbarcelonanoticias.com\\\/en\\\/wp-content\\\/uploads\\\/sites\\\/2\\\/2017\\\/08\\\/neymar-224351.jpeg\",\"contentUrl\":\"https:\\\/\\\/www.fcbarcelonanoticias.com\\\/en\\\/wp-content\\\/uploads\\\/sites\\\/2\\\/2017\\\/08\\\/neymar-224351.jpeg\",\"width\":761,\"height\":428},{\"@type\":\"BreadcrumbList\",\"@id\":\"https:\\\/\\\/www.fcbarcelonanoticias.com\\\/en\\\/transfers\\\/the-uefa-will-expect-to-judge-the-signing-of-neymar-jr_202939_102.html#breadcrumb\",\"itemListElement\":[{\"@type\":\"ListItem\",\"position\":1,\"name\":\"Portada\",\"item\":\"https:\\\/\\\/www.fcbarcelonanoticias.com\\\/en\\\/\"},{\"@type\":\"ListItem\",\"position\":2,\"name\":\"The UEFA will expect to judge the signing of Neymar Jr\"}]},{\"@type\":\"WebSite\",\"@id\":\"https:\\\/\\\/www.fcbarcelonanoticias.com\\\/en\\\/#website\",\"url\":\"https:\\\/\\\/www.fcbarcelonanoticias.com\\\/en\\\/\",\"name\":\"EN - FC Barcelona Noticias\",\"description\":\"\",\"potentialAction\":[{\"@type\":\"SearchAction\",\"target\":{\"@type\":\"EntryPoint\",\"urlTemplate\":\"https:\\\/\\\/www.fcbarcelonanoticias.com\\\/en\\\/?s={search_term_string}\"},\"query-input\":{\"@type\":\"PropertyValueSpecification\",\"valueRequired\":true,\"valueName\":\"search_term_string\"}}],\"inLanguage\":\"en-US\"},{\"@type\":\"Person\",\"@id\":\"https:\\\/\\\/www.fcbarcelonanoticias.com\\\/en\\\/#\\\/schema\\\/person\\\/888e29b17b79c70d1c617d8a7bc9b8c6\",\"name\":\"Carlos Dom\u00ednguez\",\"image\":{\"@type\":\"ImageObject\",\"inLanguage\":\"en-US\",\"@id\":\"https:\\\/\\\/secure.gravatar.com\\\/avatar\\\/?s=96&d=mm&r=g\",\"url\":\"https:\\\/\\\/secure.gravatar.com\\\/avatar\\\/?s=96&d=mm&r=g\",\"contentUrl\":\"https:\\\/\\\/secure.gravatar.com\\\/avatar\\\/?s=96&d=mm&r=g\",\"caption\":\"Carlos Dom\u00ednguez\"},\"url\":\"https:\\\/\\\/www.fcbarcelonanoticias.com\\\/en\\\/carlos-dominguez_2_115.html\"}]}<\/script>\n<!-- \/ Yoast SEO plugin. -->","yoast_head_json":{"title":"The UEFA will expect to judge the signing of Neymar Jr","description":"The UEFA will take his time to the hour to value if Paris Saint-Germain has violated or no the rule of the 'Financial Fair-Play' in the signing of...","robots":{"index":"index","follow":"follow","max-snippet":"max-snippet:-1","max-image-preview":"max-image-preview:large","max-video-preview":"max-video-preview:-1"},"canonical":"https:\/\/www.fcbarcelonanoticias.com\/en\/transfers\/the-uefa-will-expect-to-judge-the-signing-of-neymar-jr_202939_102.html","og_locale":"en_US","og_type":"article","og_title":"The UEFA will expect to judge the signing of Neymar Jr","og_description":"The UEFA will take his time to the hour to value if Paris Saint-Germain has violated or no the rule of the 'Financial Fair-Play' in the signing of...","og_url":"https:\/\/www.fcbarcelonanoticias.com\/en\/transfers\/the-uefa-will-expect-to-judge-the-signing-of-neymar-jr_202939_102.html","og_site_name":"EN - FC Barcelona Noticias","article_published_time":"2017-08-04T10:02:00+00:00","article_modified_time":"2017-08-04T10:57:00+00:00","og_image":[{"width":761,"height":428,"url":"https:\/\/www.fcbarcelonanoticias.com\/en\/wp-content\/uploads\/sites\/2\/2017\/08\/neymar-224351.jpeg","type":"image\/jpeg"}],"author":"Carlos Dom\u00ednguez","twitter_card":"summary_large_image","twitter_misc":{"Written by":"Carlos Dom\u00ednguez","Est. reading time":"2 minutes"},"schema":{"@context":"https:\/\/schema.org","@graph":[{"@type":"Article","@id":"https:\/\/www.fcbarcelonanoticias.com\/en\/transfers\/the-uefa-will-expect-to-judge-the-signing-of-neymar-jr_202939_102.html#article","isPartOf":{"@id":"https:\/\/www.fcbarcelonanoticias.com\/en\/transfers\/the-uefa-will-expect-to-judge-the-signing-of-neymar-jr_202939_102.html"},"author":{"name":"Carlos Dom\u00ednguez","@id":"https:\/\/www.fcbarcelonanoticias.com\/en\/#\/schema\/person\/888e29b17b79c70d1c617d8a7bc9b8c6"},"headline":"The UEFA will expect to judge the signing of Neymar Jr","datePublished":"2017-08-04T10:02:00+00:00","dateModified":"2017-08-04T10:57:00+00:00","mainEntityOfPage":{"@id":"https:\/\/www.fcbarcelonanoticias.com\/en\/transfers\/the-uefa-will-expect-to-judge-the-signing-of-neymar-jr_202939_102.html"},"wordCount":392,"image":{"@id":"https:\/\/www.fcbarcelonanoticias.com\/en\/transfers\/the-uefa-will-expect-to-judge-the-signing-of-neymar-jr_202939_102.html#primaryimage"},"thumbnailUrl":"https:\/\/www.fcbarcelonanoticias.com\/en\/wp-content\/uploads\/sites\/2\/2017\/08\/neymar-224351.jpeg","keywords":["Neymar Jr","Paris Saint-Germain","UEFA"],"articleSection":["Transfers","Transfers"],"inLanguage":"en-US"},{"@type":"WebPage","@id":"https:\/\/www.fcbarcelonanoticias.com\/en\/transfers\/the-uefa-will-expect-to-judge-the-signing-of-neymar-jr_202939_102.html","url":"https:\/\/www.fcbarcelonanoticias.com\/en\/transfers\/the-uefa-will-expect-to-judge-the-signing-of-neymar-jr_202939_102.html","name":"The UEFA will expect to judge the signing of Neymar Jr","isPartOf":{"@id":"https:\/\/www.fcbarcelonanoticias.com\/en\/#website"},"primaryImageOfPage":{"@id":"https:\/\/www.fcbarcelonanoticias.com\/en\/transfers\/the-uefa-will-expect-to-judge-the-signing-of-neymar-jr_202939_102.html#primaryimage"},"image":{"@id":"https:\/\/www.fcbarcelonanoticias.com\/en\/transfers\/the-uefa-will-expect-to-judge-the-signing-of-neymar-jr_202939_102.html#primaryimage"},"thumbnailUrl":"https:\/\/www.fcbarcelonanoticias.com\/en\/wp-content\/uploads\/sites\/2\/2017\/08\/neymar-224351.jpeg","datePublished":"2017-08-04T10:02:00+00:00","dateModified":"2017-08-04T10:57:00+00:00","author":{"@id":"https:\/\/www.fcbarcelonanoticias.com\/en\/#\/schema\/person\/888e29b17b79c70d1c617d8a7bc9b8c6"},"description":"The UEFA will take his time to the hour to value if Paris Saint-Germain has violated or no the rule of the 'Financial Fair-Play' in the signing of...","breadcrumb":{"@id":"https:\/\/www.fcbarcelonanoticias.com\/en\/transfers\/the-uefa-will-expect-to-judge-the-signing-of-neymar-jr_202939_102.html#breadcrumb"},"inLanguage":"en-US","potentialAction":[{"@type":"ReadAction","target":["https:\/\/www.fcbarcelonanoticias.com\/en\/transfers\/the-uefa-will-expect-to-judge-the-signing-of-neymar-jr_202939_102.html"]}]},{"@type":"ImageObject","inLanguage":"en-US","@id":"https:\/\/www.fcbarcelonanoticias.com\/en\/transfers\/the-uefa-will-expect-to-judge-the-signing-of-neymar-jr_202939_102.html#primaryimage","url":"https:\/\/www.fcbarcelonanoticias.com\/en\/wp-content\/uploads\/sites\/2\/2017\/08\/neymar-224351.jpeg","contentUrl":"https:\/\/www.fcbarcelonanoticias.com\/en\/wp-content\/uploads\/sites\/2\/2017\/08\/neymar-224351.jpeg","width":761,"height":428},{"@type":"BreadcrumbList","@id":"https:\/\/www.fcbarcelonanoticias.com\/en\/transfers\/the-uefa-will-expect-to-judge-the-signing-of-neymar-jr_202939_102.html#breadcrumb","itemListElement":[{"@type":"ListItem","position":1,"name":"Portada","item":"https:\/\/www.fcbarcelonanoticias.com\/en\/"},{"@type":"ListItem","position":2,"name":"The UEFA will expect to judge the signing of Neymar Jr"}]},{"@type":"WebSite","@id":"https:\/\/www.fcbarcelonanoticias.com\/en\/#website","url":"https:\/\/www.fcbarcelonanoticias.com\/en\/","name":"EN - FC Barcelona Noticias","description":"","potentialAction":[{"@type":"SearchAction","target":{"@type":"EntryPoint","urlTemplate":"https:\/\/www.fcbarcelonanoticias.com\/en\/?s={search_term_string}"},"query-input":{"@type":"PropertyValueSpecification","valueRequired":true,"valueName":"search_term_string"}}],"inLanguage":"en-US"},{"@type":"Person","@id":"https:\/\/www.fcbarcelonanoticias.com\/en\/#\/schema\/person\/888e29b17b79c70d1c617d8a7bc9b8c6","name":"Carlos Dom\u00ednguez","image":{"@type":"ImageObject","inLanguage":"en-US","@id":"https:\/\/secure.gravatar.com\/avatar\/?s=96&d=mm&r=g","url":"https:\/\/secure.gravatar.com\/avatar\/?s=96&d=mm&r=g","contentUrl":"https:\/\/secure.gravatar.com\/avatar\/?s=96&d=mm&r=g","caption":"Carlos Dom\u00ednguez"},"url":"https:\/\/www.fcbarcelonanoticias.com\/en\/carlos-dominguez_2_115.html"}]}},"_links":{"self":[{"href":"https:\/\/www.fcbarcelonanoticias.com\/en\/wp-json\/wp\/v2\/posts\/61985","targetHints":{"allow":["GET"]}}],"collection":[{"href":"https:\/\/www.fcbarcelonanoticias.com\/en\/wp-json\/wp\/v2\/posts"}],"about":[{"href":"https:\/\/www.fcbarcelonanoticias.com\/en\/wp-json\/wp\/v2\/types\/post"}],"author":[{"embeddable":true,"href":"https:\/\/www.fcbarcelonanoticias.com\/en\/wp-json\/wp\/v2\/users\/366"}],"replies":[{"embeddable":true,"href":"https:\/\/www.fcbarcelonanoticias.com\/en\/wp-json\/wp\/v2\/comments?post=61985"}],"version-history":[{"count":1,"href":"https:\/\/www.fcbarcelonanoticias.com\/en\/wp-json\/wp\/v2\/posts\/61985\/revisions"}],"predecessor-version":[{"id":143757,"href":"https:\/\/www.fcbarcelonanoticias.com\/en\/wp-json\/wp\/v2\/posts\/61985\/revisions\/143757"}],"wp:featuredmedia":[{"embeddable":true,"href":"https:\/\/www.fcbarcelonanoticias.com\/en\/wp-json\/wp\/v2\/media\/61998"}],"wp:attachment":[{"href":"https:\/\/www.fcbarcelonanoticias.com\/en\/wp-json\/wp\/v2\/media?parent=61985"}],"wp:term":[{"taxonomy":"category","embeddable":true,"href":"https:\/\/www.fcbarcelonanoticias.com\/en\/wp-json\/wp\/v2\/categories?post=61985"},{"taxonomy":"post_tag","embeddable":true,"href":"https:\/\/www.fcbarcelonanoticias.com\/en\/wp-json\/wp\/v2\/tags?post=61985"}],"curies":[{"name":"wp","href":"https:\/\/api.w.org\/{rel}","templated":true}]}}