{"id":62086,"date":"2023-02-26T21:34:00","date_gmt":"2023-02-26T20:34:00","guid":{"rendered":"https:\/\/weisetech.dev\/fc-barcelona-noticias\/en\/ter-stegen-gavi-ferran-the-1x1-of-barcelona-in-surprise-loss-against-almeria_290010_102\/"},"modified":"2023-02-27T02:48:00","modified_gmt":"2023-02-27T01:48:00","slug":"ter-stegen-gavi-ferran-the-1x1-of-barcelona-in-surprise-loss-against-almeria_290010_102","status":"publish","type":"post","link":"https:\/\/www.fcbarcelonanoticias.com\/en\/laliga\/ter-stegen-gavi-ferran-the-1x1-of-barcelona-in-surprise-loss-against-almeria_290010_102.html","title":{"rendered":"Ter Stegen, Gavi, Ferran&#8230; Bar\u00e7a&#8217;s 1&#215;1 in the surprise loss against Almer\u00eda"},"content":{"rendered":"<h2 class=\"wp-block-heading\">FC Barcelona completed its worst game of the season in LaLiga at the Juegos del Mediterr\u00e1neo Stadium. The defeat against Almer\u00eda left very low marks in the cul\u00e9 team after the &#8216;stick&#8217; in the Europa League<\/h2>  \r\n<div class=\"article-addons\">\r\n    <a href=\"https:\/\/www.fcbarcelonanoticias.com\/en\/calendar-fc-barcelona.html\"\r\n       target=\"_self\"\r\n       title=\"Calendar of FC Barcelona\"\r\n       class=\"blue-gredient-btn\">\r\n       \r\n        Calendar of FC Barcelona    <\/a>\r\n<\/div>   <p>The visit to the Stadium of the Games of the Mediterranean consummated the bad moment of the FC Barcelona after the hard elimination of the Europe League in front of the Manchester United. <strong>The ones of <a data-external=\"0\" data-intl-links-en=\"https:\/\/www.fcbarcelonanoticias.com\/en\/laliga\/xavi-and-gavi-will-not-be-in-barca-valencia-due-to-suspension_290009_102.html\" data-intl-links-es=\"https:\/\/www.fcbarcelonanoticias.com\/laliga\/xavi-gavi-no-estaran-barca-valencia-por-sancion_290009_102.html\" href=\"https:\/\/www.fcbarcelonanoticias.com\/en\/laliga\/xavi-and-gavi-will-not-be-in-barca-valencia-due-to-suspension_290009_102.html\" rel=\"follow\" target=\"_self\" title=\"Xavi y Gavi no estar\u00e1n en el Bar\u00e7a-Valencia por sanci\u00f3n\">Xavi Hern\u00e1ndez<\/a> added his second defeat in LaLiga in front of the Almer\u00eda (1-0) in a grey party in all his lines <\/strong>where only added a finish to the arch in 90 minutes, leaving a just worrisome image before the first of the three Classical in front of the Real Madrid.<\/p>  <p>Luckily, the &#8216;merengues&#8217; had punctured the house the Saturday in the derbi Madrilenian (1-1), with which only discounted a point in the fight by the leadership. <strong>Neither Ter Stegen neither Ferran Torres, figures the past week in front of the C\u00e1diz, had a good night the <\/strong>Sunday and the Bar\u00e7a completed his worst party of the season in the tournament, leaving three points that seemed insurances in front of the bad moment of the ones of &#8216;Rubi&#8217;.<\/p>  <h4>Ter Stegen<\/h4>  <p>For the first time in the season, the German did not attain to answer when the Almer\u00eda arrived with danger to his door in the beginning of the party. <strong>The &#8216;1&#8217; remained nailed under sticks when Bilal Tour\u00e9 defined with a powerful finish to put the only so much of the party. <\/strong>In the discount, this yes, avoided the 2-0 with a big reaction in the hand manually in front of Embarba.<\/p>  <h4>Sergi Roberto<\/h4>  <p>It returned to the right side and saw surpassed in several opportunities during the first part. <strong>Sergi neither had depth to associate with Ferran and was replaced by Pablo Tower before the last chamber of hour<\/strong>, in an attempt of Xavi for looking for the tie. Again, the one of Reus gives the reason to those who doubt on his continuity, which gives by done.<\/p>  <h4>Eric Garc\u00eda<\/h4>  <p>Xavi rewarded him with the titularity after his ben split in front of the C\u00e1diz, but in Almer\u00eda the ex head office of the Manchester City went back to leave a lot of doubts, especially in the personal mark. <strong>In the played of the goal of<\/strong> <strong>Bilal Tour\u00e9 was very soft to presionar to the Colombian Luis Su\u00e1rez<\/strong>, facilitating the habilitation of the &#8216;cafetero&#8217; to his mate maliense. In the minute 67, Ronald Ara\u00fajo ingres\u00f3 in his place.<\/p>  <h4>Andreas Christensen<\/h4>  <p>The Danish neither had a good night, since <strong>Bilal Tour\u00e9 won him the back with relative ease in the played of the goal<\/strong>, which produced by a chain of errors of the <a data-external=\"0\" data-intl-links-en=\"https:\/\/www.fcbarcelonanoticias.com\/en\/transfers\/barca-must-not-lose-gabri-veiga_290008_102.html\" data-intl-links-es=\"https:\/\/www.fcbarcelonanoticias.com\/fichajes\/barca-no-debe-perder-vista-gabri-veiga-record_290008_102.html\" href=\"https:\/\/www.fcbarcelonanoticias.com\/en\/transfers\/barca-must-not-lose-gabri-veiga_290008_102.html\" rel=\"follow\" target=\"_self\" title=\"El Bar\u00e7a no debe perder de vista a un Gabri Veiga de r\u00e9cord\">Bar\u00e7a<\/a>. In the second part saw safer, especially after the entry of Ara\u00fajo. Again, it played 90 minutes without receiving cautions, a constant in his performance.<\/p>  <h4>Jordi Alba<\/h4>  <p>Alba returned to the XI after two suplencias consecutive and was the one who more tried it in the first part, desbordando constantly by left to try generate danger. However, <strong>it did not attain to connect with Gavi and left a lot of spaces backwards, left his place in the field to Marcos Alonso<\/strong> in the minute 67.<\/p>  <h4>Sergio Busquets<\/h4>  <p>The captain neither was &#8216;fine&#8217; in front of the Almer\u00eda. Warm in the mark in the played of the goal of the venues,<strong> &#8216;Busi&#8217; saw by moments exhausted and <a data-external=\"0\" data-intl-links-en=\"https:\/\/www.fcbarcelonanoticias.com\/en\/fc-barcelona\/barca-atletic-jewel-debut-xavi-soon_290000_102.html\" data-intl-links-es=\"https:\/\/www.fcbarcelonanoticias.com\/fc-barcelona\/joya-barca-atletic-podria-debutar-con-xavi-proximamente_290000_102.html\" href=\"https:\/\/www.fcbarcelonanoticias.com\/en\/fc-barcelona\/barca-atletic-jewel-debut-xavi-soon_290000_102.html\" rel=\"follow\" target=\"_self\" title=\"La 'joya' del Bar\u00e7a Atl\u00e8tic que podr\u00eda debutar con Xavi pr\u00f3ximamente\">Xavi<\/a> demanded him greater intensity sometime of the party<\/strong>. Still like this it put a good balloon to Robert Lewandowski in the first part and was hit, as of habit, in the passes. It played 76 minutes, until the technician egarense put to the canterano \u00c1ngel Alarc\u00f3n in his place.<\/p>  <h4>Frenkie Of Jong<\/h4>  <p>The Dutch was one of the more strangers of the first part, inoperable with the balloon in the feet and far of the intensity that required a party of so much pressure like which posed the Almer\u00eda. <strong>In spite of being far of his best version, Xavi left him the 90 minutes and went of less to<\/strong>more , contributing intensity and clarity in a final stretch in where they were missing ideas and game to attain the tie.<\/p>  <h4>Franck Kessi\u00e9<\/h4>  <p>The marfile\u00f1o was the sacrificed after a first horrible part of the Bar\u00e7a. To the equal that in Old Trafford, Franck occupied the position of Pedri, but <strong>saw him lost when the team tried to break the resistance of the block of five defenders<\/strong> with some pass filtered. Xavi bet by Raphinha after the rest, with which the mediocentro remained in the bench in the complement.<\/p>  <h4>Gavi<\/h4>  <p>As of habit, was the one who lived the party with greater intensity of the Bar\u00e7a. <strong>A catchword by a no conceded side cost him the yellow, the fifth in the tournament<\/strong>, with which will lose the next party in front of Valencia. In attack, Gavi was the one who more tried it by left, without a lot of fortune to fault of a partner that equalised his insistence.<\/p>  <h4>Ferran Torres<\/h4>  <p>The one of Foios also went of less to more and finish being the best in a night for the forget of the cul\u00e9s. <strong>Desbord\u00f3 All the second part by right and threw a lot of centres that well could finish in the tie blaugrana <\/strong>with Raphinha and Ara\u00fajo like protagonists. This yes, to Ferrran cost him associate with a Lewandowski isolated.<\/p>  <h4>Lewandowski<\/h4>  <p>The &#8216;9&#8217; is still in a pothole that begins to concern seriously. It cost him go in in heat in the first part and participated very little in the complement, <strong>drowned by a sticky mark of Rodrigo Ely and Srdan Babic during the 90 minutes<\/strong>. At the end, it finish frustrated and with a pair of head butts diverted in the final stretch like only contribution in all the party.<\/p>  <h4>Raphinha<\/h4>  <p>The Brazilian ingres\u00f3 in the halftime with the mission to change him the face to the Bar\u00e7a, but further of his attitude contributed really little to the unknown attack cul\u00e9 the Sunday. <strong>His aggressiveness deserved him a yellow that leaves him to the edge of the sanction<\/strong>, but little more for the one of Carry Cheerful.<\/p>  <h4>Ronald Ara\u00fajo<\/h4>  <p>It was the best of the acting ingresados in front of the <a data-external=\"0\" data-intl-links-en=\"https:\/\/www.fcbarcelonanoticias.com\/en\/laliga\/ud-almeria-fc-barcelona-1-0-video-summary-goal-best-plays-match_290005_102.html\" data-intl-links-es=\"https:\/\/www.fcbarcelonanoticias.com\/laliga\/ud-almeria-fc-barcelona-1-0-video-resumen-gol-mejores-jugadas-partido_290005_102.html\" href=\"https:\/\/www.fcbarcelonanoticias.com\/en\/laliga\/ud-almeria-fc-barcelona-1-0-video-summary-goal-best-plays-match_290005_102.html\" rel=\"follow\" target=\"_self\" title=\"UD ALMER\u00cdA-FC BARCELONA (1-0): V\u00eddeo resumen, gol y mejores jugadas del partido\">Almer\u00eda<\/a>. The central was almost a forward more, playing as I free to try hunt some centre in the area. <strong>Had a very clear on the end, but his finish of head left brushing the stick<\/strong>. Thanks to his rises enjoyed of the only options of danger for a Bar\u00e7a that grieve had a finish to door in 95 minutes.<\/p>  <h4>\u00c1ngel Alarc\u00f3n<\/h4>  <p><strong>The canterano was the only able to finish to the arch of Fernando Mart\u00ednez in all the party<\/strong>. It was in the minute 81, when the forward combined with Pablo Tower to take out a finish by low that the local goalkeeper controlled without problems. In the 15 minutes that played, showed that it can be an alternative for the final stretch of the season.<\/p>  <h4>Pablo Tower<\/h4>  <p>The mediocentro had 15 minutes to try resolve a totally broken party for the Bar\u00e7a. <strong>Although it did not touch a lot of balloons, was the one who better ideas contributed in the final stretch,<\/strong> hanging balloons to the area that carried danger to the contrary arch. It gives the feeling that if Xavi gave him more minutes could contribute much more, especially in front of the absence of Pedri.<\/p>  <h4>Marcos Alonso<\/h4>  <p>The defender replaced to Jordi Alba and only participated in a pair of defensive actions to avoid greater evils deep down cul\u00e9. <strong>In front of the <a data-external=\"0\" data-intl-links-en=\"https:\/\/www.fcbarcelonanoticias.com\/en\/laliga\/barcelona-falls-into-a-trap-almeria-leaves-fight-for-laliga-more-open-1-0_290004_102.html\" data-intl-links-es=\"https:\/\/www.fcbarcelonanoticias.com\/laliga\/barcelona-cae-en-trampa-almeria-deja-pelea-por-laliga-mas-abierta-1-0_290004_102.html\" href=\"https:\/\/www.fcbarcelonanoticias.com\/en\/laliga\/barcelona-falls-into-a-trap-almeria-leaves-fight-for-laliga-more-open-1-0_290004_102.html\" rel=\"follow\" target=\"_self\" title=\"El Bar\u00e7a cae en la trampa del Almer\u00eda y deja la pelea por LaLiga m\u00e1s abierta (1-0)\">Almer\u00eda<\/a> returned to the left side, his natural position<\/strong>, after several parties in which it has exerted like second head office.<\/p> ","protected":false},"excerpt":{"rendered":"<p>FC Barcelona completed its worst game of the season in LaLiga at the Juegos del Mediterr\u00e1neo Stadium. The defeat against Almer\u00eda left very low marks in the cul\u00e9 team after the &#8216;stick&#8217; in the Europa League The visit to the Stadium of the Games of the Mediterranean consummated the bad moment of the FC Barcelona [&hellip;]<\/p>\n","protected":false},"author":347,"featured_media":37543,"comment_status":"closed","ping_status":"open","sticky":false,"template":"","format":"standard","meta":{"_acf_changed":false,"inline_featured_image":false,"_nextfly_llmd_date_locked":false,"footnotes":""},"categories":[448,114],"tags":[183],"class_list":["post-62086","post","type-post","status-publish","format-standard","has-post-thumbnail","hentry","category-laliga-2","category-laliga","tag-the-1x1"],"acf":[],"yoast_head":"<!-- This site is optimized with the Yoast SEO plugin v27.3 - https:\/\/yoast.com\/product\/yoast-seo-wordpress\/ -->\n<title>Ter Stegen, Gavi, Ferran... Bar\u00e7a&#039;s 1x1 in the surprise loss against Almer\u00eda<\/title>\n<meta name=\"description\" content=\"FC Barcelona completed its worst game of the season in LaLiga at the Juegos del Mediterr\u00e1neo Stadium. The defeat against Almer\u00eda left very low marks in the cul\u00e9 team after the &#039;stick&#039; in the Europa League\" \/>\n<meta name=\"robots\" content=\"index, follow, max-snippet:-1, max-image-preview:large, max-video-preview:-1\" \/>\n<link rel=\"canonical\" href=\"https:\/\/www.fcbarcelonanoticias.com\/en\/laliga\/ter-stegen-gavi-ferran-the-1x1-of-barcelona-in-surprise-loss-against-almeria_290010_102.html\" \/>\n<meta property=\"og:locale\" content=\"en_US\" \/>\n<meta property=\"og:type\" content=\"article\" \/>\n<meta property=\"og:title\" content=\"Ter Stegen, Gavi, Ferran... Bar\u00e7a&#039;s 1x1 in the surprise loss against Almer\u00eda\" \/>\n<meta property=\"og:description\" content=\"FC Barcelona completed its worst game of the season in LaLiga at the Juegos del Mediterr\u00e1neo Stadium. The defeat against Almer\u00eda left very low marks in the cul\u00e9 team after the &#039;stick&#039; in the Europa League\" \/>\n<meta property=\"og:url\" content=\"https:\/\/www.fcbarcelonanoticias.com\/en\/laliga\/ter-stegen-gavi-ferran-the-1x1-of-barcelona-in-surprise-loss-against-almeria_290010_102.html\" \/>\n<meta property=\"og:site_name\" content=\"EN - FC Barcelona Noticias\" \/>\n<meta property=\"article:published_time\" content=\"2023-02-26T20:34:00+00:00\" \/>\n<meta property=\"article:modified_time\" content=\"2023-02-27T01:48:00+00:00\" \/>\n<meta property=\"og:image\" content=\"https:\/\/www.fcbarcelonanoticias.com\/en\/wp-content\/uploads\/sites\/2\/2023\/04\/jugadores-fc-barcelona-v-almeria.jpeg\" \/>\n\t<meta property=\"og:image:width\" content=\"1300\" \/>\n\t<meta property=\"og:image:height\" content=\"732\" \/>\n\t<meta property=\"og:image:type\" content=\"image\/jpeg\" \/>\n<meta name=\"author\" content=\"Andr\u00e9s Quiroz\" \/>\n<meta name=\"twitter:card\" content=\"summary_large_image\" \/>\n<meta name=\"twitter:label1\" content=\"Written by\" \/>\n\t<meta name=\"twitter:data1\" content=\"Andr\u00e9s Quiroz\" \/>\n\t<meta name=\"twitter:label2\" content=\"Est. reading time\" \/>\n\t<meta name=\"twitter:data2\" content=\"7 minutes\" \/>\n<script type=\"application\/ld+json\" class=\"yoast-schema-graph\">{\"@context\":\"https:\\\/\\\/schema.org\",\"@graph\":[{\"@type\":\"Article\",\"@id\":\"https:\\\/\\\/www.fcbarcelonanoticias.com\\\/en\\\/laliga\\\/ter-stegen-gavi-ferran-the-1x1-of-barcelona-in-surprise-loss-against-almeria_290010_102.html#article\",\"isPartOf\":{\"@id\":\"https:\\\/\\\/www.fcbarcelonanoticias.com\\\/en\\\/laliga\\\/ter-stegen-gavi-ferran-the-1x1-of-barcelona-in-surprise-loss-against-almeria_290010_102.html\"},\"author\":{\"name\":\"Andr\u00e9s Quiroz\",\"@id\":\"https:\\\/\\\/www.fcbarcelonanoticias.com\\\/en\\\/#\\\/schema\\\/person\\\/c2cd9f6fa1af5c0d0eccd0fefa575c88\"},\"headline\":\"Ter Stegen, Gavi, Ferran&#8230; Bar\u00e7a&#8217;s 1&#215;1 in the surprise loss against Almer\u00eda\",\"datePublished\":\"2023-02-26T20:34:00+00:00\",\"dateModified\":\"2023-02-27T01:48:00+00:00\",\"mainEntityOfPage\":{\"@id\":\"https:\\\/\\\/www.fcbarcelonanoticias.com\\\/en\\\/laliga\\\/ter-stegen-gavi-ferran-the-1x1-of-barcelona-in-surprise-loss-against-almeria_290010_102.html\"},\"wordCount\":1326,\"image\":{\"@id\":\"https:\\\/\\\/www.fcbarcelonanoticias.com\\\/en\\\/laliga\\\/ter-stegen-gavi-ferran-the-1x1-of-barcelona-in-surprise-loss-against-almeria_290010_102.html#primaryimage\"},\"thumbnailUrl\":\"https:\\\/\\\/www.fcbarcelonanoticias.com\\\/en\\\/wp-content\\\/uploads\\\/sites\\\/2\\\/2023\\\/04\\\/jugadores-fc-barcelona-v-almeria.jpeg\",\"keywords\":[\"The 1x1\"],\"articleSection\":[\"LaLiga\",\"LaLiga\"],\"inLanguage\":\"en-US\"},{\"@type\":\"WebPage\",\"@id\":\"https:\\\/\\\/www.fcbarcelonanoticias.com\\\/en\\\/laliga\\\/ter-stegen-gavi-ferran-the-1x1-of-barcelona-in-surprise-loss-against-almeria_290010_102.html\",\"url\":\"https:\\\/\\\/www.fcbarcelonanoticias.com\\\/en\\\/laliga\\\/ter-stegen-gavi-ferran-the-1x1-of-barcelona-in-surprise-loss-against-almeria_290010_102.html\",\"name\":\"Ter Stegen, Gavi, Ferran... Bar\u00e7a's 1x1 in the surprise loss against Almer\u00eda\",\"isPartOf\":{\"@id\":\"https:\\\/\\\/www.fcbarcelonanoticias.com\\\/en\\\/#website\"},\"primaryImageOfPage\":{\"@id\":\"https:\\\/\\\/www.fcbarcelonanoticias.com\\\/en\\\/laliga\\\/ter-stegen-gavi-ferran-the-1x1-of-barcelona-in-surprise-loss-against-almeria_290010_102.html#primaryimage\"},\"image\":{\"@id\":\"https:\\\/\\\/www.fcbarcelonanoticias.com\\\/en\\\/laliga\\\/ter-stegen-gavi-ferran-the-1x1-of-barcelona-in-surprise-loss-against-almeria_290010_102.html#primaryimage\"},\"thumbnailUrl\":\"https:\\\/\\\/www.fcbarcelonanoticias.com\\\/en\\\/wp-content\\\/uploads\\\/sites\\\/2\\\/2023\\\/04\\\/jugadores-fc-barcelona-v-almeria.jpeg\",\"datePublished\":\"2023-02-26T20:34:00+00:00\",\"dateModified\":\"2023-02-27T01:48:00+00:00\",\"author\":{\"@id\":\"https:\\\/\\\/www.fcbarcelonanoticias.com\\\/en\\\/#\\\/schema\\\/person\\\/c2cd9f6fa1af5c0d0eccd0fefa575c88\"},\"description\":\"FC Barcelona completed its worst game of the season in LaLiga at the Juegos del Mediterr\u00e1neo Stadium. The defeat against Almer\u00eda left very low marks in the cul\u00e9 team after the 'stick' in the Europa League\",\"breadcrumb\":{\"@id\":\"https:\\\/\\\/www.fcbarcelonanoticias.com\\\/en\\\/laliga\\\/ter-stegen-gavi-ferran-the-1x1-of-barcelona-in-surprise-loss-against-almeria_290010_102.html#breadcrumb\"},\"inLanguage\":\"en-US\",\"potentialAction\":[{\"@type\":\"ReadAction\",\"target\":[\"https:\\\/\\\/www.fcbarcelonanoticias.com\\\/en\\\/laliga\\\/ter-stegen-gavi-ferran-the-1x1-of-barcelona-in-surprise-loss-against-almeria_290010_102.html\"]}]},{\"@type\":\"ImageObject\",\"inLanguage\":\"en-US\",\"@id\":\"https:\\\/\\\/www.fcbarcelonanoticias.com\\\/en\\\/laliga\\\/ter-stegen-gavi-ferran-the-1x1-of-barcelona-in-surprise-loss-against-almeria_290010_102.html#primaryimage\",\"url\":\"https:\\\/\\\/www.fcbarcelonanoticias.com\\\/en\\\/wp-content\\\/uploads\\\/sites\\\/2\\\/2023\\\/04\\\/jugadores-fc-barcelona-v-almeria.jpeg\",\"contentUrl\":\"https:\\\/\\\/www.fcbarcelonanoticias.com\\\/en\\\/wp-content\\\/uploads\\\/sites\\\/2\\\/2023\\\/04\\\/jugadores-fc-barcelona-v-almeria.jpeg\",\"width\":1300,\"height\":732},{\"@type\":\"BreadcrumbList\",\"@id\":\"https:\\\/\\\/www.fcbarcelonanoticias.com\\\/en\\\/laliga\\\/ter-stegen-gavi-ferran-the-1x1-of-barcelona-in-surprise-loss-against-almeria_290010_102.html#breadcrumb\",\"itemListElement\":[{\"@type\":\"ListItem\",\"position\":1,\"name\":\"Portada\",\"item\":\"https:\\\/\\\/www.fcbarcelonanoticias.com\\\/en\\\/\"},{\"@type\":\"ListItem\",\"position\":2,\"name\":\"Ter Stegen, Gavi, Ferran&#8230; Bar\u00e7a&#8217;s 1&#215;1 in the surprise loss against Almer\u00eda\"}]},{\"@type\":\"WebSite\",\"@id\":\"https:\\\/\\\/www.fcbarcelonanoticias.com\\\/en\\\/#website\",\"url\":\"https:\\\/\\\/www.fcbarcelonanoticias.com\\\/en\\\/\",\"name\":\"EN - FC Barcelona Noticias\",\"description\":\"\",\"potentialAction\":[{\"@type\":\"SearchAction\",\"target\":{\"@type\":\"EntryPoint\",\"urlTemplate\":\"https:\\\/\\\/www.fcbarcelonanoticias.com\\\/en\\\/?s={search_term_string}\"},\"query-input\":{\"@type\":\"PropertyValueSpecification\",\"valueRequired\":true,\"valueName\":\"search_term_string\"}}],\"inLanguage\":\"en-US\"},{\"@type\":\"Person\",\"@id\":\"https:\\\/\\\/www.fcbarcelonanoticias.com\\\/en\\\/#\\\/schema\\\/person\\\/c2cd9f6fa1af5c0d0eccd0fefa575c88\",\"name\":\"Andr\u00e9s Quiroz\",\"image\":{\"@type\":\"ImageObject\",\"inLanguage\":\"en-US\",\"@id\":\"https:\\\/\\\/secure.gravatar.com\\\/avatar\\\/?s=96&d=mm&r=g\",\"url\":\"https:\\\/\\\/secure.gravatar.com\\\/avatar\\\/?s=96&d=mm&r=g\",\"contentUrl\":\"https:\\\/\\\/secure.gravatar.com\\\/avatar\\\/?s=96&d=mm&r=g\",\"caption\":\"Andr\u00e9s Quiroz\"},\"description\":\"Licenciado en Periodismo por la Universidad de los Andes. Me encargo de analizar y compartir los contenidos m\u00e1s destacados de la\u00a0actualidad del F\u00fatbol Club Barcelona, Mercado de Fichajes y F\u00fatbol Internacional en FCBN. La informaci\u00f3n es poder, pero tambi\u00e9n conocimiento.\",\"url\":\"https:\\\/\\\/www.fcbarcelonanoticias.com\\\/en\\\/fc-barcelona\\\/andres-quiroz_17_115.html\"}]}<\/script>\n<!-- \/ Yoast SEO plugin. -->","yoast_head_json":{"title":"Ter Stegen, Gavi, Ferran... Bar\u00e7a's 1x1 in the surprise loss against Almer\u00eda","description":"FC Barcelona completed its worst game of the season in LaLiga at the Juegos del Mediterr\u00e1neo Stadium. The defeat against Almer\u00eda left very low marks in the cul\u00e9 team after the 'stick' in the Europa League","robots":{"index":"index","follow":"follow","max-snippet":"max-snippet:-1","max-image-preview":"max-image-preview:large","max-video-preview":"max-video-preview:-1"},"canonical":"https:\/\/www.fcbarcelonanoticias.com\/en\/laliga\/ter-stegen-gavi-ferran-the-1x1-of-barcelona-in-surprise-loss-against-almeria_290010_102.html","og_locale":"en_US","og_type":"article","og_title":"Ter Stegen, Gavi, Ferran... Bar\u00e7a's 1x1 in the surprise loss against Almer\u00eda","og_description":"FC Barcelona completed its worst game of the season in LaLiga at the Juegos del Mediterr\u00e1neo Stadium. The defeat against Almer\u00eda left very low marks in the cul\u00e9 team after the 'stick' in the Europa League","og_url":"https:\/\/www.fcbarcelonanoticias.com\/en\/laliga\/ter-stegen-gavi-ferran-the-1x1-of-barcelona-in-surprise-loss-against-almeria_290010_102.html","og_site_name":"EN - FC Barcelona Noticias","article_published_time":"2023-02-26T20:34:00+00:00","article_modified_time":"2023-02-27T01:48:00+00:00","og_image":[{"width":1300,"height":732,"url":"https:\/\/www.fcbarcelonanoticias.com\/en\/wp-content\/uploads\/sites\/2\/2023\/04\/jugadores-fc-barcelona-v-almeria.jpeg","type":"image\/jpeg"}],"author":"Andr\u00e9s Quiroz","twitter_card":"summary_large_image","twitter_misc":{"Written by":"Andr\u00e9s Quiroz","Est. reading time":"7 minutes"},"schema":{"@context":"https:\/\/schema.org","@graph":[{"@type":"Article","@id":"https:\/\/www.fcbarcelonanoticias.com\/en\/laliga\/ter-stegen-gavi-ferran-the-1x1-of-barcelona-in-surprise-loss-against-almeria_290010_102.html#article","isPartOf":{"@id":"https:\/\/www.fcbarcelonanoticias.com\/en\/laliga\/ter-stegen-gavi-ferran-the-1x1-of-barcelona-in-surprise-loss-against-almeria_290010_102.html"},"author":{"name":"Andr\u00e9s Quiroz","@id":"https:\/\/www.fcbarcelonanoticias.com\/en\/#\/schema\/person\/c2cd9f6fa1af5c0d0eccd0fefa575c88"},"headline":"Ter Stegen, Gavi, Ferran&#8230; Bar\u00e7a&#8217;s 1&#215;1 in the surprise loss against Almer\u00eda","datePublished":"2023-02-26T20:34:00+00:00","dateModified":"2023-02-27T01:48:00+00:00","mainEntityOfPage":{"@id":"https:\/\/www.fcbarcelonanoticias.com\/en\/laliga\/ter-stegen-gavi-ferran-the-1x1-of-barcelona-in-surprise-loss-against-almeria_290010_102.html"},"wordCount":1326,"image":{"@id":"https:\/\/www.fcbarcelonanoticias.com\/en\/laliga\/ter-stegen-gavi-ferran-the-1x1-of-barcelona-in-surprise-loss-against-almeria_290010_102.html#primaryimage"},"thumbnailUrl":"https:\/\/www.fcbarcelonanoticias.com\/en\/wp-content\/uploads\/sites\/2\/2023\/04\/jugadores-fc-barcelona-v-almeria.jpeg","keywords":["The 1x1"],"articleSection":["LaLiga","LaLiga"],"inLanguage":"en-US"},{"@type":"WebPage","@id":"https:\/\/www.fcbarcelonanoticias.com\/en\/laliga\/ter-stegen-gavi-ferran-the-1x1-of-barcelona-in-surprise-loss-against-almeria_290010_102.html","url":"https:\/\/www.fcbarcelonanoticias.com\/en\/laliga\/ter-stegen-gavi-ferran-the-1x1-of-barcelona-in-surprise-loss-against-almeria_290010_102.html","name":"Ter Stegen, Gavi, Ferran... Bar\u00e7a's 1x1 in the surprise loss against Almer\u00eda","isPartOf":{"@id":"https:\/\/www.fcbarcelonanoticias.com\/en\/#website"},"primaryImageOfPage":{"@id":"https:\/\/www.fcbarcelonanoticias.com\/en\/laliga\/ter-stegen-gavi-ferran-the-1x1-of-barcelona-in-surprise-loss-against-almeria_290010_102.html#primaryimage"},"image":{"@id":"https:\/\/www.fcbarcelonanoticias.com\/en\/laliga\/ter-stegen-gavi-ferran-the-1x1-of-barcelona-in-surprise-loss-against-almeria_290010_102.html#primaryimage"},"thumbnailUrl":"https:\/\/www.fcbarcelonanoticias.com\/en\/wp-content\/uploads\/sites\/2\/2023\/04\/jugadores-fc-barcelona-v-almeria.jpeg","datePublished":"2023-02-26T20:34:00+00:00","dateModified":"2023-02-27T01:48:00+00:00","author":{"@id":"https:\/\/www.fcbarcelonanoticias.com\/en\/#\/schema\/person\/c2cd9f6fa1af5c0d0eccd0fefa575c88"},"description":"FC Barcelona completed its worst game of the season in LaLiga at the Juegos del Mediterr\u00e1neo Stadium. The defeat against Almer\u00eda left very low marks in the cul\u00e9 team after the 'stick' in the Europa League","breadcrumb":{"@id":"https:\/\/www.fcbarcelonanoticias.com\/en\/laliga\/ter-stegen-gavi-ferran-the-1x1-of-barcelona-in-surprise-loss-against-almeria_290010_102.html#breadcrumb"},"inLanguage":"en-US","potentialAction":[{"@type":"ReadAction","target":["https:\/\/www.fcbarcelonanoticias.com\/en\/laliga\/ter-stegen-gavi-ferran-the-1x1-of-barcelona-in-surprise-loss-against-almeria_290010_102.html"]}]},{"@type":"ImageObject","inLanguage":"en-US","@id":"https:\/\/www.fcbarcelonanoticias.com\/en\/laliga\/ter-stegen-gavi-ferran-the-1x1-of-barcelona-in-surprise-loss-against-almeria_290010_102.html#primaryimage","url":"https:\/\/www.fcbarcelonanoticias.com\/en\/wp-content\/uploads\/sites\/2\/2023\/04\/jugadores-fc-barcelona-v-almeria.jpeg","contentUrl":"https:\/\/www.fcbarcelonanoticias.com\/en\/wp-content\/uploads\/sites\/2\/2023\/04\/jugadores-fc-barcelona-v-almeria.jpeg","width":1300,"height":732},{"@type":"BreadcrumbList","@id":"https:\/\/www.fcbarcelonanoticias.com\/en\/laliga\/ter-stegen-gavi-ferran-the-1x1-of-barcelona-in-surprise-loss-against-almeria_290010_102.html#breadcrumb","itemListElement":[{"@type":"ListItem","position":1,"name":"Portada","item":"https:\/\/www.fcbarcelonanoticias.com\/en\/"},{"@type":"ListItem","position":2,"name":"Ter Stegen, Gavi, Ferran&#8230; Bar\u00e7a&#8217;s 1&#215;1 in the surprise loss against Almer\u00eda"}]},{"@type":"WebSite","@id":"https:\/\/www.fcbarcelonanoticias.com\/en\/#website","url":"https:\/\/www.fcbarcelonanoticias.com\/en\/","name":"EN - FC Barcelona Noticias","description":"","potentialAction":[{"@type":"SearchAction","target":{"@type":"EntryPoint","urlTemplate":"https:\/\/www.fcbarcelonanoticias.com\/en\/?s={search_term_string}"},"query-input":{"@type":"PropertyValueSpecification","valueRequired":true,"valueName":"search_term_string"}}],"inLanguage":"en-US"},{"@type":"Person","@id":"https:\/\/www.fcbarcelonanoticias.com\/en\/#\/schema\/person\/c2cd9f6fa1af5c0d0eccd0fefa575c88","name":"Andr\u00e9s Quiroz","image":{"@type":"ImageObject","inLanguage":"en-US","@id":"https:\/\/secure.gravatar.com\/avatar\/?s=96&d=mm&r=g","url":"https:\/\/secure.gravatar.com\/avatar\/?s=96&d=mm&r=g","contentUrl":"https:\/\/secure.gravatar.com\/avatar\/?s=96&d=mm&r=g","caption":"Andr\u00e9s Quiroz"},"description":"Licenciado en Periodismo por la Universidad de los Andes. Me encargo de analizar y compartir los contenidos m\u00e1s destacados de la\u00a0actualidad del F\u00fatbol Club Barcelona, Mercado de Fichajes y F\u00fatbol Internacional en FCBN. La informaci\u00f3n es poder, pero tambi\u00e9n conocimiento.","url":"https:\/\/www.fcbarcelonanoticias.com\/en\/fc-barcelona\/andres-quiroz_17_115.html"}]}},"_links":{"self":[{"href":"https:\/\/www.fcbarcelonanoticias.com\/en\/wp-json\/wp\/v2\/posts\/62086","targetHints":{"allow":["GET"]}}],"collection":[{"href":"https:\/\/www.fcbarcelonanoticias.com\/en\/wp-json\/wp\/v2\/posts"}],"about":[{"href":"https:\/\/www.fcbarcelonanoticias.com\/en\/wp-json\/wp\/v2\/types\/post"}],"author":[{"embeddable":true,"href":"https:\/\/www.fcbarcelonanoticias.com\/en\/wp-json\/wp\/v2\/users\/347"}],"replies":[{"embeddable":true,"href":"https:\/\/www.fcbarcelonanoticias.com\/en\/wp-json\/wp\/v2\/comments?post=62086"}],"version-history":[{"count":1,"href":"https:\/\/www.fcbarcelonanoticias.com\/en\/wp-json\/wp\/v2\/posts\/62086\/revisions"}],"predecessor-version":[{"id":62087,"href":"https:\/\/www.fcbarcelonanoticias.com\/en\/wp-json\/wp\/v2\/posts\/62086\/revisions\/62087"}],"wp:featuredmedia":[{"embeddable":true,"href":"https:\/\/www.fcbarcelonanoticias.com\/en\/wp-json\/wp\/v2\/media\/37543"}],"wp:attachment":[{"href":"https:\/\/www.fcbarcelonanoticias.com\/en\/wp-json\/wp\/v2\/media?parent=62086"}],"wp:term":[{"taxonomy":"category","embeddable":true,"href":"https:\/\/www.fcbarcelonanoticias.com\/en\/wp-json\/wp\/v2\/categories?post=62086"},{"taxonomy":"post_tag","embeddable":true,"href":"https:\/\/www.fcbarcelonanoticias.com\/en\/wp-json\/wp\/v2\/tags?post=62086"}],"curies":[{"name":"wp","href":"https:\/\/api.w.org\/{rel}","templated":true}]}}