{"id":62288,"date":"2022-05-11T00:19:00","date_gmt":"2022-05-10T22:19:00","guid":{"rendered":"https:\/\/weisetech.dev\/fc-barcelona-noticias\/en\/video-summary-the-goals-and-the-best-played-of-the-barca-celtic-3-1_280173_102\/"},"modified":"2022-05-11T00:19:00","modified_gmt":"2022-05-10T22:19:00","slug":"video-summary-the-goals-and-the-best-played-of-the-barca-celtic-3-1_280173_102","status":"publish","type":"post","link":"https:\/\/www.fcbarcelonanoticias.com\/en\/laliga\/video-summary-the-goals-and-the-best-played-of-the-barca-celtic-3-1_280173_102.html","title":{"rendered":"VIDEO SUMMARY: The goals and the best plays of Bar\u00e7a-Celta (3-1)"},"content":{"rendered":"<h2 class=\"wp-block-heading\">Video summary, goals and best plays of FC Barcelona-Celta de Vigo (3-1) from matchday 36 of LaLiga Santander 2021-22. A brace from Pierre-Emerick Aubameyang and a goal from Memphis sealed the triumph for the cul\u00e9<\/h2>  \r\n<div class=\"article-addons\">\r\n    <a href=\"https:\/\/www.fcbarcelonanoticias.com\/en\/calendar-fc-barcelona.html\"\r\n       target=\"_self\"\r\n       title=\"Calendar of FC Barcelona\"\r\n       class=\"blue-gredient-btn\">\r\n       \r\n        Calendar of FC Barcelona    <\/a>\r\n<\/div>   <p>The FC Barcelona won to the Celtic of Vigo with goals, but bad game. The Barcelona were inspired of face to the rival goal, but toneless in the rest of appearances. Xavi Hern\u00e1ndez has a lot of work by in front, but the most positive news is that the team is achieving the results to finish the season fulfilling the two big aims: classify to the next edition of the Champions League (achieved) and the Supercopa of Spain (directed).<\/p>  <p>In front of the picture &#8216;celestial&#8217;, the trainer of Terrassa bet by a tactical revolution in his alignment and the Bar\u00e7a suffered more than the necessary. Nevertheless, two genialidades of Ousmane Demb\u00e9l\u00e9 gave goals to Memphis and Aubameyang, in addition to an error of Ara\u00fajo (Celtic) that finish in the so much of the attacker gabon\u00e9s, the one who follows of sweet of face to the goal.<\/p>  <p>To continuation, present you a selection of the best video summaries of the party contested by FC Barcelona and Celtic of Vigo by the day number 36 of LaLiga Santander 2021-2022:<\/p>  <ul> <li><a data-external=\"1\" href=\"https:\/\/videos.marca.com\/en\/v\/iNbCDTlo-laliga-j36-resumen-y-goles-del-barcelona-3-1-celta?uetv_pl=primera-division&amp;count=1\" rel=\"nofollow\" target=\"_blank\" title=\"V\u00eddeo resumen del partido FC Barcelona-Athletic Club&nbsp;en Marca\">Video summary of the party FC Barcelona-Celtic of Vigo in Mark<\/a><\/li> \t<li><a data-external=\"1\" href=\"https:\/\/as.com\/en\/futbol\/2022\/05\/10\/videos\/1652215318_467549.html?autoplay=1\" rel=\"nofollow\" target=\"_blank\" title=\"V\u00eddeo resumen del partido RCD Espanyol-FC Barcelona en AS\">Video summary of the party FC Barcelona-Celtic of Vigo in ACE<\/a><\/li> \t<li><a data-external=\"1\" href=\"https:\/\/www.sport.es\/en\/es\/videos\/resumenes-liga\/20220510\/reusmen-goles-highlights-fc-barcelona\/13639637.shtml\" rel=\"nofollow\" target=\"_blank\" title=\"V\u00eddeo resumen del partido RCD Espanyol-FC Barcelona en Sport\">Video summary of the party FC Barcelona-Celtic of Vigo in Sport<\/a><\/li> \t<li><a data-external=\"1\" href=\"https:\/\/www.mundodeportivo.com\/en\/futbol\/fc-barcelona\/20220510\/1001802682\/cronica-barca-celta.html\" rel=\"nofollow\" target=\"_blank\" title=\"V\u00eddeo resumen del partido RCD Espanyol-FC Barcelona en Mundo Deportivo\">Video summary of the party FC Barcelona-Celtic of Vigo in Sportive World<\/a><\/li> \t<li><a data-external=\"1\" href=\"https:\/\/www.fcbarcelona.es\/en\/es\/\" rel=\"nofollow\" target=\"_blank\" title=\"V\u00eddeo resumen del partido RCD Espanyol-FC Barcelona&nbsp;en la web del Bar\u00e7a\">Video summary of the party FC Barcelona-Celtic of Vigo in the web of the Bar\u00e7a<\/a><\/li> <\/ul> <h3>The goals of the FC Barcelona-Celtic of Vigo<\/h3>  <ul> <li> <strong>1-0, Memphis (min. 30): <\/strong>Ousmane Demb\u00e9l\u00e9 esprint\u00f3 in the right band and left to two rivals in career to find to Memphis Depay in the area and put him in tray a centre between defenders so that it finished it to pleasure with the right boot.<\/li> \t<li> <strong>2-0, Aubameyang (min. 41)<\/strong>: Araujo, defender of the Celtic of Vigo, fell to ar\u00e1s when it tried to clear a centre that there was envoy Memphis Depay after a good started by the left. Aubameyang, that dressed like the smartest of the class, burst into in the area girl to finish the balloon to the deepest of the area of Dituro.<\/li> \t<li> <strong>3-0, Aubameyang (min, 48):<\/strong> Demb\u00e9l\u00e9, the one who repeated the played of the first goal and went by the band to give it finally to Pierre-Emerick Aubameyang, the one who defined with a finish crossed between several players &#8216;celestial&#8217;.<\/li> \t<li> <strong>3-1, Iago Sails (min. 50):<\/strong> The forward of the Celtic cost of an earthy error in the exit of balloon of the Bar\u00e7a<strong>.<\/strong> It received the balloon inside the area and beat to pleasure to Ter Stegen to sign the discount.<\/li> <\/ul> ","protected":false},"excerpt":{"rendered":"<p>Video summary, goals and best plays of FC Barcelona-Celta de Vigo (3-1) from matchday 36 of LaLiga Santander 2021-22. A brace from Pierre-Emerick Aubameyang and a goal from Memphis sealed the triumph for the cul\u00e9 The FC Barcelona won to the Celtic of Vigo with goals, but bad game. The Barcelona were inspired of face [&hellip;]<\/p>\n","protected":false},"author":377,"featured_media":62295,"comment_status":"closed","ping_status":"open","sticky":false,"template":"","format":"standard","meta":{"_acf_changed":false,"inline_featured_image":false,"_nextfly_llmd_date_locked":false,"footnotes":""},"categories":[448,114],"tags":[71,223],"class_list":["post-62288","post","type-post","status-publish","format-standard","has-post-thumbnail","hentry","category-laliga-2","category-laliga","tag-celtic-of-vigo","tag-video-summary"],"acf":[],"yoast_head":"<!-- This site is optimized with the Yoast SEO plugin v27.3 - https:\/\/yoast.com\/product\/yoast-seo-wordpress\/ -->\n<title>VIDEO SUMMARY: The goals and the best played of the Bar\u00e7a-Celtic (3-1)<\/title>\n<meta name=\"description\" content=\"Video summary, goals and better played of the FC Barcelona-Celtic of Vigode the day 36 of LaLiga Santander 2021-22.\" \/>\n<meta name=\"robots\" content=\"index, follow, max-snippet:-1, max-image-preview:large, max-video-preview:-1\" \/>\n<link rel=\"canonical\" href=\"https:\/\/www.fcbarcelonanoticias.com\/en\/laliga\/video-summary-the-goals-and-the-best-played-of-the-barca-celtic-3-1_280173_102.html\" \/>\n<meta property=\"og:locale\" content=\"en_US\" \/>\n<meta property=\"og:type\" content=\"article\" \/>\n<meta property=\"og:title\" content=\"VIDEO SUMMARY: The goals and the best played of the Bar\u00e7a-Celtic (3-1)\" \/>\n<meta property=\"og:description\" content=\"Video summary, goals and better played of the FC Barcelona-Celtic of Vigode the day 36 of LaLiga Santander 2021-22.\" \/>\n<meta property=\"og:url\" content=\"https:\/\/www.fcbarcelonanoticias.com\/en\/laliga\/video-summary-the-goals-and-the-best-played-of-the-barca-celtic-3-1_280173_102.html\" \/>\n<meta property=\"og:site_name\" content=\"EN - FC Barcelona Noticias\" \/>\n<meta property=\"article:published_time\" content=\"2022-05-10T22:19:00+00:00\" \/>\n<meta property=\"og:image\" content=\"https:\/\/www.fcbarcelonanoticias.com\/en\/wp-content\/uploads\/sites\/2\/2022\/05\/los-jugadores-del-barc-a-aplauden-al-camp-nou-tras-el-triunfo-al-celta.jpeg\" \/>\n\t<meta property=\"og:image:width\" content=\"1200\" \/>\n\t<meta property=\"og:image:height\" content=\"675\" \/>\n\t<meta property=\"og:image:type\" content=\"image\/jpeg\" \/>\n<meta name=\"author\" content=\"user_4033\" \/>\n<meta name=\"twitter:card\" content=\"summary_large_image\" \/>\n<meta name=\"twitter:label1\" content=\"Written by\" \/>\n\t<meta name=\"twitter:data1\" content=\"user_4033\" \/>\n\t<meta name=\"twitter:label2\" content=\"Est. reading time\" \/>\n\t<meta name=\"twitter:data2\" content=\"2 minutes\" \/>\n<script type=\"application\/ld+json\" class=\"yoast-schema-graph\">{\"@context\":\"https:\\\/\\\/schema.org\",\"@graph\":[{\"@type\":\"Article\",\"@id\":\"https:\\\/\\\/www.fcbarcelonanoticias.com\\\/en\\\/laliga\\\/video-summary-the-goals-and-the-best-played-of-the-barca-celtic-3-1_280173_102.html#article\",\"isPartOf\":{\"@id\":\"https:\\\/\\\/www.fcbarcelonanoticias.com\\\/en\\\/laliga\\\/video-summary-the-goals-and-the-best-played-of-the-barca-celtic-3-1_280173_102.html\"},\"author\":{\"name\":\"user_4033\",\"@id\":\"https:\\\/\\\/www.fcbarcelonanoticias.com\\\/en\\\/#\\\/schema\\\/person\\\/ef17c1dea904b5d4464ec95dd322e667\"},\"headline\":\"VIDEO SUMMARY: The goals and the best plays of Bar\u00e7a-Celta (3-1)\",\"datePublished\":\"2022-05-10T22:19:00+00:00\",\"mainEntityOfPage\":{\"@id\":\"https:\\\/\\\/www.fcbarcelonanoticias.com\\\/en\\\/laliga\\\/video-summary-the-goals-and-the-best-played-of-the-barca-celtic-3-1_280173_102.html\"},\"wordCount\":483,\"image\":{\"@id\":\"https:\\\/\\\/www.fcbarcelonanoticias.com\\\/en\\\/laliga\\\/video-summary-the-goals-and-the-best-played-of-the-barca-celtic-3-1_280173_102.html#primaryimage\"},\"thumbnailUrl\":\"https:\\\/\\\/www.fcbarcelonanoticias.com\\\/en\\\/wp-content\\\/uploads\\\/sites\\\/2\\\/2022\\\/05\\\/los-jugadores-del-barc-a-aplauden-al-camp-nou-tras-el-triunfo-al-celta.jpeg\",\"keywords\":[\"Celtic of Vigo\",\"Video summary\"],\"articleSection\":[\"LaLiga\",\"LaLiga\"],\"inLanguage\":\"en-US\"},{\"@type\":\"WebPage\",\"@id\":\"https:\\\/\\\/www.fcbarcelonanoticias.com\\\/en\\\/laliga\\\/video-summary-the-goals-and-the-best-played-of-the-barca-celtic-3-1_280173_102.html\",\"url\":\"https:\\\/\\\/www.fcbarcelonanoticias.com\\\/en\\\/laliga\\\/video-summary-the-goals-and-the-best-played-of-the-barca-celtic-3-1_280173_102.html\",\"name\":\"VIDEO SUMMARY: The goals and the best played of the Bar\u00e7a-Celtic (3-1)\",\"isPartOf\":{\"@id\":\"https:\\\/\\\/www.fcbarcelonanoticias.com\\\/en\\\/#website\"},\"primaryImageOfPage\":{\"@id\":\"https:\\\/\\\/www.fcbarcelonanoticias.com\\\/en\\\/laliga\\\/video-summary-the-goals-and-the-best-played-of-the-barca-celtic-3-1_280173_102.html#primaryimage\"},\"image\":{\"@id\":\"https:\\\/\\\/www.fcbarcelonanoticias.com\\\/en\\\/laliga\\\/video-summary-the-goals-and-the-best-played-of-the-barca-celtic-3-1_280173_102.html#primaryimage\"},\"thumbnailUrl\":\"https:\\\/\\\/www.fcbarcelonanoticias.com\\\/en\\\/wp-content\\\/uploads\\\/sites\\\/2\\\/2022\\\/05\\\/los-jugadores-del-barc-a-aplauden-al-camp-nou-tras-el-triunfo-al-celta.jpeg\",\"datePublished\":\"2022-05-10T22:19:00+00:00\",\"author\":{\"@id\":\"https:\\\/\\\/www.fcbarcelonanoticias.com\\\/en\\\/#\\\/schema\\\/person\\\/ef17c1dea904b5d4464ec95dd322e667\"},\"description\":\"Video summary, goals and better played of the FC Barcelona-Celtic of Vigode the day 36 of LaLiga Santander 2021-22.\",\"breadcrumb\":{\"@id\":\"https:\\\/\\\/www.fcbarcelonanoticias.com\\\/en\\\/laliga\\\/video-summary-the-goals-and-the-best-played-of-the-barca-celtic-3-1_280173_102.html#breadcrumb\"},\"inLanguage\":\"en-US\",\"potentialAction\":[{\"@type\":\"ReadAction\",\"target\":[\"https:\\\/\\\/www.fcbarcelonanoticias.com\\\/en\\\/laliga\\\/video-summary-the-goals-and-the-best-played-of-the-barca-celtic-3-1_280173_102.html\"]}]},{\"@type\":\"ImageObject\",\"inLanguage\":\"en-US\",\"@id\":\"https:\\\/\\\/www.fcbarcelonanoticias.com\\\/en\\\/laliga\\\/video-summary-the-goals-and-the-best-played-of-the-barca-celtic-3-1_280173_102.html#primaryimage\",\"url\":\"https:\\\/\\\/www.fcbarcelonanoticias.com\\\/en\\\/wp-content\\\/uploads\\\/sites\\\/2\\\/2022\\\/05\\\/los-jugadores-del-barc-a-aplauden-al-camp-nou-tras-el-triunfo-al-celta.jpeg\",\"contentUrl\":\"https:\\\/\\\/www.fcbarcelonanoticias.com\\\/en\\\/wp-content\\\/uploads\\\/sites\\\/2\\\/2022\\\/05\\\/los-jugadores-del-barc-a-aplauden-al-camp-nou-tras-el-triunfo-al-celta.jpeg\",\"width\":1200,\"height\":675},{\"@type\":\"BreadcrumbList\",\"@id\":\"https:\\\/\\\/www.fcbarcelonanoticias.com\\\/en\\\/laliga\\\/video-summary-the-goals-and-the-best-played-of-the-barca-celtic-3-1_280173_102.html#breadcrumb\",\"itemListElement\":[{\"@type\":\"ListItem\",\"position\":1,\"name\":\"Portada\",\"item\":\"https:\\\/\\\/www.fcbarcelonanoticias.com\\\/en\\\/\"},{\"@type\":\"ListItem\",\"position\":2,\"name\":\"VIDEO SUMMARY: The goals and the best plays of Bar\u00e7a-Celta (3-1)\"}]},{\"@type\":\"WebSite\",\"@id\":\"https:\\\/\\\/www.fcbarcelonanoticias.com\\\/en\\\/#website\",\"url\":\"https:\\\/\\\/www.fcbarcelonanoticias.com\\\/en\\\/\",\"name\":\"EN - FC Barcelona Noticias\",\"description\":\"\",\"potentialAction\":[{\"@type\":\"SearchAction\",\"target\":{\"@type\":\"EntryPoint\",\"urlTemplate\":\"https:\\\/\\\/www.fcbarcelonanoticias.com\\\/en\\\/?s={search_term_string}\"},\"query-input\":{\"@type\":\"PropertyValueSpecification\",\"valueRequired\":true,\"valueName\":\"search_term_string\"}}],\"inLanguage\":\"en-US\"},{\"@type\":\"Person\",\"@id\":\"https:\\\/\\\/www.fcbarcelonanoticias.com\\\/en\\\/#\\\/schema\\\/person\\\/ef17c1dea904b5d4464ec95dd322e667\",\"name\":\"user_4033\",\"image\":{\"@type\":\"ImageObject\",\"inLanguage\":\"en-US\",\"@id\":\"https:\\\/\\\/secure.gravatar.com\\\/avatar\\\/?s=96&d=mm&r=g\",\"url\":\"https:\\\/\\\/secure.gravatar.com\\\/avatar\\\/?s=96&d=mm&r=g\",\"contentUrl\":\"https:\\\/\\\/secure.gravatar.com\\\/avatar\\\/?s=96&d=mm&r=g\",\"caption\":\"user_4033\"},\"url\":\"https:\\\/\\\/www.fcbarcelonanoticias.com\\\/en\\\/user_4033.html\"}]}<\/script>\n<!-- \/ Yoast SEO plugin. -->","yoast_head_json":{"title":"VIDEO SUMMARY: The goals and the best played of the Bar\u00e7a-Celtic (3-1)","description":"Video summary, goals and better played of the FC Barcelona-Celtic of Vigode the day 36 of LaLiga Santander 2021-22.","robots":{"index":"index","follow":"follow","max-snippet":"max-snippet:-1","max-image-preview":"max-image-preview:large","max-video-preview":"max-video-preview:-1"},"canonical":"https:\/\/www.fcbarcelonanoticias.com\/en\/laliga\/video-summary-the-goals-and-the-best-played-of-the-barca-celtic-3-1_280173_102.html","og_locale":"en_US","og_type":"article","og_title":"VIDEO SUMMARY: The goals and the best played of the Bar\u00e7a-Celtic (3-1)","og_description":"Video summary, goals and better played of the FC Barcelona-Celtic of Vigode the day 36 of LaLiga Santander 2021-22.","og_url":"https:\/\/www.fcbarcelonanoticias.com\/en\/laliga\/video-summary-the-goals-and-the-best-played-of-the-barca-celtic-3-1_280173_102.html","og_site_name":"EN - FC Barcelona Noticias","article_published_time":"2022-05-10T22:19:00+00:00","og_image":[{"width":1200,"height":675,"url":"https:\/\/www.fcbarcelonanoticias.com\/en\/wp-content\/uploads\/sites\/2\/2022\/05\/los-jugadores-del-barc-a-aplauden-al-camp-nou-tras-el-triunfo-al-celta.jpeg","type":"image\/jpeg"}],"author":"user_4033","twitter_card":"summary_large_image","twitter_misc":{"Written by":"user_4033","Est. reading time":"2 minutes"},"schema":{"@context":"https:\/\/schema.org","@graph":[{"@type":"Article","@id":"https:\/\/www.fcbarcelonanoticias.com\/en\/laliga\/video-summary-the-goals-and-the-best-played-of-the-barca-celtic-3-1_280173_102.html#article","isPartOf":{"@id":"https:\/\/www.fcbarcelonanoticias.com\/en\/laliga\/video-summary-the-goals-and-the-best-played-of-the-barca-celtic-3-1_280173_102.html"},"author":{"name":"user_4033","@id":"https:\/\/www.fcbarcelonanoticias.com\/en\/#\/schema\/person\/ef17c1dea904b5d4464ec95dd322e667"},"headline":"VIDEO SUMMARY: The goals and the best plays of Bar\u00e7a-Celta (3-1)","datePublished":"2022-05-10T22:19:00+00:00","mainEntityOfPage":{"@id":"https:\/\/www.fcbarcelonanoticias.com\/en\/laliga\/video-summary-the-goals-and-the-best-played-of-the-barca-celtic-3-1_280173_102.html"},"wordCount":483,"image":{"@id":"https:\/\/www.fcbarcelonanoticias.com\/en\/laliga\/video-summary-the-goals-and-the-best-played-of-the-barca-celtic-3-1_280173_102.html#primaryimage"},"thumbnailUrl":"https:\/\/www.fcbarcelonanoticias.com\/en\/wp-content\/uploads\/sites\/2\/2022\/05\/los-jugadores-del-barc-a-aplauden-al-camp-nou-tras-el-triunfo-al-celta.jpeg","keywords":["Celtic of Vigo","Video summary"],"articleSection":["LaLiga","LaLiga"],"inLanguage":"en-US"},{"@type":"WebPage","@id":"https:\/\/www.fcbarcelonanoticias.com\/en\/laliga\/video-summary-the-goals-and-the-best-played-of-the-barca-celtic-3-1_280173_102.html","url":"https:\/\/www.fcbarcelonanoticias.com\/en\/laliga\/video-summary-the-goals-and-the-best-played-of-the-barca-celtic-3-1_280173_102.html","name":"VIDEO SUMMARY: The goals and the best played of the Bar\u00e7a-Celtic (3-1)","isPartOf":{"@id":"https:\/\/www.fcbarcelonanoticias.com\/en\/#website"},"primaryImageOfPage":{"@id":"https:\/\/www.fcbarcelonanoticias.com\/en\/laliga\/video-summary-the-goals-and-the-best-played-of-the-barca-celtic-3-1_280173_102.html#primaryimage"},"image":{"@id":"https:\/\/www.fcbarcelonanoticias.com\/en\/laliga\/video-summary-the-goals-and-the-best-played-of-the-barca-celtic-3-1_280173_102.html#primaryimage"},"thumbnailUrl":"https:\/\/www.fcbarcelonanoticias.com\/en\/wp-content\/uploads\/sites\/2\/2022\/05\/los-jugadores-del-barc-a-aplauden-al-camp-nou-tras-el-triunfo-al-celta.jpeg","datePublished":"2022-05-10T22:19:00+00:00","author":{"@id":"https:\/\/www.fcbarcelonanoticias.com\/en\/#\/schema\/person\/ef17c1dea904b5d4464ec95dd322e667"},"description":"Video summary, goals and better played of the FC Barcelona-Celtic of Vigode the day 36 of LaLiga Santander 2021-22.","breadcrumb":{"@id":"https:\/\/www.fcbarcelonanoticias.com\/en\/laliga\/video-summary-the-goals-and-the-best-played-of-the-barca-celtic-3-1_280173_102.html#breadcrumb"},"inLanguage":"en-US","potentialAction":[{"@type":"ReadAction","target":["https:\/\/www.fcbarcelonanoticias.com\/en\/laliga\/video-summary-the-goals-and-the-best-played-of-the-barca-celtic-3-1_280173_102.html"]}]},{"@type":"ImageObject","inLanguage":"en-US","@id":"https:\/\/www.fcbarcelonanoticias.com\/en\/laliga\/video-summary-the-goals-and-the-best-played-of-the-barca-celtic-3-1_280173_102.html#primaryimage","url":"https:\/\/www.fcbarcelonanoticias.com\/en\/wp-content\/uploads\/sites\/2\/2022\/05\/los-jugadores-del-barc-a-aplauden-al-camp-nou-tras-el-triunfo-al-celta.jpeg","contentUrl":"https:\/\/www.fcbarcelonanoticias.com\/en\/wp-content\/uploads\/sites\/2\/2022\/05\/los-jugadores-del-barc-a-aplauden-al-camp-nou-tras-el-triunfo-al-celta.jpeg","width":1200,"height":675},{"@type":"BreadcrumbList","@id":"https:\/\/www.fcbarcelonanoticias.com\/en\/laliga\/video-summary-the-goals-and-the-best-played-of-the-barca-celtic-3-1_280173_102.html#breadcrumb","itemListElement":[{"@type":"ListItem","position":1,"name":"Portada","item":"https:\/\/www.fcbarcelonanoticias.com\/en\/"},{"@type":"ListItem","position":2,"name":"VIDEO SUMMARY: The goals and the best plays of Bar\u00e7a-Celta (3-1)"}]},{"@type":"WebSite","@id":"https:\/\/www.fcbarcelonanoticias.com\/en\/#website","url":"https:\/\/www.fcbarcelonanoticias.com\/en\/","name":"EN - FC Barcelona Noticias","description":"","potentialAction":[{"@type":"SearchAction","target":{"@type":"EntryPoint","urlTemplate":"https:\/\/www.fcbarcelonanoticias.com\/en\/?s={search_term_string}"},"query-input":{"@type":"PropertyValueSpecification","valueRequired":true,"valueName":"search_term_string"}}],"inLanguage":"en-US"},{"@type":"Person","@id":"https:\/\/www.fcbarcelonanoticias.com\/en\/#\/schema\/person\/ef17c1dea904b5d4464ec95dd322e667","name":"user_4033","image":{"@type":"ImageObject","inLanguage":"en-US","@id":"https:\/\/secure.gravatar.com\/avatar\/?s=96&d=mm&r=g","url":"https:\/\/secure.gravatar.com\/avatar\/?s=96&d=mm&r=g","contentUrl":"https:\/\/secure.gravatar.com\/avatar\/?s=96&d=mm&r=g","caption":"user_4033"},"url":"https:\/\/www.fcbarcelonanoticias.com\/en\/user_4033.html"}]}},"_links":{"self":[{"href":"https:\/\/www.fcbarcelonanoticias.com\/en\/wp-json\/wp\/v2\/posts\/62288","targetHints":{"allow":["GET"]}}],"collection":[{"href":"https:\/\/www.fcbarcelonanoticias.com\/en\/wp-json\/wp\/v2\/posts"}],"about":[{"href":"https:\/\/www.fcbarcelonanoticias.com\/en\/wp-json\/wp\/v2\/types\/post"}],"author":[{"embeddable":true,"href":"https:\/\/www.fcbarcelonanoticias.com\/en\/wp-json\/wp\/v2\/users\/377"}],"replies":[{"embeddable":true,"href":"https:\/\/www.fcbarcelonanoticias.com\/en\/wp-json\/wp\/v2\/comments?post=62288"}],"version-history":[{"count":1,"href":"https:\/\/www.fcbarcelonanoticias.com\/en\/wp-json\/wp\/v2\/posts\/62288\/revisions"}],"predecessor-version":[{"id":116937,"href":"https:\/\/www.fcbarcelonanoticias.com\/en\/wp-json\/wp\/v2\/posts\/62288\/revisions\/116937"}],"wp:featuredmedia":[{"embeddable":true,"href":"https:\/\/www.fcbarcelonanoticias.com\/en\/wp-json\/wp\/v2\/media\/62295"}],"wp:attachment":[{"href":"https:\/\/www.fcbarcelonanoticias.com\/en\/wp-json\/wp\/v2\/media?parent=62288"}],"wp:term":[{"taxonomy":"category","embeddable":true,"href":"https:\/\/www.fcbarcelonanoticias.com\/en\/wp-json\/wp\/v2\/categories?post=62288"},{"taxonomy":"post_tag","embeddable":true,"href":"https:\/\/www.fcbarcelonanoticias.com\/en\/wp-json\/wp\/v2\/tags?post=62288"}],"curies":[{"name":"wp","href":"https:\/\/api.w.org\/{rel}","templated":true}]}}