{"id":62391,"date":"2022-12-31T17:34:00","date_gmt":"2022-12-31T16:34:00","guid":{"rendered":"https:\/\/weisetech.dev\/fc-barcelona-noticias\/en\/the-barca-deepens-his-crisis-with-a-new-tie-in-front-of-the-cadiz-0-0_272988_102\/"},"modified":"2022-12-31T17:34:00","modified_gmt":"2022-12-31T16:34:00","slug":"the-barca-could-not-continue-his-historical-series-in-front-of-the-esp_288179_102","status":"publish","type":"post","link":"https:\/\/www.fcbarcelonanoticias.com\/en\/laliga\/the-barca-could-not-continue-his-historical-series-in-front-of-the-esp_288179_102.html","title":{"rendered":"Bar\u00e7a could not continue its historic streak against Espanyol"},"content":{"rendered":"<h2 class=\"wp-block-heading\">In a very hot game from the previous one for the precautionary in favor of Robert Lewandowski, Espanyol equalized in their visit to the Spotify Camp Nou. In the middle of Mateu Lahoz&#8217;s &#8216;show&#8217;, the &#8216;parrots&#8217; joined the cul\u00e9 temple for the first time since 2009<\/h2>  \r\n<div class=\"article-addons\">\r\n    <a href=\"https:\/\/www.fcbarcelonanoticias.com\/en\/calendar-fc-barcelona.html\"\r\n       target=\"_self\"\r\n       title=\"Calendar of FC Barcelona\"\r\n       class=\"blue-gredient-btn\">\r\n       \r\n        Calendar of FC Barcelona    <\/a>\r\n<\/div>   <p>The Espanyol put end the Saturday to a series of almost 15 years without punctual in the Spotify Camp Nou. <strong>Promoted by the outrageous referee&#8217;s performance of <a data-external=\"0\" data-intl-links-en=\"https:\/\/www.fcbarcelonanoticias.com\/en\/laliga\/like-this-it-was-the-show-of-mateu-lahoz-in-the-barca-espanyol_288174_102.html\" data-intl-links-es=\"https:\/\/www.fcbarcelonanoticias.com\/laliga\/fue-show-mateu-lahoz-barcelona-espanyol_288174_102.html\" href=\"https:\/\/www.fcbarcelonanoticias.com\/en\/laliga\/like-this-it-was-the-show-of-mateu-lahoz-in-the-barca-espanyol_288174_102.html\" rel=\"follow\" target=\"_self\" title=\"\u00a1Esc\u00e1ndalo en Barcelona! As\u00ed fue el 'show' de Mateu Lahoz en el Bar\u00e7a-Espanyol\">Antonio Mateu Lahoz<\/a>, the ones of Diego Mart\u00ednez saved the tie<\/strong> thanks to a penalti converted by Joselu in the minute 73 in a party in which they did scarce merits to leave of the temple cul\u00e9 with a point of gold in the reinicio of LaLiga.<\/p>  <p>After a first part in which the &#8216;pericos&#8217; as soon as they crossed the half of the field, the continuous interruptions and the irruption of the &#8216;show&#8217; individual of the Valencian referee nublaron the ideas of a Bar\u00e7a that seemed to have all under control to 20 minutes for the end. <strong>A pisot\u00f3n of Marcos Alonso, author of the 1-0 transitiorio in the minute 7, on the &#8216;9&#8217; visitor threw to the fret the work cul\u00e9 <\/strong>and gave to Joselu the opportunity to equalise the marker.<\/p>  <p>The forward pate\u00f3 strong and to the half in front of Marc-Andr\u00e9 ter Stegen that launched to his left hand, <strong>sentencing an unfair tie apparently until then, but unappealable in front of an imprudent fault of the today reconverted <\/strong>side in second head office. The Bar\u00e7a tried it in the final stretch, but the changes of Xavi Hern\u00e1ndez weighed really little in a totally broken party by the decisions of a Mateu Lahoz incomprehensible.<\/p>  <p>With the tie, the Espanyol goes back to give sample of his character in parties in where his game does not give answers. <strong>The ones of Diego Mart\u00ednez arrive to 13 points and follow engaged in the low part of <a data-external=\"0\" data-intl-links-en=\"https:\/\/www.fcbarcelonanoticias.com\/en\/laliga\/like-this-it-is-laliga-the-barca-conserves-the-leadership-in-the-closing-of-the-2022_288154_102.html\" data-intl-links-es=\"https:\/\/www.fcbarcelonanoticias.com\/laliga\/esta-laliga-barcelona-conserva-liderato-en-cierre-2022_288154_102.html\" href=\"https:\/\/www.fcbarcelonanoticias.com\/en\/laliga\/like-this-it-is-laliga-the-barca-conserves-the-leadership-in-the-closing-of-the-2022_288154_102.html\" rel=\"follow\" target=\"_self\" title=\"As\u00ed est\u00e1 LaLiga: El Bar\u00e7a conserva el liderato en el cierre del 2022\">the classification<\/a> <\/strong>(place 16 equalised with the Celtic of Vigo), but the point is really of gold, more when the defeat seemed safe in a field in where the &#8216;pericos&#8217; did not add from February of 2009.<\/p>  <h3>Joselu Emulated to Ivan Of the Crag for amargar to the Bar\u00e7a<\/h3>  <p>The so much of Joselu did that the Bar\u00e7a went back to yield points home in the derbi Catalan for the first time from the season 20008\/09, the one of the remembered first triplete with Pep Guardiola. <strong>The Espanyol, then directed by Mauritius Pochettino, imposed thanks to a doublet of Iv\u00e1n Of the Crag in the minutes 50 and 55<\/strong>, doing insufficient the discount of Yaya Tour\u00e9 to half hour of the end. Curiously, so much the Argentinian trainer like the Catalan forward was the Saturday in Camp Nou like viewers.<\/p> ","protected":false},"excerpt":{"rendered":"<p>In a very hot game from the previous one for the precautionary in favor of Robert Lewandowski, Espanyol equalized in their visit to the Spotify Camp Nou. In the middle of Mateu Lahoz&#8217;s &#8216;show&#8217;, the &#8216;parrots&#8217; joined the cul\u00e9 temple for the first time since 2009 The Espanyol put end the Saturday to a series [&hellip;]<\/p>\n","protected":false},"author":347,"featured_media":57251,"comment_status":"closed","ping_status":"open","sticky":false,"template":"","format":"standard","meta":{"_acf_changed":false,"inline_featured_image":false,"_nextfly_llmd_date_locked":false,"footnotes":""},"categories":[448,114],"tags":[79,48],"class_list":["post-62391","post","type-post","status-publish","format-standard","has-post-thumbnail","hentry","category-laliga-2","category-laliga","tag-rcd-espanyol","tag-xavi-hernandez"],"acf":[],"yoast_head":"<!-- This site is optimized with the Yoast SEO plugin v27.3 - https:\/\/yoast.com\/product\/yoast-seo-wordpress\/ -->\n<title>Bar\u00e7a could not continue its historic streak against Espanyol<\/title>\n<meta name=\"description\" content=\"In a very hot party from the previous by the cautelar in favour of Robert Lewandowski, the Espanyol equalise in his visit to the Spotify Camp Nou. In the middle of the...\" \/>\n<meta name=\"robots\" content=\"index, follow, max-snippet:-1, max-image-preview:large, max-video-preview:-1\" \/>\n<link rel=\"canonical\" href=\"https:\/\/www.fcbarcelonanoticias.com\/en\/laliga\/the-barca-could-not-continue-his-historical-series-in-front-of-the-esp_288179_102.html\" \/>\n<meta property=\"og:locale\" content=\"en_US\" \/>\n<meta property=\"og:type\" content=\"article\" \/>\n<meta property=\"og:title\" content=\"Bar\u00e7a could not continue its historic streak against Espanyol\" \/>\n<meta property=\"og:description\" content=\"In a very hot party from the previous by the cautelar in favour of Robert Lewandowski, the Espanyol equalise in his visit to the Spotify Camp Nou. In the middle of the...\" \/>\n<meta property=\"og:url\" content=\"https:\/\/www.fcbarcelonanoticias.com\/en\/laliga\/the-barca-could-not-continue-his-historical-series-in-front-of-the-esp_288179_102.html\" \/>\n<meta property=\"og:site_name\" content=\"EN - FC Barcelona Noticias\" \/>\n<meta property=\"article:published_time\" content=\"2022-12-31T16:34:00+00:00\" \/>\n<meta property=\"og:image\" content=\"https:\/\/www.fcbarcelonanoticias.com\/en\/wp-content\/uploads\/sites\/2\/2023\/05\/joselu-v-fc-barcelona.jpeg\" \/>\n\t<meta property=\"og:image:width\" content=\"1300\" \/>\n\t<meta property=\"og:image:height\" content=\"732\" \/>\n\t<meta property=\"og:image:type\" content=\"image\/jpeg\" \/>\n<meta name=\"author\" content=\"Andr\u00e9s Quiroz\" \/>\n<meta name=\"twitter:card\" content=\"summary_large_image\" \/>\n<meta name=\"twitter:label1\" content=\"Written by\" \/>\n\t<meta name=\"twitter:data1\" content=\"Andr\u00e9s Quiroz\" \/>\n\t<meta name=\"twitter:label2\" content=\"Est. reading time\" \/>\n\t<meta name=\"twitter:data2\" content=\"2 minutes\" \/>\n<script type=\"application\/ld+json\" class=\"yoast-schema-graph\">{\"@context\":\"https:\\\/\\\/schema.org\",\"@graph\":[{\"@type\":\"Article\",\"@id\":\"https:\\\/\\\/www.fcbarcelonanoticias.com\\\/en\\\/laliga\\\/the-barca-could-not-continue-his-historical-series-in-front-of-the-esp_288179_102.html#article\",\"isPartOf\":{\"@id\":\"https:\\\/\\\/www.fcbarcelonanoticias.com\\\/en\\\/laliga\\\/the-barca-could-not-continue-his-historical-series-in-front-of-the-esp_288179_102.html\"},\"author\":{\"name\":\"Andr\u00e9s Quiroz\",\"@id\":\"https:\\\/\\\/www.fcbarcelonanoticias.com\\\/en\\\/#\\\/schema\\\/person\\\/c2cd9f6fa1af5c0d0eccd0fefa575c88\"},\"headline\":\"Bar\u00e7a could not continue its historic streak against Espanyol\",\"datePublished\":\"2022-12-31T16:34:00+00:00\",\"mainEntityOfPage\":{\"@id\":\"https:\\\/\\\/www.fcbarcelonanoticias.com\\\/en\\\/laliga\\\/the-barca-could-not-continue-his-historical-series-in-front-of-the-esp_288179_102.html\"},\"wordCount\":469,\"image\":{\"@id\":\"https:\\\/\\\/www.fcbarcelonanoticias.com\\\/en\\\/laliga\\\/the-barca-could-not-continue-his-historical-series-in-front-of-the-esp_288179_102.html#primaryimage\"},\"thumbnailUrl\":\"https:\\\/\\\/www.fcbarcelonanoticias.com\\\/en\\\/wp-content\\\/uploads\\\/sites\\\/2\\\/2023\\\/05\\\/joselu-v-fc-barcelona.jpeg\",\"keywords\":[\"RCD Espanyol\",\"Xavi Hern\u00e1ndez\"],\"articleSection\":[\"LaLiga\",\"LaLiga\"],\"inLanguage\":\"en-US\"},{\"@type\":\"WebPage\",\"@id\":\"https:\\\/\\\/www.fcbarcelonanoticias.com\\\/en\\\/laliga\\\/the-barca-could-not-continue-his-historical-series-in-front-of-the-esp_288179_102.html\",\"url\":\"https:\\\/\\\/www.fcbarcelonanoticias.com\\\/en\\\/laliga\\\/the-barca-could-not-continue-his-historical-series-in-front-of-the-esp_288179_102.html\",\"name\":\"Bar\u00e7a could not continue its historic streak against Espanyol\",\"isPartOf\":{\"@id\":\"https:\\\/\\\/www.fcbarcelonanoticias.com\\\/en\\\/#website\"},\"primaryImageOfPage\":{\"@id\":\"https:\\\/\\\/www.fcbarcelonanoticias.com\\\/en\\\/laliga\\\/the-barca-could-not-continue-his-historical-series-in-front-of-the-esp_288179_102.html#primaryimage\"},\"image\":{\"@id\":\"https:\\\/\\\/www.fcbarcelonanoticias.com\\\/en\\\/laliga\\\/the-barca-could-not-continue-his-historical-series-in-front-of-the-esp_288179_102.html#primaryimage\"},\"thumbnailUrl\":\"https:\\\/\\\/www.fcbarcelonanoticias.com\\\/en\\\/wp-content\\\/uploads\\\/sites\\\/2\\\/2023\\\/05\\\/joselu-v-fc-barcelona.jpeg\",\"datePublished\":\"2022-12-31T16:34:00+00:00\",\"author\":{\"@id\":\"https:\\\/\\\/www.fcbarcelonanoticias.com\\\/en\\\/#\\\/schema\\\/person\\\/c2cd9f6fa1af5c0d0eccd0fefa575c88\"},\"description\":\"In a very hot party from the previous by the cautelar in favour of Robert Lewandowski, the Espanyol equalise in his visit to the Spotify Camp Nou. In the middle of the...\",\"breadcrumb\":{\"@id\":\"https:\\\/\\\/www.fcbarcelonanoticias.com\\\/en\\\/laliga\\\/the-barca-could-not-continue-his-historical-series-in-front-of-the-esp_288179_102.html#breadcrumb\"},\"inLanguage\":\"en-US\",\"potentialAction\":[{\"@type\":\"ReadAction\",\"target\":[\"https:\\\/\\\/www.fcbarcelonanoticias.com\\\/en\\\/laliga\\\/the-barca-could-not-continue-his-historical-series-in-front-of-the-esp_288179_102.html\"]}]},{\"@type\":\"ImageObject\",\"inLanguage\":\"en-US\",\"@id\":\"https:\\\/\\\/www.fcbarcelonanoticias.com\\\/en\\\/laliga\\\/the-barca-could-not-continue-his-historical-series-in-front-of-the-esp_288179_102.html#primaryimage\",\"url\":\"https:\\\/\\\/www.fcbarcelonanoticias.com\\\/en\\\/wp-content\\\/uploads\\\/sites\\\/2\\\/2023\\\/05\\\/joselu-v-fc-barcelona.jpeg\",\"contentUrl\":\"https:\\\/\\\/www.fcbarcelonanoticias.com\\\/en\\\/wp-content\\\/uploads\\\/sites\\\/2\\\/2023\\\/05\\\/joselu-v-fc-barcelona.jpeg\",\"width\":1300,\"height\":732},{\"@type\":\"BreadcrumbList\",\"@id\":\"https:\\\/\\\/www.fcbarcelonanoticias.com\\\/en\\\/laliga\\\/the-barca-could-not-continue-his-historical-series-in-front-of-the-esp_288179_102.html#breadcrumb\",\"itemListElement\":[{\"@type\":\"ListItem\",\"position\":1,\"name\":\"Portada\",\"item\":\"https:\\\/\\\/www.fcbarcelonanoticias.com\\\/en\\\/\"},{\"@type\":\"ListItem\",\"position\":2,\"name\":\"Bar\u00e7a could not continue its historic streak against Espanyol\"}]},{\"@type\":\"WebSite\",\"@id\":\"https:\\\/\\\/www.fcbarcelonanoticias.com\\\/en\\\/#website\",\"url\":\"https:\\\/\\\/www.fcbarcelonanoticias.com\\\/en\\\/\",\"name\":\"EN - FC Barcelona Noticias\",\"description\":\"\",\"potentialAction\":[{\"@type\":\"SearchAction\",\"target\":{\"@type\":\"EntryPoint\",\"urlTemplate\":\"https:\\\/\\\/www.fcbarcelonanoticias.com\\\/en\\\/?s={search_term_string}\"},\"query-input\":{\"@type\":\"PropertyValueSpecification\",\"valueRequired\":true,\"valueName\":\"search_term_string\"}}],\"inLanguage\":\"en-US\"},{\"@type\":\"Person\",\"@id\":\"https:\\\/\\\/www.fcbarcelonanoticias.com\\\/en\\\/#\\\/schema\\\/person\\\/c2cd9f6fa1af5c0d0eccd0fefa575c88\",\"name\":\"Andr\u00e9s Quiroz\",\"image\":{\"@type\":\"ImageObject\",\"inLanguage\":\"en-US\",\"@id\":\"https:\\\/\\\/secure.gravatar.com\\\/avatar\\\/?s=96&d=mm&r=g\",\"url\":\"https:\\\/\\\/secure.gravatar.com\\\/avatar\\\/?s=96&d=mm&r=g\",\"contentUrl\":\"https:\\\/\\\/secure.gravatar.com\\\/avatar\\\/?s=96&d=mm&r=g\",\"caption\":\"Andr\u00e9s Quiroz\"},\"description\":\"Licenciado en Periodismo por la Universidad de los Andes. Me encargo de analizar y compartir los contenidos m\u00e1s destacados de la\u00a0actualidad del F\u00fatbol Club Barcelona, Mercado de Fichajes y F\u00fatbol Internacional en FCBN. La informaci\u00f3n es poder, pero tambi\u00e9n conocimiento.\",\"url\":\"https:\\\/\\\/www.fcbarcelonanoticias.com\\\/en\\\/fc-barcelona\\\/andres-quiroz_17_115.html\"}]}<\/script>\n<!-- \/ Yoast SEO plugin. -->","yoast_head_json":{"title":"Bar\u00e7a could not continue its historic streak against Espanyol","description":"In a very hot party from the previous by the cautelar in favour of Robert Lewandowski, the Espanyol equalise in his visit to the Spotify Camp Nou. In the middle of the...","robots":{"index":"index","follow":"follow","max-snippet":"max-snippet:-1","max-image-preview":"max-image-preview:large","max-video-preview":"max-video-preview:-1"},"canonical":"https:\/\/www.fcbarcelonanoticias.com\/en\/laliga\/the-barca-could-not-continue-his-historical-series-in-front-of-the-esp_288179_102.html","og_locale":"en_US","og_type":"article","og_title":"Bar\u00e7a could not continue its historic streak against Espanyol","og_description":"In a very hot party from the previous by the cautelar in favour of Robert Lewandowski, the Espanyol equalise in his visit to the Spotify Camp Nou. In the middle of the...","og_url":"https:\/\/www.fcbarcelonanoticias.com\/en\/laliga\/the-barca-could-not-continue-his-historical-series-in-front-of-the-esp_288179_102.html","og_site_name":"EN - FC Barcelona Noticias","article_published_time":"2022-12-31T16:34:00+00:00","og_image":[{"width":1300,"height":732,"url":"https:\/\/www.fcbarcelonanoticias.com\/en\/wp-content\/uploads\/sites\/2\/2023\/05\/joselu-v-fc-barcelona.jpeg","type":"image\/jpeg"}],"author":"Andr\u00e9s Quiroz","twitter_card":"summary_large_image","twitter_misc":{"Written by":"Andr\u00e9s Quiroz","Est. reading time":"2 minutes"},"schema":{"@context":"https:\/\/schema.org","@graph":[{"@type":"Article","@id":"https:\/\/www.fcbarcelonanoticias.com\/en\/laliga\/the-barca-could-not-continue-his-historical-series-in-front-of-the-esp_288179_102.html#article","isPartOf":{"@id":"https:\/\/www.fcbarcelonanoticias.com\/en\/laliga\/the-barca-could-not-continue-his-historical-series-in-front-of-the-esp_288179_102.html"},"author":{"name":"Andr\u00e9s Quiroz","@id":"https:\/\/www.fcbarcelonanoticias.com\/en\/#\/schema\/person\/c2cd9f6fa1af5c0d0eccd0fefa575c88"},"headline":"Bar\u00e7a could not continue its historic streak against Espanyol","datePublished":"2022-12-31T16:34:00+00:00","mainEntityOfPage":{"@id":"https:\/\/www.fcbarcelonanoticias.com\/en\/laliga\/the-barca-could-not-continue-his-historical-series-in-front-of-the-esp_288179_102.html"},"wordCount":469,"image":{"@id":"https:\/\/www.fcbarcelonanoticias.com\/en\/laliga\/the-barca-could-not-continue-his-historical-series-in-front-of-the-esp_288179_102.html#primaryimage"},"thumbnailUrl":"https:\/\/www.fcbarcelonanoticias.com\/en\/wp-content\/uploads\/sites\/2\/2023\/05\/joselu-v-fc-barcelona.jpeg","keywords":["RCD Espanyol","Xavi Hern\u00e1ndez"],"articleSection":["LaLiga","LaLiga"],"inLanguage":"en-US"},{"@type":"WebPage","@id":"https:\/\/www.fcbarcelonanoticias.com\/en\/laliga\/the-barca-could-not-continue-his-historical-series-in-front-of-the-esp_288179_102.html","url":"https:\/\/www.fcbarcelonanoticias.com\/en\/laliga\/the-barca-could-not-continue-his-historical-series-in-front-of-the-esp_288179_102.html","name":"Bar\u00e7a could not continue its historic streak against Espanyol","isPartOf":{"@id":"https:\/\/www.fcbarcelonanoticias.com\/en\/#website"},"primaryImageOfPage":{"@id":"https:\/\/www.fcbarcelonanoticias.com\/en\/laliga\/the-barca-could-not-continue-his-historical-series-in-front-of-the-esp_288179_102.html#primaryimage"},"image":{"@id":"https:\/\/www.fcbarcelonanoticias.com\/en\/laliga\/the-barca-could-not-continue-his-historical-series-in-front-of-the-esp_288179_102.html#primaryimage"},"thumbnailUrl":"https:\/\/www.fcbarcelonanoticias.com\/en\/wp-content\/uploads\/sites\/2\/2023\/05\/joselu-v-fc-barcelona.jpeg","datePublished":"2022-12-31T16:34:00+00:00","author":{"@id":"https:\/\/www.fcbarcelonanoticias.com\/en\/#\/schema\/person\/c2cd9f6fa1af5c0d0eccd0fefa575c88"},"description":"In a very hot party from the previous by the cautelar in favour of Robert Lewandowski, the Espanyol equalise in his visit to the Spotify Camp Nou. In the middle of the...","breadcrumb":{"@id":"https:\/\/www.fcbarcelonanoticias.com\/en\/laliga\/the-barca-could-not-continue-his-historical-series-in-front-of-the-esp_288179_102.html#breadcrumb"},"inLanguage":"en-US","potentialAction":[{"@type":"ReadAction","target":["https:\/\/www.fcbarcelonanoticias.com\/en\/laliga\/the-barca-could-not-continue-his-historical-series-in-front-of-the-esp_288179_102.html"]}]},{"@type":"ImageObject","inLanguage":"en-US","@id":"https:\/\/www.fcbarcelonanoticias.com\/en\/laliga\/the-barca-could-not-continue-his-historical-series-in-front-of-the-esp_288179_102.html#primaryimage","url":"https:\/\/www.fcbarcelonanoticias.com\/en\/wp-content\/uploads\/sites\/2\/2023\/05\/joselu-v-fc-barcelona.jpeg","contentUrl":"https:\/\/www.fcbarcelonanoticias.com\/en\/wp-content\/uploads\/sites\/2\/2023\/05\/joselu-v-fc-barcelona.jpeg","width":1300,"height":732},{"@type":"BreadcrumbList","@id":"https:\/\/www.fcbarcelonanoticias.com\/en\/laliga\/the-barca-could-not-continue-his-historical-series-in-front-of-the-esp_288179_102.html#breadcrumb","itemListElement":[{"@type":"ListItem","position":1,"name":"Portada","item":"https:\/\/www.fcbarcelonanoticias.com\/en\/"},{"@type":"ListItem","position":2,"name":"Bar\u00e7a could not continue its historic streak against Espanyol"}]},{"@type":"WebSite","@id":"https:\/\/www.fcbarcelonanoticias.com\/en\/#website","url":"https:\/\/www.fcbarcelonanoticias.com\/en\/","name":"EN - FC Barcelona Noticias","description":"","potentialAction":[{"@type":"SearchAction","target":{"@type":"EntryPoint","urlTemplate":"https:\/\/www.fcbarcelonanoticias.com\/en\/?s={search_term_string}"},"query-input":{"@type":"PropertyValueSpecification","valueRequired":true,"valueName":"search_term_string"}}],"inLanguage":"en-US"},{"@type":"Person","@id":"https:\/\/www.fcbarcelonanoticias.com\/en\/#\/schema\/person\/c2cd9f6fa1af5c0d0eccd0fefa575c88","name":"Andr\u00e9s Quiroz","image":{"@type":"ImageObject","inLanguage":"en-US","@id":"https:\/\/secure.gravatar.com\/avatar\/?s=96&d=mm&r=g","url":"https:\/\/secure.gravatar.com\/avatar\/?s=96&d=mm&r=g","contentUrl":"https:\/\/secure.gravatar.com\/avatar\/?s=96&d=mm&r=g","caption":"Andr\u00e9s Quiroz"},"description":"Licenciado en Periodismo por la Universidad de los Andes. Me encargo de analizar y compartir los contenidos m\u00e1s destacados de la\u00a0actualidad del F\u00fatbol Club Barcelona, Mercado de Fichajes y F\u00fatbol Internacional en FCBN. La informaci\u00f3n es poder, pero tambi\u00e9n conocimiento.","url":"https:\/\/www.fcbarcelonanoticias.com\/en\/fc-barcelona\/andres-quiroz_17_115.html"}]}},"_links":{"self":[{"href":"https:\/\/www.fcbarcelonanoticias.com\/en\/wp-json\/wp\/v2\/posts\/62391","targetHints":{"allow":["GET"]}}],"collection":[{"href":"https:\/\/www.fcbarcelonanoticias.com\/en\/wp-json\/wp\/v2\/posts"}],"about":[{"href":"https:\/\/www.fcbarcelonanoticias.com\/en\/wp-json\/wp\/v2\/types\/post"}],"author":[{"embeddable":true,"href":"https:\/\/www.fcbarcelonanoticias.com\/en\/wp-json\/wp\/v2\/users\/347"}],"replies":[{"embeddable":true,"href":"https:\/\/www.fcbarcelonanoticias.com\/en\/wp-json\/wp\/v2\/comments?post=62391"}],"version-history":[{"count":2,"href":"https:\/\/www.fcbarcelonanoticias.com\/en\/wp-json\/wp\/v2\/posts\/62391\/revisions"}],"predecessor-version":[{"id":62393,"href":"https:\/\/www.fcbarcelonanoticias.com\/en\/wp-json\/wp\/v2\/posts\/62391\/revisions\/62393"}],"wp:featuredmedia":[{"embeddable":true,"href":"https:\/\/www.fcbarcelonanoticias.com\/en\/wp-json\/wp\/v2\/media\/57251"}],"wp:attachment":[{"href":"https:\/\/www.fcbarcelonanoticias.com\/en\/wp-json\/wp\/v2\/media?parent=62391"}],"wp:term":[{"taxonomy":"category","embeddable":true,"href":"https:\/\/www.fcbarcelonanoticias.com\/en\/wp-json\/wp\/v2\/categories?post=62391"},{"taxonomy":"post_tag","embeddable":true,"href":"https:\/\/www.fcbarcelonanoticias.com\/en\/wp-json\/wp\/v2\/tags?post=62391"}],"curies":[{"name":"wp","href":"https:\/\/api.w.org\/{rel}","templated":true}]}}