{"id":62411,"date":"2026-01-24T23:07:00","date_gmt":"2026-01-24T22:07:00","guid":{"rendered":"https:\/\/weisetech.dev\/fc-barcelona-noticias\/en\/villarreal-0-2-real-madrid-mbappe-makes-whites-leaders_315829_102\/"},"modified":"2026-01-24T23:42:00","modified_gmt":"2026-01-24T22:42:00","slug":"villarreal-0-2-real-madrid-mbappe-makes-whites-leaders_315829_102","status":"publish","type":"post","link":"https:\/\/www.fcbarcelonanoticias.com\/en\/laliga\/villarreal-0-2-real-madrid-mbappe-makes-whites-leaders_315829_102.html","title":{"rendered":"Villarreal 0-2 Real Madrid: the whites climb to the top and put pressure on Bar\u00e7a"},"content":{"rendered":"<h2 class=\"wp-block-heading\">Real Madrid temporarily regained the lead in LaLiga thanks to a victory against Villarreal (0-2). A brace from Kylian Mbapp\u00e9 made the difference at La Cer\u00e1mica<\/h2>  \r\n<div class=\"article-addons\">\r\n    <a href=\"https:\/\/www.fcbarcelonanoticias.com\/en\/calendar-fc-barcelona.html\"\r\n       target=\"_self\"\r\n       title=\"Calendar of FC Barcelona\"\r\n       class=\"blue-gredient-btn\">\r\n       \r\n        Calendar of FC Barcelona    <\/a>\r\n<\/div>   <p>A brace from <strong>Kylian Mbapp\u00e9<\/strong> in the second half allowed <strong>Real Madrid<\/strong> to temporarily take the lead in <a data-external=\"0\" data-intl-links-en=\"https:\/\/www.fcbarcelonanoticias.com\/en\/laliga\" data-intl-links-es=\"https:\/\/www.fcbarcelonanoticias.com\/laliga\" href=\"https:\/\/www.fcbarcelonanoticias.com\/en\/football-soccer\/laliga.html\" rel=\"follow\" target=\"_self\" title=\"LaLiga\">LaLiga EA Sports 2025\/26<\/a> on matchday 21. <strong>\u00c1lvaro Arbeloa<\/strong>&#8216;s team defeated <strong>Villarreal<\/strong> at La Cer\u00e1mica (0-2) in a balanced match with few clear chances in either area, which the &#8216;merengues&#8217; settled after the break.<\/p>  <p>In the 47th minute, a surge by **Vinicius Jr.** down the left flank and a half-hearted clearance by **Pape Gueye** left a loose ball inside the box that Mbapp\u00e9 pounced on with a powerful left-footed shot to overcome the resistance of **Luiz Junior** between the posts. The first half ended goalless, with the Groguet side superior, although lacking accuracy in the opponent&#8217;s area<\/p>  <h2>Madrid resisted the yellow siege in another weak first half for the Whites<\/h2>  <p>Villarreal took control of midfield from the start, thanks to the good work of Gueye and Dani Parejo in recovery. Mikautadze claimed a penalty right at the beginning of the match, but C\u00e9sar Soto Grado let play continue after an apparent push from Dean Huijsen that was not reviewed by VAR.<\/p>  <p><strong>Tajon&nbsp;Buchanan<\/strong>, in the 12th minute, shot wide a great cross from Pedraza from the left. Madrid was struggling on the flanks, with Fede Valverde and \u00c1lvaro Carreras pulled back into their own half and outpaced. However, the &#8216;Yellow Submarine&#8217; did not translate their superiority on the pitch into shots on goal.<\/p>  <p>Mikautadze, in the 18th minute, missed a first-time shot after a great run by Gerard Moreno. Juan Foyth&#8217;s injury, a couple of minutes later, hampered the frenetic pace of Marcelino Garc\u00eda&#8217;s team, who up to that point had had the &#8216;merengues&#8217; on the ropes.The visiting team recently posed a threat in the 27th minute after a good one-two between Mbapp\u00e9 and Vini, finished with a shot from &#8216;Kiki&#8217; directly into the hands of Luiz Junior. Vinicius warned again in the 41st minute with a cross shot that grazed the base of the post. Madrid finished the first half a little better, managing to shake off the initial dominance of the Castell\u00f3n team.<\/p>  <h2>Mbapp\u00e9 punished Villarreal&#8217;s defensive errors<\/h2>  <p>The whites came out much more plugged in for the second half and, on the first arrival after the break, Mbapp\u00e9 punished a Villarreal defensive error resulting from <strong>a good burst from &#8216;Vini&#8217; and a half-hearted clearance from Pape Gueye<\/strong>, which the &#8217;10&#8217; converted into his twentieth goal of the season.<\/p>  <p><strong>Gerard Moreno<\/strong>, in the 63rd minute, missed another unmissable opportunity, following a childish lapse from the &#8216;merengue&#8217; defense after a low free kick served by Dani Parejo. The &#8216;9&#8217; was well positioned, but his shot went just wide of the crossbar.<\/p>  <p>Moleiro, in the 70th minute, made Villarreal&#8217;s only shot on target of the entire match (10), but Courtois saved it easily. In the final minutes, the game became end-to-end, but without dangerous chances for either goal. Only in stoppage time did a &#8216;Merengue&#8217; counter-attack lead to **a very innocent foul by Pedraza on Mbapp\u00e9**.<\/p>  <p>The foul was clear and Real Madrid&#8217;s top scorer did not miss against Luiz Junior, chipping his shot to fool the Brazilian goalkeeper. Now, \u00c1lvaro Arbeloa&#8217;s team has 51 points, two more than FC Barcelona (49), who are obliged to defeat Oviedo (16:15 CEST) this Sunday to regain the lead<\/p>  <h2>Match Report: Villarreal CF 0-2 Real Madrid<\/h2>  <ul> <li> <strong>Villarreal, 0<\/strong>: Luiz Junior; Pau Navarro, Foyth (Mar\u00edn, min. 23), Renato Veiga, Pedraza; Buchanan (Pep\u00e9, min. 70), Parejo (Parety, min. 77), Gueye, Moleiro; Gerard Moreno (Oluwaseyi, min. 70) y Mikautadze (Ayoze P\u00e9rez, min. 77).<\/li> \t<li> <strong>Real Madrid, 2<\/strong>: Courtois; Valverde, Asencio, Huijsen, Carreras; Camavinga, Arda G\u00fcler (Brahim, min. 80), Bellingham; Mastantuono (Gonzalo, min. 74), Vinicius y Mbapp\u00e9.<\/li> \t<li> <strong>Goals<\/strong>: 0-1, Kylian Mbapp\u00e9 (min. 47); 0-2, Kylian Mbapp\u00e9 (min. 90+3).<\/li> \t<li> <strong>Referee<\/strong>: C\u00e9sar Soto Grado. Booked Juan Foyth, Tajon Buchanan and Pau Navarro. For Real Madrid, cautioned Franco Mastantuono.<\/li> \t<li> <strong>Stadium<\/strong>: La Cer\u00e1mica in Villarreal.<\/li> \t<li> <strong>Incidents<\/strong>: match corresponding to matchday 21 of the 2025\/26 EA Sports League.<\/li> <\/ul> ","protected":false},"excerpt":{"rendered":"<p>Real Madrid temporarily regained the lead in LaLiga thanks to a victory against Villarreal (0-2). A brace from Kylian Mbapp\u00e9 made the difference at La Cer\u00e1mica A brace from Kylian Mbapp\u00e9 in the second half allowed Real Madrid to temporarily take the lead in LaLiga EA Sports 2025\/26 on matchday 21. \u00c1lvaro Arbeloa&#8216;s team defeated [&hellip;]<\/p>\n","protected":false},"author":347,"featured_media":58193,"comment_status":"closed","ping_status":"open","sticky":false,"template":"","format":"standard","meta":{"_acf_changed":false,"inline_featured_image":false,"_nextfly_llmd_date_locked":false,"footnotes":""},"categories":[114,448],"tags":[180,93],"class_list":["post-62411","post","type-post","status-publish","format-standard","has-post-thumbnail","hentry","category-laliga","category-laliga-2","tag-fc-barcelona-results","tag-villarreal-cf"],"acf":[],"yoast_head":"<!-- This site is optimized with the Yoast SEO plugin v27.3 - https:\/\/yoast.com\/product\/yoast-seo-wordpress\/ -->\n<title>Villarreal 0-2 Real Madrid: Mbapp\u00e9 makes the Whites leaders<\/title>\n<meta name=\"description\" content=\"Real Madrid temporarily regained the lead in LaLiga thanks to a 0-2 victory against Villarreal with a brace from Kylian Mbapp\u00e9\" \/>\n<meta name=\"robots\" content=\"index, follow, max-snippet:-1, max-image-preview:large, max-video-preview:-1\" \/>\n<link rel=\"canonical\" href=\"https:\/\/www.fcbarcelonanoticias.com\/en\/laliga\/villarreal-0-2-real-madrid-mbappe-makes-whites-leaders_315829_102.html\" \/>\n<meta property=\"og:locale\" content=\"en_US\" \/>\n<meta property=\"og:type\" content=\"article\" \/>\n<meta property=\"og:title\" content=\"Villarreal 0-2 Real Madrid: Mbapp\u00e9 makes the Whites leaders\" \/>\n<meta property=\"og:description\" content=\"Real Madrid temporarily regained the lead in LaLiga thanks to a 0-2 victory against Villarreal with a brace from Kylian Mbapp\u00e9\" \/>\n<meta property=\"og:url\" content=\"https:\/\/www.fcbarcelonanoticias.com\/en\/laliga\/villarreal-0-2-real-madrid-mbappe-makes-whites-leaders_315829_102.html\" \/>\n<meta property=\"og:site_name\" content=\"EN - FC Barcelona Noticias\" \/>\n<meta property=\"article:published_time\" content=\"2026-01-24T22:07:00+00:00\" \/>\n<meta property=\"article:modified_time\" content=\"2026-01-24T22:42:00+00:00\" \/>\n<meta property=\"og:image\" content=\"https:\/\/www.fcbarcelonanoticias.com\/en\/wp-content\/uploads\/sites\/2\/2025\/10\/kylian-mbappe-v-villarreal-laliga-25-26.webp\" \/>\n\t<meta property=\"og:image:width\" content=\"1200\" \/>\n\t<meta property=\"og:image:height\" content=\"675\" \/>\n\t<meta property=\"og:image:type\" content=\"image\/webp\" \/>\n<meta name=\"author\" content=\"Andr\u00e9s Quiroz\" \/>\n<meta name=\"twitter:card\" content=\"summary_large_image\" \/>\n<meta name=\"twitter:label1\" content=\"Written by\" \/>\n\t<meta name=\"twitter:data1\" content=\"Andr\u00e9s Quiroz\" \/>\n\t<meta name=\"twitter:label2\" content=\"Est. reading time\" \/>\n\t<meta name=\"twitter:data2\" content=\"3 minutes\" \/>\n<script type=\"application\/ld+json\" class=\"yoast-schema-graph\">{\"@context\":\"https:\\\/\\\/schema.org\",\"@graph\":[{\"@type\":\"Article\",\"@id\":\"https:\\\/\\\/www.fcbarcelonanoticias.com\\\/en\\\/laliga\\\/villarreal-0-2-real-madrid-mbappe-makes-whites-leaders_315829_102.html#article\",\"isPartOf\":{\"@id\":\"https:\\\/\\\/www.fcbarcelonanoticias.com\\\/en\\\/laliga\\\/villarreal-0-2-real-madrid-mbappe-makes-whites-leaders_315829_102.html\"},\"author\":{\"name\":\"Andr\u00e9s Quiroz\",\"@id\":\"https:\\\/\\\/www.fcbarcelonanoticias.com\\\/en\\\/#\\\/schema\\\/person\\\/c2cd9f6fa1af5c0d0eccd0fefa575c88\"},\"headline\":\"Villarreal 0-2 Real Madrid: the whites climb to the top and put pressure on Bar\u00e7a\",\"datePublished\":\"2026-01-24T22:07:00+00:00\",\"dateModified\":\"2026-01-24T22:42:00+00:00\",\"mainEntityOfPage\":{\"@id\":\"https:\\\/\\\/www.fcbarcelonanoticias.com\\\/en\\\/laliga\\\/villarreal-0-2-real-madrid-mbappe-makes-whites-leaders_315829_102.html\"},\"wordCount\":694,\"image\":{\"@id\":\"https:\\\/\\\/www.fcbarcelonanoticias.com\\\/en\\\/laliga\\\/villarreal-0-2-real-madrid-mbappe-makes-whites-leaders_315829_102.html#primaryimage\"},\"thumbnailUrl\":\"https:\\\/\\\/www.fcbarcelonanoticias.com\\\/en\\\/wp-content\\\/uploads\\\/sites\\\/2\\\/2025\\\/10\\\/kylian-mbappe-v-villarreal-laliga-25-26.webp\",\"keywords\":[\"FC Barcelona Results\",\"Villarreal CF\"],\"articleSection\":[\"LaLiga\",\"LaLiga\"],\"inLanguage\":\"en-US\"},{\"@type\":\"WebPage\",\"@id\":\"https:\\\/\\\/www.fcbarcelonanoticias.com\\\/en\\\/laliga\\\/villarreal-0-2-real-madrid-mbappe-makes-whites-leaders_315829_102.html\",\"url\":\"https:\\\/\\\/www.fcbarcelonanoticias.com\\\/en\\\/laliga\\\/villarreal-0-2-real-madrid-mbappe-makes-whites-leaders_315829_102.html\",\"name\":\"Villarreal 0-2 Real Madrid: Mbapp\u00e9 makes the Whites leaders\",\"isPartOf\":{\"@id\":\"https:\\\/\\\/www.fcbarcelonanoticias.com\\\/en\\\/#website\"},\"primaryImageOfPage\":{\"@id\":\"https:\\\/\\\/www.fcbarcelonanoticias.com\\\/en\\\/laliga\\\/villarreal-0-2-real-madrid-mbappe-makes-whites-leaders_315829_102.html#primaryimage\"},\"image\":{\"@id\":\"https:\\\/\\\/www.fcbarcelonanoticias.com\\\/en\\\/laliga\\\/villarreal-0-2-real-madrid-mbappe-makes-whites-leaders_315829_102.html#primaryimage\"},\"thumbnailUrl\":\"https:\\\/\\\/www.fcbarcelonanoticias.com\\\/en\\\/wp-content\\\/uploads\\\/sites\\\/2\\\/2025\\\/10\\\/kylian-mbappe-v-villarreal-laliga-25-26.webp\",\"datePublished\":\"2026-01-24T22:07:00+00:00\",\"dateModified\":\"2026-01-24T22:42:00+00:00\",\"author\":{\"@id\":\"https:\\\/\\\/www.fcbarcelonanoticias.com\\\/en\\\/#\\\/schema\\\/person\\\/c2cd9f6fa1af5c0d0eccd0fefa575c88\"},\"description\":\"Real Madrid temporarily regained the lead in LaLiga thanks to a 0-2 victory against Villarreal with a brace from Kylian Mbapp\u00e9\",\"breadcrumb\":{\"@id\":\"https:\\\/\\\/www.fcbarcelonanoticias.com\\\/en\\\/laliga\\\/villarreal-0-2-real-madrid-mbappe-makes-whites-leaders_315829_102.html#breadcrumb\"},\"inLanguage\":\"en-US\",\"potentialAction\":[{\"@type\":\"ReadAction\",\"target\":[\"https:\\\/\\\/www.fcbarcelonanoticias.com\\\/en\\\/laliga\\\/villarreal-0-2-real-madrid-mbappe-makes-whites-leaders_315829_102.html\"]}]},{\"@type\":\"ImageObject\",\"inLanguage\":\"en-US\",\"@id\":\"https:\\\/\\\/www.fcbarcelonanoticias.com\\\/en\\\/laliga\\\/villarreal-0-2-real-madrid-mbappe-makes-whites-leaders_315829_102.html#primaryimage\",\"url\":\"https:\\\/\\\/www.fcbarcelonanoticias.com\\\/en\\\/wp-content\\\/uploads\\\/sites\\\/2\\\/2025\\\/10\\\/kylian-mbappe-v-villarreal-laliga-25-26.webp\",\"contentUrl\":\"https:\\\/\\\/www.fcbarcelonanoticias.com\\\/en\\\/wp-content\\\/uploads\\\/sites\\\/2\\\/2025\\\/10\\\/kylian-mbappe-v-villarreal-laliga-25-26.webp\",\"width\":1200,\"height\":675},{\"@type\":\"BreadcrumbList\",\"@id\":\"https:\\\/\\\/www.fcbarcelonanoticias.com\\\/en\\\/laliga\\\/villarreal-0-2-real-madrid-mbappe-makes-whites-leaders_315829_102.html#breadcrumb\",\"itemListElement\":[{\"@type\":\"ListItem\",\"position\":1,\"name\":\"Portada\",\"item\":\"https:\\\/\\\/www.fcbarcelonanoticias.com\\\/en\\\/\"},{\"@type\":\"ListItem\",\"position\":2,\"name\":\"Villarreal 0-2 Real Madrid: the whites climb to the top and put pressure on Bar\u00e7a\"}]},{\"@type\":\"WebSite\",\"@id\":\"https:\\\/\\\/www.fcbarcelonanoticias.com\\\/en\\\/#website\",\"url\":\"https:\\\/\\\/www.fcbarcelonanoticias.com\\\/en\\\/\",\"name\":\"EN - FC Barcelona Noticias\",\"description\":\"\",\"potentialAction\":[{\"@type\":\"SearchAction\",\"target\":{\"@type\":\"EntryPoint\",\"urlTemplate\":\"https:\\\/\\\/www.fcbarcelonanoticias.com\\\/en\\\/?s={search_term_string}\"},\"query-input\":{\"@type\":\"PropertyValueSpecification\",\"valueRequired\":true,\"valueName\":\"search_term_string\"}}],\"inLanguage\":\"en-US\"},{\"@type\":\"Person\",\"@id\":\"https:\\\/\\\/www.fcbarcelonanoticias.com\\\/en\\\/#\\\/schema\\\/person\\\/c2cd9f6fa1af5c0d0eccd0fefa575c88\",\"name\":\"Andr\u00e9s Quiroz\",\"image\":{\"@type\":\"ImageObject\",\"inLanguage\":\"en-US\",\"@id\":\"https:\\\/\\\/secure.gravatar.com\\\/avatar\\\/?s=96&d=mm&r=g\",\"url\":\"https:\\\/\\\/secure.gravatar.com\\\/avatar\\\/?s=96&d=mm&r=g\",\"contentUrl\":\"https:\\\/\\\/secure.gravatar.com\\\/avatar\\\/?s=96&d=mm&r=g\",\"caption\":\"Andr\u00e9s Quiroz\"},\"description\":\"Licenciado en Periodismo por la Universidad de los Andes. Me encargo de analizar y compartir los contenidos m\u00e1s destacados de la\u00a0actualidad del F\u00fatbol Club Barcelona, Mercado de Fichajes y F\u00fatbol Internacional en FCBN. La informaci\u00f3n es poder, pero tambi\u00e9n conocimiento.\",\"url\":\"https:\\\/\\\/www.fcbarcelonanoticias.com\\\/en\\\/fc-barcelona\\\/andres-quiroz_17_115.html\"}]}<\/script>\n<!-- \/ Yoast SEO plugin. -->","yoast_head_json":{"title":"Villarreal 0-2 Real Madrid: Mbapp\u00e9 makes the Whites leaders","description":"Real Madrid temporarily regained the lead in LaLiga thanks to a 0-2 victory against Villarreal with a brace from Kylian Mbapp\u00e9","robots":{"index":"index","follow":"follow","max-snippet":"max-snippet:-1","max-image-preview":"max-image-preview:large","max-video-preview":"max-video-preview:-1"},"canonical":"https:\/\/www.fcbarcelonanoticias.com\/en\/laliga\/villarreal-0-2-real-madrid-mbappe-makes-whites-leaders_315829_102.html","og_locale":"en_US","og_type":"article","og_title":"Villarreal 0-2 Real Madrid: Mbapp\u00e9 makes the Whites leaders","og_description":"Real Madrid temporarily regained the lead in LaLiga thanks to a 0-2 victory against Villarreal with a brace from Kylian Mbapp\u00e9","og_url":"https:\/\/www.fcbarcelonanoticias.com\/en\/laliga\/villarreal-0-2-real-madrid-mbappe-makes-whites-leaders_315829_102.html","og_site_name":"EN - FC Barcelona Noticias","article_published_time":"2026-01-24T22:07:00+00:00","article_modified_time":"2026-01-24T22:42:00+00:00","og_image":[{"width":1200,"height":675,"url":"https:\/\/www.fcbarcelonanoticias.com\/en\/wp-content\/uploads\/sites\/2\/2025\/10\/kylian-mbappe-v-villarreal-laliga-25-26.webp","type":"image\/webp"}],"author":"Andr\u00e9s Quiroz","twitter_card":"summary_large_image","twitter_misc":{"Written by":"Andr\u00e9s Quiroz","Est. reading time":"3 minutes"},"schema":{"@context":"https:\/\/schema.org","@graph":[{"@type":"Article","@id":"https:\/\/www.fcbarcelonanoticias.com\/en\/laliga\/villarreal-0-2-real-madrid-mbappe-makes-whites-leaders_315829_102.html#article","isPartOf":{"@id":"https:\/\/www.fcbarcelonanoticias.com\/en\/laliga\/villarreal-0-2-real-madrid-mbappe-makes-whites-leaders_315829_102.html"},"author":{"name":"Andr\u00e9s Quiroz","@id":"https:\/\/www.fcbarcelonanoticias.com\/en\/#\/schema\/person\/c2cd9f6fa1af5c0d0eccd0fefa575c88"},"headline":"Villarreal 0-2 Real Madrid: the whites climb to the top and put pressure on Bar\u00e7a","datePublished":"2026-01-24T22:07:00+00:00","dateModified":"2026-01-24T22:42:00+00:00","mainEntityOfPage":{"@id":"https:\/\/www.fcbarcelonanoticias.com\/en\/laliga\/villarreal-0-2-real-madrid-mbappe-makes-whites-leaders_315829_102.html"},"wordCount":694,"image":{"@id":"https:\/\/www.fcbarcelonanoticias.com\/en\/laliga\/villarreal-0-2-real-madrid-mbappe-makes-whites-leaders_315829_102.html#primaryimage"},"thumbnailUrl":"https:\/\/www.fcbarcelonanoticias.com\/en\/wp-content\/uploads\/sites\/2\/2025\/10\/kylian-mbappe-v-villarreal-laliga-25-26.webp","keywords":["FC Barcelona Results","Villarreal CF"],"articleSection":["LaLiga","LaLiga"],"inLanguage":"en-US"},{"@type":"WebPage","@id":"https:\/\/www.fcbarcelonanoticias.com\/en\/laliga\/villarreal-0-2-real-madrid-mbappe-makes-whites-leaders_315829_102.html","url":"https:\/\/www.fcbarcelonanoticias.com\/en\/laliga\/villarreal-0-2-real-madrid-mbappe-makes-whites-leaders_315829_102.html","name":"Villarreal 0-2 Real Madrid: Mbapp\u00e9 makes the Whites leaders","isPartOf":{"@id":"https:\/\/www.fcbarcelonanoticias.com\/en\/#website"},"primaryImageOfPage":{"@id":"https:\/\/www.fcbarcelonanoticias.com\/en\/laliga\/villarreal-0-2-real-madrid-mbappe-makes-whites-leaders_315829_102.html#primaryimage"},"image":{"@id":"https:\/\/www.fcbarcelonanoticias.com\/en\/laliga\/villarreal-0-2-real-madrid-mbappe-makes-whites-leaders_315829_102.html#primaryimage"},"thumbnailUrl":"https:\/\/www.fcbarcelonanoticias.com\/en\/wp-content\/uploads\/sites\/2\/2025\/10\/kylian-mbappe-v-villarreal-laliga-25-26.webp","datePublished":"2026-01-24T22:07:00+00:00","dateModified":"2026-01-24T22:42:00+00:00","author":{"@id":"https:\/\/www.fcbarcelonanoticias.com\/en\/#\/schema\/person\/c2cd9f6fa1af5c0d0eccd0fefa575c88"},"description":"Real Madrid temporarily regained the lead in LaLiga thanks to a 0-2 victory against Villarreal with a brace from Kylian Mbapp\u00e9","breadcrumb":{"@id":"https:\/\/www.fcbarcelonanoticias.com\/en\/laliga\/villarreal-0-2-real-madrid-mbappe-makes-whites-leaders_315829_102.html#breadcrumb"},"inLanguage":"en-US","potentialAction":[{"@type":"ReadAction","target":["https:\/\/www.fcbarcelonanoticias.com\/en\/laliga\/villarreal-0-2-real-madrid-mbappe-makes-whites-leaders_315829_102.html"]}]},{"@type":"ImageObject","inLanguage":"en-US","@id":"https:\/\/www.fcbarcelonanoticias.com\/en\/laliga\/villarreal-0-2-real-madrid-mbappe-makes-whites-leaders_315829_102.html#primaryimage","url":"https:\/\/www.fcbarcelonanoticias.com\/en\/wp-content\/uploads\/sites\/2\/2025\/10\/kylian-mbappe-v-villarreal-laliga-25-26.webp","contentUrl":"https:\/\/www.fcbarcelonanoticias.com\/en\/wp-content\/uploads\/sites\/2\/2025\/10\/kylian-mbappe-v-villarreal-laliga-25-26.webp","width":1200,"height":675},{"@type":"BreadcrumbList","@id":"https:\/\/www.fcbarcelonanoticias.com\/en\/laliga\/villarreal-0-2-real-madrid-mbappe-makes-whites-leaders_315829_102.html#breadcrumb","itemListElement":[{"@type":"ListItem","position":1,"name":"Portada","item":"https:\/\/www.fcbarcelonanoticias.com\/en\/"},{"@type":"ListItem","position":2,"name":"Villarreal 0-2 Real Madrid: the whites climb to the top and put pressure on Bar\u00e7a"}]},{"@type":"WebSite","@id":"https:\/\/www.fcbarcelonanoticias.com\/en\/#website","url":"https:\/\/www.fcbarcelonanoticias.com\/en\/","name":"EN - FC Barcelona Noticias","description":"","potentialAction":[{"@type":"SearchAction","target":{"@type":"EntryPoint","urlTemplate":"https:\/\/www.fcbarcelonanoticias.com\/en\/?s={search_term_string}"},"query-input":{"@type":"PropertyValueSpecification","valueRequired":true,"valueName":"search_term_string"}}],"inLanguage":"en-US"},{"@type":"Person","@id":"https:\/\/www.fcbarcelonanoticias.com\/en\/#\/schema\/person\/c2cd9f6fa1af5c0d0eccd0fefa575c88","name":"Andr\u00e9s Quiroz","image":{"@type":"ImageObject","inLanguage":"en-US","@id":"https:\/\/secure.gravatar.com\/avatar\/?s=96&d=mm&r=g","url":"https:\/\/secure.gravatar.com\/avatar\/?s=96&d=mm&r=g","contentUrl":"https:\/\/secure.gravatar.com\/avatar\/?s=96&d=mm&r=g","caption":"Andr\u00e9s Quiroz"},"description":"Licenciado en Periodismo por la Universidad de los Andes. Me encargo de analizar y compartir los contenidos m\u00e1s destacados de la\u00a0actualidad del F\u00fatbol Club Barcelona, Mercado de Fichajes y F\u00fatbol Internacional en FCBN. La informaci\u00f3n es poder, pero tambi\u00e9n conocimiento.","url":"https:\/\/www.fcbarcelonanoticias.com\/en\/fc-barcelona\/andres-quiroz_17_115.html"}]}},"_links":{"self":[{"href":"https:\/\/www.fcbarcelonanoticias.com\/en\/wp-json\/wp\/v2\/posts\/62411","targetHints":{"allow":["GET"]}}],"collection":[{"href":"https:\/\/www.fcbarcelonanoticias.com\/en\/wp-json\/wp\/v2\/posts"}],"about":[{"href":"https:\/\/www.fcbarcelonanoticias.com\/en\/wp-json\/wp\/v2\/types\/post"}],"author":[{"embeddable":true,"href":"https:\/\/www.fcbarcelonanoticias.com\/en\/wp-json\/wp\/v2\/users\/347"}],"replies":[{"embeddable":true,"href":"https:\/\/www.fcbarcelonanoticias.com\/en\/wp-json\/wp\/v2\/comments?post=62411"}],"version-history":[{"count":1,"href":"https:\/\/www.fcbarcelonanoticias.com\/en\/wp-json\/wp\/v2\/posts\/62411\/revisions"}],"predecessor-version":[{"id":116976,"href":"https:\/\/www.fcbarcelonanoticias.com\/en\/wp-json\/wp\/v2\/posts\/62411\/revisions\/116976"}],"wp:featuredmedia":[{"embeddable":true,"href":"https:\/\/www.fcbarcelonanoticias.com\/en\/wp-json\/wp\/v2\/media\/58193"}],"wp:attachment":[{"href":"https:\/\/www.fcbarcelonanoticias.com\/en\/wp-json\/wp\/v2\/media?parent=62411"}],"wp:term":[{"taxonomy":"category","embeddable":true,"href":"https:\/\/www.fcbarcelonanoticias.com\/en\/wp-json\/wp\/v2\/categories?post=62411"},{"taxonomy":"post_tag","embeddable":true,"href":"https:\/\/www.fcbarcelonanoticias.com\/en\/wp-json\/wp\/v2\/tags?post=62411"}],"curies":[{"name":"wp","href":"https:\/\/api.w.org\/{rel}","templated":true}]}}