{"id":62511,"date":"2024-10-19T23:00:00","date_gmt":"2024-10-19T21:00:00","guid":{"rendered":"https:\/\/weisetech.dev\/fc-barcelona-noticias\/en\/vinicius-mbappe-rescatan-real-madrid-celta-vibrante-match-1-2_308027_102\/"},"modified":"2024-10-19T23:48:00","modified_gmt":"2024-10-19T21:48:00","slug":"vinicius-mbappe-rescatan-real-madrid-celta-vibrante-match-1-2_308027_102","status":"publish","type":"post","link":"https:\/\/www.fcbarcelonanoticias.com\/en\/laliga\/vinicius-mbappe-rescatan-real-madrid-celta-vibrante-match-1-2_308027_102.html","title":{"rendered":"Vinicius and Mbapp\u00e9 celebrating one of Real Madrid&#8217;s goals against Celta (1-2)"},"content":{"rendered":"<h2 class=\"wp-block-heading\">Celta and Real Madrid played out a real great game this Saturday, with permanent back-and-forth, in Bala\u00eddos (1-2). In the end, individual quality saved the &#8216;merengues&#8217;<\/h2>  \r\n<div class=\"article-addons\">\r\n    <a href=\"https:\/\/www.fcbarcelonanoticias.com\/en\/calendar-fc-barcelona.html\"\r\n       target=\"_self\"\r\n       title=\"Calendar of FC Barcelona\"\r\n       class=\"blue-gredient-btn\">\r\n       \r\n        Calendar of FC Barcelona    <\/a>\r\n<\/div>   <p>Real Madrid added its seventh victory on the tenth day of LaLiga EA Sports 2024\/25 in Bala\u00eddos against a combative Celta de Vigo (1-2).<\/p>  <p>Claudio Gir\u00e1ldez&#8217;s men played a brave game, one on one, but the strength of Vinicius Jr. and Kylian Mbapp\u00e9 was enough for Carlo Ancelotti&#8217;s men to add three points with which, for the moment, they equal the line of FC Barcelona at the top from LaLiga (24).<\/p>  <p>The match started with a frenetic pace, with very clear arrivals in both areas. Vinicius had the first chance before the minute of play, but was blocked by an opponent before finishing on goal.&nbsp;<\/p>  <p>Swedberg&nbsp;had two ideal opportunities to &#8216;dunk&#8217; in the next seven minutes, but he had no aim in the one-on-one against Courtois who saved the Swede&#8217;s second using his reflexes.<\/p>  <h3>A golazo of Mbapp\u00e9 did the difference in the first part<\/h3>  <p>In the midst of the give and take, Madrid warned with a powerful long shot from Valverde pocketed by Guaita in the 10th minute. The center of the field was a highway of free movement on both sides of the field and Carlo Ancelotti was a victim of helplessness due to the chaos that, in general terms, was his team, receiving a yellow card in the 15th minute for protesting. The goal could fall in any goal and it was the &#8216;merengues&#8217; who managed to hit first.<\/p>  <p>It was in the 20th minute, when Kylian Mbapp\u00e9 took advantage of a pass from Camavinga after an error on the way out by Fran Beltr\u00e1n. The one from Bondy, unmarked, lined up to take a left-footed shot from the edge of the area, unstoppable for Guaita.<\/p>  <p>Despite the blow, Celta did not give up and managed to score a goal as soon as they got out of the middle, but Borja Iglesias was ahead when he scored against Courtois.<\/p>  <p>The match became more physical in the last 20 minutes of the first half, with Madrid controlling half of the field. Vinicius and Camavinga came close to scoring with two high shots, but the 0-1 remained until half-time.<\/p>  <h3>Furious reaction from Celta after the break<\/h3>  <p>Both teams returned without changes from halftime and the posture of Galicians and &#8216;merengues&#8217; remained intact. Bellingham was close to 0-2 in the first half, with a shot slightly off target. However, it was Celta that managed to hurt the white background, thanks to a good collective play culminated by Swedberg.<\/p>  <p>The Swede had revenge in his third head-to-head against Courtois, this time assisted by former FC Barcelona player \u00d3scar Mingueza. The full-back easily overtook the ball after combining with Bamba and served the pass to the middle for the &#8217;19&#8217; to finish completely alone.<\/p>  <h3>Vinicius appeared to save Real Madrid<\/h3>  <p>Celta besieged Madrid in the next ten minutes and Ancelotti reacted by removing Camavinga and Valverde for Modric and Rodrygo. In the first play in which he participated, the Croatian filtered a perfect pass to resolve the game.<\/p>  <p>The &#8217;10&#8217; caught the diagonal of Vinicius, who easily unmarked himself and, with some luck, finished in the race before Guaita left. The Galicians bravely sought an equalizer, but Courtois and the white defense sustained the result. The last one, by Douvikas alone against the Belgian goalkeeper, was a reflection of the bad fortune of the locals.<\/p>  <p>For Madrid, Borussia Dortmund now comes for the Champions League, at home, just before hosting Bar\u00e7a next Saturday in the first Cl\u00e1sico of the season. The cul\u00e9s will arrive in Chamart\u00edn with less rest, as they must play on Sunday against Sevilla and on Wednesday against Bayern Munich, both duels in Montju\u00efc.<\/p>  <h3>Technical details of the match: Celta de Vigo 1-2 Real Madrid<\/h3>  <ul> <li> <strong>Celtic of Vigo: <\/strong>Guaita; Mingueza, Manquillo (Javier Rodr\u00edguez, min. 72), Starfelt, Alonso, \u00c1lvarez; Fran Beltr\u00e1n, Sotelo; Bamba (Dur\u00e1n, min. 78),&nbsp;Swedberg (Alfonfo Gonz\u00e1lez, min. 72) y Borja Iglesias (Doubikas, min 78)<\/li> \t<li> <strong>Real Madrid:<\/strong> Courtois; Militao, Tchouam\u00e9ni, R\u00fcdiger; Lucas V\u00e1zquez, Camavinga (Rodrygo, min. 63), Valverde (Modric, min. 63), Fran Garc\u00eda (Mendy, min. 70); Bellingham, Vinicius y Mbapp\u00e9 (Dani Ceballos, min. 82)<\/li> \t<li> <strong>Referee:<\/strong> Hern\u00e1ndez Hern\u00e1ndez.<\/li> \t<li> <strong>Incidences:<\/strong> <strong><a data-external=\"1\" href=\"https:\/\/www.fcbarcelonanoticias.com\/en\/laliga-calendario.html\" rel=\"nofollow\" target=\"_blank\" title=\"Partido correspondiente a la Jornada 9&nbsp;de LaLiga EA Sports 2024\/25\">corresponding Party to the Day 10 of LaLiga EA Sports 2024\/25<\/a><\/strong> <\/li> \t<li> <strong>Match goals:<\/strong> 0-1, Kylian Mbapp\u00e9 (min. 20); 1-1, Williot Swedberg (min. 50); 1-2, Vinicius Jr. (Min. 66)<\/li> <\/ul> ","protected":false},"excerpt":{"rendered":"<p>Celta and Real Madrid played out a real great game this Saturday, with permanent back-and-forth, in Bala\u00eddos (1-2). In the end, individual quality saved the &#8216;merengues&#8217; Real Madrid added its seventh victory on the tenth day of LaLiga EA Sports 2024\/25 in Bala\u00eddos against a combative Celta de Vigo (1-2). Claudio Gir\u00e1ldez&#8217;s men played a [&hellip;]<\/p>\n","protected":false},"author":347,"featured_media":62517,"comment_status":"closed","ping_status":"open","sticky":false,"template":"","format":"standard","meta":{"_acf_changed":false,"inline_featured_image":false,"_nextfly_llmd_date_locked":false,"footnotes":""},"categories":[114,448],"tags":[71,172],"class_list":["post-62511","post","type-post","status-publish","format-standard","has-post-thumbnail","hentry","category-laliga","category-laliga-2","tag-celtic-of-vigo","tag-videos"],"acf":[],"yoast_head":"<!-- This site is optimized with the Yoast SEO plugin v27.3 - https:\/\/yoast.com\/product\/yoast-seo-wordpress\/ -->\n<title>Vinicius and Mbapp\u00e9 celebrating one of Real Madrid&#039;s goals against Celta (1-2)<\/title>\n<meta name=\"description\" content=\"Celta and Real Madrid played out a real great game this Saturday, with permanent back-and-forth, in Bala\u00eddos (1-2). In the end, individual quality saved the &#039;merengues&#039;\" \/>\n<meta name=\"robots\" content=\"index, follow, max-snippet:-1, max-image-preview:large, max-video-preview:-1\" \/>\n<link rel=\"canonical\" href=\"https:\/\/www.fcbarcelonanoticias.com\/en\/laliga\/vinicius-mbappe-rescatan-real-madrid-celta-vibrante-match-1-2_308027_102.html\" \/>\n<meta property=\"og:locale\" content=\"en_US\" \/>\n<meta property=\"og:type\" content=\"article\" \/>\n<meta property=\"og:title\" content=\"Vinicius and Mbapp\u00e9 celebrating one of Real Madrid&#039;s goals against Celta (1-2)\" \/>\n<meta property=\"og:description\" content=\"Celta and Real Madrid played out a real great game this Saturday, with permanent back-and-forth, in Bala\u00eddos (1-2). In the end, individual quality saved the &#039;merengues&#039;\" \/>\n<meta property=\"og:url\" content=\"https:\/\/www.fcbarcelonanoticias.com\/en\/laliga\/vinicius-mbappe-rescatan-real-madrid-celta-vibrante-match-1-2_308027_102.html\" \/>\n<meta property=\"og:site_name\" content=\"EN - FC Barcelona Noticias\" \/>\n<meta property=\"article:published_time\" content=\"2024-10-19T21:00:00+00:00\" \/>\n<meta property=\"article:modified_time\" content=\"2024-10-19T21:48:00+00:00\" \/>\n<meta property=\"og:image\" content=\"https:\/\/www.fcbarcelonanoticias.com\/en\/wp-content\/uploads\/sites\/2\/2024\/10\/vinicius-mbappe-v-celta.jpeg\" \/>\n\t<meta property=\"og:image:width\" content=\"1250\" \/>\n\t<meta property=\"og:image:height\" content=\"730\" \/>\n\t<meta property=\"og:image:type\" content=\"image\/jpeg\" \/>\n<meta name=\"author\" content=\"Andr\u00e9s Quiroz\" \/>\n<meta name=\"twitter:card\" content=\"summary_large_image\" \/>\n<meta name=\"twitter:label1\" content=\"Written by\" \/>\n\t<meta name=\"twitter:data1\" content=\"Andr\u00e9s Quiroz\" \/>\n\t<meta name=\"twitter:label2\" content=\"Est. reading time\" \/>\n\t<meta name=\"twitter:data2\" content=\"4 minutes\" \/>\n<script type=\"application\/ld+json\" class=\"yoast-schema-graph\">{\"@context\":\"https:\\\/\\\/schema.org\",\"@graph\":[{\"@type\":\"Article\",\"@id\":\"https:\\\/\\\/www.fcbarcelonanoticias.com\\\/en\\\/laliga\\\/vinicius-mbappe-rescatan-real-madrid-celta-vibrante-match-1-2_308027_102.html#article\",\"isPartOf\":{\"@id\":\"https:\\\/\\\/www.fcbarcelonanoticias.com\\\/en\\\/laliga\\\/vinicius-mbappe-rescatan-real-madrid-celta-vibrante-match-1-2_308027_102.html\"},\"author\":{\"name\":\"Andr\u00e9s Quiroz\",\"@id\":\"https:\\\/\\\/www.fcbarcelonanoticias.com\\\/en\\\/#\\\/schema\\\/person\\\/c2cd9f6fa1af5c0d0eccd0fefa575c88\"},\"headline\":\"Vinicius and Mbapp\u00e9 celebrating one of Real Madrid&#8217;s goals against Celta (1-2)\",\"datePublished\":\"2024-10-19T21:00:00+00:00\",\"dateModified\":\"2024-10-19T21:48:00+00:00\",\"mainEntityOfPage\":{\"@id\":\"https:\\\/\\\/www.fcbarcelonanoticias.com\\\/en\\\/laliga\\\/vinicius-mbappe-rescatan-real-madrid-celta-vibrante-match-1-2_308027_102.html\"},\"wordCount\":755,\"image\":{\"@id\":\"https:\\\/\\\/www.fcbarcelonanoticias.com\\\/en\\\/laliga\\\/vinicius-mbappe-rescatan-real-madrid-celta-vibrante-match-1-2_308027_102.html#primaryimage\"},\"thumbnailUrl\":\"https:\\\/\\\/www.fcbarcelonanoticias.com\\\/en\\\/wp-content\\\/uploads\\\/sites\\\/2\\\/2024\\\/10\\\/vinicius-mbappe-v-celta.jpeg\",\"keywords\":[\"Celtic of Vigo\",\"Videos\"],\"articleSection\":[\"LaLiga\",\"LaLiga\"],\"inLanguage\":\"en-US\"},{\"@type\":\"WebPage\",\"@id\":\"https:\\\/\\\/www.fcbarcelonanoticias.com\\\/en\\\/laliga\\\/vinicius-mbappe-rescatan-real-madrid-celta-vibrante-match-1-2_308027_102.html\",\"url\":\"https:\\\/\\\/www.fcbarcelonanoticias.com\\\/en\\\/laliga\\\/vinicius-mbappe-rescatan-real-madrid-celta-vibrante-match-1-2_308027_102.html\",\"name\":\"Vinicius and Mbapp\u00e9 celebrating one of Real Madrid's goals against Celta (1-2)\",\"isPartOf\":{\"@id\":\"https:\\\/\\\/www.fcbarcelonanoticias.com\\\/en\\\/#website\"},\"primaryImageOfPage\":{\"@id\":\"https:\\\/\\\/www.fcbarcelonanoticias.com\\\/en\\\/laliga\\\/vinicius-mbappe-rescatan-real-madrid-celta-vibrante-match-1-2_308027_102.html#primaryimage\"},\"image\":{\"@id\":\"https:\\\/\\\/www.fcbarcelonanoticias.com\\\/en\\\/laliga\\\/vinicius-mbappe-rescatan-real-madrid-celta-vibrante-match-1-2_308027_102.html#primaryimage\"},\"thumbnailUrl\":\"https:\\\/\\\/www.fcbarcelonanoticias.com\\\/en\\\/wp-content\\\/uploads\\\/sites\\\/2\\\/2024\\\/10\\\/vinicius-mbappe-v-celta.jpeg\",\"datePublished\":\"2024-10-19T21:00:00+00:00\",\"dateModified\":\"2024-10-19T21:48:00+00:00\",\"author\":{\"@id\":\"https:\\\/\\\/www.fcbarcelonanoticias.com\\\/en\\\/#\\\/schema\\\/person\\\/c2cd9f6fa1af5c0d0eccd0fefa575c88\"},\"description\":\"Celta and Real Madrid played out a real great game this Saturday, with permanent back-and-forth, in Bala\u00eddos (1-2). In the end, individual quality saved the 'merengues'\",\"breadcrumb\":{\"@id\":\"https:\\\/\\\/www.fcbarcelonanoticias.com\\\/en\\\/laliga\\\/vinicius-mbappe-rescatan-real-madrid-celta-vibrante-match-1-2_308027_102.html#breadcrumb\"},\"inLanguage\":\"en-US\",\"potentialAction\":[{\"@type\":\"ReadAction\",\"target\":[\"https:\\\/\\\/www.fcbarcelonanoticias.com\\\/en\\\/laliga\\\/vinicius-mbappe-rescatan-real-madrid-celta-vibrante-match-1-2_308027_102.html\"]}]},{\"@type\":\"ImageObject\",\"inLanguage\":\"en-US\",\"@id\":\"https:\\\/\\\/www.fcbarcelonanoticias.com\\\/en\\\/laliga\\\/vinicius-mbappe-rescatan-real-madrid-celta-vibrante-match-1-2_308027_102.html#primaryimage\",\"url\":\"https:\\\/\\\/www.fcbarcelonanoticias.com\\\/en\\\/wp-content\\\/uploads\\\/sites\\\/2\\\/2024\\\/10\\\/vinicius-mbappe-v-celta.jpeg\",\"contentUrl\":\"https:\\\/\\\/www.fcbarcelonanoticias.com\\\/en\\\/wp-content\\\/uploads\\\/sites\\\/2\\\/2024\\\/10\\\/vinicius-mbappe-v-celta.jpeg\",\"width\":1250,\"height\":730},{\"@type\":\"BreadcrumbList\",\"@id\":\"https:\\\/\\\/www.fcbarcelonanoticias.com\\\/en\\\/laliga\\\/vinicius-mbappe-rescatan-real-madrid-celta-vibrante-match-1-2_308027_102.html#breadcrumb\",\"itemListElement\":[{\"@type\":\"ListItem\",\"position\":1,\"name\":\"Portada\",\"item\":\"https:\\\/\\\/www.fcbarcelonanoticias.com\\\/en\\\/\"},{\"@type\":\"ListItem\",\"position\":2,\"name\":\"Vinicius and Mbapp\u00e9 celebrating one of Real Madrid&#8217;s goals against Celta (1-2)\"}]},{\"@type\":\"WebSite\",\"@id\":\"https:\\\/\\\/www.fcbarcelonanoticias.com\\\/en\\\/#website\",\"url\":\"https:\\\/\\\/www.fcbarcelonanoticias.com\\\/en\\\/\",\"name\":\"EN - FC Barcelona Noticias\",\"description\":\"\",\"potentialAction\":[{\"@type\":\"SearchAction\",\"target\":{\"@type\":\"EntryPoint\",\"urlTemplate\":\"https:\\\/\\\/www.fcbarcelonanoticias.com\\\/en\\\/?s={search_term_string}\"},\"query-input\":{\"@type\":\"PropertyValueSpecification\",\"valueRequired\":true,\"valueName\":\"search_term_string\"}}],\"inLanguage\":\"en-US\"},{\"@type\":\"Person\",\"@id\":\"https:\\\/\\\/www.fcbarcelonanoticias.com\\\/en\\\/#\\\/schema\\\/person\\\/c2cd9f6fa1af5c0d0eccd0fefa575c88\",\"name\":\"Andr\u00e9s Quiroz\",\"image\":{\"@type\":\"ImageObject\",\"inLanguage\":\"en-US\",\"@id\":\"https:\\\/\\\/secure.gravatar.com\\\/avatar\\\/?s=96&d=mm&r=g\",\"url\":\"https:\\\/\\\/secure.gravatar.com\\\/avatar\\\/?s=96&d=mm&r=g\",\"contentUrl\":\"https:\\\/\\\/secure.gravatar.com\\\/avatar\\\/?s=96&d=mm&r=g\",\"caption\":\"Andr\u00e9s Quiroz\"},\"description\":\"Licenciado en Periodismo por la Universidad de los Andes. Me encargo de analizar y compartir los contenidos m\u00e1s destacados de la\u00a0actualidad del F\u00fatbol Club Barcelona, Mercado de Fichajes y F\u00fatbol Internacional en FCBN. La informaci\u00f3n es poder, pero tambi\u00e9n conocimiento.\",\"url\":\"https:\\\/\\\/www.fcbarcelonanoticias.com\\\/en\\\/fc-barcelona\\\/andres-quiroz_17_115.html\"}]}<\/script>\n<!-- \/ Yoast SEO plugin. -->","yoast_head_json":{"title":"Vinicius and Mbapp\u00e9 celebrating one of Real Madrid's goals against Celta (1-2)","description":"Celta and Real Madrid played out a real great game this Saturday, with permanent back-and-forth, in Bala\u00eddos (1-2). In the end, individual quality saved the 'merengues'","robots":{"index":"index","follow":"follow","max-snippet":"max-snippet:-1","max-image-preview":"max-image-preview:large","max-video-preview":"max-video-preview:-1"},"canonical":"https:\/\/www.fcbarcelonanoticias.com\/en\/laliga\/vinicius-mbappe-rescatan-real-madrid-celta-vibrante-match-1-2_308027_102.html","og_locale":"en_US","og_type":"article","og_title":"Vinicius and Mbapp\u00e9 celebrating one of Real Madrid's goals against Celta (1-2)","og_description":"Celta and Real Madrid played out a real great game this Saturday, with permanent back-and-forth, in Bala\u00eddos (1-2). In the end, individual quality saved the 'merengues'","og_url":"https:\/\/www.fcbarcelonanoticias.com\/en\/laliga\/vinicius-mbappe-rescatan-real-madrid-celta-vibrante-match-1-2_308027_102.html","og_site_name":"EN - FC Barcelona Noticias","article_published_time":"2024-10-19T21:00:00+00:00","article_modified_time":"2024-10-19T21:48:00+00:00","og_image":[{"width":1250,"height":730,"url":"https:\/\/www.fcbarcelonanoticias.com\/en\/wp-content\/uploads\/sites\/2\/2024\/10\/vinicius-mbappe-v-celta.jpeg","type":"image\/jpeg"}],"author":"Andr\u00e9s Quiroz","twitter_card":"summary_large_image","twitter_misc":{"Written by":"Andr\u00e9s Quiroz","Est. reading time":"4 minutes"},"schema":{"@context":"https:\/\/schema.org","@graph":[{"@type":"Article","@id":"https:\/\/www.fcbarcelonanoticias.com\/en\/laliga\/vinicius-mbappe-rescatan-real-madrid-celta-vibrante-match-1-2_308027_102.html#article","isPartOf":{"@id":"https:\/\/www.fcbarcelonanoticias.com\/en\/laliga\/vinicius-mbappe-rescatan-real-madrid-celta-vibrante-match-1-2_308027_102.html"},"author":{"name":"Andr\u00e9s Quiroz","@id":"https:\/\/www.fcbarcelonanoticias.com\/en\/#\/schema\/person\/c2cd9f6fa1af5c0d0eccd0fefa575c88"},"headline":"Vinicius and Mbapp\u00e9 celebrating one of Real Madrid&#8217;s goals against Celta (1-2)","datePublished":"2024-10-19T21:00:00+00:00","dateModified":"2024-10-19T21:48:00+00:00","mainEntityOfPage":{"@id":"https:\/\/www.fcbarcelonanoticias.com\/en\/laliga\/vinicius-mbappe-rescatan-real-madrid-celta-vibrante-match-1-2_308027_102.html"},"wordCount":755,"image":{"@id":"https:\/\/www.fcbarcelonanoticias.com\/en\/laliga\/vinicius-mbappe-rescatan-real-madrid-celta-vibrante-match-1-2_308027_102.html#primaryimage"},"thumbnailUrl":"https:\/\/www.fcbarcelonanoticias.com\/en\/wp-content\/uploads\/sites\/2\/2024\/10\/vinicius-mbappe-v-celta.jpeg","keywords":["Celtic of Vigo","Videos"],"articleSection":["LaLiga","LaLiga"],"inLanguage":"en-US"},{"@type":"WebPage","@id":"https:\/\/www.fcbarcelonanoticias.com\/en\/laliga\/vinicius-mbappe-rescatan-real-madrid-celta-vibrante-match-1-2_308027_102.html","url":"https:\/\/www.fcbarcelonanoticias.com\/en\/laliga\/vinicius-mbappe-rescatan-real-madrid-celta-vibrante-match-1-2_308027_102.html","name":"Vinicius and Mbapp\u00e9 celebrating one of Real Madrid's goals against Celta (1-2)","isPartOf":{"@id":"https:\/\/www.fcbarcelonanoticias.com\/en\/#website"},"primaryImageOfPage":{"@id":"https:\/\/www.fcbarcelonanoticias.com\/en\/laliga\/vinicius-mbappe-rescatan-real-madrid-celta-vibrante-match-1-2_308027_102.html#primaryimage"},"image":{"@id":"https:\/\/www.fcbarcelonanoticias.com\/en\/laliga\/vinicius-mbappe-rescatan-real-madrid-celta-vibrante-match-1-2_308027_102.html#primaryimage"},"thumbnailUrl":"https:\/\/www.fcbarcelonanoticias.com\/en\/wp-content\/uploads\/sites\/2\/2024\/10\/vinicius-mbappe-v-celta.jpeg","datePublished":"2024-10-19T21:00:00+00:00","dateModified":"2024-10-19T21:48:00+00:00","author":{"@id":"https:\/\/www.fcbarcelonanoticias.com\/en\/#\/schema\/person\/c2cd9f6fa1af5c0d0eccd0fefa575c88"},"description":"Celta and Real Madrid played out a real great game this Saturday, with permanent back-and-forth, in Bala\u00eddos (1-2). In the end, individual quality saved the 'merengues'","breadcrumb":{"@id":"https:\/\/www.fcbarcelonanoticias.com\/en\/laliga\/vinicius-mbappe-rescatan-real-madrid-celta-vibrante-match-1-2_308027_102.html#breadcrumb"},"inLanguage":"en-US","potentialAction":[{"@type":"ReadAction","target":["https:\/\/www.fcbarcelonanoticias.com\/en\/laliga\/vinicius-mbappe-rescatan-real-madrid-celta-vibrante-match-1-2_308027_102.html"]}]},{"@type":"ImageObject","inLanguage":"en-US","@id":"https:\/\/www.fcbarcelonanoticias.com\/en\/laliga\/vinicius-mbappe-rescatan-real-madrid-celta-vibrante-match-1-2_308027_102.html#primaryimage","url":"https:\/\/www.fcbarcelonanoticias.com\/en\/wp-content\/uploads\/sites\/2\/2024\/10\/vinicius-mbappe-v-celta.jpeg","contentUrl":"https:\/\/www.fcbarcelonanoticias.com\/en\/wp-content\/uploads\/sites\/2\/2024\/10\/vinicius-mbappe-v-celta.jpeg","width":1250,"height":730},{"@type":"BreadcrumbList","@id":"https:\/\/www.fcbarcelonanoticias.com\/en\/laliga\/vinicius-mbappe-rescatan-real-madrid-celta-vibrante-match-1-2_308027_102.html#breadcrumb","itemListElement":[{"@type":"ListItem","position":1,"name":"Portada","item":"https:\/\/www.fcbarcelonanoticias.com\/en\/"},{"@type":"ListItem","position":2,"name":"Vinicius and Mbapp\u00e9 celebrating one of Real Madrid&#8217;s goals against Celta (1-2)"}]},{"@type":"WebSite","@id":"https:\/\/www.fcbarcelonanoticias.com\/en\/#website","url":"https:\/\/www.fcbarcelonanoticias.com\/en\/","name":"EN - FC Barcelona Noticias","description":"","potentialAction":[{"@type":"SearchAction","target":{"@type":"EntryPoint","urlTemplate":"https:\/\/www.fcbarcelonanoticias.com\/en\/?s={search_term_string}"},"query-input":{"@type":"PropertyValueSpecification","valueRequired":true,"valueName":"search_term_string"}}],"inLanguage":"en-US"},{"@type":"Person","@id":"https:\/\/www.fcbarcelonanoticias.com\/en\/#\/schema\/person\/c2cd9f6fa1af5c0d0eccd0fefa575c88","name":"Andr\u00e9s Quiroz","image":{"@type":"ImageObject","inLanguage":"en-US","@id":"https:\/\/secure.gravatar.com\/avatar\/?s=96&d=mm&r=g","url":"https:\/\/secure.gravatar.com\/avatar\/?s=96&d=mm&r=g","contentUrl":"https:\/\/secure.gravatar.com\/avatar\/?s=96&d=mm&r=g","caption":"Andr\u00e9s Quiroz"},"description":"Licenciado en Periodismo por la Universidad de los Andes. Me encargo de analizar y compartir los contenidos m\u00e1s destacados de la\u00a0actualidad del F\u00fatbol Club Barcelona, Mercado de Fichajes y F\u00fatbol Internacional en FCBN. La informaci\u00f3n es poder, pero tambi\u00e9n conocimiento.","url":"https:\/\/www.fcbarcelonanoticias.com\/en\/fc-barcelona\/andres-quiroz_17_115.html"}]}},"_links":{"self":[{"href":"https:\/\/www.fcbarcelonanoticias.com\/en\/wp-json\/wp\/v2\/posts\/62511","targetHints":{"allow":["GET"]}}],"collection":[{"href":"https:\/\/www.fcbarcelonanoticias.com\/en\/wp-json\/wp\/v2\/posts"}],"about":[{"href":"https:\/\/www.fcbarcelonanoticias.com\/en\/wp-json\/wp\/v2\/types\/post"}],"author":[{"embeddable":true,"href":"https:\/\/www.fcbarcelonanoticias.com\/en\/wp-json\/wp\/v2\/users\/347"}],"replies":[{"embeddable":true,"href":"https:\/\/www.fcbarcelonanoticias.com\/en\/wp-json\/wp\/v2\/comments?post=62511"}],"version-history":[{"count":1,"href":"https:\/\/www.fcbarcelonanoticias.com\/en\/wp-json\/wp\/v2\/posts\/62511\/revisions"}],"predecessor-version":[{"id":116988,"href":"https:\/\/www.fcbarcelonanoticias.com\/en\/wp-json\/wp\/v2\/posts\/62511\/revisions\/116988"}],"wp:featuredmedia":[{"embeddable":true,"href":"https:\/\/www.fcbarcelonanoticias.com\/en\/wp-json\/wp\/v2\/media\/62517"}],"wp:attachment":[{"href":"https:\/\/www.fcbarcelonanoticias.com\/en\/wp-json\/wp\/v2\/media?parent=62511"}],"wp:term":[{"taxonomy":"category","embeddable":true,"href":"https:\/\/www.fcbarcelonanoticias.com\/en\/wp-json\/wp\/v2\/categories?post=62511"},{"taxonomy":"post_tag","embeddable":true,"href":"https:\/\/www.fcbarcelonanoticias.com\/en\/wp-json\/wp\/v2\/tags?post=62511"}],"curies":[{"name":"wp","href":"https:\/\/api.w.org\/{rel}","templated":true}]}}