{"id":62522,"date":"2022-05-10T23:33:00","date_gmt":"2022-05-10T21:33:00","guid":{"rendered":"https:\/\/weisetech.dev\/fc-barcelona-noticias\/en\/the-barca-grave-to-a-brave-celtic-3-1-to-strengthen-in-the-second-square_280171_102\/"},"modified":"2022-05-11T10:29:00","modified_gmt":"2022-05-11T08:29:00","slug":"the-barca-grave-to-a-brave-celtic-3-1-to-strengthen-in-the-second-square_280171_102","status":"publish","type":"post","link":"https:\/\/www.fcbarcelonanoticias.com\/en\/laliga\/the-barca-grave-to-a-brave-celtic-3-1-to-strengthen-in-the-second-square_280171_102.html","title":{"rendered":"Bar\u00e7a &#8216;tomb&#8217; a daring Celta (3-1) to establish themselves in second place"},"content":{"rendered":"<h2 class=\"wp-block-heading\">The FC Barcelona has achieved a key triumph in the visit of the Celtic of Vigo to the Camp Nou, thanks to a doublet of Pierre-Emerick Aubameyang and one of Memphis Depay. Ronald Ara\u00fajo gave the fright to the cul\u00e9s<\/h2>  \r\n<div class=\"article-addons\">\r\n    <a href=\"https:\/\/www.fcbarcelonanoticias.com\/en\/calendar-fc-barcelona.html\"\r\n       target=\"_self\"\r\n       title=\"Calendar of FC Barcelona\"\r\n       class=\"blue-gredient-btn\">\r\n       \r\n        Calendar of FC Barcelona    <\/a>\r\n<\/div>   <p><strong>The <a data-external=\"0\" data-intl-links-en=\"https:\/\/www.fcbarcelonanoticias.com\/en\/fc-barcelona\" data-intl-links-es=\"https:\/\/www.fcbarcelonanoticias.com\/fc-barcelona\" href=\"https:\/\/www.fcbarcelonanoticias.com\/en\/football-soccer\/fc-barcelona.html\" rel=\"follow\" target=\"_self\" title=\"FC Barcelona\">FC Barcelona<\/a> went back to win, going of less to more in the Camp Nou against the Celtic of Vigo.<\/strong> The directed by Xavi Hern\u00e1ndez suffered more than the account in a poor party in the game and quite good in the result, with a goleada key to follow pushing by the second square, that already seems &#8216;safe&#8217;. A doublet of Aubameyang and a goal of Memphis gave the victory to follow firm in LaLiga.<\/p>  <p>The Bar\u00e7a jumped to the field with a revolution in his alignment and <strong>with several doubts in the diagram that Xavi put to disposal<\/strong>. In front of the absence of Sergio Busquets (sanctioned), the egarense bet by the pair in the centre of the field of Frenkie of Jong and Gavi, but with the novelty of Jordi Alba like interior in offensive facet. The one of L&#8217;Hospitalet showed indecisivo in a few opportunities and <strong>receiving constantementes indications<\/strong> and corrections by part Of Jong.<\/p>  <p>The ones of Xavi Hern\u00e1ndez left clear that <strong>do not need to do a big party to carry a key victory. F<\/strong>ue Evident that were suffering more than the account by the high pressure of the Celtic of Vigo, that went out to the Camp Nou without complexes and with intention to move near of the area of Marc-Andr\u00e9 ter Stegen, the one who went back to be key for the ones of Xavi. The team directed by Coudet was very safe, active and proposing from beginning to end, in front of a Bar\u00e7a that (even with four forwards) was suffering to approach to the area of Dituro. The feelings that left the team were very bad, although the positive result.<\/p>  <p>The first clear opportunity of the Barcelona arrived just before the half hour of party, with a genialidad of Ousmane Demb\u00e9l\u00e9.<strong> Esprint\u00f3 In the band and left to two rivals in career to find to Memphis Depay in the area<\/strong> and put him in tray a centre between defenders so that it finished it to pleasure with the right boot. The Celtic of Vigo forgave more than the account and, to the second arrival of the cul\u00e9s, the advantage increased by means of a gift of Araujo to Pierre-Emerick Aubameyang.<\/p>  <p>The defender of the Celtic of Vigo fell to ar\u00e1s when it tried to clear a centre that there was envoy Memphis Depay after a good started by the left. Aubameyang, that dressed like the smartest of the class, <strong>burst into in the area girl to finish the balloon to the deepest of the area of Dituro.<\/strong> &#8216;Auba&#8217; Did not want to go without more and annotated his just doublet after the resumption, with a new &#8216;jewel&#8217; of Demb\u00e9l\u00e9, the one who repeated the played of the first goal to give it to the gabon\u00e9s and defined with a finish crossed between several players &#8216;celestial&#8217;.<\/p>  <h3>The Bar\u00e7a knew &#8216;hold&#8217;<\/h3>  <p>A minute afterwards, Iago Sails caused the reaction of the visitors <strong>costing of an earthy error in the exit of balloon of the Bar\u00e7a.<\/strong> It received the balloon inside the area and beat to pleasure to Ter Stegen to sign a discount that saw &#8216;minimised&#8217; by the expulsion of Murillo after a fault to Memphis being last man and by <a data-external=\"0\" data-intl-links-en=\"https:\/\/www.fcbarcelonanoticias.com\/en\/players\/alarm-ronald-araujo-abandoned-the-barca-celtic-in-stretcher_280178_102.html\" data-intl-links-es=\"https:\/\/www.fcbarcelonanoticias.com\/jugadores\/alarma-ronald-araujo-abandono-barcelona-celta-en-camilla_280178_102.html\" href=\"https:\/\/www.fcbarcelonanoticias.com\/en\/players\/alarm-ronald-araujo-abandoned-the-barca-celtic-in-stretcher_280178_102.html\" rel=\"follow\" target=\"_self\" title=\"ALARMA: Ronald Ara\u00fajo abandon\u00f3 el Bar\u00e7a-Celta en ambulancia\">the injury of Ronald Ara\u00fajo,<\/a> the one who after a crash with Gavi left in ambulance happened the hour of party.<\/p>  <p>The Bar\u00e7a, without shine and with doubts in the game, remained with a key result that allows to strengthen in the second position of LaLiga Santander, <strong>with 72 points, seven more than the Seville to fault that it contest his party of this day.<\/strong> The aim to classify to the next Supercopa of Spain 2022 for &#8216;save&#8217; a season that began being a true disaster for the cul\u00e9s.<\/p>  <h3>Technical index card of the party: FC Barcelona 3-1 Celtic of Vigo<\/h3>  <ul> <li> <strong>FC Barcelona<\/strong>: Ter Stegen; Dani Alves, Araujo (min. 68 Lenglet), Eric Garcia, Jordi Alba; Frenkie of Jong, Gavi, Demb\u00e9l\u00e9, Ferran Torres (min. 45, Riqui Puig), Aubameyang and Memphis (min. 68, Ansu).<\/li> \t<li> <strong>Celtic of Vigo:<\/strong> Dituro, Kevin, Aidoo, Ara\u00fajo, Gal\u00e1n, Fran Beltr\u00e1n, Brais M\u00e9ndez, Denis Su\u00e1rez, Cervi, Iago Sails and Galhardo.<\/li> \t<li> <strong><strong style=\"font-family: Arial, Helvetica, sans-serif;\"><strong>Referee: <\/strong><\/strong><\/strong>Ort\u00edz Arias.<\/li> \t<li> <strong>Incidences:<\/strong> corresponding Party to the thirtieth sixth day of LaLiga Santander 2021-2022<\/li> \t<li> <strong>Goals of the party:<\/strong> 1-0, Memphis (min. 30); 2-0, Aubameyang (min. 41); 3-0, Aubameyang (min. 48); 3-1, Iago Sails (min. 50);<\/li> <\/ul> <h3>News stood out of the FC Barcelona-Celtic of Vigo<\/h3>  <ul> <li>Video summary of the FC Barcelona-Celtic of Vigo of LaLiga Santander 2021-2022<\/li> \t<li><a data-external=\"0\" data-intl-links-en=\"https:\/\/www.fcbarcelonanoticias.com\/en\/calendar-fc-barcelona.html\" data-intl-links-es=\"https:\/\/www.fcbarcelonanoticias.com\/calendario-fcbarcelona.html\" href=\"https:\/\/www.fcbarcelonanoticias.com\/en\/calendar-fc-barcelona.html\" rel=\"follow\" target=\"_self\" title=\"Calendario FC Barcelona\">Next party: Getafe-FC Barcelona (J37, LaLiga Santander 2021-2022).<\/a><\/li> <\/ul> ","protected":false},"excerpt":{"rendered":"<p>The FC Barcelona has achieved a key triumph in the visit of the Celtic of Vigo to the Camp Nou, thanks to a doublet of Pierre-Emerick Aubameyang and one of Memphis Depay. Ronald Ara\u00fajo gave the fright to the cul\u00e9s The FC Barcelona went back to win, going of less to more in the Camp [&hellip;]<\/p>\n","protected":false},"author":352,"featured_media":62529,"comment_status":"closed","ping_status":"open","sticky":false,"template":"","format":"standard","meta":{"_acf_changed":false,"inline_featured_image":false,"_nextfly_llmd_date_locked":false,"footnotes":""},"categories":[448,114],"tags":[71,180],"class_list":["post-62522","post","type-post","status-publish","format-standard","has-post-thumbnail","hentry","category-laliga-2","category-laliga","tag-celtic-of-vigo","tag-fc-barcelona-results"],"acf":[],"yoast_head":"<!-- This site is optimized with the Yoast SEO plugin v27.3 - https:\/\/yoast.com\/product\/yoast-seo-wordpress\/ -->\n<title>The Bar\u00e7a &#039;grave&#039; to a brave Celtic (3-1) to strengthen in the second square<\/title>\n<meta name=\"description\" content=\"The FC Barcelona has achieved a key triumph in the visit of the Celtic of Vigo to the Camp Nou, thanks to a doublet of Pierre-Emerick Aubameyang and one of Memphis Depay. Ronald Ara\u00fajo gave the fright to the cul\u00e9s\" \/>\n<meta name=\"robots\" content=\"index, follow, max-snippet:-1, max-image-preview:large, max-video-preview:-1\" \/>\n<link rel=\"canonical\" href=\"https:\/\/www.fcbarcelonanoticias.com\/en\/laliga\/the-barca-grave-to-a-brave-celtic-3-1-to-strengthen-in-the-second-square_280171_102.html\" \/>\n<meta property=\"og:locale\" content=\"en_US\" \/>\n<meta property=\"og:type\" content=\"article\" \/>\n<meta property=\"og:title\" content=\"The Bar\u00e7a &#039;grave&#039; to a brave Celtic (3-1) to strengthen in the second square\" \/>\n<meta property=\"og:description\" content=\"The FC Barcelona has achieved a key triumph in the visit of the Celtic of Vigo to the Camp Nou, thanks to a doublet of Pierre-Emerick Aubameyang and one of Memphis Depay. Ronald Ara\u00fajo gave the fright to the cul\u00e9s\" \/>\n<meta property=\"og:url\" content=\"https:\/\/www.fcbarcelonanoticias.com\/en\/laliga\/the-barca-grave-to-a-brave-celtic-3-1-to-strengthen-in-the-second-square_280171_102.html\" \/>\n<meta property=\"og:site_name\" content=\"EN - FC Barcelona Noticias\" \/>\n<meta property=\"article:published_time\" content=\"2022-05-10T21:33:00+00:00\" \/>\n<meta property=\"article:modified_time\" content=\"2022-05-11T08:29:00+00:00\" \/>\n<meta property=\"og:image\" content=\"https:\/\/www.fcbarcelonanoticias.com\/en\/wp-content\/uploads\/sites\/2\/2022\/05\/cronica-barcelona-celta-vigo-1.jpeg\" \/>\n\t<meta property=\"og:image:width\" content=\"1200\" \/>\n\t<meta property=\"og:image:height\" content=\"675\" \/>\n\t<meta property=\"og:image:type\" content=\"image\/jpeg\" \/>\n<meta name=\"author\" content=\"Paola Guevara\" \/>\n<meta name=\"twitter:card\" content=\"summary_large_image\" \/>\n<meta name=\"twitter:label1\" content=\"Written by\" \/>\n\t<meta name=\"twitter:data1\" content=\"Paola Guevara\" \/>\n\t<meta name=\"twitter:label2\" content=\"Est. reading time\" \/>\n\t<meta name=\"twitter:data2\" content=\"4 minutes\" \/>\n<script type=\"application\/ld+json\" class=\"yoast-schema-graph\">{\"@context\":\"https:\\\/\\\/schema.org\",\"@graph\":[{\"@type\":\"Article\",\"@id\":\"https:\\\/\\\/www.fcbarcelonanoticias.com\\\/en\\\/laliga\\\/the-barca-grave-to-a-brave-celtic-3-1-to-strengthen-in-the-second-square_280171_102.html#article\",\"isPartOf\":{\"@id\":\"https:\\\/\\\/www.fcbarcelonanoticias.com\\\/en\\\/laliga\\\/the-barca-grave-to-a-brave-celtic-3-1-to-strengthen-in-the-second-square_280171_102.html\"},\"author\":{\"name\":\"Paola Guevara\",\"@id\":\"https:\\\/\\\/www.fcbarcelonanoticias.com\\\/en\\\/#\\\/schema\\\/person\\\/3b408513ee236e64c3043ec901f019ee\"},\"headline\":\"Bar\u00e7a &#8216;tomb&#8217; a daring Celta (3-1) to establish themselves in second place\",\"datePublished\":\"2022-05-10T21:33:00+00:00\",\"dateModified\":\"2022-05-11T08:29:00+00:00\",\"mainEntityOfPage\":{\"@id\":\"https:\\\/\\\/www.fcbarcelonanoticias.com\\\/en\\\/laliga\\\/the-barca-grave-to-a-brave-celtic-3-1-to-strengthen-in-the-second-square_280171_102.html\"},\"wordCount\":823,\"image\":{\"@id\":\"https:\\\/\\\/www.fcbarcelonanoticias.com\\\/en\\\/laliga\\\/the-barca-grave-to-a-brave-celtic-3-1-to-strengthen-in-the-second-square_280171_102.html#primaryimage\"},\"thumbnailUrl\":\"https:\\\/\\\/www.fcbarcelonanoticias.com\\\/en\\\/wp-content\\\/uploads\\\/sites\\\/2\\\/2022\\\/05\\\/cronica-barcelona-celta-vigo-1.jpeg\",\"keywords\":[\"Celtic of Vigo\",\"FC Barcelona Results\"],\"articleSection\":[\"LaLiga\",\"LaLiga\"],\"inLanguage\":\"en-US\"},{\"@type\":\"WebPage\",\"@id\":\"https:\\\/\\\/www.fcbarcelonanoticias.com\\\/en\\\/laliga\\\/the-barca-grave-to-a-brave-celtic-3-1-to-strengthen-in-the-second-square_280171_102.html\",\"url\":\"https:\\\/\\\/www.fcbarcelonanoticias.com\\\/en\\\/laliga\\\/the-barca-grave-to-a-brave-celtic-3-1-to-strengthen-in-the-second-square_280171_102.html\",\"name\":\"The Bar\u00e7a 'grave' to a brave Celtic (3-1) to strengthen in the second square\",\"isPartOf\":{\"@id\":\"https:\\\/\\\/www.fcbarcelonanoticias.com\\\/en\\\/#website\"},\"primaryImageOfPage\":{\"@id\":\"https:\\\/\\\/www.fcbarcelonanoticias.com\\\/en\\\/laliga\\\/the-barca-grave-to-a-brave-celtic-3-1-to-strengthen-in-the-second-square_280171_102.html#primaryimage\"},\"image\":{\"@id\":\"https:\\\/\\\/www.fcbarcelonanoticias.com\\\/en\\\/laliga\\\/the-barca-grave-to-a-brave-celtic-3-1-to-strengthen-in-the-second-square_280171_102.html#primaryimage\"},\"thumbnailUrl\":\"https:\\\/\\\/www.fcbarcelonanoticias.com\\\/en\\\/wp-content\\\/uploads\\\/sites\\\/2\\\/2022\\\/05\\\/cronica-barcelona-celta-vigo-1.jpeg\",\"datePublished\":\"2022-05-10T21:33:00+00:00\",\"dateModified\":\"2022-05-11T08:29:00+00:00\",\"author\":{\"@id\":\"https:\\\/\\\/www.fcbarcelonanoticias.com\\\/en\\\/#\\\/schema\\\/person\\\/3b408513ee236e64c3043ec901f019ee\"},\"description\":\"The FC Barcelona has achieved a key triumph in the visit of the Celtic of Vigo to the Camp Nou, thanks to a doublet of Pierre-Emerick Aubameyang and one of Memphis Depay. Ronald Ara\u00fajo gave the fright to the cul\u00e9s\",\"breadcrumb\":{\"@id\":\"https:\\\/\\\/www.fcbarcelonanoticias.com\\\/en\\\/laliga\\\/the-barca-grave-to-a-brave-celtic-3-1-to-strengthen-in-the-second-square_280171_102.html#breadcrumb\"},\"inLanguage\":\"en-US\",\"potentialAction\":[{\"@type\":\"ReadAction\",\"target\":[\"https:\\\/\\\/www.fcbarcelonanoticias.com\\\/en\\\/laliga\\\/the-barca-grave-to-a-brave-celtic-3-1-to-strengthen-in-the-second-square_280171_102.html\"]}]},{\"@type\":\"ImageObject\",\"inLanguage\":\"en-US\",\"@id\":\"https:\\\/\\\/www.fcbarcelonanoticias.com\\\/en\\\/laliga\\\/the-barca-grave-to-a-brave-celtic-3-1-to-strengthen-in-the-second-square_280171_102.html#primaryimage\",\"url\":\"https:\\\/\\\/www.fcbarcelonanoticias.com\\\/en\\\/wp-content\\\/uploads\\\/sites\\\/2\\\/2022\\\/05\\\/cronica-barcelona-celta-vigo-1.jpeg\",\"contentUrl\":\"https:\\\/\\\/www.fcbarcelonanoticias.com\\\/en\\\/wp-content\\\/uploads\\\/sites\\\/2\\\/2022\\\/05\\\/cronica-barcelona-celta-vigo-1.jpeg\",\"width\":1200,\"height\":675},{\"@type\":\"BreadcrumbList\",\"@id\":\"https:\\\/\\\/www.fcbarcelonanoticias.com\\\/en\\\/laliga\\\/the-barca-grave-to-a-brave-celtic-3-1-to-strengthen-in-the-second-square_280171_102.html#breadcrumb\",\"itemListElement\":[{\"@type\":\"ListItem\",\"position\":1,\"name\":\"Portada\",\"item\":\"https:\\\/\\\/www.fcbarcelonanoticias.com\\\/en\\\/\"},{\"@type\":\"ListItem\",\"position\":2,\"name\":\"Bar\u00e7a &#8216;tomb&#8217; a daring Celta (3-1) to establish themselves in second place\"}]},{\"@type\":\"WebSite\",\"@id\":\"https:\\\/\\\/www.fcbarcelonanoticias.com\\\/en\\\/#website\",\"url\":\"https:\\\/\\\/www.fcbarcelonanoticias.com\\\/en\\\/\",\"name\":\"EN - FC Barcelona Noticias\",\"description\":\"\",\"potentialAction\":[{\"@type\":\"SearchAction\",\"target\":{\"@type\":\"EntryPoint\",\"urlTemplate\":\"https:\\\/\\\/www.fcbarcelonanoticias.com\\\/en\\\/?s={search_term_string}\"},\"query-input\":{\"@type\":\"PropertyValueSpecification\",\"valueRequired\":true,\"valueName\":\"search_term_string\"}}],\"inLanguage\":\"en-US\"},{\"@type\":\"Person\",\"@id\":\"https:\\\/\\\/www.fcbarcelonanoticias.com\\\/en\\\/#\\\/schema\\\/person\\\/3b408513ee236e64c3043ec901f019ee\",\"name\":\"Paola Guevara\",\"image\":{\"@type\":\"ImageObject\",\"inLanguage\":\"en-US\",\"@id\":\"https:\\\/\\\/secure.gravatar.com\\\/avatar\\\/?s=96&d=mm&r=g\",\"url\":\"https:\\\/\\\/secure.gravatar.com\\\/avatar\\\/?s=96&d=mm&r=g\",\"contentUrl\":\"https:\\\/\\\/secure.gravatar.com\\\/avatar\\\/?s=96&d=mm&r=g\",\"caption\":\"Paola Guevara\"},\"url\":\"https:\\\/\\\/www.fcbarcelonanoticias.com\\\/en\\\/fc-barcelona\\\/paola-guevara_9_115.html\"}]}<\/script>\n<!-- \/ Yoast SEO plugin. -->","yoast_head_json":{"title":"The Bar\u00e7a 'grave' to a brave Celtic (3-1) to strengthen in the second square","description":"The FC Barcelona has achieved a key triumph in the visit of the Celtic of Vigo to the Camp Nou, thanks to a doublet of Pierre-Emerick Aubameyang and one of Memphis Depay. Ronald Ara\u00fajo gave the fright to the cul\u00e9s","robots":{"index":"index","follow":"follow","max-snippet":"max-snippet:-1","max-image-preview":"max-image-preview:large","max-video-preview":"max-video-preview:-1"},"canonical":"https:\/\/www.fcbarcelonanoticias.com\/en\/laliga\/the-barca-grave-to-a-brave-celtic-3-1-to-strengthen-in-the-second-square_280171_102.html","og_locale":"en_US","og_type":"article","og_title":"The Bar\u00e7a 'grave' to a brave Celtic (3-1) to strengthen in the second square","og_description":"The FC Barcelona has achieved a key triumph in the visit of the Celtic of Vigo to the Camp Nou, thanks to a doublet of Pierre-Emerick Aubameyang and one of Memphis Depay. Ronald Ara\u00fajo gave the fright to the cul\u00e9s","og_url":"https:\/\/www.fcbarcelonanoticias.com\/en\/laliga\/the-barca-grave-to-a-brave-celtic-3-1-to-strengthen-in-the-second-square_280171_102.html","og_site_name":"EN - FC Barcelona Noticias","article_published_time":"2022-05-10T21:33:00+00:00","article_modified_time":"2022-05-11T08:29:00+00:00","og_image":[{"width":1200,"height":675,"url":"https:\/\/www.fcbarcelonanoticias.com\/en\/wp-content\/uploads\/sites\/2\/2022\/05\/cronica-barcelona-celta-vigo-1.jpeg","type":"image\/jpeg"}],"author":"Paola Guevara","twitter_card":"summary_large_image","twitter_misc":{"Written by":"Paola Guevara","Est. reading time":"4 minutes"},"schema":{"@context":"https:\/\/schema.org","@graph":[{"@type":"Article","@id":"https:\/\/www.fcbarcelonanoticias.com\/en\/laliga\/the-barca-grave-to-a-brave-celtic-3-1-to-strengthen-in-the-second-square_280171_102.html#article","isPartOf":{"@id":"https:\/\/www.fcbarcelonanoticias.com\/en\/laliga\/the-barca-grave-to-a-brave-celtic-3-1-to-strengthen-in-the-second-square_280171_102.html"},"author":{"name":"Paola Guevara","@id":"https:\/\/www.fcbarcelonanoticias.com\/en\/#\/schema\/person\/3b408513ee236e64c3043ec901f019ee"},"headline":"Bar\u00e7a &#8216;tomb&#8217; a daring Celta (3-1) to establish themselves in second place","datePublished":"2022-05-10T21:33:00+00:00","dateModified":"2022-05-11T08:29:00+00:00","mainEntityOfPage":{"@id":"https:\/\/www.fcbarcelonanoticias.com\/en\/laliga\/the-barca-grave-to-a-brave-celtic-3-1-to-strengthen-in-the-second-square_280171_102.html"},"wordCount":823,"image":{"@id":"https:\/\/www.fcbarcelonanoticias.com\/en\/laliga\/the-barca-grave-to-a-brave-celtic-3-1-to-strengthen-in-the-second-square_280171_102.html#primaryimage"},"thumbnailUrl":"https:\/\/www.fcbarcelonanoticias.com\/en\/wp-content\/uploads\/sites\/2\/2022\/05\/cronica-barcelona-celta-vigo-1.jpeg","keywords":["Celtic of Vigo","FC Barcelona Results"],"articleSection":["LaLiga","LaLiga"],"inLanguage":"en-US"},{"@type":"WebPage","@id":"https:\/\/www.fcbarcelonanoticias.com\/en\/laliga\/the-barca-grave-to-a-brave-celtic-3-1-to-strengthen-in-the-second-square_280171_102.html","url":"https:\/\/www.fcbarcelonanoticias.com\/en\/laliga\/the-barca-grave-to-a-brave-celtic-3-1-to-strengthen-in-the-second-square_280171_102.html","name":"The Bar\u00e7a 'grave' to a brave Celtic (3-1) to strengthen in the second square","isPartOf":{"@id":"https:\/\/www.fcbarcelonanoticias.com\/en\/#website"},"primaryImageOfPage":{"@id":"https:\/\/www.fcbarcelonanoticias.com\/en\/laliga\/the-barca-grave-to-a-brave-celtic-3-1-to-strengthen-in-the-second-square_280171_102.html#primaryimage"},"image":{"@id":"https:\/\/www.fcbarcelonanoticias.com\/en\/laliga\/the-barca-grave-to-a-brave-celtic-3-1-to-strengthen-in-the-second-square_280171_102.html#primaryimage"},"thumbnailUrl":"https:\/\/www.fcbarcelonanoticias.com\/en\/wp-content\/uploads\/sites\/2\/2022\/05\/cronica-barcelona-celta-vigo-1.jpeg","datePublished":"2022-05-10T21:33:00+00:00","dateModified":"2022-05-11T08:29:00+00:00","author":{"@id":"https:\/\/www.fcbarcelonanoticias.com\/en\/#\/schema\/person\/3b408513ee236e64c3043ec901f019ee"},"description":"The FC Barcelona has achieved a key triumph in the visit of the Celtic of Vigo to the Camp Nou, thanks to a doublet of Pierre-Emerick Aubameyang and one of Memphis Depay. Ronald Ara\u00fajo gave the fright to the cul\u00e9s","breadcrumb":{"@id":"https:\/\/www.fcbarcelonanoticias.com\/en\/laliga\/the-barca-grave-to-a-brave-celtic-3-1-to-strengthen-in-the-second-square_280171_102.html#breadcrumb"},"inLanguage":"en-US","potentialAction":[{"@type":"ReadAction","target":["https:\/\/www.fcbarcelonanoticias.com\/en\/laliga\/the-barca-grave-to-a-brave-celtic-3-1-to-strengthen-in-the-second-square_280171_102.html"]}]},{"@type":"ImageObject","inLanguage":"en-US","@id":"https:\/\/www.fcbarcelonanoticias.com\/en\/laliga\/the-barca-grave-to-a-brave-celtic-3-1-to-strengthen-in-the-second-square_280171_102.html#primaryimage","url":"https:\/\/www.fcbarcelonanoticias.com\/en\/wp-content\/uploads\/sites\/2\/2022\/05\/cronica-barcelona-celta-vigo-1.jpeg","contentUrl":"https:\/\/www.fcbarcelonanoticias.com\/en\/wp-content\/uploads\/sites\/2\/2022\/05\/cronica-barcelona-celta-vigo-1.jpeg","width":1200,"height":675},{"@type":"BreadcrumbList","@id":"https:\/\/www.fcbarcelonanoticias.com\/en\/laliga\/the-barca-grave-to-a-brave-celtic-3-1-to-strengthen-in-the-second-square_280171_102.html#breadcrumb","itemListElement":[{"@type":"ListItem","position":1,"name":"Portada","item":"https:\/\/www.fcbarcelonanoticias.com\/en\/"},{"@type":"ListItem","position":2,"name":"Bar\u00e7a &#8216;tomb&#8217; a daring Celta (3-1) to establish themselves in second place"}]},{"@type":"WebSite","@id":"https:\/\/www.fcbarcelonanoticias.com\/en\/#website","url":"https:\/\/www.fcbarcelonanoticias.com\/en\/","name":"EN - FC Barcelona Noticias","description":"","potentialAction":[{"@type":"SearchAction","target":{"@type":"EntryPoint","urlTemplate":"https:\/\/www.fcbarcelonanoticias.com\/en\/?s={search_term_string}"},"query-input":{"@type":"PropertyValueSpecification","valueRequired":true,"valueName":"search_term_string"}}],"inLanguage":"en-US"},{"@type":"Person","@id":"https:\/\/www.fcbarcelonanoticias.com\/en\/#\/schema\/person\/3b408513ee236e64c3043ec901f019ee","name":"Paola Guevara","image":{"@type":"ImageObject","inLanguage":"en-US","@id":"https:\/\/secure.gravatar.com\/avatar\/?s=96&d=mm&r=g","url":"https:\/\/secure.gravatar.com\/avatar\/?s=96&d=mm&r=g","contentUrl":"https:\/\/secure.gravatar.com\/avatar\/?s=96&d=mm&r=g","caption":"Paola Guevara"},"url":"https:\/\/www.fcbarcelonanoticias.com\/en\/fc-barcelona\/paola-guevara_9_115.html"}]}},"_links":{"self":[{"href":"https:\/\/www.fcbarcelonanoticias.com\/en\/wp-json\/wp\/v2\/posts\/62522","targetHints":{"allow":["GET"]}}],"collection":[{"href":"https:\/\/www.fcbarcelonanoticias.com\/en\/wp-json\/wp\/v2\/posts"}],"about":[{"href":"https:\/\/www.fcbarcelonanoticias.com\/en\/wp-json\/wp\/v2\/types\/post"}],"author":[{"embeddable":true,"href":"https:\/\/www.fcbarcelonanoticias.com\/en\/wp-json\/wp\/v2\/users\/352"}],"replies":[{"embeddable":true,"href":"https:\/\/www.fcbarcelonanoticias.com\/en\/wp-json\/wp\/v2\/comments?post=62522"}],"version-history":[{"count":4,"href":"https:\/\/www.fcbarcelonanoticias.com\/en\/wp-json\/wp\/v2\/posts\/62522\/revisions"}],"predecessor-version":[{"id":62525,"href":"https:\/\/www.fcbarcelonanoticias.com\/en\/wp-json\/wp\/v2\/posts\/62522\/revisions\/62525"}],"wp:featuredmedia":[{"embeddable":true,"href":"https:\/\/www.fcbarcelonanoticias.com\/en\/wp-json\/wp\/v2\/media\/62529"}],"wp:attachment":[{"href":"https:\/\/www.fcbarcelonanoticias.com\/en\/wp-json\/wp\/v2\/media?parent=62522"}],"wp:term":[{"taxonomy":"category","embeddable":true,"href":"https:\/\/www.fcbarcelonanoticias.com\/en\/wp-json\/wp\/v2\/categories?post=62522"},{"taxonomy":"post_tag","embeddable":true,"href":"https:\/\/www.fcbarcelonanoticias.com\/en\/wp-json\/wp\/v2\/tags?post=62522"}],"curies":[{"name":"wp","href":"https:\/\/api.w.org\/{rel}","templated":true}]}}