{"id":62526,"date":"2024-10-16T19:20:00","date_gmt":"2024-10-16T17:20:00","guid":{"rendered":"https:\/\/weisetech.dev\/fc-barcelona-noticias\/en\/vitor-roque-does-less-barcelona-ensures-he-is-happy-seville_307961_102\/"},"modified":"2024-10-17T02:20:00","modified_gmt":"2024-10-17T00:20:00","slug":"vitor-roque-does-less-barcelona-ensures-he-is-happy-seville_307961_102","status":"publish","type":"post","link":"https:\/\/www.fcbarcelonanoticias.com\/en\/laliga\/vitor-roque-does-less-barcelona-ensures-he-is-happy-seville_307961_102.html","title":{"rendered":"Vitor Roque does less to Barcelona and claims to be happy in Seville"},"content":{"rendered":"<h2 class=\"wp-block-heading\">Vitor Roque spoke with &#8216;ABC Sevilla&#8217; about his departure from FC Barcelona and subsequent arrival at Betis. For &#8216;Tigrinho&#8217;, the objective is to stay in the &#8216;green and white&#8217; team for a long time<\/h2>  \r\n<div class=\"article-addons\">\r\n    <a href=\"https:\/\/www.fcbarcelonanoticias.com\/en\/calendar-fc-barcelona.html\"\r\n       target=\"_self\"\r\n       title=\"Calendar of FC Barcelona\"\r\n       class=\"blue-gredient-btn\">\r\n       \r\n        Calendar of FC Barcelona    <\/a>\r\n<\/div>   <p>Vitor Roque has managed to regain confidence in Real Betis after a difficult semester at FC Barcelona.<strong> The 19-year-old forward has only scored 1 goal in his first 7 games<\/strong> with the &#8216;green and white&#8217; team, but he has been adding more and more minutes under the orders of Manuel Pellegrini. In a talk with &#8216;ABC Sevilla&#8217;, &#8216;Tigrinho&#8217; did less to Bar\u00e7a, making it clear how difficult his time in Catalonia was.<\/p>  <p><strong>&#8220;Here I am very happy. My family, who has gone through difficult times, now also smiles with me,&#8221;<\/strong> Tim\u00f3teo&#8217;s began by saying. The Brazilian arrived in January from Athl\u00e9tico Paranaense, but failed to earn a place with Xavi Hern\u00e1ndez on the bench and, during the preseason, he also failed to convince Hansi Flick to keep him on the team. Finally, Pau V\u00edctor ended up winning the position and his loan to Betis for two seasons was closed the last week of August.<\/p>  <h3>Vitor Roque, willing to stay at Betis for a long time<\/h3>  <p>In that sense, he added: <strong>&#8220;I was six or seven months in which I did not smile and I had difficult moments there, but that is now over. <\/strong>I am here and happy. That is the most important thing,&#8221; Roque explained. Bar\u00e7a included a purchase option for 25 million euros at the end of 2024\/25, a figure that will increase to 27.5 kilos at the end of 2025\/26. Sporting Clube de Portugal also wanted the Brazilian and was willing to pay \u20ac30M net immediately, but finally &#8216;Tigrinho&#8217; prioritized staying in LaLiga.<\/p>  <p>In this regard, Vitor made it clear that, in principle, his goal is to stay at Betis for a long time, although he is clear that the final decision will be in the hands of the club. <strong>&#8220;The truth is that it doesn&#8217;t depend on me. I want to play here at Betis. I would like it very much.<\/strong> I have talked to my parents about it. Life is good here and I would love to play more here,&#8221; said Tim\u00f3teo&#8217;s man in his talk. with &#8216;ABC Sevilla&#8217;. For the forward, the season, for now, is summarized in 7 games (367 minutes), 4 of them as a starter, with a single goal scored against Legan\u00e9s. On Saturday, Roque hopes to be in the XI against Osasuna in Pamplona.<\/p> ","protected":false},"excerpt":{"rendered":"<p>Vitor Roque spoke with &#8216;ABC Sevilla&#8217; about his departure from FC Barcelona and subsequent arrival at Betis. For &#8216;Tigrinho&#8217;, the objective is to stay in the &#8216;green and white&#8217; team for a long time Vitor Roque has managed to regain confidence in Real Betis after a difficult semester at FC Barcelona. The 19-year-old forward has [&hellip;]<\/p>\n","protected":false},"author":347,"featured_media":51894,"comment_status":"closed","ping_status":"open","sticky":false,"template":"","format":"standard","meta":{"_acf_changed":false,"inline_featured_image":false,"_nextfly_llmd_date_locked":false,"footnotes":""},"categories":[448,114],"tags":[63,327],"class_list":["post-62526","post","type-post","status-publish","format-standard","has-post-thumbnail","hentry","category-laliga-2","category-laliga","tag-real-betis","tag-vitor-roque"],"acf":[],"yoast_head":"<!-- This site is optimized with the Yoast SEO plugin v27.3 - https:\/\/yoast.com\/product\/yoast-seo-wordpress\/ -->\n<title>Vitor Roque does less to Barcelona and claims to be happy in Seville<\/title>\n<meta name=\"description\" content=\"Vitor Roque spoke with &#039;ABC Sevilla&#039; about his departure from FC Barcelona and subsequent arrival at Betis. For &#039;Tigrinho&#039;, the objective is to stay in the &#039;green and white&#039; team for a long time\" \/>\n<meta name=\"robots\" content=\"index, follow, max-snippet:-1, max-image-preview:large, max-video-preview:-1\" \/>\n<link rel=\"canonical\" href=\"https:\/\/www.fcbarcelonanoticias.com\/en\/laliga\/vitor-roque-does-less-barcelona-ensures-he-is-happy-seville_307961_102.html\" \/>\n<meta property=\"og:locale\" content=\"en_US\" \/>\n<meta property=\"og:type\" content=\"article\" \/>\n<meta property=\"og:title\" content=\"Vitor Roque does less to Barcelona and claims to be happy in Seville\" \/>\n<meta property=\"og:description\" content=\"Vitor Roque spoke with &#039;ABC Sevilla&#039; about his departure from FC Barcelona and subsequent arrival at Betis. For &#039;Tigrinho&#039;, the objective is to stay in the &#039;green and white&#039; team for a long time\" \/>\n<meta property=\"og:url\" content=\"https:\/\/www.fcbarcelonanoticias.com\/en\/laliga\/vitor-roque-does-less-barcelona-ensures-he-is-happy-seville_307961_102.html\" \/>\n<meta property=\"og:site_name\" content=\"EN - FC Barcelona Noticias\" \/>\n<meta property=\"article:published_time\" content=\"2024-10-16T17:20:00+00:00\" \/>\n<meta property=\"article:modified_time\" content=\"2024-10-17T00:20:00+00:00\" \/>\n<meta property=\"og:image\" content=\"https:\/\/www.fcbarcelonanoticias.com\/en\/wp-content\/uploads\/sites\/2\/2024\/09\/vitor-roque-real-betis.jpeg\" \/>\n\t<meta property=\"og:image:width\" content=\"1250\" \/>\n\t<meta property=\"og:image:height\" content=\"730\" \/>\n\t<meta property=\"og:image:type\" content=\"image\/jpeg\" \/>\n<meta name=\"author\" content=\"Andr\u00e9s Quiroz\" \/>\n<meta name=\"twitter:card\" content=\"summary_large_image\" \/>\n<meta name=\"twitter:label1\" content=\"Written by\" \/>\n\t<meta name=\"twitter:data1\" content=\"Andr\u00e9s Quiroz\" \/>\n\t<meta name=\"twitter:label2\" content=\"Est. reading time\" \/>\n\t<meta name=\"twitter:data2\" content=\"2 minutes\" \/>\n<script type=\"application\/ld+json\" class=\"yoast-schema-graph\">{\"@context\":\"https:\\\/\\\/schema.org\",\"@graph\":[{\"@type\":\"Article\",\"@id\":\"https:\\\/\\\/www.fcbarcelonanoticias.com\\\/en\\\/laliga\\\/vitor-roque-does-less-barcelona-ensures-he-is-happy-seville_307961_102.html#article\",\"isPartOf\":{\"@id\":\"https:\\\/\\\/www.fcbarcelonanoticias.com\\\/en\\\/laliga\\\/vitor-roque-does-less-barcelona-ensures-he-is-happy-seville_307961_102.html\"},\"author\":{\"name\":\"Andr\u00e9s Quiroz\",\"@id\":\"https:\\\/\\\/www.fcbarcelonanoticias.com\\\/en\\\/#\\\/schema\\\/person\\\/c2cd9f6fa1af5c0d0eccd0fefa575c88\"},\"headline\":\"Vitor Roque does less to Barcelona and claims to be happy in Seville\",\"datePublished\":\"2024-10-16T17:20:00+00:00\",\"dateModified\":\"2024-10-17T00:20:00+00:00\",\"mainEntityOfPage\":{\"@id\":\"https:\\\/\\\/www.fcbarcelonanoticias.com\\\/en\\\/laliga\\\/vitor-roque-does-less-barcelona-ensures-he-is-happy-seville_307961_102.html\"},\"wordCount\":433,\"image\":{\"@id\":\"https:\\\/\\\/www.fcbarcelonanoticias.com\\\/en\\\/laliga\\\/vitor-roque-does-less-barcelona-ensures-he-is-happy-seville_307961_102.html#primaryimage\"},\"thumbnailUrl\":\"https:\\\/\\\/www.fcbarcelonanoticias.com\\\/en\\\/wp-content\\\/uploads\\\/sites\\\/2\\\/2024\\\/09\\\/vitor-roque-real-betis.jpeg\",\"keywords\":[\"Real Betis\",\"Vitor Roque\"],\"articleSection\":[\"LaLiga\",\"LaLiga\"],\"inLanguage\":\"en-US\"},{\"@type\":\"WebPage\",\"@id\":\"https:\\\/\\\/www.fcbarcelonanoticias.com\\\/en\\\/laliga\\\/vitor-roque-does-less-barcelona-ensures-he-is-happy-seville_307961_102.html\",\"url\":\"https:\\\/\\\/www.fcbarcelonanoticias.com\\\/en\\\/laliga\\\/vitor-roque-does-less-barcelona-ensures-he-is-happy-seville_307961_102.html\",\"name\":\"Vitor Roque does less to Barcelona and claims to be happy in Seville\",\"isPartOf\":{\"@id\":\"https:\\\/\\\/www.fcbarcelonanoticias.com\\\/en\\\/#website\"},\"primaryImageOfPage\":{\"@id\":\"https:\\\/\\\/www.fcbarcelonanoticias.com\\\/en\\\/laliga\\\/vitor-roque-does-less-barcelona-ensures-he-is-happy-seville_307961_102.html#primaryimage\"},\"image\":{\"@id\":\"https:\\\/\\\/www.fcbarcelonanoticias.com\\\/en\\\/laliga\\\/vitor-roque-does-less-barcelona-ensures-he-is-happy-seville_307961_102.html#primaryimage\"},\"thumbnailUrl\":\"https:\\\/\\\/www.fcbarcelonanoticias.com\\\/en\\\/wp-content\\\/uploads\\\/sites\\\/2\\\/2024\\\/09\\\/vitor-roque-real-betis.jpeg\",\"datePublished\":\"2024-10-16T17:20:00+00:00\",\"dateModified\":\"2024-10-17T00:20:00+00:00\",\"author\":{\"@id\":\"https:\\\/\\\/www.fcbarcelonanoticias.com\\\/en\\\/#\\\/schema\\\/person\\\/c2cd9f6fa1af5c0d0eccd0fefa575c88\"},\"description\":\"Vitor Roque spoke with 'ABC Sevilla' about his departure from FC Barcelona and subsequent arrival at Betis. For 'Tigrinho', the objective is to stay in the 'green and white' team for a long time\",\"breadcrumb\":{\"@id\":\"https:\\\/\\\/www.fcbarcelonanoticias.com\\\/en\\\/laliga\\\/vitor-roque-does-less-barcelona-ensures-he-is-happy-seville_307961_102.html#breadcrumb\"},\"inLanguage\":\"en-US\",\"potentialAction\":[{\"@type\":\"ReadAction\",\"target\":[\"https:\\\/\\\/www.fcbarcelonanoticias.com\\\/en\\\/laliga\\\/vitor-roque-does-less-barcelona-ensures-he-is-happy-seville_307961_102.html\"]}]},{\"@type\":\"ImageObject\",\"inLanguage\":\"en-US\",\"@id\":\"https:\\\/\\\/www.fcbarcelonanoticias.com\\\/en\\\/laliga\\\/vitor-roque-does-less-barcelona-ensures-he-is-happy-seville_307961_102.html#primaryimage\",\"url\":\"https:\\\/\\\/www.fcbarcelonanoticias.com\\\/en\\\/wp-content\\\/uploads\\\/sites\\\/2\\\/2024\\\/09\\\/vitor-roque-real-betis.jpeg\",\"contentUrl\":\"https:\\\/\\\/www.fcbarcelonanoticias.com\\\/en\\\/wp-content\\\/uploads\\\/sites\\\/2\\\/2024\\\/09\\\/vitor-roque-real-betis.jpeg\",\"width\":1250,\"height\":730},{\"@type\":\"BreadcrumbList\",\"@id\":\"https:\\\/\\\/www.fcbarcelonanoticias.com\\\/en\\\/laliga\\\/vitor-roque-does-less-barcelona-ensures-he-is-happy-seville_307961_102.html#breadcrumb\",\"itemListElement\":[{\"@type\":\"ListItem\",\"position\":1,\"name\":\"Portada\",\"item\":\"https:\\\/\\\/www.fcbarcelonanoticias.com\\\/en\\\/\"},{\"@type\":\"ListItem\",\"position\":2,\"name\":\"Vitor Roque does less to Barcelona and claims to be happy in Seville\"}]},{\"@type\":\"WebSite\",\"@id\":\"https:\\\/\\\/www.fcbarcelonanoticias.com\\\/en\\\/#website\",\"url\":\"https:\\\/\\\/www.fcbarcelonanoticias.com\\\/en\\\/\",\"name\":\"EN - FC Barcelona Noticias\",\"description\":\"\",\"potentialAction\":[{\"@type\":\"SearchAction\",\"target\":{\"@type\":\"EntryPoint\",\"urlTemplate\":\"https:\\\/\\\/www.fcbarcelonanoticias.com\\\/en\\\/?s={search_term_string}\"},\"query-input\":{\"@type\":\"PropertyValueSpecification\",\"valueRequired\":true,\"valueName\":\"search_term_string\"}}],\"inLanguage\":\"en-US\"},{\"@type\":\"Person\",\"@id\":\"https:\\\/\\\/www.fcbarcelonanoticias.com\\\/en\\\/#\\\/schema\\\/person\\\/c2cd9f6fa1af5c0d0eccd0fefa575c88\",\"name\":\"Andr\u00e9s Quiroz\",\"image\":{\"@type\":\"ImageObject\",\"inLanguage\":\"en-US\",\"@id\":\"https:\\\/\\\/secure.gravatar.com\\\/avatar\\\/?s=96&d=mm&r=g\",\"url\":\"https:\\\/\\\/secure.gravatar.com\\\/avatar\\\/?s=96&d=mm&r=g\",\"contentUrl\":\"https:\\\/\\\/secure.gravatar.com\\\/avatar\\\/?s=96&d=mm&r=g\",\"caption\":\"Andr\u00e9s Quiroz\"},\"description\":\"Licenciado en Periodismo por la Universidad de los Andes. Me encargo de analizar y compartir los contenidos m\u00e1s destacados de la\u00a0actualidad del F\u00fatbol Club Barcelona, Mercado de Fichajes y F\u00fatbol Internacional en FCBN. La informaci\u00f3n es poder, pero tambi\u00e9n conocimiento.\",\"url\":\"https:\\\/\\\/www.fcbarcelonanoticias.com\\\/en\\\/fc-barcelona\\\/andres-quiroz_17_115.html\"}]}<\/script>\n<!-- \/ Yoast SEO plugin. -->","yoast_head_json":{"title":"Vitor Roque does less to Barcelona and claims to be happy in Seville","description":"Vitor Roque spoke with 'ABC Sevilla' about his departure from FC Barcelona and subsequent arrival at Betis. For 'Tigrinho', the objective is to stay in the 'green and white' team for a long time","robots":{"index":"index","follow":"follow","max-snippet":"max-snippet:-1","max-image-preview":"max-image-preview:large","max-video-preview":"max-video-preview:-1"},"canonical":"https:\/\/www.fcbarcelonanoticias.com\/en\/laliga\/vitor-roque-does-less-barcelona-ensures-he-is-happy-seville_307961_102.html","og_locale":"en_US","og_type":"article","og_title":"Vitor Roque does less to Barcelona and claims to be happy in Seville","og_description":"Vitor Roque spoke with 'ABC Sevilla' about his departure from FC Barcelona and subsequent arrival at Betis. For 'Tigrinho', the objective is to stay in the 'green and white' team for a long time","og_url":"https:\/\/www.fcbarcelonanoticias.com\/en\/laliga\/vitor-roque-does-less-barcelona-ensures-he-is-happy-seville_307961_102.html","og_site_name":"EN - FC Barcelona Noticias","article_published_time":"2024-10-16T17:20:00+00:00","article_modified_time":"2024-10-17T00:20:00+00:00","og_image":[{"width":1250,"height":730,"url":"https:\/\/www.fcbarcelonanoticias.com\/en\/wp-content\/uploads\/sites\/2\/2024\/09\/vitor-roque-real-betis.jpeg","type":"image\/jpeg"}],"author":"Andr\u00e9s Quiroz","twitter_card":"summary_large_image","twitter_misc":{"Written by":"Andr\u00e9s Quiroz","Est. reading time":"2 minutes"},"schema":{"@context":"https:\/\/schema.org","@graph":[{"@type":"Article","@id":"https:\/\/www.fcbarcelonanoticias.com\/en\/laliga\/vitor-roque-does-less-barcelona-ensures-he-is-happy-seville_307961_102.html#article","isPartOf":{"@id":"https:\/\/www.fcbarcelonanoticias.com\/en\/laliga\/vitor-roque-does-less-barcelona-ensures-he-is-happy-seville_307961_102.html"},"author":{"name":"Andr\u00e9s Quiroz","@id":"https:\/\/www.fcbarcelonanoticias.com\/en\/#\/schema\/person\/c2cd9f6fa1af5c0d0eccd0fefa575c88"},"headline":"Vitor Roque does less to Barcelona and claims to be happy in Seville","datePublished":"2024-10-16T17:20:00+00:00","dateModified":"2024-10-17T00:20:00+00:00","mainEntityOfPage":{"@id":"https:\/\/www.fcbarcelonanoticias.com\/en\/laliga\/vitor-roque-does-less-barcelona-ensures-he-is-happy-seville_307961_102.html"},"wordCount":433,"image":{"@id":"https:\/\/www.fcbarcelonanoticias.com\/en\/laliga\/vitor-roque-does-less-barcelona-ensures-he-is-happy-seville_307961_102.html#primaryimage"},"thumbnailUrl":"https:\/\/www.fcbarcelonanoticias.com\/en\/wp-content\/uploads\/sites\/2\/2024\/09\/vitor-roque-real-betis.jpeg","keywords":["Real Betis","Vitor Roque"],"articleSection":["LaLiga","LaLiga"],"inLanguage":"en-US"},{"@type":"WebPage","@id":"https:\/\/www.fcbarcelonanoticias.com\/en\/laliga\/vitor-roque-does-less-barcelona-ensures-he-is-happy-seville_307961_102.html","url":"https:\/\/www.fcbarcelonanoticias.com\/en\/laliga\/vitor-roque-does-less-barcelona-ensures-he-is-happy-seville_307961_102.html","name":"Vitor Roque does less to Barcelona and claims to be happy in Seville","isPartOf":{"@id":"https:\/\/www.fcbarcelonanoticias.com\/en\/#website"},"primaryImageOfPage":{"@id":"https:\/\/www.fcbarcelonanoticias.com\/en\/laliga\/vitor-roque-does-less-barcelona-ensures-he-is-happy-seville_307961_102.html#primaryimage"},"image":{"@id":"https:\/\/www.fcbarcelonanoticias.com\/en\/laliga\/vitor-roque-does-less-barcelona-ensures-he-is-happy-seville_307961_102.html#primaryimage"},"thumbnailUrl":"https:\/\/www.fcbarcelonanoticias.com\/en\/wp-content\/uploads\/sites\/2\/2024\/09\/vitor-roque-real-betis.jpeg","datePublished":"2024-10-16T17:20:00+00:00","dateModified":"2024-10-17T00:20:00+00:00","author":{"@id":"https:\/\/www.fcbarcelonanoticias.com\/en\/#\/schema\/person\/c2cd9f6fa1af5c0d0eccd0fefa575c88"},"description":"Vitor Roque spoke with 'ABC Sevilla' about his departure from FC Barcelona and subsequent arrival at Betis. For 'Tigrinho', the objective is to stay in the 'green and white' team for a long time","breadcrumb":{"@id":"https:\/\/www.fcbarcelonanoticias.com\/en\/laliga\/vitor-roque-does-less-barcelona-ensures-he-is-happy-seville_307961_102.html#breadcrumb"},"inLanguage":"en-US","potentialAction":[{"@type":"ReadAction","target":["https:\/\/www.fcbarcelonanoticias.com\/en\/laliga\/vitor-roque-does-less-barcelona-ensures-he-is-happy-seville_307961_102.html"]}]},{"@type":"ImageObject","inLanguage":"en-US","@id":"https:\/\/www.fcbarcelonanoticias.com\/en\/laliga\/vitor-roque-does-less-barcelona-ensures-he-is-happy-seville_307961_102.html#primaryimage","url":"https:\/\/www.fcbarcelonanoticias.com\/en\/wp-content\/uploads\/sites\/2\/2024\/09\/vitor-roque-real-betis.jpeg","contentUrl":"https:\/\/www.fcbarcelonanoticias.com\/en\/wp-content\/uploads\/sites\/2\/2024\/09\/vitor-roque-real-betis.jpeg","width":1250,"height":730},{"@type":"BreadcrumbList","@id":"https:\/\/www.fcbarcelonanoticias.com\/en\/laliga\/vitor-roque-does-less-barcelona-ensures-he-is-happy-seville_307961_102.html#breadcrumb","itemListElement":[{"@type":"ListItem","position":1,"name":"Portada","item":"https:\/\/www.fcbarcelonanoticias.com\/en\/"},{"@type":"ListItem","position":2,"name":"Vitor Roque does less to Barcelona and claims to be happy in Seville"}]},{"@type":"WebSite","@id":"https:\/\/www.fcbarcelonanoticias.com\/en\/#website","url":"https:\/\/www.fcbarcelonanoticias.com\/en\/","name":"EN - FC Barcelona Noticias","description":"","potentialAction":[{"@type":"SearchAction","target":{"@type":"EntryPoint","urlTemplate":"https:\/\/www.fcbarcelonanoticias.com\/en\/?s={search_term_string}"},"query-input":{"@type":"PropertyValueSpecification","valueRequired":true,"valueName":"search_term_string"}}],"inLanguage":"en-US"},{"@type":"Person","@id":"https:\/\/www.fcbarcelonanoticias.com\/en\/#\/schema\/person\/c2cd9f6fa1af5c0d0eccd0fefa575c88","name":"Andr\u00e9s Quiroz","image":{"@type":"ImageObject","inLanguage":"en-US","@id":"https:\/\/secure.gravatar.com\/avatar\/?s=96&d=mm&r=g","url":"https:\/\/secure.gravatar.com\/avatar\/?s=96&d=mm&r=g","contentUrl":"https:\/\/secure.gravatar.com\/avatar\/?s=96&d=mm&r=g","caption":"Andr\u00e9s Quiroz"},"description":"Licenciado en Periodismo por la Universidad de los Andes. Me encargo de analizar y compartir los contenidos m\u00e1s destacados de la\u00a0actualidad del F\u00fatbol Club Barcelona, Mercado de Fichajes y F\u00fatbol Internacional en FCBN. La informaci\u00f3n es poder, pero tambi\u00e9n conocimiento.","url":"https:\/\/www.fcbarcelonanoticias.com\/en\/fc-barcelona\/andres-quiroz_17_115.html"}]}},"_links":{"self":[{"href":"https:\/\/www.fcbarcelonanoticias.com\/en\/wp-json\/wp\/v2\/posts\/62526","targetHints":{"allow":["GET"]}}],"collection":[{"href":"https:\/\/www.fcbarcelonanoticias.com\/en\/wp-json\/wp\/v2\/posts"}],"about":[{"href":"https:\/\/www.fcbarcelonanoticias.com\/en\/wp-json\/wp\/v2\/types\/post"}],"author":[{"embeddable":true,"href":"https:\/\/www.fcbarcelonanoticias.com\/en\/wp-json\/wp\/v2\/users\/347"}],"replies":[{"embeddable":true,"href":"https:\/\/www.fcbarcelonanoticias.com\/en\/wp-json\/wp\/v2\/comments?post=62526"}],"version-history":[{"count":1,"href":"https:\/\/www.fcbarcelonanoticias.com\/en\/wp-json\/wp\/v2\/posts\/62526\/revisions"}],"predecessor-version":[{"id":116975,"href":"https:\/\/www.fcbarcelonanoticias.com\/en\/wp-json\/wp\/v2\/posts\/62526\/revisions\/116975"}],"wp:featuredmedia":[{"embeddable":true,"href":"https:\/\/www.fcbarcelonanoticias.com\/en\/wp-json\/wp\/v2\/media\/51894"}],"wp:attachment":[{"href":"https:\/\/www.fcbarcelonanoticias.com\/en\/wp-json\/wp\/v2\/media?parent=62526"}],"wp:term":[{"taxonomy":"category","embeddable":true,"href":"https:\/\/www.fcbarcelonanoticias.com\/en\/wp-json\/wp\/v2\/categories?post=62526"},{"taxonomy":"post_tag","embeddable":true,"href":"https:\/\/www.fcbarcelonanoticias.com\/en\/wp-json\/wp\/v2\/tags?post=62526"}],"curies":[{"name":"wp","href":"https:\/\/api.w.org\/{rel}","templated":true}]}}