{"id":62816,"date":"2024-10-19T19:24:00","date_gmt":"2024-10-19T17:24:00","guid":{"rendered":"https:\/\/weisetech.dev\/fc-barcelona-noticias\/en\/vitor-roque-goal-scare-with-betis-against-osasuna_308024_102\/"},"modified":"2024-10-19T23:32:00","modified_gmt":"2024-10-19T21:32:00","slug":"vitor-roque-goal-scare-with-betis-against-osasuna_308024_102","status":"publish","type":"post","link":"https:\/\/www.fcbarcelonanoticias.com\/en\/laliga\/vitor-roque-goal-scare-with-betis-against-osasuna_308024_102.html","title":{"rendered":"Vitor Roque, goal and scare with Betis against Osasuna"},"content":{"rendered":"<h2 class=\"wp-block-heading\">This Saturday Vitor Roque scored his second goal of the season for Betis against Osasuna (1-2). The Brazilian opened the scoring in the &#8216;7&#8217;, but left with discomfort after the break<\/h2>  \r\n<div class=\"article-addons\">\r\n    <a href=\"https:\/\/www.fcbarcelonanoticias.com\/en\/calendar-fc-barcelona.html\"\r\n       target=\"_self\"\r\n       title=\"Calendar of FC Barcelona\"\r\n       class=\"blue-gredient-btn\">\r\n       \r\n        Calendar of FC Barcelona    <\/a>\r\n<\/div>   <p>Real Betis defeated Osasuna in Pamplona this Saturday (1-2) in a toss-up match for Vitor Roque. <strong>The Brazilian opened the scoring in the 7th minute <\/strong>by pushing Aitor Ruibal&#8217;s low cross into the goal, after passing into Fornals&#8217; space in a good collective action by the &#8216;green and white&#8217; team. However,<strong> after half an hour of the match, he felt a puncture in the back of his left thigh<\/strong> that forced him to seek medical assistance.<\/p>  <blockquote class=\"twitter-tweet\"> <p dir=\"ltr\" lang=\"pt\">Goal OF VITOR ROQUE! \ud83d\udd25\ud83d\udd25\ud83d\udc2f\ud83d\udc2f <a href=\"https:\/\/t.co\/en\/qHgebxVdKl\">pic.twitter.com\/qhgebxvdkl<\/a><\/p> \u2014 ESPN Sports (@ESPNDeportes) <a href=\"https:\/\/twitter.com\/en\/ESPNDeportes\/status\/1847647120494362717?ref_src=twsrc%5Etfw\">October 19, 2024<\/a> <\/blockquote> <p>Manuel Pellegrini sent Ezequiel \u00c1vila to warm up and, when the Argentine striker seemed ready to enter, <strong>&#8216;Tigrinho&#8217; returned to the field with gestures of pain, but was able to complete the first half<\/strong>, while Osasuna besieged the Betic area with several dangerous arrivals. After the break, the Chilean coach put &#8216;Chimy&#8217; in place of the former FC Barcelona attacker, understanding that it was unnecessary to take risks with the &#8216;8&#8217;.<\/p>  <h3>Manuel Pellegrini ruled out an injury to Vitor Roque<\/h3>  <p>For Tim\u00f3teo&#8217;s man, Saturday&#8217;s goal was his second goal of the season after having scored against Legan\u00e9s on matchday 5. In addition, <strong>the 19-year-old forward started for the fourth time so far in 2024\/25 <\/strong>and is winning more and more confidence under Pellegrini&#8217;s orders. In the post-match press conference, the Betis coach was satisfied with the performance of the former Athl\u00e9tico Paranaense and also ruled out a muscle injury.<\/p>  <p><strong>&#8220;Very happy with Vitor, who had opportunities and did not score. Then he felt contractures in both calves and we did not want to risk a tear<\/strong>. He could not continue running. I do not think he has an injury, it is a matter of fatigue,&#8221; explained the Chilean, who He also valued obtaining the three points in a field that is always difficult for all Spanish teams. With the victory, the &#8216;verdiblancos&#8217; momentarily rise to sixth place in the table with 15 points, the same as Osasuna.<\/p> ","protected":false},"excerpt":{"rendered":"<p>This Saturday Vitor Roque scored his second goal of the season for Betis against Osasuna (1-2). The Brazilian opened the scoring in the &#8216;7&#8217;, but left with discomfort after the break Real Betis defeated Osasuna in Pamplona this Saturday (1-2) in a toss-up match for Vitor Roque. The Brazilian opened the scoring in the 7th [&hellip;]<\/p>\n","protected":false},"author":347,"featured_media":62824,"comment_status":"closed","ping_status":"open","sticky":false,"template":"","format":"standard","meta":{"_acf_changed":false,"inline_featured_image":false,"_nextfly_llmd_date_locked":false,"footnotes":""},"categories":[448,114],"tags":[63,172,327],"class_list":["post-62816","post","type-post","status-publish","format-standard","has-post-thumbnail","hentry","category-laliga-2","category-laliga","tag-real-betis","tag-videos","tag-vitor-roque"],"acf":[],"yoast_head":"<!-- This site is optimized with the Yoast SEO plugin v27.3 - https:\/\/yoast.com\/product\/yoast-seo-wordpress\/ -->\n<title>Vitor Roque, goal and scare with Betis against Osasuna<\/title>\n<meta name=\"description\" content=\"This Saturday Vitor Roque scored his second goal of the season for Betis against Osasuna (1-2). The Brazilian opened the scoring in the &#039;7&#039;, but left with discomfort after the break\" \/>\n<meta name=\"robots\" content=\"index, follow, max-snippet:-1, max-image-preview:large, max-video-preview:-1\" \/>\n<link rel=\"canonical\" href=\"https:\/\/www.fcbarcelonanoticias.com\/en\/laliga\/vitor-roque-goal-scare-with-betis-against-osasuna_308024_102.html\" \/>\n<meta property=\"og:locale\" content=\"en_US\" \/>\n<meta property=\"og:type\" content=\"article\" \/>\n<meta property=\"og:title\" content=\"Vitor Roque, goal and scare with Betis against Osasuna\" \/>\n<meta property=\"og:description\" content=\"This Saturday Vitor Roque scored his second goal of the season for Betis against Osasuna (1-2). The Brazilian opened the scoring in the &#039;7&#039;, but left with discomfort after the break\" \/>\n<meta property=\"og:url\" content=\"https:\/\/www.fcbarcelonanoticias.com\/en\/laliga\/vitor-roque-goal-scare-with-betis-against-osasuna_308024_102.html\" \/>\n<meta property=\"og:site_name\" content=\"EN - FC Barcelona Noticias\" \/>\n<meta property=\"article:published_time\" content=\"2024-10-19T17:24:00+00:00\" \/>\n<meta property=\"article:modified_time\" content=\"2024-10-19T21:32:00+00:00\" \/>\n<meta property=\"og:image\" content=\"https:\/\/www.fcbarcelonanoticias.com\/en\/wp-content\/uploads\/sites\/2\/2024\/10\/vitor-roque-betis.jpeg\" \/>\n\t<meta property=\"og:image:width\" content=\"1250\" \/>\n\t<meta property=\"og:image:height\" content=\"730\" \/>\n\t<meta property=\"og:image:type\" content=\"image\/jpeg\" \/>\n<meta name=\"author\" content=\"Andr\u00e9s Quiroz\" \/>\n<meta name=\"twitter:card\" content=\"summary_large_image\" \/>\n<meta name=\"twitter:label1\" content=\"Written by\" \/>\n\t<meta name=\"twitter:data1\" content=\"Andr\u00e9s Quiroz\" \/>\n\t<meta name=\"twitter:label2\" content=\"Est. reading time\" \/>\n\t<meta name=\"twitter:data2\" content=\"2 minutes\" \/>\n<script type=\"application\/ld+json\" class=\"yoast-schema-graph\">{\"@context\":\"https:\\\/\\\/schema.org\",\"@graph\":[{\"@type\":\"Article\",\"@id\":\"https:\\\/\\\/www.fcbarcelonanoticias.com\\\/en\\\/laliga\\\/vitor-roque-goal-scare-with-betis-against-osasuna_308024_102.html#article\",\"isPartOf\":{\"@id\":\"https:\\\/\\\/www.fcbarcelonanoticias.com\\\/en\\\/laliga\\\/vitor-roque-goal-scare-with-betis-against-osasuna_308024_102.html\"},\"author\":{\"name\":\"Andr\u00e9s Quiroz\",\"@id\":\"https:\\\/\\\/www.fcbarcelonanoticias.com\\\/en\\\/#\\\/schema\\\/person\\\/c2cd9f6fa1af5c0d0eccd0fefa575c88\"},\"headline\":\"Vitor Roque, goal and scare with Betis against Osasuna\",\"datePublished\":\"2024-10-19T17:24:00+00:00\",\"dateModified\":\"2024-10-19T21:32:00+00:00\",\"mainEntityOfPage\":{\"@id\":\"https:\\\/\\\/www.fcbarcelonanoticias.com\\\/en\\\/laliga\\\/vitor-roque-goal-scare-with-betis-against-osasuna_308024_102.html\"},\"wordCount\":367,\"image\":{\"@id\":\"https:\\\/\\\/www.fcbarcelonanoticias.com\\\/en\\\/laliga\\\/vitor-roque-goal-scare-with-betis-against-osasuna_308024_102.html#primaryimage\"},\"thumbnailUrl\":\"https:\\\/\\\/www.fcbarcelonanoticias.com\\\/en\\\/wp-content\\\/uploads\\\/sites\\\/2\\\/2024\\\/10\\\/vitor-roque-betis.jpeg\",\"keywords\":[\"Real Betis\",\"Videos\",\"Vitor Roque\"],\"articleSection\":[\"LaLiga\",\"LaLiga\"],\"inLanguage\":\"en-US\"},{\"@type\":\"WebPage\",\"@id\":\"https:\\\/\\\/www.fcbarcelonanoticias.com\\\/en\\\/laliga\\\/vitor-roque-goal-scare-with-betis-against-osasuna_308024_102.html\",\"url\":\"https:\\\/\\\/www.fcbarcelonanoticias.com\\\/en\\\/laliga\\\/vitor-roque-goal-scare-with-betis-against-osasuna_308024_102.html\",\"name\":\"Vitor Roque, goal and scare with Betis against Osasuna\",\"isPartOf\":{\"@id\":\"https:\\\/\\\/www.fcbarcelonanoticias.com\\\/en\\\/#website\"},\"primaryImageOfPage\":{\"@id\":\"https:\\\/\\\/www.fcbarcelonanoticias.com\\\/en\\\/laliga\\\/vitor-roque-goal-scare-with-betis-against-osasuna_308024_102.html#primaryimage\"},\"image\":{\"@id\":\"https:\\\/\\\/www.fcbarcelonanoticias.com\\\/en\\\/laliga\\\/vitor-roque-goal-scare-with-betis-against-osasuna_308024_102.html#primaryimage\"},\"thumbnailUrl\":\"https:\\\/\\\/www.fcbarcelonanoticias.com\\\/en\\\/wp-content\\\/uploads\\\/sites\\\/2\\\/2024\\\/10\\\/vitor-roque-betis.jpeg\",\"datePublished\":\"2024-10-19T17:24:00+00:00\",\"dateModified\":\"2024-10-19T21:32:00+00:00\",\"author\":{\"@id\":\"https:\\\/\\\/www.fcbarcelonanoticias.com\\\/en\\\/#\\\/schema\\\/person\\\/c2cd9f6fa1af5c0d0eccd0fefa575c88\"},\"description\":\"This Saturday Vitor Roque scored his second goal of the season for Betis against Osasuna (1-2). The Brazilian opened the scoring in the '7', but left with discomfort after the break\",\"breadcrumb\":{\"@id\":\"https:\\\/\\\/www.fcbarcelonanoticias.com\\\/en\\\/laliga\\\/vitor-roque-goal-scare-with-betis-against-osasuna_308024_102.html#breadcrumb\"},\"inLanguage\":\"en-US\",\"potentialAction\":[{\"@type\":\"ReadAction\",\"target\":[\"https:\\\/\\\/www.fcbarcelonanoticias.com\\\/en\\\/laliga\\\/vitor-roque-goal-scare-with-betis-against-osasuna_308024_102.html\"]}]},{\"@type\":\"ImageObject\",\"inLanguage\":\"en-US\",\"@id\":\"https:\\\/\\\/www.fcbarcelonanoticias.com\\\/en\\\/laliga\\\/vitor-roque-goal-scare-with-betis-against-osasuna_308024_102.html#primaryimage\",\"url\":\"https:\\\/\\\/www.fcbarcelonanoticias.com\\\/en\\\/wp-content\\\/uploads\\\/sites\\\/2\\\/2024\\\/10\\\/vitor-roque-betis.jpeg\",\"contentUrl\":\"https:\\\/\\\/www.fcbarcelonanoticias.com\\\/en\\\/wp-content\\\/uploads\\\/sites\\\/2\\\/2024\\\/10\\\/vitor-roque-betis.jpeg\",\"width\":1250,\"height\":730},{\"@type\":\"BreadcrumbList\",\"@id\":\"https:\\\/\\\/www.fcbarcelonanoticias.com\\\/en\\\/laliga\\\/vitor-roque-goal-scare-with-betis-against-osasuna_308024_102.html#breadcrumb\",\"itemListElement\":[{\"@type\":\"ListItem\",\"position\":1,\"name\":\"Portada\",\"item\":\"https:\\\/\\\/www.fcbarcelonanoticias.com\\\/en\\\/\"},{\"@type\":\"ListItem\",\"position\":2,\"name\":\"Vitor Roque, goal and scare with Betis against Osasuna\"}]},{\"@type\":\"WebSite\",\"@id\":\"https:\\\/\\\/www.fcbarcelonanoticias.com\\\/en\\\/#website\",\"url\":\"https:\\\/\\\/www.fcbarcelonanoticias.com\\\/en\\\/\",\"name\":\"EN - FC Barcelona Noticias\",\"description\":\"\",\"potentialAction\":[{\"@type\":\"SearchAction\",\"target\":{\"@type\":\"EntryPoint\",\"urlTemplate\":\"https:\\\/\\\/www.fcbarcelonanoticias.com\\\/en\\\/?s={search_term_string}\"},\"query-input\":{\"@type\":\"PropertyValueSpecification\",\"valueRequired\":true,\"valueName\":\"search_term_string\"}}],\"inLanguage\":\"en-US\"},{\"@type\":\"Person\",\"@id\":\"https:\\\/\\\/www.fcbarcelonanoticias.com\\\/en\\\/#\\\/schema\\\/person\\\/c2cd9f6fa1af5c0d0eccd0fefa575c88\",\"name\":\"Andr\u00e9s Quiroz\",\"image\":{\"@type\":\"ImageObject\",\"inLanguage\":\"en-US\",\"@id\":\"https:\\\/\\\/secure.gravatar.com\\\/avatar\\\/?s=96&d=mm&r=g\",\"url\":\"https:\\\/\\\/secure.gravatar.com\\\/avatar\\\/?s=96&d=mm&r=g\",\"contentUrl\":\"https:\\\/\\\/secure.gravatar.com\\\/avatar\\\/?s=96&d=mm&r=g\",\"caption\":\"Andr\u00e9s Quiroz\"},\"description\":\"Licenciado en Periodismo por la Universidad de los Andes. Me encargo de analizar y compartir los contenidos m\u00e1s destacados de la\u00a0actualidad del F\u00fatbol Club Barcelona, Mercado de Fichajes y F\u00fatbol Internacional en FCBN. La informaci\u00f3n es poder, pero tambi\u00e9n conocimiento.\",\"url\":\"https:\\\/\\\/www.fcbarcelonanoticias.com\\\/en\\\/fc-barcelona\\\/andres-quiroz_17_115.html\"}]}<\/script>\n<!-- \/ Yoast SEO plugin. -->","yoast_head_json":{"title":"Vitor Roque, goal and scare with Betis against Osasuna","description":"This Saturday Vitor Roque scored his second goal of the season for Betis against Osasuna (1-2). The Brazilian opened the scoring in the '7', but left with discomfort after the break","robots":{"index":"index","follow":"follow","max-snippet":"max-snippet:-1","max-image-preview":"max-image-preview:large","max-video-preview":"max-video-preview:-1"},"canonical":"https:\/\/www.fcbarcelonanoticias.com\/en\/laliga\/vitor-roque-goal-scare-with-betis-against-osasuna_308024_102.html","og_locale":"en_US","og_type":"article","og_title":"Vitor Roque, goal and scare with Betis against Osasuna","og_description":"This Saturday Vitor Roque scored his second goal of the season for Betis against Osasuna (1-2). The Brazilian opened the scoring in the '7', but left with discomfort after the break","og_url":"https:\/\/www.fcbarcelonanoticias.com\/en\/laliga\/vitor-roque-goal-scare-with-betis-against-osasuna_308024_102.html","og_site_name":"EN - FC Barcelona Noticias","article_published_time":"2024-10-19T17:24:00+00:00","article_modified_time":"2024-10-19T21:32:00+00:00","og_image":[{"width":1250,"height":730,"url":"https:\/\/www.fcbarcelonanoticias.com\/en\/wp-content\/uploads\/sites\/2\/2024\/10\/vitor-roque-betis.jpeg","type":"image\/jpeg"}],"author":"Andr\u00e9s Quiroz","twitter_card":"summary_large_image","twitter_misc":{"Written by":"Andr\u00e9s Quiroz","Est. reading time":"2 minutes"},"schema":{"@context":"https:\/\/schema.org","@graph":[{"@type":"Article","@id":"https:\/\/www.fcbarcelonanoticias.com\/en\/laliga\/vitor-roque-goal-scare-with-betis-against-osasuna_308024_102.html#article","isPartOf":{"@id":"https:\/\/www.fcbarcelonanoticias.com\/en\/laliga\/vitor-roque-goal-scare-with-betis-against-osasuna_308024_102.html"},"author":{"name":"Andr\u00e9s Quiroz","@id":"https:\/\/www.fcbarcelonanoticias.com\/en\/#\/schema\/person\/c2cd9f6fa1af5c0d0eccd0fefa575c88"},"headline":"Vitor Roque, goal and scare with Betis against Osasuna","datePublished":"2024-10-19T17:24:00+00:00","dateModified":"2024-10-19T21:32:00+00:00","mainEntityOfPage":{"@id":"https:\/\/www.fcbarcelonanoticias.com\/en\/laliga\/vitor-roque-goal-scare-with-betis-against-osasuna_308024_102.html"},"wordCount":367,"image":{"@id":"https:\/\/www.fcbarcelonanoticias.com\/en\/laliga\/vitor-roque-goal-scare-with-betis-against-osasuna_308024_102.html#primaryimage"},"thumbnailUrl":"https:\/\/www.fcbarcelonanoticias.com\/en\/wp-content\/uploads\/sites\/2\/2024\/10\/vitor-roque-betis.jpeg","keywords":["Real Betis","Videos","Vitor Roque"],"articleSection":["LaLiga","LaLiga"],"inLanguage":"en-US"},{"@type":"WebPage","@id":"https:\/\/www.fcbarcelonanoticias.com\/en\/laliga\/vitor-roque-goal-scare-with-betis-against-osasuna_308024_102.html","url":"https:\/\/www.fcbarcelonanoticias.com\/en\/laliga\/vitor-roque-goal-scare-with-betis-against-osasuna_308024_102.html","name":"Vitor Roque, goal and scare with Betis against Osasuna","isPartOf":{"@id":"https:\/\/www.fcbarcelonanoticias.com\/en\/#website"},"primaryImageOfPage":{"@id":"https:\/\/www.fcbarcelonanoticias.com\/en\/laliga\/vitor-roque-goal-scare-with-betis-against-osasuna_308024_102.html#primaryimage"},"image":{"@id":"https:\/\/www.fcbarcelonanoticias.com\/en\/laliga\/vitor-roque-goal-scare-with-betis-against-osasuna_308024_102.html#primaryimage"},"thumbnailUrl":"https:\/\/www.fcbarcelonanoticias.com\/en\/wp-content\/uploads\/sites\/2\/2024\/10\/vitor-roque-betis.jpeg","datePublished":"2024-10-19T17:24:00+00:00","dateModified":"2024-10-19T21:32:00+00:00","author":{"@id":"https:\/\/www.fcbarcelonanoticias.com\/en\/#\/schema\/person\/c2cd9f6fa1af5c0d0eccd0fefa575c88"},"description":"This Saturday Vitor Roque scored his second goal of the season for Betis against Osasuna (1-2). The Brazilian opened the scoring in the '7', but left with discomfort after the break","breadcrumb":{"@id":"https:\/\/www.fcbarcelonanoticias.com\/en\/laliga\/vitor-roque-goal-scare-with-betis-against-osasuna_308024_102.html#breadcrumb"},"inLanguage":"en-US","potentialAction":[{"@type":"ReadAction","target":["https:\/\/www.fcbarcelonanoticias.com\/en\/laliga\/vitor-roque-goal-scare-with-betis-against-osasuna_308024_102.html"]}]},{"@type":"ImageObject","inLanguage":"en-US","@id":"https:\/\/www.fcbarcelonanoticias.com\/en\/laliga\/vitor-roque-goal-scare-with-betis-against-osasuna_308024_102.html#primaryimage","url":"https:\/\/www.fcbarcelonanoticias.com\/en\/wp-content\/uploads\/sites\/2\/2024\/10\/vitor-roque-betis.jpeg","contentUrl":"https:\/\/www.fcbarcelonanoticias.com\/en\/wp-content\/uploads\/sites\/2\/2024\/10\/vitor-roque-betis.jpeg","width":1250,"height":730},{"@type":"BreadcrumbList","@id":"https:\/\/www.fcbarcelonanoticias.com\/en\/laliga\/vitor-roque-goal-scare-with-betis-against-osasuna_308024_102.html#breadcrumb","itemListElement":[{"@type":"ListItem","position":1,"name":"Portada","item":"https:\/\/www.fcbarcelonanoticias.com\/en\/"},{"@type":"ListItem","position":2,"name":"Vitor Roque, goal and scare with Betis against Osasuna"}]},{"@type":"WebSite","@id":"https:\/\/www.fcbarcelonanoticias.com\/en\/#website","url":"https:\/\/www.fcbarcelonanoticias.com\/en\/","name":"EN - FC Barcelona Noticias","description":"","potentialAction":[{"@type":"SearchAction","target":{"@type":"EntryPoint","urlTemplate":"https:\/\/www.fcbarcelonanoticias.com\/en\/?s={search_term_string}"},"query-input":{"@type":"PropertyValueSpecification","valueRequired":true,"valueName":"search_term_string"}}],"inLanguage":"en-US"},{"@type":"Person","@id":"https:\/\/www.fcbarcelonanoticias.com\/en\/#\/schema\/person\/c2cd9f6fa1af5c0d0eccd0fefa575c88","name":"Andr\u00e9s Quiroz","image":{"@type":"ImageObject","inLanguage":"en-US","@id":"https:\/\/secure.gravatar.com\/avatar\/?s=96&d=mm&r=g","url":"https:\/\/secure.gravatar.com\/avatar\/?s=96&d=mm&r=g","contentUrl":"https:\/\/secure.gravatar.com\/avatar\/?s=96&d=mm&r=g","caption":"Andr\u00e9s Quiroz"},"description":"Licenciado en Periodismo por la Universidad de los Andes. Me encargo de analizar y compartir los contenidos m\u00e1s destacados de la\u00a0actualidad del F\u00fatbol Club Barcelona, Mercado de Fichajes y F\u00fatbol Internacional en FCBN. La informaci\u00f3n es poder, pero tambi\u00e9n conocimiento.","url":"https:\/\/www.fcbarcelonanoticias.com\/en\/fc-barcelona\/andres-quiroz_17_115.html"}]}},"_links":{"self":[{"href":"https:\/\/www.fcbarcelonanoticias.com\/en\/wp-json\/wp\/v2\/posts\/62816","targetHints":{"allow":["GET"]}}],"collection":[{"href":"https:\/\/www.fcbarcelonanoticias.com\/en\/wp-json\/wp\/v2\/posts"}],"about":[{"href":"https:\/\/www.fcbarcelonanoticias.com\/en\/wp-json\/wp\/v2\/types\/post"}],"author":[{"embeddable":true,"href":"https:\/\/www.fcbarcelonanoticias.com\/en\/wp-json\/wp\/v2\/users\/347"}],"replies":[{"embeddable":true,"href":"https:\/\/www.fcbarcelonanoticias.com\/en\/wp-json\/wp\/v2\/comments?post=62816"}],"version-history":[{"count":1,"href":"https:\/\/www.fcbarcelonanoticias.com\/en\/wp-json\/wp\/v2\/posts\/62816\/revisions"}],"predecessor-version":[{"id":117108,"href":"https:\/\/www.fcbarcelonanoticias.com\/en\/wp-json\/wp\/v2\/posts\/62816\/revisions\/117108"}],"wp:featuredmedia":[{"embeddable":true,"href":"https:\/\/www.fcbarcelonanoticias.com\/en\/wp-json\/wp\/v2\/media\/62824"}],"wp:attachment":[{"href":"https:\/\/www.fcbarcelonanoticias.com\/en\/wp-json\/wp\/v2\/media?parent=62816"}],"wp:term":[{"taxonomy":"category","embeddable":true,"href":"https:\/\/www.fcbarcelonanoticias.com\/en\/wp-json\/wp\/v2\/categories?post=62816"},{"taxonomy":"post_tag","embeddable":true,"href":"https:\/\/www.fcbarcelonanoticias.com\/en\/wp-json\/wp\/v2\/tags?post=62816"}],"curies":[{"name":"wp","href":"https:\/\/api.w.org\/{rel}","templated":true}]}}