{"id":62852,"date":"2024-09-13T23:15:00","date_gmt":"2024-09-13T21:15:00","guid":{"rendered":"https:\/\/weisetech.dev\/fc-barcelona-noticias\/en\/vitor-roque-scores-his-first-goal-for-real-betis_307265_102\/"},"modified":"2024-09-14T00:31:00","modified_gmt":"2024-09-13T22:31:00","slug":"vitor-roque-scores-his-first-goal-for-real-betis_307265_102","status":"publish","type":"post","link":"https:\/\/www.fcbarcelonanoticias.com\/en\/laliga\/vitor-roque-scores-his-first-goal-for-real-betis_307265_102.html","title":{"rendered":"Vitor Roque scores his first goal for Real Betis!"},"content":{"rendered":"<h2 class=\"wp-block-heading\">Vitor Roque is starting to get his present in Spain back on track. The Brazilian broke his drought in LaLiga and scored his first goal in a Betis shirt, sealing the win for the Betis against Legan\u00e9s (2-0)<\/h2>  \r\n<div class=\"article-addons\">\r\n    <a href=\"https:\/\/www.fcbarcelonanoticias.com\/en\/calendar-fc-barcelona.html\"\r\n       target=\"_self\"\r\n       title=\"Calendar of FC Barcelona\"\r\n       class=\"blue-gredient-btn\">\r\n       \r\n        Calendar of FC Barcelona    <\/a>\r\n<\/div>   <p><strong>Vitor Roque<\/strong> is beginning to get back on track in <strong>LaLiga EA Sports<\/strong>. The Brazilian striker is beginning to regain sensations under <strong>Manuel Pellegrini<\/strong> at <strong>Real Betis<\/strong>, where he has already made his debut as a goalscorer in his second match wearing the green and white shirt. In the match against <strong>Legan\u00e9s <\/strong>corresponding to matchday 5 of the Spanish championship, the player came on the field in the 62nd minute to replace <strong>Diao<\/strong>, with the Chilean coach looking to break the zero on the scoreboard.<\/p>  <p>Although it was another former <strong>FC Barcelona<\/strong> player, <strong>Ez Abde<\/strong>, who opened the scoring, &#8216;<strong>Tigrinho<\/strong>&#8216; would get his reward when the match was &#8216;dying&#8217;. In the 86th minute, the Moroccan winger hooked in on the edge of the pepinera area, but his shot was blocked by the rival goalkeeper, Juan Soriano. However, thanks to the goal-scoring instinct that led him to be signed by the Blaugrana, <strong>Roque <\/strong>grabbed the rebound near the penalty spot, sending the ball into the back of the net and sentencing the match against the Madrid side (2-0).<\/p>  <div class=\"article-video-wrapper\" data-ck-asset-wrapper=\"\"> <div class=\"article-video\"> <div><\/div> <\/div> <\/div>  <h2>Roque&#8217;s goal of vindication<\/h2>  <p>This goal confirms <strong>Vitor<\/strong>&#8216;s &#8216;sweet&#8217; moment. <a data-external=\"0\" data-intl-links-en=\"https:\/\/www.fcbarcelonanoticias.com\/en\/transfers\/was-it-mistake-for-barca-to-let-him-go-the-brutal-and-vindictive-performance-of-vitor-roque-with-brazil_307158_102.html\" data-intl-links-es=\"https:\/\/www.fcbarcelonanoticias.com\/fichajes\/fue-error-barca-dejarlo-ir-brutal-reivindicativa-actuacion-vitor-roque-con-brasil_307158_102.html\" href=\"https:\/\/www.fcbarcelonanoticias.com\/en\/transfers\/was-it-mistake-for-barca-to-let-him-go-the-brutal-and-vindictive-performance-of-vitor-roque-with-brazil_307158_102.html\" rel=\"follow\" target=\"_self\" title=\"The brutal and vindictive performance of Vitor Roque with Brazil\">The Brazilian had just scored twice for the Brazilian under-20 team against Mexico<\/a>, a match in which he also provided an assist. Despite not being an undisputed starter for the Andalusian team yet, with whom he has only played two matches coming off the bench, the forward is finding his best form and his goal against <strong>Legan\u00e9s<\/strong> is another &#8216;boost&#8217; to the confidence of a footballer who wants to show <strong>Bar\u00e7a<\/strong> that they made a mistake in letting him go.<\/p> ","protected":false},"excerpt":{"rendered":"<p>Vitor Roque is starting to get his present in Spain back on track. The Brazilian broke his drought in LaLiga and scored his first goal in a Betis shirt, sealing the win for the Betis against Legan\u00e9s (2-0) Vitor Roque is beginning to get back on track in LaLiga EA Sports. The Brazilian striker is [&hellip;]<\/p>\n","protected":false},"author":358,"featured_media":62857,"comment_status":"closed","ping_status":"open","sticky":false,"template":"","format":"standard","meta":{"_acf_changed":false,"inline_featured_image":false,"_nextfly_llmd_date_locked":false,"footnotes":""},"categories":[448,114],"tags":[63,327],"class_list":["post-62852","post","type-post","status-publish","format-standard","has-post-thumbnail","hentry","category-laliga-2","category-laliga","tag-real-betis","tag-vitor-roque"],"acf":[],"yoast_head":"<!-- This site is optimized with the Yoast SEO plugin v27.3 - https:\/\/yoast.com\/product\/yoast-seo-wordpress\/ -->\n<title>Vitor Roque scores his first goal for Real Betis!<\/title>\n<meta name=\"description\" content=\"Vitor Roque is starting to get his present in Spain back on track. The Brazilian broke his drought in LaLiga and scored his first goal in a Betis shirt, sealing the win for the Betis against Legan\u00e9s (2-0)\" \/>\n<meta name=\"robots\" content=\"index, follow, max-snippet:-1, max-image-preview:large, max-video-preview:-1\" \/>\n<link rel=\"canonical\" href=\"https:\/\/www.fcbarcelonanoticias.com\/en\/laliga\/vitor-roque-scores-his-first-goal-for-real-betis_307265_102.html\" \/>\n<meta property=\"og:locale\" content=\"en_US\" \/>\n<meta property=\"og:type\" content=\"article\" \/>\n<meta property=\"og:title\" content=\"Vitor Roque scores his first goal for Real Betis!\" \/>\n<meta property=\"og:description\" content=\"Vitor Roque is starting to get his present in Spain back on track. The Brazilian broke his drought in LaLiga and scored his first goal in a Betis shirt, sealing the win for the Betis against Legan\u00e9s (2-0)\" \/>\n<meta property=\"og:url\" content=\"https:\/\/www.fcbarcelonanoticias.com\/en\/laliga\/vitor-roque-scores-his-first-goal-for-real-betis_307265_102.html\" \/>\n<meta property=\"og:site_name\" content=\"EN - FC Barcelona Noticias\" \/>\n<meta property=\"article:published_time\" content=\"2024-09-13T21:15:00+00:00\" \/>\n<meta property=\"article:modified_time\" content=\"2024-09-13T22:31:00+00:00\" \/>\n<meta property=\"og:image\" content=\"https:\/\/www.fcbarcelonanoticias.com\/en\/wp-content\/uploads\/sites\/2\/2024\/09\/vitor-roque-celebrando.jpeg\" \/>\n\t<meta property=\"og:image:width\" content=\"1250\" \/>\n\t<meta property=\"og:image:height\" content=\"730\" \/>\n\t<meta property=\"og:image:type\" content=\"image\/jpeg\" \/>\n<meta name=\"author\" content=\"Juan Pablo Berdugo\" \/>\n<meta name=\"twitter:card\" content=\"summary_large_image\" \/>\n<meta name=\"twitter:label1\" content=\"Written by\" \/>\n\t<meta name=\"twitter:data1\" content=\"Juan Pablo Berdugo\" \/>\n\t<meta name=\"twitter:label2\" content=\"Est. reading time\" \/>\n\t<meta name=\"twitter:data2\" content=\"2 minutes\" \/>\n<script type=\"application\/ld+json\" class=\"yoast-schema-graph\">{\"@context\":\"https:\\\/\\\/schema.org\",\"@graph\":[{\"@type\":\"Article\",\"@id\":\"https:\\\/\\\/www.fcbarcelonanoticias.com\\\/en\\\/laliga\\\/vitor-roque-scores-his-first-goal-for-real-betis_307265_102.html#article\",\"isPartOf\":{\"@id\":\"https:\\\/\\\/www.fcbarcelonanoticias.com\\\/en\\\/laliga\\\/vitor-roque-scores-his-first-goal-for-real-betis_307265_102.html\"},\"author\":{\"name\":\"Juan Pablo Berdugo\",\"@id\":\"https:\\\/\\\/www.fcbarcelonanoticias.com\\\/en\\\/#\\\/schema\\\/person\\\/88d756918a0a1ae9fa593b5edddd1815\"},\"headline\":\"Vitor Roque scores his first goal for Real Betis!\",\"datePublished\":\"2024-09-13T21:15:00+00:00\",\"dateModified\":\"2024-09-13T22:31:00+00:00\",\"mainEntityOfPage\":{\"@id\":\"https:\\\/\\\/www.fcbarcelonanoticias.com\\\/en\\\/laliga\\\/vitor-roque-scores-his-first-goal-for-real-betis_307265_102.html\"},\"wordCount\":319,\"image\":{\"@id\":\"https:\\\/\\\/www.fcbarcelonanoticias.com\\\/en\\\/laliga\\\/vitor-roque-scores-his-first-goal-for-real-betis_307265_102.html#primaryimage\"},\"thumbnailUrl\":\"https:\\\/\\\/www.fcbarcelonanoticias.com\\\/en\\\/wp-content\\\/uploads\\\/sites\\\/2\\\/2024\\\/09\\\/vitor-roque-celebrando.jpeg\",\"keywords\":[\"Real Betis\",\"Vitor Roque\"],\"articleSection\":[\"LaLiga\",\"LaLiga\"],\"inLanguage\":\"en-US\"},{\"@type\":\"WebPage\",\"@id\":\"https:\\\/\\\/www.fcbarcelonanoticias.com\\\/en\\\/laliga\\\/vitor-roque-scores-his-first-goal-for-real-betis_307265_102.html\",\"url\":\"https:\\\/\\\/www.fcbarcelonanoticias.com\\\/en\\\/laliga\\\/vitor-roque-scores-his-first-goal-for-real-betis_307265_102.html\",\"name\":\"Vitor Roque scores his first goal for Real Betis!\",\"isPartOf\":{\"@id\":\"https:\\\/\\\/www.fcbarcelonanoticias.com\\\/en\\\/#website\"},\"primaryImageOfPage\":{\"@id\":\"https:\\\/\\\/www.fcbarcelonanoticias.com\\\/en\\\/laliga\\\/vitor-roque-scores-his-first-goal-for-real-betis_307265_102.html#primaryimage\"},\"image\":{\"@id\":\"https:\\\/\\\/www.fcbarcelonanoticias.com\\\/en\\\/laliga\\\/vitor-roque-scores-his-first-goal-for-real-betis_307265_102.html#primaryimage\"},\"thumbnailUrl\":\"https:\\\/\\\/www.fcbarcelonanoticias.com\\\/en\\\/wp-content\\\/uploads\\\/sites\\\/2\\\/2024\\\/09\\\/vitor-roque-celebrando.jpeg\",\"datePublished\":\"2024-09-13T21:15:00+00:00\",\"dateModified\":\"2024-09-13T22:31:00+00:00\",\"author\":{\"@id\":\"https:\\\/\\\/www.fcbarcelonanoticias.com\\\/en\\\/#\\\/schema\\\/person\\\/88d756918a0a1ae9fa593b5edddd1815\"},\"description\":\"Vitor Roque is starting to get his present in Spain back on track. The Brazilian broke his drought in LaLiga and scored his first goal in a Betis shirt, sealing the win for the Betis against Legan\u00e9s (2-0)\",\"breadcrumb\":{\"@id\":\"https:\\\/\\\/www.fcbarcelonanoticias.com\\\/en\\\/laliga\\\/vitor-roque-scores-his-first-goal-for-real-betis_307265_102.html#breadcrumb\"},\"inLanguage\":\"en-US\",\"potentialAction\":[{\"@type\":\"ReadAction\",\"target\":[\"https:\\\/\\\/www.fcbarcelonanoticias.com\\\/en\\\/laliga\\\/vitor-roque-scores-his-first-goal-for-real-betis_307265_102.html\"]}]},{\"@type\":\"ImageObject\",\"inLanguage\":\"en-US\",\"@id\":\"https:\\\/\\\/www.fcbarcelonanoticias.com\\\/en\\\/laliga\\\/vitor-roque-scores-his-first-goal-for-real-betis_307265_102.html#primaryimage\",\"url\":\"https:\\\/\\\/www.fcbarcelonanoticias.com\\\/en\\\/wp-content\\\/uploads\\\/sites\\\/2\\\/2024\\\/09\\\/vitor-roque-celebrando.jpeg\",\"contentUrl\":\"https:\\\/\\\/www.fcbarcelonanoticias.com\\\/en\\\/wp-content\\\/uploads\\\/sites\\\/2\\\/2024\\\/09\\\/vitor-roque-celebrando.jpeg\",\"width\":1250,\"height\":730},{\"@type\":\"BreadcrumbList\",\"@id\":\"https:\\\/\\\/www.fcbarcelonanoticias.com\\\/en\\\/laliga\\\/vitor-roque-scores-his-first-goal-for-real-betis_307265_102.html#breadcrumb\",\"itemListElement\":[{\"@type\":\"ListItem\",\"position\":1,\"name\":\"Portada\",\"item\":\"https:\\\/\\\/www.fcbarcelonanoticias.com\\\/en\\\/\"},{\"@type\":\"ListItem\",\"position\":2,\"name\":\"Vitor Roque scores his first goal for Real Betis!\"}]},{\"@type\":\"WebSite\",\"@id\":\"https:\\\/\\\/www.fcbarcelonanoticias.com\\\/en\\\/#website\",\"url\":\"https:\\\/\\\/www.fcbarcelonanoticias.com\\\/en\\\/\",\"name\":\"EN - FC Barcelona Noticias\",\"description\":\"\",\"potentialAction\":[{\"@type\":\"SearchAction\",\"target\":{\"@type\":\"EntryPoint\",\"urlTemplate\":\"https:\\\/\\\/www.fcbarcelonanoticias.com\\\/en\\\/?s={search_term_string}\"},\"query-input\":{\"@type\":\"PropertyValueSpecification\",\"valueRequired\":true,\"valueName\":\"search_term_string\"}}],\"inLanguage\":\"en-US\"},{\"@type\":\"Person\",\"@id\":\"https:\\\/\\\/www.fcbarcelonanoticias.com\\\/en\\\/#\\\/schema\\\/person\\\/88d756918a0a1ae9fa593b5edddd1815\",\"name\":\"Juan Pablo Berdugo\",\"image\":{\"@type\":\"ImageObject\",\"inLanguage\":\"en-US\",\"@id\":\"https:\\\/\\\/secure.gravatar.com\\\/avatar\\\/?s=96&d=mm&r=g\",\"url\":\"https:\\\/\\\/secure.gravatar.com\\\/avatar\\\/?s=96&d=mm&r=g\",\"contentUrl\":\"https:\\\/\\\/secure.gravatar.com\\\/avatar\\\/?s=96&d=mm&r=g\",\"caption\":\"Juan Pablo Berdugo\"},\"description\":\"Juan Pablo Berdugo es graduado en Periodismo. Colabora con FCBN como especialista en informaci\u00f3n del primer equipo del FC Barcelona, f\u00fatbol internacional y mercado de fichajes. Destaca por su enfoque anal\u00edtico, su rigor informativo y su capacidad para detectar tendencias emergentes en el f\u00fatbol global.\",\"url\":\"https:\\\/\\\/www.fcbarcelonanoticias.com\\\/en\\\/fc-barcelona\\\/juan-pablo-berdugo_18_115.html\"}]}<\/script>\n<!-- \/ Yoast SEO plugin. -->","yoast_head_json":{"title":"Vitor Roque scores his first goal for Real Betis!","description":"Vitor Roque is starting to get his present in Spain back on track. The Brazilian broke his drought in LaLiga and scored his first goal in a Betis shirt, sealing the win for the Betis against Legan\u00e9s (2-0)","robots":{"index":"index","follow":"follow","max-snippet":"max-snippet:-1","max-image-preview":"max-image-preview:large","max-video-preview":"max-video-preview:-1"},"canonical":"https:\/\/www.fcbarcelonanoticias.com\/en\/laliga\/vitor-roque-scores-his-first-goal-for-real-betis_307265_102.html","og_locale":"en_US","og_type":"article","og_title":"Vitor Roque scores his first goal for Real Betis!","og_description":"Vitor Roque is starting to get his present in Spain back on track. The Brazilian broke his drought in LaLiga and scored his first goal in a Betis shirt, sealing the win for the Betis against Legan\u00e9s (2-0)","og_url":"https:\/\/www.fcbarcelonanoticias.com\/en\/laliga\/vitor-roque-scores-his-first-goal-for-real-betis_307265_102.html","og_site_name":"EN - FC Barcelona Noticias","article_published_time":"2024-09-13T21:15:00+00:00","article_modified_time":"2024-09-13T22:31:00+00:00","og_image":[{"width":1250,"height":730,"url":"https:\/\/www.fcbarcelonanoticias.com\/en\/wp-content\/uploads\/sites\/2\/2024\/09\/vitor-roque-celebrando.jpeg","type":"image\/jpeg"}],"author":"Juan Pablo Berdugo","twitter_card":"summary_large_image","twitter_misc":{"Written by":"Juan Pablo Berdugo","Est. reading time":"2 minutes"},"schema":{"@context":"https:\/\/schema.org","@graph":[{"@type":"Article","@id":"https:\/\/www.fcbarcelonanoticias.com\/en\/laliga\/vitor-roque-scores-his-first-goal-for-real-betis_307265_102.html#article","isPartOf":{"@id":"https:\/\/www.fcbarcelonanoticias.com\/en\/laliga\/vitor-roque-scores-his-first-goal-for-real-betis_307265_102.html"},"author":{"name":"Juan Pablo Berdugo","@id":"https:\/\/www.fcbarcelonanoticias.com\/en\/#\/schema\/person\/88d756918a0a1ae9fa593b5edddd1815"},"headline":"Vitor Roque scores his first goal for Real Betis!","datePublished":"2024-09-13T21:15:00+00:00","dateModified":"2024-09-13T22:31:00+00:00","mainEntityOfPage":{"@id":"https:\/\/www.fcbarcelonanoticias.com\/en\/laliga\/vitor-roque-scores-his-first-goal-for-real-betis_307265_102.html"},"wordCount":319,"image":{"@id":"https:\/\/www.fcbarcelonanoticias.com\/en\/laliga\/vitor-roque-scores-his-first-goal-for-real-betis_307265_102.html#primaryimage"},"thumbnailUrl":"https:\/\/www.fcbarcelonanoticias.com\/en\/wp-content\/uploads\/sites\/2\/2024\/09\/vitor-roque-celebrando.jpeg","keywords":["Real Betis","Vitor Roque"],"articleSection":["LaLiga","LaLiga"],"inLanguage":"en-US"},{"@type":"WebPage","@id":"https:\/\/www.fcbarcelonanoticias.com\/en\/laliga\/vitor-roque-scores-his-first-goal-for-real-betis_307265_102.html","url":"https:\/\/www.fcbarcelonanoticias.com\/en\/laliga\/vitor-roque-scores-his-first-goal-for-real-betis_307265_102.html","name":"Vitor Roque scores his first goal for Real Betis!","isPartOf":{"@id":"https:\/\/www.fcbarcelonanoticias.com\/en\/#website"},"primaryImageOfPage":{"@id":"https:\/\/www.fcbarcelonanoticias.com\/en\/laliga\/vitor-roque-scores-his-first-goal-for-real-betis_307265_102.html#primaryimage"},"image":{"@id":"https:\/\/www.fcbarcelonanoticias.com\/en\/laliga\/vitor-roque-scores-his-first-goal-for-real-betis_307265_102.html#primaryimage"},"thumbnailUrl":"https:\/\/www.fcbarcelonanoticias.com\/en\/wp-content\/uploads\/sites\/2\/2024\/09\/vitor-roque-celebrando.jpeg","datePublished":"2024-09-13T21:15:00+00:00","dateModified":"2024-09-13T22:31:00+00:00","author":{"@id":"https:\/\/www.fcbarcelonanoticias.com\/en\/#\/schema\/person\/88d756918a0a1ae9fa593b5edddd1815"},"description":"Vitor Roque is starting to get his present in Spain back on track. The Brazilian broke his drought in LaLiga and scored his first goal in a Betis shirt, sealing the win for the Betis against Legan\u00e9s (2-0)","breadcrumb":{"@id":"https:\/\/www.fcbarcelonanoticias.com\/en\/laliga\/vitor-roque-scores-his-first-goal-for-real-betis_307265_102.html#breadcrumb"},"inLanguage":"en-US","potentialAction":[{"@type":"ReadAction","target":["https:\/\/www.fcbarcelonanoticias.com\/en\/laliga\/vitor-roque-scores-his-first-goal-for-real-betis_307265_102.html"]}]},{"@type":"ImageObject","inLanguage":"en-US","@id":"https:\/\/www.fcbarcelonanoticias.com\/en\/laliga\/vitor-roque-scores-his-first-goal-for-real-betis_307265_102.html#primaryimage","url":"https:\/\/www.fcbarcelonanoticias.com\/en\/wp-content\/uploads\/sites\/2\/2024\/09\/vitor-roque-celebrando.jpeg","contentUrl":"https:\/\/www.fcbarcelonanoticias.com\/en\/wp-content\/uploads\/sites\/2\/2024\/09\/vitor-roque-celebrando.jpeg","width":1250,"height":730},{"@type":"BreadcrumbList","@id":"https:\/\/www.fcbarcelonanoticias.com\/en\/laliga\/vitor-roque-scores-his-first-goal-for-real-betis_307265_102.html#breadcrumb","itemListElement":[{"@type":"ListItem","position":1,"name":"Portada","item":"https:\/\/www.fcbarcelonanoticias.com\/en\/"},{"@type":"ListItem","position":2,"name":"Vitor Roque scores his first goal for Real Betis!"}]},{"@type":"WebSite","@id":"https:\/\/www.fcbarcelonanoticias.com\/en\/#website","url":"https:\/\/www.fcbarcelonanoticias.com\/en\/","name":"EN - FC Barcelona Noticias","description":"","potentialAction":[{"@type":"SearchAction","target":{"@type":"EntryPoint","urlTemplate":"https:\/\/www.fcbarcelonanoticias.com\/en\/?s={search_term_string}"},"query-input":{"@type":"PropertyValueSpecification","valueRequired":true,"valueName":"search_term_string"}}],"inLanguage":"en-US"},{"@type":"Person","@id":"https:\/\/www.fcbarcelonanoticias.com\/en\/#\/schema\/person\/88d756918a0a1ae9fa593b5edddd1815","name":"Juan Pablo Berdugo","image":{"@type":"ImageObject","inLanguage":"en-US","@id":"https:\/\/secure.gravatar.com\/avatar\/?s=96&d=mm&r=g","url":"https:\/\/secure.gravatar.com\/avatar\/?s=96&d=mm&r=g","contentUrl":"https:\/\/secure.gravatar.com\/avatar\/?s=96&d=mm&r=g","caption":"Juan Pablo Berdugo"},"description":"Juan Pablo Berdugo es graduado en Periodismo. Colabora con FCBN como especialista en informaci\u00f3n del primer equipo del FC Barcelona, f\u00fatbol internacional y mercado de fichajes. Destaca por su enfoque anal\u00edtico, su rigor informativo y su capacidad para detectar tendencias emergentes en el f\u00fatbol global.","url":"https:\/\/www.fcbarcelonanoticias.com\/en\/fc-barcelona\/juan-pablo-berdugo_18_115.html"}]}},"_links":{"self":[{"href":"https:\/\/www.fcbarcelonanoticias.com\/en\/wp-json\/wp\/v2\/posts\/62852","targetHints":{"allow":["GET"]}}],"collection":[{"href":"https:\/\/www.fcbarcelonanoticias.com\/en\/wp-json\/wp\/v2\/posts"}],"about":[{"href":"https:\/\/www.fcbarcelonanoticias.com\/en\/wp-json\/wp\/v2\/types\/post"}],"author":[{"embeddable":true,"href":"https:\/\/www.fcbarcelonanoticias.com\/en\/wp-json\/wp\/v2\/users\/358"}],"replies":[{"embeddable":true,"href":"https:\/\/www.fcbarcelonanoticias.com\/en\/wp-json\/wp\/v2\/comments?post=62852"}],"version-history":[{"count":1,"href":"https:\/\/www.fcbarcelonanoticias.com\/en\/wp-json\/wp\/v2\/posts\/62852\/revisions"}],"predecessor-version":[{"id":117100,"href":"https:\/\/www.fcbarcelonanoticias.com\/en\/wp-json\/wp\/v2\/posts\/62852\/revisions\/117100"}],"wp:featuredmedia":[{"embeddable":true,"href":"https:\/\/www.fcbarcelonanoticias.com\/en\/wp-json\/wp\/v2\/media\/62857"}],"wp:attachment":[{"href":"https:\/\/www.fcbarcelonanoticias.com\/en\/wp-json\/wp\/v2\/media?parent=62852"}],"wp:term":[{"taxonomy":"category","embeddable":true,"href":"https:\/\/www.fcbarcelonanoticias.com\/en\/wp-json\/wp\/v2\/categories?post=62852"},{"taxonomy":"post_tag","embeddable":true,"href":"https:\/\/www.fcbarcelonanoticias.com\/en\/wp-json\/wp\/v2\/tags?post=62852"}],"curies":[{"name":"wp","href":"https:\/\/api.w.org\/{rel}","templated":true}]}}