{"id":63097,"date":"2022-09-17T19:12:00","date_gmt":"2022-09-17T17:12:00","guid":{"rendered":"https:\/\/weisetech.dev\/fc-barcelona-noticias\/en\/xavi-punished-the-intensity-of-kessie-that-did-not-have-his-afternoon_284455_102\/"},"modified":"2022-09-17T19:12:00","modified_gmt":"2022-09-17T17:12:00","slug":"xavi-punished-the-intensity-of-kessie-that-did-not-have-his-afternoon_284455_102","status":"publish","type":"post","link":"https:\/\/www.fcbarcelonanoticias.com\/en\/laliga\/xavi-punished-the-intensity-of-kessie-that-did-not-have-his-afternoon_284455_102.html","title":{"rendered":"Xavi &#8216;punished&#8217; the intensity of a Kessi\u00e9 who didn&#8217;t have his afternoon"},"content":{"rendered":"<h2 class=\"wp-block-heading\">Franck Kessi\u00e9 was one of the protagonists of the first part of the FC Barcelona-Elche. The former AC Milan player was not successful and was almost expelled for a double yellow card. Xavi Hern\u00e1ndez replaced him at the break<\/h2>  \r\n<div class=\"article-addons\">\r\n    <a href=\"https:\/\/www.fcbarcelonanoticias.com\/en\/calendar-fc-barcelona.html\"\r\n       target=\"_self\"\r\n       title=\"Calendar of FC Barcelona\"\r\n       class=\"blue-gredient-btn\">\r\n       \r\n        Calendar of FC Barcelona    <\/a>\r\n<\/div>   <p><strong>The <a data-external=\"0\" data-intl-links-en=\"https:\/\/www.fcbarcelonanoticias.com\/en\/fc-barcelona\" data-intl-links-es=\"https:\/\/www.fcbarcelonanoticias.com\/fc-barcelona\" href=\"https:\/\/www.fcbarcelonanoticias.com\/en\/football-soccer\/fc-barcelona.html\" rel=\"follow\" target=\"_self\" title=\"FC Barcelona\">FC Barcelona<\/a> won with solvency in front of an Elche that has sunk in the classification of LaLiga.<\/strong> The group trained by Francisco wanted to plant face in his visit to the Spotify Camp Nou, but remained in the attempt very soon. The cul\u00e9s, on the other hand, showed his more reliable version and convincente, but almost carry a big fright in the first-half.<\/p>  <p>Xavi Hern\u00e1ndez opted by the rotations in several positions. In the medullary, trusted Frenkie of Jong like defensive pivote so that it rested Sergio Busquets, whereas it also decided to leave in the bench to Gavi so that Franck Kessi\u00e9 added a new headline. The costamarfile\u00f1o<strong> did not have his best afternoon with the Bar\u00e7a and was very near to be expelled. <\/strong><\/p>  <p>Only it played 45 minutes and the decision of the trainer egarense to substitute him was more than comprehensible. Kessi\u00e9 Was desarcetado, arriving late and committing lacking unnecessary. In fact, it saw very soon the yellow cardboard. <strong>To the five minutes committed a fault on Lucas Boy\u00e9 with a hit in the face<\/strong> and went the first warning to the Barcelona midfield player.<\/p>  <p>Boy\u00e9 Finish sangrando by the nose to consequence of the hit of Kessi\u00e9 and was attended first in the terrain of game, but finish leaving to the band after two minutes so that it restarted the party. In the 18&#8242;, the players of the Elche (that they already were with ten, by the expulsion of Verd\u00fa in the 14&#8242;),<strong> demanded the second yellow for the ex of the AC Milan. <\/strong><\/p>  <p>It went back to give a hit in the face to a footballer franjiverde, but the referee had signalled a previous fault of Eric Garc\u00eda. Ten minutes afterwards, arrived the third. The conjoint visitor recrimin\u00f3 the expulsion of the born footballer in Ivory Coast by a hit to John inside the area ilicitana, also in the face. <strong>The referee him &#8216;forgave&#8217; and showed the yellow to Bigas for protesting. <\/strong><\/p>  <h3>Xavi punished to Kessi\u00e9<\/h3>  <p>In the Bar\u00e7a understood that Franck Kessi\u00e9, with yellow from the five minutes, was playing with fire and could burn anytime. Xavi Hern\u00e1ndez decided to replace him by Gavi after the resumption of the second part. The footballer, in any case, there was not state hit in the crash and did not influence a lot in the game of the cul\u00e9s, <strong>as yes they had done it Frenkie of Jong or Pedri Gonz\u00e1lez from the centre of the field. <\/strong><\/p> ","protected":false},"excerpt":{"rendered":"<p>Franck Kessi\u00e9 was one of the protagonists of the first part of the FC Barcelona-Elche. The former AC Milan player was not successful and was almost expelled for a double yellow card. Xavi Hern\u00e1ndez replaced him at the break The FC Barcelona won with solvency in front of an Elche that has sunk in the [&hellip;]<\/p>\n","protected":false},"author":352,"featured_media":63105,"comment_status":"closed","ping_status":"open","sticky":false,"template":"","format":"standard","meta":{"_acf_changed":false,"inline_featured_image":false,"_nextfly_llmd_date_locked":false,"footnotes":""},"categories":[114,448],"tags":[305],"class_list":["post-63097","post","type-post","status-publish","format-standard","has-post-thumbnail","hentry","category-laliga","category-laliga-2","tag-frank-kessie"],"acf":[],"yoast_head":"<!-- This site is optimized with the Yoast SEO plugin v27.3 - https:\/\/yoast.com\/product\/yoast-seo-wordpress\/ -->\n<title>Xavi &#039;punished&#039; the intensity of a Kessi\u00e9 that did not have his afternoon<\/title>\n<meta name=\"description\" content=\"Franck Kessi\u00e9 was one of the protagonists of the first part of the FC Barcelona-Elche. The ex of the AC Milan was not hit and almost was expelled by double to...\" \/>\n<meta name=\"robots\" content=\"index, follow, max-snippet:-1, max-image-preview:large, max-video-preview:-1\" \/>\n<link rel=\"canonical\" href=\"https:\/\/www.fcbarcelonanoticias.com\/en\/laliga\/xavi-punished-the-intensity-of-kessie-that-did-not-have-his-afternoon_284455_102.html\" \/>\n<meta property=\"og:locale\" content=\"en_US\" \/>\n<meta property=\"og:type\" content=\"article\" \/>\n<meta property=\"og:title\" content=\"Xavi &#039;punished&#039; the intensity of a Kessi\u00e9 that did not have his afternoon\" \/>\n<meta property=\"og:description\" content=\"Franck Kessi\u00e9 was one of the protagonists of the first part of the FC Barcelona-Elche. The ex of the AC Milan was not hit and almost was expelled by double to...\" \/>\n<meta property=\"og:url\" content=\"https:\/\/www.fcbarcelonanoticias.com\/en\/laliga\/xavi-punished-the-intensity-of-kessie-that-did-not-have-his-afternoon_284455_102.html\" \/>\n<meta property=\"og:site_name\" content=\"EN - FC Barcelona Noticias\" \/>\n<meta property=\"article:published_time\" content=\"2022-09-17T17:12:00+00:00\" \/>\n<meta property=\"og:image\" content=\"https:\/\/www.fcbarcelonanoticias.com\/en\/wp-content\/uploads\/sites\/2\/2022\/09\/robert-lewandowski-yfranck-kessie-en-el-barc-a-vs-elche.jpeg\" \/>\n\t<meta property=\"og:image:width\" content=\"1200\" \/>\n\t<meta property=\"og:image:height\" content=\"675\" \/>\n\t<meta property=\"og:image:type\" content=\"image\/jpeg\" \/>\n<meta name=\"author\" content=\"Paola Guevara\" \/>\n<meta name=\"twitter:card\" content=\"summary_large_image\" \/>\n<meta name=\"twitter:label1\" content=\"Written by\" \/>\n\t<meta name=\"twitter:data1\" content=\"Paola Guevara\" \/>\n\t<meta name=\"twitter:label2\" content=\"Est. reading time\" \/>\n\t<meta name=\"twitter:data2\" content=\"2 minutes\" \/>\n<script type=\"application\/ld+json\" class=\"yoast-schema-graph\">{\"@context\":\"https:\\\/\\\/schema.org\",\"@graph\":[{\"@type\":\"Article\",\"@id\":\"https:\\\/\\\/www.fcbarcelonanoticias.com\\\/en\\\/laliga\\\/xavi-punished-the-intensity-of-kessie-that-did-not-have-his-afternoon_284455_102.html#article\",\"isPartOf\":{\"@id\":\"https:\\\/\\\/www.fcbarcelonanoticias.com\\\/en\\\/laliga\\\/xavi-punished-the-intensity-of-kessie-that-did-not-have-his-afternoon_284455_102.html\"},\"author\":{\"name\":\"Paola Guevara\",\"@id\":\"https:\\\/\\\/www.fcbarcelonanoticias.com\\\/en\\\/#\\\/schema\\\/person\\\/3b408513ee236e64c3043ec901f019ee\"},\"headline\":\"Xavi &#8216;punished&#8217; the intensity of a Kessi\u00e9 who didn&#8217;t have his afternoon\",\"datePublished\":\"2022-09-17T17:12:00+00:00\",\"mainEntityOfPage\":{\"@id\":\"https:\\\/\\\/www.fcbarcelonanoticias.com\\\/en\\\/laliga\\\/xavi-punished-the-intensity-of-kessie-that-did-not-have-his-afternoon_284455_102.html\"},\"wordCount\":471,\"image\":{\"@id\":\"https:\\\/\\\/www.fcbarcelonanoticias.com\\\/en\\\/laliga\\\/xavi-punished-the-intensity-of-kessie-that-did-not-have-his-afternoon_284455_102.html#primaryimage\"},\"thumbnailUrl\":\"https:\\\/\\\/www.fcbarcelonanoticias.com\\\/en\\\/wp-content\\\/uploads\\\/sites\\\/2\\\/2022\\\/09\\\/robert-lewandowski-yfranck-kessie-en-el-barc-a-vs-elche.jpeg\",\"keywords\":[\"Frank Kessi\u00e9\"],\"articleSection\":[\"LaLiga\",\"LaLiga\"],\"inLanguage\":\"en-US\"},{\"@type\":\"WebPage\",\"@id\":\"https:\\\/\\\/www.fcbarcelonanoticias.com\\\/en\\\/laliga\\\/xavi-punished-the-intensity-of-kessie-that-did-not-have-his-afternoon_284455_102.html\",\"url\":\"https:\\\/\\\/www.fcbarcelonanoticias.com\\\/en\\\/laliga\\\/xavi-punished-the-intensity-of-kessie-that-did-not-have-his-afternoon_284455_102.html\",\"name\":\"Xavi 'punished' the intensity of a Kessi\u00e9 that did not have his afternoon\",\"isPartOf\":{\"@id\":\"https:\\\/\\\/www.fcbarcelonanoticias.com\\\/en\\\/#website\"},\"primaryImageOfPage\":{\"@id\":\"https:\\\/\\\/www.fcbarcelonanoticias.com\\\/en\\\/laliga\\\/xavi-punished-the-intensity-of-kessie-that-did-not-have-his-afternoon_284455_102.html#primaryimage\"},\"image\":{\"@id\":\"https:\\\/\\\/www.fcbarcelonanoticias.com\\\/en\\\/laliga\\\/xavi-punished-the-intensity-of-kessie-that-did-not-have-his-afternoon_284455_102.html#primaryimage\"},\"thumbnailUrl\":\"https:\\\/\\\/www.fcbarcelonanoticias.com\\\/en\\\/wp-content\\\/uploads\\\/sites\\\/2\\\/2022\\\/09\\\/robert-lewandowski-yfranck-kessie-en-el-barc-a-vs-elche.jpeg\",\"datePublished\":\"2022-09-17T17:12:00+00:00\",\"author\":{\"@id\":\"https:\\\/\\\/www.fcbarcelonanoticias.com\\\/en\\\/#\\\/schema\\\/person\\\/3b408513ee236e64c3043ec901f019ee\"},\"description\":\"Franck Kessi\u00e9 was one of the protagonists of the first part of the FC Barcelona-Elche. The ex of the AC Milan was not hit and almost was expelled by double to...\",\"breadcrumb\":{\"@id\":\"https:\\\/\\\/www.fcbarcelonanoticias.com\\\/en\\\/laliga\\\/xavi-punished-the-intensity-of-kessie-that-did-not-have-his-afternoon_284455_102.html#breadcrumb\"},\"inLanguage\":\"en-US\",\"potentialAction\":[{\"@type\":\"ReadAction\",\"target\":[\"https:\\\/\\\/www.fcbarcelonanoticias.com\\\/en\\\/laliga\\\/xavi-punished-the-intensity-of-kessie-that-did-not-have-his-afternoon_284455_102.html\"]}]},{\"@type\":\"ImageObject\",\"inLanguage\":\"en-US\",\"@id\":\"https:\\\/\\\/www.fcbarcelonanoticias.com\\\/en\\\/laliga\\\/xavi-punished-the-intensity-of-kessie-that-did-not-have-his-afternoon_284455_102.html#primaryimage\",\"url\":\"https:\\\/\\\/www.fcbarcelonanoticias.com\\\/en\\\/wp-content\\\/uploads\\\/sites\\\/2\\\/2022\\\/09\\\/robert-lewandowski-yfranck-kessie-en-el-barc-a-vs-elche.jpeg\",\"contentUrl\":\"https:\\\/\\\/www.fcbarcelonanoticias.com\\\/en\\\/wp-content\\\/uploads\\\/sites\\\/2\\\/2022\\\/09\\\/robert-lewandowski-yfranck-kessie-en-el-barc-a-vs-elche.jpeg\",\"width\":1200,\"height\":675},{\"@type\":\"BreadcrumbList\",\"@id\":\"https:\\\/\\\/www.fcbarcelonanoticias.com\\\/en\\\/laliga\\\/xavi-punished-the-intensity-of-kessie-that-did-not-have-his-afternoon_284455_102.html#breadcrumb\",\"itemListElement\":[{\"@type\":\"ListItem\",\"position\":1,\"name\":\"Portada\",\"item\":\"https:\\\/\\\/www.fcbarcelonanoticias.com\\\/en\\\/\"},{\"@type\":\"ListItem\",\"position\":2,\"name\":\"Xavi &#8216;punished&#8217; the intensity of a Kessi\u00e9 who didn&#8217;t have his afternoon\"}]},{\"@type\":\"WebSite\",\"@id\":\"https:\\\/\\\/www.fcbarcelonanoticias.com\\\/en\\\/#website\",\"url\":\"https:\\\/\\\/www.fcbarcelonanoticias.com\\\/en\\\/\",\"name\":\"EN - FC Barcelona Noticias\",\"description\":\"\",\"potentialAction\":[{\"@type\":\"SearchAction\",\"target\":{\"@type\":\"EntryPoint\",\"urlTemplate\":\"https:\\\/\\\/www.fcbarcelonanoticias.com\\\/en\\\/?s={search_term_string}\"},\"query-input\":{\"@type\":\"PropertyValueSpecification\",\"valueRequired\":true,\"valueName\":\"search_term_string\"}}],\"inLanguage\":\"en-US\"},{\"@type\":\"Person\",\"@id\":\"https:\\\/\\\/www.fcbarcelonanoticias.com\\\/en\\\/#\\\/schema\\\/person\\\/3b408513ee236e64c3043ec901f019ee\",\"name\":\"Paola Guevara\",\"image\":{\"@type\":\"ImageObject\",\"inLanguage\":\"en-US\",\"@id\":\"https:\\\/\\\/secure.gravatar.com\\\/avatar\\\/?s=96&d=mm&r=g\",\"url\":\"https:\\\/\\\/secure.gravatar.com\\\/avatar\\\/?s=96&d=mm&r=g\",\"contentUrl\":\"https:\\\/\\\/secure.gravatar.com\\\/avatar\\\/?s=96&d=mm&r=g\",\"caption\":\"Paola Guevara\"},\"url\":\"https:\\\/\\\/www.fcbarcelonanoticias.com\\\/en\\\/fc-barcelona\\\/paola-guevara_9_115.html\"}]}<\/script>\n<!-- \/ Yoast SEO plugin. -->","yoast_head_json":{"title":"Xavi 'punished' the intensity of a Kessi\u00e9 that did not have his afternoon","description":"Franck Kessi\u00e9 was one of the protagonists of the first part of the FC Barcelona-Elche. The ex of the AC Milan was not hit and almost was expelled by double to...","robots":{"index":"index","follow":"follow","max-snippet":"max-snippet:-1","max-image-preview":"max-image-preview:large","max-video-preview":"max-video-preview:-1"},"canonical":"https:\/\/www.fcbarcelonanoticias.com\/en\/laliga\/xavi-punished-the-intensity-of-kessie-that-did-not-have-his-afternoon_284455_102.html","og_locale":"en_US","og_type":"article","og_title":"Xavi 'punished' the intensity of a Kessi\u00e9 that did not have his afternoon","og_description":"Franck Kessi\u00e9 was one of the protagonists of the first part of the FC Barcelona-Elche. The ex of the AC Milan was not hit and almost was expelled by double to...","og_url":"https:\/\/www.fcbarcelonanoticias.com\/en\/laliga\/xavi-punished-the-intensity-of-kessie-that-did-not-have-his-afternoon_284455_102.html","og_site_name":"EN - FC Barcelona Noticias","article_published_time":"2022-09-17T17:12:00+00:00","og_image":[{"width":1200,"height":675,"url":"https:\/\/www.fcbarcelonanoticias.com\/en\/wp-content\/uploads\/sites\/2\/2022\/09\/robert-lewandowski-yfranck-kessie-en-el-barc-a-vs-elche.jpeg","type":"image\/jpeg"}],"author":"Paola Guevara","twitter_card":"summary_large_image","twitter_misc":{"Written by":"Paola Guevara","Est. reading time":"2 minutes"},"schema":{"@context":"https:\/\/schema.org","@graph":[{"@type":"Article","@id":"https:\/\/www.fcbarcelonanoticias.com\/en\/laliga\/xavi-punished-the-intensity-of-kessie-that-did-not-have-his-afternoon_284455_102.html#article","isPartOf":{"@id":"https:\/\/www.fcbarcelonanoticias.com\/en\/laliga\/xavi-punished-the-intensity-of-kessie-that-did-not-have-his-afternoon_284455_102.html"},"author":{"name":"Paola Guevara","@id":"https:\/\/www.fcbarcelonanoticias.com\/en\/#\/schema\/person\/3b408513ee236e64c3043ec901f019ee"},"headline":"Xavi &#8216;punished&#8217; the intensity of a Kessi\u00e9 who didn&#8217;t have his afternoon","datePublished":"2022-09-17T17:12:00+00:00","mainEntityOfPage":{"@id":"https:\/\/www.fcbarcelonanoticias.com\/en\/laliga\/xavi-punished-the-intensity-of-kessie-that-did-not-have-his-afternoon_284455_102.html"},"wordCount":471,"image":{"@id":"https:\/\/www.fcbarcelonanoticias.com\/en\/laliga\/xavi-punished-the-intensity-of-kessie-that-did-not-have-his-afternoon_284455_102.html#primaryimage"},"thumbnailUrl":"https:\/\/www.fcbarcelonanoticias.com\/en\/wp-content\/uploads\/sites\/2\/2022\/09\/robert-lewandowski-yfranck-kessie-en-el-barc-a-vs-elche.jpeg","keywords":["Frank Kessi\u00e9"],"articleSection":["LaLiga","LaLiga"],"inLanguage":"en-US"},{"@type":"WebPage","@id":"https:\/\/www.fcbarcelonanoticias.com\/en\/laliga\/xavi-punished-the-intensity-of-kessie-that-did-not-have-his-afternoon_284455_102.html","url":"https:\/\/www.fcbarcelonanoticias.com\/en\/laliga\/xavi-punished-the-intensity-of-kessie-that-did-not-have-his-afternoon_284455_102.html","name":"Xavi 'punished' the intensity of a Kessi\u00e9 that did not have his afternoon","isPartOf":{"@id":"https:\/\/www.fcbarcelonanoticias.com\/en\/#website"},"primaryImageOfPage":{"@id":"https:\/\/www.fcbarcelonanoticias.com\/en\/laliga\/xavi-punished-the-intensity-of-kessie-that-did-not-have-his-afternoon_284455_102.html#primaryimage"},"image":{"@id":"https:\/\/www.fcbarcelonanoticias.com\/en\/laliga\/xavi-punished-the-intensity-of-kessie-that-did-not-have-his-afternoon_284455_102.html#primaryimage"},"thumbnailUrl":"https:\/\/www.fcbarcelonanoticias.com\/en\/wp-content\/uploads\/sites\/2\/2022\/09\/robert-lewandowski-yfranck-kessie-en-el-barc-a-vs-elche.jpeg","datePublished":"2022-09-17T17:12:00+00:00","author":{"@id":"https:\/\/www.fcbarcelonanoticias.com\/en\/#\/schema\/person\/3b408513ee236e64c3043ec901f019ee"},"description":"Franck Kessi\u00e9 was one of the protagonists of the first part of the FC Barcelona-Elche. The ex of the AC Milan was not hit and almost was expelled by double to...","breadcrumb":{"@id":"https:\/\/www.fcbarcelonanoticias.com\/en\/laliga\/xavi-punished-the-intensity-of-kessie-that-did-not-have-his-afternoon_284455_102.html#breadcrumb"},"inLanguage":"en-US","potentialAction":[{"@type":"ReadAction","target":["https:\/\/www.fcbarcelonanoticias.com\/en\/laliga\/xavi-punished-the-intensity-of-kessie-that-did-not-have-his-afternoon_284455_102.html"]}]},{"@type":"ImageObject","inLanguage":"en-US","@id":"https:\/\/www.fcbarcelonanoticias.com\/en\/laliga\/xavi-punished-the-intensity-of-kessie-that-did-not-have-his-afternoon_284455_102.html#primaryimage","url":"https:\/\/www.fcbarcelonanoticias.com\/en\/wp-content\/uploads\/sites\/2\/2022\/09\/robert-lewandowski-yfranck-kessie-en-el-barc-a-vs-elche.jpeg","contentUrl":"https:\/\/www.fcbarcelonanoticias.com\/en\/wp-content\/uploads\/sites\/2\/2022\/09\/robert-lewandowski-yfranck-kessie-en-el-barc-a-vs-elche.jpeg","width":1200,"height":675},{"@type":"BreadcrumbList","@id":"https:\/\/www.fcbarcelonanoticias.com\/en\/laliga\/xavi-punished-the-intensity-of-kessie-that-did-not-have-his-afternoon_284455_102.html#breadcrumb","itemListElement":[{"@type":"ListItem","position":1,"name":"Portada","item":"https:\/\/www.fcbarcelonanoticias.com\/en\/"},{"@type":"ListItem","position":2,"name":"Xavi &#8216;punished&#8217; the intensity of a Kessi\u00e9 who didn&#8217;t have his afternoon"}]},{"@type":"WebSite","@id":"https:\/\/www.fcbarcelonanoticias.com\/en\/#website","url":"https:\/\/www.fcbarcelonanoticias.com\/en\/","name":"EN - FC Barcelona Noticias","description":"","potentialAction":[{"@type":"SearchAction","target":{"@type":"EntryPoint","urlTemplate":"https:\/\/www.fcbarcelonanoticias.com\/en\/?s={search_term_string}"},"query-input":{"@type":"PropertyValueSpecification","valueRequired":true,"valueName":"search_term_string"}}],"inLanguage":"en-US"},{"@type":"Person","@id":"https:\/\/www.fcbarcelonanoticias.com\/en\/#\/schema\/person\/3b408513ee236e64c3043ec901f019ee","name":"Paola Guevara","image":{"@type":"ImageObject","inLanguage":"en-US","@id":"https:\/\/secure.gravatar.com\/avatar\/?s=96&d=mm&r=g","url":"https:\/\/secure.gravatar.com\/avatar\/?s=96&d=mm&r=g","contentUrl":"https:\/\/secure.gravatar.com\/avatar\/?s=96&d=mm&r=g","caption":"Paola Guevara"},"url":"https:\/\/www.fcbarcelonanoticias.com\/en\/fc-barcelona\/paola-guevara_9_115.html"}]}},"_links":{"self":[{"href":"https:\/\/www.fcbarcelonanoticias.com\/en\/wp-json\/wp\/v2\/posts\/63097","targetHints":{"allow":["GET"]}}],"collection":[{"href":"https:\/\/www.fcbarcelonanoticias.com\/en\/wp-json\/wp\/v2\/posts"}],"about":[{"href":"https:\/\/www.fcbarcelonanoticias.com\/en\/wp-json\/wp\/v2\/types\/post"}],"author":[{"embeddable":true,"href":"https:\/\/www.fcbarcelonanoticias.com\/en\/wp-json\/wp\/v2\/users\/352"}],"replies":[{"embeddable":true,"href":"https:\/\/www.fcbarcelonanoticias.com\/en\/wp-json\/wp\/v2\/comments?post=63097"}],"version-history":[{"count":1,"href":"https:\/\/www.fcbarcelonanoticias.com\/en\/wp-json\/wp\/v2\/posts\/63097\/revisions"}],"predecessor-version":[{"id":117388,"href":"https:\/\/www.fcbarcelonanoticias.com\/en\/wp-json\/wp\/v2\/posts\/63097\/revisions\/117388"}],"wp:featuredmedia":[{"embeddable":true,"href":"https:\/\/www.fcbarcelonanoticias.com\/en\/wp-json\/wp\/v2\/media\/63105"}],"wp:attachment":[{"href":"https:\/\/www.fcbarcelonanoticias.com\/en\/wp-json\/wp\/v2\/media?parent=63097"}],"wp:term":[{"taxonomy":"category","embeddable":true,"href":"https:\/\/www.fcbarcelonanoticias.com\/en\/wp-json\/wp\/v2\/categories?post=63097"},{"taxonomy":"post_tag","embeddable":true,"href":"https:\/\/www.fcbarcelonanoticias.com\/en\/wp-json\/wp\/v2\/tags?post=63097"}],"curies":[{"name":"wp","href":"https:\/\/api.w.org\/{rel}","templated":true}]}}