{"id":63211,"date":"2023-01-07T14:46:00","date_gmt":"2023-01-07T13:46:00","guid":{"rendered":"https:\/\/weisetech.dev\/fc-barcelona-noticias\/en\/xavi-gets-wet-over-rival-in-cup-throws-clear-dart-madridismo_288391_102\/"},"modified":"2023-01-07T18:07:00","modified_gmt":"2023-01-07T17:07:00","slug":"xavi-gets-wet-over-rival-in-cup-throws-clear-dart-madridismo_288391_102","status":"publish","type":"post","link":"https:\/\/www.fcbarcelonanoticias.com\/en\/laliga\/xavi-gets-wet-over-rival-in-cup-throws-clear-dart-madridismo_288391_102.html","title":{"rendered":"Xavi &#8216;gets wet&#8217; on his rival in the Cup and throws a clear &#8216;dart&#8217; at Real Madrid"},"content":{"rendered":"<h2 class=\"wp-block-heading\">The coach of Bar\u00e7a&#8217;s first team, Xavi Hern\u00e1ndez, has offered a few words to the press ahead of this Sunday&#8217;s League commitment against Atl\u00e9tico de Madrid<\/h2>  \r\n<div class=\"article-addons\">\r\n    <a href=\"https:\/\/www.fcbarcelonanoticias.com\/en\/calendar-fc-barcelona.html\"\r\n       target=\"_self\"\r\n       title=\"Calendar of FC Barcelona\"\r\n       class=\"blue-gredient-btn\">\r\n       \r\n        Calendar of FC Barcelona    <\/a>\r\n<\/div>   <p><a data-external=\"0\" data-intl-links-en=\"https:\/\/www.fcbarcelonanoticias.com\/en\/tags\/xavi-hernandez\" data-intl-links-es=\"https:\/\/www.fcbarcelonanoticias.com\/tags\/xavi-hernandez\" href=\"https:\/\/www.fcbarcelonanoticias.com\/en\/tags\/xavi-hernandez.html\" rel=\"follow\" target=\"_self\" title=\"Xavi Hern\u00e1ndez\">Xavi Hern\u00e1ndez<\/a>, trainer of the first team of the FC Barcelona, <strong>has pronounced in front of the media in the previous press conference to the party of LaLiga in front of the <a data-external=\"0\" data-intl-links-en=\"https:\/\/www.fcbarcelonanoticias.com\/en\/tags\/atletico-de-madrid\" data-intl-links-es=\"https:\/\/www.fcbarcelonanoticias.com\/tags\/atletico-de-madrid\" href=\"https:\/\/www.fcbarcelonanoticias.com\/en\/tags\/atletico-de-madrid.html\" rel=\"follow\" target=\"_self\" title=\"Atl\u00e9tico de Madrid\">Athletic <\/a><a data-external=\"0\" data-intl-links-en=\"https:\/\/www.fcbarcelonanoticias.com\/en\/tags\/atletico-de-madrid\" data-intl-links-es=\"https:\/\/www.fcbarcelonanoticias.com\/tags\/atletico-de-madrid\" href=\"https:\/\/www.fcbarcelonanoticias.com\/en\/tags\/atletico-de-madrid.html\" rel=\"follow\" target=\"_self\" title=\"Atl\u00e9tico de Madrid\"> of Madrid<\/a>.<\/strong> The egarense spoke of the crossing by eighth of Glass of the King in front of the AD Ceuta, of the relief of Robert Lewandowski and also left a controversial answer for the memory.<\/p>  <p>It began standing out the party of eighth of final in front of the AD Ceuta after the draw of Glass. &#8220;Tomorrow we have a very important party, in a very complicated field. We go to compete and be leading.<strong> We have to be more effective and be we same<\/strong>. The game has been well, but it is necessary to be more effective. <strong>We have had the luck in the draw with the Ceuta, has touched us the rival of lower category, but afterwards is necessary to show it<\/strong>. The other day it put us against the ropes the Intercity&#8221;, aimed the technician.<\/p>  <p>Also it left clear his alternatives to substitute to Lewandowski in front of the colchoneros. &#8220;Have two important drops: the one of Jordi and the one of Robert. <strong>We have tested several options and tomorrow will see it<\/strong>. There are several profiles. <strong>Ferran is more than mobility and Ansu is more positional<\/strong>. Ferran generates a lot of spaces for the mates and desmarca constantly. Ansu Is different. <strong>The two are able to play of &#8216;9&#8217;<\/strong>. Also it is the option of Memphis&#8221;, affirmed Xavi.<\/p>  <p>Near to finalise, commented on Ronald Ara\u00fajo and the future of Sergio Busquets. &#8220;<strong>The role of Ronald goes to be important\u00edsimo<\/strong>. It is a central that corrects to our back, of a lot of category. <strong>The important is that it is to the one hundred by<\/strong>one hundred . It accumulated 60 minutes to big level. <strong>On &#8216;Busi&#8217; do not know it<\/strong>. It will go a bit of the feelings and of the subject of the &#8216;fair play&#8217;. <strong>Ojal\u00e1 Have a very high performance until final of season, that is having it<\/strong>. It is captain of the team and has six months more than agreement. <strong>In June already will see<\/strong>&#8220;, sentenced.<\/p>  <h3>&#8216;Zasca&#8217; In press conference<\/h3>  <p>Finally, it was asked about the &#8220;almost trip&#8221; in Glass in front of the Intercity, to what Xavi answered of a form &#8216;cutting&#8217;. &#8220;Almost I trip? This is new. <strong>Then those that won of one also is &#8216;almost trip&#8217;?<\/strong> This is tremenda. <strong>It is good because we &#8216;avoid the ridiculous&#8217; and the others happen the eliminatory, but the Bar\u00e7a &#8216;avoids the ridiculous&#8217;&#8230;<\/strong> &#8220;, it concluded the one of Terrassa, leaving on the table a clear &#8216;dart&#8217; to the madridismo and to the journalist of the &#8216;Sixth&#8217; and &#8216;Antenna 3&#8217;.<\/p> ","protected":false},"excerpt":{"rendered":"<p>The coach of Bar\u00e7a&#8217;s first team, Xavi Hern\u00e1ndez, has offered a few words to the press ahead of this Sunday&#8217;s League commitment against Atl\u00e9tico de Madrid Xavi Hern\u00e1ndez, trainer of the first team of the FC Barcelona, has pronounced in front of the media in the previous press conference to the party of LaLiga in [&hellip;]<\/p>\n","protected":false},"author":0,"featured_media":31144,"comment_status":"closed","ping_status":"open","sticky":false,"template":"","format":"standard","meta":{"_acf_changed":false,"inline_featured_image":false,"_nextfly_llmd_date_locked":false,"footnotes":""},"categories":[114,448],"tags":[59,48],"class_list":["post-63211","post","type-post","status-publish","format-standard","has-post-thumbnail","hentry","category-laliga","category-laliga-2","tag-atletico-de-madrid","tag-xavi-hernandez"],"acf":[],"yoast_head":"<!-- This site is optimized with the Yoast SEO plugin v27.3 - https:\/\/yoast.com\/product\/yoast-seo-wordpress\/ -->\n<title>Xavi &#039;gets wet&#039; on his rival in the Cup and throws a clear &#039;dart&#039; at Real Madrid<\/title>\n<meta name=\"description\" content=\"The coach of Bar\u00e7a&#039;s first team, Xavi Hern\u00e1ndez, has offered a few words to the press ahead of this Sunday&#039;s League commitment against Atl\u00e9tico de Madrid\" \/>\n<meta name=\"robots\" content=\"index, follow, max-snippet:-1, max-image-preview:large, max-video-preview:-1\" \/>\n<link rel=\"canonical\" href=\"https:\/\/www.fcbarcelonanoticias.com\/en\/laliga\/xavi-gets-wet-over-rival-in-cup-throws-clear-dart-madridismo_288391_102.html\" \/>\n<meta property=\"og:locale\" content=\"en_US\" \/>\n<meta property=\"og:type\" content=\"article\" \/>\n<meta property=\"og:title\" content=\"Xavi &#039;gets wet&#039; on his rival in the Cup and throws a clear &#039;dart&#039; at Real Madrid\" \/>\n<meta property=\"og:description\" content=\"The coach of Bar\u00e7a&#039;s first team, Xavi Hern\u00e1ndez, has offered a few words to the press ahead of this Sunday&#039;s League commitment against Atl\u00e9tico de Madrid\" \/>\n<meta property=\"og:url\" content=\"https:\/\/www.fcbarcelonanoticias.com\/en\/laliga\/xavi-gets-wet-over-rival-in-cup-throws-clear-dart-madridismo_288391_102.html\" \/>\n<meta property=\"og:site_name\" content=\"EN - FC Barcelona Noticias\" \/>\n<meta property=\"article:published_time\" content=\"2023-01-07T13:46:00+00:00\" \/>\n<meta property=\"article:modified_time\" content=\"2023-01-07T17:07:00+00:00\" \/>\n<meta property=\"og:image\" content=\"https:\/\/www.fcbarcelonanoticias.com\/en\/wp-content\/uploads\/sites\/2\/2022\/12\/xavi-en-rueda-de-prensa-2.jpeg\" \/>\n\t<meta property=\"og:image:width\" content=\"1300\" \/>\n\t<meta property=\"og:image:height\" content=\"746\" \/>\n\t<meta property=\"og:image:type\" content=\"image\/jpeg\" \/>\n<meta name=\"twitter:card\" content=\"summary_large_image\" \/>\n<meta name=\"twitter:label1\" content=\"Est. reading time\" \/>\n\t<meta name=\"twitter:data1\" content=\"2 minutes\" \/>\n<script type=\"application\/ld+json\" class=\"yoast-schema-graph\">{\"@context\":\"https:\\\/\\\/schema.org\",\"@graph\":[{\"@type\":\"Article\",\"@id\":\"https:\\\/\\\/www.fcbarcelonanoticias.com\\\/en\\\/laliga\\\/xavi-gets-wet-over-rival-in-cup-throws-clear-dart-madridismo_288391_102.html#article\",\"isPartOf\":{\"@id\":\"https:\\\/\\\/www.fcbarcelonanoticias.com\\\/en\\\/laliga\\\/xavi-gets-wet-over-rival-in-cup-throws-clear-dart-madridismo_288391_102.html\"},\"author\":{\"name\":\"\",\"@id\":\"\"},\"headline\":\"Xavi &#8216;gets wet&#8217; on his rival in the Cup and throws a clear &#8216;dart&#8217; at Real Madrid\",\"datePublished\":\"2023-01-07T13:46:00+00:00\",\"dateModified\":\"2023-01-07T17:07:00+00:00\",\"mainEntityOfPage\":{\"@id\":\"https:\\\/\\\/www.fcbarcelonanoticias.com\\\/en\\\/laliga\\\/xavi-gets-wet-over-rival-in-cup-throws-clear-dart-madridismo_288391_102.html\"},\"wordCount\":506,\"image\":{\"@id\":\"https:\\\/\\\/www.fcbarcelonanoticias.com\\\/en\\\/laliga\\\/xavi-gets-wet-over-rival-in-cup-throws-clear-dart-madridismo_288391_102.html#primaryimage\"},\"thumbnailUrl\":\"https:\\\/\\\/www.fcbarcelonanoticias.com\\\/en\\\/wp-content\\\/uploads\\\/sites\\\/2\\\/2022\\\/12\\\/xavi-en-rueda-de-prensa-2.jpeg\",\"keywords\":[\"Atl\u00e9tico de Madrid\",\"Xavi Hern\u00e1ndez\"],\"articleSection\":[\"LaLiga\",\"LaLiga\"],\"inLanguage\":\"en-US\"},{\"@type\":\"WebPage\",\"@id\":\"https:\\\/\\\/www.fcbarcelonanoticias.com\\\/en\\\/laliga\\\/xavi-gets-wet-over-rival-in-cup-throws-clear-dart-madridismo_288391_102.html\",\"url\":\"https:\\\/\\\/www.fcbarcelonanoticias.com\\\/en\\\/laliga\\\/xavi-gets-wet-over-rival-in-cup-throws-clear-dart-madridismo_288391_102.html\",\"name\":\"Xavi 'gets wet' on his rival in the Cup and throws a clear 'dart' at Real Madrid\",\"isPartOf\":{\"@id\":\"https:\\\/\\\/www.fcbarcelonanoticias.com\\\/en\\\/#website\"},\"primaryImageOfPage\":{\"@id\":\"https:\\\/\\\/www.fcbarcelonanoticias.com\\\/en\\\/laliga\\\/xavi-gets-wet-over-rival-in-cup-throws-clear-dart-madridismo_288391_102.html#primaryimage\"},\"image\":{\"@id\":\"https:\\\/\\\/www.fcbarcelonanoticias.com\\\/en\\\/laliga\\\/xavi-gets-wet-over-rival-in-cup-throws-clear-dart-madridismo_288391_102.html#primaryimage\"},\"thumbnailUrl\":\"https:\\\/\\\/www.fcbarcelonanoticias.com\\\/en\\\/wp-content\\\/uploads\\\/sites\\\/2\\\/2022\\\/12\\\/xavi-en-rueda-de-prensa-2.jpeg\",\"datePublished\":\"2023-01-07T13:46:00+00:00\",\"dateModified\":\"2023-01-07T17:07:00+00:00\",\"author\":{\"@id\":\"\"},\"description\":\"The coach of Bar\u00e7a's first team, Xavi Hern\u00e1ndez, has offered a few words to the press ahead of this Sunday's League commitment against Atl\u00e9tico de Madrid\",\"breadcrumb\":{\"@id\":\"https:\\\/\\\/www.fcbarcelonanoticias.com\\\/en\\\/laliga\\\/xavi-gets-wet-over-rival-in-cup-throws-clear-dart-madridismo_288391_102.html#breadcrumb\"},\"inLanguage\":\"en-US\",\"potentialAction\":[{\"@type\":\"ReadAction\",\"target\":[\"https:\\\/\\\/www.fcbarcelonanoticias.com\\\/en\\\/laliga\\\/xavi-gets-wet-over-rival-in-cup-throws-clear-dart-madridismo_288391_102.html\"]}]},{\"@type\":\"ImageObject\",\"inLanguage\":\"en-US\",\"@id\":\"https:\\\/\\\/www.fcbarcelonanoticias.com\\\/en\\\/laliga\\\/xavi-gets-wet-over-rival-in-cup-throws-clear-dart-madridismo_288391_102.html#primaryimage\",\"url\":\"https:\\\/\\\/www.fcbarcelonanoticias.com\\\/en\\\/wp-content\\\/uploads\\\/sites\\\/2\\\/2022\\\/12\\\/xavi-en-rueda-de-prensa-2.jpeg\",\"contentUrl\":\"https:\\\/\\\/www.fcbarcelonanoticias.com\\\/en\\\/wp-content\\\/uploads\\\/sites\\\/2\\\/2022\\\/12\\\/xavi-en-rueda-de-prensa-2.jpeg\",\"width\":1300,\"height\":746},{\"@type\":\"BreadcrumbList\",\"@id\":\"https:\\\/\\\/www.fcbarcelonanoticias.com\\\/en\\\/laliga\\\/xavi-gets-wet-over-rival-in-cup-throws-clear-dart-madridismo_288391_102.html#breadcrumb\",\"itemListElement\":[{\"@type\":\"ListItem\",\"position\":1,\"name\":\"Portada\",\"item\":\"https:\\\/\\\/www.fcbarcelonanoticias.com\\\/en\\\/\"},{\"@type\":\"ListItem\",\"position\":2,\"name\":\"Xavi &#8216;gets wet&#8217; on his rival in the Cup and throws a clear &#8216;dart&#8217; at Real Madrid\"}]},{\"@type\":\"WebSite\",\"@id\":\"https:\\\/\\\/www.fcbarcelonanoticias.com\\\/en\\\/#website\",\"url\":\"https:\\\/\\\/www.fcbarcelonanoticias.com\\\/en\\\/\",\"name\":\"EN - FC Barcelona Noticias\",\"description\":\"\",\"potentialAction\":[{\"@type\":\"SearchAction\",\"target\":{\"@type\":\"EntryPoint\",\"urlTemplate\":\"https:\\\/\\\/www.fcbarcelonanoticias.com\\\/en\\\/?s={search_term_string}\"},\"query-input\":{\"@type\":\"PropertyValueSpecification\",\"valueRequired\":true,\"valueName\":\"search_term_string\"}}],\"inLanguage\":\"en-US\"}]}<\/script>\n<!-- \/ Yoast SEO plugin. -->","yoast_head_json":{"title":"Xavi 'gets wet' on his rival in the Cup and throws a clear 'dart' at Real Madrid","description":"The coach of Bar\u00e7a's first team, Xavi Hern\u00e1ndez, has offered a few words to the press ahead of this Sunday's League commitment against Atl\u00e9tico de Madrid","robots":{"index":"index","follow":"follow","max-snippet":"max-snippet:-1","max-image-preview":"max-image-preview:large","max-video-preview":"max-video-preview:-1"},"canonical":"https:\/\/www.fcbarcelonanoticias.com\/en\/laliga\/xavi-gets-wet-over-rival-in-cup-throws-clear-dart-madridismo_288391_102.html","og_locale":"en_US","og_type":"article","og_title":"Xavi 'gets wet' on his rival in the Cup and throws a clear 'dart' at Real Madrid","og_description":"The coach of Bar\u00e7a's first team, Xavi Hern\u00e1ndez, has offered a few words to the press ahead of this Sunday's League commitment against Atl\u00e9tico de Madrid","og_url":"https:\/\/www.fcbarcelonanoticias.com\/en\/laliga\/xavi-gets-wet-over-rival-in-cup-throws-clear-dart-madridismo_288391_102.html","og_site_name":"EN - FC Barcelona Noticias","article_published_time":"2023-01-07T13:46:00+00:00","article_modified_time":"2023-01-07T17:07:00+00:00","og_image":[{"width":1300,"height":746,"url":"https:\/\/www.fcbarcelonanoticias.com\/en\/wp-content\/uploads\/sites\/2\/2022\/12\/xavi-en-rueda-de-prensa-2.jpeg","type":"image\/jpeg"}],"twitter_card":"summary_large_image","twitter_misc":{"Est. reading time":"2 minutes"},"schema":{"@context":"https:\/\/schema.org","@graph":[{"@type":"Article","@id":"https:\/\/www.fcbarcelonanoticias.com\/en\/laliga\/xavi-gets-wet-over-rival-in-cup-throws-clear-dart-madridismo_288391_102.html#article","isPartOf":{"@id":"https:\/\/www.fcbarcelonanoticias.com\/en\/laliga\/xavi-gets-wet-over-rival-in-cup-throws-clear-dart-madridismo_288391_102.html"},"author":{"name":"","@id":""},"headline":"Xavi &#8216;gets wet&#8217; on his rival in the Cup and throws a clear &#8216;dart&#8217; at Real Madrid","datePublished":"2023-01-07T13:46:00+00:00","dateModified":"2023-01-07T17:07:00+00:00","mainEntityOfPage":{"@id":"https:\/\/www.fcbarcelonanoticias.com\/en\/laliga\/xavi-gets-wet-over-rival-in-cup-throws-clear-dart-madridismo_288391_102.html"},"wordCount":506,"image":{"@id":"https:\/\/www.fcbarcelonanoticias.com\/en\/laliga\/xavi-gets-wet-over-rival-in-cup-throws-clear-dart-madridismo_288391_102.html#primaryimage"},"thumbnailUrl":"https:\/\/www.fcbarcelonanoticias.com\/en\/wp-content\/uploads\/sites\/2\/2022\/12\/xavi-en-rueda-de-prensa-2.jpeg","keywords":["Atl\u00e9tico de Madrid","Xavi Hern\u00e1ndez"],"articleSection":["LaLiga","LaLiga"],"inLanguage":"en-US"},{"@type":"WebPage","@id":"https:\/\/www.fcbarcelonanoticias.com\/en\/laliga\/xavi-gets-wet-over-rival-in-cup-throws-clear-dart-madridismo_288391_102.html","url":"https:\/\/www.fcbarcelonanoticias.com\/en\/laliga\/xavi-gets-wet-over-rival-in-cup-throws-clear-dart-madridismo_288391_102.html","name":"Xavi 'gets wet' on his rival in the Cup and throws a clear 'dart' at Real Madrid","isPartOf":{"@id":"https:\/\/www.fcbarcelonanoticias.com\/en\/#website"},"primaryImageOfPage":{"@id":"https:\/\/www.fcbarcelonanoticias.com\/en\/laliga\/xavi-gets-wet-over-rival-in-cup-throws-clear-dart-madridismo_288391_102.html#primaryimage"},"image":{"@id":"https:\/\/www.fcbarcelonanoticias.com\/en\/laliga\/xavi-gets-wet-over-rival-in-cup-throws-clear-dart-madridismo_288391_102.html#primaryimage"},"thumbnailUrl":"https:\/\/www.fcbarcelonanoticias.com\/en\/wp-content\/uploads\/sites\/2\/2022\/12\/xavi-en-rueda-de-prensa-2.jpeg","datePublished":"2023-01-07T13:46:00+00:00","dateModified":"2023-01-07T17:07:00+00:00","author":{"@id":""},"description":"The coach of Bar\u00e7a's first team, Xavi Hern\u00e1ndez, has offered a few words to the press ahead of this Sunday's League commitment against Atl\u00e9tico de Madrid","breadcrumb":{"@id":"https:\/\/www.fcbarcelonanoticias.com\/en\/laliga\/xavi-gets-wet-over-rival-in-cup-throws-clear-dart-madridismo_288391_102.html#breadcrumb"},"inLanguage":"en-US","potentialAction":[{"@type":"ReadAction","target":["https:\/\/www.fcbarcelonanoticias.com\/en\/laliga\/xavi-gets-wet-over-rival-in-cup-throws-clear-dart-madridismo_288391_102.html"]}]},{"@type":"ImageObject","inLanguage":"en-US","@id":"https:\/\/www.fcbarcelonanoticias.com\/en\/laliga\/xavi-gets-wet-over-rival-in-cup-throws-clear-dart-madridismo_288391_102.html#primaryimage","url":"https:\/\/www.fcbarcelonanoticias.com\/en\/wp-content\/uploads\/sites\/2\/2022\/12\/xavi-en-rueda-de-prensa-2.jpeg","contentUrl":"https:\/\/www.fcbarcelonanoticias.com\/en\/wp-content\/uploads\/sites\/2\/2022\/12\/xavi-en-rueda-de-prensa-2.jpeg","width":1300,"height":746},{"@type":"BreadcrumbList","@id":"https:\/\/www.fcbarcelonanoticias.com\/en\/laliga\/xavi-gets-wet-over-rival-in-cup-throws-clear-dart-madridismo_288391_102.html#breadcrumb","itemListElement":[{"@type":"ListItem","position":1,"name":"Portada","item":"https:\/\/www.fcbarcelonanoticias.com\/en\/"},{"@type":"ListItem","position":2,"name":"Xavi &#8216;gets wet&#8217; on his rival in the Cup and throws a clear &#8216;dart&#8217; at Real Madrid"}]},{"@type":"WebSite","@id":"https:\/\/www.fcbarcelonanoticias.com\/en\/#website","url":"https:\/\/www.fcbarcelonanoticias.com\/en\/","name":"EN - FC Barcelona Noticias","description":"","potentialAction":[{"@type":"SearchAction","target":{"@type":"EntryPoint","urlTemplate":"https:\/\/www.fcbarcelonanoticias.com\/en\/?s={search_term_string}"},"query-input":{"@type":"PropertyValueSpecification","valueRequired":true,"valueName":"search_term_string"}}],"inLanguage":"en-US"}]}},"_links":{"self":[{"href":"https:\/\/www.fcbarcelonanoticias.com\/en\/wp-json\/wp\/v2\/posts\/63211","targetHints":{"allow":["GET"]}}],"collection":[{"href":"https:\/\/www.fcbarcelonanoticias.com\/en\/wp-json\/wp\/v2\/posts"}],"about":[{"href":"https:\/\/www.fcbarcelonanoticias.com\/en\/wp-json\/wp\/v2\/types\/post"}],"replies":[{"embeddable":true,"href":"https:\/\/www.fcbarcelonanoticias.com\/en\/wp-json\/wp\/v2\/comments?post=63211"}],"version-history":[{"count":1,"href":"https:\/\/www.fcbarcelonanoticias.com\/en\/wp-json\/wp\/v2\/posts\/63211\/revisions"}],"predecessor-version":[{"id":117358,"href":"https:\/\/www.fcbarcelonanoticias.com\/en\/wp-json\/wp\/v2\/posts\/63211\/revisions\/117358"}],"wp:featuredmedia":[{"embeddable":true,"href":"https:\/\/www.fcbarcelonanoticias.com\/en\/wp-json\/wp\/v2\/media\/31144"}],"wp:attachment":[{"href":"https:\/\/www.fcbarcelonanoticias.com\/en\/wp-json\/wp\/v2\/media?parent=63211"}],"wp:term":[{"taxonomy":"category","embeddable":true,"href":"https:\/\/www.fcbarcelonanoticias.com\/en\/wp-json\/wp\/v2\/categories?post=63211"},{"taxonomy":"post_tag","embeddable":true,"href":"https:\/\/www.fcbarcelonanoticias.com\/en\/wp-json\/wp\/v2\/tags?post=63211"}],"curies":[{"name":"wp","href":"https:\/\/api.w.org\/{rel}","templated":true}]}}