{"id":63323,"date":"2022-12-31T19:39:00","date_gmt":"2022-12-31T18:39:00","guid":{"rendered":"https:\/\/weisetech.dev\/fc-barcelona-noticias\/en\/the-controversial-answer-of-thebes-to-vinicius-inform-you-better_288187_102\/"},"modified":"2022-12-31T19:39:00","modified_gmt":"2022-12-31T18:39:00","slug":"the-controversial-answer-of-thebes-to-vinicius-inform-you-better_288187_102","status":"publish","type":"post","link":"https:\/\/www.fcbarcelonanoticias.com\/en\/laliga\/the-controversial-answer-of-thebes-to-vinicius-inform-you-better_288187_102.html","title":{"rendered":"Thebes&#8217;s controversial response to Vinicius: &#8220;Learn better&#8230;&#8221;"},"content":{"rendered":"<h2 class=\"wp-block-heading\">The president of LaLiga, Javier Tebas, has responded to Vinicius Jr&#8217;s accusations about racist insults and how the employers do nothing to end them<\/h2>  \r\n<div class=\"article-addons\">\r\n    <a href=\"https:\/\/www.fcbarcelonanoticias.com\/en\/calendar-fc-barcelona.html\"\r\n       target=\"_self\"\r\n       title=\"Calendar of FC Barcelona\"\r\n       class=\"blue-gredient-btn\">\r\n       \r\n        Calendar of FC Barcelona    <\/a>\r\n<\/div>   <p>In the victory of the Real Madrid in Jos\u00e9 Zorilla of this Friday, <strong>Vinicius Jr was nuvamente victim of racist chants in his against when it had to go out of the field.<\/strong> The player of 22 years shared <a data-external=\"0\" data-intl-links-en=\"https:\/\/www.fcbarcelonanoticias.com\/en\/real-madrid\/hard-message-of-vinicius-against-laliga-by-his-permisivida_288173_102.html\" data-intl-links-es=\"https:\/\/www.fcbarcelonanoticias.com\/real-madrid\/duro-mensaje-vinicius-contra-laliga-por-su-permisividad-con-insultos-racistas_288173_102.html\" href=\"https:\/\/www.fcbarcelonanoticias.com\/en\/real-madrid\/hard-message-of-vinicius-against-laliga-by-his-permisivida_288173_102.html\" rel=\"follow\" target=\"_self\" title=\"Duro mensaje de Vinicius contra LaLiga por su permisividad con el racismo\">a message in his social networks<\/a> reporting that from LaLiga did case omiso to the injustices in the stadiums and Javier Thebes has not taken, neither an hour, in answering.<\/p>  <p>The extreme of the White House had shared a photography of the party against the Valladolid and wrote that &#8220;the racist follow going to the stadiums and seeing to the best club of the world closely and LaLiga follows without doing at all&#8230; <strong>I will follow with the high head and celebrating my victories and the ones of the Real Madrid. At the end, the fault is mine&#8221;.<\/strong><\/p>  <blockquote class=\"twitter-tweet\"> <p dir=\"ltr\" lang=\"pt\">You racist seguem indo aos est\u00e1dios and assistindo ao maior clube do world of perto and to <a href=\"https:\/\/twitter.com\/en\/LaLiga?ref_src=twsrc%5Etfw\">@LaLiga<\/a> segue sem fazer at all\u2026<br> Seguirei Of cabe\u00e7a heaved and comemorando ace minhas vit\u00f3rias and do Madrid.<br> No final to fault \u00e9 MINHA. \ud83e\udd19\ud83c\udfff <a href=\"https:\/\/t.co\/en\/5ztuTjP4s6\">pic.twitter.com\/5ztutjp4s6<\/a><\/p> \u2014 Vini Jr. (@vinijr) <a href=\"https:\/\/twitter.com\/en\/vinijr\/status\/1609193807882641408?ref_src=twsrc%5Etfw\">December 31, 2022<\/a> <\/blockquote> <p>The maximum mandator of the competition shared a message in his official account of Twitter asking him to Vin\u00edcius that informed better on the work of LaLiga to brake the racist acts in the stadiums and that<strong> were to disposal to row, all together, in the same direction, accompanied of an informative note of LaLiga. <\/strong><\/p>  <p>In his tweet, the costarricense wrote: &#8220;In LaLiga carry years struggling against the RACISM. Vinicius, is very unlucky, unfair and is not true to publish that <strong>&#8220;LaLiga does not do at all against the racism, inform you better. We are to your disposal so that ALL TOGETHER, go in the same direction&#8221;. <\/strong><\/p>  <blockquote class=\"twitter-tweet\"> <p dir=\"ltr\" lang=\"es\">In <a href=\"https:\/\/twitter.com\/en\/LaLiga?ref_src=twsrc%5Etfw\">@laliga<\/a> carry years struggling against the RACISM. <a href=\"https:\/\/twitter.com\/en\/vinijr?ref_src=twsrc%5Etfw\">@vinijr<\/a> Is very unlucky,unfair and is not true to publish that &#8220;<a href=\"https:\/\/twitter.com\/en\/LaLiga?ref_src=twsrc%5Etfw\">@laliga<\/a> does not do at all against the racism, inform you better.We are to your disposal so that ALL TOGETHER, go in the same direction.\ud83d\udc47<a href=\"https:\/\/t.co\/en\/60US2Gyk1h\">https:\/\/t.co\/60us2gyk1h<\/a><\/p> \u2014 Javier Thebes Medrano (@Tebasjavier) <a href=\"https:\/\/twitter.com\/en\/Tebasjavier\/status\/1609221990287806464?ref_src=twsrc%5Etfw\">December 31, 2022<\/a> <\/blockquote> <h3>Answer of LaLiga<\/h3>  <p>In the informative note, from the patronal stood out that &#8220;in front of the publication of Vinicius Jr, player of the Real Madrid, in his social networks, doing a comment in which it alludes to the fault of measures of action by part of LaLiga in the fight against the racism, LaLiga has detected racist insults of some person, from the terracing of the stadium of Zorrilla, published in social networks. These facts will be reported in front of the<strong> Commission Antiviolencia and the Fiscal\u00eda of crimes of hate, as it has done in other occasions in which LaLiga, after investigating racist behaviours inside and out of the stadiums, has led the fight against this type of acts&#8221;.<\/strong><\/p>  <p>Next, from LaLiga exposed the complaints that have produced from the season 2018-2019 against of the racist insults, in which they stood out those that &#8216;Vini&#8217; has suffered in Mallorca, Barcelona or Madrid, explaining that &#8220;LaLiga goes to be followed leading the fight against the lacra that is the violence, the racism, the xenofobia and the intolerance in the sport, <strong>no only with words but also with facts, as it shows with the performances that have been exposed&#8221;.<\/strong><\/p> ","protected":false},"excerpt":{"rendered":"<p>The president of LaLiga, Javier Tebas, has responded to Vinicius Jr&#8217;s accusations about racist insults and how the employers do nothing to end them In the victory of the Real Madrid in Jos\u00e9 Zorilla of this Friday, Vinicius Jr was nuvamente victim of racist chants in his against when it had to go out of [&hellip;]<\/p>\n","protected":false},"author":353,"featured_media":63327,"comment_status":"closed","ping_status":"open","sticky":false,"template":"","format":"standard","meta":{"_acf_changed":false,"inline_featured_image":false,"_nextfly_llmd_date_locked":false,"footnotes":""},"categories":[114,448],"tags":[99],"class_list":["post-63323","post","type-post","status-publish","format-standard","has-post-thumbnail","hentry","category-laliga","category-laliga-2","tag-javier-thebes"],"acf":[],"yoast_head":"<!-- This site is optimized with the Yoast SEO plugin v27.3 - https:\/\/yoast.com\/product\/yoast-seo-wordpress\/ -->\n<title>The controversial answer of Thebes to Vinicius: &quot;Inform you better...&quot;<\/title>\n<meta name=\"description\" content=\"The president of LaLiga, Javier Thebes, has answered to the indictments of Vinicius Jr on the racist insults and how from the patronal do not do at all stops...\" \/>\n<meta name=\"robots\" content=\"index, follow, max-snippet:-1, max-image-preview:large, max-video-preview:-1\" \/>\n<link rel=\"canonical\" href=\"https:\/\/www.fcbarcelonanoticias.com\/en\/laliga\/the-controversial-answer-of-thebes-to-vinicius-inform-you-better_288187_102.html\" \/>\n<meta property=\"og:locale\" content=\"en_US\" \/>\n<meta property=\"og:type\" content=\"article\" \/>\n<meta property=\"og:title\" content=\"The controversial answer of Thebes to Vinicius: &quot;Inform you better...&quot;\" \/>\n<meta property=\"og:description\" content=\"The president of LaLiga, Javier Thebes, has answered to the indictments of Vinicius Jr on the racist insults and how from the patronal do not do at all stops...\" \/>\n<meta property=\"og:url\" content=\"https:\/\/www.fcbarcelonanoticias.com\/en\/laliga\/the-controversial-answer-of-thebes-to-vinicius-inform-you-better_288187_102.html\" \/>\n<meta property=\"og:site_name\" content=\"EN - FC Barcelona Noticias\" \/>\n<meta property=\"article:published_time\" content=\"2022-12-31T18:39:00+00:00\" \/>\n<meta property=\"og:image\" content=\"https:\/\/www.fcbarcelonanoticias.com\/en\/wp-content\/uploads\/sites\/2\/2022\/12\/vinicius-jr-en-un-partido-del-real-madrid.jpeg\" \/>\n\t<meta property=\"og:image:width\" content=\"1200\" \/>\n\t<meta property=\"og:image:height\" content=\"675\" \/>\n\t<meta property=\"og:image:type\" content=\"image\/jpeg\" \/>\n<meta name=\"author\" content=\"FC Barcelona Noticias\" \/>\n<meta name=\"twitter:card\" content=\"summary_large_image\" \/>\n<meta name=\"twitter:label1\" content=\"Written by\" \/>\n\t<meta name=\"twitter:data1\" content=\"FC Barcelona Noticias\" \/>\n\t<meta name=\"twitter:label2\" content=\"Est. reading time\" \/>\n\t<meta name=\"twitter:data2\" content=\"3 minutes\" \/>\n<script type=\"application\/ld+json\" class=\"yoast-schema-graph\">{\"@context\":\"https:\\\/\\\/schema.org\",\"@graph\":[{\"@type\":\"Article\",\"@id\":\"https:\\\/\\\/www.fcbarcelonanoticias.com\\\/en\\\/laliga\\\/the-controversial-answer-of-thebes-to-vinicius-inform-you-better_288187_102.html#article\",\"isPartOf\":{\"@id\":\"https:\\\/\\\/www.fcbarcelonanoticias.com\\\/en\\\/laliga\\\/the-controversial-answer-of-thebes-to-vinicius-inform-you-better_288187_102.html\"},\"author\":{\"name\":\"FC Barcelona Noticias\",\"@id\":\"https:\\\/\\\/www.fcbarcelonanoticias.com\\\/en\\\/#\\\/schema\\\/person\\\/0f2810101d27606974cdb8edb54fa54b\"},\"headline\":\"Thebes&#8217;s controversial response to Vinicius: &#8220;Learn better&#8230;&#8221;\",\"datePublished\":\"2022-12-31T18:39:00+00:00\",\"mainEntityOfPage\":{\"@id\":\"https:\\\/\\\/www.fcbarcelonanoticias.com\\\/en\\\/laliga\\\/the-controversial-answer-of-thebes-to-vinicius-inform-you-better_288187_102.html\"},\"wordCount\":586,\"image\":{\"@id\":\"https:\\\/\\\/www.fcbarcelonanoticias.com\\\/en\\\/laliga\\\/the-controversial-answer-of-thebes-to-vinicius-inform-you-better_288187_102.html#primaryimage\"},\"thumbnailUrl\":\"https:\\\/\\\/www.fcbarcelonanoticias.com\\\/en\\\/wp-content\\\/uploads\\\/sites\\\/2\\\/2022\\\/12\\\/vinicius-jr-en-un-partido-del-real-madrid.jpeg\",\"keywords\":[\"Javier Thebes\"],\"articleSection\":[\"LaLiga\",\"LaLiga\"],\"inLanguage\":\"en-US\"},{\"@type\":\"WebPage\",\"@id\":\"https:\\\/\\\/www.fcbarcelonanoticias.com\\\/en\\\/laliga\\\/the-controversial-answer-of-thebes-to-vinicius-inform-you-better_288187_102.html\",\"url\":\"https:\\\/\\\/www.fcbarcelonanoticias.com\\\/en\\\/laliga\\\/the-controversial-answer-of-thebes-to-vinicius-inform-you-better_288187_102.html\",\"name\":\"The controversial answer of Thebes to Vinicius: \\\"Inform you better...\\\"\",\"isPartOf\":{\"@id\":\"https:\\\/\\\/www.fcbarcelonanoticias.com\\\/en\\\/#website\"},\"primaryImageOfPage\":{\"@id\":\"https:\\\/\\\/www.fcbarcelonanoticias.com\\\/en\\\/laliga\\\/the-controversial-answer-of-thebes-to-vinicius-inform-you-better_288187_102.html#primaryimage\"},\"image\":{\"@id\":\"https:\\\/\\\/www.fcbarcelonanoticias.com\\\/en\\\/laliga\\\/the-controversial-answer-of-thebes-to-vinicius-inform-you-better_288187_102.html#primaryimage\"},\"thumbnailUrl\":\"https:\\\/\\\/www.fcbarcelonanoticias.com\\\/en\\\/wp-content\\\/uploads\\\/sites\\\/2\\\/2022\\\/12\\\/vinicius-jr-en-un-partido-del-real-madrid.jpeg\",\"datePublished\":\"2022-12-31T18:39:00+00:00\",\"author\":{\"@id\":\"https:\\\/\\\/www.fcbarcelonanoticias.com\\\/en\\\/#\\\/schema\\\/person\\\/0f2810101d27606974cdb8edb54fa54b\"},\"description\":\"The president of LaLiga, Javier Thebes, has answered to the indictments of Vinicius Jr on the racist insults and how from the patronal do not do at all stops...\",\"breadcrumb\":{\"@id\":\"https:\\\/\\\/www.fcbarcelonanoticias.com\\\/en\\\/laliga\\\/the-controversial-answer-of-thebes-to-vinicius-inform-you-better_288187_102.html#breadcrumb\"},\"inLanguage\":\"en-US\",\"potentialAction\":[{\"@type\":\"ReadAction\",\"target\":[\"https:\\\/\\\/www.fcbarcelonanoticias.com\\\/en\\\/laliga\\\/the-controversial-answer-of-thebes-to-vinicius-inform-you-better_288187_102.html\"]}]},{\"@type\":\"ImageObject\",\"inLanguage\":\"en-US\",\"@id\":\"https:\\\/\\\/www.fcbarcelonanoticias.com\\\/en\\\/laliga\\\/the-controversial-answer-of-thebes-to-vinicius-inform-you-better_288187_102.html#primaryimage\",\"url\":\"https:\\\/\\\/www.fcbarcelonanoticias.com\\\/en\\\/wp-content\\\/uploads\\\/sites\\\/2\\\/2022\\\/12\\\/vinicius-jr-en-un-partido-del-real-madrid.jpeg\",\"contentUrl\":\"https:\\\/\\\/www.fcbarcelonanoticias.com\\\/en\\\/wp-content\\\/uploads\\\/sites\\\/2\\\/2022\\\/12\\\/vinicius-jr-en-un-partido-del-real-madrid.jpeg\",\"width\":1200,\"height\":675},{\"@type\":\"BreadcrumbList\",\"@id\":\"https:\\\/\\\/www.fcbarcelonanoticias.com\\\/en\\\/laliga\\\/the-controversial-answer-of-thebes-to-vinicius-inform-you-better_288187_102.html#breadcrumb\",\"itemListElement\":[{\"@type\":\"ListItem\",\"position\":1,\"name\":\"Portada\",\"item\":\"https:\\\/\\\/www.fcbarcelonanoticias.com\\\/en\\\/\"},{\"@type\":\"ListItem\",\"position\":2,\"name\":\"Thebes&#8217;s controversial response to Vinicius: &#8220;Learn better&#8230;&#8221;\"}]},{\"@type\":\"WebSite\",\"@id\":\"https:\\\/\\\/www.fcbarcelonanoticias.com\\\/en\\\/#website\",\"url\":\"https:\\\/\\\/www.fcbarcelonanoticias.com\\\/en\\\/\",\"name\":\"EN - FC Barcelona Noticias\",\"description\":\"\",\"potentialAction\":[{\"@type\":\"SearchAction\",\"target\":{\"@type\":\"EntryPoint\",\"urlTemplate\":\"https:\\\/\\\/www.fcbarcelonanoticias.com\\\/en\\\/?s={search_term_string}\"},\"query-input\":{\"@type\":\"PropertyValueSpecification\",\"valueRequired\":true,\"valueName\":\"search_term_string\"}}],\"inLanguage\":\"en-US\"},{\"@type\":\"Person\",\"@id\":\"https:\\\/\\\/www.fcbarcelonanoticias.com\\\/en\\\/#\\\/schema\\\/person\\\/0f2810101d27606974cdb8edb54fa54b\",\"name\":\"FC Barcelona Noticias\",\"image\":{\"@type\":\"ImageObject\",\"inLanguage\":\"en-US\",\"@id\":\"https:\\\/\\\/secure.gravatar.com\\\/avatar\\\/?s=96&d=mm&r=g\",\"url\":\"https:\\\/\\\/secure.gravatar.com\\\/avatar\\\/?s=96&d=mm&r=g\",\"contentUrl\":\"https:\\\/\\\/secure.gravatar.com\\\/avatar\\\/?s=96&d=mm&r=g\",\"caption\":\"FC Barcelona Noticias\"},\"url\":\"https:\\\/\\\/www.fcbarcelonanoticias.com\\\/en\\\/fc-barcelona\\\/fcbn-writing-fc-barcelona-news_6_115.html\"}]}<\/script>\n<!-- \/ Yoast SEO plugin. -->","yoast_head_json":{"title":"The controversial answer of Thebes to Vinicius: \"Inform you better...\"","description":"The president of LaLiga, Javier Thebes, has answered to the indictments of Vinicius Jr on the racist insults and how from the patronal do not do at all stops...","robots":{"index":"index","follow":"follow","max-snippet":"max-snippet:-1","max-image-preview":"max-image-preview:large","max-video-preview":"max-video-preview:-1"},"canonical":"https:\/\/www.fcbarcelonanoticias.com\/en\/laliga\/the-controversial-answer-of-thebes-to-vinicius-inform-you-better_288187_102.html","og_locale":"en_US","og_type":"article","og_title":"The controversial answer of Thebes to Vinicius: \"Inform you better...\"","og_description":"The president of LaLiga, Javier Thebes, has answered to the indictments of Vinicius Jr on the racist insults and how from the patronal do not do at all stops...","og_url":"https:\/\/www.fcbarcelonanoticias.com\/en\/laliga\/the-controversial-answer-of-thebes-to-vinicius-inform-you-better_288187_102.html","og_site_name":"EN - FC Barcelona Noticias","article_published_time":"2022-12-31T18:39:00+00:00","og_image":[{"width":1200,"height":675,"url":"https:\/\/www.fcbarcelonanoticias.com\/en\/wp-content\/uploads\/sites\/2\/2022\/12\/vinicius-jr-en-un-partido-del-real-madrid.jpeg","type":"image\/jpeg"}],"author":"FC Barcelona Noticias","twitter_card":"summary_large_image","twitter_misc":{"Written by":"FC Barcelona Noticias","Est. reading time":"3 minutes"},"schema":{"@context":"https:\/\/schema.org","@graph":[{"@type":"Article","@id":"https:\/\/www.fcbarcelonanoticias.com\/en\/laliga\/the-controversial-answer-of-thebes-to-vinicius-inform-you-better_288187_102.html#article","isPartOf":{"@id":"https:\/\/www.fcbarcelonanoticias.com\/en\/laliga\/the-controversial-answer-of-thebes-to-vinicius-inform-you-better_288187_102.html"},"author":{"name":"FC Barcelona Noticias","@id":"https:\/\/www.fcbarcelonanoticias.com\/en\/#\/schema\/person\/0f2810101d27606974cdb8edb54fa54b"},"headline":"Thebes&#8217;s controversial response to Vinicius: &#8220;Learn better&#8230;&#8221;","datePublished":"2022-12-31T18:39:00+00:00","mainEntityOfPage":{"@id":"https:\/\/www.fcbarcelonanoticias.com\/en\/laliga\/the-controversial-answer-of-thebes-to-vinicius-inform-you-better_288187_102.html"},"wordCount":586,"image":{"@id":"https:\/\/www.fcbarcelonanoticias.com\/en\/laliga\/the-controversial-answer-of-thebes-to-vinicius-inform-you-better_288187_102.html#primaryimage"},"thumbnailUrl":"https:\/\/www.fcbarcelonanoticias.com\/en\/wp-content\/uploads\/sites\/2\/2022\/12\/vinicius-jr-en-un-partido-del-real-madrid.jpeg","keywords":["Javier Thebes"],"articleSection":["LaLiga","LaLiga"],"inLanguage":"en-US"},{"@type":"WebPage","@id":"https:\/\/www.fcbarcelonanoticias.com\/en\/laliga\/the-controversial-answer-of-thebes-to-vinicius-inform-you-better_288187_102.html","url":"https:\/\/www.fcbarcelonanoticias.com\/en\/laliga\/the-controversial-answer-of-thebes-to-vinicius-inform-you-better_288187_102.html","name":"The controversial answer of Thebes to Vinicius: \"Inform you better...\"","isPartOf":{"@id":"https:\/\/www.fcbarcelonanoticias.com\/en\/#website"},"primaryImageOfPage":{"@id":"https:\/\/www.fcbarcelonanoticias.com\/en\/laliga\/the-controversial-answer-of-thebes-to-vinicius-inform-you-better_288187_102.html#primaryimage"},"image":{"@id":"https:\/\/www.fcbarcelonanoticias.com\/en\/laliga\/the-controversial-answer-of-thebes-to-vinicius-inform-you-better_288187_102.html#primaryimage"},"thumbnailUrl":"https:\/\/www.fcbarcelonanoticias.com\/en\/wp-content\/uploads\/sites\/2\/2022\/12\/vinicius-jr-en-un-partido-del-real-madrid.jpeg","datePublished":"2022-12-31T18:39:00+00:00","author":{"@id":"https:\/\/www.fcbarcelonanoticias.com\/en\/#\/schema\/person\/0f2810101d27606974cdb8edb54fa54b"},"description":"The president of LaLiga, Javier Thebes, has answered to the indictments of Vinicius Jr on the racist insults and how from the patronal do not do at all stops...","breadcrumb":{"@id":"https:\/\/www.fcbarcelonanoticias.com\/en\/laliga\/the-controversial-answer-of-thebes-to-vinicius-inform-you-better_288187_102.html#breadcrumb"},"inLanguage":"en-US","potentialAction":[{"@type":"ReadAction","target":["https:\/\/www.fcbarcelonanoticias.com\/en\/laliga\/the-controversial-answer-of-thebes-to-vinicius-inform-you-better_288187_102.html"]}]},{"@type":"ImageObject","inLanguage":"en-US","@id":"https:\/\/www.fcbarcelonanoticias.com\/en\/laliga\/the-controversial-answer-of-thebes-to-vinicius-inform-you-better_288187_102.html#primaryimage","url":"https:\/\/www.fcbarcelonanoticias.com\/en\/wp-content\/uploads\/sites\/2\/2022\/12\/vinicius-jr-en-un-partido-del-real-madrid.jpeg","contentUrl":"https:\/\/www.fcbarcelonanoticias.com\/en\/wp-content\/uploads\/sites\/2\/2022\/12\/vinicius-jr-en-un-partido-del-real-madrid.jpeg","width":1200,"height":675},{"@type":"BreadcrumbList","@id":"https:\/\/www.fcbarcelonanoticias.com\/en\/laliga\/the-controversial-answer-of-thebes-to-vinicius-inform-you-better_288187_102.html#breadcrumb","itemListElement":[{"@type":"ListItem","position":1,"name":"Portada","item":"https:\/\/www.fcbarcelonanoticias.com\/en\/"},{"@type":"ListItem","position":2,"name":"Thebes&#8217;s controversial response to Vinicius: &#8220;Learn better&#8230;&#8221;"}]},{"@type":"WebSite","@id":"https:\/\/www.fcbarcelonanoticias.com\/en\/#website","url":"https:\/\/www.fcbarcelonanoticias.com\/en\/","name":"EN - FC Barcelona Noticias","description":"","potentialAction":[{"@type":"SearchAction","target":{"@type":"EntryPoint","urlTemplate":"https:\/\/www.fcbarcelonanoticias.com\/en\/?s={search_term_string}"},"query-input":{"@type":"PropertyValueSpecification","valueRequired":true,"valueName":"search_term_string"}}],"inLanguage":"en-US"},{"@type":"Person","@id":"https:\/\/www.fcbarcelonanoticias.com\/en\/#\/schema\/person\/0f2810101d27606974cdb8edb54fa54b","name":"FC Barcelona Noticias","image":{"@type":"ImageObject","inLanguage":"en-US","@id":"https:\/\/secure.gravatar.com\/avatar\/?s=96&d=mm&r=g","url":"https:\/\/secure.gravatar.com\/avatar\/?s=96&d=mm&r=g","contentUrl":"https:\/\/secure.gravatar.com\/avatar\/?s=96&d=mm&r=g","caption":"FC Barcelona Noticias"},"url":"https:\/\/www.fcbarcelonanoticias.com\/en\/fc-barcelona\/fcbn-writing-fc-barcelona-news_6_115.html"}]}},"_links":{"self":[{"href":"https:\/\/www.fcbarcelonanoticias.com\/en\/wp-json\/wp\/v2\/posts\/63323","targetHints":{"allow":["GET"]}}],"collection":[{"href":"https:\/\/www.fcbarcelonanoticias.com\/en\/wp-json\/wp\/v2\/posts"}],"about":[{"href":"https:\/\/www.fcbarcelonanoticias.com\/en\/wp-json\/wp\/v2\/types\/post"}],"author":[{"embeddable":true,"href":"https:\/\/www.fcbarcelonanoticias.com\/en\/wp-json\/wp\/v2\/users\/353"}],"replies":[{"embeddable":true,"href":"https:\/\/www.fcbarcelonanoticias.com\/en\/wp-json\/wp\/v2\/comments?post=63323"}],"version-history":[{"count":1,"href":"https:\/\/www.fcbarcelonanoticias.com\/en\/wp-json\/wp\/v2\/posts\/63323\/revisions"}],"predecessor-version":[{"id":117889,"href":"https:\/\/www.fcbarcelonanoticias.com\/en\/wp-json\/wp\/v2\/posts\/63323\/revisions\/117889"}],"wp:featuredmedia":[{"embeddable":true,"href":"https:\/\/www.fcbarcelonanoticias.com\/en\/wp-json\/wp\/v2\/media\/63327"}],"wp:attachment":[{"href":"https:\/\/www.fcbarcelonanoticias.com\/en\/wp-json\/wp\/v2\/media?parent=63323"}],"wp:term":[{"taxonomy":"category","embeddable":true,"href":"https:\/\/www.fcbarcelonanoticias.com\/en\/wp-json\/wp\/v2\/categories?post=63323"},{"taxonomy":"post_tag","embeddable":true,"href":"https:\/\/www.fcbarcelonanoticias.com\/en\/wp-json\/wp\/v2\/tags?post=63323"}],"curies":[{"name":"wp","href":"https:\/\/api.w.org\/{rel}","templated":true}]}}