{"id":63553,"date":"2024-11-30T19:56:00","date_gmt":"2024-11-30T18:56:00","guid":{"rendered":"https:\/\/weisetech.dev\/fc-barcelona-noticias\/en\/the-law-of-the-ex-hits-barca-again-in-laliga_308989_102\/"},"modified":"2024-11-30T20:18:00","modified_gmt":"2024-11-30T19:18:00","slug":"the-law-of-the-ex-hits-barca-again-in-laliga_308989_102","status":"publish","type":"post","link":"https:\/\/www.fcbarcelonanoticias.com\/en\/laliga\/the-law-of-the-ex-hits-barca-again-in-laliga_308989_102.html","title":{"rendered":"The &#8216;law of the ex&#8217; hits Bar\u00e7a again in LaLiga"},"content":{"rendered":"<h2 class=\"wp-block-heading\">Sandro Ram\u00edrez fulfilled the &#8216;law of the ex&#8217; in Bar\u00e7a-Las Palmas. The striker joins the exclusive list of former Bar\u00e7a players to score against the club<\/h2>  \r\n<div class=\"article-addons\">\r\n    <a href=\"https:\/\/www.fcbarcelonanoticias.com\/en\/calendar-fc-barcelona.html\"\r\n       target=\"_self\"\r\n       title=\"Calendar of FC Barcelona\"\r\n       class=\"blue-gredient-btn\">\r\n       \r\n        Calendar of FC Barcelona    <\/a>\r\n<\/div>   <p>The defeat against <strong>Las Palmas<\/strong> was a particularly painful one for <strong>FC Barcelona<\/strong>. The team managed by <strong>Hansi Flick<\/strong> lost its impressive unbeaten streak at <strong>Montju\u00efc<\/strong>, <a data-external=\"0\" data-intl-links-en=\"https:\/\/www.fcbarcelonanoticias.com\/en\/laliga\/fc-barcelona-faced-its-ghosts-again-without-lamine-yamal_308987_102.html\" data-intl-links-es=\"https:\/\/www.fcbarcelonanoticias.com\/laliga\/fc-barcelona-volvio-enfrentar-sus-fantasmas-sin-lamine-yamal_308987_102.html\" href=\"https:\/\/www.fcbarcelonanoticias.com\/en\/laliga\/fc-barcelona-faced-its-ghosts-again-without-lamine-yamal_308987_102.html\" rel=\"follow\" target=\"_self\" title=\"FC Barcelona faced its 'ghosts' again without Lamine Yamal\">with Lamine Yamal on the bench<\/a> and a former cul\u00e9 in charge of putting one of the nails in the &#8216;coffin&#8217; of the Blaugrana.<\/p>  <p><strong>Sandro Ram\u00edrez<\/strong>, a youth player from La Masia and a first team player in the 2015-2016 season, fulfilled the inexorable &#8216;law of the ex&#8217; by scoring the first goal <a data-external=\"0\" data-intl-links-en=\"https:\/\/www.fcbarcelonanoticias.com\/en\/laliga\/fc-barcelona-suffered-their-first-home-defeat-this-season_308986_102.html\" data-intl-links-es=\"https:\/\/www.fcbarcelonanoticias.com\/laliga\/fc-barcelona-sufrio-su-primera-derrota-en-casa-esta-temporada_308986_102.html\" href=\"https:\/\/www.fcbarcelonanoticias.com\/en\/laliga\/fc-barcelona-suffered-their-first-home-defeat-this-season_308986_102.html\" rel=\"follow\" target=\"_self\" title=\"FC Barcelona suffered their first home defeat this season\">of the victory of the Canaries at the Estadi Ol\u00edmpic Llu\u00eds Companys<\/a>. A goal that allows him to enter an exclusive list of former <strong>Bar\u00e7a <\/strong>players to score at least one goal against their former team.<\/p>  <p>In the last decade, six former Blaugranas have made use of this implicit law. <strong>The first of them was Nolito<\/strong>, who wore the blue and red shirt on two occasions in 2010\/11, scoring the first goal in Celta&#8217;s victory at Bala\u00eddos against the Catalans (4-1) in 15\/16. Six years later, in 21\/22, the striker scored his second goal against the Catalans in the 3-3 draw in Vigo.<\/p>  <h3>The other ex-Bar\u00e7a players to score against Bar\u00e7a<\/h3>  <p>Later, it was <strong>Luis Su\u00e1rez<\/strong> who scored twice against <strong>Bar\u00e7a<\/strong>. In his second season at Atl\u00e9tico de Madrid, in 21\/22, the Uruguayan scored the second goal in the Colchoneros&#8217; victory at the Metropolitano (2-0), doing the same in the Indians&#8217; defeat at Camp Nou (4-2). That same season, <strong>Marc Bartra<\/strong> also &#8216;vaccinated&#8217; the Catalans in Betis&#8217; 1-2 defeat in Seville.<\/p>  <p>Finally, in the 2023\/24 season, <strong>Munir El Haddadi<\/strong>, wearing the Las Palmas shirt, scored the first goal in the Canaries&#8217; defeat against the Catalans, while <strong>Ilias Akhomach<\/strong>, a former La Masia youth player, &#8216;took revenge&#8217; on his former team in Villarreal&#8217;s 3-5 victory in Barcelona.<\/p> ","protected":false},"excerpt":{"rendered":"<p>Sandro Ram\u00edrez fulfilled the &#8216;law of the ex&#8217; in Bar\u00e7a-Las Palmas. The striker joins the exclusive list of former Bar\u00e7a players to score against the club The defeat against Las Palmas was a particularly painful one for FC Barcelona. The team managed by Hansi Flick lost its impressive unbeaten streak at Montju\u00efc, with Lamine Yamal [&hellip;]<\/p>\n","protected":false},"author":358,"featured_media":63561,"comment_status":"closed","ping_status":"open","sticky":false,"template":"","format":"standard","meta":{"_acf_changed":false,"inline_featured_image":false,"_nextfly_llmd_date_locked":false,"footnotes":""},"categories":[448,114],"tags":[135,252,350,319,381,157],"class_list":["post-63553","post","type-post","status-publish","format-standard","has-post-thumbnail","hentry","category-laliga-2","category-laliga","tag-luis-suarez","tag-marc-bartra","tag-munir-the-haddadi","tag-nolito","tag-sandro-ramirez","tag-statistics"],"acf":[],"yoast_head":"<!-- This site is optimized with the Yoast SEO plugin v27.3 - https:\/\/yoast.com\/product\/yoast-seo-wordpress\/ -->\n<title>The &#039;law of the ex&#039; hits Bar\u00e7a again in LaLiga<\/title>\n<meta name=\"description\" content=\"Sandro Ram\u00edrez fulfilled the &#039;law of the ex&#039; in Bar\u00e7a-Las Palmas. The striker joins the exclusive list of former Bar\u00e7a players to score against the club\" \/>\n<meta name=\"robots\" content=\"index, follow, max-snippet:-1, max-image-preview:large, max-video-preview:-1\" \/>\n<link rel=\"canonical\" href=\"https:\/\/www.fcbarcelonanoticias.com\/en\/laliga\/the-law-of-the-ex-hits-barca-again-in-laliga_308989_102.html\" \/>\n<meta property=\"og:locale\" content=\"en_US\" \/>\n<meta property=\"og:type\" content=\"article\" \/>\n<meta property=\"og:title\" content=\"The &#039;law of the ex&#039; hits Bar\u00e7a again in LaLiga\" \/>\n<meta property=\"og:description\" content=\"Sandro Ram\u00edrez fulfilled the &#039;law of the ex&#039; in Bar\u00e7a-Las Palmas. The striker joins the exclusive list of former Bar\u00e7a players to score against the club\" \/>\n<meta property=\"og:url\" content=\"https:\/\/www.fcbarcelonanoticias.com\/en\/laliga\/the-law-of-the-ex-hits-barca-again-in-laliga_308989_102.html\" \/>\n<meta property=\"og:site_name\" content=\"EN - FC Barcelona Noticias\" \/>\n<meta property=\"article:published_time\" content=\"2024-11-30T18:56:00+00:00\" \/>\n<meta property=\"article:modified_time\" content=\"2024-11-30T19:18:00+00:00\" \/>\n<meta property=\"og:image\" content=\"https:\/\/www.fcbarcelonanoticias.com\/en\/wp-content\/uploads\/sites\/2\/2024\/11\/fc-barcelona-v-ud-las-palmas-la-liga-ea-sports-4-1-scaled.jpeg\" \/>\n\t<meta property=\"og:image:width\" content=\"2560\" \/>\n\t<meta property=\"og:image:height\" content=\"1706\" \/>\n\t<meta property=\"og:image:type\" content=\"image\/jpeg\" \/>\n<meta name=\"author\" content=\"Juan Pablo Berdugo\" \/>\n<meta name=\"twitter:card\" content=\"summary_large_image\" \/>\n<meta name=\"twitter:label1\" content=\"Written by\" \/>\n\t<meta name=\"twitter:data1\" content=\"Juan Pablo Berdugo\" \/>\n\t<meta name=\"twitter:label2\" content=\"Est. reading time\" \/>\n\t<meta name=\"twitter:data2\" content=\"2 minutes\" \/>\n<script type=\"application\/ld+json\" class=\"yoast-schema-graph\">{\"@context\":\"https:\\\/\\\/schema.org\",\"@graph\":[{\"@type\":\"Article\",\"@id\":\"https:\\\/\\\/www.fcbarcelonanoticias.com\\\/en\\\/laliga\\\/the-law-of-the-ex-hits-barca-again-in-laliga_308989_102.html#article\",\"isPartOf\":{\"@id\":\"https:\\\/\\\/www.fcbarcelonanoticias.com\\\/en\\\/laliga\\\/the-law-of-the-ex-hits-barca-again-in-laliga_308989_102.html\"},\"author\":{\"name\":\"Juan Pablo Berdugo\",\"@id\":\"https:\\\/\\\/www.fcbarcelonanoticias.com\\\/en\\\/#\\\/schema\\\/person\\\/88d756918a0a1ae9fa593b5edddd1815\"},\"headline\":\"The &#8216;law of the ex&#8217; hits Bar\u00e7a again in LaLiga\",\"datePublished\":\"2024-11-30T18:56:00+00:00\",\"dateModified\":\"2024-11-30T19:18:00+00:00\",\"mainEntityOfPage\":{\"@id\":\"https:\\\/\\\/www.fcbarcelonanoticias.com\\\/en\\\/laliga\\\/the-law-of-the-ex-hits-barca-again-in-laliga_308989_102.html\"},\"wordCount\":343,\"image\":{\"@id\":\"https:\\\/\\\/www.fcbarcelonanoticias.com\\\/en\\\/laliga\\\/the-law-of-the-ex-hits-barca-again-in-laliga_308989_102.html#primaryimage\"},\"thumbnailUrl\":\"https:\\\/\\\/www.fcbarcelonanoticias.com\\\/en\\\/wp-content\\\/uploads\\\/sites\\\/2\\\/2024\\\/11\\\/fc-barcelona-v-ud-las-palmas-la-liga-ea-sports-4-1-scaled.jpeg\",\"keywords\":[\"Luis Su\u00e1rez\",\"Marc Bartra\",\"Munir The Haddadi\",\"Nolito\",\"Sandro Ram\u00edrez\",\"Statistics\"],\"articleSection\":[\"LaLiga\",\"LaLiga\"],\"inLanguage\":\"en-US\"},{\"@type\":\"WebPage\",\"@id\":\"https:\\\/\\\/www.fcbarcelonanoticias.com\\\/en\\\/laliga\\\/the-law-of-the-ex-hits-barca-again-in-laliga_308989_102.html\",\"url\":\"https:\\\/\\\/www.fcbarcelonanoticias.com\\\/en\\\/laliga\\\/the-law-of-the-ex-hits-barca-again-in-laliga_308989_102.html\",\"name\":\"The 'law of the ex' hits Bar\u00e7a again in LaLiga\",\"isPartOf\":{\"@id\":\"https:\\\/\\\/www.fcbarcelonanoticias.com\\\/en\\\/#website\"},\"primaryImageOfPage\":{\"@id\":\"https:\\\/\\\/www.fcbarcelonanoticias.com\\\/en\\\/laliga\\\/the-law-of-the-ex-hits-barca-again-in-laliga_308989_102.html#primaryimage\"},\"image\":{\"@id\":\"https:\\\/\\\/www.fcbarcelonanoticias.com\\\/en\\\/laliga\\\/the-law-of-the-ex-hits-barca-again-in-laliga_308989_102.html#primaryimage\"},\"thumbnailUrl\":\"https:\\\/\\\/www.fcbarcelonanoticias.com\\\/en\\\/wp-content\\\/uploads\\\/sites\\\/2\\\/2024\\\/11\\\/fc-barcelona-v-ud-las-palmas-la-liga-ea-sports-4-1-scaled.jpeg\",\"datePublished\":\"2024-11-30T18:56:00+00:00\",\"dateModified\":\"2024-11-30T19:18:00+00:00\",\"author\":{\"@id\":\"https:\\\/\\\/www.fcbarcelonanoticias.com\\\/en\\\/#\\\/schema\\\/person\\\/88d756918a0a1ae9fa593b5edddd1815\"},\"description\":\"Sandro Ram\u00edrez fulfilled the 'law of the ex' in Bar\u00e7a-Las Palmas. The striker joins the exclusive list of former Bar\u00e7a players to score against the club\",\"breadcrumb\":{\"@id\":\"https:\\\/\\\/www.fcbarcelonanoticias.com\\\/en\\\/laliga\\\/the-law-of-the-ex-hits-barca-again-in-laliga_308989_102.html#breadcrumb\"},\"inLanguage\":\"en-US\",\"potentialAction\":[{\"@type\":\"ReadAction\",\"target\":[\"https:\\\/\\\/www.fcbarcelonanoticias.com\\\/en\\\/laliga\\\/the-law-of-the-ex-hits-barca-again-in-laliga_308989_102.html\"]}]},{\"@type\":\"ImageObject\",\"inLanguage\":\"en-US\",\"@id\":\"https:\\\/\\\/www.fcbarcelonanoticias.com\\\/en\\\/laliga\\\/the-law-of-the-ex-hits-barca-again-in-laliga_308989_102.html#primaryimage\",\"url\":\"https:\\\/\\\/www.fcbarcelonanoticias.com\\\/en\\\/wp-content\\\/uploads\\\/sites\\\/2\\\/2024\\\/11\\\/fc-barcelona-v-ud-las-palmas-la-liga-ea-sports-4-1-scaled.jpeg\",\"contentUrl\":\"https:\\\/\\\/www.fcbarcelonanoticias.com\\\/en\\\/wp-content\\\/uploads\\\/sites\\\/2\\\/2024\\\/11\\\/fc-barcelona-v-ud-las-palmas-la-liga-ea-sports-4-1-scaled.jpeg\",\"width\":2560,\"height\":1706},{\"@type\":\"BreadcrumbList\",\"@id\":\"https:\\\/\\\/www.fcbarcelonanoticias.com\\\/en\\\/laliga\\\/the-law-of-the-ex-hits-barca-again-in-laliga_308989_102.html#breadcrumb\",\"itemListElement\":[{\"@type\":\"ListItem\",\"position\":1,\"name\":\"Portada\",\"item\":\"https:\\\/\\\/www.fcbarcelonanoticias.com\\\/en\\\/\"},{\"@type\":\"ListItem\",\"position\":2,\"name\":\"The &#8216;law of the ex&#8217; hits Bar\u00e7a again in LaLiga\"}]},{\"@type\":\"WebSite\",\"@id\":\"https:\\\/\\\/www.fcbarcelonanoticias.com\\\/en\\\/#website\",\"url\":\"https:\\\/\\\/www.fcbarcelonanoticias.com\\\/en\\\/\",\"name\":\"EN - FC Barcelona Noticias\",\"description\":\"\",\"potentialAction\":[{\"@type\":\"SearchAction\",\"target\":{\"@type\":\"EntryPoint\",\"urlTemplate\":\"https:\\\/\\\/www.fcbarcelonanoticias.com\\\/en\\\/?s={search_term_string}\"},\"query-input\":{\"@type\":\"PropertyValueSpecification\",\"valueRequired\":true,\"valueName\":\"search_term_string\"}}],\"inLanguage\":\"en-US\"},{\"@type\":\"Person\",\"@id\":\"https:\\\/\\\/www.fcbarcelonanoticias.com\\\/en\\\/#\\\/schema\\\/person\\\/88d756918a0a1ae9fa593b5edddd1815\",\"name\":\"Juan Pablo Berdugo\",\"image\":{\"@type\":\"ImageObject\",\"inLanguage\":\"en-US\",\"@id\":\"https:\\\/\\\/secure.gravatar.com\\\/avatar\\\/?s=96&d=mm&r=g\",\"url\":\"https:\\\/\\\/secure.gravatar.com\\\/avatar\\\/?s=96&d=mm&r=g\",\"contentUrl\":\"https:\\\/\\\/secure.gravatar.com\\\/avatar\\\/?s=96&d=mm&r=g\",\"caption\":\"Juan Pablo Berdugo\"},\"description\":\"Juan Pablo Berdugo es graduado en Periodismo. Colabora con FCBN como especialista en informaci\u00f3n del primer equipo del FC Barcelona, f\u00fatbol internacional y mercado de fichajes. Destaca por su enfoque anal\u00edtico, su rigor informativo y su capacidad para detectar tendencias emergentes en el f\u00fatbol global.\",\"url\":\"https:\\\/\\\/www.fcbarcelonanoticias.com\\\/en\\\/fc-barcelona\\\/juan-pablo-berdugo_18_115.html\"}]}<\/script>\n<!-- \/ Yoast SEO plugin. -->","yoast_head_json":{"title":"The 'law of the ex' hits Bar\u00e7a again in LaLiga","description":"Sandro Ram\u00edrez fulfilled the 'law of the ex' in Bar\u00e7a-Las Palmas. The striker joins the exclusive list of former Bar\u00e7a players to score against the club","robots":{"index":"index","follow":"follow","max-snippet":"max-snippet:-1","max-image-preview":"max-image-preview:large","max-video-preview":"max-video-preview:-1"},"canonical":"https:\/\/www.fcbarcelonanoticias.com\/en\/laliga\/the-law-of-the-ex-hits-barca-again-in-laliga_308989_102.html","og_locale":"en_US","og_type":"article","og_title":"The 'law of the ex' hits Bar\u00e7a again in LaLiga","og_description":"Sandro Ram\u00edrez fulfilled the 'law of the ex' in Bar\u00e7a-Las Palmas. The striker joins the exclusive list of former Bar\u00e7a players to score against the club","og_url":"https:\/\/www.fcbarcelonanoticias.com\/en\/laliga\/the-law-of-the-ex-hits-barca-again-in-laliga_308989_102.html","og_site_name":"EN - FC Barcelona Noticias","article_published_time":"2024-11-30T18:56:00+00:00","article_modified_time":"2024-11-30T19:18:00+00:00","og_image":[{"width":2560,"height":1706,"url":"https:\/\/www.fcbarcelonanoticias.com\/en\/wp-content\/uploads\/sites\/2\/2024\/11\/fc-barcelona-v-ud-las-palmas-la-liga-ea-sports-4-1-scaled.jpeg","type":"image\/jpeg"}],"author":"Juan Pablo Berdugo","twitter_card":"summary_large_image","twitter_misc":{"Written by":"Juan Pablo Berdugo","Est. reading time":"2 minutes"},"schema":{"@context":"https:\/\/schema.org","@graph":[{"@type":"Article","@id":"https:\/\/www.fcbarcelonanoticias.com\/en\/laliga\/the-law-of-the-ex-hits-barca-again-in-laliga_308989_102.html#article","isPartOf":{"@id":"https:\/\/www.fcbarcelonanoticias.com\/en\/laliga\/the-law-of-the-ex-hits-barca-again-in-laliga_308989_102.html"},"author":{"name":"Juan Pablo Berdugo","@id":"https:\/\/www.fcbarcelonanoticias.com\/en\/#\/schema\/person\/88d756918a0a1ae9fa593b5edddd1815"},"headline":"The &#8216;law of the ex&#8217; hits Bar\u00e7a again in LaLiga","datePublished":"2024-11-30T18:56:00+00:00","dateModified":"2024-11-30T19:18:00+00:00","mainEntityOfPage":{"@id":"https:\/\/www.fcbarcelonanoticias.com\/en\/laliga\/the-law-of-the-ex-hits-barca-again-in-laliga_308989_102.html"},"wordCount":343,"image":{"@id":"https:\/\/www.fcbarcelonanoticias.com\/en\/laliga\/the-law-of-the-ex-hits-barca-again-in-laliga_308989_102.html#primaryimage"},"thumbnailUrl":"https:\/\/www.fcbarcelonanoticias.com\/en\/wp-content\/uploads\/sites\/2\/2024\/11\/fc-barcelona-v-ud-las-palmas-la-liga-ea-sports-4-1-scaled.jpeg","keywords":["Luis Su\u00e1rez","Marc Bartra","Munir The Haddadi","Nolito","Sandro Ram\u00edrez","Statistics"],"articleSection":["LaLiga","LaLiga"],"inLanguage":"en-US"},{"@type":"WebPage","@id":"https:\/\/www.fcbarcelonanoticias.com\/en\/laliga\/the-law-of-the-ex-hits-barca-again-in-laliga_308989_102.html","url":"https:\/\/www.fcbarcelonanoticias.com\/en\/laliga\/the-law-of-the-ex-hits-barca-again-in-laliga_308989_102.html","name":"The 'law of the ex' hits Bar\u00e7a again in LaLiga","isPartOf":{"@id":"https:\/\/www.fcbarcelonanoticias.com\/en\/#website"},"primaryImageOfPage":{"@id":"https:\/\/www.fcbarcelonanoticias.com\/en\/laliga\/the-law-of-the-ex-hits-barca-again-in-laliga_308989_102.html#primaryimage"},"image":{"@id":"https:\/\/www.fcbarcelonanoticias.com\/en\/laliga\/the-law-of-the-ex-hits-barca-again-in-laliga_308989_102.html#primaryimage"},"thumbnailUrl":"https:\/\/www.fcbarcelonanoticias.com\/en\/wp-content\/uploads\/sites\/2\/2024\/11\/fc-barcelona-v-ud-las-palmas-la-liga-ea-sports-4-1-scaled.jpeg","datePublished":"2024-11-30T18:56:00+00:00","dateModified":"2024-11-30T19:18:00+00:00","author":{"@id":"https:\/\/www.fcbarcelonanoticias.com\/en\/#\/schema\/person\/88d756918a0a1ae9fa593b5edddd1815"},"description":"Sandro Ram\u00edrez fulfilled the 'law of the ex' in Bar\u00e7a-Las Palmas. The striker joins the exclusive list of former Bar\u00e7a players to score against the club","breadcrumb":{"@id":"https:\/\/www.fcbarcelonanoticias.com\/en\/laliga\/the-law-of-the-ex-hits-barca-again-in-laliga_308989_102.html#breadcrumb"},"inLanguage":"en-US","potentialAction":[{"@type":"ReadAction","target":["https:\/\/www.fcbarcelonanoticias.com\/en\/laliga\/the-law-of-the-ex-hits-barca-again-in-laliga_308989_102.html"]}]},{"@type":"ImageObject","inLanguage":"en-US","@id":"https:\/\/www.fcbarcelonanoticias.com\/en\/laliga\/the-law-of-the-ex-hits-barca-again-in-laliga_308989_102.html#primaryimage","url":"https:\/\/www.fcbarcelonanoticias.com\/en\/wp-content\/uploads\/sites\/2\/2024\/11\/fc-barcelona-v-ud-las-palmas-la-liga-ea-sports-4-1-scaled.jpeg","contentUrl":"https:\/\/www.fcbarcelonanoticias.com\/en\/wp-content\/uploads\/sites\/2\/2024\/11\/fc-barcelona-v-ud-las-palmas-la-liga-ea-sports-4-1-scaled.jpeg","width":2560,"height":1706},{"@type":"BreadcrumbList","@id":"https:\/\/www.fcbarcelonanoticias.com\/en\/laliga\/the-law-of-the-ex-hits-barca-again-in-laliga_308989_102.html#breadcrumb","itemListElement":[{"@type":"ListItem","position":1,"name":"Portada","item":"https:\/\/www.fcbarcelonanoticias.com\/en\/"},{"@type":"ListItem","position":2,"name":"The &#8216;law of the ex&#8217; hits Bar\u00e7a again in LaLiga"}]},{"@type":"WebSite","@id":"https:\/\/www.fcbarcelonanoticias.com\/en\/#website","url":"https:\/\/www.fcbarcelonanoticias.com\/en\/","name":"EN - FC Barcelona Noticias","description":"","potentialAction":[{"@type":"SearchAction","target":{"@type":"EntryPoint","urlTemplate":"https:\/\/www.fcbarcelonanoticias.com\/en\/?s={search_term_string}"},"query-input":{"@type":"PropertyValueSpecification","valueRequired":true,"valueName":"search_term_string"}}],"inLanguage":"en-US"},{"@type":"Person","@id":"https:\/\/www.fcbarcelonanoticias.com\/en\/#\/schema\/person\/88d756918a0a1ae9fa593b5edddd1815","name":"Juan Pablo Berdugo","image":{"@type":"ImageObject","inLanguage":"en-US","@id":"https:\/\/secure.gravatar.com\/avatar\/?s=96&d=mm&r=g","url":"https:\/\/secure.gravatar.com\/avatar\/?s=96&d=mm&r=g","contentUrl":"https:\/\/secure.gravatar.com\/avatar\/?s=96&d=mm&r=g","caption":"Juan Pablo Berdugo"},"description":"Juan Pablo Berdugo es graduado en Periodismo. Colabora con FCBN como especialista en informaci\u00f3n del primer equipo del FC Barcelona, f\u00fatbol internacional y mercado de fichajes. Destaca por su enfoque anal\u00edtico, su rigor informativo y su capacidad para detectar tendencias emergentes en el f\u00fatbol global.","url":"https:\/\/www.fcbarcelonanoticias.com\/en\/fc-barcelona\/juan-pablo-berdugo_18_115.html"}]}},"_links":{"self":[{"href":"https:\/\/www.fcbarcelonanoticias.com\/en\/wp-json\/wp\/v2\/posts\/63553","targetHints":{"allow":["GET"]}}],"collection":[{"href":"https:\/\/www.fcbarcelonanoticias.com\/en\/wp-json\/wp\/v2\/posts"}],"about":[{"href":"https:\/\/www.fcbarcelonanoticias.com\/en\/wp-json\/wp\/v2\/types\/post"}],"author":[{"embeddable":true,"href":"https:\/\/www.fcbarcelonanoticias.com\/en\/wp-json\/wp\/v2\/users\/358"}],"replies":[{"embeddable":true,"href":"https:\/\/www.fcbarcelonanoticias.com\/en\/wp-json\/wp\/v2\/comments?post=63553"}],"version-history":[{"count":1,"href":"https:\/\/www.fcbarcelonanoticias.com\/en\/wp-json\/wp\/v2\/posts\/63553\/revisions"}],"predecessor-version":[{"id":63557,"href":"https:\/\/www.fcbarcelonanoticias.com\/en\/wp-json\/wp\/v2\/posts\/63553\/revisions\/63557"}],"wp:featuredmedia":[{"embeddable":true,"href":"https:\/\/www.fcbarcelonanoticias.com\/en\/wp-json\/wp\/v2\/media\/63561"}],"wp:attachment":[{"href":"https:\/\/www.fcbarcelonanoticias.com\/en\/wp-json\/wp\/v2\/media?parent=63553"}],"wp:term":[{"taxonomy":"category","embeddable":true,"href":"https:\/\/www.fcbarcelonanoticias.com\/en\/wp-json\/wp\/v2\/categories?post=63553"},{"taxonomy":"post_tag","embeddable":true,"href":"https:\/\/www.fcbarcelonanoticias.com\/en\/wp-json\/wp\/v2\/tags?post=63553"}],"curies":[{"name":"wp","href":"https:\/\/api.w.org\/{rel}","templated":true}]}}