{"id":63738,"date":"2022-04-20T23:25:00","date_gmt":"2022-04-20T21:25:00","guid":{"rendered":"https:\/\/weisetech.dev\/fc-barcelona-noticias\/en\/the-madrid-fulfils-in-front-of-the-osasuna-and-strokes-the-title-of_279580_102\/"},"modified":"2022-04-20T23:26:00","modified_gmt":"2022-04-20T21:26:00","slug":"the-madrid-fulfils-in-front-of-the-osasuna-and-strokes-the-title-of_279580_102","status":"publish","type":"post","link":"https:\/\/www.fcbarcelonanoticias.com\/en\/laliga\/the-madrid-fulfils-in-front-of-the-osasuna-and-strokes-the-title-of_279580_102.html","title":{"rendered":"Madrid meets Osasuna and caresses the LaLiga title (1-3)"},"content":{"rendered":"<h2 class=\"wp-block-heading\">Real Madrid beat Osasuna in Pamplona on Wednesday (1-3) thanks to goals scored in the first half by David Alaba and Marco Asensio. The Austrian set off the alarms for the whites, being replaced at half-time by a nuisance<\/h2>  \r\n<div class=\"article-addons\">\r\n    <a href=\"https:\/\/www.fcbarcelonanoticias.com\/en\/calendar-fc-barcelona.html\"\r\n       target=\"_self\"\r\n       title=\"Calendar of FC Barcelona\"\r\n       class=\"blue-gredient-btn\">\r\n       \r\n        Calendar of FC Barcelona    <\/a>\r\n<\/div>   <p>The group directed by Carlo Ancelotti gave a new step to the title of LaLiga the Wednesday with his triumph in Pamplona in front of a combativo Osasuna (1-2). <strong>The night finished being agridulce for the <a data-external=\"0\" data-intl-links-en=\"https:\/\/www.fcbarcelonanoticias.com\/en\/transfers\/antonio-ruediger-knocks-again-door-madrid_279571_102.html\" data-intl-links-es=\"https:\/\/www.fcbarcelonanoticias.com\/fichajes\/madrid-vuelve-pensar-objetivo-barca-centro-su-defensa_279571_102.html\" href=\"https:\/\/www.fcbarcelonanoticias.com\/en\/transfers\/antonio-ruediger-knocks-again-door-madrid_279571_102.html\" rel=\"follow\" target=\"_self\" title=\"El Madrid vuelve a pensar un objetivo del Bar\u00e7a para el centro de su defensa\">Real Madrid<\/a><\/strong>, <strong>first by the apparent injury of David Praises<\/strong> to six days for the party of gone of the semifinals of Champions in front of the Manchester City <strong>and, second, by the bad night of Karim Benzema<\/strong>, the one who err\u00f3 two penaltis in the party.<\/p>  <p>Whites and &#8216;rojillos&#8217; went out to look for the party from the start and completed a first chamber of hour to a frantic rhythm.<strong> The Madrid advanced in the minute 12 by means of Praise<\/strong>, the one who took advantage of a rebound of Sergio Herrera to annotate his second goal of the championship. The central had finished of first a pass filtered of Benzema, but Herrera answered with one cuts across providencial. However, for shovel fortune of the goalkeeper, the rebound was direct to the right leg of Praise and finished at the bottom of the network.<\/p>  <p>Nevertheless,<strong> the venues equalised in the following played thanks to a centre of Ezequiel &#8216;Chimy&#8217; \u00c1vila that crossed the area and finished fishing In front of Budimir<\/strong>. 14 minutes of game, all equalised and partidazo in The Sadar. After the tie of the Osasuna, the two teams went down the rhythm and seemed that the tie would keep until the rest, but <strong>just before the halftime Marco Asensio took advantage of another refuse of Smith to give back the advantage to the &#8216;merengues&#8217;<\/strong>.<\/p>  <p>In the second time, <strong>Ancelotti gave entry to Dani Carvajal by Praise, the one who asked the change in the 45+1&#8242;<\/strong> by an ailment that does not have good paints. It will be necessary to expect to the medical proofs of the Thursday to know if it treated of a hit or if the international with Austria is drop for the Champions. In the first played of the complement, Thibaut Courtois saved to the <a data-external=\"0\" data-intl-links-en=\"https:\/\/www.fcbarcelonanoticias.com\/en\/laliga\/cuadra-fernandez-to-the-freezer-afterwards-of-the-seville-real-m_279546_102.html\" data-intl-links-es=\"https:\/\/www.fcbarcelonanoticias.com\/laliga\/arbitro-sevilla-real-madrid-congelador-por-sus-graves-errores_279546_102.html\" href=\"https:\/\/www.fcbarcelonanoticias.com\/en\/laliga\/cuadra-fernandez-to-the-freezer-afterwards-of-the-seville-real-m_279546_102.html\" rel=\"follow\" target=\"_self\" title=\"El \u00e1rbitro del Sevilla-Real Madrid, al 'congelador' por sus graves errores\">Madrid<\/a> of the tie, with a bad clear defensive that almost cuela.<\/p>  <h3>The &#8216;show&#8217; of Herrera and the disappointment of Benzema<\/h3>  <p>In the minute 51, an absurd hand of Chimy \u00c1vila gave him to Karim the possibility to clear the party from the manch\u00f3n white, but <strong>Herrera guessed the collection crossed and cut across with solvency<\/strong>. Seven minutes later, Rodrygo would cause a new maximum penalty. <strong>The French chose the same stick, although with more power, but the goalkeeper of Miranda of Ebro went back to cut across<\/strong>, this time with greater authority. At the end, <strong>Vinicius Jr. assisted Lucas V\u00e1squez to round off the 1-3<\/strong>.&nbsp;Good triumph for a Madrid that expands his advantage on his escorts and already begins to palpitar the alir\u00f3n.<\/p> ","protected":false},"excerpt":{"rendered":"<p>Real Madrid beat Osasuna in Pamplona on Wednesday (1-3) thanks to goals scored in the first half by David Alaba and Marco Asensio. The Austrian set off the alarms for the whites, being replaced at half-time by a nuisance The group directed by Carlo Ancelotti gave a new step to the title of LaLiga the [&hellip;]<\/p>\n","protected":false},"author":347,"featured_media":63746,"comment_status":"closed","ping_status":"open","sticky":false,"template":"","format":"standard","meta":{"_acf_changed":false,"inline_featured_image":false,"_nextfly_llmd_date_locked":false,"footnotes":""},"categories":[114,448],"tags":[],"class_list":["post-63738","post","type-post","status-publish","format-standard","has-post-thumbnail","hentry","category-laliga","category-laliga-2"],"acf":[],"yoast_head":"<!-- This site is optimized with the Yoast SEO plugin v27.3 - https:\/\/yoast.com\/product\/yoast-seo-wordpress\/ -->\n<title>Madrid meets Osasuna and caresses the LaLiga title (1-3)<\/title>\n<meta name=\"description\" content=\"The Real Madrid won the Wednesday to the Osasuna in Pamplona (1-2) thanks to the goals annotated in the first time by David Praises and Marco Asensio. The austr\u00edac...\" \/>\n<meta name=\"robots\" content=\"index, follow, max-snippet:-1, max-image-preview:large, max-video-preview:-1\" \/>\n<link rel=\"canonical\" href=\"https:\/\/www.fcbarcelonanoticias.com\/en\/laliga\/the-madrid-fulfils-in-front-of-the-osasuna-and-strokes-the-title-of_279580_102.html\" \/>\n<meta property=\"og:locale\" content=\"en_US\" \/>\n<meta property=\"og:type\" content=\"article\" \/>\n<meta property=\"og:title\" content=\"Madrid meets Osasuna and caresses the LaLiga title (1-3)\" \/>\n<meta property=\"og:description\" content=\"The Real Madrid won the Wednesday to the Osasuna in Pamplona (1-2) thanks to the goals annotated in the first time by David Praises and Marco Asensio. The austr\u00edac...\" \/>\n<meta property=\"og:url\" content=\"https:\/\/www.fcbarcelonanoticias.com\/en\/laliga\/the-madrid-fulfils-in-front-of-the-osasuna-and-strokes-the-title-of_279580_102.html\" \/>\n<meta property=\"og:site_name\" content=\"EN - FC Barcelona Noticias\" \/>\n<meta property=\"article:published_time\" content=\"2022-04-20T21:25:00+00:00\" \/>\n<meta property=\"article:modified_time\" content=\"2022-04-20T21:26:00+00:00\" \/>\n<meta property=\"og:image\" content=\"https:\/\/www.fcbarcelonanoticias.com\/en\/wp-content\/uploads\/sites\/2\/2022\/04\/marco-asensio-lucas-vasquez-v-osasuna-2.jpeg\" \/>\n\t<meta property=\"og:image:width\" content=\"1300\" \/>\n\t<meta property=\"og:image:height\" content=\"732\" \/>\n\t<meta property=\"og:image:type\" content=\"image\/jpeg\" \/>\n<meta name=\"author\" content=\"Andr\u00e9s Quiroz\" \/>\n<meta name=\"twitter:card\" content=\"summary_large_image\" \/>\n<meta name=\"twitter:label1\" content=\"Written by\" \/>\n\t<meta name=\"twitter:data1\" content=\"Andr\u00e9s Quiroz\" \/>\n\t<meta name=\"twitter:label2\" content=\"Est. reading time\" \/>\n\t<meta name=\"twitter:data2\" content=\"3 minutes\" \/>\n<script type=\"application\/ld+json\" class=\"yoast-schema-graph\">{\"@context\":\"https:\\\/\\\/schema.org\",\"@graph\":[{\"@type\":\"Article\",\"@id\":\"https:\\\/\\\/www.fcbarcelonanoticias.com\\\/en\\\/laliga\\\/the-madrid-fulfils-in-front-of-the-osasuna-and-strokes-the-title-of_279580_102.html#article\",\"isPartOf\":{\"@id\":\"https:\\\/\\\/www.fcbarcelonanoticias.com\\\/en\\\/laliga\\\/the-madrid-fulfils-in-front-of-the-osasuna-and-strokes-the-title-of_279580_102.html\"},\"author\":{\"name\":\"Andr\u00e9s Quiroz\",\"@id\":\"https:\\\/\\\/www.fcbarcelonanoticias.com\\\/en\\\/#\\\/schema\\\/person\\\/c2cd9f6fa1af5c0d0eccd0fefa575c88\"},\"headline\":\"Madrid meets Osasuna and caresses the LaLiga title (1-3)\",\"datePublished\":\"2022-04-20T21:25:00+00:00\",\"dateModified\":\"2022-04-20T21:26:00+00:00\",\"mainEntityOfPage\":{\"@id\":\"https:\\\/\\\/www.fcbarcelonanoticias.com\\\/en\\\/laliga\\\/the-madrid-fulfils-in-front-of-the-osasuna-and-strokes-the-title-of_279580_102.html\"},\"wordCount\":511,\"image\":{\"@id\":\"https:\\\/\\\/www.fcbarcelonanoticias.com\\\/en\\\/laliga\\\/the-madrid-fulfils-in-front-of-the-osasuna-and-strokes-the-title-of_279580_102.html#primaryimage\"},\"thumbnailUrl\":\"https:\\\/\\\/www.fcbarcelonanoticias.com\\\/en\\\/wp-content\\\/uploads\\\/sites\\\/2\\\/2022\\\/04\\\/marco-asensio-lucas-vasquez-v-osasuna-2.jpeg\",\"articleSection\":[\"LaLiga\",\"LaLiga\"],\"inLanguage\":\"en-US\"},{\"@type\":\"WebPage\",\"@id\":\"https:\\\/\\\/www.fcbarcelonanoticias.com\\\/en\\\/laliga\\\/the-madrid-fulfils-in-front-of-the-osasuna-and-strokes-the-title-of_279580_102.html\",\"url\":\"https:\\\/\\\/www.fcbarcelonanoticias.com\\\/en\\\/laliga\\\/the-madrid-fulfils-in-front-of-the-osasuna-and-strokes-the-title-of_279580_102.html\",\"name\":\"Madrid meets Osasuna and caresses the LaLiga title (1-3)\",\"isPartOf\":{\"@id\":\"https:\\\/\\\/www.fcbarcelonanoticias.com\\\/en\\\/#website\"},\"primaryImageOfPage\":{\"@id\":\"https:\\\/\\\/www.fcbarcelonanoticias.com\\\/en\\\/laliga\\\/the-madrid-fulfils-in-front-of-the-osasuna-and-strokes-the-title-of_279580_102.html#primaryimage\"},\"image\":{\"@id\":\"https:\\\/\\\/www.fcbarcelonanoticias.com\\\/en\\\/laliga\\\/the-madrid-fulfils-in-front-of-the-osasuna-and-strokes-the-title-of_279580_102.html#primaryimage\"},\"thumbnailUrl\":\"https:\\\/\\\/www.fcbarcelonanoticias.com\\\/en\\\/wp-content\\\/uploads\\\/sites\\\/2\\\/2022\\\/04\\\/marco-asensio-lucas-vasquez-v-osasuna-2.jpeg\",\"datePublished\":\"2022-04-20T21:25:00+00:00\",\"dateModified\":\"2022-04-20T21:26:00+00:00\",\"author\":{\"@id\":\"https:\\\/\\\/www.fcbarcelonanoticias.com\\\/en\\\/#\\\/schema\\\/person\\\/c2cd9f6fa1af5c0d0eccd0fefa575c88\"},\"description\":\"The Real Madrid won the Wednesday to the Osasuna in Pamplona (1-2) thanks to the goals annotated in the first time by David Praises and Marco Asensio. The austr\u00edac...\",\"breadcrumb\":{\"@id\":\"https:\\\/\\\/www.fcbarcelonanoticias.com\\\/en\\\/laliga\\\/the-madrid-fulfils-in-front-of-the-osasuna-and-strokes-the-title-of_279580_102.html#breadcrumb\"},\"inLanguage\":\"en-US\",\"potentialAction\":[{\"@type\":\"ReadAction\",\"target\":[\"https:\\\/\\\/www.fcbarcelonanoticias.com\\\/en\\\/laliga\\\/the-madrid-fulfils-in-front-of-the-osasuna-and-strokes-the-title-of_279580_102.html\"]}]},{\"@type\":\"ImageObject\",\"inLanguage\":\"en-US\",\"@id\":\"https:\\\/\\\/www.fcbarcelonanoticias.com\\\/en\\\/laliga\\\/the-madrid-fulfils-in-front-of-the-osasuna-and-strokes-the-title-of_279580_102.html#primaryimage\",\"url\":\"https:\\\/\\\/www.fcbarcelonanoticias.com\\\/en\\\/wp-content\\\/uploads\\\/sites\\\/2\\\/2022\\\/04\\\/marco-asensio-lucas-vasquez-v-osasuna-2.jpeg\",\"contentUrl\":\"https:\\\/\\\/www.fcbarcelonanoticias.com\\\/en\\\/wp-content\\\/uploads\\\/sites\\\/2\\\/2022\\\/04\\\/marco-asensio-lucas-vasquez-v-osasuna-2.jpeg\",\"width\":1300,\"height\":732},{\"@type\":\"BreadcrumbList\",\"@id\":\"https:\\\/\\\/www.fcbarcelonanoticias.com\\\/en\\\/laliga\\\/the-madrid-fulfils-in-front-of-the-osasuna-and-strokes-the-title-of_279580_102.html#breadcrumb\",\"itemListElement\":[{\"@type\":\"ListItem\",\"position\":1,\"name\":\"Portada\",\"item\":\"https:\\\/\\\/www.fcbarcelonanoticias.com\\\/en\\\/\"},{\"@type\":\"ListItem\",\"position\":2,\"name\":\"Madrid meets Osasuna and caresses the LaLiga title (1-3)\"}]},{\"@type\":\"WebSite\",\"@id\":\"https:\\\/\\\/www.fcbarcelonanoticias.com\\\/en\\\/#website\",\"url\":\"https:\\\/\\\/www.fcbarcelonanoticias.com\\\/en\\\/\",\"name\":\"EN - FC Barcelona Noticias\",\"description\":\"\",\"potentialAction\":[{\"@type\":\"SearchAction\",\"target\":{\"@type\":\"EntryPoint\",\"urlTemplate\":\"https:\\\/\\\/www.fcbarcelonanoticias.com\\\/en\\\/?s={search_term_string}\"},\"query-input\":{\"@type\":\"PropertyValueSpecification\",\"valueRequired\":true,\"valueName\":\"search_term_string\"}}],\"inLanguage\":\"en-US\"},{\"@type\":\"Person\",\"@id\":\"https:\\\/\\\/www.fcbarcelonanoticias.com\\\/en\\\/#\\\/schema\\\/person\\\/c2cd9f6fa1af5c0d0eccd0fefa575c88\",\"name\":\"Andr\u00e9s Quiroz\",\"image\":{\"@type\":\"ImageObject\",\"inLanguage\":\"en-US\",\"@id\":\"https:\\\/\\\/secure.gravatar.com\\\/avatar\\\/?s=96&d=mm&r=g\",\"url\":\"https:\\\/\\\/secure.gravatar.com\\\/avatar\\\/?s=96&d=mm&r=g\",\"contentUrl\":\"https:\\\/\\\/secure.gravatar.com\\\/avatar\\\/?s=96&d=mm&r=g\",\"caption\":\"Andr\u00e9s Quiroz\"},\"description\":\"Licenciado en Periodismo por la Universidad de los Andes. Me encargo de analizar y compartir los contenidos m\u00e1s destacados de la\u00a0actualidad del F\u00fatbol Club Barcelona, Mercado de Fichajes y F\u00fatbol Internacional en FCBN. La informaci\u00f3n es poder, pero tambi\u00e9n conocimiento.\",\"url\":\"https:\\\/\\\/www.fcbarcelonanoticias.com\\\/en\\\/fc-barcelona\\\/andres-quiroz_17_115.html\"}]}<\/script>\n<!-- \/ Yoast SEO plugin. -->","yoast_head_json":{"title":"Madrid meets Osasuna and caresses the LaLiga title (1-3)","description":"The Real Madrid won the Wednesday to the Osasuna in Pamplona (1-2) thanks to the goals annotated in the first time by David Praises and Marco Asensio. The austr\u00edac...","robots":{"index":"index","follow":"follow","max-snippet":"max-snippet:-1","max-image-preview":"max-image-preview:large","max-video-preview":"max-video-preview:-1"},"canonical":"https:\/\/www.fcbarcelonanoticias.com\/en\/laliga\/the-madrid-fulfils-in-front-of-the-osasuna-and-strokes-the-title-of_279580_102.html","og_locale":"en_US","og_type":"article","og_title":"Madrid meets Osasuna and caresses the LaLiga title (1-3)","og_description":"The Real Madrid won the Wednesday to the Osasuna in Pamplona (1-2) thanks to the goals annotated in the first time by David Praises and Marco Asensio. The austr\u00edac...","og_url":"https:\/\/www.fcbarcelonanoticias.com\/en\/laliga\/the-madrid-fulfils-in-front-of-the-osasuna-and-strokes-the-title-of_279580_102.html","og_site_name":"EN - FC Barcelona Noticias","article_published_time":"2022-04-20T21:25:00+00:00","article_modified_time":"2022-04-20T21:26:00+00:00","og_image":[{"width":1300,"height":732,"url":"https:\/\/www.fcbarcelonanoticias.com\/en\/wp-content\/uploads\/sites\/2\/2022\/04\/marco-asensio-lucas-vasquez-v-osasuna-2.jpeg","type":"image\/jpeg"}],"author":"Andr\u00e9s Quiroz","twitter_card":"summary_large_image","twitter_misc":{"Written by":"Andr\u00e9s Quiroz","Est. reading time":"3 minutes"},"schema":{"@context":"https:\/\/schema.org","@graph":[{"@type":"Article","@id":"https:\/\/www.fcbarcelonanoticias.com\/en\/laliga\/the-madrid-fulfils-in-front-of-the-osasuna-and-strokes-the-title-of_279580_102.html#article","isPartOf":{"@id":"https:\/\/www.fcbarcelonanoticias.com\/en\/laliga\/the-madrid-fulfils-in-front-of-the-osasuna-and-strokes-the-title-of_279580_102.html"},"author":{"name":"Andr\u00e9s Quiroz","@id":"https:\/\/www.fcbarcelonanoticias.com\/en\/#\/schema\/person\/c2cd9f6fa1af5c0d0eccd0fefa575c88"},"headline":"Madrid meets Osasuna and caresses the LaLiga title (1-3)","datePublished":"2022-04-20T21:25:00+00:00","dateModified":"2022-04-20T21:26:00+00:00","mainEntityOfPage":{"@id":"https:\/\/www.fcbarcelonanoticias.com\/en\/laliga\/the-madrid-fulfils-in-front-of-the-osasuna-and-strokes-the-title-of_279580_102.html"},"wordCount":511,"image":{"@id":"https:\/\/www.fcbarcelonanoticias.com\/en\/laliga\/the-madrid-fulfils-in-front-of-the-osasuna-and-strokes-the-title-of_279580_102.html#primaryimage"},"thumbnailUrl":"https:\/\/www.fcbarcelonanoticias.com\/en\/wp-content\/uploads\/sites\/2\/2022\/04\/marco-asensio-lucas-vasquez-v-osasuna-2.jpeg","articleSection":["LaLiga","LaLiga"],"inLanguage":"en-US"},{"@type":"WebPage","@id":"https:\/\/www.fcbarcelonanoticias.com\/en\/laliga\/the-madrid-fulfils-in-front-of-the-osasuna-and-strokes-the-title-of_279580_102.html","url":"https:\/\/www.fcbarcelonanoticias.com\/en\/laliga\/the-madrid-fulfils-in-front-of-the-osasuna-and-strokes-the-title-of_279580_102.html","name":"Madrid meets Osasuna and caresses the LaLiga title (1-3)","isPartOf":{"@id":"https:\/\/www.fcbarcelonanoticias.com\/en\/#website"},"primaryImageOfPage":{"@id":"https:\/\/www.fcbarcelonanoticias.com\/en\/laliga\/the-madrid-fulfils-in-front-of-the-osasuna-and-strokes-the-title-of_279580_102.html#primaryimage"},"image":{"@id":"https:\/\/www.fcbarcelonanoticias.com\/en\/laliga\/the-madrid-fulfils-in-front-of-the-osasuna-and-strokes-the-title-of_279580_102.html#primaryimage"},"thumbnailUrl":"https:\/\/www.fcbarcelonanoticias.com\/en\/wp-content\/uploads\/sites\/2\/2022\/04\/marco-asensio-lucas-vasquez-v-osasuna-2.jpeg","datePublished":"2022-04-20T21:25:00+00:00","dateModified":"2022-04-20T21:26:00+00:00","author":{"@id":"https:\/\/www.fcbarcelonanoticias.com\/en\/#\/schema\/person\/c2cd9f6fa1af5c0d0eccd0fefa575c88"},"description":"The Real Madrid won the Wednesday to the Osasuna in Pamplona (1-2) thanks to the goals annotated in the first time by David Praises and Marco Asensio. The austr\u00edac...","breadcrumb":{"@id":"https:\/\/www.fcbarcelonanoticias.com\/en\/laliga\/the-madrid-fulfils-in-front-of-the-osasuna-and-strokes-the-title-of_279580_102.html#breadcrumb"},"inLanguage":"en-US","potentialAction":[{"@type":"ReadAction","target":["https:\/\/www.fcbarcelonanoticias.com\/en\/laliga\/the-madrid-fulfils-in-front-of-the-osasuna-and-strokes-the-title-of_279580_102.html"]}]},{"@type":"ImageObject","inLanguage":"en-US","@id":"https:\/\/www.fcbarcelonanoticias.com\/en\/laliga\/the-madrid-fulfils-in-front-of-the-osasuna-and-strokes-the-title-of_279580_102.html#primaryimage","url":"https:\/\/www.fcbarcelonanoticias.com\/en\/wp-content\/uploads\/sites\/2\/2022\/04\/marco-asensio-lucas-vasquez-v-osasuna-2.jpeg","contentUrl":"https:\/\/www.fcbarcelonanoticias.com\/en\/wp-content\/uploads\/sites\/2\/2022\/04\/marco-asensio-lucas-vasquez-v-osasuna-2.jpeg","width":1300,"height":732},{"@type":"BreadcrumbList","@id":"https:\/\/www.fcbarcelonanoticias.com\/en\/laliga\/the-madrid-fulfils-in-front-of-the-osasuna-and-strokes-the-title-of_279580_102.html#breadcrumb","itemListElement":[{"@type":"ListItem","position":1,"name":"Portada","item":"https:\/\/www.fcbarcelonanoticias.com\/en\/"},{"@type":"ListItem","position":2,"name":"Madrid meets Osasuna and caresses the LaLiga title (1-3)"}]},{"@type":"WebSite","@id":"https:\/\/www.fcbarcelonanoticias.com\/en\/#website","url":"https:\/\/www.fcbarcelonanoticias.com\/en\/","name":"EN - FC Barcelona Noticias","description":"","potentialAction":[{"@type":"SearchAction","target":{"@type":"EntryPoint","urlTemplate":"https:\/\/www.fcbarcelonanoticias.com\/en\/?s={search_term_string}"},"query-input":{"@type":"PropertyValueSpecification","valueRequired":true,"valueName":"search_term_string"}}],"inLanguage":"en-US"},{"@type":"Person","@id":"https:\/\/www.fcbarcelonanoticias.com\/en\/#\/schema\/person\/c2cd9f6fa1af5c0d0eccd0fefa575c88","name":"Andr\u00e9s Quiroz","image":{"@type":"ImageObject","inLanguage":"en-US","@id":"https:\/\/secure.gravatar.com\/avatar\/?s=96&d=mm&r=g","url":"https:\/\/secure.gravatar.com\/avatar\/?s=96&d=mm&r=g","contentUrl":"https:\/\/secure.gravatar.com\/avatar\/?s=96&d=mm&r=g","caption":"Andr\u00e9s Quiroz"},"description":"Licenciado en Periodismo por la Universidad de los Andes. Me encargo de analizar y compartir los contenidos m\u00e1s destacados de la\u00a0actualidad del F\u00fatbol Club Barcelona, Mercado de Fichajes y F\u00fatbol Internacional en FCBN. La informaci\u00f3n es poder, pero tambi\u00e9n conocimiento.","url":"https:\/\/www.fcbarcelonanoticias.com\/en\/fc-barcelona\/andres-quiroz_17_115.html"}]}},"_links":{"self":[{"href":"https:\/\/www.fcbarcelonanoticias.com\/en\/wp-json\/wp\/v2\/posts\/63738","targetHints":{"allow":["GET"]}}],"collection":[{"href":"https:\/\/www.fcbarcelonanoticias.com\/en\/wp-json\/wp\/v2\/posts"}],"about":[{"href":"https:\/\/www.fcbarcelonanoticias.com\/en\/wp-json\/wp\/v2\/types\/post"}],"author":[{"embeddable":true,"href":"https:\/\/www.fcbarcelonanoticias.com\/en\/wp-json\/wp\/v2\/users\/347"}],"replies":[{"embeddable":true,"href":"https:\/\/www.fcbarcelonanoticias.com\/en\/wp-json\/wp\/v2\/comments?post=63738"}],"version-history":[{"count":1,"href":"https:\/\/www.fcbarcelonanoticias.com\/en\/wp-json\/wp\/v2\/posts\/63738\/revisions"}],"predecessor-version":[{"id":63740,"href":"https:\/\/www.fcbarcelonanoticias.com\/en\/wp-json\/wp\/v2\/posts\/63738\/revisions\/63740"}],"wp:featuredmedia":[{"embeddable":true,"href":"https:\/\/www.fcbarcelonanoticias.com\/en\/wp-json\/wp\/v2\/media\/63746"}],"wp:attachment":[{"href":"https:\/\/www.fcbarcelonanoticias.com\/en\/wp-json\/wp\/v2\/media?parent=63738"}],"wp:term":[{"taxonomy":"category","embeddable":true,"href":"https:\/\/www.fcbarcelonanoticias.com\/en\/wp-json\/wp\/v2\/categories?post=63738"},{"taxonomy":"post_tag","embeddable":true,"href":"https:\/\/www.fcbarcelonanoticias.com\/en\/wp-json\/wp\/v2\/tags?post=63738"}],"curies":[{"name":"wp","href":"https:\/\/api.w.org\/{rel}","templated":true}]}}