{"id":63770,"date":"2022-09-10T23:39:00","date_gmt":"2022-09-10T21:39:00","guid":{"rendered":"https:\/\/weisetech.dev\/fc-barcelona-noticias\/en\/the-medical-communique-on-the-medical-emergency-in-the-cadiz-barca_284208_102\/"},"modified":"2022-09-10T23:39:00","modified_gmt":"2022-09-10T21:39:00","slug":"the-medical-communique-on-the-medical-emergency-in-the-cadiz-barca_284208_102","status":"publish","type":"post","link":"https:\/\/www.fcbarcelonanoticias.com\/en\/laliga\/the-medical-communique-on-the-medical-emergency-in-the-cadiz-barca_284208_102.html","title":{"rendered":"The medical statement on the medical emergency at C\u00e1diz-Bar\u00e7a"},"content":{"rendered":"<h2 class=\"wp-block-heading\">C\u00e1diz CF has offered a first medical statement after the medical emergency that was experienced in the Nueva Mirandilla stadium during the 81st minute of the match. Good news pending further medical tests<\/h2>  \r\n<div class=\"article-addons\">\r\n    <a href=\"https:\/\/www.fcbarcelonanoticias.com\/en\/calendar-fc-barcelona.html\"\r\n       target=\"_self\"\r\n       title=\"Calendar of FC Barcelona\"\r\n       class=\"blue-gredient-btn\">\r\n       \r\n        Calendar of FC Barcelona    <\/a>\r\n<\/div>   <p>This Saturday has lived a medical incident in the New stadium Mirandilla that has left clear that <strong>the football is not the first.<\/strong> During the final stretch of the party between the C\u00e1diz CF and FC Barcelona, by the fifth day of LaLiga Santander 2022-2023, a local fan suffered a cardiac unemployment that forced the <a data-external=\"0\" data-intl-links-en=\"https:\/\/www.fcbarcelonanoticias.com\/en\/laliga\/the-cadiz-barca-stopped-by-medical-urgency_284199_102.html\" data-intl-links-es=\"https:\/\/www.fcbarcelonanoticias.com\/laliga\/cadiz-barcelona-parado-por-urgencia-medica_284199_102.html\" href=\"https:\/\/www.fcbarcelonanoticias.com\/en\/laliga\/the-cadiz-barca-stopped-by-medical-urgency_284199_102.html\" rel=\"follow\" target=\"_self\" title=\"El C\u00e1diz-Bar\u00e7a se reanud\u00f3 tras 1 hora parado por una urgencia m\u00e9dica\">arrest of the clash<\/a> while the medical services attended him to move it to a hospital.<\/p>  <p>They lived scenes very surprising and that forced to all the presents to act very fast, put the life of a person was in danger. Fortunately, after a few minutes of intense work of the medical services and the Red Cross, attending to the protocol of LaLiga in case of these events,<strong> the reanimation of the fan was positive and could be moved to the UCI of the Hospital Door of the Sea,<\/strong> where remains ingresado as it has confirmed the C\u00e1diz in a communiqu\u00e9.<\/p>  <p>The club gaditano has detailed the events that have lived in the New Mirandilla and<strong> has wanted to appreciate the behaviour of all the present fans<\/strong>, that comported like the first heroes to save the life of the affected. Likewise, they have appreciated to the members of security of the stadium and the effective de la Cruz Red by his fast accionar so that the history, to fault of the recovery, had the most positive denouement possible.<\/p>  <h3>The whole communiqu\u00e9 of the C\u00e1diz CF:<\/h3>  <blockquote class=\"twitter-tweet\"> <p dir=\"ltr\" lang=\"pt\">Official communiqu\u00e9<a href=\"https:\/\/t.co\/en\/GDPI9rDvRl\">https:\/\/t.co\/gdpi9rdvrl<\/a><\/p> \u2014 C\u00e1diz Club of Football (@Cadiz_CF) <a href=\"https:\/\/twitter.com\/en\/Cadiz_CF\/status\/1568695859117985793?ref_src=twsrc%5Etfw\">September 10, 2022<\/a> <\/blockquote> <p><em>&#8220;When <strong>it fulfilled the minute 81 remained pausado the meeting in front of the Football Club Barcelona like consequence of a sanitary alert<\/strong> in the background terracing south. The protocol established with the Red Cross went in quickly in operation, assisting to a man in cardiac unemployment.<\/em><\/p>  <p><em>Until the terracing displaced one of the <strong>medical teams with a desfribilador and the monitor<\/strong>, beginning the tasks of reanimation. Simultaneously, the Football Club Barcelona offered a second desfibrilador in case it was necessary his use, being displaced until the zone by the own players.<\/em><\/p>  <p><em><strong>The reanimation was positive happened some minutes, being the fan moved to the UCI<\/strong> of the Hospital Door of the Sea where remains ingresado.<\/em><\/p>  <p><em>Besides, <strong>one of the operators of camera of Grandstand suffered a fading of the that also went quickly attended<\/strong> by the medical body of the stadium without greater consequences.<\/em><\/p>  <p><em>The entity<strong> wants to appreciate the exemplary behaviour of the fan<\/strong>s background south in front of this situation, to the equal that to the members of security and Red Cross by his fast performance so that this incidence had happy end&#8221;.<\/em><\/p> ","protected":false},"excerpt":{"rendered":"<p>C\u00e1diz CF has offered a first medical statement after the medical emergency that was experienced in the Nueva Mirandilla stadium during the 81st minute of the match. Good news pending further medical tests This Saturday has lived a medical incident in the New stadium Mirandilla that has left clear that the football is not the [&hellip;]<\/p>\n","protected":false},"author":352,"featured_media":63779,"comment_status":"closed","ping_status":"open","sticky":false,"template":"","format":"standard","meta":{"_acf_changed":false,"inline_featured_image":false,"_nextfly_llmd_date_locked":false,"footnotes":""},"categories":[114,448],"tags":[349],"class_list":["post-63770","post","type-post","status-publish","format-standard","has-post-thumbnail","hentry","category-laliga","category-laliga-2","tag-cadiz-cf"],"acf":[],"yoast_head":"<!-- This site is optimized with the Yoast SEO plugin v27.3 - https:\/\/yoast.com\/product\/yoast-seo-wordpress\/ -->\n<title>The medical communiqu\u00e9 on the medical emergency in the C\u00e1diz-Bar\u00e7a<\/title>\n<meta name=\"description\" content=\"The C\u00e1diz CF has offered a first medical communiqu\u00e9 after the medical emergency that lived in the New stadium Mirandilla during the minute 81 of party. Boo...\" \/>\n<meta name=\"robots\" content=\"index, follow, max-snippet:-1, max-image-preview:large, max-video-preview:-1\" \/>\n<link rel=\"canonical\" href=\"https:\/\/www.fcbarcelonanoticias.com\/en\/laliga\/the-medical-communique-on-the-medical-emergency-in-the-cadiz-barca_284208_102.html\" \/>\n<meta property=\"og:locale\" content=\"en_US\" \/>\n<meta property=\"og:type\" content=\"article\" \/>\n<meta property=\"og:title\" content=\"The medical communiqu\u00e9 on the medical emergency in the C\u00e1diz-Bar\u00e7a\" \/>\n<meta property=\"og:description\" content=\"The C\u00e1diz CF has offered a first medical communiqu\u00e9 after the medical emergency that lived in the New stadium Mirandilla during the minute 81 of party. Boo...\" \/>\n<meta property=\"og:url\" content=\"https:\/\/www.fcbarcelonanoticias.com\/en\/laliga\/the-medical-communique-on-the-medical-emergency-in-the-cadiz-barca_284208_102.html\" \/>\n<meta property=\"og:site_name\" content=\"EN - FC Barcelona Noticias\" \/>\n<meta property=\"article:published_time\" content=\"2022-09-10T21:39:00+00:00\" \/>\n<meta property=\"og:image\" content=\"https:\/\/www.fcbarcelonanoticias.com\/en\/wp-content\/uploads\/sites\/2\/2022\/09\/atencio-n-me-dica-inmediata-para-un-aficionado-durante-el-ca-diz-vs-barc-a.jpeg\" \/>\n\t<meta property=\"og:image:width\" content=\"1200\" \/>\n\t<meta property=\"og:image:height\" content=\"675\" \/>\n\t<meta property=\"og:image:type\" content=\"image\/jpeg\" \/>\n<meta name=\"author\" content=\"Paola Guevara\" \/>\n<meta name=\"twitter:card\" content=\"summary_large_image\" \/>\n<meta name=\"twitter:label1\" content=\"Written by\" \/>\n\t<meta name=\"twitter:data1\" content=\"Paola Guevara\" \/>\n\t<meta name=\"twitter:label2\" content=\"Est. reading time\" \/>\n\t<meta name=\"twitter:data2\" content=\"2 minutes\" \/>\n<script type=\"application\/ld+json\" class=\"yoast-schema-graph\">{\"@context\":\"https:\\\/\\\/schema.org\",\"@graph\":[{\"@type\":\"Article\",\"@id\":\"https:\\\/\\\/www.fcbarcelonanoticias.com\\\/en\\\/laliga\\\/the-medical-communique-on-the-medical-emergency-in-the-cadiz-barca_284208_102.html#article\",\"isPartOf\":{\"@id\":\"https:\\\/\\\/www.fcbarcelonanoticias.com\\\/en\\\/laliga\\\/the-medical-communique-on-the-medical-emergency-in-the-cadiz-barca_284208_102.html\"},\"author\":{\"name\":\"Paola Guevara\",\"@id\":\"https:\\\/\\\/www.fcbarcelonanoticias.com\\\/en\\\/#\\\/schema\\\/person\\\/3b408513ee236e64c3043ec901f019ee\"},\"headline\":\"The medical statement on the medical emergency at C\u00e1diz-Bar\u00e7a\",\"datePublished\":\"2022-09-10T21:39:00+00:00\",\"mainEntityOfPage\":{\"@id\":\"https:\\\/\\\/www.fcbarcelonanoticias.com\\\/en\\\/laliga\\\/the-medical-communique-on-the-medical-emergency-in-the-cadiz-barca_284208_102.html\"},\"wordCount\":488,\"image\":{\"@id\":\"https:\\\/\\\/www.fcbarcelonanoticias.com\\\/en\\\/laliga\\\/the-medical-communique-on-the-medical-emergency-in-the-cadiz-barca_284208_102.html#primaryimage\"},\"thumbnailUrl\":\"https:\\\/\\\/www.fcbarcelonanoticias.com\\\/en\\\/wp-content\\\/uploads\\\/sites\\\/2\\\/2022\\\/09\\\/atencio-n-me-dica-inmediata-para-un-aficionado-durante-el-ca-diz-vs-barc-a.jpeg\",\"keywords\":[\"C\u00e1diz CF\"],\"articleSection\":[\"LaLiga\",\"LaLiga\"],\"inLanguage\":\"en-US\"},{\"@type\":\"WebPage\",\"@id\":\"https:\\\/\\\/www.fcbarcelonanoticias.com\\\/en\\\/laliga\\\/the-medical-communique-on-the-medical-emergency-in-the-cadiz-barca_284208_102.html\",\"url\":\"https:\\\/\\\/www.fcbarcelonanoticias.com\\\/en\\\/laliga\\\/the-medical-communique-on-the-medical-emergency-in-the-cadiz-barca_284208_102.html\",\"name\":\"The medical communiqu\u00e9 on the medical emergency in the C\u00e1diz-Bar\u00e7a\",\"isPartOf\":{\"@id\":\"https:\\\/\\\/www.fcbarcelonanoticias.com\\\/en\\\/#website\"},\"primaryImageOfPage\":{\"@id\":\"https:\\\/\\\/www.fcbarcelonanoticias.com\\\/en\\\/laliga\\\/the-medical-communique-on-the-medical-emergency-in-the-cadiz-barca_284208_102.html#primaryimage\"},\"image\":{\"@id\":\"https:\\\/\\\/www.fcbarcelonanoticias.com\\\/en\\\/laliga\\\/the-medical-communique-on-the-medical-emergency-in-the-cadiz-barca_284208_102.html#primaryimage\"},\"thumbnailUrl\":\"https:\\\/\\\/www.fcbarcelonanoticias.com\\\/en\\\/wp-content\\\/uploads\\\/sites\\\/2\\\/2022\\\/09\\\/atencio-n-me-dica-inmediata-para-un-aficionado-durante-el-ca-diz-vs-barc-a.jpeg\",\"datePublished\":\"2022-09-10T21:39:00+00:00\",\"author\":{\"@id\":\"https:\\\/\\\/www.fcbarcelonanoticias.com\\\/en\\\/#\\\/schema\\\/person\\\/3b408513ee236e64c3043ec901f019ee\"},\"description\":\"The C\u00e1diz CF has offered a first medical communiqu\u00e9 after the medical emergency that lived in the New stadium Mirandilla during the minute 81 of party. Boo...\",\"breadcrumb\":{\"@id\":\"https:\\\/\\\/www.fcbarcelonanoticias.com\\\/en\\\/laliga\\\/the-medical-communique-on-the-medical-emergency-in-the-cadiz-barca_284208_102.html#breadcrumb\"},\"inLanguage\":\"en-US\",\"potentialAction\":[{\"@type\":\"ReadAction\",\"target\":[\"https:\\\/\\\/www.fcbarcelonanoticias.com\\\/en\\\/laliga\\\/the-medical-communique-on-the-medical-emergency-in-the-cadiz-barca_284208_102.html\"]}]},{\"@type\":\"ImageObject\",\"inLanguage\":\"en-US\",\"@id\":\"https:\\\/\\\/www.fcbarcelonanoticias.com\\\/en\\\/laliga\\\/the-medical-communique-on-the-medical-emergency-in-the-cadiz-barca_284208_102.html#primaryimage\",\"url\":\"https:\\\/\\\/www.fcbarcelonanoticias.com\\\/en\\\/wp-content\\\/uploads\\\/sites\\\/2\\\/2022\\\/09\\\/atencio-n-me-dica-inmediata-para-un-aficionado-durante-el-ca-diz-vs-barc-a.jpeg\",\"contentUrl\":\"https:\\\/\\\/www.fcbarcelonanoticias.com\\\/en\\\/wp-content\\\/uploads\\\/sites\\\/2\\\/2022\\\/09\\\/atencio-n-me-dica-inmediata-para-un-aficionado-durante-el-ca-diz-vs-barc-a.jpeg\",\"width\":1200,\"height\":675},{\"@type\":\"BreadcrumbList\",\"@id\":\"https:\\\/\\\/www.fcbarcelonanoticias.com\\\/en\\\/laliga\\\/the-medical-communique-on-the-medical-emergency-in-the-cadiz-barca_284208_102.html#breadcrumb\",\"itemListElement\":[{\"@type\":\"ListItem\",\"position\":1,\"name\":\"Portada\",\"item\":\"https:\\\/\\\/www.fcbarcelonanoticias.com\\\/en\\\/\"},{\"@type\":\"ListItem\",\"position\":2,\"name\":\"The medical statement on the medical emergency at C\u00e1diz-Bar\u00e7a\"}]},{\"@type\":\"WebSite\",\"@id\":\"https:\\\/\\\/www.fcbarcelonanoticias.com\\\/en\\\/#website\",\"url\":\"https:\\\/\\\/www.fcbarcelonanoticias.com\\\/en\\\/\",\"name\":\"EN - FC Barcelona Noticias\",\"description\":\"\",\"potentialAction\":[{\"@type\":\"SearchAction\",\"target\":{\"@type\":\"EntryPoint\",\"urlTemplate\":\"https:\\\/\\\/www.fcbarcelonanoticias.com\\\/en\\\/?s={search_term_string}\"},\"query-input\":{\"@type\":\"PropertyValueSpecification\",\"valueRequired\":true,\"valueName\":\"search_term_string\"}}],\"inLanguage\":\"en-US\"},{\"@type\":\"Person\",\"@id\":\"https:\\\/\\\/www.fcbarcelonanoticias.com\\\/en\\\/#\\\/schema\\\/person\\\/3b408513ee236e64c3043ec901f019ee\",\"name\":\"Paola Guevara\",\"image\":{\"@type\":\"ImageObject\",\"inLanguage\":\"en-US\",\"@id\":\"https:\\\/\\\/secure.gravatar.com\\\/avatar\\\/?s=96&d=mm&r=g\",\"url\":\"https:\\\/\\\/secure.gravatar.com\\\/avatar\\\/?s=96&d=mm&r=g\",\"contentUrl\":\"https:\\\/\\\/secure.gravatar.com\\\/avatar\\\/?s=96&d=mm&r=g\",\"caption\":\"Paola Guevara\"},\"url\":\"https:\\\/\\\/www.fcbarcelonanoticias.com\\\/en\\\/fc-barcelona\\\/paola-guevara_9_115.html\"}]}<\/script>\n<!-- \/ Yoast SEO plugin. -->","yoast_head_json":{"title":"The medical communiqu\u00e9 on the medical emergency in the C\u00e1diz-Bar\u00e7a","description":"The C\u00e1diz CF has offered a first medical communiqu\u00e9 after the medical emergency that lived in the New stadium Mirandilla during the minute 81 of party. Boo...","robots":{"index":"index","follow":"follow","max-snippet":"max-snippet:-1","max-image-preview":"max-image-preview:large","max-video-preview":"max-video-preview:-1"},"canonical":"https:\/\/www.fcbarcelonanoticias.com\/en\/laliga\/the-medical-communique-on-the-medical-emergency-in-the-cadiz-barca_284208_102.html","og_locale":"en_US","og_type":"article","og_title":"The medical communiqu\u00e9 on the medical emergency in the C\u00e1diz-Bar\u00e7a","og_description":"The C\u00e1diz CF has offered a first medical communiqu\u00e9 after the medical emergency that lived in the New stadium Mirandilla during the minute 81 of party. Boo...","og_url":"https:\/\/www.fcbarcelonanoticias.com\/en\/laliga\/the-medical-communique-on-the-medical-emergency-in-the-cadiz-barca_284208_102.html","og_site_name":"EN - FC Barcelona Noticias","article_published_time":"2022-09-10T21:39:00+00:00","og_image":[{"width":1200,"height":675,"url":"https:\/\/www.fcbarcelonanoticias.com\/en\/wp-content\/uploads\/sites\/2\/2022\/09\/atencio-n-me-dica-inmediata-para-un-aficionado-durante-el-ca-diz-vs-barc-a.jpeg","type":"image\/jpeg"}],"author":"Paola Guevara","twitter_card":"summary_large_image","twitter_misc":{"Written by":"Paola Guevara","Est. reading time":"2 minutes"},"schema":{"@context":"https:\/\/schema.org","@graph":[{"@type":"Article","@id":"https:\/\/www.fcbarcelonanoticias.com\/en\/laliga\/the-medical-communique-on-the-medical-emergency-in-the-cadiz-barca_284208_102.html#article","isPartOf":{"@id":"https:\/\/www.fcbarcelonanoticias.com\/en\/laliga\/the-medical-communique-on-the-medical-emergency-in-the-cadiz-barca_284208_102.html"},"author":{"name":"Paola Guevara","@id":"https:\/\/www.fcbarcelonanoticias.com\/en\/#\/schema\/person\/3b408513ee236e64c3043ec901f019ee"},"headline":"The medical statement on the medical emergency at C\u00e1diz-Bar\u00e7a","datePublished":"2022-09-10T21:39:00+00:00","mainEntityOfPage":{"@id":"https:\/\/www.fcbarcelonanoticias.com\/en\/laliga\/the-medical-communique-on-the-medical-emergency-in-the-cadiz-barca_284208_102.html"},"wordCount":488,"image":{"@id":"https:\/\/www.fcbarcelonanoticias.com\/en\/laliga\/the-medical-communique-on-the-medical-emergency-in-the-cadiz-barca_284208_102.html#primaryimage"},"thumbnailUrl":"https:\/\/www.fcbarcelonanoticias.com\/en\/wp-content\/uploads\/sites\/2\/2022\/09\/atencio-n-me-dica-inmediata-para-un-aficionado-durante-el-ca-diz-vs-barc-a.jpeg","keywords":["C\u00e1diz CF"],"articleSection":["LaLiga","LaLiga"],"inLanguage":"en-US"},{"@type":"WebPage","@id":"https:\/\/www.fcbarcelonanoticias.com\/en\/laliga\/the-medical-communique-on-the-medical-emergency-in-the-cadiz-barca_284208_102.html","url":"https:\/\/www.fcbarcelonanoticias.com\/en\/laliga\/the-medical-communique-on-the-medical-emergency-in-the-cadiz-barca_284208_102.html","name":"The medical communiqu\u00e9 on the medical emergency in the C\u00e1diz-Bar\u00e7a","isPartOf":{"@id":"https:\/\/www.fcbarcelonanoticias.com\/en\/#website"},"primaryImageOfPage":{"@id":"https:\/\/www.fcbarcelonanoticias.com\/en\/laliga\/the-medical-communique-on-the-medical-emergency-in-the-cadiz-barca_284208_102.html#primaryimage"},"image":{"@id":"https:\/\/www.fcbarcelonanoticias.com\/en\/laliga\/the-medical-communique-on-the-medical-emergency-in-the-cadiz-barca_284208_102.html#primaryimage"},"thumbnailUrl":"https:\/\/www.fcbarcelonanoticias.com\/en\/wp-content\/uploads\/sites\/2\/2022\/09\/atencio-n-me-dica-inmediata-para-un-aficionado-durante-el-ca-diz-vs-barc-a.jpeg","datePublished":"2022-09-10T21:39:00+00:00","author":{"@id":"https:\/\/www.fcbarcelonanoticias.com\/en\/#\/schema\/person\/3b408513ee236e64c3043ec901f019ee"},"description":"The C\u00e1diz CF has offered a first medical communiqu\u00e9 after the medical emergency that lived in the New stadium Mirandilla during the minute 81 of party. Boo...","breadcrumb":{"@id":"https:\/\/www.fcbarcelonanoticias.com\/en\/laliga\/the-medical-communique-on-the-medical-emergency-in-the-cadiz-barca_284208_102.html#breadcrumb"},"inLanguage":"en-US","potentialAction":[{"@type":"ReadAction","target":["https:\/\/www.fcbarcelonanoticias.com\/en\/laliga\/the-medical-communique-on-the-medical-emergency-in-the-cadiz-barca_284208_102.html"]}]},{"@type":"ImageObject","inLanguage":"en-US","@id":"https:\/\/www.fcbarcelonanoticias.com\/en\/laliga\/the-medical-communique-on-the-medical-emergency-in-the-cadiz-barca_284208_102.html#primaryimage","url":"https:\/\/www.fcbarcelonanoticias.com\/en\/wp-content\/uploads\/sites\/2\/2022\/09\/atencio-n-me-dica-inmediata-para-un-aficionado-durante-el-ca-diz-vs-barc-a.jpeg","contentUrl":"https:\/\/www.fcbarcelonanoticias.com\/en\/wp-content\/uploads\/sites\/2\/2022\/09\/atencio-n-me-dica-inmediata-para-un-aficionado-durante-el-ca-diz-vs-barc-a.jpeg","width":1200,"height":675},{"@type":"BreadcrumbList","@id":"https:\/\/www.fcbarcelonanoticias.com\/en\/laliga\/the-medical-communique-on-the-medical-emergency-in-the-cadiz-barca_284208_102.html#breadcrumb","itemListElement":[{"@type":"ListItem","position":1,"name":"Portada","item":"https:\/\/www.fcbarcelonanoticias.com\/en\/"},{"@type":"ListItem","position":2,"name":"The medical statement on the medical emergency at C\u00e1diz-Bar\u00e7a"}]},{"@type":"WebSite","@id":"https:\/\/www.fcbarcelonanoticias.com\/en\/#website","url":"https:\/\/www.fcbarcelonanoticias.com\/en\/","name":"EN - FC Barcelona Noticias","description":"","potentialAction":[{"@type":"SearchAction","target":{"@type":"EntryPoint","urlTemplate":"https:\/\/www.fcbarcelonanoticias.com\/en\/?s={search_term_string}"},"query-input":{"@type":"PropertyValueSpecification","valueRequired":true,"valueName":"search_term_string"}}],"inLanguage":"en-US"},{"@type":"Person","@id":"https:\/\/www.fcbarcelonanoticias.com\/en\/#\/schema\/person\/3b408513ee236e64c3043ec901f019ee","name":"Paola Guevara","image":{"@type":"ImageObject","inLanguage":"en-US","@id":"https:\/\/secure.gravatar.com\/avatar\/?s=96&d=mm&r=g","url":"https:\/\/secure.gravatar.com\/avatar\/?s=96&d=mm&r=g","contentUrl":"https:\/\/secure.gravatar.com\/avatar\/?s=96&d=mm&r=g","caption":"Paola Guevara"},"url":"https:\/\/www.fcbarcelonanoticias.com\/en\/fc-barcelona\/paola-guevara_9_115.html"}]}},"_links":{"self":[{"href":"https:\/\/www.fcbarcelonanoticias.com\/en\/wp-json\/wp\/v2\/posts\/63770","targetHints":{"allow":["GET"]}}],"collection":[{"href":"https:\/\/www.fcbarcelonanoticias.com\/en\/wp-json\/wp\/v2\/posts"}],"about":[{"href":"https:\/\/www.fcbarcelonanoticias.com\/en\/wp-json\/wp\/v2\/types\/post"}],"author":[{"embeddable":true,"href":"https:\/\/www.fcbarcelonanoticias.com\/en\/wp-json\/wp\/v2\/users\/352"}],"replies":[{"embeddable":true,"href":"https:\/\/www.fcbarcelonanoticias.com\/en\/wp-json\/wp\/v2\/comments?post=63770"}],"version-history":[{"count":2,"href":"https:\/\/www.fcbarcelonanoticias.com\/en\/wp-json\/wp\/v2\/posts\/63770\/revisions"}],"predecessor-version":[{"id":63778,"href":"https:\/\/www.fcbarcelonanoticias.com\/en\/wp-json\/wp\/v2\/posts\/63770\/revisions\/63778"}],"wp:featuredmedia":[{"embeddable":true,"href":"https:\/\/www.fcbarcelonanoticias.com\/en\/wp-json\/wp\/v2\/media\/63779"}],"wp:attachment":[{"href":"https:\/\/www.fcbarcelonanoticias.com\/en\/wp-json\/wp\/v2\/media?parent=63770"}],"wp:term":[{"taxonomy":"category","embeddable":true,"href":"https:\/\/www.fcbarcelonanoticias.com\/en\/wp-json\/wp\/v2\/categories?post=63770"},{"taxonomy":"post_tag","embeddable":true,"href":"https:\/\/www.fcbarcelonanoticias.com\/en\/wp-json\/wp\/v2\/tags?post=63770"}],"curies":[{"name":"wp","href":"https:\/\/api.w.org\/{rel}","templated":true}]}}