{"id":63842,"date":"2025-11-29T16:24:00","date_gmt":"2025-11-29T15:24:00","guid":{"rendered":"https:\/\/weisetech.dev\/fc-barcelona-noticias\/en\/the-lrl-returns-lamine-raphinha-and-lewandowski-face-alaves_315369_102\/"},"modified":"2026-03-27T11:34:09","modified_gmt":"2026-03-27T10:34:09","slug":"the-lrl-returns-lamine-raphinha-and-lewandowski-face-alaves_315369_102","status":"publish","type":"post","link":"https:\/\/www.fcbarcelonanoticias.com\/en\/laliga\/the-lrl-returns-lamine-raphinha-and-lewandowski-face-alaves_315369_102.html","title":{"rendered":"The &#8216;LRL&#8217; is back: Lamine, Raphinha, and Lewandowski, starters against Alav\u00e9s"},"content":{"rendered":"<h2 class=\"wp-block-heading\">The &#8216;LRL&#8217; is back in Bar\u00e7a&#8217;s lineup. For the first time in 25\/26, Lamine Yamal, Raphinha, and Robert Lewandowski, the deadliest trident in Europe last season, are starters against Alav\u00e9s<\/h2>  \r\n<div class=\"article-addons\">\r\n    <a href=\"https:\/\/www.fcbarcelonanoticias.com\/en\/calendar-fc-barcelona.html\"\r\n       target=\"_self\"\r\n       title=\"Calendar of FC Barcelona\"\r\n       class=\"blue-gredient-btn\">\r\n       \r\n        Calendar of FC Barcelona    <\/a>\r\n<\/div>   <p><strong>FC Barcelona<\/strong> hosts <strong>Alav\u00e9s<\/strong> this Saturday at the <strong>Spotify Camp Nou<\/strong> for a festive occasion. <a data-external=\"0\" data-intl-links-en=\"https:\/\/www.fcbarcelonanoticias.com\/en\/fc-barcelona\/barca-vs-alaves-first-mosaic-new-spotify-camp-nou_315355_102.html\" data-intl-links-es=\"https:\/\/www.fcbarcelonanoticias.com\/fc-barcelona\/barca-alaves-mosaico-camp-nou-126-aniversario_315355_102.html\" href=\"https:\/\/www.fcbarcelonanoticias.com\/en\/fc-barcelona\/barca-vs-alaves-first-mosaic-new-spotify-camp-nou_315355_102.html\" rel=\"follow\" target=\"_self\" title=\"El nuevo Camp Nou vivir\u00e1 su primer gran mosaico en el Bar\u00e7a-Alav\u00e9s\">The club celebrates its 126th anniversary at home<\/a> and does so with its stellar offensive trident back in the XI. The &#8216;LRL&#8217;, made up of <strong>Lamine Yamal<\/strong>, <strong>Raphinha<\/strong>, and <strong>Robert Lewandowski<\/strong>, starts against the Vitoria-based team for the first time in 2025\/26<\/p>  <p><strong>The plague of injuries in the squad<\/strong> prevented Hansi Flick from having his three most lethal forwards in his lineup for the first 18 games of the season. &#8216;Lewy&#8217; suffered a couple of muscle injuries, while Lamine has dealt with osteitis pubis since the end of August. Rapha, in addition, was out for two months after a right thigh injury that he relapsed from on a couple of occasions.<\/p>  <p>In 2024\/25, <strong>Flick&#8217;s Bar\u00e7a scored 173 goals. 54.53% were accounted for by the &#8216;LRL&#8217;<\/strong>, thanks to the 42 goals scored by Lewandowski, 34 by Raphinha, and 18 goals scored by Lamine. 94 goals from a trident that managed to emulate what the mythical &#8216;MSN&#8217;, formed by Leo Messi, Luis Su\u00e1rez, and Neymar Jr., achieved a decade ago.<\/p>  <p>Including each player&#8217;s assists (23 for Lamine, another 23 for Rapha, and 3 for &#8216;Lewy&#8217;), <strong>the Bar\u00e7a attacking trident participated in 82.65% of the team&#8217;s goals<\/strong> in all competitions (143). A true, unparalleled madness in Europe.<\/p>  <h2>The &#8216;LRL&#8217; returns to the Bar\u00e7a XI after 188 days<\/h2>  <p>Bar\u00e7a, although they missed their star trident this season, have maintained a similar scoring average so far. The Catalans have scored 36 goals in 13 LaLiga matchdays and another 12 in 5 Champions League encounters, meaning <strong>48 goals in 18 games<\/strong>. The average remains at 2.66 goals per match, slightly lower than that of 24\/25 (2.88).<\/p>  <p>The last time the &#8216;LRL&#8217; lineup coincided on the field from the start was on matchday 38 of the previous LaLiga season. In the 0-3 victory against Athletic at San Mam\u00e9s, Lewandowski scored a brace to reach his centenary goal tally with Bar\u00e7a. Dani Olmo, from a penalty, sealed the win in a match where Raphinha provided an assist, his 23rd of the season, to equal Lamine as the team&#8217;s leader<\/p>  <h2>Raphinha, starting for the first time since the visit to Oviedo<\/h2>  <p>Rapha, this season, **has scored 3 goals and provided 2 assists in 9 appearances**. The Brazilian had not started since the victory against Oviedo on September 25 (1-3), the day he suffered the injury to his right hamstring that kept him out for two months.The &#8217;11&#8217; played against Athletic (9 minutes) and Chelsea (28&#8242;) and is looking for his first goal since matchday 4 against Valencia (6-0). That day he scored a brace coming off the bench.<\/p>  <h2>Lamine Yamal seeks to extend his notable offensive streak in LaLiga<\/h2>  <div class=\"media media-image\" data-ck-asset-wrapper=\"\"> <div class=\"media-item\"> <img loading=\"lazy\" decoding=\"async\" alt=\"Lamine Yamal and Robert Lewandowski celebrate Bar\u00e7a's second goal\" data-id=\"1523890\" data-resize=\"9\" height=\"563\" src=\"https:\/\/www.fcbarcelonanoticias.com\/wp-content\/uploads\/sites\/2\/2025\/09\/fcbn-3ee27a419c7a9959053d12fa9cc8db8c.webp\" title=\"Lamine Yamal and Robert Lewandowski celebrate Bar\u00e7a's second goal\" width=\"1000\"><div class=\"media-title\">Lamine Yamal and Robert Lewandowski celebrate Bar\u00e7a&#8217;s second goal against Real Sociedad (2-1)<\/div> <\/div> <\/div>  <p>Lamine Yamal, for his part, <strong>is coming off two assists in the thrashing against Athletic (4-0)<\/strong>. Although the &#8217;10&#8217; could not score for the third consecutive league game (fourth including the Champions League), he is going through his best moment in the tournament.The Matar\u00f3 player has accumulated six consecutive starts after missing four games due to his pubis discomfort. In that period, he has scored 2 goals and provided 3 assists, regaining his usual explosiveness on the wing. He didn&#8217;t have his best night against Chelsea, so he will be looking to have a stellar game against Alav\u00e9s.<\/p>  <h2>Lewandowski repeats in the XI for the fourth consecutive match<\/h2>  <p>In Lewandowski&#8217;s case, the Pole also comes into the duel against the Vitoria team on a scoring streak. The Pole scored a &#8216;hat-trick&#8217; against Celta (2-4) and also had the pleasure of scoring Barcelona&#8217;s first goal at the revamped Spotify Camp Nou. After a slow start to the season, the &#8216;9&#8217; now has 8 goals in the league and is on track for his fifth consecutive start.<\/p>  <ul> <li>\ud83d\udccc&nbsp;<strong>Follow the match live&nbsp;<a data-external=\"0\" data-intl-links-en=\"https:\/\/www.fcbarcelonanoticias.com\/en\/tags\/fc-barcelona-vs-deportivo-alaves\" data-intl-links-es=\"https:\/\/www.fcbarcelonanoticias.com\/tags\/fc-barcelona-vs-deportivo-alaves\" href=\"https:\/\/www.fcbarcelonanoticias.com\/en\/tags\/fc-barcelona-vs-deportivo-alaves.html\" rel=\"follow\" target=\"_self\" title=\"FC Barcelona vs Deportivo Alav\u00e9s\">FC Barcelona vs Alav\u00e9s<\/a>&nbsp;on FC Barcelona Noticias and find out everything&nbsp;don&#8217;t miss a thing<\/strong> <\/li> <\/ul> ","protected":false},"excerpt":{"rendered":"<p>The &#8216;LRL&#8217; is back in Bar\u00e7a&#8217;s lineup. For the first time in 25\/26, Lamine Yamal, Raphinha, and Robert Lewandowski, the deadliest trident in Europe last season, are starters against Alav\u00e9s FC Barcelona hosts Alav\u00e9s this Saturday at the Spotify Camp Nou for a festive occasion. The club celebrates its 126th anniversary at home and does [&hellip;]<\/p>\n","protected":false},"author":347,"featured_media":63845,"comment_status":"closed","ping_status":"open","sticky":false,"template":"","format":"standard","meta":{"_acf_changed":false,"inline_featured_image":false,"_nextfly_llmd_date_locked":false,"footnotes":""},"categories":[448,114],"tags":[191,201,68,87,465,147,144,463,152,462,157],"class_list":["post-63842","post","type-post","status-publish","format-standard","has-post-thumbnail","hentry","category-laliga-2","category-laliga","tag-fc-barcelona-goalscorers","tag-lineups","tag-fc-barcelona-vs-deportivo-alaves","tag-hansi-flick","tag-lamine-yamal-2","tag-lamine-yamal","tag-raphinha","tag-raphinha-2","tag-robert-lewandowski","tag-robert-lewandowski-2","tag-statistics"],"acf":[],"yoast_head":"<!-- This site is optimized with the Yoast SEO plugin v27.3 - https:\/\/yoast.com\/product\/yoast-seo-wordpress\/ -->\n<title>The &#039;LRL&#039; returns: Lamine, Raphinha, and Lewandowski face Alav\u00e9s<\/title>\n<meta name=\"description\" content=\"The &#039;LRL&#039; is back in Bar\u00e7a&#039;s lineup. For the first time in 25\/26, Lamine Yamal, Raphinha, and Robert Lewandowski, starters against Alav\u00e9s\" \/>\n<meta name=\"robots\" content=\"index, follow, max-snippet:-1, max-image-preview:large, max-video-preview:-1\" \/>\n<link rel=\"canonical\" href=\"https:\/\/www.fcbarcelonanoticias.com\/en\/laliga\/the-lrl-returns-lamine-raphinha-and-lewandowski-face-alaves_315369_102.html\" \/>\n<meta property=\"og:locale\" content=\"en_US\" \/>\n<meta property=\"og:type\" content=\"article\" \/>\n<meta property=\"og:title\" content=\"The &#039;LRL&#039; returns: Lamine, Raphinha, and Lewandowski face Alav\u00e9s\" \/>\n<meta property=\"og:description\" content=\"The &#039;LRL&#039; is back in Bar\u00e7a&#039;s lineup. For the first time in 25\/26, Lamine Yamal, Raphinha, and Robert Lewandowski, starters against Alav\u00e9s\" \/>\n<meta property=\"og:url\" content=\"https:\/\/www.fcbarcelonanoticias.com\/en\/laliga\/the-lrl-returns-lamine-raphinha-and-lewandowski-face-alaves_315369_102.html\" \/>\n<meta property=\"og:site_name\" content=\"EN - FC Barcelona Noticias\" \/>\n<meta property=\"article:published_time\" content=\"2025-11-29T15:24:00+00:00\" \/>\n<meta property=\"article:modified_time\" content=\"2026-03-27T10:34:09+00:00\" \/>\n<meta property=\"og:image\" content=\"https:\/\/www.fcbarcelonanoticias.com\/en\/wp-content\/uploads\/sites\/2\/2025\/11\/lrl-lamine-raphinha-lewandowski-fc-barcelona.webp\" \/>\n\t<meta property=\"og:image:width\" content=\"1200\" \/>\n\t<meta property=\"og:image:height\" content=\"675\" \/>\n\t<meta property=\"og:image:type\" content=\"image\/webp\" \/>\n<meta name=\"author\" content=\"Andr\u00e9s Quiroz\" \/>\n<meta name=\"twitter:card\" content=\"summary_large_image\" \/>\n<meta name=\"twitter:label1\" content=\"Written by\" \/>\n\t<meta name=\"twitter:data1\" content=\"Andr\u00e9s Quiroz\" \/>\n\t<meta name=\"twitter:label2\" content=\"Est. reading time\" \/>\n\t<meta name=\"twitter:data2\" content=\"3 minutes\" \/>\n<script type=\"application\/ld+json\" class=\"yoast-schema-graph\">{\"@context\":\"https:\\\/\\\/schema.org\",\"@graph\":[{\"@type\":\"Article\",\"@id\":\"https:\\\/\\\/www.fcbarcelonanoticias.com\\\/en\\\/laliga\\\/the-lrl-returns-lamine-raphinha-and-lewandowski-face-alaves_315369_102.html#article\",\"isPartOf\":{\"@id\":\"https:\\\/\\\/www.fcbarcelonanoticias.com\\\/en\\\/laliga\\\/the-lrl-returns-lamine-raphinha-and-lewandowski-face-alaves_315369_102.html\"},\"author\":{\"name\":\"Andr\u00e9s Quiroz\",\"@id\":\"https:\\\/\\\/www.fcbarcelonanoticias.com\\\/en\\\/#\\\/schema\\\/person\\\/c2cd9f6fa1af5c0d0eccd0fefa575c88\"},\"headline\":\"The &#8216;LRL&#8217; is back: Lamine, Raphinha, and Lewandowski, starters against Alav\u00e9s\",\"datePublished\":\"2025-11-29T15:24:00+00:00\",\"dateModified\":\"2026-03-27T10:34:09+00:00\",\"mainEntityOfPage\":{\"@id\":\"https:\\\/\\\/www.fcbarcelonanoticias.com\\\/en\\\/laliga\\\/the-lrl-returns-lamine-raphinha-and-lewandowski-face-alaves_315369_102.html\"},\"wordCount\":695,\"image\":{\"@id\":\"https:\\\/\\\/www.fcbarcelonanoticias.com\\\/en\\\/laliga\\\/the-lrl-returns-lamine-raphinha-and-lewandowski-face-alaves_315369_102.html#primaryimage\"},\"thumbnailUrl\":\"https:\\\/\\\/www.fcbarcelonanoticias.com\\\/en\\\/wp-content\\\/uploads\\\/sites\\\/2\\\/2025\\\/11\\\/lrl-lamine-raphinha-lewandowski-fc-barcelona.webp\",\"keywords\":[\"FC Barcelona Goalscorers\",\"FC Barcelona Lineups\",\"FC Barcelona vs Deportivo Alav\u00e9s\",\"Hansi Flick\",\"Lamine Yamal\",\"Lamine Yamal\",\"Raphinha\",\"Raphinha\",\"Robert Lewandowski\",\"Robert Lewandowski\",\"Statistics\"],\"articleSection\":[\"LaLiga\",\"LaLiga\"],\"inLanguage\":\"en-US\"},{\"@type\":\"WebPage\",\"@id\":\"https:\\\/\\\/www.fcbarcelonanoticias.com\\\/en\\\/laliga\\\/the-lrl-returns-lamine-raphinha-and-lewandowski-face-alaves_315369_102.html\",\"url\":\"https:\\\/\\\/www.fcbarcelonanoticias.com\\\/en\\\/laliga\\\/the-lrl-returns-lamine-raphinha-and-lewandowski-face-alaves_315369_102.html\",\"name\":\"The 'LRL' returns: Lamine, Raphinha, and Lewandowski face Alav\u00e9s\",\"isPartOf\":{\"@id\":\"https:\\\/\\\/www.fcbarcelonanoticias.com\\\/en\\\/#website\"},\"primaryImageOfPage\":{\"@id\":\"https:\\\/\\\/www.fcbarcelonanoticias.com\\\/en\\\/laliga\\\/the-lrl-returns-lamine-raphinha-and-lewandowski-face-alaves_315369_102.html#primaryimage\"},\"image\":{\"@id\":\"https:\\\/\\\/www.fcbarcelonanoticias.com\\\/en\\\/laliga\\\/the-lrl-returns-lamine-raphinha-and-lewandowski-face-alaves_315369_102.html#primaryimage\"},\"thumbnailUrl\":\"https:\\\/\\\/www.fcbarcelonanoticias.com\\\/en\\\/wp-content\\\/uploads\\\/sites\\\/2\\\/2025\\\/11\\\/lrl-lamine-raphinha-lewandowski-fc-barcelona.webp\",\"datePublished\":\"2025-11-29T15:24:00+00:00\",\"dateModified\":\"2026-03-27T10:34:09+00:00\",\"author\":{\"@id\":\"https:\\\/\\\/www.fcbarcelonanoticias.com\\\/en\\\/#\\\/schema\\\/person\\\/c2cd9f6fa1af5c0d0eccd0fefa575c88\"},\"description\":\"The 'LRL' is back in Bar\u00e7a's lineup. For the first time in 25\\\/26, Lamine Yamal, Raphinha, and Robert Lewandowski, starters against Alav\u00e9s\",\"breadcrumb\":{\"@id\":\"https:\\\/\\\/www.fcbarcelonanoticias.com\\\/en\\\/laliga\\\/the-lrl-returns-lamine-raphinha-and-lewandowski-face-alaves_315369_102.html#breadcrumb\"},\"inLanguage\":\"en-US\",\"potentialAction\":[{\"@type\":\"ReadAction\",\"target\":[\"https:\\\/\\\/www.fcbarcelonanoticias.com\\\/en\\\/laliga\\\/the-lrl-returns-lamine-raphinha-and-lewandowski-face-alaves_315369_102.html\"]}]},{\"@type\":\"ImageObject\",\"inLanguage\":\"en-US\",\"@id\":\"https:\\\/\\\/www.fcbarcelonanoticias.com\\\/en\\\/laliga\\\/the-lrl-returns-lamine-raphinha-and-lewandowski-face-alaves_315369_102.html#primaryimage\",\"url\":\"https:\\\/\\\/www.fcbarcelonanoticias.com\\\/en\\\/wp-content\\\/uploads\\\/sites\\\/2\\\/2025\\\/11\\\/lrl-lamine-raphinha-lewandowski-fc-barcelona.webp\",\"contentUrl\":\"https:\\\/\\\/www.fcbarcelonanoticias.com\\\/en\\\/wp-content\\\/uploads\\\/sites\\\/2\\\/2025\\\/11\\\/lrl-lamine-raphinha-lewandowski-fc-barcelona.webp\",\"width\":1200,\"height\":675},{\"@type\":\"BreadcrumbList\",\"@id\":\"https:\\\/\\\/www.fcbarcelonanoticias.com\\\/en\\\/laliga\\\/the-lrl-returns-lamine-raphinha-and-lewandowski-face-alaves_315369_102.html#breadcrumb\",\"itemListElement\":[{\"@type\":\"ListItem\",\"position\":1,\"name\":\"Portada\",\"item\":\"https:\\\/\\\/www.fcbarcelonanoticias.com\\\/en\\\/\"},{\"@type\":\"ListItem\",\"position\":2,\"name\":\"The &#8216;LRL&#8217; is back: Lamine, Raphinha, and Lewandowski, starters against Alav\u00e9s\"}]},{\"@type\":\"WebSite\",\"@id\":\"https:\\\/\\\/www.fcbarcelonanoticias.com\\\/en\\\/#website\",\"url\":\"https:\\\/\\\/www.fcbarcelonanoticias.com\\\/en\\\/\",\"name\":\"EN - FC Barcelona Noticias\",\"description\":\"\",\"potentialAction\":[{\"@type\":\"SearchAction\",\"target\":{\"@type\":\"EntryPoint\",\"urlTemplate\":\"https:\\\/\\\/www.fcbarcelonanoticias.com\\\/en\\\/?s={search_term_string}\"},\"query-input\":{\"@type\":\"PropertyValueSpecification\",\"valueRequired\":true,\"valueName\":\"search_term_string\"}}],\"inLanguage\":\"en-US\"},{\"@type\":\"Person\",\"@id\":\"https:\\\/\\\/www.fcbarcelonanoticias.com\\\/en\\\/#\\\/schema\\\/person\\\/c2cd9f6fa1af5c0d0eccd0fefa575c88\",\"name\":\"Andr\u00e9s Quiroz\",\"image\":{\"@type\":\"ImageObject\",\"inLanguage\":\"en-US\",\"@id\":\"https:\\\/\\\/secure.gravatar.com\\\/avatar\\\/?s=96&d=mm&r=g\",\"url\":\"https:\\\/\\\/secure.gravatar.com\\\/avatar\\\/?s=96&d=mm&r=g\",\"contentUrl\":\"https:\\\/\\\/secure.gravatar.com\\\/avatar\\\/?s=96&d=mm&r=g\",\"caption\":\"Andr\u00e9s Quiroz\"},\"description\":\"Licenciado en Periodismo por la Universidad de los Andes. Me encargo de analizar y compartir los contenidos m\u00e1s destacados de la\u00a0actualidad del F\u00fatbol Club Barcelona, Mercado de Fichajes y F\u00fatbol Internacional en FCBN. La informaci\u00f3n es poder, pero tambi\u00e9n conocimiento.\",\"url\":\"https:\\\/\\\/www.fcbarcelonanoticias.com\\\/en\\\/fc-barcelona\\\/andres-quiroz_17_115.html\"}]}<\/script>\n<!-- \/ Yoast SEO plugin. -->","yoast_head_json":{"title":"The 'LRL' returns: Lamine, Raphinha, and Lewandowski face Alav\u00e9s","description":"The 'LRL' is back in Bar\u00e7a's lineup. For the first time in 25\/26, Lamine Yamal, Raphinha, and Robert Lewandowski, starters against Alav\u00e9s","robots":{"index":"index","follow":"follow","max-snippet":"max-snippet:-1","max-image-preview":"max-image-preview:large","max-video-preview":"max-video-preview:-1"},"canonical":"https:\/\/www.fcbarcelonanoticias.com\/en\/laliga\/the-lrl-returns-lamine-raphinha-and-lewandowski-face-alaves_315369_102.html","og_locale":"en_US","og_type":"article","og_title":"The 'LRL' returns: Lamine, Raphinha, and Lewandowski face Alav\u00e9s","og_description":"The 'LRL' is back in Bar\u00e7a's lineup. For the first time in 25\/26, Lamine Yamal, Raphinha, and Robert Lewandowski, starters against Alav\u00e9s","og_url":"https:\/\/www.fcbarcelonanoticias.com\/en\/laliga\/the-lrl-returns-lamine-raphinha-and-lewandowski-face-alaves_315369_102.html","og_site_name":"EN - FC Barcelona Noticias","article_published_time":"2025-11-29T15:24:00+00:00","article_modified_time":"2026-03-27T10:34:09+00:00","og_image":[{"width":1200,"height":675,"url":"https:\/\/www.fcbarcelonanoticias.com\/en\/wp-content\/uploads\/sites\/2\/2025\/11\/lrl-lamine-raphinha-lewandowski-fc-barcelona.webp","type":"image\/webp"}],"author":"Andr\u00e9s Quiroz","twitter_card":"summary_large_image","twitter_misc":{"Written by":"Andr\u00e9s Quiroz","Est. reading time":"3 minutes"},"schema":{"@context":"https:\/\/schema.org","@graph":[{"@type":"Article","@id":"https:\/\/www.fcbarcelonanoticias.com\/en\/laliga\/the-lrl-returns-lamine-raphinha-and-lewandowski-face-alaves_315369_102.html#article","isPartOf":{"@id":"https:\/\/www.fcbarcelonanoticias.com\/en\/laliga\/the-lrl-returns-lamine-raphinha-and-lewandowski-face-alaves_315369_102.html"},"author":{"name":"Andr\u00e9s Quiroz","@id":"https:\/\/www.fcbarcelonanoticias.com\/en\/#\/schema\/person\/c2cd9f6fa1af5c0d0eccd0fefa575c88"},"headline":"The &#8216;LRL&#8217; is back: Lamine, Raphinha, and Lewandowski, starters against Alav\u00e9s","datePublished":"2025-11-29T15:24:00+00:00","dateModified":"2026-03-27T10:34:09+00:00","mainEntityOfPage":{"@id":"https:\/\/www.fcbarcelonanoticias.com\/en\/laliga\/the-lrl-returns-lamine-raphinha-and-lewandowski-face-alaves_315369_102.html"},"wordCount":695,"image":{"@id":"https:\/\/www.fcbarcelonanoticias.com\/en\/laliga\/the-lrl-returns-lamine-raphinha-and-lewandowski-face-alaves_315369_102.html#primaryimage"},"thumbnailUrl":"https:\/\/www.fcbarcelonanoticias.com\/en\/wp-content\/uploads\/sites\/2\/2025\/11\/lrl-lamine-raphinha-lewandowski-fc-barcelona.webp","keywords":["FC Barcelona Goalscorers","FC Barcelona Lineups","FC Barcelona vs Deportivo Alav\u00e9s","Hansi Flick","Lamine Yamal","Lamine Yamal","Raphinha","Raphinha","Robert Lewandowski","Robert Lewandowski","Statistics"],"articleSection":["LaLiga","LaLiga"],"inLanguage":"en-US"},{"@type":"WebPage","@id":"https:\/\/www.fcbarcelonanoticias.com\/en\/laliga\/the-lrl-returns-lamine-raphinha-and-lewandowski-face-alaves_315369_102.html","url":"https:\/\/www.fcbarcelonanoticias.com\/en\/laliga\/the-lrl-returns-lamine-raphinha-and-lewandowski-face-alaves_315369_102.html","name":"The 'LRL' returns: Lamine, Raphinha, and Lewandowski face Alav\u00e9s","isPartOf":{"@id":"https:\/\/www.fcbarcelonanoticias.com\/en\/#website"},"primaryImageOfPage":{"@id":"https:\/\/www.fcbarcelonanoticias.com\/en\/laliga\/the-lrl-returns-lamine-raphinha-and-lewandowski-face-alaves_315369_102.html#primaryimage"},"image":{"@id":"https:\/\/www.fcbarcelonanoticias.com\/en\/laliga\/the-lrl-returns-lamine-raphinha-and-lewandowski-face-alaves_315369_102.html#primaryimage"},"thumbnailUrl":"https:\/\/www.fcbarcelonanoticias.com\/en\/wp-content\/uploads\/sites\/2\/2025\/11\/lrl-lamine-raphinha-lewandowski-fc-barcelona.webp","datePublished":"2025-11-29T15:24:00+00:00","dateModified":"2026-03-27T10:34:09+00:00","author":{"@id":"https:\/\/www.fcbarcelonanoticias.com\/en\/#\/schema\/person\/c2cd9f6fa1af5c0d0eccd0fefa575c88"},"description":"The 'LRL' is back in Bar\u00e7a's lineup. For the first time in 25\/26, Lamine Yamal, Raphinha, and Robert Lewandowski, starters against Alav\u00e9s","breadcrumb":{"@id":"https:\/\/www.fcbarcelonanoticias.com\/en\/laliga\/the-lrl-returns-lamine-raphinha-and-lewandowski-face-alaves_315369_102.html#breadcrumb"},"inLanguage":"en-US","potentialAction":[{"@type":"ReadAction","target":["https:\/\/www.fcbarcelonanoticias.com\/en\/laliga\/the-lrl-returns-lamine-raphinha-and-lewandowski-face-alaves_315369_102.html"]}]},{"@type":"ImageObject","inLanguage":"en-US","@id":"https:\/\/www.fcbarcelonanoticias.com\/en\/laliga\/the-lrl-returns-lamine-raphinha-and-lewandowski-face-alaves_315369_102.html#primaryimage","url":"https:\/\/www.fcbarcelonanoticias.com\/en\/wp-content\/uploads\/sites\/2\/2025\/11\/lrl-lamine-raphinha-lewandowski-fc-barcelona.webp","contentUrl":"https:\/\/www.fcbarcelonanoticias.com\/en\/wp-content\/uploads\/sites\/2\/2025\/11\/lrl-lamine-raphinha-lewandowski-fc-barcelona.webp","width":1200,"height":675},{"@type":"BreadcrumbList","@id":"https:\/\/www.fcbarcelonanoticias.com\/en\/laliga\/the-lrl-returns-lamine-raphinha-and-lewandowski-face-alaves_315369_102.html#breadcrumb","itemListElement":[{"@type":"ListItem","position":1,"name":"Portada","item":"https:\/\/www.fcbarcelonanoticias.com\/en\/"},{"@type":"ListItem","position":2,"name":"The &#8216;LRL&#8217; is back: Lamine, Raphinha, and Lewandowski, starters against Alav\u00e9s"}]},{"@type":"WebSite","@id":"https:\/\/www.fcbarcelonanoticias.com\/en\/#website","url":"https:\/\/www.fcbarcelonanoticias.com\/en\/","name":"EN - FC Barcelona Noticias","description":"","potentialAction":[{"@type":"SearchAction","target":{"@type":"EntryPoint","urlTemplate":"https:\/\/www.fcbarcelonanoticias.com\/en\/?s={search_term_string}"},"query-input":{"@type":"PropertyValueSpecification","valueRequired":true,"valueName":"search_term_string"}}],"inLanguage":"en-US"},{"@type":"Person","@id":"https:\/\/www.fcbarcelonanoticias.com\/en\/#\/schema\/person\/c2cd9f6fa1af5c0d0eccd0fefa575c88","name":"Andr\u00e9s Quiroz","image":{"@type":"ImageObject","inLanguage":"en-US","@id":"https:\/\/secure.gravatar.com\/avatar\/?s=96&d=mm&r=g","url":"https:\/\/secure.gravatar.com\/avatar\/?s=96&d=mm&r=g","contentUrl":"https:\/\/secure.gravatar.com\/avatar\/?s=96&d=mm&r=g","caption":"Andr\u00e9s Quiroz"},"description":"Licenciado en Periodismo por la Universidad de los Andes. Me encargo de analizar y compartir los contenidos m\u00e1s destacados de la\u00a0actualidad del F\u00fatbol Club Barcelona, Mercado de Fichajes y F\u00fatbol Internacional en FCBN. La informaci\u00f3n es poder, pero tambi\u00e9n conocimiento.","url":"https:\/\/www.fcbarcelonanoticias.com\/en\/fc-barcelona\/andres-quiroz_17_115.html"}]}},"_links":{"self":[{"href":"https:\/\/www.fcbarcelonanoticias.com\/en\/wp-json\/wp\/v2\/posts\/63842","targetHints":{"allow":["GET"]}}],"collection":[{"href":"https:\/\/www.fcbarcelonanoticias.com\/en\/wp-json\/wp\/v2\/posts"}],"about":[{"href":"https:\/\/www.fcbarcelonanoticias.com\/en\/wp-json\/wp\/v2\/types\/post"}],"author":[{"embeddable":true,"href":"https:\/\/www.fcbarcelonanoticias.com\/en\/wp-json\/wp\/v2\/users\/347"}],"replies":[{"embeddable":true,"href":"https:\/\/www.fcbarcelonanoticias.com\/en\/wp-json\/wp\/v2\/comments?post=63842"}],"version-history":[{"count":4,"href":"https:\/\/www.fcbarcelonanoticias.com\/en\/wp-json\/wp\/v2\/posts\/63842\/revisions"}],"predecessor-version":[{"id":159488,"href":"https:\/\/www.fcbarcelonanoticias.com\/en\/wp-json\/wp\/v2\/posts\/63842\/revisions\/159488"}],"wp:featuredmedia":[{"embeddable":true,"href":"https:\/\/www.fcbarcelonanoticias.com\/en\/wp-json\/wp\/v2\/media\/63845"}],"wp:attachment":[{"href":"https:\/\/www.fcbarcelonanoticias.com\/en\/wp-json\/wp\/v2\/media?parent=63842"}],"wp:term":[{"taxonomy":"category","embeddable":true,"href":"https:\/\/www.fcbarcelonanoticias.com\/en\/wp-json\/wp\/v2\/categories?post=63842"},{"taxonomy":"post_tag","embeddable":true,"href":"https:\/\/www.fcbarcelonanoticias.com\/en\/wp-json\/wp\/v2\/tags?post=63842"}],"curies":[{"name":"wp","href":"https:\/\/api.w.org\/{rel}","templated":true}]}}