{"id":63976,"date":"2022-10-23T00:01:00","date_gmt":"2022-10-22T22:01:00","guid":{"rendered":"https:\/\/weisetech.dev\/fc-barcelona-noticias\/en\/the-possible-alignments-of-the-fc-barcelona-athletic-bilbao-of-laliga_285737_102\/"},"modified":"2022-10-23T16:06:00","modified_gmt":"2022-10-23T14:06:00","slug":"the-possible-alignments-of-the-fc-barcelona-athletic-bilbao-of-laliga_285737_102","status":"publish","type":"post","link":"https:\/\/www.fcbarcelonanoticias.com\/en\/laliga\/the-possible-alignments-of-the-fc-barcelona-athletic-bilbao-of-laliga_285737_102.html","title":{"rendered":"The possible line-ups of FC Barcelona-Athletic Bilbao in LaLiga"},"content":{"rendered":"<h2 class=\"wp-block-heading\">FC Barcelona receives Athletic Club de Bilbao this Sunday at the Spotify Camp Nou, starting at 9:00 p.m. Xavi Hern\u00e1ndez already insinuated that he would make rotations in the XI to face the Bilbao team<\/h2>  \r\n<div class=\"article-addons\">\r\n    <a href=\"https:\/\/www.fcbarcelonanoticias.com\/en\/calendar-fc-barcelona.html\"\r\n       target=\"_self\"\r\n       title=\"Calendar of FC Barcelona\"\r\n       class=\"blue-gredient-btn\">\r\n       \r\n        Calendar of FC Barcelona    <\/a>\r\n<\/div>   <p>After the convincente victory of the FC Barcelona on the Villarreal the past Thursday (3-0), <strong>the Barcelona return to the action with the visit of the Athletic Club of Bilbao,<\/strong> trained by the excul\u00e9 Ernesto Valverde, this Sunday <a data-external=\"0\" data-intl-links-en=\"https:\/\/www.fcbarcelonanoticias.com\/en\/laliga\/fc-barcelona-vs-athletic-bilbao-on-tv-when-where-watch-the-match-laliga_285714_102.html\" data-intl-links-es=\"https:\/\/www.fcbarcelonanoticias.com\/laliga\/fc-barcelona-vs-athletic-bilbao-en-tv-cuando-donde-ver-partido-laliga_285714_102.html\" href=\"https:\/\/www.fcbarcelonanoticias.com\/en\/laliga\/fc-barcelona-vs-athletic-bilbao-on-tv-when-where-watch-the-match-laliga_285714_102.html\" rel=\"follow\" target=\"_self\" title=\"FC Barcelona vs Athletic de Bilbao en TV: Cu\u00e1ndo y d\u00f3nde ver el partido de LaLiga\">(21:00 hours CEST)<\/a>, in the corresponding party to the eleventh day of LaLiga Santander 2022-2023. In the previous, the trainer egarense recognised that it was forced to do rotations.<\/p>  <p><strong>&#8220;We will do changes because there is fatigue and annoyances, some more forced that others<\/strong>. It would like me give continuity to some players, but have to prioritise that the team was to 100%&#8221;, said the trainer egarense. Between the possible novelties, could be the players that &#8216;rested&#8217; against the Villarreal: Sergio Busquets, Alejandro Balde, Eric Garc\u00eda, Raphinha and Ousmane Demb\u00e9l\u00e9. To continuation, our forecast of the alignments:<\/p>  <h3>Likely alignments of the Bar\u00e7a-Athletic Bilbao<\/h3>  <ul> <li> <strong>XI of the FC Barcelona:<\/strong> Ter Stegen; Beller\u00edn, Eric Garc\u00eda, Kound\u00e9, Balde; Busquets, Of Jong, Gavi; Demb\u00e9l\u00e9, Lewandowski and Ansu Fati.<\/li> \t<li> <strong>XI of the Athletic Bilbao:<\/strong> Unai Sim\u00f3n; \u00d3scar Of Marcos, Yeray \u00c1lvarez, \u00cd\u00f1igo Mart\u00ednez, \u00cd\u00f1igo Lekue; Oihan Sancet, Mikel Vesga\/Dani Garc\u00eda; Nico Williams, Iker Muniain, \u00c1lex Berenguer; I\u00f1aki Williams.<\/li> <\/ul> <h4>Ter Stegen<\/h4>  <p>The guardameta is intocable in the alignment of Xavi Hern\u00e1ndez and, although it announced rotations, the place of goalkeeper will not see changes. The one of M\u00f6nchengladbach is being one of the protagonists of the team in this start of season<strong> and will look for to live a calm night,<\/strong> as it already did the past Thursday against the Villarreal.<\/p>  <h4>Beller\u00edn-Kound\u00e9-Eric-Balde<\/h4>  <p><strong>In the defence could have important changes, with the possible novelty of H\u00e9ctor Beller\u00edn like titling in the right band,<\/strong> after recovering of his injury. The doubt is the one of Jules Kound\u00e9, the one who is being very important and would split like titling beside Eric Garc\u00eda in the axis of the defensive saga, but will depend on if Xavi understands that it has to give him rest to avoid &#8216;surprises&#8217;, remembering that hardly it does a week gave him the high medical and east would be his third party in seven days. Alejandro Balde, finally, could recover his place in the left-handed side.<\/p>  <h4>Of Jong-Busquets-Gavi<\/h4>  <p>In the centre of the field also there are several doubts. Xavi glided that Busquets would return to the eleven headline: &#8220;In the subject to do coverages, understand the exit in the just moment,<strong> for me, Busi is a m\u00e1ster, with a big experience and has the gift to know be<\/strong>, is spectacular for the group&#8221;, said, adding that Frenkie of Jong could play as inner because it would not have so many freedoms with the Athletic. It ensured, besides, that Pedri is insustituible, but has played everything&#8230; And it could go out Gavi, by what expects that the three form the trident in the medullary against the picture of the lions.<\/p>  <h4>Demb\u00e9l\u00e9-Lewandowski-Ansu Fati<\/h4>  <p>The Barcelona forward to receive to the Athletic gathers all the doubts, because up to now<strong> Lewandowski has been headline in almost all the parties: it will be part of the rotations this Sunday?<\/strong> Considering that it is one of the most important pieces of the team and that has marked big percentage of the goals of the Bar\u00e7a, results complicated that it remain in the bench. It will remain for resolving who will accompany him in the extremes. To Ansu Fati is him putting expensive to title indisputable and could reappear Ousmane Demb\u00e9l\u00e9 by the right.<\/p> ","protected":false},"excerpt":{"rendered":"<p>FC Barcelona receives Athletic Club de Bilbao this Sunday at the Spotify Camp Nou, starting at 9:00 p.m. Xavi Hern\u00e1ndez already insinuated that he would make rotations in the XI to face the Bilbao team After the convincente victory of the FC Barcelona on the Villarreal the past Thursday (3-0), the Barcelona return to the [&hellip;]<\/p>\n","protected":false},"author":352,"featured_media":63981,"comment_status":"closed","ping_status":"open","sticky":false,"template":"","format":"standard","meta":{"_acf_changed":false,"inline_featured_image":false,"_nextfly_llmd_date_locked":false,"footnotes":""},"categories":[114,448],"tags":[81,201],"class_list":["post-63976","post","type-post","status-publish","format-standard","has-post-thumbnail","hentry","category-laliga","category-laliga-2","tag-athletic-de-bilbao","tag-lineups"],"acf":[],"yoast_head":"<!-- This site is optimized with the Yoast SEO plugin v27.3 - https:\/\/yoast.com\/product\/yoast-seo-wordpress\/ -->\n<title>The possible alignments of the FC Barcelona-Athletic Bilbao of LaLiga<\/title>\n<meta name=\"description\" content=\"The FC Barcelona receives this Sunday to the Athletic Bilbao in the Spotify Camp Nou, from the 21:00 hours. Xavi Hern\u00e1ndez already insinuated that it would do rotacion...\" \/>\n<meta name=\"robots\" content=\"index, follow, max-snippet:-1, max-image-preview:large, max-video-preview:-1\" \/>\n<link rel=\"canonical\" href=\"https:\/\/www.fcbarcelonanoticias.com\/en\/laliga\/the-possible-alignments-of-the-fc-barcelona-athletic-bilbao-of-laliga_285737_102.html\" \/>\n<meta property=\"og:locale\" content=\"en_US\" \/>\n<meta property=\"og:type\" content=\"article\" \/>\n<meta property=\"og:title\" content=\"The possible alignments of the FC Barcelona-Athletic Bilbao of LaLiga\" \/>\n<meta property=\"og:description\" content=\"The FC Barcelona receives this Sunday to the Athletic Bilbao in the Spotify Camp Nou, from the 21:00 hours. Xavi Hern\u00e1ndez already insinuated that it would do rotacion...\" \/>\n<meta property=\"og:url\" content=\"https:\/\/www.fcbarcelonanoticias.com\/en\/laliga\/the-possible-alignments-of-the-fc-barcelona-athletic-bilbao-of-laliga_285737_102.html\" \/>\n<meta property=\"og:site_name\" content=\"EN - FC Barcelona Noticias\" \/>\n<meta property=\"article:published_time\" content=\"2022-10-22T22:01:00+00:00\" \/>\n<meta property=\"article:modified_time\" content=\"2022-10-23T14:06:00+00:00\" \/>\n<meta property=\"og:image\" content=\"https:\/\/www.fcbarcelonanoticias.com\/en\/wp-content\/uploads\/sites\/2\/2022\/10\/posible-alineacio-n-del-barc-a-para-enfrentar-al-athletic-club.jpeg\" \/>\n\t<meta property=\"og:image:width\" content=\"1200\" \/>\n\t<meta property=\"og:image:height\" content=\"675\" \/>\n\t<meta property=\"og:image:type\" content=\"image\/jpeg\" \/>\n<meta name=\"author\" content=\"Paola Guevara\" \/>\n<meta name=\"twitter:card\" content=\"summary_large_image\" \/>\n<meta name=\"twitter:label1\" content=\"Written by\" \/>\n\t<meta name=\"twitter:data1\" content=\"Paola Guevara\" \/>\n\t<meta name=\"twitter:label2\" content=\"Est. reading time\" \/>\n\t<meta name=\"twitter:data2\" content=\"3 minutes\" \/>\n<script type=\"application\/ld+json\" class=\"yoast-schema-graph\">{\"@context\":\"https:\\\/\\\/schema.org\",\"@graph\":[{\"@type\":\"Article\",\"@id\":\"https:\\\/\\\/www.fcbarcelonanoticias.com\\\/en\\\/laliga\\\/the-possible-alignments-of-the-fc-barcelona-athletic-bilbao-of-laliga_285737_102.html#article\",\"isPartOf\":{\"@id\":\"https:\\\/\\\/www.fcbarcelonanoticias.com\\\/en\\\/laliga\\\/the-possible-alignments-of-the-fc-barcelona-athletic-bilbao-of-laliga_285737_102.html\"},\"author\":{\"name\":\"Paola Guevara\",\"@id\":\"https:\\\/\\\/www.fcbarcelonanoticias.com\\\/en\\\/#\\\/schema\\\/person\\\/3b408513ee236e64c3043ec901f019ee\"},\"headline\":\"The possible line-ups of FC Barcelona-Athletic Bilbao in LaLiga\",\"datePublished\":\"2022-10-22T22:01:00+00:00\",\"dateModified\":\"2022-10-23T14:06:00+00:00\",\"mainEntityOfPage\":{\"@id\":\"https:\\\/\\\/www.fcbarcelonanoticias.com\\\/en\\\/laliga\\\/the-possible-alignments-of-the-fc-barcelona-athletic-bilbao-of-laliga_285737_102.html\"},\"wordCount\":638,\"image\":{\"@id\":\"https:\\\/\\\/www.fcbarcelonanoticias.com\\\/en\\\/laliga\\\/the-possible-alignments-of-the-fc-barcelona-athletic-bilbao-of-laliga_285737_102.html#primaryimage\"},\"thumbnailUrl\":\"https:\\\/\\\/www.fcbarcelonanoticias.com\\\/en\\\/wp-content\\\/uploads\\\/sites\\\/2\\\/2022\\\/10\\\/posible-alineacio-n-del-barc-a-para-enfrentar-al-athletic-club.jpeg\",\"keywords\":[\"Athletic de Bilbao\",\"FC Barcelona Lineups\"],\"articleSection\":[\"LaLiga\",\"LaLiga\"],\"inLanguage\":\"en-US\"},{\"@type\":\"WebPage\",\"@id\":\"https:\\\/\\\/www.fcbarcelonanoticias.com\\\/en\\\/laliga\\\/the-possible-alignments-of-the-fc-barcelona-athletic-bilbao-of-laliga_285737_102.html\",\"url\":\"https:\\\/\\\/www.fcbarcelonanoticias.com\\\/en\\\/laliga\\\/the-possible-alignments-of-the-fc-barcelona-athletic-bilbao-of-laliga_285737_102.html\",\"name\":\"The possible alignments of the FC Barcelona-Athletic Bilbao of LaLiga\",\"isPartOf\":{\"@id\":\"https:\\\/\\\/www.fcbarcelonanoticias.com\\\/en\\\/#website\"},\"primaryImageOfPage\":{\"@id\":\"https:\\\/\\\/www.fcbarcelonanoticias.com\\\/en\\\/laliga\\\/the-possible-alignments-of-the-fc-barcelona-athletic-bilbao-of-laliga_285737_102.html#primaryimage\"},\"image\":{\"@id\":\"https:\\\/\\\/www.fcbarcelonanoticias.com\\\/en\\\/laliga\\\/the-possible-alignments-of-the-fc-barcelona-athletic-bilbao-of-laliga_285737_102.html#primaryimage\"},\"thumbnailUrl\":\"https:\\\/\\\/www.fcbarcelonanoticias.com\\\/en\\\/wp-content\\\/uploads\\\/sites\\\/2\\\/2022\\\/10\\\/posible-alineacio-n-del-barc-a-para-enfrentar-al-athletic-club.jpeg\",\"datePublished\":\"2022-10-22T22:01:00+00:00\",\"dateModified\":\"2022-10-23T14:06:00+00:00\",\"author\":{\"@id\":\"https:\\\/\\\/www.fcbarcelonanoticias.com\\\/en\\\/#\\\/schema\\\/person\\\/3b408513ee236e64c3043ec901f019ee\"},\"description\":\"The FC Barcelona receives this Sunday to the Athletic Bilbao in the Spotify Camp Nou, from the 21:00 hours. Xavi Hern\u00e1ndez already insinuated that it would do rotacion...\",\"breadcrumb\":{\"@id\":\"https:\\\/\\\/www.fcbarcelonanoticias.com\\\/en\\\/laliga\\\/the-possible-alignments-of-the-fc-barcelona-athletic-bilbao-of-laliga_285737_102.html#breadcrumb\"},\"inLanguage\":\"en-US\",\"potentialAction\":[{\"@type\":\"ReadAction\",\"target\":[\"https:\\\/\\\/www.fcbarcelonanoticias.com\\\/en\\\/laliga\\\/the-possible-alignments-of-the-fc-barcelona-athletic-bilbao-of-laliga_285737_102.html\"]}]},{\"@type\":\"ImageObject\",\"inLanguage\":\"en-US\",\"@id\":\"https:\\\/\\\/www.fcbarcelonanoticias.com\\\/en\\\/laliga\\\/the-possible-alignments-of-the-fc-barcelona-athletic-bilbao-of-laliga_285737_102.html#primaryimage\",\"url\":\"https:\\\/\\\/www.fcbarcelonanoticias.com\\\/en\\\/wp-content\\\/uploads\\\/sites\\\/2\\\/2022\\\/10\\\/posible-alineacio-n-del-barc-a-para-enfrentar-al-athletic-club.jpeg\",\"contentUrl\":\"https:\\\/\\\/www.fcbarcelonanoticias.com\\\/en\\\/wp-content\\\/uploads\\\/sites\\\/2\\\/2022\\\/10\\\/posible-alineacio-n-del-barc-a-para-enfrentar-al-athletic-club.jpeg\",\"width\":1200,\"height\":675},{\"@type\":\"BreadcrumbList\",\"@id\":\"https:\\\/\\\/www.fcbarcelonanoticias.com\\\/en\\\/laliga\\\/the-possible-alignments-of-the-fc-barcelona-athletic-bilbao-of-laliga_285737_102.html#breadcrumb\",\"itemListElement\":[{\"@type\":\"ListItem\",\"position\":1,\"name\":\"Portada\",\"item\":\"https:\\\/\\\/www.fcbarcelonanoticias.com\\\/en\\\/\"},{\"@type\":\"ListItem\",\"position\":2,\"name\":\"The possible line-ups of FC Barcelona-Athletic Bilbao in LaLiga\"}]},{\"@type\":\"WebSite\",\"@id\":\"https:\\\/\\\/www.fcbarcelonanoticias.com\\\/en\\\/#website\",\"url\":\"https:\\\/\\\/www.fcbarcelonanoticias.com\\\/en\\\/\",\"name\":\"EN - FC Barcelona Noticias\",\"description\":\"\",\"potentialAction\":[{\"@type\":\"SearchAction\",\"target\":{\"@type\":\"EntryPoint\",\"urlTemplate\":\"https:\\\/\\\/www.fcbarcelonanoticias.com\\\/en\\\/?s={search_term_string}\"},\"query-input\":{\"@type\":\"PropertyValueSpecification\",\"valueRequired\":true,\"valueName\":\"search_term_string\"}}],\"inLanguage\":\"en-US\"},{\"@type\":\"Person\",\"@id\":\"https:\\\/\\\/www.fcbarcelonanoticias.com\\\/en\\\/#\\\/schema\\\/person\\\/3b408513ee236e64c3043ec901f019ee\",\"name\":\"Paola Guevara\",\"image\":{\"@type\":\"ImageObject\",\"inLanguage\":\"en-US\",\"@id\":\"https:\\\/\\\/secure.gravatar.com\\\/avatar\\\/?s=96&d=mm&r=g\",\"url\":\"https:\\\/\\\/secure.gravatar.com\\\/avatar\\\/?s=96&d=mm&r=g\",\"contentUrl\":\"https:\\\/\\\/secure.gravatar.com\\\/avatar\\\/?s=96&d=mm&r=g\",\"caption\":\"Paola Guevara\"},\"url\":\"https:\\\/\\\/www.fcbarcelonanoticias.com\\\/en\\\/fc-barcelona\\\/paola-guevara_9_115.html\"}]}<\/script>\n<!-- \/ Yoast SEO plugin. -->","yoast_head_json":{"title":"The possible alignments of the FC Barcelona-Athletic Bilbao of LaLiga","description":"The FC Barcelona receives this Sunday to the Athletic Bilbao in the Spotify Camp Nou, from the 21:00 hours. Xavi Hern\u00e1ndez already insinuated that it would do rotacion...","robots":{"index":"index","follow":"follow","max-snippet":"max-snippet:-1","max-image-preview":"max-image-preview:large","max-video-preview":"max-video-preview:-1"},"canonical":"https:\/\/www.fcbarcelonanoticias.com\/en\/laliga\/the-possible-alignments-of-the-fc-barcelona-athletic-bilbao-of-laliga_285737_102.html","og_locale":"en_US","og_type":"article","og_title":"The possible alignments of the FC Barcelona-Athletic Bilbao of LaLiga","og_description":"The FC Barcelona receives this Sunday to the Athletic Bilbao in the Spotify Camp Nou, from the 21:00 hours. Xavi Hern\u00e1ndez already insinuated that it would do rotacion...","og_url":"https:\/\/www.fcbarcelonanoticias.com\/en\/laliga\/the-possible-alignments-of-the-fc-barcelona-athletic-bilbao-of-laliga_285737_102.html","og_site_name":"EN - FC Barcelona Noticias","article_published_time":"2022-10-22T22:01:00+00:00","article_modified_time":"2022-10-23T14:06:00+00:00","og_image":[{"width":1200,"height":675,"url":"https:\/\/www.fcbarcelonanoticias.com\/en\/wp-content\/uploads\/sites\/2\/2022\/10\/posible-alineacio-n-del-barc-a-para-enfrentar-al-athletic-club.jpeg","type":"image\/jpeg"}],"author":"Paola Guevara","twitter_card":"summary_large_image","twitter_misc":{"Written by":"Paola Guevara","Est. reading time":"3 minutes"},"schema":{"@context":"https:\/\/schema.org","@graph":[{"@type":"Article","@id":"https:\/\/www.fcbarcelonanoticias.com\/en\/laliga\/the-possible-alignments-of-the-fc-barcelona-athletic-bilbao-of-laliga_285737_102.html#article","isPartOf":{"@id":"https:\/\/www.fcbarcelonanoticias.com\/en\/laliga\/the-possible-alignments-of-the-fc-barcelona-athletic-bilbao-of-laliga_285737_102.html"},"author":{"name":"Paola Guevara","@id":"https:\/\/www.fcbarcelonanoticias.com\/en\/#\/schema\/person\/3b408513ee236e64c3043ec901f019ee"},"headline":"The possible line-ups of FC Barcelona-Athletic Bilbao in LaLiga","datePublished":"2022-10-22T22:01:00+00:00","dateModified":"2022-10-23T14:06:00+00:00","mainEntityOfPage":{"@id":"https:\/\/www.fcbarcelonanoticias.com\/en\/laliga\/the-possible-alignments-of-the-fc-barcelona-athletic-bilbao-of-laliga_285737_102.html"},"wordCount":638,"image":{"@id":"https:\/\/www.fcbarcelonanoticias.com\/en\/laliga\/the-possible-alignments-of-the-fc-barcelona-athletic-bilbao-of-laliga_285737_102.html#primaryimage"},"thumbnailUrl":"https:\/\/www.fcbarcelonanoticias.com\/en\/wp-content\/uploads\/sites\/2\/2022\/10\/posible-alineacio-n-del-barc-a-para-enfrentar-al-athletic-club.jpeg","keywords":["Athletic de Bilbao","FC Barcelona Lineups"],"articleSection":["LaLiga","LaLiga"],"inLanguage":"en-US"},{"@type":"WebPage","@id":"https:\/\/www.fcbarcelonanoticias.com\/en\/laliga\/the-possible-alignments-of-the-fc-barcelona-athletic-bilbao-of-laliga_285737_102.html","url":"https:\/\/www.fcbarcelonanoticias.com\/en\/laliga\/the-possible-alignments-of-the-fc-barcelona-athletic-bilbao-of-laliga_285737_102.html","name":"The possible alignments of the FC Barcelona-Athletic Bilbao of LaLiga","isPartOf":{"@id":"https:\/\/www.fcbarcelonanoticias.com\/en\/#website"},"primaryImageOfPage":{"@id":"https:\/\/www.fcbarcelonanoticias.com\/en\/laliga\/the-possible-alignments-of-the-fc-barcelona-athletic-bilbao-of-laliga_285737_102.html#primaryimage"},"image":{"@id":"https:\/\/www.fcbarcelonanoticias.com\/en\/laliga\/the-possible-alignments-of-the-fc-barcelona-athletic-bilbao-of-laliga_285737_102.html#primaryimage"},"thumbnailUrl":"https:\/\/www.fcbarcelonanoticias.com\/en\/wp-content\/uploads\/sites\/2\/2022\/10\/posible-alineacio-n-del-barc-a-para-enfrentar-al-athletic-club.jpeg","datePublished":"2022-10-22T22:01:00+00:00","dateModified":"2022-10-23T14:06:00+00:00","author":{"@id":"https:\/\/www.fcbarcelonanoticias.com\/en\/#\/schema\/person\/3b408513ee236e64c3043ec901f019ee"},"description":"The FC Barcelona receives this Sunday to the Athletic Bilbao in the Spotify Camp Nou, from the 21:00 hours. Xavi Hern\u00e1ndez already insinuated that it would do rotacion...","breadcrumb":{"@id":"https:\/\/www.fcbarcelonanoticias.com\/en\/laliga\/the-possible-alignments-of-the-fc-barcelona-athletic-bilbao-of-laliga_285737_102.html#breadcrumb"},"inLanguage":"en-US","potentialAction":[{"@type":"ReadAction","target":["https:\/\/www.fcbarcelonanoticias.com\/en\/laliga\/the-possible-alignments-of-the-fc-barcelona-athletic-bilbao-of-laliga_285737_102.html"]}]},{"@type":"ImageObject","inLanguage":"en-US","@id":"https:\/\/www.fcbarcelonanoticias.com\/en\/laliga\/the-possible-alignments-of-the-fc-barcelona-athletic-bilbao-of-laliga_285737_102.html#primaryimage","url":"https:\/\/www.fcbarcelonanoticias.com\/en\/wp-content\/uploads\/sites\/2\/2022\/10\/posible-alineacio-n-del-barc-a-para-enfrentar-al-athletic-club.jpeg","contentUrl":"https:\/\/www.fcbarcelonanoticias.com\/en\/wp-content\/uploads\/sites\/2\/2022\/10\/posible-alineacio-n-del-barc-a-para-enfrentar-al-athletic-club.jpeg","width":1200,"height":675},{"@type":"BreadcrumbList","@id":"https:\/\/www.fcbarcelonanoticias.com\/en\/laliga\/the-possible-alignments-of-the-fc-barcelona-athletic-bilbao-of-laliga_285737_102.html#breadcrumb","itemListElement":[{"@type":"ListItem","position":1,"name":"Portada","item":"https:\/\/www.fcbarcelonanoticias.com\/en\/"},{"@type":"ListItem","position":2,"name":"The possible line-ups of FC Barcelona-Athletic Bilbao in LaLiga"}]},{"@type":"WebSite","@id":"https:\/\/www.fcbarcelonanoticias.com\/en\/#website","url":"https:\/\/www.fcbarcelonanoticias.com\/en\/","name":"EN - FC Barcelona Noticias","description":"","potentialAction":[{"@type":"SearchAction","target":{"@type":"EntryPoint","urlTemplate":"https:\/\/www.fcbarcelonanoticias.com\/en\/?s={search_term_string}"},"query-input":{"@type":"PropertyValueSpecification","valueRequired":true,"valueName":"search_term_string"}}],"inLanguage":"en-US"},{"@type":"Person","@id":"https:\/\/www.fcbarcelonanoticias.com\/en\/#\/schema\/person\/3b408513ee236e64c3043ec901f019ee","name":"Paola Guevara","image":{"@type":"ImageObject","inLanguage":"en-US","@id":"https:\/\/secure.gravatar.com\/avatar\/?s=96&d=mm&r=g","url":"https:\/\/secure.gravatar.com\/avatar\/?s=96&d=mm&r=g","contentUrl":"https:\/\/secure.gravatar.com\/avatar\/?s=96&d=mm&r=g","caption":"Paola Guevara"},"url":"https:\/\/www.fcbarcelonanoticias.com\/en\/fc-barcelona\/paola-guevara_9_115.html"}]}},"_links":{"self":[{"href":"https:\/\/www.fcbarcelonanoticias.com\/en\/wp-json\/wp\/v2\/posts\/63976","targetHints":{"allow":["GET"]}}],"collection":[{"href":"https:\/\/www.fcbarcelonanoticias.com\/en\/wp-json\/wp\/v2\/posts"}],"about":[{"href":"https:\/\/www.fcbarcelonanoticias.com\/en\/wp-json\/wp\/v2\/types\/post"}],"author":[{"embeddable":true,"href":"https:\/\/www.fcbarcelonanoticias.com\/en\/wp-json\/wp\/v2\/users\/352"}],"replies":[{"embeddable":true,"href":"https:\/\/www.fcbarcelonanoticias.com\/en\/wp-json\/wp\/v2\/comments?post=63976"}],"version-history":[{"count":1,"href":"https:\/\/www.fcbarcelonanoticias.com\/en\/wp-json\/wp\/v2\/posts\/63976\/revisions"}],"predecessor-version":[{"id":118255,"href":"https:\/\/www.fcbarcelonanoticias.com\/en\/wp-json\/wp\/v2\/posts\/63976\/revisions\/118255"}],"wp:featuredmedia":[{"embeddable":true,"href":"https:\/\/www.fcbarcelonanoticias.com\/en\/wp-json\/wp\/v2\/media\/63981"}],"wp:attachment":[{"href":"https:\/\/www.fcbarcelonanoticias.com\/en\/wp-json\/wp\/v2\/media?parent=63976"}],"wp:term":[{"taxonomy":"category","embeddable":true,"href":"https:\/\/www.fcbarcelonanoticias.com\/en\/wp-json\/wp\/v2\/categories?post=63976"},{"taxonomy":"post_tag","embeddable":true,"href":"https:\/\/www.fcbarcelonanoticias.com\/en\/wp-json\/wp\/v2\/tags?post=63976"}],"curies":[{"name":"wp","href":"https:\/\/api.w.org\/{rel}","templated":true}]}}