{"id":64012,"date":"2021-09-25T21:03:00","date_gmt":"2021-09-25T19:03:00","guid":{"rendered":"https:\/\/weisetech.dev\/fc-barcelona-noticias\/en\/the-possible-alignments-of-the-fc-barcelona-raise-of-laliga_273058_102\/"},"modified":"2021-09-25T21:03:00","modified_gmt":"2021-09-25T19:03:00","slug":"the-possible-alignments-of-the-fc-barcelona-raise-of-laliga_273058_102","status":"publish","type":"post","link":"https:\/\/www.fcbarcelonanoticias.com\/en\/laliga\/the-possible-alignments-of-the-fc-barcelona-raise-of-laliga_273058_102.html","title":{"rendered":"FC Barcelona&#8217;s possible line up against Levante in LaLiga"},"content":{"rendered":"<h2 class=\"wp-block-heading\">FC Barcelona is obliged to add three points in Levante&#8217;s visit to Camp Nou, so Ronald Koeman&#8217;s best troops will have to take the field<\/h2>  \r\n<div class=\"article-addons\">\r\n    <a href=\"https:\/\/www.fcbarcelonanoticias.com\/en\/calendar-fc-barcelona.html\"\r\n       target=\"_self\"\r\n       title=\"Calendar of FC Barcelona\"\r\n       class=\"blue-gredient-btn\">\r\n       \r\n        Calendar of FC Barcelona    <\/a>\r\n<\/div>   <p>There is not rest in LaLiga Santander. The <a data-external=\"0\" data-intl-links-en=\"https:\/\/www.fcbarcelonanoticias.com\/en\/fc-barcelona\" data-intl-links-es=\"https:\/\/www.fcbarcelonanoticias.com\/fc-barcelona\" href=\"https:\/\/www.fcbarcelonanoticias.com\/en\/football-soccer\/fc-barcelona.html\" rel=\"follow\" target=\"_self\" title=\"FC Barcelona\">FC Barcelona<\/a> receives this Sunday 26 September to the Raise in the Camp Nou, <a data-external=\"0\" data-intl-links-en=\"https:\/\/www.fcbarcelonanoticias.com\/en\/laliga\/fc-barcelona-vs-raise-in-tv-when-and-where-see-the-party_273025_102.html\" data-intl-links-es=\"https:\/\/www.fcbarcelonanoticias.com\/laliga\/fc-barcelona-vs-levante-en-tv-cuando-donde-ver-partido_273025_102.html\" href=\"https:\/\/www.fcbarcelonanoticias.com\/en\/laliga\/fc-barcelona-vs-raise-in-tv-when-and-where-see-the-party_273025_102.html\" rel=\"follow\" target=\"_self\" title=\"FC Barcelona vs Levante en TV: Cu\u00e1ndo y d\u00f3nde ver el partido\">from the 16:15 hours<\/a>, in the corresponding party to the seventh day of the Spanish championship. The club blaugrana lives a delicate situation and <strong>the last results do not invite to the optimism,<\/strong> reason by which Ronald Koeman will have to do a lot of changes to avoid the fourth &#8216;prick&#8217; consecutive of his team, explaining the defeat in front of the Bayern and the ties in front of the Granada (1-1) and C\u00e1diz (0-0).<\/p>  <p>The feelings are very negative and is or<strong>n key party so that &#8216;unblock&#8217; some track on <a data-external=\"0\" data-intl-links-en=\"https:\/\/www.fcbarcelonanoticias.com\/en\/fc-barcelona\/survey-the-barca-has-to-destituir-to-ronald-koeman_273055_102.html\" data-intl-links-es=\"https:\/\/www.fcbarcelonanoticias.com\/fc-barcelona\/encuesta-el-barca-debe-destituir-ronald-koeman_273055_102.html\" href=\"https:\/\/www.fcbarcelonanoticias.com\/en\/fc-barcelona\/survey-the-barca-has-to-destituir-to-ronald-koeman_273055_102.html\" rel=\"follow\" target=\"_self\" title=\"ENCUESTA: \u00bfEl Bar\u00e7a debe destituir a Ronald Koeman?\">the future of a Koeman<\/a><\/strong> that is more discussed that never. The Dutch is sentenced, but a victory in front of the &#8216;granotas&#8217; would allow him survive in the Barcelona bench at least a party more. In any case, for the crash of this Sunday expect modifications regarding the duel against the C\u00e1diz, by the injuries and expulsion of Frenkie of Jong. <strong>To continuation, our forecast of the alignments: <\/strong><\/p>  <h3>Possible alignments of the FC Barcelona-Raise<\/h3>  <ul> <li> <strong>XI of the FC Barcelona: <\/strong>Ter Stegen; Dest, Ara\u00fajo, Hammered; Gavi, Busquets, S. Roberto; Memphis, Coutinho and Luuk of Jong.<\/li> \t<li> <strong>XI of the Raise:<\/strong> Aitor Fern\u00e1ndez; Miram\u00f3n, Postigo, Mustafi, Carlos Clerc; Of Fruits, Pablo Mart\u00ednez, Radoja, Melero; Roger and Morals.<\/li> <\/ul> <h4>Ter Stegen<\/h4>  <p>After a start very dubitativo, in which it committed a lot of errors and received goals that could be saved, in front of the C\u00e1diz Marc-Andr\u00e9 <strong>ter Stegen showed that it is a guardameta with a lot of quality<\/strong> and that always is attentive to the approaches of the rivals. This Sunday, in front of the &#8216;granotas&#8217;, will be essential that was very attentive to the movements of Roger or Molar, two players with a lot of spark and that always result a headache for the rival goalkeepers.<\/p>  <h4>Dest-Ara\u00fajo-Hammered-Mingueza<\/h4>  <p>Everything aims to that Ronald Koeman will repeat his defensive saga. To consequence of the injuries, <strong>Sergi\u00f1o Dest<\/strong> will be able to split from the left band, whereas<strong> Ronald Ara\u00fajo and Gerard Hammered<\/strong> will share the axis. Eric Garc\u00eda is another of the options, but has seen very surpassed by the central charr\u00faa. Finally,<strong> Oscar Mingueza <\/strong>will split from the right side, although it exists the possibility that it exchange the band with Dest.<\/p>  <h4>Gavi-Busquets-S.Roberto<\/h4>  <p>In the medullary is where there are more doubts, because they are not available the two usual companions of <strong>Sergio Busquets:<\/strong> Pedri Gonz\u00e1lez and Frenkie of Jong. The ex of The Palms, is recovering of a muscular injury in the cu\u00e1driceps of the left thigh, whereas the Dutch will be fulfilling his sanction after having been expelled in the party in front of the C\u00e1diz by double yellow (very debatable). Like this then , it foresees that Koeman of entry to <strong>Sergi Roberto<\/strong> and <strong>Gavi,<\/strong> that already was to title in the last crash. Nico Gonz\u00e1lez and Riqui Puig are others of the options.<\/p>  <h4>Memphis-Of Jong-Coutinho<\/h4>  <p>In the forward,<strong> the only fixed player is Memphis Depay<\/strong>, although it has been very disappeared in the last parties of the Bar\u00e7a. The Dutch will begin by the left band, but always is changing of position to look for danger of face to the rival area. It will be accompanied, probably, by <strong>Philippe Coutinho <\/strong>in the right extreme and<strong> Luuk of Jong<\/strong> like tip. Everything aims to that Ansu Fati will see minutes of game in the second time, to the equal that Yusuf Demir.<\/p> ","protected":false},"excerpt":{"rendered":"<p>FC Barcelona is obliged to add three points in Levante&#8217;s visit to Camp Nou, so Ronald Koeman&#8217;s best troops will have to take the field There is not rest in LaLiga Santander. The FC Barcelona receives this Sunday 26 September to the Raise in the Camp Nou, from the 16:15 hours, in the corresponding party [&hellip;]<\/p>\n","protected":false},"author":352,"featured_media":118268,"comment_status":"closed","ping_status":"open","sticky":false,"template":"","format":"standard","meta":{"_acf_changed":false,"inline_featured_image":false,"_nextfly_llmd_date_locked":false,"footnotes":""},"categories":[448,114],"tags":[201,134],"class_list":["post-64012","post","type-post","status-publish","format-standard","has-post-thumbnail","hentry","category-laliga-2","category-laliga","tag-lineups","tag-levante-ud"],"acf":[],"yoast_head":"<!-- This site is optimized with the Yoast SEO plugin v27.3 - https:\/\/yoast.com\/product\/yoast-seo-wordpress\/ -->\n<title>FC Barcelona&#039;s possible line up against Levante in LaLiga<\/title>\n<meta name=\"description\" content=\"The FC Barcelona is forced to add three points in the visit of the Raise to the Camp Nou, by what will have to jump to the field the best effective of Ronal...\" \/>\n<meta name=\"robots\" content=\"index, follow, max-snippet:-1, max-image-preview:large, max-video-preview:-1\" \/>\n<link rel=\"canonical\" href=\"https:\/\/www.fcbarcelonanoticias.com\/en\/laliga\/the-possible-alignments-of-the-fc-barcelona-raise-of-laliga_273058_102.html\" \/>\n<meta property=\"og:locale\" content=\"en_US\" \/>\n<meta property=\"og:type\" content=\"article\" \/>\n<meta property=\"og:title\" content=\"FC Barcelona&#039;s possible line up against Levante in LaLiga\" \/>\n<meta property=\"og:description\" content=\"The FC Barcelona is forced to add three points in the visit of the Raise to the Camp Nou, by what will have to jump to the field the best effective of Ronal...\" \/>\n<meta property=\"og:url\" content=\"https:\/\/www.fcbarcelonanoticias.com\/en\/laliga\/the-possible-alignments-of-the-fc-barcelona-raise-of-laliga_273058_102.html\" \/>\n<meta property=\"og:site_name\" content=\"EN - FC Barcelona Noticias\" \/>\n<meta property=\"article:published_time\" content=\"2021-09-25T19:03:00+00:00\" \/>\n<meta property=\"og:image\" content=\"https:\/\/www.fcbarcelonanoticias.com\/en\/wp-content\/uploads\/sites\/2\/2021\/09\/alineacion-posible-barcelona-levante-1.jpeg\" \/>\n\t<meta property=\"og:image:width\" content=\"1200\" \/>\n\t<meta property=\"og:image:height\" content=\"675\" \/>\n\t<meta property=\"og:image:type\" content=\"image\/jpeg\" \/>\n<meta name=\"author\" content=\"Paola Guevara\" \/>\n<meta name=\"twitter:card\" content=\"summary_large_image\" \/>\n<meta name=\"twitter:label1\" content=\"Written by\" \/>\n\t<meta name=\"twitter:data1\" content=\"Paola Guevara\" \/>\n\t<meta name=\"twitter:label2\" content=\"Est. reading time\" \/>\n\t<meta name=\"twitter:data2\" content=\"3 minutes\" \/>\n<script type=\"application\/ld+json\" class=\"yoast-schema-graph\">{\"@context\":\"https:\\\/\\\/schema.org\",\"@graph\":[{\"@type\":\"Article\",\"@id\":\"https:\\\/\\\/www.fcbarcelonanoticias.com\\\/en\\\/laliga\\\/the-possible-alignments-of-the-fc-barcelona-raise-of-laliga_273058_102.html#article\",\"isPartOf\":{\"@id\":\"https:\\\/\\\/www.fcbarcelonanoticias.com\\\/en\\\/laliga\\\/the-possible-alignments-of-the-fc-barcelona-raise-of-laliga_273058_102.html\"},\"author\":{\"name\":\"Paola Guevara\",\"@id\":\"https:\\\/\\\/www.fcbarcelonanoticias.com\\\/en\\\/#\\\/schema\\\/person\\\/3b408513ee236e64c3043ec901f019ee\"},\"headline\":\"FC Barcelona&#8217;s possible line up against Levante in LaLiga\",\"datePublished\":\"2021-09-25T19:03:00+00:00\",\"mainEntityOfPage\":{\"@id\":\"https:\\\/\\\/www.fcbarcelonanoticias.com\\\/en\\\/laliga\\\/the-possible-alignments-of-the-fc-barcelona-raise-of-laliga_273058_102.html\"},\"wordCount\":638,\"image\":{\"@id\":\"https:\\\/\\\/www.fcbarcelonanoticias.com\\\/en\\\/laliga\\\/the-possible-alignments-of-the-fc-barcelona-raise-of-laliga_273058_102.html#primaryimage\"},\"thumbnailUrl\":\"https:\\\/\\\/www.fcbarcelonanoticias.com\\\/en\\\/wp-content\\\/uploads\\\/sites\\\/2\\\/2021\\\/09\\\/alineacion-posible-barcelona-levante-1.jpeg\",\"keywords\":[\"FC Barcelona Lineups\",\"Levante UD\"],\"articleSection\":[\"LaLiga\",\"LaLiga\"],\"inLanguage\":\"en-US\"},{\"@type\":\"WebPage\",\"@id\":\"https:\\\/\\\/www.fcbarcelonanoticias.com\\\/en\\\/laliga\\\/the-possible-alignments-of-the-fc-barcelona-raise-of-laliga_273058_102.html\",\"url\":\"https:\\\/\\\/www.fcbarcelonanoticias.com\\\/en\\\/laliga\\\/the-possible-alignments-of-the-fc-barcelona-raise-of-laliga_273058_102.html\",\"name\":\"FC Barcelona's possible line up against Levante in LaLiga\",\"isPartOf\":{\"@id\":\"https:\\\/\\\/www.fcbarcelonanoticias.com\\\/en\\\/#website\"},\"primaryImageOfPage\":{\"@id\":\"https:\\\/\\\/www.fcbarcelonanoticias.com\\\/en\\\/laliga\\\/the-possible-alignments-of-the-fc-barcelona-raise-of-laliga_273058_102.html#primaryimage\"},\"image\":{\"@id\":\"https:\\\/\\\/www.fcbarcelonanoticias.com\\\/en\\\/laliga\\\/the-possible-alignments-of-the-fc-barcelona-raise-of-laliga_273058_102.html#primaryimage\"},\"thumbnailUrl\":\"https:\\\/\\\/www.fcbarcelonanoticias.com\\\/en\\\/wp-content\\\/uploads\\\/sites\\\/2\\\/2021\\\/09\\\/alineacion-posible-barcelona-levante-1.jpeg\",\"datePublished\":\"2021-09-25T19:03:00+00:00\",\"author\":{\"@id\":\"https:\\\/\\\/www.fcbarcelonanoticias.com\\\/en\\\/#\\\/schema\\\/person\\\/3b408513ee236e64c3043ec901f019ee\"},\"description\":\"The FC Barcelona is forced to add three points in the visit of the Raise to the Camp Nou, by what will have to jump to the field the best effective of Ronal...\",\"breadcrumb\":{\"@id\":\"https:\\\/\\\/www.fcbarcelonanoticias.com\\\/en\\\/laliga\\\/the-possible-alignments-of-the-fc-barcelona-raise-of-laliga_273058_102.html#breadcrumb\"},\"inLanguage\":\"en-US\",\"potentialAction\":[{\"@type\":\"ReadAction\",\"target\":[\"https:\\\/\\\/www.fcbarcelonanoticias.com\\\/en\\\/laliga\\\/the-possible-alignments-of-the-fc-barcelona-raise-of-laliga_273058_102.html\"]}]},{\"@type\":\"ImageObject\",\"inLanguage\":\"en-US\",\"@id\":\"https:\\\/\\\/www.fcbarcelonanoticias.com\\\/en\\\/laliga\\\/the-possible-alignments-of-the-fc-barcelona-raise-of-laliga_273058_102.html#primaryimage\",\"url\":\"https:\\\/\\\/www.fcbarcelonanoticias.com\\\/en\\\/wp-content\\\/uploads\\\/sites\\\/2\\\/2021\\\/09\\\/alineacion-posible-barcelona-levante-1.jpeg\",\"contentUrl\":\"https:\\\/\\\/www.fcbarcelonanoticias.com\\\/en\\\/wp-content\\\/uploads\\\/sites\\\/2\\\/2021\\\/09\\\/alineacion-posible-barcelona-levante-1.jpeg\",\"width\":1200,\"height\":675},{\"@type\":\"BreadcrumbList\",\"@id\":\"https:\\\/\\\/www.fcbarcelonanoticias.com\\\/en\\\/laliga\\\/the-possible-alignments-of-the-fc-barcelona-raise-of-laliga_273058_102.html#breadcrumb\",\"itemListElement\":[{\"@type\":\"ListItem\",\"position\":1,\"name\":\"Portada\",\"item\":\"https:\\\/\\\/www.fcbarcelonanoticias.com\\\/en\\\/\"},{\"@type\":\"ListItem\",\"position\":2,\"name\":\"FC Barcelona&#8217;s possible line up against Levante in LaLiga\"}]},{\"@type\":\"WebSite\",\"@id\":\"https:\\\/\\\/www.fcbarcelonanoticias.com\\\/en\\\/#website\",\"url\":\"https:\\\/\\\/www.fcbarcelonanoticias.com\\\/en\\\/\",\"name\":\"EN - FC Barcelona Noticias\",\"description\":\"\",\"potentialAction\":[{\"@type\":\"SearchAction\",\"target\":{\"@type\":\"EntryPoint\",\"urlTemplate\":\"https:\\\/\\\/www.fcbarcelonanoticias.com\\\/en\\\/?s={search_term_string}\"},\"query-input\":{\"@type\":\"PropertyValueSpecification\",\"valueRequired\":true,\"valueName\":\"search_term_string\"}}],\"inLanguage\":\"en-US\"},{\"@type\":\"Person\",\"@id\":\"https:\\\/\\\/www.fcbarcelonanoticias.com\\\/en\\\/#\\\/schema\\\/person\\\/3b408513ee236e64c3043ec901f019ee\",\"name\":\"Paola Guevara\",\"image\":{\"@type\":\"ImageObject\",\"inLanguage\":\"en-US\",\"@id\":\"https:\\\/\\\/secure.gravatar.com\\\/avatar\\\/?s=96&d=mm&r=g\",\"url\":\"https:\\\/\\\/secure.gravatar.com\\\/avatar\\\/?s=96&d=mm&r=g\",\"contentUrl\":\"https:\\\/\\\/secure.gravatar.com\\\/avatar\\\/?s=96&d=mm&r=g\",\"caption\":\"Paola Guevara\"},\"url\":\"https:\\\/\\\/www.fcbarcelonanoticias.com\\\/en\\\/fc-barcelona\\\/paola-guevara_9_115.html\"}]}<\/script>\n<!-- \/ Yoast SEO plugin. -->","yoast_head_json":{"title":"FC Barcelona's possible line up against Levante in LaLiga","description":"The FC Barcelona is forced to add three points in the visit of the Raise to the Camp Nou, by what will have to jump to the field the best effective of Ronal...","robots":{"index":"index","follow":"follow","max-snippet":"max-snippet:-1","max-image-preview":"max-image-preview:large","max-video-preview":"max-video-preview:-1"},"canonical":"https:\/\/www.fcbarcelonanoticias.com\/en\/laliga\/the-possible-alignments-of-the-fc-barcelona-raise-of-laliga_273058_102.html","og_locale":"en_US","og_type":"article","og_title":"FC Barcelona's possible line up against Levante in LaLiga","og_description":"The FC Barcelona is forced to add three points in the visit of the Raise to the Camp Nou, by what will have to jump to the field the best effective of Ronal...","og_url":"https:\/\/www.fcbarcelonanoticias.com\/en\/laliga\/the-possible-alignments-of-the-fc-barcelona-raise-of-laliga_273058_102.html","og_site_name":"EN - FC Barcelona Noticias","article_published_time":"2021-09-25T19:03:00+00:00","og_image":[{"width":1200,"height":675,"url":"https:\/\/www.fcbarcelonanoticias.com\/en\/wp-content\/uploads\/sites\/2\/2021\/09\/alineacion-posible-barcelona-levante-1.jpeg","type":"image\/jpeg"}],"author":"Paola Guevara","twitter_card":"summary_large_image","twitter_misc":{"Written by":"Paola Guevara","Est. reading time":"3 minutes"},"schema":{"@context":"https:\/\/schema.org","@graph":[{"@type":"Article","@id":"https:\/\/www.fcbarcelonanoticias.com\/en\/laliga\/the-possible-alignments-of-the-fc-barcelona-raise-of-laliga_273058_102.html#article","isPartOf":{"@id":"https:\/\/www.fcbarcelonanoticias.com\/en\/laliga\/the-possible-alignments-of-the-fc-barcelona-raise-of-laliga_273058_102.html"},"author":{"name":"Paola Guevara","@id":"https:\/\/www.fcbarcelonanoticias.com\/en\/#\/schema\/person\/3b408513ee236e64c3043ec901f019ee"},"headline":"FC Barcelona&#8217;s possible line up against Levante in LaLiga","datePublished":"2021-09-25T19:03:00+00:00","mainEntityOfPage":{"@id":"https:\/\/www.fcbarcelonanoticias.com\/en\/laliga\/the-possible-alignments-of-the-fc-barcelona-raise-of-laliga_273058_102.html"},"wordCount":638,"image":{"@id":"https:\/\/www.fcbarcelonanoticias.com\/en\/laliga\/the-possible-alignments-of-the-fc-barcelona-raise-of-laliga_273058_102.html#primaryimage"},"thumbnailUrl":"https:\/\/www.fcbarcelonanoticias.com\/en\/wp-content\/uploads\/sites\/2\/2021\/09\/alineacion-posible-barcelona-levante-1.jpeg","keywords":["FC Barcelona Lineups","Levante UD"],"articleSection":["LaLiga","LaLiga"],"inLanguage":"en-US"},{"@type":"WebPage","@id":"https:\/\/www.fcbarcelonanoticias.com\/en\/laliga\/the-possible-alignments-of-the-fc-barcelona-raise-of-laliga_273058_102.html","url":"https:\/\/www.fcbarcelonanoticias.com\/en\/laliga\/the-possible-alignments-of-the-fc-barcelona-raise-of-laliga_273058_102.html","name":"FC Barcelona's possible line up against Levante in LaLiga","isPartOf":{"@id":"https:\/\/www.fcbarcelonanoticias.com\/en\/#website"},"primaryImageOfPage":{"@id":"https:\/\/www.fcbarcelonanoticias.com\/en\/laliga\/the-possible-alignments-of-the-fc-barcelona-raise-of-laliga_273058_102.html#primaryimage"},"image":{"@id":"https:\/\/www.fcbarcelonanoticias.com\/en\/laliga\/the-possible-alignments-of-the-fc-barcelona-raise-of-laliga_273058_102.html#primaryimage"},"thumbnailUrl":"https:\/\/www.fcbarcelonanoticias.com\/en\/wp-content\/uploads\/sites\/2\/2021\/09\/alineacion-posible-barcelona-levante-1.jpeg","datePublished":"2021-09-25T19:03:00+00:00","author":{"@id":"https:\/\/www.fcbarcelonanoticias.com\/en\/#\/schema\/person\/3b408513ee236e64c3043ec901f019ee"},"description":"The FC Barcelona is forced to add three points in the visit of the Raise to the Camp Nou, by what will have to jump to the field the best effective of Ronal...","breadcrumb":{"@id":"https:\/\/www.fcbarcelonanoticias.com\/en\/laliga\/the-possible-alignments-of-the-fc-barcelona-raise-of-laliga_273058_102.html#breadcrumb"},"inLanguage":"en-US","potentialAction":[{"@type":"ReadAction","target":["https:\/\/www.fcbarcelonanoticias.com\/en\/laliga\/the-possible-alignments-of-the-fc-barcelona-raise-of-laliga_273058_102.html"]}]},{"@type":"ImageObject","inLanguage":"en-US","@id":"https:\/\/www.fcbarcelonanoticias.com\/en\/laliga\/the-possible-alignments-of-the-fc-barcelona-raise-of-laliga_273058_102.html#primaryimage","url":"https:\/\/www.fcbarcelonanoticias.com\/en\/wp-content\/uploads\/sites\/2\/2021\/09\/alineacion-posible-barcelona-levante-1.jpeg","contentUrl":"https:\/\/www.fcbarcelonanoticias.com\/en\/wp-content\/uploads\/sites\/2\/2021\/09\/alineacion-posible-barcelona-levante-1.jpeg","width":1200,"height":675},{"@type":"BreadcrumbList","@id":"https:\/\/www.fcbarcelonanoticias.com\/en\/laliga\/the-possible-alignments-of-the-fc-barcelona-raise-of-laliga_273058_102.html#breadcrumb","itemListElement":[{"@type":"ListItem","position":1,"name":"Portada","item":"https:\/\/www.fcbarcelonanoticias.com\/en\/"},{"@type":"ListItem","position":2,"name":"FC Barcelona&#8217;s possible line up against Levante in LaLiga"}]},{"@type":"WebSite","@id":"https:\/\/www.fcbarcelonanoticias.com\/en\/#website","url":"https:\/\/www.fcbarcelonanoticias.com\/en\/","name":"EN - FC Barcelona Noticias","description":"","potentialAction":[{"@type":"SearchAction","target":{"@type":"EntryPoint","urlTemplate":"https:\/\/www.fcbarcelonanoticias.com\/en\/?s={search_term_string}"},"query-input":{"@type":"PropertyValueSpecification","valueRequired":true,"valueName":"search_term_string"}}],"inLanguage":"en-US"},{"@type":"Person","@id":"https:\/\/www.fcbarcelonanoticias.com\/en\/#\/schema\/person\/3b408513ee236e64c3043ec901f019ee","name":"Paola Guevara","image":{"@type":"ImageObject","inLanguage":"en-US","@id":"https:\/\/secure.gravatar.com\/avatar\/?s=96&d=mm&r=g","url":"https:\/\/secure.gravatar.com\/avatar\/?s=96&d=mm&r=g","contentUrl":"https:\/\/secure.gravatar.com\/avatar\/?s=96&d=mm&r=g","caption":"Paola Guevara"},"url":"https:\/\/www.fcbarcelonanoticias.com\/en\/fc-barcelona\/paola-guevara_9_115.html"}]}},"_links":{"self":[{"href":"https:\/\/www.fcbarcelonanoticias.com\/en\/wp-json\/wp\/v2\/posts\/64012","targetHints":{"allow":["GET"]}}],"collection":[{"href":"https:\/\/www.fcbarcelonanoticias.com\/en\/wp-json\/wp\/v2\/posts"}],"about":[{"href":"https:\/\/www.fcbarcelonanoticias.com\/en\/wp-json\/wp\/v2\/types\/post"}],"author":[{"embeddable":true,"href":"https:\/\/www.fcbarcelonanoticias.com\/en\/wp-json\/wp\/v2\/users\/352"}],"replies":[{"embeddable":true,"href":"https:\/\/www.fcbarcelonanoticias.com\/en\/wp-json\/wp\/v2\/comments?post=64012"}],"version-history":[{"count":1,"href":"https:\/\/www.fcbarcelonanoticias.com\/en\/wp-json\/wp\/v2\/posts\/64012\/revisions"}],"predecessor-version":[{"id":118266,"href":"https:\/\/www.fcbarcelonanoticias.com\/en\/wp-json\/wp\/v2\/posts\/64012\/revisions\/118266"}],"wp:featuredmedia":[{"embeddable":true,"href":"https:\/\/www.fcbarcelonanoticias.com\/en\/wp-json\/wp\/v2\/media\/118268"}],"wp:attachment":[{"href":"https:\/\/www.fcbarcelonanoticias.com\/en\/wp-json\/wp\/v2\/media?parent=64012"}],"wp:term":[{"taxonomy":"category","embeddable":true,"href":"https:\/\/www.fcbarcelonanoticias.com\/en\/wp-json\/wp\/v2\/categories?post=64012"},{"taxonomy":"post_tag","embeddable":true,"href":"https:\/\/www.fcbarcelonanoticias.com\/en\/wp-json\/wp\/v2\/tags?post=64012"}],"curies":[{"name":"wp","href":"https:\/\/api.w.org\/{rel}","templated":true}]}}