{"id":64085,"date":"2018-04-23T18:20:00","date_gmt":"2018-04-23T16:20:00","guid":{"rendered":"https:\/\/weisetech.dev\/fc-barcelona-noticias\/en\/the-possible-alignments-of-the-sportive-barcelona-laliga-j35_212364_102\/"},"modified":"2026-04-16T09:25:33","modified_gmt":"2026-04-16T07:25:33","slug":"the-possible-alignments-of-the-sportive-barcelona-laliga-j35_212364_102","status":"publish","type":"post","link":"https:\/\/www.fcbarcelonanoticias.com\/en\/laliga\/the-possible-alignments-of-the-sportive-barcelona-laliga-j35_212364_102.html","title":{"rendered":"The possible alignments of the Sportive-Barcelona (LaLiga J35)"},"content":{"rendered":"<h2 class=\"wp-block-heading\">The FC Barcelona can proclaim champion of LaLiga Santander of mathematical form if it achieves to take out like minimum a tie of Riazor in front of the Sportive of the Coru\u00f1a. For this reason, Ernesto Valverde will not do experiments and will go out with everything<\/h2>  \r\n<div class=\"article-addons\">\r\n    <a href=\"https:\/\/www.fcbarcelonanoticias.com\/en\/calendar-fc-barcelona.html\"\r\n       target=\"_self\"\r\n       title=\"Calendar of FC Barcelona\"\r\n       class=\"blue-gredient-btn\">\r\n       \r\n        Calendar of FC Barcelona    <\/a>\r\n<\/div>   <p><strong>And<\/strong><strong>l <\/strong><a style=\"font-weight: bold;\" href=\"https:\/\/www.fcbarcelonanoticias.com\/laliga\/cuando-y-donde-ver-el-deportivo-vs-fc-barcelona_212310_102.html\">FC Barcelona will measure  to the Sportive of the Coru\u00f1a<\/a>&nbsp;trying achieve the point that does fault so that the Barcelona turn into champions of mathematical form of <strong>LaLiga Santander<\/strong>. The victory of the Real Madrid forces to the Bar\u00e7a to mark if it wants to sing the alir\u00f3n this same week.<\/p> <p>The meeting will take place <strong>this Sunday to the 20:45 hours of the night&nbsp;<\/strong>and foresees  that <strong>Ernesto Valverde<\/strong> pose a team without experiments, trusting the usual eleven of gala to assault the stadium of Riazor.&nbsp;This is our <strong>forecast of the possible alignment for the party of the day 35<\/strong>:<\/p> <h2>Ter Stegen<\/h2> <p>In the goal there will be novelties. At least, until the FC Barcelona was not champion of mathematical form. <strong>Marc-Andr\u00e9 ter Stegen will go back to be the guardian of the Barcelona goal<\/strong> to follow showing that it is, probably, the goalkeeper in better state of form of the planet. Also it is  playing the <strong>Zamora<\/strong> and the fact to win numbers to be headline in <strong>the World-wide<\/strong>.<\/p> <h2>Semedo-Hammered-Umtiti-Jordi Alba<\/h2> <p>The defence will be the one of gala save in the right side, in which <strong>Sergi Roberto will not be able to be<\/strong> present for having seen the red cardboard in front of the Celtic of Vigo for holding on to Iago Sails being the last defender. His place will occupy it <strong>Nelson Semedo<\/strong>. The rest of the saga will not have important novelties: <strong>Gerard Hammered and Samuel Umtiti<\/strong> will be the couple of head offices and <strong>Jordi Alba<\/strong> the left-handed side.<\/p> <h2>Coutinho-Rakitic-Busquets-Iniesta<\/h2> <p>The centre of the field will present exactly the same four men that already were headlines in the Stadium Wanda Metropolitan to contest the final of the Glass of the King in front of the Seville. <strong>Ivan Rakitic<\/strong> and <strong>Sergio Busquets<\/strong> will form the double pivote, <a href=\"https:\/\/www.fcbarcelonanoticias.com\/en\/tags\/andres-iniesta.html\"><strong>Andr\u00e9s Iniesta<\/strong><\/a> will play like left interior and <strong>Philippe Coutinho<\/strong> will be hit to the right band.<\/p> <h2>Leo Messi-Luis Su\u00e1rez<\/h2> <p>Neither there will be novelties in the forward. The party is as if it treated  of a final and, logically, <strong>can not be missing the two maximum artillerymen of the team: Leo Messi and Luis Su\u00e1rez<\/strong>. The Argentinian star will go back to enjoy of total freedom by all the front of attack whereas the &#8216;gunman&#8217; Uruguayan will be the most advanced man.<\/p> <h2>Possible alignments of the Sportive-FC Barcelona<\/h2> <p><strong>Sportive<\/strong>: Rub\u00e9n; Juanfran, Albentosa, Sch\u00e4r, Luisinho; Guilherme, Kr\u00f6hn-Dehli, Borges, Emre \u00c7olak; Adri\u00e1n, Lucas P\u00e9rez.<\/p> <p><strong>FC Barcelona: <\/strong>Ter Stegen; Semedo, Hammered, Umtiti, Jordi Alba; Rakitic, Busquets, Iniesta, Coutinho; Messi and Su\u00e1rez.<\/p> ","protected":false},"excerpt":{"rendered":"<p>The FC Barcelona can proclaim champion of LaLiga Santander of mathematical form if it achieves to take out like minimum a tie of Riazor in front of the Sportive of the Coru\u00f1a. For this reason, Ernesto Valverde will not do experiments and will go out with everything Andl FC Barcelona will measure to the Sportive [&hellip;]<\/p>\n","protected":false},"author":364,"featured_media":118382,"comment_status":"closed","ping_status":"open","sticky":false,"template":"","format":"standard","meta":{"_acf_changed":false,"inline_featured_image":false,"_nextfly_llmd_date_locked":false,"footnotes":""},"categories":[114,448],"tags":[75,201],"class_list":["post-64085","post","type-post","status-publish","format-standard","has-post-thumbnail","hentry","category-laliga","category-laliga-2","tag-deportivo-de-la-coruna","tag-lineups"],"acf":[],"yoast_head":"<!-- This site is optimized with the Yoast SEO plugin v27.3 - https:\/\/yoast.com\/product\/yoast-seo-wordpress\/ -->\n<title>The possible alignments of the Sportive-FC Barcelona (LaLiga J35)<\/title>\n<meta name=\"description\" content=\"The FC Barcelona can proclaim champion of LaLiga Santander of mathematical form if it achieves to take out like minimum a tie of Riazor in front of the...\" \/>\n<meta name=\"robots\" content=\"index, follow, max-snippet:-1, max-image-preview:large, max-video-preview:-1\" \/>\n<link rel=\"canonical\" href=\"https:\/\/www.fcbarcelonanoticias.com\/en\/laliga\/the-possible-alignments-of-the-sportive-barcelona-laliga-j35_212364_102.html\" \/>\n<meta property=\"og:locale\" content=\"en_US\" \/>\n<meta property=\"og:type\" content=\"article\" \/>\n<meta property=\"og:title\" content=\"The possible alignments of the Sportive-FC Barcelona (LaLiga J35)\" \/>\n<meta property=\"og:description\" content=\"The FC Barcelona can proclaim champion of LaLiga Santander of mathematical form if it achieves to take out like minimum a tie of Riazor in front of the...\" \/>\n<meta property=\"og:url\" content=\"https:\/\/www.fcbarcelonanoticias.com\/en\/laliga\/the-possible-alignments-of-the-sportive-barcelona-laliga-j35_212364_102.html\" \/>\n<meta property=\"og:site_name\" content=\"EN - FC Barcelona Noticias\" \/>\n<meta property=\"article:published_time\" content=\"2018-04-23T16:20:00+00:00\" \/>\n<meta property=\"article:modified_time\" content=\"2026-04-16T07:25:33+00:00\" \/>\n<meta property=\"og:image\" content=\"https:\/\/www.fcbarcelonanoticias.com\/en\/wp-content\/uploads\/sites\/2\/2018\/04\/alineacion-252701-2.jpeg\" \/>\n\t<meta property=\"og:image:width\" content=\"760\" \/>\n\t<meta property=\"og:image:height\" content=\"428\" \/>\n\t<meta property=\"og:image:type\" content=\"image\/jpeg\" \/>\n<meta name=\"author\" content=\"Albert Ram\u00edrez\" \/>\n<meta name=\"twitter:card\" content=\"summary_large_image\" \/>\n<meta name=\"twitter:label1\" content=\"Written by\" \/>\n\t<meta name=\"twitter:data1\" content=\"Albert Ram\u00edrez\" \/>\n\t<meta name=\"twitter:label2\" content=\"Est. reading time\" \/>\n\t<meta name=\"twitter:data2\" content=\"2 minutes\" \/>\n<script type=\"application\/ld+json\" class=\"yoast-schema-graph\">{\"@context\":\"https:\\\/\\\/schema.org\",\"@graph\":[{\"@type\":\"Article\",\"@id\":\"https:\\\/\\\/www.fcbarcelonanoticias.com\\\/en\\\/laliga\\\/the-possible-alignments-of-the-sportive-barcelona-laliga-j35_212364_102.html#article\",\"isPartOf\":{\"@id\":\"https:\\\/\\\/www.fcbarcelonanoticias.com\\\/en\\\/laliga\\\/the-possible-alignments-of-the-sportive-barcelona-laliga-j35_212364_102.html\"},\"author\":{\"name\":\"Albert Ram\u00edrez\",\"@id\":\"https:\\\/\\\/www.fcbarcelonanoticias.com\\\/en\\\/#\\\/schema\\\/person\\\/1d0eb8457abc625a793c7a9f8f67612d\"},\"headline\":\"The possible alignments of the Sportive-Barcelona (LaLiga J35)\",\"datePublished\":\"2018-04-23T16:20:00+00:00\",\"dateModified\":\"2026-04-16T07:25:33+00:00\",\"mainEntityOfPage\":{\"@id\":\"https:\\\/\\\/www.fcbarcelonanoticias.com\\\/en\\\/laliga\\\/the-possible-alignments-of-the-sportive-barcelona-laliga-j35_212364_102.html\"},\"wordCount\":494,\"image\":{\"@id\":\"https:\\\/\\\/www.fcbarcelonanoticias.com\\\/en\\\/laliga\\\/the-possible-alignments-of-the-sportive-barcelona-laliga-j35_212364_102.html#primaryimage\"},\"thumbnailUrl\":\"https:\\\/\\\/www.fcbarcelonanoticias.com\\\/en\\\/wp-content\\\/uploads\\\/sites\\\/2\\\/2018\\\/04\\\/alineacion-252701-2.jpeg\",\"keywords\":[\"Deportivo de La Coru\u00f1a\",\"FC Barcelona Lineups\"],\"articleSection\":[\"LaLiga\",\"LaLiga\"],\"inLanguage\":\"en-US\"},{\"@type\":\"WebPage\",\"@id\":\"https:\\\/\\\/www.fcbarcelonanoticias.com\\\/en\\\/laliga\\\/the-possible-alignments-of-the-sportive-barcelona-laliga-j35_212364_102.html\",\"url\":\"https:\\\/\\\/www.fcbarcelonanoticias.com\\\/en\\\/laliga\\\/the-possible-alignments-of-the-sportive-barcelona-laliga-j35_212364_102.html\",\"name\":\"The possible alignments of the Sportive-FC Barcelona (LaLiga J35)\",\"isPartOf\":{\"@id\":\"https:\\\/\\\/www.fcbarcelonanoticias.com\\\/en\\\/#website\"},\"primaryImageOfPage\":{\"@id\":\"https:\\\/\\\/www.fcbarcelonanoticias.com\\\/en\\\/laliga\\\/the-possible-alignments-of-the-sportive-barcelona-laliga-j35_212364_102.html#primaryimage\"},\"image\":{\"@id\":\"https:\\\/\\\/www.fcbarcelonanoticias.com\\\/en\\\/laliga\\\/the-possible-alignments-of-the-sportive-barcelona-laliga-j35_212364_102.html#primaryimage\"},\"thumbnailUrl\":\"https:\\\/\\\/www.fcbarcelonanoticias.com\\\/en\\\/wp-content\\\/uploads\\\/sites\\\/2\\\/2018\\\/04\\\/alineacion-252701-2.jpeg\",\"datePublished\":\"2018-04-23T16:20:00+00:00\",\"dateModified\":\"2026-04-16T07:25:33+00:00\",\"author\":{\"@id\":\"https:\\\/\\\/www.fcbarcelonanoticias.com\\\/en\\\/#\\\/schema\\\/person\\\/1d0eb8457abc625a793c7a9f8f67612d\"},\"description\":\"The FC Barcelona can proclaim champion of LaLiga Santander of mathematical form if it achieves to take out like minimum a tie of Riazor in front of the...\",\"breadcrumb\":{\"@id\":\"https:\\\/\\\/www.fcbarcelonanoticias.com\\\/en\\\/laliga\\\/the-possible-alignments-of-the-sportive-barcelona-laliga-j35_212364_102.html#breadcrumb\"},\"inLanguage\":\"en-US\",\"potentialAction\":[{\"@type\":\"ReadAction\",\"target\":[\"https:\\\/\\\/www.fcbarcelonanoticias.com\\\/en\\\/laliga\\\/the-possible-alignments-of-the-sportive-barcelona-laliga-j35_212364_102.html\"]}]},{\"@type\":\"ImageObject\",\"inLanguage\":\"en-US\",\"@id\":\"https:\\\/\\\/www.fcbarcelonanoticias.com\\\/en\\\/laliga\\\/the-possible-alignments-of-the-sportive-barcelona-laliga-j35_212364_102.html#primaryimage\",\"url\":\"https:\\\/\\\/www.fcbarcelonanoticias.com\\\/en\\\/wp-content\\\/uploads\\\/sites\\\/2\\\/2018\\\/04\\\/alineacion-252701-2.jpeg\",\"contentUrl\":\"https:\\\/\\\/www.fcbarcelonanoticias.com\\\/en\\\/wp-content\\\/uploads\\\/sites\\\/2\\\/2018\\\/04\\\/alineacion-252701-2.jpeg\",\"width\":760,\"height\":428},{\"@type\":\"BreadcrumbList\",\"@id\":\"https:\\\/\\\/www.fcbarcelonanoticias.com\\\/en\\\/laliga\\\/the-possible-alignments-of-the-sportive-barcelona-laliga-j35_212364_102.html#breadcrumb\",\"itemListElement\":[{\"@type\":\"ListItem\",\"position\":1,\"name\":\"Portada\",\"item\":\"https:\\\/\\\/www.fcbarcelonanoticias.com\\\/en\\\/\"},{\"@type\":\"ListItem\",\"position\":2,\"name\":\"The possible alignments of the Sportive-Barcelona (LaLiga J35)\"}]},{\"@type\":\"WebSite\",\"@id\":\"https:\\\/\\\/www.fcbarcelonanoticias.com\\\/en\\\/#website\",\"url\":\"https:\\\/\\\/www.fcbarcelonanoticias.com\\\/en\\\/\",\"name\":\"EN - FC Barcelona Noticias\",\"description\":\"\",\"potentialAction\":[{\"@type\":\"SearchAction\",\"target\":{\"@type\":\"EntryPoint\",\"urlTemplate\":\"https:\\\/\\\/www.fcbarcelonanoticias.com\\\/en\\\/?s={search_term_string}\"},\"query-input\":{\"@type\":\"PropertyValueSpecification\",\"valueRequired\":true,\"valueName\":\"search_term_string\"}}],\"inLanguage\":\"en-US\"},{\"@type\":\"Person\",\"@id\":\"https:\\\/\\\/www.fcbarcelonanoticias.com\\\/en\\\/#\\\/schema\\\/person\\\/1d0eb8457abc625a793c7a9f8f67612d\",\"name\":\"Albert Ram\u00edrez\",\"image\":{\"@type\":\"ImageObject\",\"inLanguage\":\"en-US\",\"@id\":\"https:\\\/\\\/secure.gravatar.com\\\/avatar\\\/?s=96&d=mm&r=g\",\"url\":\"https:\\\/\\\/secure.gravatar.com\\\/avatar\\\/?s=96&d=mm&r=g\",\"contentUrl\":\"https:\\\/\\\/secure.gravatar.com\\\/avatar\\\/?s=96&d=mm&r=g\",\"caption\":\"Albert Ram\u00edrez\"},\"url\":\"https:\\\/\\\/www.fcbarcelonanoticias.com\\\/en\\\/albert-ramirez_5_115.html\"}]}<\/script>\n<!-- \/ Yoast SEO plugin. -->","yoast_head_json":{"title":"The possible alignments of the Sportive-FC Barcelona (LaLiga J35)","description":"The FC Barcelona can proclaim champion of LaLiga Santander of mathematical form if it achieves to take out like minimum a tie of Riazor in front of the...","robots":{"index":"index","follow":"follow","max-snippet":"max-snippet:-1","max-image-preview":"max-image-preview:large","max-video-preview":"max-video-preview:-1"},"canonical":"https:\/\/www.fcbarcelonanoticias.com\/en\/laliga\/the-possible-alignments-of-the-sportive-barcelona-laliga-j35_212364_102.html","og_locale":"en_US","og_type":"article","og_title":"The possible alignments of the Sportive-FC Barcelona (LaLiga J35)","og_description":"The FC Barcelona can proclaim champion of LaLiga Santander of mathematical form if it achieves to take out like minimum a tie of Riazor in front of the...","og_url":"https:\/\/www.fcbarcelonanoticias.com\/en\/laliga\/the-possible-alignments-of-the-sportive-barcelona-laliga-j35_212364_102.html","og_site_name":"EN - FC Barcelona Noticias","article_published_time":"2018-04-23T16:20:00+00:00","article_modified_time":"2026-04-16T07:25:33+00:00","og_image":[{"width":760,"height":428,"url":"https:\/\/www.fcbarcelonanoticias.com\/en\/wp-content\/uploads\/sites\/2\/2018\/04\/alineacion-252701-2.jpeg","type":"image\/jpeg"}],"author":"Albert Ram\u00edrez","twitter_card":"summary_large_image","twitter_misc":{"Written by":"Albert Ram\u00edrez","Est. reading time":"2 minutes"},"schema":{"@context":"https:\/\/schema.org","@graph":[{"@type":"Article","@id":"https:\/\/www.fcbarcelonanoticias.com\/en\/laliga\/the-possible-alignments-of-the-sportive-barcelona-laliga-j35_212364_102.html#article","isPartOf":{"@id":"https:\/\/www.fcbarcelonanoticias.com\/en\/laliga\/the-possible-alignments-of-the-sportive-barcelona-laliga-j35_212364_102.html"},"author":{"name":"Albert Ram\u00edrez","@id":"https:\/\/www.fcbarcelonanoticias.com\/en\/#\/schema\/person\/1d0eb8457abc625a793c7a9f8f67612d"},"headline":"The possible alignments of the Sportive-Barcelona (LaLiga J35)","datePublished":"2018-04-23T16:20:00+00:00","dateModified":"2026-04-16T07:25:33+00:00","mainEntityOfPage":{"@id":"https:\/\/www.fcbarcelonanoticias.com\/en\/laliga\/the-possible-alignments-of-the-sportive-barcelona-laliga-j35_212364_102.html"},"wordCount":494,"image":{"@id":"https:\/\/www.fcbarcelonanoticias.com\/en\/laliga\/the-possible-alignments-of-the-sportive-barcelona-laliga-j35_212364_102.html#primaryimage"},"thumbnailUrl":"https:\/\/www.fcbarcelonanoticias.com\/en\/wp-content\/uploads\/sites\/2\/2018\/04\/alineacion-252701-2.jpeg","keywords":["Deportivo de La Coru\u00f1a","FC Barcelona Lineups"],"articleSection":["LaLiga","LaLiga"],"inLanguage":"en-US"},{"@type":"WebPage","@id":"https:\/\/www.fcbarcelonanoticias.com\/en\/laliga\/the-possible-alignments-of-the-sportive-barcelona-laliga-j35_212364_102.html","url":"https:\/\/www.fcbarcelonanoticias.com\/en\/laliga\/the-possible-alignments-of-the-sportive-barcelona-laliga-j35_212364_102.html","name":"The possible alignments of the Sportive-FC Barcelona (LaLiga J35)","isPartOf":{"@id":"https:\/\/www.fcbarcelonanoticias.com\/en\/#website"},"primaryImageOfPage":{"@id":"https:\/\/www.fcbarcelonanoticias.com\/en\/laliga\/the-possible-alignments-of-the-sportive-barcelona-laliga-j35_212364_102.html#primaryimage"},"image":{"@id":"https:\/\/www.fcbarcelonanoticias.com\/en\/laliga\/the-possible-alignments-of-the-sportive-barcelona-laliga-j35_212364_102.html#primaryimage"},"thumbnailUrl":"https:\/\/www.fcbarcelonanoticias.com\/en\/wp-content\/uploads\/sites\/2\/2018\/04\/alineacion-252701-2.jpeg","datePublished":"2018-04-23T16:20:00+00:00","dateModified":"2026-04-16T07:25:33+00:00","author":{"@id":"https:\/\/www.fcbarcelonanoticias.com\/en\/#\/schema\/person\/1d0eb8457abc625a793c7a9f8f67612d"},"description":"The FC Barcelona can proclaim champion of LaLiga Santander of mathematical form if it achieves to take out like minimum a tie of Riazor in front of the...","breadcrumb":{"@id":"https:\/\/www.fcbarcelonanoticias.com\/en\/laliga\/the-possible-alignments-of-the-sportive-barcelona-laliga-j35_212364_102.html#breadcrumb"},"inLanguage":"en-US","potentialAction":[{"@type":"ReadAction","target":["https:\/\/www.fcbarcelonanoticias.com\/en\/laliga\/the-possible-alignments-of-the-sportive-barcelona-laliga-j35_212364_102.html"]}]},{"@type":"ImageObject","inLanguage":"en-US","@id":"https:\/\/www.fcbarcelonanoticias.com\/en\/laliga\/the-possible-alignments-of-the-sportive-barcelona-laliga-j35_212364_102.html#primaryimage","url":"https:\/\/www.fcbarcelonanoticias.com\/en\/wp-content\/uploads\/sites\/2\/2018\/04\/alineacion-252701-2.jpeg","contentUrl":"https:\/\/www.fcbarcelonanoticias.com\/en\/wp-content\/uploads\/sites\/2\/2018\/04\/alineacion-252701-2.jpeg","width":760,"height":428},{"@type":"BreadcrumbList","@id":"https:\/\/www.fcbarcelonanoticias.com\/en\/laliga\/the-possible-alignments-of-the-sportive-barcelona-laliga-j35_212364_102.html#breadcrumb","itemListElement":[{"@type":"ListItem","position":1,"name":"Portada","item":"https:\/\/www.fcbarcelonanoticias.com\/en\/"},{"@type":"ListItem","position":2,"name":"The possible alignments of the Sportive-Barcelona (LaLiga J35)"}]},{"@type":"WebSite","@id":"https:\/\/www.fcbarcelonanoticias.com\/en\/#website","url":"https:\/\/www.fcbarcelonanoticias.com\/en\/","name":"EN - FC Barcelona Noticias","description":"","potentialAction":[{"@type":"SearchAction","target":{"@type":"EntryPoint","urlTemplate":"https:\/\/www.fcbarcelonanoticias.com\/en\/?s={search_term_string}"},"query-input":{"@type":"PropertyValueSpecification","valueRequired":true,"valueName":"search_term_string"}}],"inLanguage":"en-US"},{"@type":"Person","@id":"https:\/\/www.fcbarcelonanoticias.com\/en\/#\/schema\/person\/1d0eb8457abc625a793c7a9f8f67612d","name":"Albert Ram\u00edrez","image":{"@type":"ImageObject","inLanguage":"en-US","@id":"https:\/\/secure.gravatar.com\/avatar\/?s=96&d=mm&r=g","url":"https:\/\/secure.gravatar.com\/avatar\/?s=96&d=mm&r=g","contentUrl":"https:\/\/secure.gravatar.com\/avatar\/?s=96&d=mm&r=g","caption":"Albert Ram\u00edrez"},"url":"https:\/\/www.fcbarcelonanoticias.com\/en\/albert-ramirez_5_115.html"}]}},"_links":{"self":[{"href":"https:\/\/www.fcbarcelonanoticias.com\/en\/wp-json\/wp\/v2\/posts\/64085","targetHints":{"allow":["GET"]}}],"collection":[{"href":"https:\/\/www.fcbarcelonanoticias.com\/en\/wp-json\/wp\/v2\/posts"}],"about":[{"href":"https:\/\/www.fcbarcelonanoticias.com\/en\/wp-json\/wp\/v2\/types\/post"}],"author":[{"embeddable":true,"href":"https:\/\/www.fcbarcelonanoticias.com\/en\/wp-json\/wp\/v2\/users\/364"}],"replies":[{"embeddable":true,"href":"https:\/\/www.fcbarcelonanoticias.com\/en\/wp-json\/wp\/v2\/comments?post=64085"}],"version-history":[{"count":2,"href":"https:\/\/www.fcbarcelonanoticias.com\/en\/wp-json\/wp\/v2\/posts\/64085\/revisions"}],"predecessor-version":[{"id":174098,"href":"https:\/\/www.fcbarcelonanoticias.com\/en\/wp-json\/wp\/v2\/posts\/64085\/revisions\/174098"}],"wp:featuredmedia":[{"embeddable":true,"href":"https:\/\/www.fcbarcelonanoticias.com\/en\/wp-json\/wp\/v2\/media\/118382"}],"wp:attachment":[{"href":"https:\/\/www.fcbarcelonanoticias.com\/en\/wp-json\/wp\/v2\/media?parent=64085"}],"wp:term":[{"taxonomy":"category","embeddable":true,"href":"https:\/\/www.fcbarcelonanoticias.com\/en\/wp-json\/wp\/v2\/categories?post=64085"},{"taxonomy":"post_tag","embeddable":true,"href":"https:\/\/www.fcbarcelonanoticias.com\/en\/wp-json\/wp\/v2\/tags?post=64085"}],"curies":[{"name":"wp","href":"https:\/\/api.w.org\/{rel}","templated":true}]}}