{"id":64113,"date":"2021-05-10T19:30:00","date_gmt":"2021-05-10T17:30:00","guid":{"rendered":"https:\/\/weisetech.dev\/fc-barcelona-noticias\/en\/the-possible-alignments-of-the-raise-fc-barcelona-of-league_268292_102\/"},"modified":"2021-05-10T19:30:00","modified_gmt":"2021-05-10T17:30:00","slug":"the-possible-alignments-of-the-raise-fc-barcelona-of-league_268292_102","status":"publish","type":"post","link":"https:\/\/www.fcbarcelonanoticias.com\/en\/laliga\/the-possible-alignments-of-the-raise-fc-barcelona-of-league_268292_102.html","title":{"rendered":"The possible line ups for the match between Levante-FC Barcelona in LaLiga"},"content":{"rendered":"<h2 class=\"wp-block-heading\">The Bar\u00e7a visits this Tuesday to the Levante in the stadium Ciutat of Valencia, in the corresponding duel to the day 36 of LaLiga. Koeman Is forced to take out his best alignment<\/h2>  \r\n<div class=\"article-addons\">\r\n    <a href=\"https:\/\/www.fcbarcelonanoticias.com\/en\/calendar-fc-barcelona.html\"\r\n       target=\"_self\"\r\n       title=\"Calendar of FC Barcelona\"\r\n       class=\"blue-gredient-btn\">\r\n       \r\n        Calendar of FC Barcelona    <\/a>\r\n<\/div>   <p>The <a data-external=\"0\" data-intl-links-en=\"https:\/\/www.fcbarcelonanoticias.com\/en\/fc-barcelona\" data-intl-links-es=\"https:\/\/www.fcbarcelonanoticias.com\/fc-barcelona\" href=\"https:\/\/www.fcbarcelonanoticias.com\/en\/football-soccer\/fc-barcelona.html\" rel=\"follow\" target=\"_self\" title=\"FC Barcelona\">FC Barcelona<\/a> visits to the Raise <strong>this Tuesday to the 22:00 hours (in Spain)<\/strong>, in the stadium Ciutat of Valencia, for the dispute of the corresponding duel to the day 36 of LaLiga Santander, in an only opportunity to give a big hit on the table in the fight by the title and <strong>put pressure to the Athletic and Real Madrid in the classification<\/strong>, after the day of the double tie between the four candidates to the title, that left the unchanged classification.<\/p>  <p>In this date, with the return of Ronald Koeman to the benches after fulfilling his sanction, the blaugrana confront to <strong>a Raise that it lives his lower hours in the championship,<\/strong> with only a victory in the last seven parties of LaLiga. Thus, it will be an opportunity of gold to recover the good feelings and correct the errors that committed in front of the Atleti the past Saturday. It will be key that the Dutch trainer do not save at all and kickoff to the field to all his &#8216;heavy weights&#8217; to carry the three points to the City Condal. <strong>To continuation, our forecast of the alignments: <\/strong><\/p>  <h3>Possible alignments of the Raise-FC Barcelona<\/h3>  <ul> <li> <strong>XI of the Raise: <\/strong>C\u00e1rdenas, Miram\u00f3n, R\u00f3ber, Postigo, Clerc, Malsa, Melero, Of Fruits, Morals, Cantero and Dani G\u00f3mez.<\/li> \t<li> <strong>XI of the FC Barcelona: <\/strong>Ter Stegen; Araujo, Hammered, Lenglet; Dest, Of Jong, Busquets, Pedri, Jordi Alba; Messi and Griezmann.<\/li> <\/ul> <h4>Ter Stegen<\/h4>  <p>In the goal of the Bar\u00e7a there is not doubt some of the title. <strong>Marc-Andr\u00e9 ter Stegen<\/strong>, very questioned in the last weeks, went back to show in front of the Athletic of Madrid reason is the true angel guardian of the Barcelona. It will be a party in which the guardameta German<strong> will have to be very attentive and move away the danger of his area, in front of a Raise that it will look for the goal from early for incomodar to the conjoint visitor.<\/strong><\/p>  <h4>Ara\u00fajo-Hammered-Lenglet<\/h4>  <p>It is likely that Koeman enter a change to the defence regarding which went out to the Camp Nou to confront to the Athletic. In this party,<strong> \u00d3scar Mingueza remained very distinguished and Ronald Ara\u00fajo substituted him in the rest<\/strong>, by what can that it was the charr\u00faa the one who accompany to<strong> Gerard Hammered and Cl\u00e9ment Lenglet<\/strong> in the saga of three defenders. They will be the attendants to brake the attack &#8216;granota&#8217; and avoid any type of danger to help to the team to return to Barcelona with a triumph that them mantega alive in the fight by the title.<\/p>  <h4>Dest-Of Jong-Busquets-Pedri-Jordi Alba<\/h4>  <p>The safest is that in front of the Raise, Koeman continue betting by the 3-5-2, an approach that, although it remained questioned in front of the Athletic, keeps on being the one who gives him more shine to the team. With<strong> the doubt of the titularity of Sergio Busquets<\/strong>, that arrives very just, after recovering of his upper maxillary fissure, is likely that the Dutch bet by the same protagonists that in the last parties. Like this,<strong> Sergi\u00f1o Dest and Jordi Alba will play practically like carrileros<\/strong> to explode the ofensividad of the team and outline like the allies of the forwards, at the same time that F<strong>renkie of Jong, Sergio Busquets (or Ilaix Moriba) and Pedri Gonz\u00e1lez<\/strong> will commission to mark the time of the game, recover balloons and launch to the offensive.<\/p>  <h4>Messi-Griezmann<\/h4>  <p>In the party in front of the Athletic, <a data-external=\"0\" data-intl-links-en=\"https:\/\/www.fcbarcelonanoticias.com\/en\/fc-barcelona\/the-connection-of-the-barca-that-the-athletic-neutralised_268268_102.html\" data-intl-links-es=\"https:\/\/www.fcbarcelonanoticias.com\/fc-barcelona\/conexion-barca-atletico-neutralizo_268268_102.html\" href=\"https:\/\/www.fcbarcelonanoticias.com\/en\/fc-barcelona\/the-connection-of-the-barca-that-the-athletic-neutralised_268268_102.html\" rel=\"follow\" target=\"_self\" title=\"La conexi\u00f3n del Bar\u00e7a que el Atl\u00e9tico neutraliz\u00f3\">the connection Messi-Griezmann remained neutralised completely<\/a>, by the big defensive work of the &#8216;colchoneros&#8217;. However, both are in his best moment and have said present in the appointment of the goal in almost all the parties in the last days, by what would be headlines once again. The doubt, in such a case, would be l<strong>to presence of Ousmane Demb\u00e9l\u00e9 to substitute to the &#8216;Principito&#8217;,<\/strong> considering that it was the &#8216;Mosquito&#8217; the one who generated more danger in the Camp Nou, with a head butt that was about to to advance to the cul\u00e9s. However, the most likely is that it go out like revulsivo in the second part.<\/p> ","protected":false},"excerpt":{"rendered":"<p>The Bar\u00e7a visits this Tuesday to the Levante in the stadium Ciutat of Valencia, in the corresponding duel to the day 36 of LaLiga. Koeman Is forced to take out his best alignment The FC Barcelona visits to the Raise this Tuesday to the 22:00 hours (in Spain), in the stadium Ciutat of Valencia, for [&hellip;]<\/p>\n","protected":false},"author":352,"featured_media":64118,"comment_status":"closed","ping_status":"open","sticky":false,"template":"","format":"standard","meta":{"_acf_changed":false,"inline_featured_image":false,"_nextfly_llmd_date_locked":false,"footnotes":""},"categories":[114,448],"tags":[201,134],"class_list":["post-64113","post","type-post","status-publish","format-standard","has-post-thumbnail","hentry","category-laliga","category-laliga-2","tag-lineups","tag-levante-ud"],"acf":[],"yoast_head":"<!-- This site is optimized with the Yoast SEO plugin v27.3 - https:\/\/yoast.com\/product\/yoast-seo-wordpress\/ -->\n<title>The possible line ups for the match between Levante-FC Barcelona in LaLiga<\/title>\n<meta name=\"description\" content=\"The Bar\u00e7a visits this Tuesday to the Raise in the stadium Ciutat of Valencia, in the corresponding duel to the day 36 of LaLiga. Koeman Is forced to take out...\" \/>\n<meta name=\"robots\" content=\"index, follow, max-snippet:-1, max-image-preview:large, max-video-preview:-1\" \/>\n<link rel=\"canonical\" href=\"https:\/\/www.fcbarcelonanoticias.com\/en\/laliga\/the-possible-alignments-of-the-raise-fc-barcelona-of-league_268292_102.html\" \/>\n<meta property=\"og:locale\" content=\"en_US\" \/>\n<meta property=\"og:type\" content=\"article\" \/>\n<meta property=\"og:title\" content=\"The possible line ups for the match between Levante-FC Barcelona in LaLiga\" \/>\n<meta property=\"og:description\" content=\"The Bar\u00e7a visits this Tuesday to the Raise in the stadium Ciutat of Valencia, in the corresponding duel to the day 36 of LaLiga. Koeman Is forced to take out...\" \/>\n<meta property=\"og:url\" content=\"https:\/\/www.fcbarcelonanoticias.com\/en\/laliga\/the-possible-alignments-of-the-raise-fc-barcelona-of-league_268292_102.html\" \/>\n<meta property=\"og:site_name\" content=\"EN - FC Barcelona Noticias\" \/>\n<meta property=\"article:published_time\" content=\"2021-05-10T17:30:00+00:00\" \/>\n<meta property=\"og:image\" content=\"https:\/\/www.fcbarcelonanoticias.com\/en\/wp-content\/uploads\/sites\/2\/2021\/05\/levante-barca-posible-once-1.jpeg\" \/>\n\t<meta property=\"og:image:width\" content=\"1200\" \/>\n\t<meta property=\"og:image:height\" content=\"675\" \/>\n\t<meta property=\"og:image:type\" content=\"image\/jpeg\" \/>\n<meta name=\"author\" content=\"Paola Guevara\" \/>\n<meta name=\"twitter:card\" content=\"summary_large_image\" \/>\n<meta name=\"twitter:label1\" content=\"Written by\" \/>\n\t<meta name=\"twitter:data1\" content=\"Paola Guevara\" \/>\n\t<meta name=\"twitter:label2\" content=\"Est. reading time\" \/>\n\t<meta name=\"twitter:data2\" content=\"4 minutes\" \/>\n<script type=\"application\/ld+json\" class=\"yoast-schema-graph\">{\"@context\":\"https:\\\/\\\/schema.org\",\"@graph\":[{\"@type\":\"Article\",\"@id\":\"https:\\\/\\\/www.fcbarcelonanoticias.com\\\/en\\\/laliga\\\/the-possible-alignments-of-the-raise-fc-barcelona-of-league_268292_102.html#article\",\"isPartOf\":{\"@id\":\"https:\\\/\\\/www.fcbarcelonanoticias.com\\\/en\\\/laliga\\\/the-possible-alignments-of-the-raise-fc-barcelona-of-league_268292_102.html\"},\"author\":{\"name\":\"Paola Guevara\",\"@id\":\"https:\\\/\\\/www.fcbarcelonanoticias.com\\\/en\\\/#\\\/schema\\\/person\\\/3b408513ee236e64c3043ec901f019ee\"},\"headline\":\"The possible line ups for the match between Levante-FC Barcelona in LaLiga\",\"datePublished\":\"2021-05-10T17:30:00+00:00\",\"mainEntityOfPage\":{\"@id\":\"https:\\\/\\\/www.fcbarcelonanoticias.com\\\/en\\\/laliga\\\/the-possible-alignments-of-the-raise-fc-barcelona-of-league_268292_102.html\"},\"wordCount\":740,\"image\":{\"@id\":\"https:\\\/\\\/www.fcbarcelonanoticias.com\\\/en\\\/laliga\\\/the-possible-alignments-of-the-raise-fc-barcelona-of-league_268292_102.html#primaryimage\"},\"thumbnailUrl\":\"https:\\\/\\\/www.fcbarcelonanoticias.com\\\/en\\\/wp-content\\\/uploads\\\/sites\\\/2\\\/2021\\\/05\\\/levante-barca-posible-once-1.jpeg\",\"keywords\":[\"FC Barcelona Lineups\",\"Levante UD\"],\"articleSection\":[\"LaLiga\",\"LaLiga\"],\"inLanguage\":\"en-US\"},{\"@type\":\"WebPage\",\"@id\":\"https:\\\/\\\/www.fcbarcelonanoticias.com\\\/en\\\/laliga\\\/the-possible-alignments-of-the-raise-fc-barcelona-of-league_268292_102.html\",\"url\":\"https:\\\/\\\/www.fcbarcelonanoticias.com\\\/en\\\/laliga\\\/the-possible-alignments-of-the-raise-fc-barcelona-of-league_268292_102.html\",\"name\":\"The possible line ups for the match between Levante-FC Barcelona in LaLiga\",\"isPartOf\":{\"@id\":\"https:\\\/\\\/www.fcbarcelonanoticias.com\\\/en\\\/#website\"},\"primaryImageOfPage\":{\"@id\":\"https:\\\/\\\/www.fcbarcelonanoticias.com\\\/en\\\/laliga\\\/the-possible-alignments-of-the-raise-fc-barcelona-of-league_268292_102.html#primaryimage\"},\"image\":{\"@id\":\"https:\\\/\\\/www.fcbarcelonanoticias.com\\\/en\\\/laliga\\\/the-possible-alignments-of-the-raise-fc-barcelona-of-league_268292_102.html#primaryimage\"},\"thumbnailUrl\":\"https:\\\/\\\/www.fcbarcelonanoticias.com\\\/en\\\/wp-content\\\/uploads\\\/sites\\\/2\\\/2021\\\/05\\\/levante-barca-posible-once-1.jpeg\",\"datePublished\":\"2021-05-10T17:30:00+00:00\",\"author\":{\"@id\":\"https:\\\/\\\/www.fcbarcelonanoticias.com\\\/en\\\/#\\\/schema\\\/person\\\/3b408513ee236e64c3043ec901f019ee\"},\"description\":\"The Bar\u00e7a visits this Tuesday to the Raise in the stadium Ciutat of Valencia, in the corresponding duel to the day 36 of LaLiga. Koeman Is forced to take out...\",\"breadcrumb\":{\"@id\":\"https:\\\/\\\/www.fcbarcelonanoticias.com\\\/en\\\/laliga\\\/the-possible-alignments-of-the-raise-fc-barcelona-of-league_268292_102.html#breadcrumb\"},\"inLanguage\":\"en-US\",\"potentialAction\":[{\"@type\":\"ReadAction\",\"target\":[\"https:\\\/\\\/www.fcbarcelonanoticias.com\\\/en\\\/laliga\\\/the-possible-alignments-of-the-raise-fc-barcelona-of-league_268292_102.html\"]}]},{\"@type\":\"ImageObject\",\"inLanguage\":\"en-US\",\"@id\":\"https:\\\/\\\/www.fcbarcelonanoticias.com\\\/en\\\/laliga\\\/the-possible-alignments-of-the-raise-fc-barcelona-of-league_268292_102.html#primaryimage\",\"url\":\"https:\\\/\\\/www.fcbarcelonanoticias.com\\\/en\\\/wp-content\\\/uploads\\\/sites\\\/2\\\/2021\\\/05\\\/levante-barca-posible-once-1.jpeg\",\"contentUrl\":\"https:\\\/\\\/www.fcbarcelonanoticias.com\\\/en\\\/wp-content\\\/uploads\\\/sites\\\/2\\\/2021\\\/05\\\/levante-barca-posible-once-1.jpeg\",\"width\":1200,\"height\":675},{\"@type\":\"BreadcrumbList\",\"@id\":\"https:\\\/\\\/www.fcbarcelonanoticias.com\\\/en\\\/laliga\\\/the-possible-alignments-of-the-raise-fc-barcelona-of-league_268292_102.html#breadcrumb\",\"itemListElement\":[{\"@type\":\"ListItem\",\"position\":1,\"name\":\"Portada\",\"item\":\"https:\\\/\\\/www.fcbarcelonanoticias.com\\\/en\\\/\"},{\"@type\":\"ListItem\",\"position\":2,\"name\":\"The possible line ups for the match between Levante-FC Barcelona in LaLiga\"}]},{\"@type\":\"WebSite\",\"@id\":\"https:\\\/\\\/www.fcbarcelonanoticias.com\\\/en\\\/#website\",\"url\":\"https:\\\/\\\/www.fcbarcelonanoticias.com\\\/en\\\/\",\"name\":\"EN - FC Barcelona Noticias\",\"description\":\"\",\"potentialAction\":[{\"@type\":\"SearchAction\",\"target\":{\"@type\":\"EntryPoint\",\"urlTemplate\":\"https:\\\/\\\/www.fcbarcelonanoticias.com\\\/en\\\/?s={search_term_string}\"},\"query-input\":{\"@type\":\"PropertyValueSpecification\",\"valueRequired\":true,\"valueName\":\"search_term_string\"}}],\"inLanguage\":\"en-US\"},{\"@type\":\"Person\",\"@id\":\"https:\\\/\\\/www.fcbarcelonanoticias.com\\\/en\\\/#\\\/schema\\\/person\\\/3b408513ee236e64c3043ec901f019ee\",\"name\":\"Paola Guevara\",\"image\":{\"@type\":\"ImageObject\",\"inLanguage\":\"en-US\",\"@id\":\"https:\\\/\\\/secure.gravatar.com\\\/avatar\\\/?s=96&d=mm&r=g\",\"url\":\"https:\\\/\\\/secure.gravatar.com\\\/avatar\\\/?s=96&d=mm&r=g\",\"contentUrl\":\"https:\\\/\\\/secure.gravatar.com\\\/avatar\\\/?s=96&d=mm&r=g\",\"caption\":\"Paola Guevara\"},\"url\":\"https:\\\/\\\/www.fcbarcelonanoticias.com\\\/en\\\/fc-barcelona\\\/paola-guevara_9_115.html\"}]}<\/script>\n<!-- \/ Yoast SEO plugin. -->","yoast_head_json":{"title":"The possible line ups for the match between Levante-FC Barcelona in LaLiga","description":"The Bar\u00e7a visits this Tuesday to the Raise in the stadium Ciutat of Valencia, in the corresponding duel to the day 36 of LaLiga. Koeman Is forced to take out...","robots":{"index":"index","follow":"follow","max-snippet":"max-snippet:-1","max-image-preview":"max-image-preview:large","max-video-preview":"max-video-preview:-1"},"canonical":"https:\/\/www.fcbarcelonanoticias.com\/en\/laliga\/the-possible-alignments-of-the-raise-fc-barcelona-of-league_268292_102.html","og_locale":"en_US","og_type":"article","og_title":"The possible line ups for the match between Levante-FC Barcelona in LaLiga","og_description":"The Bar\u00e7a visits this Tuesday to the Raise in the stadium Ciutat of Valencia, in the corresponding duel to the day 36 of LaLiga. Koeman Is forced to take out...","og_url":"https:\/\/www.fcbarcelonanoticias.com\/en\/laliga\/the-possible-alignments-of-the-raise-fc-barcelona-of-league_268292_102.html","og_site_name":"EN - FC Barcelona Noticias","article_published_time":"2021-05-10T17:30:00+00:00","og_image":[{"width":1200,"height":675,"url":"https:\/\/www.fcbarcelonanoticias.com\/en\/wp-content\/uploads\/sites\/2\/2021\/05\/levante-barca-posible-once-1.jpeg","type":"image\/jpeg"}],"author":"Paola Guevara","twitter_card":"summary_large_image","twitter_misc":{"Written by":"Paola Guevara","Est. reading time":"4 minutes"},"schema":{"@context":"https:\/\/schema.org","@graph":[{"@type":"Article","@id":"https:\/\/www.fcbarcelonanoticias.com\/en\/laliga\/the-possible-alignments-of-the-raise-fc-barcelona-of-league_268292_102.html#article","isPartOf":{"@id":"https:\/\/www.fcbarcelonanoticias.com\/en\/laliga\/the-possible-alignments-of-the-raise-fc-barcelona-of-league_268292_102.html"},"author":{"name":"Paola Guevara","@id":"https:\/\/www.fcbarcelonanoticias.com\/en\/#\/schema\/person\/3b408513ee236e64c3043ec901f019ee"},"headline":"The possible line ups for the match between Levante-FC Barcelona in LaLiga","datePublished":"2021-05-10T17:30:00+00:00","mainEntityOfPage":{"@id":"https:\/\/www.fcbarcelonanoticias.com\/en\/laliga\/the-possible-alignments-of-the-raise-fc-barcelona-of-league_268292_102.html"},"wordCount":740,"image":{"@id":"https:\/\/www.fcbarcelonanoticias.com\/en\/laliga\/the-possible-alignments-of-the-raise-fc-barcelona-of-league_268292_102.html#primaryimage"},"thumbnailUrl":"https:\/\/www.fcbarcelonanoticias.com\/en\/wp-content\/uploads\/sites\/2\/2021\/05\/levante-barca-posible-once-1.jpeg","keywords":["FC Barcelona Lineups","Levante UD"],"articleSection":["LaLiga","LaLiga"],"inLanguage":"en-US"},{"@type":"WebPage","@id":"https:\/\/www.fcbarcelonanoticias.com\/en\/laliga\/the-possible-alignments-of-the-raise-fc-barcelona-of-league_268292_102.html","url":"https:\/\/www.fcbarcelonanoticias.com\/en\/laliga\/the-possible-alignments-of-the-raise-fc-barcelona-of-league_268292_102.html","name":"The possible line ups for the match between Levante-FC Barcelona in LaLiga","isPartOf":{"@id":"https:\/\/www.fcbarcelonanoticias.com\/en\/#website"},"primaryImageOfPage":{"@id":"https:\/\/www.fcbarcelonanoticias.com\/en\/laliga\/the-possible-alignments-of-the-raise-fc-barcelona-of-league_268292_102.html#primaryimage"},"image":{"@id":"https:\/\/www.fcbarcelonanoticias.com\/en\/laliga\/the-possible-alignments-of-the-raise-fc-barcelona-of-league_268292_102.html#primaryimage"},"thumbnailUrl":"https:\/\/www.fcbarcelonanoticias.com\/en\/wp-content\/uploads\/sites\/2\/2021\/05\/levante-barca-posible-once-1.jpeg","datePublished":"2021-05-10T17:30:00+00:00","author":{"@id":"https:\/\/www.fcbarcelonanoticias.com\/en\/#\/schema\/person\/3b408513ee236e64c3043ec901f019ee"},"description":"The Bar\u00e7a visits this Tuesday to the Raise in the stadium Ciutat of Valencia, in the corresponding duel to the day 36 of LaLiga. Koeman Is forced to take out...","breadcrumb":{"@id":"https:\/\/www.fcbarcelonanoticias.com\/en\/laliga\/the-possible-alignments-of-the-raise-fc-barcelona-of-league_268292_102.html#breadcrumb"},"inLanguage":"en-US","potentialAction":[{"@type":"ReadAction","target":["https:\/\/www.fcbarcelonanoticias.com\/en\/laliga\/the-possible-alignments-of-the-raise-fc-barcelona-of-league_268292_102.html"]}]},{"@type":"ImageObject","inLanguage":"en-US","@id":"https:\/\/www.fcbarcelonanoticias.com\/en\/laliga\/the-possible-alignments-of-the-raise-fc-barcelona-of-league_268292_102.html#primaryimage","url":"https:\/\/www.fcbarcelonanoticias.com\/en\/wp-content\/uploads\/sites\/2\/2021\/05\/levante-barca-posible-once-1.jpeg","contentUrl":"https:\/\/www.fcbarcelonanoticias.com\/en\/wp-content\/uploads\/sites\/2\/2021\/05\/levante-barca-posible-once-1.jpeg","width":1200,"height":675},{"@type":"BreadcrumbList","@id":"https:\/\/www.fcbarcelonanoticias.com\/en\/laliga\/the-possible-alignments-of-the-raise-fc-barcelona-of-league_268292_102.html#breadcrumb","itemListElement":[{"@type":"ListItem","position":1,"name":"Portada","item":"https:\/\/www.fcbarcelonanoticias.com\/en\/"},{"@type":"ListItem","position":2,"name":"The possible line ups for the match between Levante-FC Barcelona in LaLiga"}]},{"@type":"WebSite","@id":"https:\/\/www.fcbarcelonanoticias.com\/en\/#website","url":"https:\/\/www.fcbarcelonanoticias.com\/en\/","name":"EN - FC Barcelona Noticias","description":"","potentialAction":[{"@type":"SearchAction","target":{"@type":"EntryPoint","urlTemplate":"https:\/\/www.fcbarcelonanoticias.com\/en\/?s={search_term_string}"},"query-input":{"@type":"PropertyValueSpecification","valueRequired":true,"valueName":"search_term_string"}}],"inLanguage":"en-US"},{"@type":"Person","@id":"https:\/\/www.fcbarcelonanoticias.com\/en\/#\/schema\/person\/3b408513ee236e64c3043ec901f019ee","name":"Paola Guevara","image":{"@type":"ImageObject","inLanguage":"en-US","@id":"https:\/\/secure.gravatar.com\/avatar\/?s=96&d=mm&r=g","url":"https:\/\/secure.gravatar.com\/avatar\/?s=96&d=mm&r=g","contentUrl":"https:\/\/secure.gravatar.com\/avatar\/?s=96&d=mm&r=g","caption":"Paola Guevara"},"url":"https:\/\/www.fcbarcelonanoticias.com\/en\/fc-barcelona\/paola-guevara_9_115.html"}]}},"_links":{"self":[{"href":"https:\/\/www.fcbarcelonanoticias.com\/en\/wp-json\/wp\/v2\/posts\/64113","targetHints":{"allow":["GET"]}}],"collection":[{"href":"https:\/\/www.fcbarcelonanoticias.com\/en\/wp-json\/wp\/v2\/posts"}],"about":[{"href":"https:\/\/www.fcbarcelonanoticias.com\/en\/wp-json\/wp\/v2\/types\/post"}],"author":[{"embeddable":true,"href":"https:\/\/www.fcbarcelonanoticias.com\/en\/wp-json\/wp\/v2\/users\/352"}],"replies":[{"embeddable":true,"href":"https:\/\/www.fcbarcelonanoticias.com\/en\/wp-json\/wp\/v2\/comments?post=64113"}],"version-history":[{"count":1,"href":"https:\/\/www.fcbarcelonanoticias.com\/en\/wp-json\/wp\/v2\/posts\/64113\/revisions"}],"predecessor-version":[{"id":64114,"href":"https:\/\/www.fcbarcelonanoticias.com\/en\/wp-json\/wp\/v2\/posts\/64113\/revisions\/64114"}],"wp:featuredmedia":[{"embeddable":true,"href":"https:\/\/www.fcbarcelonanoticias.com\/en\/wp-json\/wp\/v2\/media\/64118"}],"wp:attachment":[{"href":"https:\/\/www.fcbarcelonanoticias.com\/en\/wp-json\/wp\/v2\/media?parent=64113"}],"wp:term":[{"taxonomy":"category","embeddable":true,"href":"https:\/\/www.fcbarcelonanoticias.com\/en\/wp-json\/wp\/v2\/categories?post=64113"},{"taxonomy":"post_tag","embeddable":true,"href":"https:\/\/www.fcbarcelonanoticias.com\/en\/wp-json\/wp\/v2\/tags?post=64113"}],"curies":[{"name":"wp","href":"https:\/\/api.w.org\/{rel}","templated":true}]}}