{"id":6454,"date":"2022-05-04T00:29:00","date_gmt":"2022-05-03T22:29:00","guid":{"rendered":"https:\/\/weisetech.dev\/fc-barcelona-noticias\/en\/salah-looks-for-revenge-i-want-to-to-the-madrid-in-the-final_279975_102\/"},"modified":"2022-05-04T00:29:00","modified_gmt":"2022-05-03T22:29:00","slug":"salah-looks-for-revenge-i-want-to-to-the-madrid-in-the-final_279975_102","status":"publish","type":"post","link":"https:\/\/www.fcbarcelonanoticias.com\/en\/champions-league\/salah-looks-for-revenge-i-want-to-to-the-madrid-in-the-final_279975_102.html","title":{"rendered":"Salah seeks revenge: &#8220;I want Madrid in the final&#8221;"},"content":{"rendered":"<h2 class=\"wp-block-heading\">Liverpool will play a new Champions League final, the third in the last five seasons, with which the clash in Paris against Manchester City or Real Madrid is already throbbing. For Mohamed Salah, the opportunity for revenge is everything<\/h2>  \r\n<div class=\"article-addons\">\r\n    <a href=\"https:\/\/www.fcbarcelonanoticias.com\/en\/calendar-fc-barcelona.html\"\r\n       target=\"_self\"\r\n       title=\"Calendar of FC Barcelona\"\r\n       class=\"blue-gredient-btn\">\r\n       \r\n        Calendar of FC Barcelona    <\/a>\r\n<\/div>   <p>Jurguen Klopp Keeps alive to the Liverpool in all the competitions that contests in the 2022-23. The &#8216;reds&#8217; already won the Glass of the League in penaltis in front of Chelsea and will confront to the &#8216;blues&#8217; in the final of the FA Cup. Besides, <strong>they are second in the Premier League to a point of the Manchester City, club with which could confront in the final of the Champions League<\/strong>, instance to which will return after falling in 2018 and redeem in 2019.<\/p>  <p>City And Real Madrid will define to the another finalist the Wednesday in Santiago Bernab\u00e9u, with the English up in the global 4-3. In this regard, <strong>Mohamed Salah<\/strong>, figure of the &#8216;reds&#8217; in the two previous finals of the League of Champions, left clear to which rival prefers to confront in Paris.<strong> &#8220;I want to confront to the Real Madrid. I have to be honest. If you ask me personally, I want to play against the Madrid&#8221;<\/strong>, said the Egyptian to &#8216;BT Sport&#8217; after the victory in front of Villarreal (2-3, 5-2 global).<\/p>  <p><strong>Salah Only could play half hour in the Olympic of Kiev in the final of the 2017-18<\/strong>. The &#8217;11&#8217; was replaced by Adam Lallana in the minute 30 after suffering <strong>an injury in his right shoulder product of a hard fault of Sergio Bouquets<\/strong>. The white captain not even was admonished in the action that cost him to the Egyptian, besides, lose the two first parties of the World-wide of Russia 2018 with his selection, low key for the early elimination of the African.<\/p>  <p><strong>After the injury of &#8216;Mo&#8217;, the Liverpool was shipwrecked product of the errors of the German goalkeeper Loris Karius<\/strong> and the Madrid imposed with goals of Karim Benzema and a doublet of Gareth Bleat. Sadio Man\u00e9 Equalised partially in the 55&#8242;, but did not reach. <strong>The &#8216;reds&#8217; redeemed a year later in Wanda Metropolitan in front of the Tottenham (2-0)<\/strong>. Salah Opened has it a penalti in the minute 2 and Divock Origi closed the party in the 87&#8242; to give him to the ones of Anfield Road the fifth Champions of his history.<\/p>  <h3>Klopp No &#8216;wet&#8217; for the final<\/h3>  <p>By his part, Jurgen Klopp preferred to be warier, as it corresponds from his role of trainer. &#8220;Yes, I will see it (the City-Madrid). <strong>It was the one who was, will be magnificent. No wish neither to one neither to another. The one who win deserves it to him and afterwards will confront us in Paris&#8221;<\/strong>, said the German to &#8216;BT Sport&#8217;. For Klopp will be his fourth final of Champions. In addition to the two with the Liverpool, the trainer of 54 years arrived to the decisive instance in 2013 with the Borussia Dortmund. In Wembley, the &#8216;negriamarillos&#8217; fell in front of his archirrival, the Bayern Munich (2-1).<\/p> ","protected":false},"excerpt":{"rendered":"<p>Liverpool will play a new Champions League final, the third in the last five seasons, with which the clash in Paris against Manchester City or Real Madrid is already throbbing. For Mohamed Salah, the opportunity for revenge is everything Jurguen Klopp Keeps alive to the Liverpool in all the competitions that contests in the 2022-23. [&hellip;]<\/p>\n","protected":false},"author":347,"featured_media":6455,"comment_status":"closed","ping_status":"open","sticky":false,"template":"","format":"standard","meta":{"_acf_changed":false,"inline_featured_image":false,"_nextfly_llmd_date_locked":false,"footnotes":""},"categories":[112,447],"tags":[101,150],"class_list":["post-6454","post","type-post","status-publish","format-standard","has-post-thumbnail","hentry","category-champions-league","category-champions-league-2","tag-liverpool","tag-salah"],"acf":[],"yoast_head":"<!-- This site is optimized with the Yoast SEO plugin v27.3 - https:\/\/yoast.com\/product\/yoast-seo-wordpress\/ -->\n<title>Salah Looks for revenge: &quot;I Want to to the Madrid in the final&quot;<\/title>\n<meta name=\"description\" content=\"The Liverpool will contest a new final of the Champions League, the third in in the last five seasons, with which already palpitan the crash in Paris in front of...\" \/>\n<meta name=\"robots\" content=\"index, follow, max-snippet:-1, max-image-preview:large, max-video-preview:-1\" \/>\n<link rel=\"canonical\" href=\"https:\/\/www.fcbarcelonanoticias.com\/en\/champions-league\/salah-looks-for-revenge-i-want-to-to-the-madrid-in-the-final_279975_102.html\" \/>\n<meta property=\"og:locale\" content=\"en_US\" \/>\n<meta property=\"og:type\" content=\"article\" \/>\n<meta property=\"og:title\" content=\"Salah Looks for revenge: &quot;I Want to to the Madrid in the final&quot;\" \/>\n<meta property=\"og:description\" content=\"The Liverpool will contest a new final of the Champions League, the third in in the last five seasons, with which already palpitan the crash in Paris in front of...\" \/>\n<meta property=\"og:url\" content=\"https:\/\/www.fcbarcelonanoticias.com\/en\/champions-league\/salah-looks-for-revenge-i-want-to-to-the-madrid-in-the-final_279975_102.html\" \/>\n<meta property=\"og:site_name\" content=\"EN - FC Barcelona Noticias\" \/>\n<meta property=\"article:published_time\" content=\"2022-05-03T22:29:00+00:00\" \/>\n<meta property=\"og:image\" content=\"https:\/\/www.fcbarcelonanoticias.com\/en\/wp-content\/uploads\/sites\/2\/2022\/05\/mohamed-salah-v-villarreal.jpeg\" \/>\n\t<meta property=\"og:image:width\" content=\"1300\" \/>\n\t<meta property=\"og:image:height\" content=\"732\" \/>\n\t<meta property=\"og:image:type\" content=\"image\/jpeg\" \/>\n<meta name=\"author\" content=\"Andr\u00e9s Quiroz\" \/>\n<meta name=\"twitter:card\" content=\"summary_large_image\" \/>\n<meta name=\"twitter:label1\" content=\"Written by\" \/>\n\t<meta name=\"twitter:data1\" content=\"Andr\u00e9s Quiroz\" \/>\n\t<meta name=\"twitter:label2\" content=\"Est. reading time\" \/>\n\t<meta name=\"twitter:data2\" content=\"3 minutes\" \/>\n<script type=\"application\/ld+json\" class=\"yoast-schema-graph\">{\"@context\":\"https:\\\/\\\/schema.org\",\"@graph\":[{\"@type\":\"Article\",\"@id\":\"https:\\\/\\\/www.fcbarcelonanoticias.com\\\/en\\\/champions-league\\\/salah-looks-for-revenge-i-want-to-to-the-madrid-in-the-final_279975_102.html#article\",\"isPartOf\":{\"@id\":\"https:\\\/\\\/www.fcbarcelonanoticias.com\\\/en\\\/champions-league\\\/salah-looks-for-revenge-i-want-to-to-the-madrid-in-the-final_279975_102.html\"},\"author\":{\"name\":\"Andr\u00e9s Quiroz\",\"@id\":\"https:\\\/\\\/www.fcbarcelonanoticias.com\\\/en\\\/#\\\/schema\\\/person\\\/c2cd9f6fa1af5c0d0eccd0fefa575c88\"},\"headline\":\"Salah seeks revenge: &#8220;I want Madrid in the final&#8221;\",\"datePublished\":\"2022-05-03T22:29:00+00:00\",\"mainEntityOfPage\":{\"@id\":\"https:\\\/\\\/www.fcbarcelonanoticias.com\\\/en\\\/champions-league\\\/salah-looks-for-revenge-i-want-to-to-the-madrid-in-the-final_279975_102.html\"},\"wordCount\":509,\"image\":{\"@id\":\"https:\\\/\\\/www.fcbarcelonanoticias.com\\\/en\\\/champions-league\\\/salah-looks-for-revenge-i-want-to-to-the-madrid-in-the-final_279975_102.html#primaryimage\"},\"thumbnailUrl\":\"https:\\\/\\\/www.fcbarcelonanoticias.com\\\/en\\\/wp-content\\\/uploads\\\/sites\\\/2\\\/2022\\\/05\\\/mohamed-salah-v-villarreal.jpeg\",\"keywords\":[\"Liverpool\",\"Salah\"],\"articleSection\":[\"Champions League\",\"Champions League\"],\"inLanguage\":\"en-US\"},{\"@type\":\"WebPage\",\"@id\":\"https:\\\/\\\/www.fcbarcelonanoticias.com\\\/en\\\/champions-league\\\/salah-looks-for-revenge-i-want-to-to-the-madrid-in-the-final_279975_102.html\",\"url\":\"https:\\\/\\\/www.fcbarcelonanoticias.com\\\/en\\\/champions-league\\\/salah-looks-for-revenge-i-want-to-to-the-madrid-in-the-final_279975_102.html\",\"name\":\"Salah Looks for revenge: \\\"I Want to to the Madrid in the final\\\"\",\"isPartOf\":{\"@id\":\"https:\\\/\\\/www.fcbarcelonanoticias.com\\\/en\\\/#website\"},\"primaryImageOfPage\":{\"@id\":\"https:\\\/\\\/www.fcbarcelonanoticias.com\\\/en\\\/champions-league\\\/salah-looks-for-revenge-i-want-to-to-the-madrid-in-the-final_279975_102.html#primaryimage\"},\"image\":{\"@id\":\"https:\\\/\\\/www.fcbarcelonanoticias.com\\\/en\\\/champions-league\\\/salah-looks-for-revenge-i-want-to-to-the-madrid-in-the-final_279975_102.html#primaryimage\"},\"thumbnailUrl\":\"https:\\\/\\\/www.fcbarcelonanoticias.com\\\/en\\\/wp-content\\\/uploads\\\/sites\\\/2\\\/2022\\\/05\\\/mohamed-salah-v-villarreal.jpeg\",\"datePublished\":\"2022-05-03T22:29:00+00:00\",\"author\":{\"@id\":\"https:\\\/\\\/www.fcbarcelonanoticias.com\\\/en\\\/#\\\/schema\\\/person\\\/c2cd9f6fa1af5c0d0eccd0fefa575c88\"},\"description\":\"The Liverpool will contest a new final of the Champions League, the third in in the last five seasons, with which already palpitan the crash in Paris in front of...\",\"breadcrumb\":{\"@id\":\"https:\\\/\\\/www.fcbarcelonanoticias.com\\\/en\\\/champions-league\\\/salah-looks-for-revenge-i-want-to-to-the-madrid-in-the-final_279975_102.html#breadcrumb\"},\"inLanguage\":\"en-US\",\"potentialAction\":[{\"@type\":\"ReadAction\",\"target\":[\"https:\\\/\\\/www.fcbarcelonanoticias.com\\\/en\\\/champions-league\\\/salah-looks-for-revenge-i-want-to-to-the-madrid-in-the-final_279975_102.html\"]}]},{\"@type\":\"ImageObject\",\"inLanguage\":\"en-US\",\"@id\":\"https:\\\/\\\/www.fcbarcelonanoticias.com\\\/en\\\/champions-league\\\/salah-looks-for-revenge-i-want-to-to-the-madrid-in-the-final_279975_102.html#primaryimage\",\"url\":\"https:\\\/\\\/www.fcbarcelonanoticias.com\\\/en\\\/wp-content\\\/uploads\\\/sites\\\/2\\\/2022\\\/05\\\/mohamed-salah-v-villarreal.jpeg\",\"contentUrl\":\"https:\\\/\\\/www.fcbarcelonanoticias.com\\\/en\\\/wp-content\\\/uploads\\\/sites\\\/2\\\/2022\\\/05\\\/mohamed-salah-v-villarreal.jpeg\",\"width\":1300,\"height\":732},{\"@type\":\"BreadcrumbList\",\"@id\":\"https:\\\/\\\/www.fcbarcelonanoticias.com\\\/en\\\/champions-league\\\/salah-looks-for-revenge-i-want-to-to-the-madrid-in-the-final_279975_102.html#breadcrumb\",\"itemListElement\":[{\"@type\":\"ListItem\",\"position\":1,\"name\":\"Portada\",\"item\":\"https:\\\/\\\/www.fcbarcelonanoticias.com\\\/en\\\/\"},{\"@type\":\"ListItem\",\"position\":2,\"name\":\"Salah seeks revenge: &#8220;I want Madrid in the final&#8221;\"}]},{\"@type\":\"WebSite\",\"@id\":\"https:\\\/\\\/www.fcbarcelonanoticias.com\\\/en\\\/#website\",\"url\":\"https:\\\/\\\/www.fcbarcelonanoticias.com\\\/en\\\/\",\"name\":\"EN - FC Barcelona Noticias\",\"description\":\"\",\"potentialAction\":[{\"@type\":\"SearchAction\",\"target\":{\"@type\":\"EntryPoint\",\"urlTemplate\":\"https:\\\/\\\/www.fcbarcelonanoticias.com\\\/en\\\/?s={search_term_string}\"},\"query-input\":{\"@type\":\"PropertyValueSpecification\",\"valueRequired\":true,\"valueName\":\"search_term_string\"}}],\"inLanguage\":\"en-US\"},{\"@type\":\"Person\",\"@id\":\"https:\\\/\\\/www.fcbarcelonanoticias.com\\\/en\\\/#\\\/schema\\\/person\\\/c2cd9f6fa1af5c0d0eccd0fefa575c88\",\"name\":\"Andr\u00e9s Quiroz\",\"image\":{\"@type\":\"ImageObject\",\"inLanguage\":\"en-US\",\"@id\":\"https:\\\/\\\/secure.gravatar.com\\\/avatar\\\/?s=96&d=mm&r=g\",\"url\":\"https:\\\/\\\/secure.gravatar.com\\\/avatar\\\/?s=96&d=mm&r=g\",\"contentUrl\":\"https:\\\/\\\/secure.gravatar.com\\\/avatar\\\/?s=96&d=mm&r=g\",\"caption\":\"Andr\u00e9s Quiroz\"},\"description\":\"Licenciado en Periodismo por la Universidad de los Andes. Me encargo de analizar y compartir los contenidos m\u00e1s destacados de la\u00a0actualidad del F\u00fatbol Club Barcelona, Mercado de Fichajes y F\u00fatbol Internacional en FCBN. La informaci\u00f3n es poder, pero tambi\u00e9n conocimiento.\",\"url\":\"https:\\\/\\\/www.fcbarcelonanoticias.com\\\/en\\\/fc-barcelona\\\/andres-quiroz_17_115.html\"}]}<\/script>\n<!-- \/ Yoast SEO plugin. -->","yoast_head_json":{"title":"Salah Looks for revenge: \"I Want to to the Madrid in the final\"","description":"The Liverpool will contest a new final of the Champions League, the third in in the last five seasons, with which already palpitan the crash in Paris in front of...","robots":{"index":"index","follow":"follow","max-snippet":"max-snippet:-1","max-image-preview":"max-image-preview:large","max-video-preview":"max-video-preview:-1"},"canonical":"https:\/\/www.fcbarcelonanoticias.com\/en\/champions-league\/salah-looks-for-revenge-i-want-to-to-the-madrid-in-the-final_279975_102.html","og_locale":"en_US","og_type":"article","og_title":"Salah Looks for revenge: \"I Want to to the Madrid in the final\"","og_description":"The Liverpool will contest a new final of the Champions League, the third in in the last five seasons, with which already palpitan the crash in Paris in front of...","og_url":"https:\/\/www.fcbarcelonanoticias.com\/en\/champions-league\/salah-looks-for-revenge-i-want-to-to-the-madrid-in-the-final_279975_102.html","og_site_name":"EN - FC Barcelona Noticias","article_published_time":"2022-05-03T22:29:00+00:00","og_image":[{"width":1300,"height":732,"url":"https:\/\/www.fcbarcelonanoticias.com\/en\/wp-content\/uploads\/sites\/2\/2022\/05\/mohamed-salah-v-villarreal.jpeg","type":"image\/jpeg"}],"author":"Andr\u00e9s Quiroz","twitter_card":"summary_large_image","twitter_misc":{"Written by":"Andr\u00e9s Quiroz","Est. reading time":"3 minutes"},"schema":{"@context":"https:\/\/schema.org","@graph":[{"@type":"Article","@id":"https:\/\/www.fcbarcelonanoticias.com\/en\/champions-league\/salah-looks-for-revenge-i-want-to-to-the-madrid-in-the-final_279975_102.html#article","isPartOf":{"@id":"https:\/\/www.fcbarcelonanoticias.com\/en\/champions-league\/salah-looks-for-revenge-i-want-to-to-the-madrid-in-the-final_279975_102.html"},"author":{"name":"Andr\u00e9s Quiroz","@id":"https:\/\/www.fcbarcelonanoticias.com\/en\/#\/schema\/person\/c2cd9f6fa1af5c0d0eccd0fefa575c88"},"headline":"Salah seeks revenge: &#8220;I want Madrid in the final&#8221;","datePublished":"2022-05-03T22:29:00+00:00","mainEntityOfPage":{"@id":"https:\/\/www.fcbarcelonanoticias.com\/en\/champions-league\/salah-looks-for-revenge-i-want-to-to-the-madrid-in-the-final_279975_102.html"},"wordCount":509,"image":{"@id":"https:\/\/www.fcbarcelonanoticias.com\/en\/champions-league\/salah-looks-for-revenge-i-want-to-to-the-madrid-in-the-final_279975_102.html#primaryimage"},"thumbnailUrl":"https:\/\/www.fcbarcelonanoticias.com\/en\/wp-content\/uploads\/sites\/2\/2022\/05\/mohamed-salah-v-villarreal.jpeg","keywords":["Liverpool","Salah"],"articleSection":["Champions League","Champions League"],"inLanguage":"en-US"},{"@type":"WebPage","@id":"https:\/\/www.fcbarcelonanoticias.com\/en\/champions-league\/salah-looks-for-revenge-i-want-to-to-the-madrid-in-the-final_279975_102.html","url":"https:\/\/www.fcbarcelonanoticias.com\/en\/champions-league\/salah-looks-for-revenge-i-want-to-to-the-madrid-in-the-final_279975_102.html","name":"Salah Looks for revenge: \"I Want to to the Madrid in the final\"","isPartOf":{"@id":"https:\/\/www.fcbarcelonanoticias.com\/en\/#website"},"primaryImageOfPage":{"@id":"https:\/\/www.fcbarcelonanoticias.com\/en\/champions-league\/salah-looks-for-revenge-i-want-to-to-the-madrid-in-the-final_279975_102.html#primaryimage"},"image":{"@id":"https:\/\/www.fcbarcelonanoticias.com\/en\/champions-league\/salah-looks-for-revenge-i-want-to-to-the-madrid-in-the-final_279975_102.html#primaryimage"},"thumbnailUrl":"https:\/\/www.fcbarcelonanoticias.com\/en\/wp-content\/uploads\/sites\/2\/2022\/05\/mohamed-salah-v-villarreal.jpeg","datePublished":"2022-05-03T22:29:00+00:00","author":{"@id":"https:\/\/www.fcbarcelonanoticias.com\/en\/#\/schema\/person\/c2cd9f6fa1af5c0d0eccd0fefa575c88"},"description":"The Liverpool will contest a new final of the Champions League, the third in in the last five seasons, with which already palpitan the crash in Paris in front of...","breadcrumb":{"@id":"https:\/\/www.fcbarcelonanoticias.com\/en\/champions-league\/salah-looks-for-revenge-i-want-to-to-the-madrid-in-the-final_279975_102.html#breadcrumb"},"inLanguage":"en-US","potentialAction":[{"@type":"ReadAction","target":["https:\/\/www.fcbarcelonanoticias.com\/en\/champions-league\/salah-looks-for-revenge-i-want-to-to-the-madrid-in-the-final_279975_102.html"]}]},{"@type":"ImageObject","inLanguage":"en-US","@id":"https:\/\/www.fcbarcelonanoticias.com\/en\/champions-league\/salah-looks-for-revenge-i-want-to-to-the-madrid-in-the-final_279975_102.html#primaryimage","url":"https:\/\/www.fcbarcelonanoticias.com\/en\/wp-content\/uploads\/sites\/2\/2022\/05\/mohamed-salah-v-villarreal.jpeg","contentUrl":"https:\/\/www.fcbarcelonanoticias.com\/en\/wp-content\/uploads\/sites\/2\/2022\/05\/mohamed-salah-v-villarreal.jpeg","width":1300,"height":732},{"@type":"BreadcrumbList","@id":"https:\/\/www.fcbarcelonanoticias.com\/en\/champions-league\/salah-looks-for-revenge-i-want-to-to-the-madrid-in-the-final_279975_102.html#breadcrumb","itemListElement":[{"@type":"ListItem","position":1,"name":"Portada","item":"https:\/\/www.fcbarcelonanoticias.com\/en\/"},{"@type":"ListItem","position":2,"name":"Salah seeks revenge: &#8220;I want Madrid in the final&#8221;"}]},{"@type":"WebSite","@id":"https:\/\/www.fcbarcelonanoticias.com\/en\/#website","url":"https:\/\/www.fcbarcelonanoticias.com\/en\/","name":"EN - FC Barcelona Noticias","description":"","potentialAction":[{"@type":"SearchAction","target":{"@type":"EntryPoint","urlTemplate":"https:\/\/www.fcbarcelonanoticias.com\/en\/?s={search_term_string}"},"query-input":{"@type":"PropertyValueSpecification","valueRequired":true,"valueName":"search_term_string"}}],"inLanguage":"en-US"},{"@type":"Person","@id":"https:\/\/www.fcbarcelonanoticias.com\/en\/#\/schema\/person\/c2cd9f6fa1af5c0d0eccd0fefa575c88","name":"Andr\u00e9s Quiroz","image":{"@type":"ImageObject","inLanguage":"en-US","@id":"https:\/\/secure.gravatar.com\/avatar\/?s=96&d=mm&r=g","url":"https:\/\/secure.gravatar.com\/avatar\/?s=96&d=mm&r=g","contentUrl":"https:\/\/secure.gravatar.com\/avatar\/?s=96&d=mm&r=g","caption":"Andr\u00e9s Quiroz"},"description":"Licenciado en Periodismo por la Universidad de los Andes. Me encargo de analizar y compartir los contenidos m\u00e1s destacados de la\u00a0actualidad del F\u00fatbol Club Barcelona, Mercado de Fichajes y F\u00fatbol Internacional en FCBN. La informaci\u00f3n es poder, pero tambi\u00e9n conocimiento.","url":"https:\/\/www.fcbarcelonanoticias.com\/en\/fc-barcelona\/andres-quiroz_17_115.html"}]}},"_links":{"self":[{"href":"https:\/\/www.fcbarcelonanoticias.com\/en\/wp-json\/wp\/v2\/posts\/6454","targetHints":{"allow":["GET"]}}],"collection":[{"href":"https:\/\/www.fcbarcelonanoticias.com\/en\/wp-json\/wp\/v2\/posts"}],"about":[{"href":"https:\/\/www.fcbarcelonanoticias.com\/en\/wp-json\/wp\/v2\/types\/post"}],"author":[{"embeddable":true,"href":"https:\/\/www.fcbarcelonanoticias.com\/en\/wp-json\/wp\/v2\/users\/347"}],"replies":[{"embeddable":true,"href":"https:\/\/www.fcbarcelonanoticias.com\/en\/wp-json\/wp\/v2\/comments?post=6454"}],"version-history":[{"count":1,"href":"https:\/\/www.fcbarcelonanoticias.com\/en\/wp-json\/wp\/v2\/posts\/6454\/revisions"}],"predecessor-version":[{"id":101457,"href":"https:\/\/www.fcbarcelonanoticias.com\/en\/wp-json\/wp\/v2\/posts\/6454\/revisions\/101457"}],"wp:featuredmedia":[{"embeddable":true,"href":"https:\/\/www.fcbarcelonanoticias.com\/en\/wp-json\/wp\/v2\/media\/6455"}],"wp:attachment":[{"href":"https:\/\/www.fcbarcelonanoticias.com\/en\/wp-json\/wp\/v2\/media?parent=6454"}],"wp:term":[{"taxonomy":"category","embeddable":true,"href":"https:\/\/www.fcbarcelonanoticias.com\/en\/wp-json\/wp\/v2\/categories?post=6454"},{"taxonomy":"post_tag","embeddable":true,"href":"https:\/\/www.fcbarcelonanoticias.com\/en\/wp-json\/wp\/v2\/tags?post=6454"}],"curies":[{"name":"wp","href":"https:\/\/api.w.org\/{rel}","templated":true}]}}