{"id":64693,"date":"2023-10-29T17:43:00","date_gmt":"2023-10-29T16:43:00","guid":{"rendered":"https:\/\/weisetech.dev\/fc-barcelona-noticias\/en\/the-slap-of-vinicius-to-gavi-that-happened-careless-during-the-classical_297568_102\/"},"modified":"2023-10-29T17:43:00","modified_gmt":"2023-10-29T16:43:00","slug":"the-slap-of-vinicius-to-gavi-that-happened-careless-during-the-classical_297568_102","status":"publish","type":"post","link":"https:\/\/www.fcbarcelonanoticias.com\/en\/laliga\/the-slap-of-vinicius-to-gavi-that-happened-careless-during-the-classical_297568_102.html","title":{"rendered":"Vinicius&#8217; &#8216;slap&#8217; to Gavi that went unnoticed during the Classic"},"content":{"rendered":"<h2 class=\"wp-block-heading\">In the middle of the Classic between FC Barcelona and Real Madrid, a clash between Gavi and Vinicius Jr went unnoticed and ended with a slap from the Brazilian. Tempers were very heated<\/h2>  \r\n<div class=\"article-addons\">\r\n    <a href=\"https:\/\/www.fcbarcelonanoticias.com\/en\/calendar-fc-barcelona.html\"\r\n       target=\"_self\"\r\n       title=\"Calendar of FC Barcelona\"\r\n       class=\"blue-gredient-btn\">\r\n       \r\n        Calendar of FC Barcelona    <\/a>\r\n<\/div>   <p>FC Barcelona and Real Madrid confronted this Saturday in a party in which, <strong>in spite of the command of the blaugrana by more than an hour and the few answers that arrived by part of the visitors, <a data-external=\"0\" data-intl-links-en=\"https:\/\/www.fcbarcelonanoticias.com\/en\/laliga\/fc-barcelona-real-madrid-1-2-video-summary-goals-and-better-played-of-the-party-of-laliga_297528_102.html\" data-intl-links-es=\"https:\/\/www.fcbarcelonanoticias.com\/laliga\/fc-barcelona-real-madrid-1-2-video-resumen-goles-mejores-jugadas-partido-laliga_297528_102.html\" href=\"https:\/\/www.fcbarcelonanoticias.com\/en\/laliga\/fc-barcelona-real-madrid-1-2-video-summary-goals-and-better-played-of-the-party-of-laliga_297528_102.html\" rel=\"follow\" target=\"_self\" title=\"FC BARCELONA-REAL MADRID (1-2): V\u00eddeo resumen, goles y mejores jugadas del partido de LaLiga\">a doublet of Jude Bellingham decanted the history in favour of the ones of Carlo Ancelotti<\/a>.<\/strong> The blaugrana remained &#8216;touched&#8217; because they deserved much more, but neither could react to the mejor\u00eda or chispazos of the White House and finished paying the consequences.<\/p>  <p>What has remained clear is that in a Classical always there is controversial and images that happen careless between the caldeado of the environment. In the clash of this Saturday, in the Estadi Ol\u00edmpic Llu\u00eds Compannys, has not been missing the controversy&#8230; Although it has happened almost unobserved for the majority the expectadores. <strong>And it is that Gavi and Vinicius Jr had an encontronazo in full party. <\/strong>There were a lot of sparks between both.<\/p>  <h2>The provocation of Vinicius to Gavi in the Classical<\/h2>  <p>The images of &#8216;Goal&#8217; have revealed an enganch\u00f3n between the two footballers during the first time, after the attacker of the Real Madrid collected the balloon in the vertice of the area and tried desbordar to Gavi. <strong>It did not succeed any and finished falling to the lawn. It asked a fault by part of the midfield player sevillano, but Gil Manzano did not loan atenci\u00f3 and left to follow the meeting&#8230; But it did not finish the controversy there. <\/strong><\/p>  <p>And it is that in the action, the player of 19 years recrimin\u00f3 to &#8216;Vini&#8217; for having &#8216;thrown&#8217; to the lawn. Like answer and after the focuses were on them two, <strong>the Brazilian approached to Gavi, by behind, and finish propin\u00e1ndole a hit in the face.<\/strong> Without place to doubts, has been a gesture to cause and try desestabilizar a party that, until this moment, was being very calm.<\/p>  <h2>A Classical without controversies, finally<\/h2>  <p>In fact, further of the penalti that asked the Bar\u00e7a by fault of Tchouameni to Ara\u00fajo and the one who later protested the Real Madrid by one of Ara\u00fajo to Camavinga, the clash lacked important controversies, only cross &#8216;typical&#8217; of the magnitude that have the Classical. However,<strong> this action of Vini, that happened careless for Gil Manzano and that from the VAR did not review, could have changed the history in Llu\u00eds Compannys.<\/strong><\/p> ","protected":false},"excerpt":{"rendered":"<p>In the middle of the Classic between FC Barcelona and Real Madrid, a clash between Gavi and Vinicius Jr went unnoticed and ended with a slap from the Brazilian. Tempers were very heated FC Barcelona and Real Madrid confronted this Saturday in a party in which, in spite of the command of the blaugrana by [&hellip;]<\/p>\n","protected":false},"author":353,"featured_media":118506,"comment_status":"closed","ping_status":"open","sticky":false,"template":"","format":"standard","meta":{"_acf_changed":false,"inline_featured_image":false,"_nextfly_llmd_date_locked":false,"footnotes":""},"categories":[114,448],"tags":[53],"class_list":["post-64693","post","type-post","status-publish","format-standard","has-post-thumbnail","hentry","category-laliga","category-laliga-2","tag-el-clasico"],"acf":[],"yoast_head":"<!-- This site is optimized with the Yoast SEO plugin v27.3 - https:\/\/yoast.com\/product\/yoast-seo-wordpress\/ -->\n<title>The &#039;slap&#039; of Vinicius to Gavi that happened careless during the Classical<\/title>\n<meta name=\"description\" content=\"In the middle of the Classical between FC Barcelona and Real Madrid, happened careless a &#039;hammer&#039; between Gavi and Vinicius Jr that finish with a &#039;slap&#039; of the Brazilian. The spirits were very caldeados\" \/>\n<meta name=\"robots\" content=\"index, follow, max-snippet:-1, max-image-preview:large, max-video-preview:-1\" \/>\n<link rel=\"canonical\" href=\"https:\/\/www.fcbarcelonanoticias.com\/en\/laliga\/the-slap-of-vinicius-to-gavi-that-happened-careless-during-the-classical_297568_102.html\" \/>\n<meta property=\"og:locale\" content=\"en_US\" \/>\n<meta property=\"og:type\" content=\"article\" \/>\n<meta property=\"og:title\" content=\"The &#039;slap&#039; of Vinicius to Gavi that happened careless during the Classical\" \/>\n<meta property=\"og:description\" content=\"In the middle of the Classical between FC Barcelona and Real Madrid, happened careless a &#039;hammer&#039; between Gavi and Vinicius Jr that finish with a &#039;slap&#039; of the Brazilian. The spirits were very caldeados\" \/>\n<meta property=\"og:url\" content=\"https:\/\/www.fcbarcelonanoticias.com\/en\/laliga\/the-slap-of-vinicius-to-gavi-that-happened-careless-during-the-classical_297568_102.html\" \/>\n<meta property=\"og:site_name\" content=\"EN - FC Barcelona Noticias\" \/>\n<meta property=\"article:published_time\" content=\"2023-10-29T16:43:00+00:00\" \/>\n<meta property=\"og:image\" content=\"https:\/\/www.fcbarcelonanoticias.com\/en\/wp-content\/uploads\/sites\/2\/2023\/10\/gavi-y-vinicius-durante-el-clasico-de-laliga-2.jpeg\" \/>\n\t<meta property=\"og:image:width\" content=\"1200\" \/>\n\t<meta property=\"og:image:height\" content=\"675\" \/>\n\t<meta property=\"og:image:type\" content=\"image\/jpeg\" \/>\n<meta name=\"author\" content=\"FC Barcelona Noticias\" \/>\n<meta name=\"twitter:card\" content=\"summary_large_image\" \/>\n<meta name=\"twitter:label1\" content=\"Written by\" \/>\n\t<meta name=\"twitter:data1\" content=\"FC Barcelona Noticias\" \/>\n\t<meta name=\"twitter:label2\" content=\"Est. reading time\" \/>\n\t<meta name=\"twitter:data2\" content=\"2 minutes\" \/>\n<script type=\"application\/ld+json\" class=\"yoast-schema-graph\">{\"@context\":\"https:\\\/\\\/schema.org\",\"@graph\":[{\"@type\":\"Article\",\"@id\":\"https:\\\/\\\/www.fcbarcelonanoticias.com\\\/en\\\/laliga\\\/the-slap-of-vinicius-to-gavi-that-happened-careless-during-the-classical_297568_102.html#article\",\"isPartOf\":{\"@id\":\"https:\\\/\\\/www.fcbarcelonanoticias.com\\\/en\\\/laliga\\\/the-slap-of-vinicius-to-gavi-that-happened-careless-during-the-classical_297568_102.html\"},\"author\":{\"name\":\"FC Barcelona Noticias\",\"@id\":\"https:\\\/\\\/www.fcbarcelonanoticias.com\\\/en\\\/#\\\/schema\\\/person\\\/0f2810101d27606974cdb8edb54fa54b\"},\"headline\":\"Vinicius&#8217; &#8216;slap&#8217; to Gavi that went unnoticed during the Classic\",\"datePublished\":\"2023-10-29T16:43:00+00:00\",\"mainEntityOfPage\":{\"@id\":\"https:\\\/\\\/www.fcbarcelonanoticias.com\\\/en\\\/laliga\\\/the-slap-of-vinicius-to-gavi-that-happened-careless-during-the-classical_297568_102.html\"},\"wordCount\":442,\"image\":{\"@id\":\"https:\\\/\\\/www.fcbarcelonanoticias.com\\\/en\\\/laliga\\\/the-slap-of-vinicius-to-gavi-that-happened-careless-during-the-classical_297568_102.html#primaryimage\"},\"thumbnailUrl\":\"https:\\\/\\\/www.fcbarcelonanoticias.com\\\/en\\\/wp-content\\\/uploads\\\/sites\\\/2\\\/2023\\\/10\\\/gavi-y-vinicius-durante-el-clasico-de-laliga-2.jpeg\",\"keywords\":[\"El Cl\u00e1sico\"],\"articleSection\":[\"LaLiga\",\"LaLiga\"],\"inLanguage\":\"en-US\"},{\"@type\":\"WebPage\",\"@id\":\"https:\\\/\\\/www.fcbarcelonanoticias.com\\\/en\\\/laliga\\\/the-slap-of-vinicius-to-gavi-that-happened-careless-during-the-classical_297568_102.html\",\"url\":\"https:\\\/\\\/www.fcbarcelonanoticias.com\\\/en\\\/laliga\\\/the-slap-of-vinicius-to-gavi-that-happened-careless-during-the-classical_297568_102.html\",\"name\":\"The 'slap' of Vinicius to Gavi that happened careless during the Classical\",\"isPartOf\":{\"@id\":\"https:\\\/\\\/www.fcbarcelonanoticias.com\\\/en\\\/#website\"},\"primaryImageOfPage\":{\"@id\":\"https:\\\/\\\/www.fcbarcelonanoticias.com\\\/en\\\/laliga\\\/the-slap-of-vinicius-to-gavi-that-happened-careless-during-the-classical_297568_102.html#primaryimage\"},\"image\":{\"@id\":\"https:\\\/\\\/www.fcbarcelonanoticias.com\\\/en\\\/laliga\\\/the-slap-of-vinicius-to-gavi-that-happened-careless-during-the-classical_297568_102.html#primaryimage\"},\"thumbnailUrl\":\"https:\\\/\\\/www.fcbarcelonanoticias.com\\\/en\\\/wp-content\\\/uploads\\\/sites\\\/2\\\/2023\\\/10\\\/gavi-y-vinicius-durante-el-clasico-de-laliga-2.jpeg\",\"datePublished\":\"2023-10-29T16:43:00+00:00\",\"author\":{\"@id\":\"https:\\\/\\\/www.fcbarcelonanoticias.com\\\/en\\\/#\\\/schema\\\/person\\\/0f2810101d27606974cdb8edb54fa54b\"},\"description\":\"In the middle of the Classical between FC Barcelona and Real Madrid, happened careless a 'hammer' between Gavi and Vinicius Jr that finish with a 'slap' of the Brazilian. The spirits were very caldeados\",\"breadcrumb\":{\"@id\":\"https:\\\/\\\/www.fcbarcelonanoticias.com\\\/en\\\/laliga\\\/the-slap-of-vinicius-to-gavi-that-happened-careless-during-the-classical_297568_102.html#breadcrumb\"},\"inLanguage\":\"en-US\",\"potentialAction\":[{\"@type\":\"ReadAction\",\"target\":[\"https:\\\/\\\/www.fcbarcelonanoticias.com\\\/en\\\/laliga\\\/the-slap-of-vinicius-to-gavi-that-happened-careless-during-the-classical_297568_102.html\"]}]},{\"@type\":\"ImageObject\",\"inLanguage\":\"en-US\",\"@id\":\"https:\\\/\\\/www.fcbarcelonanoticias.com\\\/en\\\/laliga\\\/the-slap-of-vinicius-to-gavi-that-happened-careless-during-the-classical_297568_102.html#primaryimage\",\"url\":\"https:\\\/\\\/www.fcbarcelonanoticias.com\\\/en\\\/wp-content\\\/uploads\\\/sites\\\/2\\\/2023\\\/10\\\/gavi-y-vinicius-durante-el-clasico-de-laliga-2.jpeg\",\"contentUrl\":\"https:\\\/\\\/www.fcbarcelonanoticias.com\\\/en\\\/wp-content\\\/uploads\\\/sites\\\/2\\\/2023\\\/10\\\/gavi-y-vinicius-durante-el-clasico-de-laliga-2.jpeg\",\"width\":1200,\"height\":675},{\"@type\":\"BreadcrumbList\",\"@id\":\"https:\\\/\\\/www.fcbarcelonanoticias.com\\\/en\\\/laliga\\\/the-slap-of-vinicius-to-gavi-that-happened-careless-during-the-classical_297568_102.html#breadcrumb\",\"itemListElement\":[{\"@type\":\"ListItem\",\"position\":1,\"name\":\"Portada\",\"item\":\"https:\\\/\\\/www.fcbarcelonanoticias.com\\\/en\\\/\"},{\"@type\":\"ListItem\",\"position\":2,\"name\":\"Vinicius&#8217; &#8216;slap&#8217; to Gavi that went unnoticed during the Classic\"}]},{\"@type\":\"WebSite\",\"@id\":\"https:\\\/\\\/www.fcbarcelonanoticias.com\\\/en\\\/#website\",\"url\":\"https:\\\/\\\/www.fcbarcelonanoticias.com\\\/en\\\/\",\"name\":\"EN - FC Barcelona Noticias\",\"description\":\"\",\"potentialAction\":[{\"@type\":\"SearchAction\",\"target\":{\"@type\":\"EntryPoint\",\"urlTemplate\":\"https:\\\/\\\/www.fcbarcelonanoticias.com\\\/en\\\/?s={search_term_string}\"},\"query-input\":{\"@type\":\"PropertyValueSpecification\",\"valueRequired\":true,\"valueName\":\"search_term_string\"}}],\"inLanguage\":\"en-US\"},{\"@type\":\"Person\",\"@id\":\"https:\\\/\\\/www.fcbarcelonanoticias.com\\\/en\\\/#\\\/schema\\\/person\\\/0f2810101d27606974cdb8edb54fa54b\",\"name\":\"FC Barcelona Noticias\",\"image\":{\"@type\":\"ImageObject\",\"inLanguage\":\"en-US\",\"@id\":\"https:\\\/\\\/secure.gravatar.com\\\/avatar\\\/?s=96&d=mm&r=g\",\"url\":\"https:\\\/\\\/secure.gravatar.com\\\/avatar\\\/?s=96&d=mm&r=g\",\"contentUrl\":\"https:\\\/\\\/secure.gravatar.com\\\/avatar\\\/?s=96&d=mm&r=g\",\"caption\":\"FC Barcelona Noticias\"},\"url\":\"https:\\\/\\\/www.fcbarcelonanoticias.com\\\/en\\\/fc-barcelona\\\/fcbn-writing-fc-barcelona-news_6_115.html\"}]}<\/script>\n<!-- \/ Yoast SEO plugin. -->","yoast_head_json":{"title":"The 'slap' of Vinicius to Gavi that happened careless during the Classical","description":"In the middle of the Classical between FC Barcelona and Real Madrid, happened careless a 'hammer' between Gavi and Vinicius Jr that finish with a 'slap' of the Brazilian. The spirits were very caldeados","robots":{"index":"index","follow":"follow","max-snippet":"max-snippet:-1","max-image-preview":"max-image-preview:large","max-video-preview":"max-video-preview:-1"},"canonical":"https:\/\/www.fcbarcelonanoticias.com\/en\/laliga\/the-slap-of-vinicius-to-gavi-that-happened-careless-during-the-classical_297568_102.html","og_locale":"en_US","og_type":"article","og_title":"The 'slap' of Vinicius to Gavi that happened careless during the Classical","og_description":"In the middle of the Classical between FC Barcelona and Real Madrid, happened careless a 'hammer' between Gavi and Vinicius Jr that finish with a 'slap' of the Brazilian. The spirits were very caldeados","og_url":"https:\/\/www.fcbarcelonanoticias.com\/en\/laliga\/the-slap-of-vinicius-to-gavi-that-happened-careless-during-the-classical_297568_102.html","og_site_name":"EN - FC Barcelona Noticias","article_published_time":"2023-10-29T16:43:00+00:00","og_image":[{"width":1200,"height":675,"url":"https:\/\/www.fcbarcelonanoticias.com\/en\/wp-content\/uploads\/sites\/2\/2023\/10\/gavi-y-vinicius-durante-el-clasico-de-laliga-2.jpeg","type":"image\/jpeg"}],"author":"FC Barcelona Noticias","twitter_card":"summary_large_image","twitter_misc":{"Written by":"FC Barcelona Noticias","Est. reading time":"2 minutes"},"schema":{"@context":"https:\/\/schema.org","@graph":[{"@type":"Article","@id":"https:\/\/www.fcbarcelonanoticias.com\/en\/laliga\/the-slap-of-vinicius-to-gavi-that-happened-careless-during-the-classical_297568_102.html#article","isPartOf":{"@id":"https:\/\/www.fcbarcelonanoticias.com\/en\/laliga\/the-slap-of-vinicius-to-gavi-that-happened-careless-during-the-classical_297568_102.html"},"author":{"name":"FC Barcelona Noticias","@id":"https:\/\/www.fcbarcelonanoticias.com\/en\/#\/schema\/person\/0f2810101d27606974cdb8edb54fa54b"},"headline":"Vinicius&#8217; &#8216;slap&#8217; to Gavi that went unnoticed during the Classic","datePublished":"2023-10-29T16:43:00+00:00","mainEntityOfPage":{"@id":"https:\/\/www.fcbarcelonanoticias.com\/en\/laliga\/the-slap-of-vinicius-to-gavi-that-happened-careless-during-the-classical_297568_102.html"},"wordCount":442,"image":{"@id":"https:\/\/www.fcbarcelonanoticias.com\/en\/laliga\/the-slap-of-vinicius-to-gavi-that-happened-careless-during-the-classical_297568_102.html#primaryimage"},"thumbnailUrl":"https:\/\/www.fcbarcelonanoticias.com\/en\/wp-content\/uploads\/sites\/2\/2023\/10\/gavi-y-vinicius-durante-el-clasico-de-laliga-2.jpeg","keywords":["El Cl\u00e1sico"],"articleSection":["LaLiga","LaLiga"],"inLanguage":"en-US"},{"@type":"WebPage","@id":"https:\/\/www.fcbarcelonanoticias.com\/en\/laliga\/the-slap-of-vinicius-to-gavi-that-happened-careless-during-the-classical_297568_102.html","url":"https:\/\/www.fcbarcelonanoticias.com\/en\/laliga\/the-slap-of-vinicius-to-gavi-that-happened-careless-during-the-classical_297568_102.html","name":"The 'slap' of Vinicius to Gavi that happened careless during the Classical","isPartOf":{"@id":"https:\/\/www.fcbarcelonanoticias.com\/en\/#website"},"primaryImageOfPage":{"@id":"https:\/\/www.fcbarcelonanoticias.com\/en\/laliga\/the-slap-of-vinicius-to-gavi-that-happened-careless-during-the-classical_297568_102.html#primaryimage"},"image":{"@id":"https:\/\/www.fcbarcelonanoticias.com\/en\/laliga\/the-slap-of-vinicius-to-gavi-that-happened-careless-during-the-classical_297568_102.html#primaryimage"},"thumbnailUrl":"https:\/\/www.fcbarcelonanoticias.com\/en\/wp-content\/uploads\/sites\/2\/2023\/10\/gavi-y-vinicius-durante-el-clasico-de-laliga-2.jpeg","datePublished":"2023-10-29T16:43:00+00:00","author":{"@id":"https:\/\/www.fcbarcelonanoticias.com\/en\/#\/schema\/person\/0f2810101d27606974cdb8edb54fa54b"},"description":"In the middle of the Classical between FC Barcelona and Real Madrid, happened careless a 'hammer' between Gavi and Vinicius Jr that finish with a 'slap' of the Brazilian. The spirits were very caldeados","breadcrumb":{"@id":"https:\/\/www.fcbarcelonanoticias.com\/en\/laliga\/the-slap-of-vinicius-to-gavi-that-happened-careless-during-the-classical_297568_102.html#breadcrumb"},"inLanguage":"en-US","potentialAction":[{"@type":"ReadAction","target":["https:\/\/www.fcbarcelonanoticias.com\/en\/laliga\/the-slap-of-vinicius-to-gavi-that-happened-careless-during-the-classical_297568_102.html"]}]},{"@type":"ImageObject","inLanguage":"en-US","@id":"https:\/\/www.fcbarcelonanoticias.com\/en\/laliga\/the-slap-of-vinicius-to-gavi-that-happened-careless-during-the-classical_297568_102.html#primaryimage","url":"https:\/\/www.fcbarcelonanoticias.com\/en\/wp-content\/uploads\/sites\/2\/2023\/10\/gavi-y-vinicius-durante-el-clasico-de-laliga-2.jpeg","contentUrl":"https:\/\/www.fcbarcelonanoticias.com\/en\/wp-content\/uploads\/sites\/2\/2023\/10\/gavi-y-vinicius-durante-el-clasico-de-laliga-2.jpeg","width":1200,"height":675},{"@type":"BreadcrumbList","@id":"https:\/\/www.fcbarcelonanoticias.com\/en\/laliga\/the-slap-of-vinicius-to-gavi-that-happened-careless-during-the-classical_297568_102.html#breadcrumb","itemListElement":[{"@type":"ListItem","position":1,"name":"Portada","item":"https:\/\/www.fcbarcelonanoticias.com\/en\/"},{"@type":"ListItem","position":2,"name":"Vinicius&#8217; &#8216;slap&#8217; to Gavi that went unnoticed during the Classic"}]},{"@type":"WebSite","@id":"https:\/\/www.fcbarcelonanoticias.com\/en\/#website","url":"https:\/\/www.fcbarcelonanoticias.com\/en\/","name":"EN - FC Barcelona Noticias","description":"","potentialAction":[{"@type":"SearchAction","target":{"@type":"EntryPoint","urlTemplate":"https:\/\/www.fcbarcelonanoticias.com\/en\/?s={search_term_string}"},"query-input":{"@type":"PropertyValueSpecification","valueRequired":true,"valueName":"search_term_string"}}],"inLanguage":"en-US"},{"@type":"Person","@id":"https:\/\/www.fcbarcelonanoticias.com\/en\/#\/schema\/person\/0f2810101d27606974cdb8edb54fa54b","name":"FC Barcelona Noticias","image":{"@type":"ImageObject","inLanguage":"en-US","@id":"https:\/\/secure.gravatar.com\/avatar\/?s=96&d=mm&r=g","url":"https:\/\/secure.gravatar.com\/avatar\/?s=96&d=mm&r=g","contentUrl":"https:\/\/secure.gravatar.com\/avatar\/?s=96&d=mm&r=g","caption":"FC Barcelona Noticias"},"url":"https:\/\/www.fcbarcelonanoticias.com\/en\/fc-barcelona\/fcbn-writing-fc-barcelona-news_6_115.html"}]}},"_links":{"self":[{"href":"https:\/\/www.fcbarcelonanoticias.com\/en\/wp-json\/wp\/v2\/posts\/64693","targetHints":{"allow":["GET"]}}],"collection":[{"href":"https:\/\/www.fcbarcelonanoticias.com\/en\/wp-json\/wp\/v2\/posts"}],"about":[{"href":"https:\/\/www.fcbarcelonanoticias.com\/en\/wp-json\/wp\/v2\/types\/post"}],"author":[{"embeddable":true,"href":"https:\/\/www.fcbarcelonanoticias.com\/en\/wp-json\/wp\/v2\/users\/353"}],"replies":[{"embeddable":true,"href":"https:\/\/www.fcbarcelonanoticias.com\/en\/wp-json\/wp\/v2\/comments?post=64693"}],"version-history":[{"count":1,"href":"https:\/\/www.fcbarcelonanoticias.com\/en\/wp-json\/wp\/v2\/posts\/64693\/revisions"}],"predecessor-version":[{"id":118505,"href":"https:\/\/www.fcbarcelonanoticias.com\/en\/wp-json\/wp\/v2\/posts\/64693\/revisions\/118505"}],"wp:featuredmedia":[{"embeddable":true,"href":"https:\/\/www.fcbarcelonanoticias.com\/en\/wp-json\/wp\/v2\/media\/118506"}],"wp:attachment":[{"href":"https:\/\/www.fcbarcelonanoticias.com\/en\/wp-json\/wp\/v2\/media?parent=64693"}],"wp:term":[{"taxonomy":"category","embeddable":true,"href":"https:\/\/www.fcbarcelonanoticias.com\/en\/wp-json\/wp\/v2\/categories?post=64693"},{"taxonomy":"post_tag","embeddable":true,"href":"https:\/\/www.fcbarcelonanoticias.com\/en\/wp-json\/wp\/v2\/tags?post=64693"}],"curies":[{"name":"wp","href":"https:\/\/api.w.org\/{rel}","templated":true}]}}