{"id":6492,"date":"2024-04-17T02:06:00","date_gmt":"2024-04-17T00:06:00","guid":{"rendered":"https:\/\/weisetech.dev\/fc-barcelona-noticias\/en\/was-xavi-wrong-lamine-yamal-was-sacrificed-for-the-red-card-to-ronald-araujo_302697_102\/"},"modified":"2024-04-17T02:06:00","modified_gmt":"2024-04-17T00:06:00","slug":"was-xavi-wrong-lamine-yamal-was-sacrificed-for-the-red-card-to-ronald-araujo_302697_102","status":"publish","type":"post","link":"https:\/\/www.fcbarcelonanoticias.com\/en\/champions-league\/was-xavi-wrong-lamine-yamal-was-sacrificed-for-the-red-card-to-ronald-araujo_302697_102.html","title":{"rendered":"Was Xavi wrong? Lamine Yamal was sacrificed for the red card to Ronald Ara\u00fajo"},"content":{"rendered":"<h2 class=\"wp-block-heading\">Bar\u00e7a have missed out on another Champions League semi-final and perhaps a percentage of that result could have been directly related to a decision by Xavi in the first half of the match against PSG<\/h2>  \r\n<div class=\"article-addons\">\r\n    <a href=\"https:\/\/www.fcbarcelonanoticias.com\/en\/calendar-fc-barcelona.html\"\r\n       target=\"_self\"\r\n       title=\"Calendar of FC Barcelona\"\r\n       class=\"blue-gredient-btn\">\r\n       \r\n        Calendar of FC Barcelona    <\/a>\r\n<\/div>   <p>It remains clear that the expulsion of Ronald Ara\u00fajo conditioned the party of <a data-external=\"0\" data-intl-links-en=\"https:\/\/www.fcbarcelonanoticias.com\/en\/champions-league\/fc-barcelona-psg-1-4-video-summary-goals-and-better-played-of-the-party-of-champions-league_302685_102.html\" data-intl-links-es=\"https:\/\/www.fcbarcelonanoticias.com\/champions-league\/fc-barcelona-psg-1-4-video-resumen-goles-mejores-jugadas-partido-champions-league_302685_102.html\" href=\"https:\/\/www.fcbarcelonanoticias.com\/en\/champions-league\/fc-barcelona-psg-1-4-video-summary-goals-and-better-played-of-the-party-of-champions-league_302685_102.html\" rel=\"follow\" target=\"_self\" title=\"FC BARCELONA-PSG (1-4): V\u00eddeo resumen, goles y mejores jugadas del partido de Champions League\">turn between the FC Barcelona and Paris Saint-Germain<\/a>, and of course also to the final denouement that had the eliminatory. <strong>The group cul\u00e9 finish yielding in defence, something that did not do home does several months, and with a 1-4 final sacked of the current edition of the Champions League, <\/strong>although perhaps the decision <a data-external=\"0\" data-intl-links-en=\"https:\/\/www.fcbarcelonanoticias.com\/en\/champions-league\/xavis-crack-against-the-referee-for-his-performance-and-for-the-red-card-to-ronald-araujo_302688_102.html\" data-intl-links-es=\"https:\/\/www.fcbarcelonanoticias.com\/champions-league\/rajada-epoca-xavi-contra-arbitro-por-su-actuacion-por-roja-a-ronald-araujo_302688_102.html\" href=\"https:\/\/www.fcbarcelonanoticias.com\/en\/champions-league\/xavis-crack-against-the-referee-for-his-performance-and-for-the-red-card-to-ronald-araujo_302688_102.html\" rel=\"follow\" target=\"_self\" title=\"'Rajada' de \u00e9poca de Xavi contra el \u00e1rbitro por su actuaci\u00f3n y por la roja a&nbsp;Ronald&nbsp;Ara\u00fajo\">of Xavi Hern\u00e1ndez<\/a> of how encarar that red card to the central could have marked some difference, although certainly never will know it.<\/p>  <p>And it is that when it arrived the minute 30 of party and the Bar\u00e7a confirmed that would have a player less by little more than an hour, remained clear that the staff Barcelona had to move the bench and try rearm the line of four defenders, which had to Frenkie of Jong by a pair of minutes like a solution of emergency. <strong>The only central natural of the staff, further of Kound\u00e9 in the right-handed side, was I\u00f1igo Mart\u00ednez, the one who finally finish ingresando by a Lamine Yamal that it was the &#8216;sacrificed&#8217;, but did not seem the most hit decision.<\/strong><\/p>  <h2>Xavi left to the Bar\u00e7a without one of his footballers more in shape<\/h2>  <p>By that moment the extreme was being very important for the offensive game of the Barcelona team, in addition to delivering a lot of intensity in the moment to try recover the balloon, <strong>but Xavi decided that the easiest way was to withdraw to a forward and between Lewandowski, Raphinha and the canterano, the more youngster seemed the simplest<\/strong>. However, the Bar\u00e7a lost all danger by the right side of the field and remained with a Pedri on the field that clearly could not play more than 60 minutes.<\/p>  <p>Knowing this in advance, the Canarian seemed another option more than valid, to weigh that this would mean to leave to the team with alone two mediocampistas natural, but Raphinha could solve that of partial way, at least until arriving to the rest. <strong>The Brazilian already has acted like a third interior this season and with his speed and work could have fulfilled the role of a Pedri that already to the term of the first-half evidenci\u00f3 an important tiredness, something that in the second time almost did not vary.<\/strong><\/p>  <p>Like this, the Bar\u00e7a could have taken a distinct way after the red controversy to Ronald Ara\u00fajo, although it is a difficult assessment to do since Xavi, in theory, <strong>took the most conservative way when understanding that had two goals of advantage in the global in that moment and besides already had surpassed the equator of the first time. <\/strong>For many lose a headline in big moment of form like Lamine was a mistake, although other himself that would have taken the way of not using to a forward like third mediocampista in a party of so much defensive requirement.<\/p> ","protected":false},"excerpt":{"rendered":"<p>Bar\u00e7a have missed out on another Champions League semi-final and perhaps a percentage of that result could have been directly related to a decision by Xavi in the first half of the match against PSG It remains clear that the expulsion of Ronald Ara\u00fajo conditioned the party of turn between the FC Barcelona and Paris [&hellip;]<\/p>\n","protected":false},"author":345,"featured_media":6493,"comment_status":"closed","ping_status":"open","sticky":false,"template":"","format":"standard","meta":{"_acf_changed":false,"inline_featured_image":false,"_nextfly_llmd_date_locked":false,"footnotes":""},"categories":[447,112],"tags":[88,190,54,48],"class_list":["post-6492","post","type-post","status-publish","format-standard","has-post-thumbnail","hentry","category-champions-league-2","category-champions-league","tag-paris-saint-germain","tag-referees","tag-uefa","tag-xavi-hernandez"],"acf":[],"yoast_head":"<!-- This site is optimized with the Yoast SEO plugin v27.3 - https:\/\/yoast.com\/product\/yoast-seo-wordpress\/ -->\n<title>Was Xavi wrong? Lamine Yamal was sacrificed for the red card to Ronald Ara\u00fajo<\/title>\n<meta name=\"description\" content=\"Bar\u00e7a have missed out on another Champions League semi-final and perhaps a percentage of that result could have been directly related to a decision by Xavi in the first half of the match against PSG\" \/>\n<meta name=\"robots\" content=\"index, follow, max-snippet:-1, max-image-preview:large, max-video-preview:-1\" \/>\n<link rel=\"canonical\" href=\"https:\/\/www.fcbarcelonanoticias.com\/en\/champions-league\/was-xavi-wrong-lamine-yamal-was-sacrificed-for-the-red-card-to-ronald-araujo_302697_102.html\" \/>\n<meta property=\"og:locale\" content=\"en_US\" \/>\n<meta property=\"og:type\" content=\"article\" \/>\n<meta property=\"og:title\" content=\"Was Xavi wrong? Lamine Yamal was sacrificed for the red card to Ronald Ara\u00fajo\" \/>\n<meta property=\"og:description\" content=\"Bar\u00e7a have missed out on another Champions League semi-final and perhaps a percentage of that result could have been directly related to a decision by Xavi in the first half of the match against PSG\" \/>\n<meta property=\"og:url\" content=\"https:\/\/www.fcbarcelonanoticias.com\/en\/champions-league\/was-xavi-wrong-lamine-yamal-was-sacrificed-for-the-red-card-to-ronald-araujo_302697_102.html\" \/>\n<meta property=\"og:site_name\" content=\"EN - FC Barcelona Noticias\" \/>\n<meta property=\"article:published_time\" content=\"2024-04-17T00:06:00+00:00\" \/>\n<meta property=\"og:image\" content=\"https:\/\/www.fcbarcelonanoticias.com\/en\/wp-content\/uploads\/sites\/2\/2024\/04\/lamine-yamal-barcapsg.jpeg\" \/>\n\t<meta property=\"og:image:width\" content=\"1300\" \/>\n\t<meta property=\"og:image:height\" content=\"732\" \/>\n\t<meta property=\"og:image:type\" content=\"image\/jpeg\" \/>\n<meta name=\"author\" content=\"Carlos Montenegro\" \/>\n<meta name=\"twitter:card\" content=\"summary_large_image\" \/>\n<meta name=\"twitter:label1\" content=\"Written by\" \/>\n\t<meta name=\"twitter:data1\" content=\"Carlos Montenegro\" \/>\n\t<meta name=\"twitter:label2\" content=\"Est. reading time\" \/>\n\t<meta name=\"twitter:data2\" content=\"3 minutes\" \/>\n<script type=\"application\/ld+json\" class=\"yoast-schema-graph\">{\"@context\":\"https:\\\/\\\/schema.org\",\"@graph\":[{\"@type\":\"Article\",\"@id\":\"https:\\\/\\\/www.fcbarcelonanoticias.com\\\/en\\\/champions-league\\\/was-xavi-wrong-lamine-yamal-was-sacrificed-for-the-red-card-to-ronald-araujo_302697_102.html#article\",\"isPartOf\":{\"@id\":\"https:\\\/\\\/www.fcbarcelonanoticias.com\\\/en\\\/champions-league\\\/was-xavi-wrong-lamine-yamal-was-sacrificed-for-the-red-card-to-ronald-araujo_302697_102.html\"},\"author\":{\"name\":\"Carlos Montenegro\",\"@id\":\"https:\\\/\\\/www.fcbarcelonanoticias.com\\\/en\\\/#\\\/schema\\\/person\\\/aa1d038709c262cb247e240f6b39bbf5\"},\"headline\":\"Was Xavi wrong? Lamine Yamal was sacrificed for the red card to Ronald Ara\u00fajo\",\"datePublished\":\"2024-04-17T00:06:00+00:00\",\"mainEntityOfPage\":{\"@id\":\"https:\\\/\\\/www.fcbarcelonanoticias.com\\\/en\\\/champions-league\\\/was-xavi-wrong-lamine-yamal-was-sacrificed-for-the-red-card-to-ronald-araujo_302697_102.html\"},\"wordCount\":543,\"image\":{\"@id\":\"https:\\\/\\\/www.fcbarcelonanoticias.com\\\/en\\\/champions-league\\\/was-xavi-wrong-lamine-yamal-was-sacrificed-for-the-red-card-to-ronald-araujo_302697_102.html#primaryimage\"},\"thumbnailUrl\":\"https:\\\/\\\/www.fcbarcelonanoticias.com\\\/en\\\/wp-content\\\/uploads\\\/sites\\\/2\\\/2024\\\/04\\\/lamine-yamal-barcapsg.jpeg\",\"keywords\":[\"Paris Saint-Germain\",\"Referees\",\"UEFA\",\"Xavi Hern\u00e1ndez\"],\"articleSection\":[\"Champions League\",\"Champions League\"],\"inLanguage\":\"en-US\"},{\"@type\":\"WebPage\",\"@id\":\"https:\\\/\\\/www.fcbarcelonanoticias.com\\\/en\\\/champions-league\\\/was-xavi-wrong-lamine-yamal-was-sacrificed-for-the-red-card-to-ronald-araujo_302697_102.html\",\"url\":\"https:\\\/\\\/www.fcbarcelonanoticias.com\\\/en\\\/champions-league\\\/was-xavi-wrong-lamine-yamal-was-sacrificed-for-the-red-card-to-ronald-araujo_302697_102.html\",\"name\":\"Was Xavi wrong? Lamine Yamal was sacrificed for the red card to Ronald Ara\u00fajo\",\"isPartOf\":{\"@id\":\"https:\\\/\\\/www.fcbarcelonanoticias.com\\\/en\\\/#website\"},\"primaryImageOfPage\":{\"@id\":\"https:\\\/\\\/www.fcbarcelonanoticias.com\\\/en\\\/champions-league\\\/was-xavi-wrong-lamine-yamal-was-sacrificed-for-the-red-card-to-ronald-araujo_302697_102.html#primaryimage\"},\"image\":{\"@id\":\"https:\\\/\\\/www.fcbarcelonanoticias.com\\\/en\\\/champions-league\\\/was-xavi-wrong-lamine-yamal-was-sacrificed-for-the-red-card-to-ronald-araujo_302697_102.html#primaryimage\"},\"thumbnailUrl\":\"https:\\\/\\\/www.fcbarcelonanoticias.com\\\/en\\\/wp-content\\\/uploads\\\/sites\\\/2\\\/2024\\\/04\\\/lamine-yamal-barcapsg.jpeg\",\"datePublished\":\"2024-04-17T00:06:00+00:00\",\"author\":{\"@id\":\"https:\\\/\\\/www.fcbarcelonanoticias.com\\\/en\\\/#\\\/schema\\\/person\\\/aa1d038709c262cb247e240f6b39bbf5\"},\"description\":\"Bar\u00e7a have missed out on another Champions League semi-final and perhaps a percentage of that result could have been directly related to a decision by Xavi in the first half of the match against PSG\",\"breadcrumb\":{\"@id\":\"https:\\\/\\\/www.fcbarcelonanoticias.com\\\/en\\\/champions-league\\\/was-xavi-wrong-lamine-yamal-was-sacrificed-for-the-red-card-to-ronald-araujo_302697_102.html#breadcrumb\"},\"inLanguage\":\"en-US\",\"potentialAction\":[{\"@type\":\"ReadAction\",\"target\":[\"https:\\\/\\\/www.fcbarcelonanoticias.com\\\/en\\\/champions-league\\\/was-xavi-wrong-lamine-yamal-was-sacrificed-for-the-red-card-to-ronald-araujo_302697_102.html\"]}]},{\"@type\":\"ImageObject\",\"inLanguage\":\"en-US\",\"@id\":\"https:\\\/\\\/www.fcbarcelonanoticias.com\\\/en\\\/champions-league\\\/was-xavi-wrong-lamine-yamal-was-sacrificed-for-the-red-card-to-ronald-araujo_302697_102.html#primaryimage\",\"url\":\"https:\\\/\\\/www.fcbarcelonanoticias.com\\\/en\\\/wp-content\\\/uploads\\\/sites\\\/2\\\/2024\\\/04\\\/lamine-yamal-barcapsg.jpeg\",\"contentUrl\":\"https:\\\/\\\/www.fcbarcelonanoticias.com\\\/en\\\/wp-content\\\/uploads\\\/sites\\\/2\\\/2024\\\/04\\\/lamine-yamal-barcapsg.jpeg\",\"width\":1300,\"height\":732},{\"@type\":\"BreadcrumbList\",\"@id\":\"https:\\\/\\\/www.fcbarcelonanoticias.com\\\/en\\\/champions-league\\\/was-xavi-wrong-lamine-yamal-was-sacrificed-for-the-red-card-to-ronald-araujo_302697_102.html#breadcrumb\",\"itemListElement\":[{\"@type\":\"ListItem\",\"position\":1,\"name\":\"Portada\",\"item\":\"https:\\\/\\\/www.fcbarcelonanoticias.com\\\/en\\\/\"},{\"@type\":\"ListItem\",\"position\":2,\"name\":\"Was Xavi wrong? Lamine Yamal was sacrificed for the red card to Ronald Ara\u00fajo\"}]},{\"@type\":\"WebSite\",\"@id\":\"https:\\\/\\\/www.fcbarcelonanoticias.com\\\/en\\\/#website\",\"url\":\"https:\\\/\\\/www.fcbarcelonanoticias.com\\\/en\\\/\",\"name\":\"EN - FC Barcelona Noticias\",\"description\":\"\",\"potentialAction\":[{\"@type\":\"SearchAction\",\"target\":{\"@type\":\"EntryPoint\",\"urlTemplate\":\"https:\\\/\\\/www.fcbarcelonanoticias.com\\\/en\\\/?s={search_term_string}\"},\"query-input\":{\"@type\":\"PropertyValueSpecification\",\"valueRequired\":true,\"valueName\":\"search_term_string\"}}],\"inLanguage\":\"en-US\"},{\"@type\":\"Person\",\"@id\":\"https:\\\/\\\/www.fcbarcelonanoticias.com\\\/en\\\/#\\\/schema\\\/person\\\/aa1d038709c262cb247e240f6b39bbf5\",\"name\":\"Carlos Montenegro\",\"image\":{\"@type\":\"ImageObject\",\"inLanguage\":\"en-US\",\"@id\":\"https:\\\/\\\/secure.gravatar.com\\\/avatar\\\/?s=96&d=mm&r=g\",\"url\":\"https:\\\/\\\/secure.gravatar.com\\\/avatar\\\/?s=96&d=mm&r=g\",\"contentUrl\":\"https:\\\/\\\/secure.gravatar.com\\\/avatar\\\/?s=96&d=mm&r=g\",\"caption\":\"Carlos Montenegro\"},\"url\":\"https:\\\/\\\/www.fcbarcelonanoticias.com\\\/en\\\/carlos-montenegro_20_115.html\"}]}<\/script>\n<!-- \/ Yoast SEO plugin. -->","yoast_head_json":{"title":"Was Xavi wrong? Lamine Yamal was sacrificed for the red card to Ronald Ara\u00fajo","description":"Bar\u00e7a have missed out on another Champions League semi-final and perhaps a percentage of that result could have been directly related to a decision by Xavi in the first half of the match against PSG","robots":{"index":"index","follow":"follow","max-snippet":"max-snippet:-1","max-image-preview":"max-image-preview:large","max-video-preview":"max-video-preview:-1"},"canonical":"https:\/\/www.fcbarcelonanoticias.com\/en\/champions-league\/was-xavi-wrong-lamine-yamal-was-sacrificed-for-the-red-card-to-ronald-araujo_302697_102.html","og_locale":"en_US","og_type":"article","og_title":"Was Xavi wrong? Lamine Yamal was sacrificed for the red card to Ronald Ara\u00fajo","og_description":"Bar\u00e7a have missed out on another Champions League semi-final and perhaps a percentage of that result could have been directly related to a decision by Xavi in the first half of the match against PSG","og_url":"https:\/\/www.fcbarcelonanoticias.com\/en\/champions-league\/was-xavi-wrong-lamine-yamal-was-sacrificed-for-the-red-card-to-ronald-araujo_302697_102.html","og_site_name":"EN - FC Barcelona Noticias","article_published_time":"2024-04-17T00:06:00+00:00","og_image":[{"width":1300,"height":732,"url":"https:\/\/www.fcbarcelonanoticias.com\/en\/wp-content\/uploads\/sites\/2\/2024\/04\/lamine-yamal-barcapsg.jpeg","type":"image\/jpeg"}],"author":"Carlos Montenegro","twitter_card":"summary_large_image","twitter_misc":{"Written by":"Carlos Montenegro","Est. reading time":"3 minutes"},"schema":{"@context":"https:\/\/schema.org","@graph":[{"@type":"Article","@id":"https:\/\/www.fcbarcelonanoticias.com\/en\/champions-league\/was-xavi-wrong-lamine-yamal-was-sacrificed-for-the-red-card-to-ronald-araujo_302697_102.html#article","isPartOf":{"@id":"https:\/\/www.fcbarcelonanoticias.com\/en\/champions-league\/was-xavi-wrong-lamine-yamal-was-sacrificed-for-the-red-card-to-ronald-araujo_302697_102.html"},"author":{"name":"Carlos Montenegro","@id":"https:\/\/www.fcbarcelonanoticias.com\/en\/#\/schema\/person\/aa1d038709c262cb247e240f6b39bbf5"},"headline":"Was Xavi wrong? Lamine Yamal was sacrificed for the red card to Ronald Ara\u00fajo","datePublished":"2024-04-17T00:06:00+00:00","mainEntityOfPage":{"@id":"https:\/\/www.fcbarcelonanoticias.com\/en\/champions-league\/was-xavi-wrong-lamine-yamal-was-sacrificed-for-the-red-card-to-ronald-araujo_302697_102.html"},"wordCount":543,"image":{"@id":"https:\/\/www.fcbarcelonanoticias.com\/en\/champions-league\/was-xavi-wrong-lamine-yamal-was-sacrificed-for-the-red-card-to-ronald-araujo_302697_102.html#primaryimage"},"thumbnailUrl":"https:\/\/www.fcbarcelonanoticias.com\/en\/wp-content\/uploads\/sites\/2\/2024\/04\/lamine-yamal-barcapsg.jpeg","keywords":["Paris Saint-Germain","Referees","UEFA","Xavi Hern\u00e1ndez"],"articleSection":["Champions League","Champions League"],"inLanguage":"en-US"},{"@type":"WebPage","@id":"https:\/\/www.fcbarcelonanoticias.com\/en\/champions-league\/was-xavi-wrong-lamine-yamal-was-sacrificed-for-the-red-card-to-ronald-araujo_302697_102.html","url":"https:\/\/www.fcbarcelonanoticias.com\/en\/champions-league\/was-xavi-wrong-lamine-yamal-was-sacrificed-for-the-red-card-to-ronald-araujo_302697_102.html","name":"Was Xavi wrong? Lamine Yamal was sacrificed for the red card to Ronald Ara\u00fajo","isPartOf":{"@id":"https:\/\/www.fcbarcelonanoticias.com\/en\/#website"},"primaryImageOfPage":{"@id":"https:\/\/www.fcbarcelonanoticias.com\/en\/champions-league\/was-xavi-wrong-lamine-yamal-was-sacrificed-for-the-red-card-to-ronald-araujo_302697_102.html#primaryimage"},"image":{"@id":"https:\/\/www.fcbarcelonanoticias.com\/en\/champions-league\/was-xavi-wrong-lamine-yamal-was-sacrificed-for-the-red-card-to-ronald-araujo_302697_102.html#primaryimage"},"thumbnailUrl":"https:\/\/www.fcbarcelonanoticias.com\/en\/wp-content\/uploads\/sites\/2\/2024\/04\/lamine-yamal-barcapsg.jpeg","datePublished":"2024-04-17T00:06:00+00:00","author":{"@id":"https:\/\/www.fcbarcelonanoticias.com\/en\/#\/schema\/person\/aa1d038709c262cb247e240f6b39bbf5"},"description":"Bar\u00e7a have missed out on another Champions League semi-final and perhaps a percentage of that result could have been directly related to a decision by Xavi in the first half of the match against PSG","breadcrumb":{"@id":"https:\/\/www.fcbarcelonanoticias.com\/en\/champions-league\/was-xavi-wrong-lamine-yamal-was-sacrificed-for-the-red-card-to-ronald-araujo_302697_102.html#breadcrumb"},"inLanguage":"en-US","potentialAction":[{"@type":"ReadAction","target":["https:\/\/www.fcbarcelonanoticias.com\/en\/champions-league\/was-xavi-wrong-lamine-yamal-was-sacrificed-for-the-red-card-to-ronald-araujo_302697_102.html"]}]},{"@type":"ImageObject","inLanguage":"en-US","@id":"https:\/\/www.fcbarcelonanoticias.com\/en\/champions-league\/was-xavi-wrong-lamine-yamal-was-sacrificed-for-the-red-card-to-ronald-araujo_302697_102.html#primaryimage","url":"https:\/\/www.fcbarcelonanoticias.com\/en\/wp-content\/uploads\/sites\/2\/2024\/04\/lamine-yamal-barcapsg.jpeg","contentUrl":"https:\/\/www.fcbarcelonanoticias.com\/en\/wp-content\/uploads\/sites\/2\/2024\/04\/lamine-yamal-barcapsg.jpeg","width":1300,"height":732},{"@type":"BreadcrumbList","@id":"https:\/\/www.fcbarcelonanoticias.com\/en\/champions-league\/was-xavi-wrong-lamine-yamal-was-sacrificed-for-the-red-card-to-ronald-araujo_302697_102.html#breadcrumb","itemListElement":[{"@type":"ListItem","position":1,"name":"Portada","item":"https:\/\/www.fcbarcelonanoticias.com\/en\/"},{"@type":"ListItem","position":2,"name":"Was Xavi wrong? Lamine Yamal was sacrificed for the red card to Ronald Ara\u00fajo"}]},{"@type":"WebSite","@id":"https:\/\/www.fcbarcelonanoticias.com\/en\/#website","url":"https:\/\/www.fcbarcelonanoticias.com\/en\/","name":"EN - FC Barcelona Noticias","description":"","potentialAction":[{"@type":"SearchAction","target":{"@type":"EntryPoint","urlTemplate":"https:\/\/www.fcbarcelonanoticias.com\/en\/?s={search_term_string}"},"query-input":{"@type":"PropertyValueSpecification","valueRequired":true,"valueName":"search_term_string"}}],"inLanguage":"en-US"},{"@type":"Person","@id":"https:\/\/www.fcbarcelonanoticias.com\/en\/#\/schema\/person\/aa1d038709c262cb247e240f6b39bbf5","name":"Carlos Montenegro","image":{"@type":"ImageObject","inLanguage":"en-US","@id":"https:\/\/secure.gravatar.com\/avatar\/?s=96&d=mm&r=g","url":"https:\/\/secure.gravatar.com\/avatar\/?s=96&d=mm&r=g","contentUrl":"https:\/\/secure.gravatar.com\/avatar\/?s=96&d=mm&r=g","caption":"Carlos Montenegro"},"url":"https:\/\/www.fcbarcelonanoticias.com\/en\/carlos-montenegro_20_115.html"}]}},"_links":{"self":[{"href":"https:\/\/www.fcbarcelonanoticias.com\/en\/wp-json\/wp\/v2\/posts\/6492","targetHints":{"allow":["GET"]}}],"collection":[{"href":"https:\/\/www.fcbarcelonanoticias.com\/en\/wp-json\/wp\/v2\/posts"}],"about":[{"href":"https:\/\/www.fcbarcelonanoticias.com\/en\/wp-json\/wp\/v2\/types\/post"}],"author":[{"embeddable":true,"href":"https:\/\/www.fcbarcelonanoticias.com\/en\/wp-json\/wp\/v2\/users\/345"}],"replies":[{"embeddable":true,"href":"https:\/\/www.fcbarcelonanoticias.com\/en\/wp-json\/wp\/v2\/comments?post=6492"}],"version-history":[{"count":1,"href":"https:\/\/www.fcbarcelonanoticias.com\/en\/wp-json\/wp\/v2\/posts\/6492\/revisions"}],"predecessor-version":[{"id":101488,"href":"https:\/\/www.fcbarcelonanoticias.com\/en\/wp-json\/wp\/v2\/posts\/6492\/revisions\/101488"}],"wp:featuredmedia":[{"embeddable":true,"href":"https:\/\/www.fcbarcelonanoticias.com\/en\/wp-json\/wp\/v2\/media\/6493"}],"wp:attachment":[{"href":"https:\/\/www.fcbarcelonanoticias.com\/en\/wp-json\/wp\/v2\/media?parent=6492"}],"wp:term":[{"taxonomy":"category","embeddable":true,"href":"https:\/\/www.fcbarcelonanoticias.com\/en\/wp-json\/wp\/v2\/categories?post=6492"},{"taxonomy":"post_tag","embeddable":true,"href":"https:\/\/www.fcbarcelonanoticias.com\/en\/wp-json\/wp\/v2\/tags?post=6492"}],"curies":[{"name":"wp","href":"https:\/\/api.w.org\/{rel}","templated":true}]}}