{"id":6513,"date":"2024-04-11T00:01:00","date_gmt":"2024-04-10T22:01:00","guid":{"rendered":"https:\/\/weisetech.dev\/fc-barcelona-noticias\/en\/sergi-roberto-and-andreas-christensen-will-not-be-able-to-play-the-second-leg-against-psg_302501_102\/"},"modified":"2024-04-11T04:10:00","modified_gmt":"2024-04-11T02:10:00","slug":"sergi-roberto-and-andreas-christensen-will-not-be-able-to-play-the-second-leg-against-psg_302501_102","status":"publish","type":"post","link":"https:\/\/www.fcbarcelonanoticias.com\/en\/champions-league\/sergi-roberto-and-andreas-christensen-will-not-be-able-to-play-the-second-leg-against-psg_302501_102.html","title":{"rendered":"Sergi Roberto and Andreas Christensen will not be able to play the second leg against PSG"},"content":{"rendered":"<h2 class=\"wp-block-heading\">FC Barcelona faced the match against PSG with the serious certainty that they could lose up to seven players if they received a yellow card, since they were warned. Fortunately, for them, among the bad news, they have only lost two: Andreas Christensen and Sergi Roberto<\/h2>  \r\n<div class=\"article-addons\">\r\n    <a href=\"https:\/\/www.fcbarcelonanoticias.com\/en\/calendar-fc-barcelona.html\"\r\n       target=\"_self\"\r\n       title=\"Calendar of FC Barcelona\"\r\n       class=\"blue-gredient-btn\">\r\n       \r\n        Calendar of FC Barcelona    <\/a>\r\n<\/div>   <p>Remarkable! It is perhaps one of the a lot of adjectives with which can describe <a data-external=\"0\" data-intl-links-en=\"https:\/\/www.fcbarcelonanoticias.com\/en\/champions-league\/the-barca-does-big-in-front-of-the-psg-and-already-dreams-with-the-semis-of-champions-2-3_302494_102.html\" data-intl-links-es=\"https:\/\/www.fcbarcelonanoticias.com\/champions-league\/barca-se-hace-grande-psg-ya-suena-con-semis-champions-2-3_302494_102.html\" href=\"https:\/\/www.fcbarcelonanoticias.com\/en\/champions-league\/the-barca-does-big-in-front-of-the-psg-and-already-dreams-with-the-semis-of-champions-2-3_302494_102.html\" rel=\"follow\" target=\"_self\" title=\"El Bar\u00e7a se hace grande ante el PSG y ya sue\u00f1a con las 'semis' de Champions (2-3)\">the victory of the FC Barcelona in front of Paris Saint-Germain (2-3)<\/a>. It was a commitment in which the combined Barcelona <strong>gave a necessary step at the front to win to one of the best clubs of Europe, that had already 27 meetings without knowing the defeat<\/strong> in all the competitions. They exhibited a good football and knew sobreponerse to a brief space of deconcentration that the Parisians capitalised of big form.<\/p>  <p>However, in spite of the current jubilation by the incontestable triumph in front of the French, also is true that the Barcelonan picture has suffered two unlucky losses for the crash of turn in the Estadi Ol\u00edmpic Llu\u00eds Companys (16 April). <strong>Sergi Roberto and Andreas Christensen will be absent by sanction<\/strong>, since both were apercibidos, when having already two yellow cardboards accumulated along the contest, by what with which received in this day, <strong>remained automatically inhabilitados for the next clash of the cul\u00e9s<\/strong>.<\/p>  <p>The one of Reus was the first player admonished of the meeting. In the minute 32, <strong>the referee Anthony Taylor showed him the yellow cardboard for making a tactical fault on Marco Asensio<\/strong> in the centre of the field, with the aim to detain a contragolpe that this tried to initiate. Regarding Andreas Christensen, his caution was occurred in the &#8216;sunset&#8217; of the commitment, in the minute 88, after committing an infringement against Warren Za\u00efre Emery to detain his advance.<\/p>  <h2>The FC Barcelona only lost to two of seven apercibidos<\/h2>  <p>Fortunately, for the FC Barcelona, the damage has been a lot of minor of what could have been. It fits to stand out that the Barcelona picture <a data-external=\"0\" data-intl-links-en=\"https:\/\/www.fcbarcelonanoticias.com\/en\/champions-league\/lamine-yamal-ronald-araujo-frenkie-jong-barca-7-warned-against-psg_302449_102.html\" data-intl-links-es=\"https:\/\/www.fcbarcelonanoticias.com\/champions-league\/lamine-yamal-ronald-araujo-frenkie-jong-7-apercibidos-barca-psg_302449_102.html\" href=\"https:\/\/www.fcbarcelonanoticias.com\/en\/champions-league\/lamine-yamal-ronald-araujo-frenkie-jong-barca-7-warned-against-psg_302449_102.html\" rel=\"follow\" target=\"_self\" title=\"Lamine Yamal, Ronald Ara\u00fajo, Frenkie de Jong... Los 7 apercibidos del Bar\u00e7a ante el PSG\">faced this meeting with a total of seven players apercibidos<\/a>, of which only lost to the Danish and to the Catalan, <strong>avoiding the sanction of Lamine Yamal, Ferran Torres, Ronald Ara\u00fajo, Jo\u00e3or F\u00e9lix and Frenkie of Jong<\/strong>. All they had an active participation in the duel against Paris Saint-Germain. Now, the Bar\u00e7a will have to look for the way of suplir these two absences, <strong>being perhaps the most complicated the one of Andreas Christensen because of the fault of a defensive pivote<\/strong>.<\/p> ","protected":false},"excerpt":{"rendered":"<p>FC Barcelona faced the match against PSG with the serious certainty that they could lose up to seven players if they received a yellow card, since they were warned. Fortunately, for them, among the bad news, they have only lost two: Andreas Christensen and Sergi Roberto Remarkable! It is perhaps one of the a lot [&hellip;]<\/p>\n","protected":false},"author":355,"featured_media":6514,"comment_status":"closed","ping_status":"open","sticky":false,"template":"","format":"standard","meta":{"_acf_changed":false,"inline_featured_image":false,"_nextfly_llmd_date_locked":false,"footnotes":""},"categories":[447,112],"tags":[88,240],"class_list":["post-6513","post","type-post","status-publish","format-standard","has-post-thumbnail","hentry","category-champions-league-2","category-champions-league","tag-paris-saint-germain","tag-sergi-roberto"],"acf":[],"yoast_head":"<!-- This site is optimized with the Yoast SEO plugin v27.3 - https:\/\/yoast.com\/product\/yoast-seo-wordpress\/ -->\n<title>Sergi Roberto and Andreas Christensen will not be able to play the second leg against PSG<\/title>\n<meta name=\"description\" content=\"FC Barcelona faced the match against PSG with the serious certainty that they could lose up to seven players if they received a yellow card, since they were warned. Fortunately, for them, among the bad news, they have only lost two: Andreas Christensen and Sergi Roberto\" \/>\n<meta name=\"robots\" content=\"index, follow, max-snippet:-1, max-image-preview:large, max-video-preview:-1\" \/>\n<link rel=\"canonical\" href=\"https:\/\/www.fcbarcelonanoticias.com\/en\/champions-league\/sergi-roberto-and-andreas-christensen-will-not-be-able-to-play-the-second-leg-against-psg_302501_102.html\" \/>\n<meta property=\"og:locale\" content=\"en_US\" \/>\n<meta property=\"og:type\" content=\"article\" \/>\n<meta property=\"og:title\" content=\"Sergi Roberto and Andreas Christensen will not be able to play the second leg against PSG\" \/>\n<meta property=\"og:description\" content=\"FC Barcelona faced the match against PSG with the serious certainty that they could lose up to seven players if they received a yellow card, since they were warned. Fortunately, for them, among the bad news, they have only lost two: Andreas Christensen and Sergi Roberto\" \/>\n<meta property=\"og:url\" content=\"https:\/\/www.fcbarcelonanoticias.com\/en\/champions-league\/sergi-roberto-and-andreas-christensen-will-not-be-able-to-play-the-second-leg-against-psg_302501_102.html\" \/>\n<meta property=\"og:site_name\" content=\"EN - FC Barcelona Noticias\" \/>\n<meta property=\"article:published_time\" content=\"2024-04-10T22:01:00+00:00\" \/>\n<meta property=\"article:modified_time\" content=\"2024-04-11T02:10:00+00:00\" \/>\n<meta property=\"og:image\" content=\"https:\/\/www.fcbarcelonanoticias.com\/en\/wp-content\/uploads\/sites\/2\/2024\/04\/sergi-roberto-y-andreas-christensen.png\" \/>\n\t<meta property=\"og:image:width\" content=\"1300\" \/>\n\t<meta property=\"og:image:height\" content=\"732\" \/>\n\t<meta property=\"og:image:type\" content=\"image\/png\" \/>\n<meta name=\"author\" content=\"Kevin G\u00f3mez\" \/>\n<meta name=\"twitter:card\" content=\"summary_large_image\" \/>\n<meta name=\"twitter:label1\" content=\"Written by\" \/>\n\t<meta name=\"twitter:data1\" content=\"Kevin G\u00f3mez\" \/>\n\t<meta name=\"twitter:label2\" content=\"Est. reading time\" \/>\n\t<meta name=\"twitter:data2\" content=\"2 minutes\" \/>\n<script type=\"application\/ld+json\" class=\"yoast-schema-graph\">{\"@context\":\"https:\\\/\\\/schema.org\",\"@graph\":[{\"@type\":\"Article\",\"@id\":\"https:\\\/\\\/www.fcbarcelonanoticias.com\\\/en\\\/champions-league\\\/sergi-roberto-and-andreas-christensen-will-not-be-able-to-play-the-second-leg-against-psg_302501_102.html#article\",\"isPartOf\":{\"@id\":\"https:\\\/\\\/www.fcbarcelonanoticias.com\\\/en\\\/champions-league\\\/sergi-roberto-and-andreas-christensen-will-not-be-able-to-play-the-second-leg-against-psg_302501_102.html\"},\"author\":{\"name\":\"Kevin G\u00f3mez\",\"@id\":\"https:\\\/\\\/www.fcbarcelonanoticias.com\\\/en\\\/#\\\/schema\\\/person\\\/991443f134df9a64c6874f96ff984c9d\"},\"headline\":\"Sergi Roberto and Andreas Christensen will not be able to play the second leg against PSG\",\"datePublished\":\"2024-04-10T22:01:00+00:00\",\"dateModified\":\"2024-04-11T02:10:00+00:00\",\"mainEntityOfPage\":{\"@id\":\"https:\\\/\\\/www.fcbarcelonanoticias.com\\\/en\\\/champions-league\\\/sergi-roberto-and-andreas-christensen-will-not-be-able-to-play-the-second-leg-against-psg_302501_102.html\"},\"wordCount\":435,\"image\":{\"@id\":\"https:\\\/\\\/www.fcbarcelonanoticias.com\\\/en\\\/champions-league\\\/sergi-roberto-and-andreas-christensen-will-not-be-able-to-play-the-second-leg-against-psg_302501_102.html#primaryimage\"},\"thumbnailUrl\":\"https:\\\/\\\/www.fcbarcelonanoticias.com\\\/en\\\/wp-content\\\/uploads\\\/sites\\\/2\\\/2024\\\/04\\\/sergi-roberto-y-andreas-christensen.png\",\"keywords\":[\"Paris Saint-Germain\",\"Sergi Roberto\"],\"articleSection\":[\"Champions League\",\"Champions League\"],\"inLanguage\":\"en-US\"},{\"@type\":\"WebPage\",\"@id\":\"https:\\\/\\\/www.fcbarcelonanoticias.com\\\/en\\\/champions-league\\\/sergi-roberto-and-andreas-christensen-will-not-be-able-to-play-the-second-leg-against-psg_302501_102.html\",\"url\":\"https:\\\/\\\/www.fcbarcelonanoticias.com\\\/en\\\/champions-league\\\/sergi-roberto-and-andreas-christensen-will-not-be-able-to-play-the-second-leg-against-psg_302501_102.html\",\"name\":\"Sergi Roberto and Andreas Christensen will not be able to play the second leg against PSG\",\"isPartOf\":{\"@id\":\"https:\\\/\\\/www.fcbarcelonanoticias.com\\\/en\\\/#website\"},\"primaryImageOfPage\":{\"@id\":\"https:\\\/\\\/www.fcbarcelonanoticias.com\\\/en\\\/champions-league\\\/sergi-roberto-and-andreas-christensen-will-not-be-able-to-play-the-second-leg-against-psg_302501_102.html#primaryimage\"},\"image\":{\"@id\":\"https:\\\/\\\/www.fcbarcelonanoticias.com\\\/en\\\/champions-league\\\/sergi-roberto-and-andreas-christensen-will-not-be-able-to-play-the-second-leg-against-psg_302501_102.html#primaryimage\"},\"thumbnailUrl\":\"https:\\\/\\\/www.fcbarcelonanoticias.com\\\/en\\\/wp-content\\\/uploads\\\/sites\\\/2\\\/2024\\\/04\\\/sergi-roberto-y-andreas-christensen.png\",\"datePublished\":\"2024-04-10T22:01:00+00:00\",\"dateModified\":\"2024-04-11T02:10:00+00:00\",\"author\":{\"@id\":\"https:\\\/\\\/www.fcbarcelonanoticias.com\\\/en\\\/#\\\/schema\\\/person\\\/991443f134df9a64c6874f96ff984c9d\"},\"description\":\"FC Barcelona faced the match against PSG with the serious certainty that they could lose up to seven players if they received a yellow card, since they were warned. Fortunately, for them, among the bad news, they have only lost two: Andreas Christensen and Sergi Roberto\",\"breadcrumb\":{\"@id\":\"https:\\\/\\\/www.fcbarcelonanoticias.com\\\/en\\\/champions-league\\\/sergi-roberto-and-andreas-christensen-will-not-be-able-to-play-the-second-leg-against-psg_302501_102.html#breadcrumb\"},\"inLanguage\":\"en-US\",\"potentialAction\":[{\"@type\":\"ReadAction\",\"target\":[\"https:\\\/\\\/www.fcbarcelonanoticias.com\\\/en\\\/champions-league\\\/sergi-roberto-and-andreas-christensen-will-not-be-able-to-play-the-second-leg-against-psg_302501_102.html\"]}]},{\"@type\":\"ImageObject\",\"inLanguage\":\"en-US\",\"@id\":\"https:\\\/\\\/www.fcbarcelonanoticias.com\\\/en\\\/champions-league\\\/sergi-roberto-and-andreas-christensen-will-not-be-able-to-play-the-second-leg-against-psg_302501_102.html#primaryimage\",\"url\":\"https:\\\/\\\/www.fcbarcelonanoticias.com\\\/en\\\/wp-content\\\/uploads\\\/sites\\\/2\\\/2024\\\/04\\\/sergi-roberto-y-andreas-christensen.png\",\"contentUrl\":\"https:\\\/\\\/www.fcbarcelonanoticias.com\\\/en\\\/wp-content\\\/uploads\\\/sites\\\/2\\\/2024\\\/04\\\/sergi-roberto-y-andreas-christensen.png\",\"width\":1300,\"height\":732},{\"@type\":\"BreadcrumbList\",\"@id\":\"https:\\\/\\\/www.fcbarcelonanoticias.com\\\/en\\\/champions-league\\\/sergi-roberto-and-andreas-christensen-will-not-be-able-to-play-the-second-leg-against-psg_302501_102.html#breadcrumb\",\"itemListElement\":[{\"@type\":\"ListItem\",\"position\":1,\"name\":\"Portada\",\"item\":\"https:\\\/\\\/www.fcbarcelonanoticias.com\\\/en\\\/\"},{\"@type\":\"ListItem\",\"position\":2,\"name\":\"Sergi Roberto and Andreas Christensen will not be able to play the second leg against PSG\"}]},{\"@type\":\"WebSite\",\"@id\":\"https:\\\/\\\/www.fcbarcelonanoticias.com\\\/en\\\/#website\",\"url\":\"https:\\\/\\\/www.fcbarcelonanoticias.com\\\/en\\\/\",\"name\":\"EN - FC Barcelona Noticias\",\"description\":\"\",\"potentialAction\":[{\"@type\":\"SearchAction\",\"target\":{\"@type\":\"EntryPoint\",\"urlTemplate\":\"https:\\\/\\\/www.fcbarcelonanoticias.com\\\/en\\\/?s={search_term_string}\"},\"query-input\":{\"@type\":\"PropertyValueSpecification\",\"valueRequired\":true,\"valueName\":\"search_term_string\"}}],\"inLanguage\":\"en-US\"},{\"@type\":\"Person\",\"@id\":\"https:\\\/\\\/www.fcbarcelonanoticias.com\\\/en\\\/#\\\/schema\\\/person\\\/991443f134df9a64c6874f96ff984c9d\",\"name\":\"Kevin G\u00f3mez\",\"image\":{\"@type\":\"ImageObject\",\"inLanguage\":\"en-US\",\"@id\":\"https:\\\/\\\/secure.gravatar.com\\\/avatar\\\/?s=96&d=mm&r=g\",\"url\":\"https:\\\/\\\/secure.gravatar.com\\\/avatar\\\/?s=96&d=mm&r=g\",\"contentUrl\":\"https:\\\/\\\/secure.gravatar.com\\\/avatar\\\/?s=96&d=mm&r=g\",\"caption\":\"Kevin G\u00f3mez\"},\"description\":\"Licenciado\u00a0en Periodismo y Comunicaci\u00f3n Audiovisual. Redactor en FCBN responsable de cubrir toda\u00a0la informaci\u00f3n del FC Barcelona y las principales competiciones de\u00a0f\u00fatbol.\",\"url\":\"https:\\\/\\\/www.fcbarcelonanoticias.com\\\/en\\\/jugadores\\\/kevin-gomez_23_115.html\"}]}<\/script>\n<!-- \/ Yoast SEO plugin. -->","yoast_head_json":{"title":"Sergi Roberto and Andreas Christensen will not be able to play the second leg against PSG","description":"FC Barcelona faced the match against PSG with the serious certainty that they could lose up to seven players if they received a yellow card, since they were warned. Fortunately, for them, among the bad news, they have only lost two: Andreas Christensen and Sergi Roberto","robots":{"index":"index","follow":"follow","max-snippet":"max-snippet:-1","max-image-preview":"max-image-preview:large","max-video-preview":"max-video-preview:-1"},"canonical":"https:\/\/www.fcbarcelonanoticias.com\/en\/champions-league\/sergi-roberto-and-andreas-christensen-will-not-be-able-to-play-the-second-leg-against-psg_302501_102.html","og_locale":"en_US","og_type":"article","og_title":"Sergi Roberto and Andreas Christensen will not be able to play the second leg against PSG","og_description":"FC Barcelona faced the match against PSG with the serious certainty that they could lose up to seven players if they received a yellow card, since they were warned. Fortunately, for them, among the bad news, they have only lost two: Andreas Christensen and Sergi Roberto","og_url":"https:\/\/www.fcbarcelonanoticias.com\/en\/champions-league\/sergi-roberto-and-andreas-christensen-will-not-be-able-to-play-the-second-leg-against-psg_302501_102.html","og_site_name":"EN - FC Barcelona Noticias","article_published_time":"2024-04-10T22:01:00+00:00","article_modified_time":"2024-04-11T02:10:00+00:00","og_image":[{"width":1300,"height":732,"url":"https:\/\/www.fcbarcelonanoticias.com\/en\/wp-content\/uploads\/sites\/2\/2024\/04\/sergi-roberto-y-andreas-christensen.png","type":"image\/png"}],"author":"Kevin G\u00f3mez","twitter_card":"summary_large_image","twitter_misc":{"Written by":"Kevin G\u00f3mez","Est. reading time":"2 minutes"},"schema":{"@context":"https:\/\/schema.org","@graph":[{"@type":"Article","@id":"https:\/\/www.fcbarcelonanoticias.com\/en\/champions-league\/sergi-roberto-and-andreas-christensen-will-not-be-able-to-play-the-second-leg-against-psg_302501_102.html#article","isPartOf":{"@id":"https:\/\/www.fcbarcelonanoticias.com\/en\/champions-league\/sergi-roberto-and-andreas-christensen-will-not-be-able-to-play-the-second-leg-against-psg_302501_102.html"},"author":{"name":"Kevin G\u00f3mez","@id":"https:\/\/www.fcbarcelonanoticias.com\/en\/#\/schema\/person\/991443f134df9a64c6874f96ff984c9d"},"headline":"Sergi Roberto and Andreas Christensen will not be able to play the second leg against PSG","datePublished":"2024-04-10T22:01:00+00:00","dateModified":"2024-04-11T02:10:00+00:00","mainEntityOfPage":{"@id":"https:\/\/www.fcbarcelonanoticias.com\/en\/champions-league\/sergi-roberto-and-andreas-christensen-will-not-be-able-to-play-the-second-leg-against-psg_302501_102.html"},"wordCount":435,"image":{"@id":"https:\/\/www.fcbarcelonanoticias.com\/en\/champions-league\/sergi-roberto-and-andreas-christensen-will-not-be-able-to-play-the-second-leg-against-psg_302501_102.html#primaryimage"},"thumbnailUrl":"https:\/\/www.fcbarcelonanoticias.com\/en\/wp-content\/uploads\/sites\/2\/2024\/04\/sergi-roberto-y-andreas-christensen.png","keywords":["Paris Saint-Germain","Sergi Roberto"],"articleSection":["Champions League","Champions League"],"inLanguage":"en-US"},{"@type":"WebPage","@id":"https:\/\/www.fcbarcelonanoticias.com\/en\/champions-league\/sergi-roberto-and-andreas-christensen-will-not-be-able-to-play-the-second-leg-against-psg_302501_102.html","url":"https:\/\/www.fcbarcelonanoticias.com\/en\/champions-league\/sergi-roberto-and-andreas-christensen-will-not-be-able-to-play-the-second-leg-against-psg_302501_102.html","name":"Sergi Roberto and Andreas Christensen will not be able to play the second leg against PSG","isPartOf":{"@id":"https:\/\/www.fcbarcelonanoticias.com\/en\/#website"},"primaryImageOfPage":{"@id":"https:\/\/www.fcbarcelonanoticias.com\/en\/champions-league\/sergi-roberto-and-andreas-christensen-will-not-be-able-to-play-the-second-leg-against-psg_302501_102.html#primaryimage"},"image":{"@id":"https:\/\/www.fcbarcelonanoticias.com\/en\/champions-league\/sergi-roberto-and-andreas-christensen-will-not-be-able-to-play-the-second-leg-against-psg_302501_102.html#primaryimage"},"thumbnailUrl":"https:\/\/www.fcbarcelonanoticias.com\/en\/wp-content\/uploads\/sites\/2\/2024\/04\/sergi-roberto-y-andreas-christensen.png","datePublished":"2024-04-10T22:01:00+00:00","dateModified":"2024-04-11T02:10:00+00:00","author":{"@id":"https:\/\/www.fcbarcelonanoticias.com\/en\/#\/schema\/person\/991443f134df9a64c6874f96ff984c9d"},"description":"FC Barcelona faced the match against PSG with the serious certainty that they could lose up to seven players if they received a yellow card, since they were warned. Fortunately, for them, among the bad news, they have only lost two: Andreas Christensen and Sergi Roberto","breadcrumb":{"@id":"https:\/\/www.fcbarcelonanoticias.com\/en\/champions-league\/sergi-roberto-and-andreas-christensen-will-not-be-able-to-play-the-second-leg-against-psg_302501_102.html#breadcrumb"},"inLanguage":"en-US","potentialAction":[{"@type":"ReadAction","target":["https:\/\/www.fcbarcelonanoticias.com\/en\/champions-league\/sergi-roberto-and-andreas-christensen-will-not-be-able-to-play-the-second-leg-against-psg_302501_102.html"]}]},{"@type":"ImageObject","inLanguage":"en-US","@id":"https:\/\/www.fcbarcelonanoticias.com\/en\/champions-league\/sergi-roberto-and-andreas-christensen-will-not-be-able-to-play-the-second-leg-against-psg_302501_102.html#primaryimage","url":"https:\/\/www.fcbarcelonanoticias.com\/en\/wp-content\/uploads\/sites\/2\/2024\/04\/sergi-roberto-y-andreas-christensen.png","contentUrl":"https:\/\/www.fcbarcelonanoticias.com\/en\/wp-content\/uploads\/sites\/2\/2024\/04\/sergi-roberto-y-andreas-christensen.png","width":1300,"height":732},{"@type":"BreadcrumbList","@id":"https:\/\/www.fcbarcelonanoticias.com\/en\/champions-league\/sergi-roberto-and-andreas-christensen-will-not-be-able-to-play-the-second-leg-against-psg_302501_102.html#breadcrumb","itemListElement":[{"@type":"ListItem","position":1,"name":"Portada","item":"https:\/\/www.fcbarcelonanoticias.com\/en\/"},{"@type":"ListItem","position":2,"name":"Sergi Roberto and Andreas Christensen will not be able to play the second leg against PSG"}]},{"@type":"WebSite","@id":"https:\/\/www.fcbarcelonanoticias.com\/en\/#website","url":"https:\/\/www.fcbarcelonanoticias.com\/en\/","name":"EN - FC Barcelona Noticias","description":"","potentialAction":[{"@type":"SearchAction","target":{"@type":"EntryPoint","urlTemplate":"https:\/\/www.fcbarcelonanoticias.com\/en\/?s={search_term_string}"},"query-input":{"@type":"PropertyValueSpecification","valueRequired":true,"valueName":"search_term_string"}}],"inLanguage":"en-US"},{"@type":"Person","@id":"https:\/\/www.fcbarcelonanoticias.com\/en\/#\/schema\/person\/991443f134df9a64c6874f96ff984c9d","name":"Kevin G\u00f3mez","image":{"@type":"ImageObject","inLanguage":"en-US","@id":"https:\/\/secure.gravatar.com\/avatar\/?s=96&d=mm&r=g","url":"https:\/\/secure.gravatar.com\/avatar\/?s=96&d=mm&r=g","contentUrl":"https:\/\/secure.gravatar.com\/avatar\/?s=96&d=mm&r=g","caption":"Kevin G\u00f3mez"},"description":"Licenciado\u00a0en Periodismo y Comunicaci\u00f3n Audiovisual. Redactor en FCBN responsable de cubrir toda\u00a0la informaci\u00f3n del FC Barcelona y las principales competiciones de\u00a0f\u00fatbol.","url":"https:\/\/www.fcbarcelonanoticias.com\/en\/jugadores\/kevin-gomez_23_115.html"}]}},"_links":{"self":[{"href":"https:\/\/www.fcbarcelonanoticias.com\/en\/wp-json\/wp\/v2\/posts\/6513","targetHints":{"allow":["GET"]}}],"collection":[{"href":"https:\/\/www.fcbarcelonanoticias.com\/en\/wp-json\/wp\/v2\/posts"}],"about":[{"href":"https:\/\/www.fcbarcelonanoticias.com\/en\/wp-json\/wp\/v2\/types\/post"}],"author":[{"embeddable":true,"href":"https:\/\/www.fcbarcelonanoticias.com\/en\/wp-json\/wp\/v2\/users\/355"}],"replies":[{"embeddable":true,"href":"https:\/\/www.fcbarcelonanoticias.com\/en\/wp-json\/wp\/v2\/comments?post=6513"}],"version-history":[{"count":1,"href":"https:\/\/www.fcbarcelonanoticias.com\/en\/wp-json\/wp\/v2\/posts\/6513\/revisions"}],"predecessor-version":[{"id":101523,"href":"https:\/\/www.fcbarcelonanoticias.com\/en\/wp-json\/wp\/v2\/posts\/6513\/revisions\/101523"}],"wp:featuredmedia":[{"embeddable":true,"href":"https:\/\/www.fcbarcelonanoticias.com\/en\/wp-json\/wp\/v2\/media\/6514"}],"wp:attachment":[{"href":"https:\/\/www.fcbarcelonanoticias.com\/en\/wp-json\/wp\/v2\/media?parent=6513"}],"wp:term":[{"taxonomy":"category","embeddable":true,"href":"https:\/\/www.fcbarcelonanoticias.com\/en\/wp-json\/wp\/v2\/categories?post=6513"},{"taxonomy":"post_tag","embeddable":true,"href":"https:\/\/www.fcbarcelonanoticias.com\/en\/wp-json\/wp\/v2\/tags?post=6513"}],"curies":[{"name":"wp","href":"https:\/\/api.w.org\/{rel}","templated":true}]}}