{"id":65660,"date":"2024-11-23T22:32:00","date_gmt":"2024-11-23T21:32:00","guid":{"rendered":"https:\/\/weisetech.dev\/fc-barcelona-noticias\/en\/tickets-fc-barcelona-villarreal-laliga-santander-2019-20_251422_102\/"},"modified":"2024-11-23T22:33:00","modified_gmt":"2024-11-23T21:33:00","slug":"three-arrested-for-insulting-lamine-yamal-at-the-santiago-bernabeu_308825_102","status":"publish","type":"post","link":"https:\/\/www.fcbarcelonanoticias.com\/en\/laliga\/three-arrested-for-insulting-lamine-yamal-at-the-santiago-bernabeu_308825_102.html","title":{"rendered":"Three arrested for insulting Lamine Yamal at the Santiago Bernab\u00e9u"},"content":{"rendered":"<h2 class=\"wp-block-heading\">The National Police have confirmed the arrest of the fans who insulted the FC Barcelona players at the Santiago Bernab\u00e9u<\/h2>  \r\n<div class=\"article-addons\">\r\n    <a href=\"https:\/\/www.fcbarcelonanoticias.com\/en\/calendar-fc-barcelona.html\"\r\n       target=\"_self\"\r\n       title=\"Calendar of FC Barcelona\"\r\n       class=\"blue-gredient-btn\">\r\n       \r\n        Calendar of FC Barcelona    <\/a>\r\n<\/div>   <p><strong>Lamine Yamal, Ansu Fati and Raphinha<\/strong> were victims of a regrettable and embarrassing incident at the Cl\u00e1sico on October 26. <a data-external=\"0\" data-intl-links-en=\"https:\/\/www.fcbarcelonanoticias.com\/en\/laliga\/laliga-stands-against-bernabeu-for-racist-insults-against-lamine-yamal-clasico_308208_102.html\" data-intl-links-es=\"https:\/\/www.fcbarcelonanoticias.com\/laliga\/laliga-se-planta-contra-bernabeu-por-insultos-racistas-contra-lamine-yamal-clasico_308208_102.html\" href=\"https:\/\/www.fcbarcelonanoticias.com\/en\/laliga\/laliga-stands-against-bernabeu-for-racist-insults-against-lamine-yamal-clasico_308208_102.html\" rel=\"follow\" target=\"_self\" title=\"LaLiga stands against the Bernab\u00e9u for racist insults against Lamine Yamal in the Cl\u00e1sico\">The FC Barcelona players were subjected to racist insults by a section of Real Madrid fans<\/a>, who dedicated degrading and disgusting insults to them such as &#8220;fucking black&#8221; or &#8220;fucking mena, go sell handkerchiefs at a traffic light.&#8221;<\/p>  <p>The behavior of the white fans was recorded by the cell phones of other attendees and collected by the television operator itself with the broadcasting rights. These images had an enormous public impact and both <strong>LaLiga <\/strong>and the Madrid club filed their complaints for hate crimes and opened an investigation to adopt &#8220;disciplinary and judicial measures.&#8221;<\/p>  <h3>The National Police announced the arrest of three fans<\/h3>  <p>Finally, a month after the match between the Catalans and the Merengues and after establishing a special location device,<strong> the National Police has confirmed the arrest of three men<\/strong>, one of them a minor, as alleged perpetrators of a crime against moral integrity.<\/p>  <blockquote class=\"twitter-tweet\"> <p dir=\"ltr\" lang=\"es\">\ud83d\udea93 detenidos por proferir <a href=\"https:\/\/twitter.com\/en\/hashtag\/insultos?src=hash&amp;ref_src=twsrc%5Etfw\">#insultos<\/a> racistas contra 2 jugadores de <a href=\"https:\/\/twitter.com\/en\/hashtag\/f%C3%BAtbol?src=hash&amp;ref_src=twsrc%5Etfw\">#f\u00fatbol<\/a> durante <a href=\"https:\/\/twitter.com\/en\/hashtag\/ElCl%C3%A1sico?src=hash&amp;ref_src=twsrc%5Etfw\">#ElCl\u00e1sico<\/a> disputado el pasado mes de octubre<br><br> \ud83d\udc49\ud83c\udffbLos arrestados realizaron manifestaciones xen\u00f3fobas que atentaban contra la dignidad e integridad moral de ambos <a href=\"https:\/\/twitter.com\/en\/hashtag\/futbolistas?src=hash&amp;ref_src=twsrc%5Etfw\">#futbolistas<\/a> <a href=\"https:\/\/t.co\/en\/c4pAyxoRgr\">pic.twitter.com\/c4pAyxoRgr<\/a><\/p> \u2014 Polic\u00eda Nacional (@policia) <a href=\"https:\/\/twitter.com\/en\/policia\/status\/1860271597908525562?ref_src=twsrc%5Etfw\">November 23, 2024<\/a> <\/blockquote> <p>&#8220;Three arrested for uttering racist insults against 2 football players during El Cl\u00e1sico played last October. The arrested made xenophobic statements that attacked the dignity and moral integrity of both footballers,&#8221; read the CNP statement on the arrest of the Real Madrid fans, <strong>who will now be placed at the disposal of the judicial authority<\/strong>.<\/p> ","protected":false},"excerpt":{"rendered":"<p>The National Police have confirmed the arrest of the fans who insulted the FC Barcelona players at the Santiago Bernab\u00e9u Lamine Yamal, Ansu Fati and Raphinha were victims of a regrettable and embarrassing incident at the Cl\u00e1sico on October 26. The FC Barcelona players were subjected to racist insults by a section of Real Madrid [&hellip;]<\/p>\n","protected":false},"author":358,"featured_media":60746,"comment_status":"closed","ping_status":"open","sticky":false,"template":"","format":"standard","meta":{"_acf_changed":false,"inline_featured_image":false,"_nextfly_llmd_date_locked":false,"footnotes":""},"categories":[114,448],"tags":[53,46],"class_list":["post-65660","post","type-post","status-publish","format-standard","has-post-thumbnail","hentry","category-laliga","category-laliga-2","tag-el-clasico","tag-fc-barcelona-vs-real-madrid"],"acf":[],"yoast_head":"<!-- This site is optimized with the Yoast SEO plugin v27.3 - https:\/\/yoast.com\/product\/yoast-seo-wordpress\/ -->\n<title>Three arrested for insulting Lamine Yamal at the Santiago Bernab\u00e9u<\/title>\n<meta name=\"description\" content=\"The National Police have confirmed the arrest of the fans who insulted the FC Barcelona players at the Santiago Bernab\u00e9u\" \/>\n<meta name=\"robots\" content=\"index, follow, max-snippet:-1, max-image-preview:large, max-video-preview:-1\" \/>\n<link rel=\"canonical\" href=\"https:\/\/www.fcbarcelonanoticias.com\/en\/laliga\/three-arrested-for-insulting-lamine-yamal-at-the-santiago-bernabeu_308825_102.html\" \/>\n<meta property=\"og:locale\" content=\"en_US\" \/>\n<meta property=\"og:type\" content=\"article\" \/>\n<meta property=\"og:title\" content=\"Three arrested for insulting Lamine Yamal at the Santiago Bernab\u00e9u\" \/>\n<meta property=\"og:description\" content=\"The National Police have confirmed the arrest of the fans who insulted the FC Barcelona players at the Santiago Bernab\u00e9u\" \/>\n<meta property=\"og:url\" content=\"https:\/\/www.fcbarcelonanoticias.com\/en\/laliga\/three-arrested-for-insulting-lamine-yamal-at-the-santiago-bernabeu_308825_102.html\" \/>\n<meta property=\"og:site_name\" content=\"EN - FC Barcelona Noticias\" \/>\n<meta property=\"article:published_time\" content=\"2024-11-23T21:32:00+00:00\" \/>\n<meta property=\"article:modified_time\" content=\"2024-11-23T21:33:00+00:00\" \/>\n<meta property=\"og:image\" content=\"https:\/\/www.fcbarcelonanoticias.com\/en\/wp-content\/uploads\/sites\/2\/2026\/03\/lamine-yamal-entrenamiento.jpeg\" \/>\n\t<meta property=\"og:image:width\" content=\"1250\" \/>\n\t<meta property=\"og:image:height\" content=\"730\" \/>\n\t<meta property=\"og:image:type\" content=\"image\/jpeg\" \/>\n<meta name=\"author\" content=\"Juan Pablo Berdugo\" \/>\n<meta name=\"twitter:card\" content=\"summary_large_image\" \/>\n<meta name=\"twitter:label1\" content=\"Written by\" \/>\n\t<meta name=\"twitter:data1\" content=\"Juan Pablo Berdugo\" \/>\n\t<meta name=\"twitter:label2\" content=\"Est. reading time\" \/>\n\t<meta name=\"twitter:data2\" content=\"1 minute\" \/>\n<script type=\"application\/ld+json\" class=\"yoast-schema-graph\">{\"@context\":\"https:\\\/\\\/schema.org\",\"@graph\":[{\"@type\":\"Article\",\"@id\":\"https:\\\/\\\/www.fcbarcelonanoticias.com\\\/en\\\/laliga\\\/three-arrested-for-insulting-lamine-yamal-at-the-santiago-bernabeu_308825_102.html#article\",\"isPartOf\":{\"@id\":\"https:\\\/\\\/www.fcbarcelonanoticias.com\\\/en\\\/laliga\\\/three-arrested-for-insulting-lamine-yamal-at-the-santiago-bernabeu_308825_102.html\"},\"author\":{\"name\":\"Juan Pablo Berdugo\",\"@id\":\"https:\\\/\\\/www.fcbarcelonanoticias.com\\\/en\\\/#\\\/schema\\\/person\\\/88d756918a0a1ae9fa593b5edddd1815\"},\"headline\":\"Three arrested for insulting Lamine Yamal at the Santiago Bernab\u00e9u\",\"datePublished\":\"2024-11-23T21:32:00+00:00\",\"dateModified\":\"2024-11-23T21:33:00+00:00\",\"mainEntityOfPage\":{\"@id\":\"https:\\\/\\\/www.fcbarcelonanoticias.com\\\/en\\\/laliga\\\/three-arrested-for-insulting-lamine-yamal-at-the-santiago-bernabeu_308825_102.html\"},\"wordCount\":299,\"image\":{\"@id\":\"https:\\\/\\\/www.fcbarcelonanoticias.com\\\/en\\\/laliga\\\/three-arrested-for-insulting-lamine-yamal-at-the-santiago-bernabeu_308825_102.html#primaryimage\"},\"thumbnailUrl\":\"https:\\\/\\\/www.fcbarcelonanoticias.com\\\/en\\\/wp-content\\\/uploads\\\/sites\\\/2\\\/2026\\\/03\\\/lamine-yamal-entrenamiento.jpeg\",\"keywords\":[\"El Cl\u00e1sico\",\"FC Barcelona vs Real Madrid\"],\"articleSection\":[\"LaLiga\",\"LaLiga\"],\"inLanguage\":\"en-US\"},{\"@type\":\"WebPage\",\"@id\":\"https:\\\/\\\/www.fcbarcelonanoticias.com\\\/en\\\/laliga\\\/three-arrested-for-insulting-lamine-yamal-at-the-santiago-bernabeu_308825_102.html\",\"url\":\"https:\\\/\\\/www.fcbarcelonanoticias.com\\\/en\\\/laliga\\\/three-arrested-for-insulting-lamine-yamal-at-the-santiago-bernabeu_308825_102.html\",\"name\":\"Three arrested for insulting Lamine Yamal at the Santiago Bernab\u00e9u\",\"isPartOf\":{\"@id\":\"https:\\\/\\\/www.fcbarcelonanoticias.com\\\/en\\\/#website\"},\"primaryImageOfPage\":{\"@id\":\"https:\\\/\\\/www.fcbarcelonanoticias.com\\\/en\\\/laliga\\\/three-arrested-for-insulting-lamine-yamal-at-the-santiago-bernabeu_308825_102.html#primaryimage\"},\"image\":{\"@id\":\"https:\\\/\\\/www.fcbarcelonanoticias.com\\\/en\\\/laliga\\\/three-arrested-for-insulting-lamine-yamal-at-the-santiago-bernabeu_308825_102.html#primaryimage\"},\"thumbnailUrl\":\"https:\\\/\\\/www.fcbarcelonanoticias.com\\\/en\\\/wp-content\\\/uploads\\\/sites\\\/2\\\/2026\\\/03\\\/lamine-yamal-entrenamiento.jpeg\",\"datePublished\":\"2024-11-23T21:32:00+00:00\",\"dateModified\":\"2024-11-23T21:33:00+00:00\",\"author\":{\"@id\":\"https:\\\/\\\/www.fcbarcelonanoticias.com\\\/en\\\/#\\\/schema\\\/person\\\/88d756918a0a1ae9fa593b5edddd1815\"},\"description\":\"The National Police have confirmed the arrest of the fans who insulted the FC Barcelona players at the Santiago Bernab\u00e9u\",\"breadcrumb\":{\"@id\":\"https:\\\/\\\/www.fcbarcelonanoticias.com\\\/en\\\/laliga\\\/three-arrested-for-insulting-lamine-yamal-at-the-santiago-bernabeu_308825_102.html#breadcrumb\"},\"inLanguage\":\"en-US\",\"potentialAction\":[{\"@type\":\"ReadAction\",\"target\":[\"https:\\\/\\\/www.fcbarcelonanoticias.com\\\/en\\\/laliga\\\/three-arrested-for-insulting-lamine-yamal-at-the-santiago-bernabeu_308825_102.html\"]}]},{\"@type\":\"ImageObject\",\"inLanguage\":\"en-US\",\"@id\":\"https:\\\/\\\/www.fcbarcelonanoticias.com\\\/en\\\/laliga\\\/three-arrested-for-insulting-lamine-yamal-at-the-santiago-bernabeu_308825_102.html#primaryimage\",\"url\":\"https:\\\/\\\/www.fcbarcelonanoticias.com\\\/en\\\/wp-content\\\/uploads\\\/sites\\\/2\\\/2026\\\/03\\\/lamine-yamal-entrenamiento.jpeg\",\"contentUrl\":\"https:\\\/\\\/www.fcbarcelonanoticias.com\\\/en\\\/wp-content\\\/uploads\\\/sites\\\/2\\\/2026\\\/03\\\/lamine-yamal-entrenamiento.jpeg\",\"width\":1250,\"height\":730},{\"@type\":\"BreadcrumbList\",\"@id\":\"https:\\\/\\\/www.fcbarcelonanoticias.com\\\/en\\\/laliga\\\/three-arrested-for-insulting-lamine-yamal-at-the-santiago-bernabeu_308825_102.html#breadcrumb\",\"itemListElement\":[{\"@type\":\"ListItem\",\"position\":1,\"name\":\"Portada\",\"item\":\"https:\\\/\\\/www.fcbarcelonanoticias.com\\\/en\\\/\"},{\"@type\":\"ListItem\",\"position\":2,\"name\":\"Three arrested for insulting Lamine Yamal at the Santiago Bernab\u00e9u\"}]},{\"@type\":\"WebSite\",\"@id\":\"https:\\\/\\\/www.fcbarcelonanoticias.com\\\/en\\\/#website\",\"url\":\"https:\\\/\\\/www.fcbarcelonanoticias.com\\\/en\\\/\",\"name\":\"EN - FC Barcelona Noticias\",\"description\":\"\",\"potentialAction\":[{\"@type\":\"SearchAction\",\"target\":{\"@type\":\"EntryPoint\",\"urlTemplate\":\"https:\\\/\\\/www.fcbarcelonanoticias.com\\\/en\\\/?s={search_term_string}\"},\"query-input\":{\"@type\":\"PropertyValueSpecification\",\"valueRequired\":true,\"valueName\":\"search_term_string\"}}],\"inLanguage\":\"en-US\"},{\"@type\":\"Person\",\"@id\":\"https:\\\/\\\/www.fcbarcelonanoticias.com\\\/en\\\/#\\\/schema\\\/person\\\/88d756918a0a1ae9fa593b5edddd1815\",\"name\":\"Juan Pablo Berdugo\",\"image\":{\"@type\":\"ImageObject\",\"inLanguage\":\"en-US\",\"@id\":\"https:\\\/\\\/secure.gravatar.com\\\/avatar\\\/?s=96&d=mm&r=g\",\"url\":\"https:\\\/\\\/secure.gravatar.com\\\/avatar\\\/?s=96&d=mm&r=g\",\"contentUrl\":\"https:\\\/\\\/secure.gravatar.com\\\/avatar\\\/?s=96&d=mm&r=g\",\"caption\":\"Juan Pablo Berdugo\"},\"description\":\"Juan Pablo Berdugo es graduado en Periodismo. Colabora con FCBN como especialista en informaci\u00f3n del primer equipo del FC Barcelona, f\u00fatbol internacional y mercado de fichajes. Destaca por su enfoque anal\u00edtico, su rigor informativo y su capacidad para detectar tendencias emergentes en el f\u00fatbol global.\",\"url\":\"https:\\\/\\\/www.fcbarcelonanoticias.com\\\/en\\\/fc-barcelona\\\/juan-pablo-berdugo_18_115.html\"}]}<\/script>\n<!-- \/ Yoast SEO plugin. -->","yoast_head_json":{"title":"Three arrested for insulting Lamine Yamal at the Santiago Bernab\u00e9u","description":"The National Police have confirmed the arrest of the fans who insulted the FC Barcelona players at the Santiago Bernab\u00e9u","robots":{"index":"index","follow":"follow","max-snippet":"max-snippet:-1","max-image-preview":"max-image-preview:large","max-video-preview":"max-video-preview:-1"},"canonical":"https:\/\/www.fcbarcelonanoticias.com\/en\/laliga\/three-arrested-for-insulting-lamine-yamal-at-the-santiago-bernabeu_308825_102.html","og_locale":"en_US","og_type":"article","og_title":"Three arrested for insulting Lamine Yamal at the Santiago Bernab\u00e9u","og_description":"The National Police have confirmed the arrest of the fans who insulted the FC Barcelona players at the Santiago Bernab\u00e9u","og_url":"https:\/\/www.fcbarcelonanoticias.com\/en\/laliga\/three-arrested-for-insulting-lamine-yamal-at-the-santiago-bernabeu_308825_102.html","og_site_name":"EN - FC Barcelona Noticias","article_published_time":"2024-11-23T21:32:00+00:00","article_modified_time":"2024-11-23T21:33:00+00:00","og_image":[{"width":1250,"height":730,"url":"https:\/\/www.fcbarcelonanoticias.com\/en\/wp-content\/uploads\/sites\/2\/2026\/03\/lamine-yamal-entrenamiento.jpeg","type":"image\/jpeg"}],"author":"Juan Pablo Berdugo","twitter_card":"summary_large_image","twitter_misc":{"Written by":"Juan Pablo Berdugo","Est. reading time":"1 minute"},"schema":{"@context":"https:\/\/schema.org","@graph":[{"@type":"Article","@id":"https:\/\/www.fcbarcelonanoticias.com\/en\/laliga\/three-arrested-for-insulting-lamine-yamal-at-the-santiago-bernabeu_308825_102.html#article","isPartOf":{"@id":"https:\/\/www.fcbarcelonanoticias.com\/en\/laliga\/three-arrested-for-insulting-lamine-yamal-at-the-santiago-bernabeu_308825_102.html"},"author":{"name":"Juan Pablo Berdugo","@id":"https:\/\/www.fcbarcelonanoticias.com\/en\/#\/schema\/person\/88d756918a0a1ae9fa593b5edddd1815"},"headline":"Three arrested for insulting Lamine Yamal at the Santiago Bernab\u00e9u","datePublished":"2024-11-23T21:32:00+00:00","dateModified":"2024-11-23T21:33:00+00:00","mainEntityOfPage":{"@id":"https:\/\/www.fcbarcelonanoticias.com\/en\/laliga\/three-arrested-for-insulting-lamine-yamal-at-the-santiago-bernabeu_308825_102.html"},"wordCount":299,"image":{"@id":"https:\/\/www.fcbarcelonanoticias.com\/en\/laliga\/three-arrested-for-insulting-lamine-yamal-at-the-santiago-bernabeu_308825_102.html#primaryimage"},"thumbnailUrl":"https:\/\/www.fcbarcelonanoticias.com\/en\/wp-content\/uploads\/sites\/2\/2026\/03\/lamine-yamal-entrenamiento.jpeg","keywords":["El Cl\u00e1sico","FC Barcelona vs Real Madrid"],"articleSection":["LaLiga","LaLiga"],"inLanguage":"en-US"},{"@type":"WebPage","@id":"https:\/\/www.fcbarcelonanoticias.com\/en\/laliga\/three-arrested-for-insulting-lamine-yamal-at-the-santiago-bernabeu_308825_102.html","url":"https:\/\/www.fcbarcelonanoticias.com\/en\/laliga\/three-arrested-for-insulting-lamine-yamal-at-the-santiago-bernabeu_308825_102.html","name":"Three arrested for insulting Lamine Yamal at the Santiago Bernab\u00e9u","isPartOf":{"@id":"https:\/\/www.fcbarcelonanoticias.com\/en\/#website"},"primaryImageOfPage":{"@id":"https:\/\/www.fcbarcelonanoticias.com\/en\/laliga\/three-arrested-for-insulting-lamine-yamal-at-the-santiago-bernabeu_308825_102.html#primaryimage"},"image":{"@id":"https:\/\/www.fcbarcelonanoticias.com\/en\/laliga\/three-arrested-for-insulting-lamine-yamal-at-the-santiago-bernabeu_308825_102.html#primaryimage"},"thumbnailUrl":"https:\/\/www.fcbarcelonanoticias.com\/en\/wp-content\/uploads\/sites\/2\/2026\/03\/lamine-yamal-entrenamiento.jpeg","datePublished":"2024-11-23T21:32:00+00:00","dateModified":"2024-11-23T21:33:00+00:00","author":{"@id":"https:\/\/www.fcbarcelonanoticias.com\/en\/#\/schema\/person\/88d756918a0a1ae9fa593b5edddd1815"},"description":"The National Police have confirmed the arrest of the fans who insulted the FC Barcelona players at the Santiago Bernab\u00e9u","breadcrumb":{"@id":"https:\/\/www.fcbarcelonanoticias.com\/en\/laliga\/three-arrested-for-insulting-lamine-yamal-at-the-santiago-bernabeu_308825_102.html#breadcrumb"},"inLanguage":"en-US","potentialAction":[{"@type":"ReadAction","target":["https:\/\/www.fcbarcelonanoticias.com\/en\/laliga\/three-arrested-for-insulting-lamine-yamal-at-the-santiago-bernabeu_308825_102.html"]}]},{"@type":"ImageObject","inLanguage":"en-US","@id":"https:\/\/www.fcbarcelonanoticias.com\/en\/laliga\/three-arrested-for-insulting-lamine-yamal-at-the-santiago-bernabeu_308825_102.html#primaryimage","url":"https:\/\/www.fcbarcelonanoticias.com\/en\/wp-content\/uploads\/sites\/2\/2026\/03\/lamine-yamal-entrenamiento.jpeg","contentUrl":"https:\/\/www.fcbarcelonanoticias.com\/en\/wp-content\/uploads\/sites\/2\/2026\/03\/lamine-yamal-entrenamiento.jpeg","width":1250,"height":730},{"@type":"BreadcrumbList","@id":"https:\/\/www.fcbarcelonanoticias.com\/en\/laliga\/three-arrested-for-insulting-lamine-yamal-at-the-santiago-bernabeu_308825_102.html#breadcrumb","itemListElement":[{"@type":"ListItem","position":1,"name":"Portada","item":"https:\/\/www.fcbarcelonanoticias.com\/en\/"},{"@type":"ListItem","position":2,"name":"Three arrested for insulting Lamine Yamal at the Santiago Bernab\u00e9u"}]},{"@type":"WebSite","@id":"https:\/\/www.fcbarcelonanoticias.com\/en\/#website","url":"https:\/\/www.fcbarcelonanoticias.com\/en\/","name":"EN - FC Barcelona Noticias","description":"","potentialAction":[{"@type":"SearchAction","target":{"@type":"EntryPoint","urlTemplate":"https:\/\/www.fcbarcelonanoticias.com\/en\/?s={search_term_string}"},"query-input":{"@type":"PropertyValueSpecification","valueRequired":true,"valueName":"search_term_string"}}],"inLanguage":"en-US"},{"@type":"Person","@id":"https:\/\/www.fcbarcelonanoticias.com\/en\/#\/schema\/person\/88d756918a0a1ae9fa593b5edddd1815","name":"Juan Pablo Berdugo","image":{"@type":"ImageObject","inLanguage":"en-US","@id":"https:\/\/secure.gravatar.com\/avatar\/?s=96&d=mm&r=g","url":"https:\/\/secure.gravatar.com\/avatar\/?s=96&d=mm&r=g","contentUrl":"https:\/\/secure.gravatar.com\/avatar\/?s=96&d=mm&r=g","caption":"Juan Pablo Berdugo"},"description":"Juan Pablo Berdugo es graduado en Periodismo. Colabora con FCBN como especialista en informaci\u00f3n del primer equipo del FC Barcelona, f\u00fatbol internacional y mercado de fichajes. Destaca por su enfoque anal\u00edtico, su rigor informativo y su capacidad para detectar tendencias emergentes en el f\u00fatbol global.","url":"https:\/\/www.fcbarcelonanoticias.com\/en\/fc-barcelona\/juan-pablo-berdugo_18_115.html"}]}},"_links":{"self":[{"href":"https:\/\/www.fcbarcelonanoticias.com\/en\/wp-json\/wp\/v2\/posts\/65660","targetHints":{"allow":["GET"]}}],"collection":[{"href":"https:\/\/www.fcbarcelonanoticias.com\/en\/wp-json\/wp\/v2\/posts"}],"about":[{"href":"https:\/\/www.fcbarcelonanoticias.com\/en\/wp-json\/wp\/v2\/types\/post"}],"author":[{"embeddable":true,"href":"https:\/\/www.fcbarcelonanoticias.com\/en\/wp-json\/wp\/v2\/users\/358"}],"replies":[{"embeddable":true,"href":"https:\/\/www.fcbarcelonanoticias.com\/en\/wp-json\/wp\/v2\/comments?post=65660"}],"version-history":[{"count":1,"href":"https:\/\/www.fcbarcelonanoticias.com\/en\/wp-json\/wp\/v2\/posts\/65660\/revisions"}],"predecessor-version":[{"id":65662,"href":"https:\/\/www.fcbarcelonanoticias.com\/en\/wp-json\/wp\/v2\/posts\/65660\/revisions\/65662"}],"wp:featuredmedia":[{"embeddable":true,"href":"https:\/\/www.fcbarcelonanoticias.com\/en\/wp-json\/wp\/v2\/media\/60746"}],"wp:attachment":[{"href":"https:\/\/www.fcbarcelonanoticias.com\/en\/wp-json\/wp\/v2\/media?parent=65660"}],"wp:term":[{"taxonomy":"category","embeddable":true,"href":"https:\/\/www.fcbarcelonanoticias.com\/en\/wp-json\/wp\/v2\/categories?post=65660"},{"taxonomy":"post_tag","embeddable":true,"href":"https:\/\/www.fcbarcelonanoticias.com\/en\/wp-json\/wp\/v2\/tags?post=65660"}],"curies":[{"name":"wp","href":"https:\/\/api.w.org\/{rel}","templated":true}]}}