{"id":6575,"date":"2026-01-20T01:16:00","date_gmt":"2026-01-20T00:16:00","guid":{"rendered":"https:\/\/weisetech.dev\/fc-barcelona-noticias\/en\/slavia-prague-vs-barcelona-probable-lineups-and-absences_315799_102\/"},"modified":"2026-04-16T09:04:17","modified_gmt":"2026-04-16T07:04:17","slug":"slavia-prague-vs-barcelona-probable-lineups-and-absences_315799_102","status":"publish","type":"post","link":"https:\/\/www.fcbarcelonanoticias.com\/en\/champions-league\/slavia-prague-vs-barcelona-probable-lineups-and-absences_315799_102.html","title":{"rendered":"Slavia Prague vs Barcelona: probable lineups and absentees for the Champions League match"},"content":{"rendered":"<h2 class=\"wp-block-heading\">Slavia Prague and Barcelona face each other this Wednesday on matchday 7 of the Champions League at the Eden Arena Stadium. We review the possible lineups and absences of both teams<\/h2>  \r\n<div class=\"article-addons\">\r\n    <a href=\"https:\/\/www.fcbarcelonanoticias.com\/en\/calendar-fc-barcelona.html\"\r\n       target=\"_self\"\r\n       title=\"Calendar of FC Barcelona\"\r\n       class=\"blue-gredient-btn\">\r\n       \r\n        Calendar of FC Barcelona    <\/a>\r\n<\/div>   <p><a data-external=\"0\" data-intl-links-en=\"https:\/\/www.fcbarcelonanoticias.com\/en\/laliga\/real-sociedad-barcelona-live-and-online-when-and-where-to-watch_315769_102.html\" data-intl-links-es=\"https:\/\/www.fcbarcelonanoticias.com\/laliga\/real-sociedad-vs-barcelona-directo-online-cuando-donde-ver-partido-liga-tv_315769_102.html\" href=\"https:\/\/www.fcbarcelonanoticias.com\/en\/laliga\/real-sociedad-barcelona-live-and-online-when-and-where-to-watch_315769_102.html\" rel=\"follow\" target=\"_self\" title=\"Real Sociedad vs Barcelona en directo y online: cu\u00e1ndo y d\u00f3nde ver el partido de Liga en TV\">Slavia Prague and FC Barcelona<\/a> will face each other this Wednesday in the <strong>UEFA Champions League 2025-26<\/strong> at the Eden Arena (21:00 CEST), for the seventh matchday of the tournament. Hansi Flick&#8217;s team arrives with three players out due to injury and one player suspended.<\/p>  <p>We review the <strong>possible starting lineup, the substitute bench, and the injured and suspended players for Hansi Flick&#8217;s Barcelona<\/strong> for the match against Slavia Prague. Complete analysis!<\/p>  <h2>Possible Bar\u00e7a Starting XI against Slavia Prague<\/h2>  <ol> <li>(#13, P) Joan Garc\u00eda<\/li> \t<li>(#23) Jules Kound\u00e9<\/li> \t<li>(#24) Eric Garc\u00eda<\/li> \t<li>(#05) Pau Cubars\u00ed<\/li> \t<li>(#03) Alejandro Balde<\/li> \t<li>(#21) Frenkie de Jong<\/li> \t<li>(#20) Dani Olmo<\/li> \t<li>(#16) Ferm\u00edn L\u00f3pez<\/li> \t<li>(#11) Raphinha<\/li> \t<li>(#19) Roony Bardghji<\/li> \t<li>(#09) Robert Lewandowski<\/li> <\/ol> <p><strong>Bar\u00e7a Bench (substitute players)<\/strong><\/p>  <ol> <li>(#25, G) Szczesny<\/li> \t<li>(#31, G) Diego Kochen<\/li> \t<li>(#02) Joao Cancelo<\/li> \t<li>(#04) Ronald Araujo<\/li> \t<li>(#08) Pedri<\/li> \t<li>(#14) Marcus Rashford<\/li> \t<li>(#17) Marc Casad\u00f3<\/li> \t<li>(#18) Gerard Mart\u00edn<\/li> \t<li>(#22) Marc Bernal<\/li> \t<li>(#26) Jofre Torrents<\/li> \t<li>(#43). Tommy Marqu\u00e9s<\/li> \t<li>(#41). Juan Hern\u00e1ndez<\/li> \t<li>(&#8211;). Dani Rodr\u00edguez<\/li> <\/ol> <p><strong>Injured Bar\u00e7a Players<\/strong><\/p>  <ol> <li>(#06) Gavi<\/li> \t<li>(#07) Ferran Torres<\/li> \t<li>(#15) Andreas Christensen<\/li> <\/ol> <p><strong>Sanctioned Bar\u00e7a players:<\/strong><\/p>  <ol> <li>(#10) Lamine Yamal.<\/li> <\/ol> <h2>Possible surprises and tactical variations from Flick against Slavia Prague<\/h2>  <div class=\"media media-image\" data-ck-asset-wrapper=\"\"> <div class=\"media-item\"> <img loading=\"lazy\" decoding=\"async\" alt=\"Roony Bardghji during Real Madrid-Bar\u00e7a (2-1)\" data-id=\"1539385\" data-resize=\"9\" height=\"563\" src=\"https:\/\/www.fcbarcelonanoticias.com\/wp-content\/uploads\/sites\/2\/2026\/01\/fcbn-4d85b5e715698d68aa6357513800878c.jpeg\" title=\"Roony Bardghji during Real Madrid-Bar\u00e7a (2-1)\" width=\"1000\"><div class=\"media-title\">Roony Bardghji during Real Madrid-Bar\u00e7a (2-1)<\/div> <\/div> <\/div>  <p>In principle, Hansi Flick plans to make three changes from the XI against Real Sociedad. Raphinha and Robert Lewandowski should return to the attacking trident alongside Roony Bardghji, while Dani Olmo would drop back to midfield alongside Frenkie de Jong, with Ferm\u00edn L\u00f3pez as an attacking midfielder.<\/p>  <p><strong>Goalkeeping and defense<\/strong><\/p>  <ul> <li> \t<p><strong>Joan&nbsp;Garc\u00eda&nbsp;<\/strong>will be in goal, while Jules Kound\u00e9&nbsp;and Alejandro Balde&nbsp;would be the full-backs. In the center of defense,<b> Eric Garc\u00eda and Pau Cubars\u00ed<\/b>&nbsp;should return to the axis.&nbsp;<strong><a data-external=\"0\" data-intl-links-en=\"https:\/\/www.fcbarcelonanoticias.com\/en\/laliga\/bitter-re-debut-for-joao-cancelo-with-barca-in-laliga_315790_102.html\" data-intl-links-es=\"https:\/\/www.fcbarcelonanoticias.com\/laliga\/amargo-redebut-joao-cancelo-con-barca-laliga_315790_102.html\" href=\"https:\/\/www.fcbarcelonanoticias.com\/en\/laliga\/bitter-re-debut-for-joao-cancelo-with-barca-in-laliga_315790_102.html\" rel=\"follow\" target=\"_self\" title=\"Amargo 'redebut' para Joao Cancelo con el Bar\u00e7a en LaLiga\">Joao Cancelo<\/a><\/strong>&nbsp;will be available on the bench along with Ronald Araujo.&nbsp;Szczesny and Diego Kochen will be the substitute goalkeepers.<\/p> \t<\/li> <\/ul> <p><strong>Midfield:<\/strong><\/p>  <ul> <li> \t<p>As a pivot, <strong>Frenkie de Jong<\/strong> is set to be <strong>Dani Olmo<\/strong>&#8216;s partner in midfield, while <b>Ferm\u00edn L\u00f3pez<\/b> would be the team&#8217;s attacking midfielder. Pedri, feeling discomfort after the visit to Real Sociedad, would go to the bench along with Marc Bernal and Marc Casad\u00f3. Dro Fern\u00e1ndez is ruled out due to his imminent departure.<\/p> \t<\/li> <\/ul> <p><strong>Forward:<\/strong><\/p>  <ul> <li> \t<p>In attack, <strong>Raphinha<\/strong> and <b>Roony Bardghji<\/b> would complete the Blaugrana attack alongside <strong>Robert Lewandowski<\/strong>. <a data-external=\"0\" data-intl-links-en=\"https:\/\/www.fcbarcelonanoticias.com\/en\/champions-league\/lamine-yamal-out-due-to-suspension-against-slavia-prague_315797_102.html\" data-intl-links-es=\"https:\/\/www.fcbarcelonanoticias.com\/champions-league\/lamine-yamal-baja-por-sancion-slavia-praga_315797_102.html\" href=\"https:\/\/www.fcbarcelonanoticias.com\/en\/champions-league\/lamine-yamal-out-due-to-suspension-against-slavia-prague_315797_102.html\" rel=\"follow\" target=\"_self\" title=\"Lamine Yamal, baja por sanci\u00f3n ante el Slavia Praga\">Lamine Yamal<\/a> is out due to suspension, while <strong>Ferran Torres<\/strong> also did not travel due to muscular discomfort. Marcus Rashford would be the only offensive option available.&nbsp;<\/p> \t<\/li> <\/ul> <h2>Bar\u00e7a Absences: Which players will miss the match against Slavia Prague due to injury?<\/h2>  <p>Currently, only three players are out due to significant injuries. Pablo Gavi is continuing his recovery from knee surgery and could return to action in mid-February. Andreas Christensen suffered a partial cruciate ligament tear before the trip to Villarreal and is expected to be out for four or more months<strong><a data-external=\"0\" data-intl-links-en=\"https:\/\/www.fcbarcelonanoticias.com\/en\/champions-league\/barca-will-face-slavia-prague-with-3-players-out-due-to-injury_315796_102.html\" data-intl-links-es=\"https:\/\/www.fcbarcelonanoticias.com\/champions-league\/lesionados-asi-esta-enfermeria-barca-contra-slavia-praga_315796_102.html\" href=\"https:\/\/www.fcbarcelonanoticias.com\/en\/champions-league\/barca-will-face-slavia-prague-with-3-players-out-due-to-injury_315796_102.html\" rel=\"follow\" target=\"_self\" title=\"LESIONADOS: As\u00ed est\u00e1 la enfermer\u00eda del Bar\u00e7a contra el Slavia Praga\">Ferran Torres<\/a><\/strong>, for his part, is out as a precaution after leaving Anoeta with hamstring discomfort. The &#8216;Shark&#8217; ultimately stayed in Catalonia and hopes to be back for the match against Oviedo next Sunday<\/p>  <h2>Possible Slavia Prague lineup against Barcelona<\/h2>  <ul> <li> <strong>Probable XI<\/strong>: Stanek; Moses, Chaloupec, Zima, Mbodji; Zafeiris,&nbsp;Sad\u00edlek; Provod, Doudera, Sanyang; Chory.<\/li> \t<li> <strong>Bench<\/strong>: Markovic (G), Ogbu, Boril, Holes, Vlcek, Hashioka, Jelinek, Cham, Toula, Kusej, Prekop, Chytil.<\/li> \t<li> <strong>Injured<\/strong>: None.<\/li> \t<li> <strong>Suspended<\/strong>: None.<\/li> <\/ul> <p>Jindrich Trpisovsky&#8217;s team, for their part, arrive with their full arsenal available, but more than a month without playing official matches. The Czech league will only resume action on the last weekend of January, due to the low winter temperatures in the region<\/p>  <p><strong>Slavia Prague has barely accumulated 3 points in the group stage<\/strong>, the result of 3 draws and 3 losses. Barring any last-minute surprises, the starting XI against Bar\u00e7a will likely be very similar to the one from matchday 4, against Athletic at home (0-0).<\/p>  <p>The Czechs played three friendlies before the match against the Blaugrana team, with a loss against **Basel** (4-3), a draw against German **Karlsruher** (1-1), and a win against Norwegian **Brann** (2-1).<\/p>  <ul> <li> <strong>\ud83d\udc49<\/strong>&nbsp;Follow all the latest news about the Catalan team in FC Barcelona News and check the&nbsp;<a href=\"https:\/\/www.fcbarcelonanoticias.com\/calendario-fcbarcelona.html\">updated calendar<\/a>&nbsp;for upcoming commitments.<\/li> <\/ul> ","protected":false},"excerpt":{"rendered":"<p>Slavia Prague and Barcelona face each other this Wednesday on matchday 7 of the Champions League at the Eden Arena Stadium. We review the possible lineups and absences of both teams Slavia Prague and FC Barcelona will face each other this Wednesday in the UEFA Champions League 2025-26 at the Eden Arena (21:00 CEST), for [&hellip;]<\/p>\n","protected":false},"author":353,"featured_media":6576,"comment_status":"closed","ping_status":"open","sticky":false,"template":"","format":"standard","meta":{"_acf_changed":false,"inline_featured_image":false,"_nextfly_llmd_date_locked":false,"footnotes":""},"categories":[447,112],"tags":[201,87,136,205],"class_list":["post-6575","post","type-post","status-publish","format-standard","has-post-thumbnail","hentry","category-champions-league-2","category-champions-league","tag-lineups","tag-hansi-flick","tag-injured","tag-slavia-prague"],"acf":[],"yoast_head":"<!-- This site is optimized with the Yoast SEO plugin v27.3 - https:\/\/yoast.com\/product\/yoast-seo-wordpress\/ -->\n<title>Slavia Prague vs Barcelona: probable lineups and absences for the Champions League match<\/title>\n<meta name=\"description\" content=\"Slavia Prague and Bar\u00e7a face each other this Wednesday for Champions League matchday 7 at the Eden Arena stadium. We review the possible lineups and absences\" \/>\n<meta name=\"robots\" content=\"index, follow, max-snippet:-1, max-image-preview:large, max-video-preview:-1\" \/>\n<link rel=\"canonical\" href=\"https:\/\/www.fcbarcelonanoticias.com\/en\/champions-league\/slavia-prague-vs-barcelona-probable-lineups-and-absences_315799_102.html\" \/>\n<meta property=\"og:locale\" content=\"en_US\" \/>\n<meta property=\"og:type\" content=\"article\" \/>\n<meta property=\"og:title\" content=\"Slavia Prague vs Barcelona: probable lineups and absences for the Champions League match\" \/>\n<meta property=\"og:description\" content=\"Slavia Prague and Bar\u00e7a face each other this Wednesday for Champions League matchday 7 at the Eden Arena stadium. We review the possible lineups and absences\" \/>\n<meta property=\"og:url\" content=\"https:\/\/www.fcbarcelonanoticias.com\/en\/champions-league\/slavia-prague-vs-barcelona-probable-lineups-and-absences_315799_102.html\" \/>\n<meta property=\"og:site_name\" content=\"EN - FC Barcelona Noticias\" \/>\n<meta property=\"article:published_time\" content=\"2026-01-20T00:16:00+00:00\" \/>\n<meta property=\"article:modified_time\" content=\"2026-04-16T07:04:17+00:00\" \/>\n<meta property=\"og:image\" content=\"https:\/\/www.fcbarcelonanoticias.com\/en\/wp-content\/uploads\/sites\/2\/2026\/01\/alineaciones-probables-slavia-praga-v-fc-barcelona-champions.jpeg\" \/>\n\t<meta property=\"og:image:width\" content=\"1300\" \/>\n\t<meta property=\"og:image:height\" content=\"732\" \/>\n\t<meta property=\"og:image:type\" content=\"image\/jpeg\" \/>\n<meta name=\"author\" content=\"FC Barcelona Noticias\" \/>\n<meta name=\"twitter:card\" content=\"summary_large_image\" \/>\n<meta name=\"twitter:label1\" content=\"Written by\" \/>\n\t<meta name=\"twitter:data1\" content=\"FC Barcelona Noticias\" \/>\n\t<meta name=\"twitter:label2\" content=\"Est. reading time\" \/>\n\t<meta name=\"twitter:data2\" content=\"3 minutes\" \/>\n<script type=\"application\/ld+json\" class=\"yoast-schema-graph\">{\"@context\":\"https:\\\/\\\/schema.org\",\"@graph\":[{\"@type\":\"Article\",\"@id\":\"https:\\\/\\\/www.fcbarcelonanoticias.com\\\/en\\\/champions-league\\\/slavia-prague-vs-barcelona-probable-lineups-and-absences_315799_102.html#article\",\"isPartOf\":{\"@id\":\"https:\\\/\\\/www.fcbarcelonanoticias.com\\\/en\\\/champions-league\\\/slavia-prague-vs-barcelona-probable-lineups-and-absences_315799_102.html\"},\"author\":{\"name\":\"FC Barcelona Noticias\",\"@id\":\"https:\\\/\\\/www.fcbarcelonanoticias.com\\\/en\\\/#\\\/schema\\\/person\\\/0f2810101d27606974cdb8edb54fa54b\"},\"headline\":\"Slavia Prague vs Barcelona: probable lineups and absentees for the Champions League match\",\"datePublished\":\"2026-01-20T00:16:00+00:00\",\"dateModified\":\"2026-04-16T07:04:17+00:00\",\"mainEntityOfPage\":{\"@id\":\"https:\\\/\\\/www.fcbarcelonanoticias.com\\\/en\\\/champions-league\\\/slavia-prague-vs-barcelona-probable-lineups-and-absences_315799_102.html\"},\"wordCount\":715,\"image\":{\"@id\":\"https:\\\/\\\/www.fcbarcelonanoticias.com\\\/en\\\/champions-league\\\/slavia-prague-vs-barcelona-probable-lineups-and-absences_315799_102.html#primaryimage\"},\"thumbnailUrl\":\"https:\\\/\\\/www.fcbarcelonanoticias.com\\\/en\\\/wp-content\\\/uploads\\\/sites\\\/2\\\/2026\\\/01\\\/alineaciones-probables-slavia-praga-v-fc-barcelona-champions.jpeg\",\"keywords\":[\"FC Barcelona Lineups\",\"Hansi Flick\",\"injured\",\"Slavia Prague\"],\"articleSection\":[\"Champions League\",\"Champions League\"],\"inLanguage\":\"en-US\"},{\"@type\":\"WebPage\",\"@id\":\"https:\\\/\\\/www.fcbarcelonanoticias.com\\\/en\\\/champions-league\\\/slavia-prague-vs-barcelona-probable-lineups-and-absences_315799_102.html\",\"url\":\"https:\\\/\\\/www.fcbarcelonanoticias.com\\\/en\\\/champions-league\\\/slavia-prague-vs-barcelona-probable-lineups-and-absences_315799_102.html\",\"name\":\"Slavia Prague vs Barcelona: probable lineups and absences for the Champions League match\",\"isPartOf\":{\"@id\":\"https:\\\/\\\/www.fcbarcelonanoticias.com\\\/en\\\/#website\"},\"primaryImageOfPage\":{\"@id\":\"https:\\\/\\\/www.fcbarcelonanoticias.com\\\/en\\\/champions-league\\\/slavia-prague-vs-barcelona-probable-lineups-and-absences_315799_102.html#primaryimage\"},\"image\":{\"@id\":\"https:\\\/\\\/www.fcbarcelonanoticias.com\\\/en\\\/champions-league\\\/slavia-prague-vs-barcelona-probable-lineups-and-absences_315799_102.html#primaryimage\"},\"thumbnailUrl\":\"https:\\\/\\\/www.fcbarcelonanoticias.com\\\/en\\\/wp-content\\\/uploads\\\/sites\\\/2\\\/2026\\\/01\\\/alineaciones-probables-slavia-praga-v-fc-barcelona-champions.jpeg\",\"datePublished\":\"2026-01-20T00:16:00+00:00\",\"dateModified\":\"2026-04-16T07:04:17+00:00\",\"author\":{\"@id\":\"https:\\\/\\\/www.fcbarcelonanoticias.com\\\/en\\\/#\\\/schema\\\/person\\\/0f2810101d27606974cdb8edb54fa54b\"},\"description\":\"Slavia Prague and Bar\u00e7a face each other this Wednesday for Champions League matchday 7 at the Eden Arena stadium. We review the possible lineups and absences\",\"breadcrumb\":{\"@id\":\"https:\\\/\\\/www.fcbarcelonanoticias.com\\\/en\\\/champions-league\\\/slavia-prague-vs-barcelona-probable-lineups-and-absences_315799_102.html#breadcrumb\"},\"inLanguage\":\"en-US\",\"potentialAction\":[{\"@type\":\"ReadAction\",\"target\":[\"https:\\\/\\\/www.fcbarcelonanoticias.com\\\/en\\\/champions-league\\\/slavia-prague-vs-barcelona-probable-lineups-and-absences_315799_102.html\"]}]},{\"@type\":\"ImageObject\",\"inLanguage\":\"en-US\",\"@id\":\"https:\\\/\\\/www.fcbarcelonanoticias.com\\\/en\\\/champions-league\\\/slavia-prague-vs-barcelona-probable-lineups-and-absences_315799_102.html#primaryimage\",\"url\":\"https:\\\/\\\/www.fcbarcelonanoticias.com\\\/en\\\/wp-content\\\/uploads\\\/sites\\\/2\\\/2026\\\/01\\\/alineaciones-probables-slavia-praga-v-fc-barcelona-champions.jpeg\",\"contentUrl\":\"https:\\\/\\\/www.fcbarcelonanoticias.com\\\/en\\\/wp-content\\\/uploads\\\/sites\\\/2\\\/2026\\\/01\\\/alineaciones-probables-slavia-praga-v-fc-barcelona-champions.jpeg\",\"width\":1300,\"height\":732},{\"@type\":\"BreadcrumbList\",\"@id\":\"https:\\\/\\\/www.fcbarcelonanoticias.com\\\/en\\\/champions-league\\\/slavia-prague-vs-barcelona-probable-lineups-and-absences_315799_102.html#breadcrumb\",\"itemListElement\":[{\"@type\":\"ListItem\",\"position\":1,\"name\":\"Portada\",\"item\":\"https:\\\/\\\/www.fcbarcelonanoticias.com\\\/en\\\/\"},{\"@type\":\"ListItem\",\"position\":2,\"name\":\"Slavia Prague vs Barcelona: probable lineups and absentees for the Champions League match\"}]},{\"@type\":\"WebSite\",\"@id\":\"https:\\\/\\\/www.fcbarcelonanoticias.com\\\/en\\\/#website\",\"url\":\"https:\\\/\\\/www.fcbarcelonanoticias.com\\\/en\\\/\",\"name\":\"EN - FC Barcelona Noticias\",\"description\":\"\",\"potentialAction\":[{\"@type\":\"SearchAction\",\"target\":{\"@type\":\"EntryPoint\",\"urlTemplate\":\"https:\\\/\\\/www.fcbarcelonanoticias.com\\\/en\\\/?s={search_term_string}\"},\"query-input\":{\"@type\":\"PropertyValueSpecification\",\"valueRequired\":true,\"valueName\":\"search_term_string\"}}],\"inLanguage\":\"en-US\"},{\"@type\":\"Person\",\"@id\":\"https:\\\/\\\/www.fcbarcelonanoticias.com\\\/en\\\/#\\\/schema\\\/person\\\/0f2810101d27606974cdb8edb54fa54b\",\"name\":\"FC Barcelona Noticias\",\"image\":{\"@type\":\"ImageObject\",\"inLanguage\":\"en-US\",\"@id\":\"https:\\\/\\\/secure.gravatar.com\\\/avatar\\\/?s=96&d=mm&r=g\",\"url\":\"https:\\\/\\\/secure.gravatar.com\\\/avatar\\\/?s=96&d=mm&r=g\",\"contentUrl\":\"https:\\\/\\\/secure.gravatar.com\\\/avatar\\\/?s=96&d=mm&r=g\",\"caption\":\"FC Barcelona Noticias\"},\"url\":\"https:\\\/\\\/www.fcbarcelonanoticias.com\\\/en\\\/fc-barcelona\\\/fcbn-writing-fc-barcelona-news_6_115.html\"}]}<\/script>\n<!-- \/ Yoast SEO plugin. -->","yoast_head_json":{"title":"Slavia Prague vs Barcelona: probable lineups and absences for the Champions League match","description":"Slavia Prague and Bar\u00e7a face each other this Wednesday for Champions League matchday 7 at the Eden Arena stadium. We review the possible lineups and absences","robots":{"index":"index","follow":"follow","max-snippet":"max-snippet:-1","max-image-preview":"max-image-preview:large","max-video-preview":"max-video-preview:-1"},"canonical":"https:\/\/www.fcbarcelonanoticias.com\/en\/champions-league\/slavia-prague-vs-barcelona-probable-lineups-and-absences_315799_102.html","og_locale":"en_US","og_type":"article","og_title":"Slavia Prague vs Barcelona: probable lineups and absences for the Champions League match","og_description":"Slavia Prague and Bar\u00e7a face each other this Wednesday for Champions League matchday 7 at the Eden Arena stadium. We review the possible lineups and absences","og_url":"https:\/\/www.fcbarcelonanoticias.com\/en\/champions-league\/slavia-prague-vs-barcelona-probable-lineups-and-absences_315799_102.html","og_site_name":"EN - FC Barcelona Noticias","article_published_time":"2026-01-20T00:16:00+00:00","article_modified_time":"2026-04-16T07:04:17+00:00","og_image":[{"width":1300,"height":732,"url":"https:\/\/www.fcbarcelonanoticias.com\/en\/wp-content\/uploads\/sites\/2\/2026\/01\/alineaciones-probables-slavia-praga-v-fc-barcelona-champions.jpeg","type":"image\/jpeg"}],"author":"FC Barcelona Noticias","twitter_card":"summary_large_image","twitter_misc":{"Written by":"FC Barcelona Noticias","Est. reading time":"3 minutes"},"schema":{"@context":"https:\/\/schema.org","@graph":[{"@type":"Article","@id":"https:\/\/www.fcbarcelonanoticias.com\/en\/champions-league\/slavia-prague-vs-barcelona-probable-lineups-and-absences_315799_102.html#article","isPartOf":{"@id":"https:\/\/www.fcbarcelonanoticias.com\/en\/champions-league\/slavia-prague-vs-barcelona-probable-lineups-and-absences_315799_102.html"},"author":{"name":"FC Barcelona Noticias","@id":"https:\/\/www.fcbarcelonanoticias.com\/en\/#\/schema\/person\/0f2810101d27606974cdb8edb54fa54b"},"headline":"Slavia Prague vs Barcelona: probable lineups and absentees for the Champions League match","datePublished":"2026-01-20T00:16:00+00:00","dateModified":"2026-04-16T07:04:17+00:00","mainEntityOfPage":{"@id":"https:\/\/www.fcbarcelonanoticias.com\/en\/champions-league\/slavia-prague-vs-barcelona-probable-lineups-and-absences_315799_102.html"},"wordCount":715,"image":{"@id":"https:\/\/www.fcbarcelonanoticias.com\/en\/champions-league\/slavia-prague-vs-barcelona-probable-lineups-and-absences_315799_102.html#primaryimage"},"thumbnailUrl":"https:\/\/www.fcbarcelonanoticias.com\/en\/wp-content\/uploads\/sites\/2\/2026\/01\/alineaciones-probables-slavia-praga-v-fc-barcelona-champions.jpeg","keywords":["FC Barcelona Lineups","Hansi Flick","injured","Slavia Prague"],"articleSection":["Champions League","Champions League"],"inLanguage":"en-US"},{"@type":"WebPage","@id":"https:\/\/www.fcbarcelonanoticias.com\/en\/champions-league\/slavia-prague-vs-barcelona-probable-lineups-and-absences_315799_102.html","url":"https:\/\/www.fcbarcelonanoticias.com\/en\/champions-league\/slavia-prague-vs-barcelona-probable-lineups-and-absences_315799_102.html","name":"Slavia Prague vs Barcelona: probable lineups and absences for the Champions League match","isPartOf":{"@id":"https:\/\/www.fcbarcelonanoticias.com\/en\/#website"},"primaryImageOfPage":{"@id":"https:\/\/www.fcbarcelonanoticias.com\/en\/champions-league\/slavia-prague-vs-barcelona-probable-lineups-and-absences_315799_102.html#primaryimage"},"image":{"@id":"https:\/\/www.fcbarcelonanoticias.com\/en\/champions-league\/slavia-prague-vs-barcelona-probable-lineups-and-absences_315799_102.html#primaryimage"},"thumbnailUrl":"https:\/\/www.fcbarcelonanoticias.com\/en\/wp-content\/uploads\/sites\/2\/2026\/01\/alineaciones-probables-slavia-praga-v-fc-barcelona-champions.jpeg","datePublished":"2026-01-20T00:16:00+00:00","dateModified":"2026-04-16T07:04:17+00:00","author":{"@id":"https:\/\/www.fcbarcelonanoticias.com\/en\/#\/schema\/person\/0f2810101d27606974cdb8edb54fa54b"},"description":"Slavia Prague and Bar\u00e7a face each other this Wednesday for Champions League matchday 7 at the Eden Arena stadium. We review the possible lineups and absences","breadcrumb":{"@id":"https:\/\/www.fcbarcelonanoticias.com\/en\/champions-league\/slavia-prague-vs-barcelona-probable-lineups-and-absences_315799_102.html#breadcrumb"},"inLanguage":"en-US","potentialAction":[{"@type":"ReadAction","target":["https:\/\/www.fcbarcelonanoticias.com\/en\/champions-league\/slavia-prague-vs-barcelona-probable-lineups-and-absences_315799_102.html"]}]},{"@type":"ImageObject","inLanguage":"en-US","@id":"https:\/\/www.fcbarcelonanoticias.com\/en\/champions-league\/slavia-prague-vs-barcelona-probable-lineups-and-absences_315799_102.html#primaryimage","url":"https:\/\/www.fcbarcelonanoticias.com\/en\/wp-content\/uploads\/sites\/2\/2026\/01\/alineaciones-probables-slavia-praga-v-fc-barcelona-champions.jpeg","contentUrl":"https:\/\/www.fcbarcelonanoticias.com\/en\/wp-content\/uploads\/sites\/2\/2026\/01\/alineaciones-probables-slavia-praga-v-fc-barcelona-champions.jpeg","width":1300,"height":732},{"@type":"BreadcrumbList","@id":"https:\/\/www.fcbarcelonanoticias.com\/en\/champions-league\/slavia-prague-vs-barcelona-probable-lineups-and-absences_315799_102.html#breadcrumb","itemListElement":[{"@type":"ListItem","position":1,"name":"Portada","item":"https:\/\/www.fcbarcelonanoticias.com\/en\/"},{"@type":"ListItem","position":2,"name":"Slavia Prague vs Barcelona: probable lineups and absentees for the Champions League match"}]},{"@type":"WebSite","@id":"https:\/\/www.fcbarcelonanoticias.com\/en\/#website","url":"https:\/\/www.fcbarcelonanoticias.com\/en\/","name":"EN - FC Barcelona Noticias","description":"","potentialAction":[{"@type":"SearchAction","target":{"@type":"EntryPoint","urlTemplate":"https:\/\/www.fcbarcelonanoticias.com\/en\/?s={search_term_string}"},"query-input":{"@type":"PropertyValueSpecification","valueRequired":true,"valueName":"search_term_string"}}],"inLanguage":"en-US"},{"@type":"Person","@id":"https:\/\/www.fcbarcelonanoticias.com\/en\/#\/schema\/person\/0f2810101d27606974cdb8edb54fa54b","name":"FC Barcelona Noticias","image":{"@type":"ImageObject","inLanguage":"en-US","@id":"https:\/\/secure.gravatar.com\/avatar\/?s=96&d=mm&r=g","url":"https:\/\/secure.gravatar.com\/avatar\/?s=96&d=mm&r=g","contentUrl":"https:\/\/secure.gravatar.com\/avatar\/?s=96&d=mm&r=g","caption":"FC Barcelona Noticias"},"url":"https:\/\/www.fcbarcelonanoticias.com\/en\/fc-barcelona\/fcbn-writing-fc-barcelona-news_6_115.html"}]}},"_links":{"self":[{"href":"https:\/\/www.fcbarcelonanoticias.com\/en\/wp-json\/wp\/v2\/posts\/6575","targetHints":{"allow":["GET"]}}],"collection":[{"href":"https:\/\/www.fcbarcelonanoticias.com\/en\/wp-json\/wp\/v2\/posts"}],"about":[{"href":"https:\/\/www.fcbarcelonanoticias.com\/en\/wp-json\/wp\/v2\/types\/post"}],"author":[{"embeddable":true,"href":"https:\/\/www.fcbarcelonanoticias.com\/en\/wp-json\/wp\/v2\/users\/353"}],"replies":[{"embeddable":true,"href":"https:\/\/www.fcbarcelonanoticias.com\/en\/wp-json\/wp\/v2\/comments?post=6575"}],"version-history":[{"count":3,"href":"https:\/\/www.fcbarcelonanoticias.com\/en\/wp-json\/wp\/v2\/posts\/6575\/revisions"}],"predecessor-version":[{"id":163556,"href":"https:\/\/www.fcbarcelonanoticias.com\/en\/wp-json\/wp\/v2\/posts\/6575\/revisions\/163556"}],"wp:featuredmedia":[{"embeddable":true,"href":"https:\/\/www.fcbarcelonanoticias.com\/en\/wp-json\/wp\/v2\/media\/6576"}],"wp:attachment":[{"href":"https:\/\/www.fcbarcelonanoticias.com\/en\/wp-json\/wp\/v2\/media?parent=6575"}],"wp:term":[{"taxonomy":"category","embeddable":true,"href":"https:\/\/www.fcbarcelonanoticias.com\/en\/wp-json\/wp\/v2\/categories?post=6575"},{"taxonomy":"post_tag","embeddable":true,"href":"https:\/\/www.fcbarcelonanoticias.com\/en\/wp-json\/wp\/v2\/tags?post=6575"}],"curies":[{"name":"wp","href":"https:\/\/api.w.org\/{rel}","templated":true}]}}