{"id":6591,"date":"2024-04-10T00:21:00","date_gmt":"2024-04-09T22:21:00","guid":{"rendered":"https:\/\/weisetech.dev\/fc-barcelona-noticias\/en\/only-cayo-tchouameni-vinicius-bellingham-camavinga-salvaron-they-will-be-back_302469_102\/"},"modified":"2024-04-10T00:21:00","modified_gmt":"2024-04-09T22:21:00","slug":"only-cayo-tchouameni-vinicius-bellingham-camavinga-salvaron-they-will-be-back_302469_102","status":"publish","type":"post","link":"https:\/\/www.fcbarcelonanoticias.com\/en\/champions-league\/only-cayo-tchouameni-vinicius-bellingham-camavinga-salvaron-they-will-be-back_302469_102.html","title":{"rendered":"Only Tchouam\u00e9ni fell! Vinicius, Bellingham and Camavinga were &#8216;saved&#8217; and will be in the return"},"content":{"rendered":"<h2 class=\"wp-block-heading\">Real Madrid will not have Aur\u00e9lien Tchouam\u00e9ni for the second leg of the Champions League quarterfinals against Manchester City. The Frenchman was cautioned at the start of the duel at the Bernab\u00e9u (3-3) and was the only one of the warned &#8216;merengues&#8217; to suffer the &#8216;punishment&#8217;<\/h2>  \r\n<div class=\"article-addons\">\r\n    <a href=\"https:\/\/www.fcbarcelonanoticias.com\/en\/calendar-fc-barcelona.html\"\r\n       target=\"_self\"\r\n       title=\"Calendar of FC Barcelona\"\r\n       class=\"blue-gredient-btn\">\r\n       \r\n        Calendar of FC Barcelona    <\/a>\r\n<\/div>   <p>The Real Madrid left the Tuesday of Santiago Bernab\u00e9u with two big worries for the turn in Manchester in front of the City. In addition to the <a data-external=\"0\" data-intl-links-en=\"https:\/\/www.fcbarcelonanoticias.com\/en\/champions-league\/ode-football-madrid-city-eliminatory-totally-open-etihad-3-3_302466_102.html\" data-intl-links-es=\"https:\/\/www.fcbarcelonanoticias.com\/champions-league\/oda-futbol-madrid-city-eliminatoria-totalmente-abierta-etihad-3-3_302466_102.html\" href=\"https:\/\/www.fcbarcelonanoticias.com\/en\/champions-league\/ode-football-madrid-city-eliminatory-totally-open-etihad-3-3_302466_102.html\" rel=\"follow\" target=\"_self\" title=\"Oda al f\u00fatbol de Madrid y City y eliminatoria totalmente abierta para el Etihad (3-3)\">tie (3-3)<\/a>, <strong>the &#8216;merengues&#8217; regret the drop of Aur\u00e9lien Tchouam\u00e9ni<\/strong>, only of the four apercibidos of face to the revancha of quarter-finals of Champions admonished by the referee Francois Letexier. Dani Carvajal Also saw the yellow on the end, but the side did not run risk of sanction.<\/p>  <p>For Tchouam\u00e9ni, the party could not begin worse in front of the &#8216;cityzens&#8217;. <strong>The French arrived late to a crossing on Jack Grealish and the main did not doubt in showing him the yellow<\/strong>, although hardly it passed the first minute of game. For I satisfy, the fault finish in a free shot converted by Bernardo Silva after a grave error of Lunin. The Ukrainian goalkeeper gave the first stick, putting to Vinicius Jr. As only man in barrier when taking for granted that the luso would opt by a centre to the area.<\/p>  <p>In spite of the caution, <strong>Aur\u00e9lien completed a good party like second head office thanks to the big work of Antonio R\u00fcdiger marking to Erling Haaland<\/strong>. The German was, again, the shadow of the Norwegian during the 90 minutes and, although the English converted three so many, any of the central had greater responsibility in the goals. By the contrary, Toni Kroos and Fede Valverde himself awarded too many eases so much to Phil Foden as to Josko Gvardiol, mainly to the Croatian, so that both converted two golazos from out of the area.<\/p>  <h2>Ancelotti Will trust Nacho to cover the drop of Tchouam\u00e9ni<\/h2>  <p>Consulted by the drop of the French in the press conference post party, Carlo Ancelotti did not doubt in desvelar his plan for the turn in the Etihad Stadium. <strong>&#8220;It is not a problem because have the option of Nacho, of the that always have confidence and also of Militao&#8221;<\/strong>. In this sense, the Italian leaves to glimpse that it will bet by the &#8216;6&#8217; in his alignment, since Militao recently returned of his break of ligament the past weekend.<\/p>  <p>For the Madrid, <strong>the good news had to see with that Eduardo Camavinga, Jude Bellingham and Vinicius finish the party without yellow<\/strong>, since a card would have left them went for the turn. In fact, &#8216;Carletto&#8217; did not doubt that replace to &#8216;Vini&#8217; in the minute 86, foreseeing some crossing with a rival in the final stretch of a very intense party from beginning to end, although with few strong infringements. By the City also were apercibidos Akanji and Bernardo Silva, both without risk of sanction.<\/p>  <blockquote class=\"twitter-tweet\"> <p dir=\"ltr\" lang=\"es\">&#8220;For the turn, like head offices, have to <a href=\"https:\/\/twitter.com\/en\/nachofi1990?ref_src=twsrc%5Etfw\">@nachofi1990<\/a> and <a href=\"https:\/\/twitter.com\/en\/edermilitao?ref_src=twsrc%5Etfw\">@edermilitao<\/a>&#8220;<br><br> &#8220;If we compete the same we can take out something well&#8221;, <a href=\"https:\/\/twitter.com\/en\/MrAncelotti?ref_src=twsrc%5Etfw\">@MrAncelotti<\/a>. <a href=\"https:\/\/twitter.com\/en\/hashtag\/LaCasaDelF%C3%BAtbol?src=hash&amp;ref_src=twsrc%5Etfw\">#LaCasaDelF\u00fatbol<\/a> <a href=\"https:\/\/twitter.com\/en\/hashtag\/UCL?src=hash&amp;ref_src=twsrc%5Etfw\">#UCL<\/a> <a href=\"https:\/\/t.co\/en\/sBz5RfQjOi\">pic.twitter.com\/sbz5rfqjoi<\/a><\/p> \u2014 Football in Movistar Plus+ (@MovistarFutbol) <a href=\"https:\/\/twitter.com\/en\/MovistarFutbol\/status\/1777809040124362851?ref_src=twsrc%5Etfw\">April 9, 2024<\/a> <\/blockquote> ","protected":false},"excerpt":{"rendered":"<p>Real Madrid will not have Aur\u00e9lien Tchouam\u00e9ni for the second leg of the Champions League quarterfinals against Manchester City. The Frenchman was cautioned at the start of the duel at the Bernab\u00e9u (3-3) and was the only one of the warned &#8216;merengues&#8217; to suffer the &#8216;punishment&#8217; The Real Madrid left the Tuesday of Santiago Bernab\u00e9u [&hellip;]<\/p>\n","protected":false},"author":347,"featured_media":6592,"comment_status":"closed","ping_status":"open","sticky":false,"template":"","format":"standard","meta":{"_acf_changed":false,"inline_featured_image":false,"_nextfly_llmd_date_locked":false,"footnotes":""},"categories":[112,447],"tags":[97],"class_list":["post-6591","post","type-post","status-publish","format-standard","has-post-thumbnail","hentry","category-champions-league","category-champions-league-2","tag-manchester-city"],"acf":[],"yoast_head":"<!-- This site is optimized with the Yoast SEO plugin v27.3 - https:\/\/yoast.com\/product\/yoast-seo-wordpress\/ -->\n<title>Only Tchouam\u00e9ni fell! Vinicius, Bellingham and Camavinga were &#039;saved&#039; and will be in the return<\/title>\n<meta name=\"description\" content=\"Real Madrid will not have Aur\u00e9lien Tchouam\u00e9ni for the second leg of the Champions League quarterfinals against Manchester City. The Frenchman was cautioned at the start of the duel at the Bernab\u00e9u (3-3) and was the only one of the warned &#039;merengues&#039; to suffer the &#039;punishment&#039;\" \/>\n<meta name=\"robots\" content=\"index, follow, max-snippet:-1, max-image-preview:large, max-video-preview:-1\" \/>\n<link rel=\"canonical\" href=\"https:\/\/www.fcbarcelonanoticias.com\/en\/champions-league\/only-cayo-tchouameni-vinicius-bellingham-camavinga-salvaron-they-will-be-back_302469_102.html\" \/>\n<meta property=\"og:locale\" content=\"en_US\" \/>\n<meta property=\"og:type\" content=\"article\" \/>\n<meta property=\"og:title\" content=\"Only Tchouam\u00e9ni fell! Vinicius, Bellingham and Camavinga were &#039;saved&#039; and will be in the return\" \/>\n<meta property=\"og:description\" content=\"Real Madrid will not have Aur\u00e9lien Tchouam\u00e9ni for the second leg of the Champions League quarterfinals against Manchester City. The Frenchman was cautioned at the start of the duel at the Bernab\u00e9u (3-3) and was the only one of the warned &#039;merengues&#039; to suffer the &#039;punishment&#039;\" \/>\n<meta property=\"og:url\" content=\"https:\/\/www.fcbarcelonanoticias.com\/en\/champions-league\/only-cayo-tchouameni-vinicius-bellingham-camavinga-salvaron-they-will-be-back_302469_102.html\" \/>\n<meta property=\"og:site_name\" content=\"EN - FC Barcelona Noticias\" \/>\n<meta property=\"article:published_time\" content=\"2024-04-09T22:21:00+00:00\" \/>\n<meta property=\"og:image\" content=\"https:\/\/www.fcbarcelonanoticias.com\/en\/wp-content\/uploads\/sites\/2\/2024\/04\/aurelien-tchouameni-v-manchester-city.jpeg\" \/>\n\t<meta property=\"og:image:width\" content=\"1300\" \/>\n\t<meta property=\"og:image:height\" content=\"732\" \/>\n\t<meta property=\"og:image:type\" content=\"image\/jpeg\" \/>\n<meta name=\"author\" content=\"Andr\u00e9s Quiroz\" \/>\n<meta name=\"twitter:card\" content=\"summary_large_image\" \/>\n<meta name=\"twitter:label1\" content=\"Written by\" \/>\n\t<meta name=\"twitter:data1\" content=\"Andr\u00e9s Quiroz\" \/>\n\t<meta name=\"twitter:label2\" content=\"Est. reading time\" \/>\n\t<meta name=\"twitter:data2\" content=\"3 minutes\" \/>\n<script type=\"application\/ld+json\" class=\"yoast-schema-graph\">{\"@context\":\"https:\\\/\\\/schema.org\",\"@graph\":[{\"@type\":\"Article\",\"@id\":\"https:\\\/\\\/www.fcbarcelonanoticias.com\\\/en\\\/champions-league\\\/only-cayo-tchouameni-vinicius-bellingham-camavinga-salvaron-they-will-be-back_302469_102.html#article\",\"isPartOf\":{\"@id\":\"https:\\\/\\\/www.fcbarcelonanoticias.com\\\/en\\\/champions-league\\\/only-cayo-tchouameni-vinicius-bellingham-camavinga-salvaron-they-will-be-back_302469_102.html\"},\"author\":{\"name\":\"Andr\u00e9s Quiroz\",\"@id\":\"https:\\\/\\\/www.fcbarcelonanoticias.com\\\/en\\\/#\\\/schema\\\/person\\\/c2cd9f6fa1af5c0d0eccd0fefa575c88\"},\"headline\":\"Only Tchouam\u00e9ni fell! Vinicius, Bellingham and Camavinga were &#8216;saved&#8217; and will be in the return\",\"datePublished\":\"2024-04-09T22:21:00+00:00\",\"mainEntityOfPage\":{\"@id\":\"https:\\\/\\\/www.fcbarcelonanoticias.com\\\/en\\\/champions-league\\\/only-cayo-tchouameni-vinicius-bellingham-camavinga-salvaron-they-will-be-back_302469_102.html\"},\"wordCount\":545,\"image\":{\"@id\":\"https:\\\/\\\/www.fcbarcelonanoticias.com\\\/en\\\/champions-league\\\/only-cayo-tchouameni-vinicius-bellingham-camavinga-salvaron-they-will-be-back_302469_102.html#primaryimage\"},\"thumbnailUrl\":\"https:\\\/\\\/www.fcbarcelonanoticias.com\\\/en\\\/wp-content\\\/uploads\\\/sites\\\/2\\\/2024\\\/04\\\/aurelien-tchouameni-v-manchester-city.jpeg\",\"keywords\":[\"Manchester City\"],\"articleSection\":[\"Champions League\",\"Champions League\"],\"inLanguage\":\"en-US\"},{\"@type\":\"WebPage\",\"@id\":\"https:\\\/\\\/www.fcbarcelonanoticias.com\\\/en\\\/champions-league\\\/only-cayo-tchouameni-vinicius-bellingham-camavinga-salvaron-they-will-be-back_302469_102.html\",\"url\":\"https:\\\/\\\/www.fcbarcelonanoticias.com\\\/en\\\/champions-league\\\/only-cayo-tchouameni-vinicius-bellingham-camavinga-salvaron-they-will-be-back_302469_102.html\",\"name\":\"Only Tchouam\u00e9ni fell! Vinicius, Bellingham and Camavinga were 'saved' and will be in the return\",\"isPartOf\":{\"@id\":\"https:\\\/\\\/www.fcbarcelonanoticias.com\\\/en\\\/#website\"},\"primaryImageOfPage\":{\"@id\":\"https:\\\/\\\/www.fcbarcelonanoticias.com\\\/en\\\/champions-league\\\/only-cayo-tchouameni-vinicius-bellingham-camavinga-salvaron-they-will-be-back_302469_102.html#primaryimage\"},\"image\":{\"@id\":\"https:\\\/\\\/www.fcbarcelonanoticias.com\\\/en\\\/champions-league\\\/only-cayo-tchouameni-vinicius-bellingham-camavinga-salvaron-they-will-be-back_302469_102.html#primaryimage\"},\"thumbnailUrl\":\"https:\\\/\\\/www.fcbarcelonanoticias.com\\\/en\\\/wp-content\\\/uploads\\\/sites\\\/2\\\/2024\\\/04\\\/aurelien-tchouameni-v-manchester-city.jpeg\",\"datePublished\":\"2024-04-09T22:21:00+00:00\",\"author\":{\"@id\":\"https:\\\/\\\/www.fcbarcelonanoticias.com\\\/en\\\/#\\\/schema\\\/person\\\/c2cd9f6fa1af5c0d0eccd0fefa575c88\"},\"description\":\"Real Madrid will not have Aur\u00e9lien Tchouam\u00e9ni for the second leg of the Champions League quarterfinals against Manchester City. The Frenchman was cautioned at the start of the duel at the Bernab\u00e9u (3-3) and was the only one of the warned 'merengues' to suffer the 'punishment'\",\"breadcrumb\":{\"@id\":\"https:\\\/\\\/www.fcbarcelonanoticias.com\\\/en\\\/champions-league\\\/only-cayo-tchouameni-vinicius-bellingham-camavinga-salvaron-they-will-be-back_302469_102.html#breadcrumb\"},\"inLanguage\":\"en-US\",\"potentialAction\":[{\"@type\":\"ReadAction\",\"target\":[\"https:\\\/\\\/www.fcbarcelonanoticias.com\\\/en\\\/champions-league\\\/only-cayo-tchouameni-vinicius-bellingham-camavinga-salvaron-they-will-be-back_302469_102.html\"]}]},{\"@type\":\"ImageObject\",\"inLanguage\":\"en-US\",\"@id\":\"https:\\\/\\\/www.fcbarcelonanoticias.com\\\/en\\\/champions-league\\\/only-cayo-tchouameni-vinicius-bellingham-camavinga-salvaron-they-will-be-back_302469_102.html#primaryimage\",\"url\":\"https:\\\/\\\/www.fcbarcelonanoticias.com\\\/en\\\/wp-content\\\/uploads\\\/sites\\\/2\\\/2024\\\/04\\\/aurelien-tchouameni-v-manchester-city.jpeg\",\"contentUrl\":\"https:\\\/\\\/www.fcbarcelonanoticias.com\\\/en\\\/wp-content\\\/uploads\\\/sites\\\/2\\\/2024\\\/04\\\/aurelien-tchouameni-v-manchester-city.jpeg\",\"width\":1300,\"height\":732},{\"@type\":\"BreadcrumbList\",\"@id\":\"https:\\\/\\\/www.fcbarcelonanoticias.com\\\/en\\\/champions-league\\\/only-cayo-tchouameni-vinicius-bellingham-camavinga-salvaron-they-will-be-back_302469_102.html#breadcrumb\",\"itemListElement\":[{\"@type\":\"ListItem\",\"position\":1,\"name\":\"Portada\",\"item\":\"https:\\\/\\\/www.fcbarcelonanoticias.com\\\/en\\\/\"},{\"@type\":\"ListItem\",\"position\":2,\"name\":\"Only Tchouam\u00e9ni fell! Vinicius, Bellingham and Camavinga were &#8216;saved&#8217; and will be in the return\"}]},{\"@type\":\"WebSite\",\"@id\":\"https:\\\/\\\/www.fcbarcelonanoticias.com\\\/en\\\/#website\",\"url\":\"https:\\\/\\\/www.fcbarcelonanoticias.com\\\/en\\\/\",\"name\":\"EN - FC Barcelona Noticias\",\"description\":\"\",\"potentialAction\":[{\"@type\":\"SearchAction\",\"target\":{\"@type\":\"EntryPoint\",\"urlTemplate\":\"https:\\\/\\\/www.fcbarcelonanoticias.com\\\/en\\\/?s={search_term_string}\"},\"query-input\":{\"@type\":\"PropertyValueSpecification\",\"valueRequired\":true,\"valueName\":\"search_term_string\"}}],\"inLanguage\":\"en-US\"},{\"@type\":\"Person\",\"@id\":\"https:\\\/\\\/www.fcbarcelonanoticias.com\\\/en\\\/#\\\/schema\\\/person\\\/c2cd9f6fa1af5c0d0eccd0fefa575c88\",\"name\":\"Andr\u00e9s Quiroz\",\"image\":{\"@type\":\"ImageObject\",\"inLanguage\":\"en-US\",\"@id\":\"https:\\\/\\\/secure.gravatar.com\\\/avatar\\\/?s=96&d=mm&r=g\",\"url\":\"https:\\\/\\\/secure.gravatar.com\\\/avatar\\\/?s=96&d=mm&r=g\",\"contentUrl\":\"https:\\\/\\\/secure.gravatar.com\\\/avatar\\\/?s=96&d=mm&r=g\",\"caption\":\"Andr\u00e9s Quiroz\"},\"description\":\"Licenciado en Periodismo por la Universidad de los Andes. Me encargo de analizar y compartir los contenidos m\u00e1s destacados de la\u00a0actualidad del F\u00fatbol Club Barcelona, Mercado de Fichajes y F\u00fatbol Internacional en FCBN. La informaci\u00f3n es poder, pero tambi\u00e9n conocimiento.\",\"url\":\"https:\\\/\\\/www.fcbarcelonanoticias.com\\\/en\\\/fc-barcelona\\\/andres-quiroz_17_115.html\"}]}<\/script>\n<!-- \/ Yoast SEO plugin. -->","yoast_head_json":{"title":"Only Tchouam\u00e9ni fell! Vinicius, Bellingham and Camavinga were 'saved' and will be in the return","description":"Real Madrid will not have Aur\u00e9lien Tchouam\u00e9ni for the second leg of the Champions League quarterfinals against Manchester City. The Frenchman was cautioned at the start of the duel at the Bernab\u00e9u (3-3) and was the only one of the warned 'merengues' to suffer the 'punishment'","robots":{"index":"index","follow":"follow","max-snippet":"max-snippet:-1","max-image-preview":"max-image-preview:large","max-video-preview":"max-video-preview:-1"},"canonical":"https:\/\/www.fcbarcelonanoticias.com\/en\/champions-league\/only-cayo-tchouameni-vinicius-bellingham-camavinga-salvaron-they-will-be-back_302469_102.html","og_locale":"en_US","og_type":"article","og_title":"Only Tchouam\u00e9ni fell! Vinicius, Bellingham and Camavinga were 'saved' and will be in the return","og_description":"Real Madrid will not have Aur\u00e9lien Tchouam\u00e9ni for the second leg of the Champions League quarterfinals against Manchester City. The Frenchman was cautioned at the start of the duel at the Bernab\u00e9u (3-3) and was the only one of the warned 'merengues' to suffer the 'punishment'","og_url":"https:\/\/www.fcbarcelonanoticias.com\/en\/champions-league\/only-cayo-tchouameni-vinicius-bellingham-camavinga-salvaron-they-will-be-back_302469_102.html","og_site_name":"EN - FC Barcelona Noticias","article_published_time":"2024-04-09T22:21:00+00:00","og_image":[{"width":1300,"height":732,"url":"https:\/\/www.fcbarcelonanoticias.com\/en\/wp-content\/uploads\/sites\/2\/2024\/04\/aurelien-tchouameni-v-manchester-city.jpeg","type":"image\/jpeg"}],"author":"Andr\u00e9s Quiroz","twitter_card":"summary_large_image","twitter_misc":{"Written by":"Andr\u00e9s Quiroz","Est. reading time":"3 minutes"},"schema":{"@context":"https:\/\/schema.org","@graph":[{"@type":"Article","@id":"https:\/\/www.fcbarcelonanoticias.com\/en\/champions-league\/only-cayo-tchouameni-vinicius-bellingham-camavinga-salvaron-they-will-be-back_302469_102.html#article","isPartOf":{"@id":"https:\/\/www.fcbarcelonanoticias.com\/en\/champions-league\/only-cayo-tchouameni-vinicius-bellingham-camavinga-salvaron-they-will-be-back_302469_102.html"},"author":{"name":"Andr\u00e9s Quiroz","@id":"https:\/\/www.fcbarcelonanoticias.com\/en\/#\/schema\/person\/c2cd9f6fa1af5c0d0eccd0fefa575c88"},"headline":"Only Tchouam\u00e9ni fell! Vinicius, Bellingham and Camavinga were &#8216;saved&#8217; and will be in the return","datePublished":"2024-04-09T22:21:00+00:00","mainEntityOfPage":{"@id":"https:\/\/www.fcbarcelonanoticias.com\/en\/champions-league\/only-cayo-tchouameni-vinicius-bellingham-camavinga-salvaron-they-will-be-back_302469_102.html"},"wordCount":545,"image":{"@id":"https:\/\/www.fcbarcelonanoticias.com\/en\/champions-league\/only-cayo-tchouameni-vinicius-bellingham-camavinga-salvaron-they-will-be-back_302469_102.html#primaryimage"},"thumbnailUrl":"https:\/\/www.fcbarcelonanoticias.com\/en\/wp-content\/uploads\/sites\/2\/2024\/04\/aurelien-tchouameni-v-manchester-city.jpeg","keywords":["Manchester City"],"articleSection":["Champions League","Champions League"],"inLanguage":"en-US"},{"@type":"WebPage","@id":"https:\/\/www.fcbarcelonanoticias.com\/en\/champions-league\/only-cayo-tchouameni-vinicius-bellingham-camavinga-salvaron-they-will-be-back_302469_102.html","url":"https:\/\/www.fcbarcelonanoticias.com\/en\/champions-league\/only-cayo-tchouameni-vinicius-bellingham-camavinga-salvaron-they-will-be-back_302469_102.html","name":"Only Tchouam\u00e9ni fell! Vinicius, Bellingham and Camavinga were 'saved' and will be in the return","isPartOf":{"@id":"https:\/\/www.fcbarcelonanoticias.com\/en\/#website"},"primaryImageOfPage":{"@id":"https:\/\/www.fcbarcelonanoticias.com\/en\/champions-league\/only-cayo-tchouameni-vinicius-bellingham-camavinga-salvaron-they-will-be-back_302469_102.html#primaryimage"},"image":{"@id":"https:\/\/www.fcbarcelonanoticias.com\/en\/champions-league\/only-cayo-tchouameni-vinicius-bellingham-camavinga-salvaron-they-will-be-back_302469_102.html#primaryimage"},"thumbnailUrl":"https:\/\/www.fcbarcelonanoticias.com\/en\/wp-content\/uploads\/sites\/2\/2024\/04\/aurelien-tchouameni-v-manchester-city.jpeg","datePublished":"2024-04-09T22:21:00+00:00","author":{"@id":"https:\/\/www.fcbarcelonanoticias.com\/en\/#\/schema\/person\/c2cd9f6fa1af5c0d0eccd0fefa575c88"},"description":"Real Madrid will not have Aur\u00e9lien Tchouam\u00e9ni for the second leg of the Champions League quarterfinals against Manchester City. The Frenchman was cautioned at the start of the duel at the Bernab\u00e9u (3-3) and was the only one of the warned 'merengues' to suffer the 'punishment'","breadcrumb":{"@id":"https:\/\/www.fcbarcelonanoticias.com\/en\/champions-league\/only-cayo-tchouameni-vinicius-bellingham-camavinga-salvaron-they-will-be-back_302469_102.html#breadcrumb"},"inLanguage":"en-US","potentialAction":[{"@type":"ReadAction","target":["https:\/\/www.fcbarcelonanoticias.com\/en\/champions-league\/only-cayo-tchouameni-vinicius-bellingham-camavinga-salvaron-they-will-be-back_302469_102.html"]}]},{"@type":"ImageObject","inLanguage":"en-US","@id":"https:\/\/www.fcbarcelonanoticias.com\/en\/champions-league\/only-cayo-tchouameni-vinicius-bellingham-camavinga-salvaron-they-will-be-back_302469_102.html#primaryimage","url":"https:\/\/www.fcbarcelonanoticias.com\/en\/wp-content\/uploads\/sites\/2\/2024\/04\/aurelien-tchouameni-v-manchester-city.jpeg","contentUrl":"https:\/\/www.fcbarcelonanoticias.com\/en\/wp-content\/uploads\/sites\/2\/2024\/04\/aurelien-tchouameni-v-manchester-city.jpeg","width":1300,"height":732},{"@type":"BreadcrumbList","@id":"https:\/\/www.fcbarcelonanoticias.com\/en\/champions-league\/only-cayo-tchouameni-vinicius-bellingham-camavinga-salvaron-they-will-be-back_302469_102.html#breadcrumb","itemListElement":[{"@type":"ListItem","position":1,"name":"Portada","item":"https:\/\/www.fcbarcelonanoticias.com\/en\/"},{"@type":"ListItem","position":2,"name":"Only Tchouam\u00e9ni fell! Vinicius, Bellingham and Camavinga were &#8216;saved&#8217; and will be in the return"}]},{"@type":"WebSite","@id":"https:\/\/www.fcbarcelonanoticias.com\/en\/#website","url":"https:\/\/www.fcbarcelonanoticias.com\/en\/","name":"EN - FC Barcelona Noticias","description":"","potentialAction":[{"@type":"SearchAction","target":{"@type":"EntryPoint","urlTemplate":"https:\/\/www.fcbarcelonanoticias.com\/en\/?s={search_term_string}"},"query-input":{"@type":"PropertyValueSpecification","valueRequired":true,"valueName":"search_term_string"}}],"inLanguage":"en-US"},{"@type":"Person","@id":"https:\/\/www.fcbarcelonanoticias.com\/en\/#\/schema\/person\/c2cd9f6fa1af5c0d0eccd0fefa575c88","name":"Andr\u00e9s Quiroz","image":{"@type":"ImageObject","inLanguage":"en-US","@id":"https:\/\/secure.gravatar.com\/avatar\/?s=96&d=mm&r=g","url":"https:\/\/secure.gravatar.com\/avatar\/?s=96&d=mm&r=g","contentUrl":"https:\/\/secure.gravatar.com\/avatar\/?s=96&d=mm&r=g","caption":"Andr\u00e9s Quiroz"},"description":"Licenciado en Periodismo por la Universidad de los Andes. Me encargo de analizar y compartir los contenidos m\u00e1s destacados de la\u00a0actualidad del F\u00fatbol Club Barcelona, Mercado de Fichajes y F\u00fatbol Internacional en FCBN. La informaci\u00f3n es poder, pero tambi\u00e9n conocimiento.","url":"https:\/\/www.fcbarcelonanoticias.com\/en\/fc-barcelona\/andres-quiroz_17_115.html"}]}},"_links":{"self":[{"href":"https:\/\/www.fcbarcelonanoticias.com\/en\/wp-json\/wp\/v2\/posts\/6591","targetHints":{"allow":["GET"]}}],"collection":[{"href":"https:\/\/www.fcbarcelonanoticias.com\/en\/wp-json\/wp\/v2\/posts"}],"about":[{"href":"https:\/\/www.fcbarcelonanoticias.com\/en\/wp-json\/wp\/v2\/types\/post"}],"author":[{"embeddable":true,"href":"https:\/\/www.fcbarcelonanoticias.com\/en\/wp-json\/wp\/v2\/users\/347"}],"replies":[{"embeddable":true,"href":"https:\/\/www.fcbarcelonanoticias.com\/en\/wp-json\/wp\/v2\/comments?post=6591"}],"version-history":[{"count":1,"href":"https:\/\/www.fcbarcelonanoticias.com\/en\/wp-json\/wp\/v2\/posts\/6591\/revisions"}],"predecessor-version":[{"id":101663,"href":"https:\/\/www.fcbarcelonanoticias.com\/en\/wp-json\/wp\/v2\/posts\/6591\/revisions\/101663"}],"wp:featuredmedia":[{"embeddable":true,"href":"https:\/\/www.fcbarcelonanoticias.com\/en\/wp-json\/wp\/v2\/media\/6592"}],"wp:attachment":[{"href":"https:\/\/www.fcbarcelonanoticias.com\/en\/wp-json\/wp\/v2\/media?parent=6591"}],"wp:term":[{"taxonomy":"category","embeddable":true,"href":"https:\/\/www.fcbarcelonanoticias.com\/en\/wp-json\/wp\/v2\/categories?post=6591"},{"taxonomy":"post_tag","embeddable":true,"href":"https:\/\/www.fcbarcelonanoticias.com\/en\/wp-json\/wp\/v2\/tags?post=6591"}],"curies":[{"name":"wp","href":"https:\/\/api.w.org\/{rel}","templated":true}]}}