{"id":6605,"date":"2025-11-23T19:55:00","date_gmt":"2025-11-23T18:55:00","guid":{"rendered":"https:\/\/weisetech.dev\/fc-barcelona-noticias\/en\/azulgrana-danger-slavko-vincic-will-referee-chelsea-barca_315309_102\/"},"modified":"2026-03-27T11:29:35","modified_gmt":"2026-03-27T10:29:35","slug":"azulgrana-danger-slavko-vincic-will-referee-chelsea-barca_315309_102","status":"publish","type":"post","link":"https:\/\/www.fcbarcelonanoticias.com\/en\/champions-league\/azulgrana-danger-slavko-vincic-will-referee-chelsea-barca_315309_102.html","title":{"rendered":"Slavko Vincic: Controversial referee appointment by UEFA for Chelsea-Bar\u00e7a"},"content":{"rendered":"<h2 class=\"wp-block-heading\">UEFA confirmed Slovenian Slavko Vincic as the main referee for Chelsea-Barcelona. German Christian Dingert will be in charge of VAR at Stamford Bridge, for matchday 5 of the Champions League<\/h2>  \r\n<div class=\"article-addons\">\r\n    <a href=\"https:\/\/www.fcbarcelonanoticias.com\/en\/calendar-fc-barcelona.html\"\r\n       target=\"_self\"\r\n       title=\"Calendar of FC Barcelona\"\r\n       class=\"blue-gredient-btn\">\r\n       \r\n        Calendar of FC Barcelona    <\/a>\r\n<\/div>   <p><strong>FC Barcelona<\/strong> visits <strong>Chelsea<\/strong> this Tuesday, November 25 (9:00 PM CEST) for matchday 5 of the <strong>2025\/26 UEFA Champions League<\/strong>, and will do so under the refereeing of Slavko Vincic. The Slovenian was appointed by UEFA along with German Christian Dingert (VAR) to officiate the fifteenth encounter between the Catalans and the &#8216;Blues&#8217; in the tournament.<\/p>  <p>This season, Vincic has refereed two matches in the league stage, both involving Spanish teams. The Slovenian was the main official for Atl\u00e9tico&#8217;s thrashing of Eintracht (5-1) and for Real Madrid&#8217;s narrow victory against Juventus (1-0). In both matches, he only issued three yellow cards and awarded one penalty in favor of the &#8216;colchonero&#8217; side.<\/p>  <p>Previously, the 45-year-old referee, an international since 2010, <strong>officiated Bar\u00e7a on a couple of occasions<\/strong>, with mixed luck for the Catalans. Chelsea, for their part, have played three times with the Slovenian as the main official, with a full slate of victories for the English.<\/p>  <h2>Bar\u00e7a&#8217;s bad memory in the Champions League with Slavko Vincic<\/h2>  <div class=\"media media-image\" data-ck-asset-wrapper=\"\"> <div class=\"media-item\"> <img loading=\"lazy\" decoding=\"async\" alt=\"Lewandowski and \u00c7alhano\u011flu in the duel between Bar\u00e7a and Inter Milan in the 2022-23 Champions League\" data-id=\"1491997\" data-resize=\"9\" height=\"563\" src=\"https:\/\/www.fcbarcelonanoticias.com\/wp-content\/uploads\/sites\/2\/2025\/11\/fcbn-5481002fbdd88a0fbf4b05109cf04b74.jpeg\" title=\"Lewandowski and \u00c7alhano\u011flu in the duel between Bar\u00e7a and Inter Milan in the 2022-23 Champions League\" width=\"1000\"><div class=\"media-title\">Lewandowski and \u00c7alhano\u011flu in the duel between Bar\u00e7a and Inter Milan in the 2022-23 Champions League<\/div> <\/div> <\/div>  <p>The first time Barcelona played a match refereed by Slavko Vincic was on matchday 3 of the group stage of the 22\/23 season. In <a data-external=\"0\" data-intl-links-en=\"https:\/\/www.fcbarcelonanoticias.com\/en\/champions-league\/chronicle-of-the-inter-fc-barcelona-x-x-of-the-champions-leag_285086_102.html\" data-intl-links-es=\"https:\/\/www.fcbarcelonanoticias.com\/champions-league\/cronica-inter-fc-barcelona-1-0-champions-league-2022-2023_285086_102.html\" href=\"https:\/\/www.fcbarcelonanoticias.com\/en\/champions-league\/chronicle-of-the-inter-fc-barcelona-x-x-of-the-champions-leag_285086_102.html\" rel=\"follow\" target=\"_self\" title=\"Un desdibujado Bar\u00e7a cae con pol\u00e9mica ante el Inter en su 1\u00aa 'final' (1-0)\">the defeat against Inter Milan (1-0)<\/a>, the referee from Maribor failed to send off Hakan \u00c7alhanoglu for a nasty tackle on Sergio Busquets and also made two other controversial decisions against the Catalan side.<\/p>  <p>First, he disallowed a goal by Pedri for a previous handball by Ansu Fati. Then, in stoppage time, he overlooked a clear handball by Denzel Dumfries inside the box after a shot by Ansu himself. That defeat, added to the draw at Camp Nou on matchday 4, sealed Bar\u00e7a&#8217;s early elimination from the tournament.<\/p>  <p>In 244\/25, Vincic also refereed the match at Montju\u00efc against Bayern Munich, which ended with a <a data-external=\"0\" data-intl-links-en=\"https:\/\/www.fcbarcelonanoticias.com\/en\/champions-league\/fc-barcelona-4-1-bayern-raphinha-leads-historic-win-to-usher-in-new-era_308112_102.html\" data-intl-links-es=\"https:\/\/www.fcbarcelonanoticias.com\/champions-league\/fc-barcelona-4-1-bayern-raphinha-lidera-triunfo-historico-da-inicio-nueva-era_308112_102.html\" href=\"https:\/\/www.fcbarcelonanoticias.com\/en\/champions-league\/fc-barcelona-4-1-bayern-raphinha-leads-historic-win-to-usher-in-new-era_308112_102.html\" rel=\"follow\" target=\"_self\" title=\"FC Barcelona 4-1 Bayern: Raphinha lidera un triunfo hist\u00f3rico que da inicio a la 'nueva era'\">4-1 victory for the Catalans<\/a>. A hat-trick from Raphinha and another goal from Robert Lewandowski defeated the Bavarian team in a match without controversy.&nbsp;<\/p>  <p>Chelsea, for their part, have not played a Champions League match refereed by Slavko Vincic since the quarter-finals of the 20\/21 season (a 0-2 victory against <strong>Porto<\/strong>). This year, the Slovenian officiated the English team, but in the Club World Cup <a data-external=\"0\" data-intl-links-en=\"https:\/\/www.fcbarcelonanoticias.com\/en\/club-world-cup\/benfica-1-4-chelsea-blue-thrashing-in-an-endless-match_313292_102.html\" data-intl-links-es=\"https:\/\/www.fcbarcelonanoticias.com\/mundial-de-clubes\/benfica-1-4-chelsea-goleada-clasificacion-blue-en-partido-interminable_313292_102.html\" href=\"https:\/\/www.fcbarcelonanoticias.com\/en\/club-world-cup\/benfica-1-4-chelsea-blue-thrashing-in-an-endless-match_313292_102.html\" rel=\"follow\" target=\"_self\" title=\"Benfica 1-4 Chelsea: goleada y clasificaci\u00f3n 'blue' en un partido interminable\">against Benfica<\/a> (a 1-4 thrashing after extra time).<\/p>  <h2>Bar\u00e7a seeks second victory at Stamford Bridge<\/h2>  <p>For Barcelona, the visit to Stamford Bridge will be their 8th in the Champions League to a stadium where they have only managed to win once. It was in the first leg of the <strong>2005\/06 round of 16 (1-2)<\/strong>, with goals from John Terry (own goal) and Samuel Eto&#8217;o.<\/p>  <p>On their last visit to London, the &#8216;cul\u00e9s&#8217; salvaged <strong>a 1-1 draw in the first leg of the round of 16 in 17\/18<\/strong>. Leo Messi scored the goal for the Catalan side, which would advance to the quarterfinals with a 4-1 aggregate. In total, the Catalans have 1 win, 2 draws, and 4 losses on &#8216;blue&#8217; turf.<\/p>  <p>This season, Hansi Flick&#8217;s team started with a win in <strong>Newcastle <\/strong>(1-2), but then lost to <strong>PSG <\/strong>in Montju\u00efc (1-2). After the thrashing of <strong>Olympiacos <\/strong>at home (6-1), the team faltered again in <strong>Bruges <\/strong>(3-3). Therefore, Bar\u00e7a needs to win on Tuesday to get closer to the TOP-8 that gives direct access to the round of 16. Chelsea, for now, has the same number of points as their rival (7).<\/p>  <ul> <li>\ud83d\udccc&nbsp;<strong>YOU MAY BE INTERESTED IN:<\/strong>&nbsp;<strong><a data-external=\"0\" data-intl-links-en=\"https:\/\/www.fcbarcelonanoticias.com\/en\/champions-league\" data-intl-links-es=\"https:\/\/www.fcbarcelonanoticias.com\/champions-league\" href=\"https:\/\/www.fcbarcelonanoticias.com\/en\/football-soccer\/champions-league.html\" rel=\"follow\" target=\"_self\" title=\"UEFA Champions League 25\/26 - Latest news\">All the information&nbsp;about the Champions League 20\/26<\/a>&nbsp;<\/strong> <\/li> <\/ul> ","protected":false},"excerpt":{"rendered":"<p>UEFA confirmed Slovenian Slavko Vincic as the main referee for Chelsea-Barcelona. German Christian Dingert will be in charge of VAR at Stamford Bridge, for matchday 5 of the Champions League FC Barcelona visits Chelsea this Tuesday, November 25 (9:00 PM CEST) for matchday 5 of the 2025\/26 UEFA Champions League, and will do so under [&hellip;]<\/p>\n","protected":false},"author":347,"featured_media":6606,"comment_status":"closed","ping_status":"open","sticky":false,"template":"","format":"standard","meta":{"_acf_changed":false,"inline_featured_image":false,"_nextfly_llmd_date_locked":false,"footnotes":""},"categories":[112,447],"tags":[161,190,54],"class_list":["post-6605","post","type-post","status-publish","format-standard","has-post-thumbnail","hentry","category-champions-league","category-champions-league-2","tag-chelsea","tag-referees","tag-uefa"],"acf":[],"yoast_head":"<!-- This site is optimized with the Yoast SEO plugin v27.3 - https:\/\/yoast.com\/product\/yoast-seo-wordpress\/ -->\n<title>Azulgrana danger? Slavko Vincic will referee Chelsea-Bar\u00e7a<\/title>\n<meta name=\"description\" content=\"UEFA confirmed Slovenian Slavko Vincic as the main referee for Chelsea-Barcelona. German Christian Dingert will be in charge of VAR\" \/>\n<meta name=\"robots\" content=\"index, follow, max-snippet:-1, max-image-preview:large, max-video-preview:-1\" \/>\n<link rel=\"canonical\" href=\"https:\/\/www.fcbarcelonanoticias.com\/en\/champions-league\/azulgrana-danger-slavko-vincic-will-referee-chelsea-barca_315309_102.html\" \/>\n<meta property=\"og:locale\" content=\"en_US\" \/>\n<meta property=\"og:type\" content=\"article\" \/>\n<meta property=\"og:title\" content=\"Azulgrana danger? Slavko Vincic will referee Chelsea-Bar\u00e7a\" \/>\n<meta property=\"og:description\" content=\"UEFA confirmed Slovenian Slavko Vincic as the main referee for Chelsea-Barcelona. German Christian Dingert will be in charge of VAR\" \/>\n<meta property=\"og:url\" content=\"https:\/\/www.fcbarcelonanoticias.com\/en\/champions-league\/azulgrana-danger-slavko-vincic-will-referee-chelsea-barca_315309_102.html\" \/>\n<meta property=\"og:site_name\" content=\"EN - FC Barcelona Noticias\" \/>\n<meta property=\"article:published_time\" content=\"2025-11-23T18:55:00+00:00\" \/>\n<meta property=\"article:modified_time\" content=\"2026-03-27T10:29:35+00:00\" \/>\n<meta property=\"og:image\" content=\"https:\/\/www.fcbarcelonanoticias.com\/en\/wp-content\/uploads\/sites\/2\/2025\/11\/slavko-vincic-arbitro-uefa.webp\" \/>\n\t<meta property=\"og:image:width\" content=\"1200\" \/>\n\t<meta property=\"og:image:height\" content=\"675\" \/>\n\t<meta property=\"og:image:type\" content=\"image\/webp\" \/>\n<meta name=\"author\" content=\"Andr\u00e9s Quiroz\" \/>\n<meta name=\"twitter:card\" content=\"summary_large_image\" \/>\n<meta name=\"twitter:label1\" content=\"Written by\" \/>\n\t<meta name=\"twitter:data1\" content=\"Andr\u00e9s Quiroz\" \/>\n\t<meta name=\"twitter:label2\" content=\"Est. reading time\" \/>\n\t<meta name=\"twitter:data2\" content=\"3 minutes\" \/>\n<script type=\"application\/ld+json\" class=\"yoast-schema-graph\">{\"@context\":\"https:\\\/\\\/schema.org\",\"@graph\":[{\"@type\":\"Article\",\"@id\":\"https:\\\/\\\/www.fcbarcelonanoticias.com\\\/en\\\/champions-league\\\/azulgrana-danger-slavko-vincic-will-referee-chelsea-barca_315309_102.html#article\",\"isPartOf\":{\"@id\":\"https:\\\/\\\/www.fcbarcelonanoticias.com\\\/en\\\/champions-league\\\/azulgrana-danger-slavko-vincic-will-referee-chelsea-barca_315309_102.html\"},\"author\":{\"name\":\"Andr\u00e9s Quiroz\",\"@id\":\"https:\\\/\\\/www.fcbarcelonanoticias.com\\\/en\\\/#\\\/schema\\\/person\\\/c2cd9f6fa1af5c0d0eccd0fefa575c88\"},\"headline\":\"Slavko Vincic: Controversial referee appointment by UEFA for Chelsea-Bar\u00e7a\",\"datePublished\":\"2025-11-23T18:55:00+00:00\",\"dateModified\":\"2026-03-27T10:29:35+00:00\",\"mainEntityOfPage\":{\"@id\":\"https:\\\/\\\/www.fcbarcelonanoticias.com\\\/en\\\/champions-league\\\/azulgrana-danger-slavko-vincic-will-referee-chelsea-barca_315309_102.html\"},\"wordCount\":620,\"image\":{\"@id\":\"https:\\\/\\\/www.fcbarcelonanoticias.com\\\/en\\\/champions-league\\\/azulgrana-danger-slavko-vincic-will-referee-chelsea-barca_315309_102.html#primaryimage\"},\"thumbnailUrl\":\"https:\\\/\\\/www.fcbarcelonanoticias.com\\\/en\\\/wp-content\\\/uploads\\\/sites\\\/2\\\/2025\\\/11\\\/slavko-vincic-arbitro-uefa.webp\",\"keywords\":[\"Chelsea\",\"Referees\",\"UEFA\"],\"articleSection\":[\"Champions League\",\"Champions League\"],\"inLanguage\":\"en-US\"},{\"@type\":\"WebPage\",\"@id\":\"https:\\\/\\\/www.fcbarcelonanoticias.com\\\/en\\\/champions-league\\\/azulgrana-danger-slavko-vincic-will-referee-chelsea-barca_315309_102.html\",\"url\":\"https:\\\/\\\/www.fcbarcelonanoticias.com\\\/en\\\/champions-league\\\/azulgrana-danger-slavko-vincic-will-referee-chelsea-barca_315309_102.html\",\"name\":\"Azulgrana danger? Slavko Vincic will referee Chelsea-Bar\u00e7a\",\"isPartOf\":{\"@id\":\"https:\\\/\\\/www.fcbarcelonanoticias.com\\\/en\\\/#website\"},\"primaryImageOfPage\":{\"@id\":\"https:\\\/\\\/www.fcbarcelonanoticias.com\\\/en\\\/champions-league\\\/azulgrana-danger-slavko-vincic-will-referee-chelsea-barca_315309_102.html#primaryimage\"},\"image\":{\"@id\":\"https:\\\/\\\/www.fcbarcelonanoticias.com\\\/en\\\/champions-league\\\/azulgrana-danger-slavko-vincic-will-referee-chelsea-barca_315309_102.html#primaryimage\"},\"thumbnailUrl\":\"https:\\\/\\\/www.fcbarcelonanoticias.com\\\/en\\\/wp-content\\\/uploads\\\/sites\\\/2\\\/2025\\\/11\\\/slavko-vincic-arbitro-uefa.webp\",\"datePublished\":\"2025-11-23T18:55:00+00:00\",\"dateModified\":\"2026-03-27T10:29:35+00:00\",\"author\":{\"@id\":\"https:\\\/\\\/www.fcbarcelonanoticias.com\\\/en\\\/#\\\/schema\\\/person\\\/c2cd9f6fa1af5c0d0eccd0fefa575c88\"},\"description\":\"UEFA confirmed Slovenian Slavko Vincic as the main referee for Chelsea-Barcelona. German Christian Dingert will be in charge of VAR\",\"breadcrumb\":{\"@id\":\"https:\\\/\\\/www.fcbarcelonanoticias.com\\\/en\\\/champions-league\\\/azulgrana-danger-slavko-vincic-will-referee-chelsea-barca_315309_102.html#breadcrumb\"},\"inLanguage\":\"en-US\",\"potentialAction\":[{\"@type\":\"ReadAction\",\"target\":[\"https:\\\/\\\/www.fcbarcelonanoticias.com\\\/en\\\/champions-league\\\/azulgrana-danger-slavko-vincic-will-referee-chelsea-barca_315309_102.html\"]}]},{\"@type\":\"ImageObject\",\"inLanguage\":\"en-US\",\"@id\":\"https:\\\/\\\/www.fcbarcelonanoticias.com\\\/en\\\/champions-league\\\/azulgrana-danger-slavko-vincic-will-referee-chelsea-barca_315309_102.html#primaryimage\",\"url\":\"https:\\\/\\\/www.fcbarcelonanoticias.com\\\/en\\\/wp-content\\\/uploads\\\/sites\\\/2\\\/2025\\\/11\\\/slavko-vincic-arbitro-uefa.webp\",\"contentUrl\":\"https:\\\/\\\/www.fcbarcelonanoticias.com\\\/en\\\/wp-content\\\/uploads\\\/sites\\\/2\\\/2025\\\/11\\\/slavko-vincic-arbitro-uefa.webp\",\"width\":1200,\"height\":675},{\"@type\":\"BreadcrumbList\",\"@id\":\"https:\\\/\\\/www.fcbarcelonanoticias.com\\\/en\\\/champions-league\\\/azulgrana-danger-slavko-vincic-will-referee-chelsea-barca_315309_102.html#breadcrumb\",\"itemListElement\":[{\"@type\":\"ListItem\",\"position\":1,\"name\":\"Portada\",\"item\":\"https:\\\/\\\/www.fcbarcelonanoticias.com\\\/en\\\/\"},{\"@type\":\"ListItem\",\"position\":2,\"name\":\"Slavko Vincic: Controversial referee appointment by UEFA for Chelsea-Bar\u00e7a\"}]},{\"@type\":\"WebSite\",\"@id\":\"https:\\\/\\\/www.fcbarcelonanoticias.com\\\/en\\\/#website\",\"url\":\"https:\\\/\\\/www.fcbarcelonanoticias.com\\\/en\\\/\",\"name\":\"EN - FC Barcelona Noticias\",\"description\":\"\",\"potentialAction\":[{\"@type\":\"SearchAction\",\"target\":{\"@type\":\"EntryPoint\",\"urlTemplate\":\"https:\\\/\\\/www.fcbarcelonanoticias.com\\\/en\\\/?s={search_term_string}\"},\"query-input\":{\"@type\":\"PropertyValueSpecification\",\"valueRequired\":true,\"valueName\":\"search_term_string\"}}],\"inLanguage\":\"en-US\"},{\"@type\":\"Person\",\"@id\":\"https:\\\/\\\/www.fcbarcelonanoticias.com\\\/en\\\/#\\\/schema\\\/person\\\/c2cd9f6fa1af5c0d0eccd0fefa575c88\",\"name\":\"Andr\u00e9s Quiroz\",\"image\":{\"@type\":\"ImageObject\",\"inLanguage\":\"en-US\",\"@id\":\"https:\\\/\\\/secure.gravatar.com\\\/avatar\\\/?s=96&d=mm&r=g\",\"url\":\"https:\\\/\\\/secure.gravatar.com\\\/avatar\\\/?s=96&d=mm&r=g\",\"contentUrl\":\"https:\\\/\\\/secure.gravatar.com\\\/avatar\\\/?s=96&d=mm&r=g\",\"caption\":\"Andr\u00e9s Quiroz\"},\"description\":\"Licenciado en Periodismo por la Universidad de los Andes. Me encargo de analizar y compartir los contenidos m\u00e1s destacados de la\u00a0actualidad del F\u00fatbol Club Barcelona, Mercado de Fichajes y F\u00fatbol Internacional en FCBN. La informaci\u00f3n es poder, pero tambi\u00e9n conocimiento.\",\"url\":\"https:\\\/\\\/www.fcbarcelonanoticias.com\\\/en\\\/fc-barcelona\\\/andres-quiroz_17_115.html\"}]}<\/script>\n<!-- \/ Yoast SEO plugin. -->","yoast_head_json":{"title":"Azulgrana danger? Slavko Vincic will referee Chelsea-Bar\u00e7a","description":"UEFA confirmed Slovenian Slavko Vincic as the main referee for Chelsea-Barcelona. German Christian Dingert will be in charge of VAR","robots":{"index":"index","follow":"follow","max-snippet":"max-snippet:-1","max-image-preview":"max-image-preview:large","max-video-preview":"max-video-preview:-1"},"canonical":"https:\/\/www.fcbarcelonanoticias.com\/en\/champions-league\/azulgrana-danger-slavko-vincic-will-referee-chelsea-barca_315309_102.html","og_locale":"en_US","og_type":"article","og_title":"Azulgrana danger? Slavko Vincic will referee Chelsea-Bar\u00e7a","og_description":"UEFA confirmed Slovenian Slavko Vincic as the main referee for Chelsea-Barcelona. German Christian Dingert will be in charge of VAR","og_url":"https:\/\/www.fcbarcelonanoticias.com\/en\/champions-league\/azulgrana-danger-slavko-vincic-will-referee-chelsea-barca_315309_102.html","og_site_name":"EN - FC Barcelona Noticias","article_published_time":"2025-11-23T18:55:00+00:00","article_modified_time":"2026-03-27T10:29:35+00:00","og_image":[{"width":1200,"height":675,"url":"https:\/\/www.fcbarcelonanoticias.com\/en\/wp-content\/uploads\/sites\/2\/2025\/11\/slavko-vincic-arbitro-uefa.webp","type":"image\/webp"}],"author":"Andr\u00e9s Quiroz","twitter_card":"summary_large_image","twitter_misc":{"Written by":"Andr\u00e9s Quiroz","Est. reading time":"3 minutes"},"schema":{"@context":"https:\/\/schema.org","@graph":[{"@type":"Article","@id":"https:\/\/www.fcbarcelonanoticias.com\/en\/champions-league\/azulgrana-danger-slavko-vincic-will-referee-chelsea-barca_315309_102.html#article","isPartOf":{"@id":"https:\/\/www.fcbarcelonanoticias.com\/en\/champions-league\/azulgrana-danger-slavko-vincic-will-referee-chelsea-barca_315309_102.html"},"author":{"name":"Andr\u00e9s Quiroz","@id":"https:\/\/www.fcbarcelonanoticias.com\/en\/#\/schema\/person\/c2cd9f6fa1af5c0d0eccd0fefa575c88"},"headline":"Slavko Vincic: Controversial referee appointment by UEFA for Chelsea-Bar\u00e7a","datePublished":"2025-11-23T18:55:00+00:00","dateModified":"2026-03-27T10:29:35+00:00","mainEntityOfPage":{"@id":"https:\/\/www.fcbarcelonanoticias.com\/en\/champions-league\/azulgrana-danger-slavko-vincic-will-referee-chelsea-barca_315309_102.html"},"wordCount":620,"image":{"@id":"https:\/\/www.fcbarcelonanoticias.com\/en\/champions-league\/azulgrana-danger-slavko-vincic-will-referee-chelsea-barca_315309_102.html#primaryimage"},"thumbnailUrl":"https:\/\/www.fcbarcelonanoticias.com\/en\/wp-content\/uploads\/sites\/2\/2025\/11\/slavko-vincic-arbitro-uefa.webp","keywords":["Chelsea","Referees","UEFA"],"articleSection":["Champions League","Champions League"],"inLanguage":"en-US"},{"@type":"WebPage","@id":"https:\/\/www.fcbarcelonanoticias.com\/en\/champions-league\/azulgrana-danger-slavko-vincic-will-referee-chelsea-barca_315309_102.html","url":"https:\/\/www.fcbarcelonanoticias.com\/en\/champions-league\/azulgrana-danger-slavko-vincic-will-referee-chelsea-barca_315309_102.html","name":"Azulgrana danger? Slavko Vincic will referee Chelsea-Bar\u00e7a","isPartOf":{"@id":"https:\/\/www.fcbarcelonanoticias.com\/en\/#website"},"primaryImageOfPage":{"@id":"https:\/\/www.fcbarcelonanoticias.com\/en\/champions-league\/azulgrana-danger-slavko-vincic-will-referee-chelsea-barca_315309_102.html#primaryimage"},"image":{"@id":"https:\/\/www.fcbarcelonanoticias.com\/en\/champions-league\/azulgrana-danger-slavko-vincic-will-referee-chelsea-barca_315309_102.html#primaryimage"},"thumbnailUrl":"https:\/\/www.fcbarcelonanoticias.com\/en\/wp-content\/uploads\/sites\/2\/2025\/11\/slavko-vincic-arbitro-uefa.webp","datePublished":"2025-11-23T18:55:00+00:00","dateModified":"2026-03-27T10:29:35+00:00","author":{"@id":"https:\/\/www.fcbarcelonanoticias.com\/en\/#\/schema\/person\/c2cd9f6fa1af5c0d0eccd0fefa575c88"},"description":"UEFA confirmed Slovenian Slavko Vincic as the main referee for Chelsea-Barcelona. German Christian Dingert will be in charge of VAR","breadcrumb":{"@id":"https:\/\/www.fcbarcelonanoticias.com\/en\/champions-league\/azulgrana-danger-slavko-vincic-will-referee-chelsea-barca_315309_102.html#breadcrumb"},"inLanguage":"en-US","potentialAction":[{"@type":"ReadAction","target":["https:\/\/www.fcbarcelonanoticias.com\/en\/champions-league\/azulgrana-danger-slavko-vincic-will-referee-chelsea-barca_315309_102.html"]}]},{"@type":"ImageObject","inLanguage":"en-US","@id":"https:\/\/www.fcbarcelonanoticias.com\/en\/champions-league\/azulgrana-danger-slavko-vincic-will-referee-chelsea-barca_315309_102.html#primaryimage","url":"https:\/\/www.fcbarcelonanoticias.com\/en\/wp-content\/uploads\/sites\/2\/2025\/11\/slavko-vincic-arbitro-uefa.webp","contentUrl":"https:\/\/www.fcbarcelonanoticias.com\/en\/wp-content\/uploads\/sites\/2\/2025\/11\/slavko-vincic-arbitro-uefa.webp","width":1200,"height":675},{"@type":"BreadcrumbList","@id":"https:\/\/www.fcbarcelonanoticias.com\/en\/champions-league\/azulgrana-danger-slavko-vincic-will-referee-chelsea-barca_315309_102.html#breadcrumb","itemListElement":[{"@type":"ListItem","position":1,"name":"Portada","item":"https:\/\/www.fcbarcelonanoticias.com\/en\/"},{"@type":"ListItem","position":2,"name":"Slavko Vincic: Controversial referee appointment by UEFA for Chelsea-Bar\u00e7a"}]},{"@type":"WebSite","@id":"https:\/\/www.fcbarcelonanoticias.com\/en\/#website","url":"https:\/\/www.fcbarcelonanoticias.com\/en\/","name":"EN - FC Barcelona Noticias","description":"","potentialAction":[{"@type":"SearchAction","target":{"@type":"EntryPoint","urlTemplate":"https:\/\/www.fcbarcelonanoticias.com\/en\/?s={search_term_string}"},"query-input":{"@type":"PropertyValueSpecification","valueRequired":true,"valueName":"search_term_string"}}],"inLanguage":"en-US"},{"@type":"Person","@id":"https:\/\/www.fcbarcelonanoticias.com\/en\/#\/schema\/person\/c2cd9f6fa1af5c0d0eccd0fefa575c88","name":"Andr\u00e9s Quiroz","image":{"@type":"ImageObject","inLanguage":"en-US","@id":"https:\/\/secure.gravatar.com\/avatar\/?s=96&d=mm&r=g","url":"https:\/\/secure.gravatar.com\/avatar\/?s=96&d=mm&r=g","contentUrl":"https:\/\/secure.gravatar.com\/avatar\/?s=96&d=mm&r=g","caption":"Andr\u00e9s Quiroz"},"description":"Licenciado en Periodismo por la Universidad de los Andes. Me encargo de analizar y compartir los contenidos m\u00e1s destacados de la\u00a0actualidad del F\u00fatbol Club Barcelona, Mercado de Fichajes y F\u00fatbol Internacional en FCBN. La informaci\u00f3n es poder, pero tambi\u00e9n conocimiento.","url":"https:\/\/www.fcbarcelonanoticias.com\/en\/fc-barcelona\/andres-quiroz_17_115.html"}]}},"_links":{"self":[{"href":"https:\/\/www.fcbarcelonanoticias.com\/en\/wp-json\/wp\/v2\/posts\/6605","targetHints":{"allow":["GET"]}}],"collection":[{"href":"https:\/\/www.fcbarcelonanoticias.com\/en\/wp-json\/wp\/v2\/posts"}],"about":[{"href":"https:\/\/www.fcbarcelonanoticias.com\/en\/wp-json\/wp\/v2\/types\/post"}],"author":[{"embeddable":true,"href":"https:\/\/www.fcbarcelonanoticias.com\/en\/wp-json\/wp\/v2\/users\/347"}],"replies":[{"embeddable":true,"href":"https:\/\/www.fcbarcelonanoticias.com\/en\/wp-json\/wp\/v2\/comments?post=6605"}],"version-history":[{"count":2,"href":"https:\/\/www.fcbarcelonanoticias.com\/en\/wp-json\/wp\/v2\/posts\/6605\/revisions"}],"predecessor-version":[{"id":158203,"href":"https:\/\/www.fcbarcelonanoticias.com\/en\/wp-json\/wp\/v2\/posts\/6605\/revisions\/158203"}],"wp:featuredmedia":[{"embeddable":true,"href":"https:\/\/www.fcbarcelonanoticias.com\/en\/wp-json\/wp\/v2\/media\/6606"}],"wp:attachment":[{"href":"https:\/\/www.fcbarcelonanoticias.com\/en\/wp-json\/wp\/v2\/media?parent=6605"}],"wp:term":[{"taxonomy":"category","embeddable":true,"href":"https:\/\/www.fcbarcelonanoticias.com\/en\/wp-json\/wp\/v2\/categories?post=6605"},{"taxonomy":"post_tag","embeddable":true,"href":"https:\/\/www.fcbarcelonanoticias.com\/en\/wp-json\/wp\/v2\/tags?post=6605"}],"curies":[{"name":"wp","href":"https:\/\/api.w.org\/{rel}","templated":true}]}}