{"id":6660,"date":"2022-04-07T01:20:00","date_gmt":"2022-04-06T23:20:00","guid":{"rendered":"https:\/\/weisetech.dev\/fc-barcelona-noticias\/en\/a-titularisimo-of-the-madrid-will-lose-the-turn-in-front-of-the_279194_102\/"},"modified":"2022-04-07T01:20:00","modified_gmt":"2022-04-06T23:20:00","slug":"a-titularisimo-of-the-madrid-will-lose-the-turn-in-front-of-the_279194_102","status":"publish","type":"post","link":"https:\/\/www.fcbarcelonanoticias.com\/en\/champions-league\/a-titularisimo-of-the-madrid-will-lose-the-turn-in-front-of-the_279194_102.html","title":{"rendered":"A &#8216;permanent&#8217; of Madrid will miss the second leg against Chelsea due to suspension"},"content":{"rendered":"<h2 class=\"wp-block-heading\">Despite the joy that came with the victory at Stamford Bridge against Chelsea (1-3), it wasn&#8217;t all good news for Real Madrid on Wednesday. \u00c9der Militao, key piece in the &#8216;merengue&#8217; defence, will not be in the return leg at the Santiago Bernab\u00e9u<\/h2>  \r\n<div class=\"article-addons\">\r\n    <a href=\"https:\/\/www.fcbarcelonanoticias.com\/en\/calendar-fc-barcelona.html\"\r\n       target=\"_self\"\r\n       title=\"Calendar of FC Barcelona\"\r\n       class=\"blue-gredient-btn\">\r\n       \r\n        Calendar of FC Barcelona    <\/a>\r\n<\/div>   <p>\u00c9der Militao Had a party complicated in Stamford Bridge. <strong>The central suffered hits and own errors during the 64 minutes that was in field<\/strong> and, in addition to leaving touched of the field, <strong>the yellow suffered in the minute 13 prevents him play the party of <\/strong>turn of the quarter-finals in front of Chelsea in Santiago Bernab\u00e9u. The Brazilian was the only apercibido in London for the <a data-external=\"0\" data-intl-links-en=\"https:\/\/www.fcbarcelonanoticias.com\/en\/transfers\/no-halaand-city-9-would-prioritize-your-arrival-barcelona-madrid_279173_102.html\" data-intl-links-es=\"https:\/\/www.fcbarcelonanoticias.com\/fichajes\/no-halaand-city-9-priorizaria-su-llegada-barcelona-madrid_279173_102.html\" href=\"https:\/\/www.fcbarcelonanoticias.com\/en\/transfers\/no-halaand-city-9-would-prioritize-your-arrival-barcelona-madrid_279173_102.html\" no=\"\" rel=\"follow\" target=\"_self\" title=\"\u00a1\">Real Madrid<\/a>.<\/p>  <p>You grieve beginning the party, <strong>the central lost a balloon in front of Kai Havertz<\/strong> and saw forced to demolish him to avoid greater evils. In spite of being the first strong fault of the meeting, the main Cl\u00e9ment Trupin did not doubt in admonishing to the central. <strong>Even, the action could be punished with expulsion<\/strong>, since Militao was last man to the moment of the fault. In the 15&#8242;, two minutes after the caution, the Brazilian suffered a hit in the right side and had to ask medical assistance to be able to continue.<\/p>  <p>Already in the second time, the one of Sao Paulo noticed lost in the mark in the played in which Christian Pulisic was near to discount. Of not being by the intervention of Dani Carvajal, the American would have remained hand manually with Thibaut Courtois, whose interventions were again determinants for the triumph &#8216;merengue&#8217;. <strong>On the minute 60, Militao lesion\u00f3 when supporting badly his right leg<\/strong> in a balloon contested with Havertz.<\/p>  <p><strong>The defender was vendado and tried to follow, but asked the change in the 64&#8242; by Nacho<\/strong>, just when Thomas Tuchel sent to the field to Romelu Lukaku. \u00c9der Neither will be the Saturday in front of the Getafe by accumulation of cards and the Thursday will be subjected to several examenes to review the scope of his injury in the left knee. <strong>In principle, the central would return the Sunday 17 in front of the Seville<\/strong> in the S\u00e1nchez-Pizju\u00e1n.<\/p>  <h3>Nacho aims to the turn in the Bernab\u00e9u<\/h3>  <p>In front of the drop confirmed of \u00c9der Militao, <strong>Nacho will be to title next Tuesday in the turn of <a data-external=\"0\" data-intl-links-en=\"https:\/\/www.fcbarcelonanoticias.com\/en\/champions-league\/like-this-they-are-the-quarter-finals-of-the-champions-villarrea_279192_102.html\" data-intl-links-es=\"https:\/\/www.fcbarcelonanoticias.com\/champions-league\/estan-cuartos-final-champions-villarreal-madrid-con-ventaja_279192_102.html\" href=\"https:\/\/www.fcbarcelonanoticias.com\/en\/champions-league\/like-this-they-are-the-quarter-finals-of-the-champions-villarrea_279192_102.html\" rel=\"follow\" target=\"_self\" title=\"As\u00ed est\u00e1n los cuartos de final de la Champions: Madrid y Villarreal, con ventaja\">Champions<\/a> <\/strong>and, because of the habit of Carlo Ancelotti to make few rotations, <strong>the &#8216;6&#8217; surely will be in the XI the Saturday home in front of the Getafe<\/strong>, since the another option is Jes\u00fas Vallejo, the one who grieve has contested 3 parties in which it goes of the season. Of this way, the Madrid arrives to the limit with his headlines to the final stretch of the season.<\/p> ","protected":false},"excerpt":{"rendered":"<p>Despite the joy that came with the victory at Stamford Bridge against Chelsea (1-3), it wasn&#8217;t all good news for Real Madrid on Wednesday. \u00c9der Militao, key piece in the &#8216;merengue&#8217; defence, will not be in the return leg at the Santiago Bernab\u00e9u \u00c9der Militao Had a party complicated in Stamford Bridge. The central suffered [&hellip;]<\/p>\n","protected":false},"author":347,"featured_media":6661,"comment_status":"closed","ping_status":"open","sticky":false,"template":"","format":"standard","meta":{"_acf_changed":false,"inline_featured_image":false,"_nextfly_llmd_date_locked":false,"footnotes":""},"categories":[447,112],"tags":[161],"class_list":["post-6660","post","type-post","status-publish","format-standard","has-post-thumbnail","hentry","category-champions-league-2","category-champions-league","tag-chelsea"],"acf":[],"yoast_head":"<!-- This site is optimized with the Yoast SEO plugin v27.3 - https:\/\/yoast.com\/product\/yoast-seo-wordpress\/ -->\n<title>A &#039;permanent&#039; of Madrid will miss the second leg against Chelsea due to suspension<\/title>\n<meta name=\"description\" content=\"In spite of the joy that supposed the triumph in Stamford Bridge in front of Chelsea (1-3), no all were good news for the Real Madrid the Wednesday. \u00c9der M...\" \/>\n<meta name=\"robots\" content=\"index, follow, max-snippet:-1, max-image-preview:large, max-video-preview:-1\" \/>\n<link rel=\"canonical\" href=\"https:\/\/www.fcbarcelonanoticias.com\/en\/champions-league\/a-titularisimo-of-the-madrid-will-lose-the-turn-in-front-of-the_279194_102.html\" \/>\n<meta property=\"og:locale\" content=\"en_US\" \/>\n<meta property=\"og:type\" content=\"article\" \/>\n<meta property=\"og:title\" content=\"A &#039;permanent&#039; of Madrid will miss the second leg against Chelsea due to suspension\" \/>\n<meta property=\"og:description\" content=\"In spite of the joy that supposed the triumph in Stamford Bridge in front of Chelsea (1-3), no all were good news for the Real Madrid the Wednesday. \u00c9der M...\" \/>\n<meta property=\"og:url\" content=\"https:\/\/www.fcbarcelonanoticias.com\/en\/champions-league\/a-titularisimo-of-the-madrid-will-lose-the-turn-in-front-of-the_279194_102.html\" \/>\n<meta property=\"og:site_name\" content=\"EN - FC Barcelona Noticias\" \/>\n<meta property=\"article:published_time\" content=\"2022-04-06T23:20:00+00:00\" \/>\n<meta property=\"og:image\" content=\"https:\/\/www.fcbarcelonanoticias.com\/en\/wp-content\/uploads\/sites\/2\/2022\/04\/eder-militao-real-madrid.jpeg\" \/>\n\t<meta property=\"og:image:width\" content=\"1300\" \/>\n\t<meta property=\"og:image:height\" content=\"732\" \/>\n\t<meta property=\"og:image:type\" content=\"image\/jpeg\" \/>\n<meta name=\"author\" content=\"Andr\u00e9s Quiroz\" \/>\n<meta name=\"twitter:card\" content=\"summary_large_image\" \/>\n<meta name=\"twitter:label1\" content=\"Written by\" \/>\n\t<meta name=\"twitter:data1\" content=\"Andr\u00e9s Quiroz\" \/>\n\t<meta name=\"twitter:label2\" content=\"Est. reading time\" \/>\n\t<meta name=\"twitter:data2\" content=\"2 minutes\" \/>\n<script type=\"application\/ld+json\" class=\"yoast-schema-graph\">{\"@context\":\"https:\\\/\\\/schema.org\",\"@graph\":[{\"@type\":\"Article\",\"@id\":\"https:\\\/\\\/www.fcbarcelonanoticias.com\\\/en\\\/champions-league\\\/a-titularisimo-of-the-madrid-will-lose-the-turn-in-front-of-the_279194_102.html#article\",\"isPartOf\":{\"@id\":\"https:\\\/\\\/www.fcbarcelonanoticias.com\\\/en\\\/champions-league\\\/a-titularisimo-of-the-madrid-will-lose-the-turn-in-front-of-the_279194_102.html\"},\"author\":{\"name\":\"Andr\u00e9s Quiroz\",\"@id\":\"https:\\\/\\\/www.fcbarcelonanoticias.com\\\/en\\\/#\\\/schema\\\/person\\\/c2cd9f6fa1af5c0d0eccd0fefa575c88\"},\"headline\":\"A &#8216;permanent&#8217; of Madrid will miss the second leg against Chelsea due to suspension\",\"datePublished\":\"2022-04-06T23:20:00+00:00\",\"mainEntityOfPage\":{\"@id\":\"https:\\\/\\\/www.fcbarcelonanoticias.com\\\/en\\\/champions-league\\\/a-titularisimo-of-the-madrid-will-lose-the-turn-in-front-of-the_279194_102.html\"},\"wordCount\":471,\"image\":{\"@id\":\"https:\\\/\\\/www.fcbarcelonanoticias.com\\\/en\\\/champions-league\\\/a-titularisimo-of-the-madrid-will-lose-the-turn-in-front-of-the_279194_102.html#primaryimage\"},\"thumbnailUrl\":\"https:\\\/\\\/www.fcbarcelonanoticias.com\\\/en\\\/wp-content\\\/uploads\\\/sites\\\/2\\\/2022\\\/04\\\/eder-militao-real-madrid.jpeg\",\"keywords\":[\"Chelsea\"],\"articleSection\":[\"Champions League\",\"Champions League\"],\"inLanguage\":\"en-US\"},{\"@type\":\"WebPage\",\"@id\":\"https:\\\/\\\/www.fcbarcelonanoticias.com\\\/en\\\/champions-league\\\/a-titularisimo-of-the-madrid-will-lose-the-turn-in-front-of-the_279194_102.html\",\"url\":\"https:\\\/\\\/www.fcbarcelonanoticias.com\\\/en\\\/champions-league\\\/a-titularisimo-of-the-madrid-will-lose-the-turn-in-front-of-the_279194_102.html\",\"name\":\"A 'permanent' of Madrid will miss the second leg against Chelsea due to suspension\",\"isPartOf\":{\"@id\":\"https:\\\/\\\/www.fcbarcelonanoticias.com\\\/en\\\/#website\"},\"primaryImageOfPage\":{\"@id\":\"https:\\\/\\\/www.fcbarcelonanoticias.com\\\/en\\\/champions-league\\\/a-titularisimo-of-the-madrid-will-lose-the-turn-in-front-of-the_279194_102.html#primaryimage\"},\"image\":{\"@id\":\"https:\\\/\\\/www.fcbarcelonanoticias.com\\\/en\\\/champions-league\\\/a-titularisimo-of-the-madrid-will-lose-the-turn-in-front-of-the_279194_102.html#primaryimage\"},\"thumbnailUrl\":\"https:\\\/\\\/www.fcbarcelonanoticias.com\\\/en\\\/wp-content\\\/uploads\\\/sites\\\/2\\\/2022\\\/04\\\/eder-militao-real-madrid.jpeg\",\"datePublished\":\"2022-04-06T23:20:00+00:00\",\"author\":{\"@id\":\"https:\\\/\\\/www.fcbarcelonanoticias.com\\\/en\\\/#\\\/schema\\\/person\\\/c2cd9f6fa1af5c0d0eccd0fefa575c88\"},\"description\":\"In spite of the joy that supposed the triumph in Stamford Bridge in front of Chelsea (1-3), no all were good news for the Real Madrid the Wednesday. \u00c9der M...\",\"breadcrumb\":{\"@id\":\"https:\\\/\\\/www.fcbarcelonanoticias.com\\\/en\\\/champions-league\\\/a-titularisimo-of-the-madrid-will-lose-the-turn-in-front-of-the_279194_102.html#breadcrumb\"},\"inLanguage\":\"en-US\",\"potentialAction\":[{\"@type\":\"ReadAction\",\"target\":[\"https:\\\/\\\/www.fcbarcelonanoticias.com\\\/en\\\/champions-league\\\/a-titularisimo-of-the-madrid-will-lose-the-turn-in-front-of-the_279194_102.html\"]}]},{\"@type\":\"ImageObject\",\"inLanguage\":\"en-US\",\"@id\":\"https:\\\/\\\/www.fcbarcelonanoticias.com\\\/en\\\/champions-league\\\/a-titularisimo-of-the-madrid-will-lose-the-turn-in-front-of-the_279194_102.html#primaryimage\",\"url\":\"https:\\\/\\\/www.fcbarcelonanoticias.com\\\/en\\\/wp-content\\\/uploads\\\/sites\\\/2\\\/2022\\\/04\\\/eder-militao-real-madrid.jpeg\",\"contentUrl\":\"https:\\\/\\\/www.fcbarcelonanoticias.com\\\/en\\\/wp-content\\\/uploads\\\/sites\\\/2\\\/2022\\\/04\\\/eder-militao-real-madrid.jpeg\",\"width\":1300,\"height\":732},{\"@type\":\"BreadcrumbList\",\"@id\":\"https:\\\/\\\/www.fcbarcelonanoticias.com\\\/en\\\/champions-league\\\/a-titularisimo-of-the-madrid-will-lose-the-turn-in-front-of-the_279194_102.html#breadcrumb\",\"itemListElement\":[{\"@type\":\"ListItem\",\"position\":1,\"name\":\"Portada\",\"item\":\"https:\\\/\\\/www.fcbarcelonanoticias.com\\\/en\\\/\"},{\"@type\":\"ListItem\",\"position\":2,\"name\":\"A &#8216;permanent&#8217; of Madrid will miss the second leg against Chelsea due to suspension\"}]},{\"@type\":\"WebSite\",\"@id\":\"https:\\\/\\\/www.fcbarcelonanoticias.com\\\/en\\\/#website\",\"url\":\"https:\\\/\\\/www.fcbarcelonanoticias.com\\\/en\\\/\",\"name\":\"EN - FC Barcelona Noticias\",\"description\":\"\",\"potentialAction\":[{\"@type\":\"SearchAction\",\"target\":{\"@type\":\"EntryPoint\",\"urlTemplate\":\"https:\\\/\\\/www.fcbarcelonanoticias.com\\\/en\\\/?s={search_term_string}\"},\"query-input\":{\"@type\":\"PropertyValueSpecification\",\"valueRequired\":true,\"valueName\":\"search_term_string\"}}],\"inLanguage\":\"en-US\"},{\"@type\":\"Person\",\"@id\":\"https:\\\/\\\/www.fcbarcelonanoticias.com\\\/en\\\/#\\\/schema\\\/person\\\/c2cd9f6fa1af5c0d0eccd0fefa575c88\",\"name\":\"Andr\u00e9s Quiroz\",\"image\":{\"@type\":\"ImageObject\",\"inLanguage\":\"en-US\",\"@id\":\"https:\\\/\\\/secure.gravatar.com\\\/avatar\\\/?s=96&d=mm&r=g\",\"url\":\"https:\\\/\\\/secure.gravatar.com\\\/avatar\\\/?s=96&d=mm&r=g\",\"contentUrl\":\"https:\\\/\\\/secure.gravatar.com\\\/avatar\\\/?s=96&d=mm&r=g\",\"caption\":\"Andr\u00e9s Quiroz\"},\"description\":\"Licenciado en Periodismo por la Universidad de los Andes. Me encargo de analizar y compartir los contenidos m\u00e1s destacados de la\u00a0actualidad del F\u00fatbol Club Barcelona, Mercado de Fichajes y F\u00fatbol Internacional en FCBN. La informaci\u00f3n es poder, pero tambi\u00e9n conocimiento.\",\"url\":\"https:\\\/\\\/www.fcbarcelonanoticias.com\\\/en\\\/fc-barcelona\\\/andres-quiroz_17_115.html\"}]}<\/script>\n<!-- \/ Yoast SEO plugin. -->","yoast_head_json":{"title":"A 'permanent' of Madrid will miss the second leg against Chelsea due to suspension","description":"In spite of the joy that supposed the triumph in Stamford Bridge in front of Chelsea (1-3), no all were good news for the Real Madrid the Wednesday. \u00c9der M...","robots":{"index":"index","follow":"follow","max-snippet":"max-snippet:-1","max-image-preview":"max-image-preview:large","max-video-preview":"max-video-preview:-1"},"canonical":"https:\/\/www.fcbarcelonanoticias.com\/en\/champions-league\/a-titularisimo-of-the-madrid-will-lose-the-turn-in-front-of-the_279194_102.html","og_locale":"en_US","og_type":"article","og_title":"A 'permanent' of Madrid will miss the second leg against Chelsea due to suspension","og_description":"In spite of the joy that supposed the triumph in Stamford Bridge in front of Chelsea (1-3), no all were good news for the Real Madrid the Wednesday. \u00c9der M...","og_url":"https:\/\/www.fcbarcelonanoticias.com\/en\/champions-league\/a-titularisimo-of-the-madrid-will-lose-the-turn-in-front-of-the_279194_102.html","og_site_name":"EN - FC Barcelona Noticias","article_published_time":"2022-04-06T23:20:00+00:00","og_image":[{"width":1300,"height":732,"url":"https:\/\/www.fcbarcelonanoticias.com\/en\/wp-content\/uploads\/sites\/2\/2022\/04\/eder-militao-real-madrid.jpeg","type":"image\/jpeg"}],"author":"Andr\u00e9s Quiroz","twitter_card":"summary_large_image","twitter_misc":{"Written by":"Andr\u00e9s Quiroz","Est. reading time":"2 minutes"},"schema":{"@context":"https:\/\/schema.org","@graph":[{"@type":"Article","@id":"https:\/\/www.fcbarcelonanoticias.com\/en\/champions-league\/a-titularisimo-of-the-madrid-will-lose-the-turn-in-front-of-the_279194_102.html#article","isPartOf":{"@id":"https:\/\/www.fcbarcelonanoticias.com\/en\/champions-league\/a-titularisimo-of-the-madrid-will-lose-the-turn-in-front-of-the_279194_102.html"},"author":{"name":"Andr\u00e9s Quiroz","@id":"https:\/\/www.fcbarcelonanoticias.com\/en\/#\/schema\/person\/c2cd9f6fa1af5c0d0eccd0fefa575c88"},"headline":"A &#8216;permanent&#8217; of Madrid will miss the second leg against Chelsea due to suspension","datePublished":"2022-04-06T23:20:00+00:00","mainEntityOfPage":{"@id":"https:\/\/www.fcbarcelonanoticias.com\/en\/champions-league\/a-titularisimo-of-the-madrid-will-lose-the-turn-in-front-of-the_279194_102.html"},"wordCount":471,"image":{"@id":"https:\/\/www.fcbarcelonanoticias.com\/en\/champions-league\/a-titularisimo-of-the-madrid-will-lose-the-turn-in-front-of-the_279194_102.html#primaryimage"},"thumbnailUrl":"https:\/\/www.fcbarcelonanoticias.com\/en\/wp-content\/uploads\/sites\/2\/2022\/04\/eder-militao-real-madrid.jpeg","keywords":["Chelsea"],"articleSection":["Champions League","Champions League"],"inLanguage":"en-US"},{"@type":"WebPage","@id":"https:\/\/www.fcbarcelonanoticias.com\/en\/champions-league\/a-titularisimo-of-the-madrid-will-lose-the-turn-in-front-of-the_279194_102.html","url":"https:\/\/www.fcbarcelonanoticias.com\/en\/champions-league\/a-titularisimo-of-the-madrid-will-lose-the-turn-in-front-of-the_279194_102.html","name":"A 'permanent' of Madrid will miss the second leg against Chelsea due to suspension","isPartOf":{"@id":"https:\/\/www.fcbarcelonanoticias.com\/en\/#website"},"primaryImageOfPage":{"@id":"https:\/\/www.fcbarcelonanoticias.com\/en\/champions-league\/a-titularisimo-of-the-madrid-will-lose-the-turn-in-front-of-the_279194_102.html#primaryimage"},"image":{"@id":"https:\/\/www.fcbarcelonanoticias.com\/en\/champions-league\/a-titularisimo-of-the-madrid-will-lose-the-turn-in-front-of-the_279194_102.html#primaryimage"},"thumbnailUrl":"https:\/\/www.fcbarcelonanoticias.com\/en\/wp-content\/uploads\/sites\/2\/2022\/04\/eder-militao-real-madrid.jpeg","datePublished":"2022-04-06T23:20:00+00:00","author":{"@id":"https:\/\/www.fcbarcelonanoticias.com\/en\/#\/schema\/person\/c2cd9f6fa1af5c0d0eccd0fefa575c88"},"description":"In spite of the joy that supposed the triumph in Stamford Bridge in front of Chelsea (1-3), no all were good news for the Real Madrid the Wednesday. \u00c9der M...","breadcrumb":{"@id":"https:\/\/www.fcbarcelonanoticias.com\/en\/champions-league\/a-titularisimo-of-the-madrid-will-lose-the-turn-in-front-of-the_279194_102.html#breadcrumb"},"inLanguage":"en-US","potentialAction":[{"@type":"ReadAction","target":["https:\/\/www.fcbarcelonanoticias.com\/en\/champions-league\/a-titularisimo-of-the-madrid-will-lose-the-turn-in-front-of-the_279194_102.html"]}]},{"@type":"ImageObject","inLanguage":"en-US","@id":"https:\/\/www.fcbarcelonanoticias.com\/en\/champions-league\/a-titularisimo-of-the-madrid-will-lose-the-turn-in-front-of-the_279194_102.html#primaryimage","url":"https:\/\/www.fcbarcelonanoticias.com\/en\/wp-content\/uploads\/sites\/2\/2022\/04\/eder-militao-real-madrid.jpeg","contentUrl":"https:\/\/www.fcbarcelonanoticias.com\/en\/wp-content\/uploads\/sites\/2\/2022\/04\/eder-militao-real-madrid.jpeg","width":1300,"height":732},{"@type":"BreadcrumbList","@id":"https:\/\/www.fcbarcelonanoticias.com\/en\/champions-league\/a-titularisimo-of-the-madrid-will-lose-the-turn-in-front-of-the_279194_102.html#breadcrumb","itemListElement":[{"@type":"ListItem","position":1,"name":"Portada","item":"https:\/\/www.fcbarcelonanoticias.com\/en\/"},{"@type":"ListItem","position":2,"name":"A &#8216;permanent&#8217; of Madrid will miss the second leg against Chelsea due to suspension"}]},{"@type":"WebSite","@id":"https:\/\/www.fcbarcelonanoticias.com\/en\/#website","url":"https:\/\/www.fcbarcelonanoticias.com\/en\/","name":"EN - FC Barcelona Noticias","description":"","potentialAction":[{"@type":"SearchAction","target":{"@type":"EntryPoint","urlTemplate":"https:\/\/www.fcbarcelonanoticias.com\/en\/?s={search_term_string}"},"query-input":{"@type":"PropertyValueSpecification","valueRequired":true,"valueName":"search_term_string"}}],"inLanguage":"en-US"},{"@type":"Person","@id":"https:\/\/www.fcbarcelonanoticias.com\/en\/#\/schema\/person\/c2cd9f6fa1af5c0d0eccd0fefa575c88","name":"Andr\u00e9s Quiroz","image":{"@type":"ImageObject","inLanguage":"en-US","@id":"https:\/\/secure.gravatar.com\/avatar\/?s=96&d=mm&r=g","url":"https:\/\/secure.gravatar.com\/avatar\/?s=96&d=mm&r=g","contentUrl":"https:\/\/secure.gravatar.com\/avatar\/?s=96&d=mm&r=g","caption":"Andr\u00e9s Quiroz"},"description":"Licenciado en Periodismo por la Universidad de los Andes. Me encargo de analizar y compartir los contenidos m\u00e1s destacados de la\u00a0actualidad del F\u00fatbol Club Barcelona, Mercado de Fichajes y F\u00fatbol Internacional en FCBN. La informaci\u00f3n es poder, pero tambi\u00e9n conocimiento.","url":"https:\/\/www.fcbarcelonanoticias.com\/en\/fc-barcelona\/andres-quiroz_17_115.html"}]}},"_links":{"self":[{"href":"https:\/\/www.fcbarcelonanoticias.com\/en\/wp-json\/wp\/v2\/posts\/6660","targetHints":{"allow":["GET"]}}],"collection":[{"href":"https:\/\/www.fcbarcelonanoticias.com\/en\/wp-json\/wp\/v2\/posts"}],"about":[{"href":"https:\/\/www.fcbarcelonanoticias.com\/en\/wp-json\/wp\/v2\/types\/post"}],"author":[{"embeddable":true,"href":"https:\/\/www.fcbarcelonanoticias.com\/en\/wp-json\/wp\/v2\/users\/347"}],"replies":[{"embeddable":true,"href":"https:\/\/www.fcbarcelonanoticias.com\/en\/wp-json\/wp\/v2\/comments?post=6660"}],"version-history":[{"count":1,"href":"https:\/\/www.fcbarcelonanoticias.com\/en\/wp-json\/wp\/v2\/posts\/6660\/revisions"}],"predecessor-version":[{"id":101719,"href":"https:\/\/www.fcbarcelonanoticias.com\/en\/wp-json\/wp\/v2\/posts\/6660\/revisions\/101719"}],"wp:featuredmedia":[{"embeddable":true,"href":"https:\/\/www.fcbarcelonanoticias.com\/en\/wp-json\/wp\/v2\/media\/6661"}],"wp:attachment":[{"href":"https:\/\/www.fcbarcelonanoticias.com\/en\/wp-json\/wp\/v2\/media?parent=6660"}],"wp:term":[{"taxonomy":"category","embeddable":true,"href":"https:\/\/www.fcbarcelonanoticias.com\/en\/wp-json\/wp\/v2\/categories?post=6660"},{"taxonomy":"post_tag","embeddable":true,"href":"https:\/\/www.fcbarcelonanoticias.com\/en\/wp-json\/wp\/v2\/tags?post=6660"}],"curies":[{"name":"wp","href":"https:\/\/api.w.org\/{rel}","templated":true}]}}