{"id":66777,"date":"2020-08-13T08:26:00","date_gmt":"2020-08-13T06:26:00","guid":{"rendered":"https:\/\/weisetech.dev\/fc-barcelona-noticias\/en\/alena-isolated-contact-todibo-barcelona_259874_102\/"},"modified":"2020-08-13T08:26:00","modified_gmt":"2020-08-13T06:26:00","slug":"alena-isolated-contact-todibo-barcelona_259874_102","status":"publish","type":"post","link":"https:\/\/www.fcbarcelonanoticias.com\/en\/players\/alena-isolated-contact-todibo-barcelona_259874_102.html","title":{"rendered":"Ale\u00f1\u00e1 is also isolated for having been in contact with Todibo"},"content":{"rendered":"<h2 class=\"wp-block-heading\">Jean-Clair Todibo acknowledged this past Wednesday that he is positive for Bar\u00e7a&#8217;s coronavirus. But the Frenchman is not the only cul\u00e9 in quarantine, since he had contact with a Carles Ale\u00f1\u00e1 who is also isolated<\/h2>  \r\n<div class=\"article-addons\">\r\n    <a href=\"https:\/\/www.fcbarcelonanoticias.com\/en\/calendar-fc-barcelona.html\"\r\n       target=\"_self\"\r\n       title=\"Calendar of FC Barcelona\"\r\n       class=\"blue-gredient-btn\">\r\n       \r\n        Calendar of FC Barcelona    <\/a>\r\n<\/div>   <p>&#8220;Hello To all, inform you that I have given positive by covid-19, am asintom\u00e1tico and find me well. I am home following the suitable sanitary protocol. Have many win to go back to the trainings, but now touches to remain home until happening the virus. Thanks to all by the support and spirit to all the people that also are it living closely. A greeting&#8221;. East was the <strong>message with which <a data-external=\"0\" data-intl-links-en=\"https:\/\/www.fcbarcelonanoticias.com\/en\/tags\/todibo\" data-intl-links-es=\"https:\/\/www.fcbarcelonanoticias.com\/tags\/todibo\" href=\"https:\/\/www.fcbarcelonanoticias.com\/en\/tags\/todibo.html\" rel=\"follow\" target=\"_self\" title=\"Todibo\">Jean-Clair Todibo<\/a> confirmed that he was the positive of the FC Barcelona by coronavirus<\/strong>.<\/p>  <p>The group barcelonista informed this past Wednesday in the morning that one of the nine footballers that had incorporated this week there was positive die. The candidates were the Frenchman, <a data-external=\"0\" data-intl-links-en=\"https:\/\/www.fcbarcelonanoticias.com\/en\/tags\/alena\" data-intl-links-es=\"https:\/\/www.fcbarcelonanoticias.com\/tags\/alena\" href=\"https:\/\/www.fcbarcelonanoticias.com\/en\/tags\/alena.html\" rel=\"follow\" target=\"_self\" title=\"Ale\u00f1\u00e1\">Carles Ale\u00f1\u00e1<\/a>\u200b, Moussa Wagu\u00e9, Oriol Romeu, Matheus Fernandes, Francisco Trincao, Pedri, Rafinha Alc\u00e1ntara and Juan Miranda. In summary,<strong> one of the yielded that returned or one of the new signings had landed in the City Condal infected<\/strong>.<\/p>  <p>At the end, the central Frenchman decided to go out to the step and recognise that he was the affected in a message in his social networks. But here they do not finish the problems for the Bar\u00e7a, since another of the players that incorporated to the discipline cul\u00e9 had contact with the ex of the Toulouse these last days. It treats of <strong>Ale\u00f1\u00e1, that as they aim in &#8216;Sportive World&#8217; also is in quarantine in his domicile<\/strong>.<\/p>  <p>The proof of the of Matar\u00f3 gave negative, by <strong>what in principle is not infected, but by caution has decided that the best is that it isolate <\/strong>. The Catalan will have to expect a bit to begin the pre-season with the group blaugrana. It is a work for him, since this summer plays a lot after his fruitless cession in the Betis. The performance of the midfield player has not been the expected and will have to show in this preparation that deserves remain in the first team.<\/p>  <p><strong>Before the irruption of Riqui Puig and of Ansu Fati, Carles was the big jewel of the Masia<\/strong>. The already ex verdiblanco shined in the inferior categories of the team cul\u00e9 and won a place in the staff when Ernesto Valverde was in the bench. Nevertheless, the &#8216;Txingurri&#8217; left to have he this campaign and therefore it decided that it went out to loan to Benito Villamar\u00edn in January. There it has not done big thing, by what will have to do extra work in pre-season to convince to the club and to Quique Seti\u00e9n.<\/p>  <h3>It will struggle with Pedri or Trincao by a place in the Bar\u00e7a<\/h3>  <p>The canterano will have a lot of competition, since <strong>Francisco Trincao and Pedri also aspire to a place in the first team.<\/strong> The luso, that is more extreme, but that it can play of interior, seems to have it almost ensured, whereas the Canarian aims to cession. The ex of The Palms will struggle to convince to his trainer, but with so much competition perhaps is the one who more complicated has it.<\/p> ","protected":false},"excerpt":{"rendered":"<p>Jean-Clair Todibo acknowledged this past Wednesday that he is positive for Bar\u00e7a&#8217;s coronavirus. But the Frenchman is not the only cul\u00e9 in quarantine, since he had contact with a Carles Ale\u00f1\u00e1 who is also isolated &#8220;Hello To all, inform you that I have given positive by covid-19, am asintom\u00e1tico and find me well. I am [&hellip;]<\/p>\n","protected":false},"author":392,"featured_media":66780,"comment_status":"closed","ping_status":"open","sticky":false,"template":"","format":"standard","meta":{"_acf_changed":false,"inline_featured_image":false,"_nextfly_llmd_date_locked":false,"footnotes":""},"categories":[453,107],"tags":[296,200,297],"class_list":["post-66777","post","type-post","status-publish","format-standard","has-post-thumbnail","hentry","category-players-2","category-players","tag-alena","tag-coronavirus","tag-todibo"],"acf":[],"yoast_head":"<!-- This site is optimized with the Yoast SEO plugin v27.3 - https:\/\/yoast.com\/product\/yoast-seo-wordpress\/ -->\n<title>Ale\u00f1\u00e1 is also isolated for having been in contact with Todibo<\/title>\n<meta name=\"description\" content=\"Jean-Clair Todibo recognised this past Wednesday that he is the positive by coronavirus of the Bar\u00e7a. But the French is not the only cul\u00e9 in quarantine, since...\" \/>\n<meta name=\"robots\" content=\"index, follow, max-snippet:-1, max-image-preview:large, max-video-preview:-1\" \/>\n<link rel=\"canonical\" href=\"https:\/\/www.fcbarcelonanoticias.com\/en\/players\/alena-isolated-contact-todibo-barcelona_259874_102.html\" \/>\n<meta property=\"og:locale\" content=\"en_US\" \/>\n<meta property=\"og:type\" content=\"article\" \/>\n<meta property=\"og:title\" content=\"Ale\u00f1\u00e1 is also isolated for having been in contact with Todibo\" \/>\n<meta property=\"og:description\" content=\"Jean-Clair Todibo recognised this past Wednesday that he is the positive by coronavirus of the Bar\u00e7a. But the French is not the only cul\u00e9 in quarantine, since...\" \/>\n<meta property=\"og:url\" content=\"https:\/\/www.fcbarcelonanoticias.com\/en\/players\/alena-isolated-contact-todibo-barcelona_259874_102.html\" \/>\n<meta property=\"og:site_name\" content=\"EN - FC Barcelona Noticias\" \/>\n<meta property=\"article:published_time\" content=\"2020-08-13T06:26:00+00:00\" \/>\n<meta property=\"og:image\" content=\"https:\/\/www.fcbarcelonanoticias.com\/en\/wp-content\/uploads\/sites\/2\/2020\/08\/carles-alena-banquillo.jpeg\" \/>\n\t<meta property=\"og:image:width\" content=\"1200\" \/>\n\t<meta property=\"og:image:height\" content=\"716\" \/>\n\t<meta property=\"og:image:type\" content=\"image\/jpeg\" \/>\n<meta name=\"author\" content=\"user_4048\" \/>\n<meta name=\"twitter:card\" content=\"summary_large_image\" \/>\n<meta name=\"twitter:label1\" content=\"Written by\" \/>\n\t<meta name=\"twitter:data1\" content=\"user_4048\" \/>\n\t<meta name=\"twitter:label2\" content=\"Est. reading time\" \/>\n\t<meta name=\"twitter:data2\" content=\"3 minutes\" \/>\n<script type=\"application\/ld+json\" class=\"yoast-schema-graph\">{\"@context\":\"https:\\\/\\\/schema.org\",\"@graph\":[{\"@type\":\"Article\",\"@id\":\"https:\\\/\\\/www.fcbarcelonanoticias.com\\\/en\\\/players\\\/alena-isolated-contact-todibo-barcelona_259874_102.html#article\",\"isPartOf\":{\"@id\":\"https:\\\/\\\/www.fcbarcelonanoticias.com\\\/en\\\/players\\\/alena-isolated-contact-todibo-barcelona_259874_102.html\"},\"author\":{\"name\":\"user_4048\",\"@id\":\"https:\\\/\\\/www.fcbarcelonanoticias.com\\\/en\\\/#\\\/schema\\\/person\\\/fcdad55cab72b8d0e106d75506783b6d\"},\"headline\":\"Ale\u00f1\u00e1 is also isolated for having been in contact with Todibo\",\"datePublished\":\"2020-08-13T06:26:00+00:00\",\"mainEntityOfPage\":{\"@id\":\"https:\\\/\\\/www.fcbarcelonanoticias.com\\\/en\\\/players\\\/alena-isolated-contact-todibo-barcelona_259874_102.html\"},\"wordCount\":553,\"image\":{\"@id\":\"https:\\\/\\\/www.fcbarcelonanoticias.com\\\/en\\\/players\\\/alena-isolated-contact-todibo-barcelona_259874_102.html#primaryimage\"},\"thumbnailUrl\":\"https:\\\/\\\/www.fcbarcelonanoticias.com\\\/en\\\/wp-content\\\/uploads\\\/sites\\\/2\\\/2020\\\/08\\\/carles-alena-banquillo.jpeg\",\"keywords\":[\"Ale\u00f1\u00e1\",\"Coronavirus\",\"Todibo\"],\"articleSection\":[\"Players\",\"Players\"],\"inLanguage\":\"en-US\"},{\"@type\":\"WebPage\",\"@id\":\"https:\\\/\\\/www.fcbarcelonanoticias.com\\\/en\\\/players\\\/alena-isolated-contact-todibo-barcelona_259874_102.html\",\"url\":\"https:\\\/\\\/www.fcbarcelonanoticias.com\\\/en\\\/players\\\/alena-isolated-contact-todibo-barcelona_259874_102.html\",\"name\":\"Ale\u00f1\u00e1 is also isolated for having been in contact with Todibo\",\"isPartOf\":{\"@id\":\"https:\\\/\\\/www.fcbarcelonanoticias.com\\\/en\\\/#website\"},\"primaryImageOfPage\":{\"@id\":\"https:\\\/\\\/www.fcbarcelonanoticias.com\\\/en\\\/players\\\/alena-isolated-contact-todibo-barcelona_259874_102.html#primaryimage\"},\"image\":{\"@id\":\"https:\\\/\\\/www.fcbarcelonanoticias.com\\\/en\\\/players\\\/alena-isolated-contact-todibo-barcelona_259874_102.html#primaryimage\"},\"thumbnailUrl\":\"https:\\\/\\\/www.fcbarcelonanoticias.com\\\/en\\\/wp-content\\\/uploads\\\/sites\\\/2\\\/2020\\\/08\\\/carles-alena-banquillo.jpeg\",\"datePublished\":\"2020-08-13T06:26:00+00:00\",\"author\":{\"@id\":\"https:\\\/\\\/www.fcbarcelonanoticias.com\\\/en\\\/#\\\/schema\\\/person\\\/fcdad55cab72b8d0e106d75506783b6d\"},\"description\":\"Jean-Clair Todibo recognised this past Wednesday that he is the positive by coronavirus of the Bar\u00e7a. But the French is not the only cul\u00e9 in quarantine, since...\",\"breadcrumb\":{\"@id\":\"https:\\\/\\\/www.fcbarcelonanoticias.com\\\/en\\\/players\\\/alena-isolated-contact-todibo-barcelona_259874_102.html#breadcrumb\"},\"inLanguage\":\"en-US\",\"potentialAction\":[{\"@type\":\"ReadAction\",\"target\":[\"https:\\\/\\\/www.fcbarcelonanoticias.com\\\/en\\\/players\\\/alena-isolated-contact-todibo-barcelona_259874_102.html\"]}]},{\"@type\":\"ImageObject\",\"inLanguage\":\"en-US\",\"@id\":\"https:\\\/\\\/www.fcbarcelonanoticias.com\\\/en\\\/players\\\/alena-isolated-contact-todibo-barcelona_259874_102.html#primaryimage\",\"url\":\"https:\\\/\\\/www.fcbarcelonanoticias.com\\\/en\\\/wp-content\\\/uploads\\\/sites\\\/2\\\/2020\\\/08\\\/carles-alena-banquillo.jpeg\",\"contentUrl\":\"https:\\\/\\\/www.fcbarcelonanoticias.com\\\/en\\\/wp-content\\\/uploads\\\/sites\\\/2\\\/2020\\\/08\\\/carles-alena-banquillo.jpeg\",\"width\":1200,\"height\":716},{\"@type\":\"BreadcrumbList\",\"@id\":\"https:\\\/\\\/www.fcbarcelonanoticias.com\\\/en\\\/players\\\/alena-isolated-contact-todibo-barcelona_259874_102.html#breadcrumb\",\"itemListElement\":[{\"@type\":\"ListItem\",\"position\":1,\"name\":\"Portada\",\"item\":\"https:\\\/\\\/www.fcbarcelonanoticias.com\\\/en\\\/\"},{\"@type\":\"ListItem\",\"position\":2,\"name\":\"Ale\u00f1\u00e1 is also isolated for having been in contact with Todibo\"}]},{\"@type\":\"WebSite\",\"@id\":\"https:\\\/\\\/www.fcbarcelonanoticias.com\\\/en\\\/#website\",\"url\":\"https:\\\/\\\/www.fcbarcelonanoticias.com\\\/en\\\/\",\"name\":\"EN - FC Barcelona Noticias\",\"description\":\"\",\"potentialAction\":[{\"@type\":\"SearchAction\",\"target\":{\"@type\":\"EntryPoint\",\"urlTemplate\":\"https:\\\/\\\/www.fcbarcelonanoticias.com\\\/en\\\/?s={search_term_string}\"},\"query-input\":{\"@type\":\"PropertyValueSpecification\",\"valueRequired\":true,\"valueName\":\"search_term_string\"}}],\"inLanguage\":\"en-US\"},{\"@type\":\"Person\",\"@id\":\"https:\\\/\\\/www.fcbarcelonanoticias.com\\\/en\\\/#\\\/schema\\\/person\\\/fcdad55cab72b8d0e106d75506783b6d\",\"name\":\"user_4048\",\"image\":{\"@type\":\"ImageObject\",\"inLanguage\":\"en-US\",\"@id\":\"https:\\\/\\\/secure.gravatar.com\\\/avatar\\\/?s=96&d=mm&r=g\",\"url\":\"https:\\\/\\\/secure.gravatar.com\\\/avatar\\\/?s=96&d=mm&r=g\",\"contentUrl\":\"https:\\\/\\\/secure.gravatar.com\\\/avatar\\\/?s=96&d=mm&r=g\",\"caption\":\"user_4048\"},\"url\":\"https:\\\/\\\/www.fcbarcelonanoticias.com\\\/en\\\/user_4048.html\"}]}<\/script>\n<!-- \/ Yoast SEO plugin. -->","yoast_head_json":{"title":"Ale\u00f1\u00e1 is also isolated for having been in contact with Todibo","description":"Jean-Clair Todibo recognised this past Wednesday that he is the positive by coronavirus of the Bar\u00e7a. But the French is not the only cul\u00e9 in quarantine, since...","robots":{"index":"index","follow":"follow","max-snippet":"max-snippet:-1","max-image-preview":"max-image-preview:large","max-video-preview":"max-video-preview:-1"},"canonical":"https:\/\/www.fcbarcelonanoticias.com\/en\/players\/alena-isolated-contact-todibo-barcelona_259874_102.html","og_locale":"en_US","og_type":"article","og_title":"Ale\u00f1\u00e1 is also isolated for having been in contact with Todibo","og_description":"Jean-Clair Todibo recognised this past Wednesday that he is the positive by coronavirus of the Bar\u00e7a. But the French is not the only cul\u00e9 in quarantine, since...","og_url":"https:\/\/www.fcbarcelonanoticias.com\/en\/players\/alena-isolated-contact-todibo-barcelona_259874_102.html","og_site_name":"EN - FC Barcelona Noticias","article_published_time":"2020-08-13T06:26:00+00:00","og_image":[{"width":1200,"height":716,"url":"https:\/\/www.fcbarcelonanoticias.com\/en\/wp-content\/uploads\/sites\/2\/2020\/08\/carles-alena-banquillo.jpeg","type":"image\/jpeg"}],"author":"user_4048","twitter_card":"summary_large_image","twitter_misc":{"Written by":"user_4048","Est. reading time":"3 minutes"},"schema":{"@context":"https:\/\/schema.org","@graph":[{"@type":"Article","@id":"https:\/\/www.fcbarcelonanoticias.com\/en\/players\/alena-isolated-contact-todibo-barcelona_259874_102.html#article","isPartOf":{"@id":"https:\/\/www.fcbarcelonanoticias.com\/en\/players\/alena-isolated-contact-todibo-barcelona_259874_102.html"},"author":{"name":"user_4048","@id":"https:\/\/www.fcbarcelonanoticias.com\/en\/#\/schema\/person\/fcdad55cab72b8d0e106d75506783b6d"},"headline":"Ale\u00f1\u00e1 is also isolated for having been in contact with Todibo","datePublished":"2020-08-13T06:26:00+00:00","mainEntityOfPage":{"@id":"https:\/\/www.fcbarcelonanoticias.com\/en\/players\/alena-isolated-contact-todibo-barcelona_259874_102.html"},"wordCount":553,"image":{"@id":"https:\/\/www.fcbarcelonanoticias.com\/en\/players\/alena-isolated-contact-todibo-barcelona_259874_102.html#primaryimage"},"thumbnailUrl":"https:\/\/www.fcbarcelonanoticias.com\/en\/wp-content\/uploads\/sites\/2\/2020\/08\/carles-alena-banquillo.jpeg","keywords":["Ale\u00f1\u00e1","Coronavirus","Todibo"],"articleSection":["Players","Players"],"inLanguage":"en-US"},{"@type":"WebPage","@id":"https:\/\/www.fcbarcelonanoticias.com\/en\/players\/alena-isolated-contact-todibo-barcelona_259874_102.html","url":"https:\/\/www.fcbarcelonanoticias.com\/en\/players\/alena-isolated-contact-todibo-barcelona_259874_102.html","name":"Ale\u00f1\u00e1 is also isolated for having been in contact with Todibo","isPartOf":{"@id":"https:\/\/www.fcbarcelonanoticias.com\/en\/#website"},"primaryImageOfPage":{"@id":"https:\/\/www.fcbarcelonanoticias.com\/en\/players\/alena-isolated-contact-todibo-barcelona_259874_102.html#primaryimage"},"image":{"@id":"https:\/\/www.fcbarcelonanoticias.com\/en\/players\/alena-isolated-contact-todibo-barcelona_259874_102.html#primaryimage"},"thumbnailUrl":"https:\/\/www.fcbarcelonanoticias.com\/en\/wp-content\/uploads\/sites\/2\/2020\/08\/carles-alena-banquillo.jpeg","datePublished":"2020-08-13T06:26:00+00:00","author":{"@id":"https:\/\/www.fcbarcelonanoticias.com\/en\/#\/schema\/person\/fcdad55cab72b8d0e106d75506783b6d"},"description":"Jean-Clair Todibo recognised this past Wednesday that he is the positive by coronavirus of the Bar\u00e7a. But the French is not the only cul\u00e9 in quarantine, since...","breadcrumb":{"@id":"https:\/\/www.fcbarcelonanoticias.com\/en\/players\/alena-isolated-contact-todibo-barcelona_259874_102.html#breadcrumb"},"inLanguage":"en-US","potentialAction":[{"@type":"ReadAction","target":["https:\/\/www.fcbarcelonanoticias.com\/en\/players\/alena-isolated-contact-todibo-barcelona_259874_102.html"]}]},{"@type":"ImageObject","inLanguage":"en-US","@id":"https:\/\/www.fcbarcelonanoticias.com\/en\/players\/alena-isolated-contact-todibo-barcelona_259874_102.html#primaryimage","url":"https:\/\/www.fcbarcelonanoticias.com\/en\/wp-content\/uploads\/sites\/2\/2020\/08\/carles-alena-banquillo.jpeg","contentUrl":"https:\/\/www.fcbarcelonanoticias.com\/en\/wp-content\/uploads\/sites\/2\/2020\/08\/carles-alena-banquillo.jpeg","width":1200,"height":716},{"@type":"BreadcrumbList","@id":"https:\/\/www.fcbarcelonanoticias.com\/en\/players\/alena-isolated-contact-todibo-barcelona_259874_102.html#breadcrumb","itemListElement":[{"@type":"ListItem","position":1,"name":"Portada","item":"https:\/\/www.fcbarcelonanoticias.com\/en\/"},{"@type":"ListItem","position":2,"name":"Ale\u00f1\u00e1 is also isolated for having been in contact with Todibo"}]},{"@type":"WebSite","@id":"https:\/\/www.fcbarcelonanoticias.com\/en\/#website","url":"https:\/\/www.fcbarcelonanoticias.com\/en\/","name":"EN - FC Barcelona Noticias","description":"","potentialAction":[{"@type":"SearchAction","target":{"@type":"EntryPoint","urlTemplate":"https:\/\/www.fcbarcelonanoticias.com\/en\/?s={search_term_string}"},"query-input":{"@type":"PropertyValueSpecification","valueRequired":true,"valueName":"search_term_string"}}],"inLanguage":"en-US"},{"@type":"Person","@id":"https:\/\/www.fcbarcelonanoticias.com\/en\/#\/schema\/person\/fcdad55cab72b8d0e106d75506783b6d","name":"user_4048","image":{"@type":"ImageObject","inLanguage":"en-US","@id":"https:\/\/secure.gravatar.com\/avatar\/?s=96&d=mm&r=g","url":"https:\/\/secure.gravatar.com\/avatar\/?s=96&d=mm&r=g","contentUrl":"https:\/\/secure.gravatar.com\/avatar\/?s=96&d=mm&r=g","caption":"user_4048"},"url":"https:\/\/www.fcbarcelonanoticias.com\/en\/user_4048.html"}]}},"_links":{"self":[{"href":"https:\/\/www.fcbarcelonanoticias.com\/en\/wp-json\/wp\/v2\/posts\/66777","targetHints":{"allow":["GET"]}}],"collection":[{"href":"https:\/\/www.fcbarcelonanoticias.com\/en\/wp-json\/wp\/v2\/posts"}],"about":[{"href":"https:\/\/www.fcbarcelonanoticias.com\/en\/wp-json\/wp\/v2\/types\/post"}],"author":[{"embeddable":true,"href":"https:\/\/www.fcbarcelonanoticias.com\/en\/wp-json\/wp\/v2\/users\/392"}],"replies":[{"embeddable":true,"href":"https:\/\/www.fcbarcelonanoticias.com\/en\/wp-json\/wp\/v2\/comments?post=66777"}],"version-history":[{"count":1,"href":"https:\/\/www.fcbarcelonanoticias.com\/en\/wp-json\/wp\/v2\/posts\/66777\/revisions"}],"predecessor-version":[{"id":119106,"href":"https:\/\/www.fcbarcelonanoticias.com\/en\/wp-json\/wp\/v2\/posts\/66777\/revisions\/119106"}],"wp:featuredmedia":[{"embeddable":true,"href":"https:\/\/www.fcbarcelonanoticias.com\/en\/wp-json\/wp\/v2\/media\/66780"}],"wp:attachment":[{"href":"https:\/\/www.fcbarcelonanoticias.com\/en\/wp-json\/wp\/v2\/media?parent=66777"}],"wp:term":[{"taxonomy":"category","embeddable":true,"href":"https:\/\/www.fcbarcelonanoticias.com\/en\/wp-json\/wp\/v2\/categories?post=66777"},{"taxonomy":"post_tag","embeddable":true,"href":"https:\/\/www.fcbarcelonanoticias.com\/en\/wp-json\/wp\/v2\/tags?post=66777"}],"curies":[{"name":"wp","href":"https:\/\/api.w.org\/{rel}","templated":true}]}}