{"id":66792,"date":"2020-11-30T17:36:00","date_gmt":"2020-11-30T16:36:00","guid":{"rendered":"https:\/\/weisetech.dev\/fc-barcelona-noticias\/en\/alena-wins-clearly-game-riqui-puig-eyes-koeman_262781_102\/"},"modified":"2020-11-30T17:36:00","modified_gmt":"2020-11-30T16:36:00","slug":"alena-wins-clearly-game-riqui-puig-eyes-koeman_262781_102","status":"publish","type":"post","link":"https:\/\/www.fcbarcelonanoticias.com\/en\/players\/alena-wins-clearly-game-riqui-puig-eyes-koeman_262781_102.html","title":{"rendered":"Ale\u00f1\u00e1 clearly wins the game against Riqui Puig in the eyes of Koeman"},"content":{"rendered":"<h2 class=\"wp-block-heading\">Ronald Koeman has chosen between Riqui Puig and Carles Ale\u00f1\u00e1 and has stayed with the one from Matar\u00f3. The &#8216;6&#8217; returned to play against Osasuna due to Cl\u00e9ment Lenglet&#8217;s injury and Riqui did not play a single minute<\/h2>  \r\n<div class=\"article-addons\">\r\n    <a href=\"https:\/\/www.fcbarcelonanoticias.com\/en\/calendar-fc-barcelona.html\"\r\n       target=\"_self\"\r\n       title=\"Calendar of FC Barcelona\"\r\n       class=\"blue-gredient-btn\">\r\n       \r\n        Calendar of FC Barcelona    <\/a>\r\n<\/div>   <p><strong><a data-external=\"0\" data-intl-links-en=\"https:\/\/www.fcbarcelonanoticias.com\/en\/tags\/alena\" data-intl-links-es=\"https:\/\/www.fcbarcelonanoticias.com\/tags\/alena\" href=\"https:\/\/www.fcbarcelonanoticias.com\/en\/tags\/alena.html\" rel=\"follow\" target=\"_self\" title=\"Ale\u00f1\u00e1\">Carles Ale\u00f1\u00e1<\/a> had to jump to the terrain of game against Osasuna by cause of greater strength<\/strong>. When Ronald Koeman already had done four of his five changes and the FC Barcelona already won 3-0, Cl\u00e9ment Lenglet had to withdraw by fault of an injury. Without head offices in the bench, the Dutch trainer resorted to a midfield player so that Frenkie of Jong happened to the centre of the defence.<\/p>  <p>To the hour to choose the mediocampista that use, the one of Zaandam preferred to give him a new opportunity to Ale\u00f1\u00e1 that throw of Miralem Pjanic or of <strong><a data-external=\"0\" data-intl-links-en=\"https:\/\/www.fcbarcelonanoticias.com\/en\/tags\/riqui-puig\" data-intl-links-es=\"https:\/\/www.fcbarcelonanoticias.com\/tags\/riqui-puig\" href=\"https:\/\/www.fcbarcelonanoticias.com\/en\/tags\/riqui-puig.html\" rel=\"follow\" target=\"_self\" title=\"Riqui Puig\">Riqui Puig<\/a>\u200b<\/strong>, the others alternative for the place. Not choosing to the bosnio seems more a subject to preserve to the &#8216;veteran&#8217; for next duels, that a sportive decision. Nevertheless, <strong>have remained with Carles in place of with Riqui himself is something that it is necessary to have very in account<\/strong>.<\/p>  <p>The Dutch already hinted of his predilection by the one of the Maresme when it chose him to confront to the Dynamo of Kiev. The ex of the Real Betis was to title beside Pjanic, whereas Puig went out in the second part little more than 25 minutes. After these last two commitments, <strong>remains very clear that Koeman prefers to the ex verdiblanco in the centre of the field<\/strong> a lot before that to the of Matadepera, that does not convince him in this zone.<\/p>  <p>It is necessary to take into account that Riqui so alone has played 3 minutes in the midfield in what it goes of course. It was in Getafe and his presence was absolutely testimonial. In Kiev, with his entrance, Pedri happened to the double pivote and went the canterano the one who joined up to the mediapunta. This decision leaves clearer still that <strong>the technician does not trust the Catalan for this position and that goes to be his last option<\/strong>, only by in front of Matheus Fernandes.<\/p>  <p>Ale\u00f1\u00e1, instead, <strong>yes is a solution of urgency for this zone and Koeman does not go to have problems in resorting to he <\/strong>if it does fault. It showed it in front of the Dynamo and went back it to do this Sunday against Osasuna. It does some weeks, already commanded a message elogiando his capacity of work and his win to learn, something that little by little is giving him minutes and that has done him have a much more leading role that the one of his mate.<\/p>  <h3>Koeman, happy with the work of Ale\u00f1\u00e1<\/h3>  <p>&#8220;With Ale\u00f1\u00e1 spoke on his future here, the same that with Riqui. <strong>I have seen to Ale\u00f1\u00e1 with many win in the trainings, with win to improve like pivote<\/strong>. If somebody deserves minutes in the entrenos give it to him, always is in hands of the players&#8221;, said Koeman the first week of November. Little by little, the one of the Maresme has gone him convincing, whereas Riqui follows without winning a place and every time is losing more strength.<\/p> ","protected":false},"excerpt":{"rendered":"<p>Ronald Koeman has chosen between Riqui Puig and Carles Ale\u00f1\u00e1 and has stayed with the one from Matar\u00f3. The &#8216;6&#8217; returned to play against Osasuna due to Cl\u00e9ment Lenglet&#8217;s injury and Riqui did not play a single minute Carles Ale\u00f1\u00e1 had to jump to the terrain of game against Osasuna by cause of greater strength. [&hellip;]<\/p>\n","protected":false},"author":380,"featured_media":66798,"comment_status":"closed","ping_status":"open","sticky":false,"template":"","format":"standard","meta":{"_acf_changed":false,"inline_featured_image":false,"_nextfly_llmd_date_locked":false,"footnotes":""},"categories":[453,107],"tags":[296,346,209],"class_list":["post-66792","post","type-post","status-publish","format-standard","has-post-thumbnail","hentry","category-players-2","category-players","tag-alena","tag-riqui-puig","tag-ronald-koeman"],"acf":[],"yoast_head":"<!-- This site is optimized with the Yoast SEO plugin v27.3 - https:\/\/yoast.com\/product\/yoast-seo-wordpress\/ -->\n<title>Ale\u00f1\u00e1 clearly wins the game against Riqui Puig in the eyes of Koeman<\/title>\n<meta name=\"description\" content=\"Ronald Koeman has chosen between Riqui Puig and Carles Ale\u00f1\u00e1 and has remained with the one of Matar\u00f3. The &#039;6&#039; went back to play in front of the Osasuna by the injury of Cl\u00e9ment Len...\" \/>\n<meta name=\"robots\" content=\"index, follow, max-snippet:-1, max-image-preview:large, max-video-preview:-1\" \/>\n<link rel=\"canonical\" href=\"https:\/\/www.fcbarcelonanoticias.com\/en\/players\/alena-wins-clearly-game-riqui-puig-eyes-koeman_262781_102.html\" \/>\n<meta property=\"og:locale\" content=\"en_US\" \/>\n<meta property=\"og:type\" content=\"article\" \/>\n<meta property=\"og:title\" content=\"Ale\u00f1\u00e1 clearly wins the game against Riqui Puig in the eyes of Koeman\" \/>\n<meta property=\"og:description\" content=\"Ronald Koeman has chosen between Riqui Puig and Carles Ale\u00f1\u00e1 and has remained with the one of Matar\u00f3. The &#039;6&#039; went back to play in front of the Osasuna by the injury of Cl\u00e9ment Len...\" \/>\n<meta property=\"og:url\" content=\"https:\/\/www.fcbarcelonanoticias.com\/en\/players\/alena-wins-clearly-game-riqui-puig-eyes-koeman_262781_102.html\" \/>\n<meta property=\"og:site_name\" content=\"EN - FC Barcelona Noticias\" \/>\n<meta property=\"article:published_time\" content=\"2020-11-30T16:36:00+00:00\" \/>\n<meta property=\"og:image\" content=\"https:\/\/www.fcbarcelonanoticias.com\/en\/wp-content\/uploads\/sites\/2\/2020\/11\/alena-barca-koeman.jpeg\" \/>\n\t<meta property=\"og:image:width\" content=\"1200\" \/>\n\t<meta property=\"og:image:height\" content=\"684\" \/>\n\t<meta property=\"og:image:type\" content=\"image\/jpeg\" \/>\n<meta name=\"author\" content=\"user_4036\" \/>\n<meta name=\"twitter:card\" content=\"summary_large_image\" \/>\n<meta name=\"twitter:label1\" content=\"Written by\" \/>\n\t<meta name=\"twitter:data1\" content=\"user_4036\" \/>\n\t<meta name=\"twitter:label2\" content=\"Est. reading time\" \/>\n\t<meta name=\"twitter:data2\" content=\"3 minutes\" \/>\n<script type=\"application\/ld+json\" class=\"yoast-schema-graph\">{\"@context\":\"https:\\\/\\\/schema.org\",\"@graph\":[{\"@type\":\"Article\",\"@id\":\"https:\\\/\\\/www.fcbarcelonanoticias.com\\\/en\\\/players\\\/alena-wins-clearly-game-riqui-puig-eyes-koeman_262781_102.html#article\",\"isPartOf\":{\"@id\":\"https:\\\/\\\/www.fcbarcelonanoticias.com\\\/en\\\/players\\\/alena-wins-clearly-game-riqui-puig-eyes-koeman_262781_102.html\"},\"author\":{\"name\":\"user_4036\",\"@id\":\"https:\\\/\\\/www.fcbarcelonanoticias.com\\\/en\\\/#\\\/schema\\\/person\\\/2c11766f24f3c56715694e077889a703\"},\"headline\":\"Ale\u00f1\u00e1 clearly wins the game against Riqui Puig in the eyes of Koeman\",\"datePublished\":\"2020-11-30T16:36:00+00:00\",\"mainEntityOfPage\":{\"@id\":\"https:\\\/\\\/www.fcbarcelonanoticias.com\\\/en\\\/players\\\/alena-wins-clearly-game-riqui-puig-eyes-koeman_262781_102.html\"},\"wordCount\":551,\"image\":{\"@id\":\"https:\\\/\\\/www.fcbarcelonanoticias.com\\\/en\\\/players\\\/alena-wins-clearly-game-riqui-puig-eyes-koeman_262781_102.html#primaryimage\"},\"thumbnailUrl\":\"https:\\\/\\\/www.fcbarcelonanoticias.com\\\/en\\\/wp-content\\\/uploads\\\/sites\\\/2\\\/2020\\\/11\\\/alena-barca-koeman.jpeg\",\"keywords\":[\"Ale\u00f1\u00e1\",\"Riqui Puig\",\"Ronald Koeman\"],\"articleSection\":[\"Players\",\"Players\"],\"inLanguage\":\"en-US\"},{\"@type\":\"WebPage\",\"@id\":\"https:\\\/\\\/www.fcbarcelonanoticias.com\\\/en\\\/players\\\/alena-wins-clearly-game-riqui-puig-eyes-koeman_262781_102.html\",\"url\":\"https:\\\/\\\/www.fcbarcelonanoticias.com\\\/en\\\/players\\\/alena-wins-clearly-game-riqui-puig-eyes-koeman_262781_102.html\",\"name\":\"Ale\u00f1\u00e1 clearly wins the game against Riqui Puig in the eyes of Koeman\",\"isPartOf\":{\"@id\":\"https:\\\/\\\/www.fcbarcelonanoticias.com\\\/en\\\/#website\"},\"primaryImageOfPage\":{\"@id\":\"https:\\\/\\\/www.fcbarcelonanoticias.com\\\/en\\\/players\\\/alena-wins-clearly-game-riqui-puig-eyes-koeman_262781_102.html#primaryimage\"},\"image\":{\"@id\":\"https:\\\/\\\/www.fcbarcelonanoticias.com\\\/en\\\/players\\\/alena-wins-clearly-game-riqui-puig-eyes-koeman_262781_102.html#primaryimage\"},\"thumbnailUrl\":\"https:\\\/\\\/www.fcbarcelonanoticias.com\\\/en\\\/wp-content\\\/uploads\\\/sites\\\/2\\\/2020\\\/11\\\/alena-barca-koeman.jpeg\",\"datePublished\":\"2020-11-30T16:36:00+00:00\",\"author\":{\"@id\":\"https:\\\/\\\/www.fcbarcelonanoticias.com\\\/en\\\/#\\\/schema\\\/person\\\/2c11766f24f3c56715694e077889a703\"},\"description\":\"Ronald Koeman has chosen between Riqui Puig and Carles Ale\u00f1\u00e1 and has remained with the one of Matar\u00f3. The '6' went back to play in front of the Osasuna by the injury of Cl\u00e9ment Len...\",\"breadcrumb\":{\"@id\":\"https:\\\/\\\/www.fcbarcelonanoticias.com\\\/en\\\/players\\\/alena-wins-clearly-game-riqui-puig-eyes-koeman_262781_102.html#breadcrumb\"},\"inLanguage\":\"en-US\",\"potentialAction\":[{\"@type\":\"ReadAction\",\"target\":[\"https:\\\/\\\/www.fcbarcelonanoticias.com\\\/en\\\/players\\\/alena-wins-clearly-game-riqui-puig-eyes-koeman_262781_102.html\"]}]},{\"@type\":\"ImageObject\",\"inLanguage\":\"en-US\",\"@id\":\"https:\\\/\\\/www.fcbarcelonanoticias.com\\\/en\\\/players\\\/alena-wins-clearly-game-riqui-puig-eyes-koeman_262781_102.html#primaryimage\",\"url\":\"https:\\\/\\\/www.fcbarcelonanoticias.com\\\/en\\\/wp-content\\\/uploads\\\/sites\\\/2\\\/2020\\\/11\\\/alena-barca-koeman.jpeg\",\"contentUrl\":\"https:\\\/\\\/www.fcbarcelonanoticias.com\\\/en\\\/wp-content\\\/uploads\\\/sites\\\/2\\\/2020\\\/11\\\/alena-barca-koeman.jpeg\",\"width\":1200,\"height\":684},{\"@type\":\"BreadcrumbList\",\"@id\":\"https:\\\/\\\/www.fcbarcelonanoticias.com\\\/en\\\/players\\\/alena-wins-clearly-game-riqui-puig-eyes-koeman_262781_102.html#breadcrumb\",\"itemListElement\":[{\"@type\":\"ListItem\",\"position\":1,\"name\":\"Portada\",\"item\":\"https:\\\/\\\/www.fcbarcelonanoticias.com\\\/en\\\/\"},{\"@type\":\"ListItem\",\"position\":2,\"name\":\"Ale\u00f1\u00e1 clearly wins the game against Riqui Puig in the eyes of Koeman\"}]},{\"@type\":\"WebSite\",\"@id\":\"https:\\\/\\\/www.fcbarcelonanoticias.com\\\/en\\\/#website\",\"url\":\"https:\\\/\\\/www.fcbarcelonanoticias.com\\\/en\\\/\",\"name\":\"EN - FC Barcelona Noticias\",\"description\":\"\",\"potentialAction\":[{\"@type\":\"SearchAction\",\"target\":{\"@type\":\"EntryPoint\",\"urlTemplate\":\"https:\\\/\\\/www.fcbarcelonanoticias.com\\\/en\\\/?s={search_term_string}\"},\"query-input\":{\"@type\":\"PropertyValueSpecification\",\"valueRequired\":true,\"valueName\":\"search_term_string\"}}],\"inLanguage\":\"en-US\"},{\"@type\":\"Person\",\"@id\":\"https:\\\/\\\/www.fcbarcelonanoticias.com\\\/en\\\/#\\\/schema\\\/person\\\/2c11766f24f3c56715694e077889a703\",\"name\":\"user_4036\",\"image\":{\"@type\":\"ImageObject\",\"inLanguage\":\"en-US\",\"@id\":\"https:\\\/\\\/secure.gravatar.com\\\/avatar\\\/?s=96&d=mm&r=g\",\"url\":\"https:\\\/\\\/secure.gravatar.com\\\/avatar\\\/?s=96&d=mm&r=g\",\"contentUrl\":\"https:\\\/\\\/secure.gravatar.com\\\/avatar\\\/?s=96&d=mm&r=g\",\"caption\":\"user_4036\"},\"url\":\"https:\\\/\\\/www.fcbarcelonanoticias.com\\\/en\\\/user_4036.html\"}]}<\/script>\n<!-- \/ Yoast SEO plugin. -->","yoast_head_json":{"title":"Ale\u00f1\u00e1 clearly wins the game against Riqui Puig in the eyes of Koeman","description":"Ronald Koeman has chosen between Riqui Puig and Carles Ale\u00f1\u00e1 and has remained with the one of Matar\u00f3. The '6' went back to play in front of the Osasuna by the injury of Cl\u00e9ment Len...","robots":{"index":"index","follow":"follow","max-snippet":"max-snippet:-1","max-image-preview":"max-image-preview:large","max-video-preview":"max-video-preview:-1"},"canonical":"https:\/\/www.fcbarcelonanoticias.com\/en\/players\/alena-wins-clearly-game-riqui-puig-eyes-koeman_262781_102.html","og_locale":"en_US","og_type":"article","og_title":"Ale\u00f1\u00e1 clearly wins the game against Riqui Puig in the eyes of Koeman","og_description":"Ronald Koeman has chosen between Riqui Puig and Carles Ale\u00f1\u00e1 and has remained with the one of Matar\u00f3. The '6' went back to play in front of the Osasuna by the injury of Cl\u00e9ment Len...","og_url":"https:\/\/www.fcbarcelonanoticias.com\/en\/players\/alena-wins-clearly-game-riqui-puig-eyes-koeman_262781_102.html","og_site_name":"EN - FC Barcelona Noticias","article_published_time":"2020-11-30T16:36:00+00:00","og_image":[{"width":1200,"height":684,"url":"https:\/\/www.fcbarcelonanoticias.com\/en\/wp-content\/uploads\/sites\/2\/2020\/11\/alena-barca-koeman.jpeg","type":"image\/jpeg"}],"author":"user_4036","twitter_card":"summary_large_image","twitter_misc":{"Written by":"user_4036","Est. reading time":"3 minutes"},"schema":{"@context":"https:\/\/schema.org","@graph":[{"@type":"Article","@id":"https:\/\/www.fcbarcelonanoticias.com\/en\/players\/alena-wins-clearly-game-riqui-puig-eyes-koeman_262781_102.html#article","isPartOf":{"@id":"https:\/\/www.fcbarcelonanoticias.com\/en\/players\/alena-wins-clearly-game-riqui-puig-eyes-koeman_262781_102.html"},"author":{"name":"user_4036","@id":"https:\/\/www.fcbarcelonanoticias.com\/en\/#\/schema\/person\/2c11766f24f3c56715694e077889a703"},"headline":"Ale\u00f1\u00e1 clearly wins the game against Riqui Puig in the eyes of Koeman","datePublished":"2020-11-30T16:36:00+00:00","mainEntityOfPage":{"@id":"https:\/\/www.fcbarcelonanoticias.com\/en\/players\/alena-wins-clearly-game-riqui-puig-eyes-koeman_262781_102.html"},"wordCount":551,"image":{"@id":"https:\/\/www.fcbarcelonanoticias.com\/en\/players\/alena-wins-clearly-game-riqui-puig-eyes-koeman_262781_102.html#primaryimage"},"thumbnailUrl":"https:\/\/www.fcbarcelonanoticias.com\/en\/wp-content\/uploads\/sites\/2\/2020\/11\/alena-barca-koeman.jpeg","keywords":["Ale\u00f1\u00e1","Riqui Puig","Ronald Koeman"],"articleSection":["Players","Players"],"inLanguage":"en-US"},{"@type":"WebPage","@id":"https:\/\/www.fcbarcelonanoticias.com\/en\/players\/alena-wins-clearly-game-riqui-puig-eyes-koeman_262781_102.html","url":"https:\/\/www.fcbarcelonanoticias.com\/en\/players\/alena-wins-clearly-game-riqui-puig-eyes-koeman_262781_102.html","name":"Ale\u00f1\u00e1 clearly wins the game against Riqui Puig in the eyes of Koeman","isPartOf":{"@id":"https:\/\/www.fcbarcelonanoticias.com\/en\/#website"},"primaryImageOfPage":{"@id":"https:\/\/www.fcbarcelonanoticias.com\/en\/players\/alena-wins-clearly-game-riqui-puig-eyes-koeman_262781_102.html#primaryimage"},"image":{"@id":"https:\/\/www.fcbarcelonanoticias.com\/en\/players\/alena-wins-clearly-game-riqui-puig-eyes-koeman_262781_102.html#primaryimage"},"thumbnailUrl":"https:\/\/www.fcbarcelonanoticias.com\/en\/wp-content\/uploads\/sites\/2\/2020\/11\/alena-barca-koeman.jpeg","datePublished":"2020-11-30T16:36:00+00:00","author":{"@id":"https:\/\/www.fcbarcelonanoticias.com\/en\/#\/schema\/person\/2c11766f24f3c56715694e077889a703"},"description":"Ronald Koeman has chosen between Riqui Puig and Carles Ale\u00f1\u00e1 and has remained with the one of Matar\u00f3. The '6' went back to play in front of the Osasuna by the injury of Cl\u00e9ment Len...","breadcrumb":{"@id":"https:\/\/www.fcbarcelonanoticias.com\/en\/players\/alena-wins-clearly-game-riqui-puig-eyes-koeman_262781_102.html#breadcrumb"},"inLanguage":"en-US","potentialAction":[{"@type":"ReadAction","target":["https:\/\/www.fcbarcelonanoticias.com\/en\/players\/alena-wins-clearly-game-riqui-puig-eyes-koeman_262781_102.html"]}]},{"@type":"ImageObject","inLanguage":"en-US","@id":"https:\/\/www.fcbarcelonanoticias.com\/en\/players\/alena-wins-clearly-game-riqui-puig-eyes-koeman_262781_102.html#primaryimage","url":"https:\/\/www.fcbarcelonanoticias.com\/en\/wp-content\/uploads\/sites\/2\/2020\/11\/alena-barca-koeman.jpeg","contentUrl":"https:\/\/www.fcbarcelonanoticias.com\/en\/wp-content\/uploads\/sites\/2\/2020\/11\/alena-barca-koeman.jpeg","width":1200,"height":684},{"@type":"BreadcrumbList","@id":"https:\/\/www.fcbarcelonanoticias.com\/en\/players\/alena-wins-clearly-game-riqui-puig-eyes-koeman_262781_102.html#breadcrumb","itemListElement":[{"@type":"ListItem","position":1,"name":"Portada","item":"https:\/\/www.fcbarcelonanoticias.com\/en\/"},{"@type":"ListItem","position":2,"name":"Ale\u00f1\u00e1 clearly wins the game against Riqui Puig in the eyes of Koeman"}]},{"@type":"WebSite","@id":"https:\/\/www.fcbarcelonanoticias.com\/en\/#website","url":"https:\/\/www.fcbarcelonanoticias.com\/en\/","name":"EN - FC Barcelona Noticias","description":"","potentialAction":[{"@type":"SearchAction","target":{"@type":"EntryPoint","urlTemplate":"https:\/\/www.fcbarcelonanoticias.com\/en\/?s={search_term_string}"},"query-input":{"@type":"PropertyValueSpecification","valueRequired":true,"valueName":"search_term_string"}}],"inLanguage":"en-US"},{"@type":"Person","@id":"https:\/\/www.fcbarcelonanoticias.com\/en\/#\/schema\/person\/2c11766f24f3c56715694e077889a703","name":"user_4036","image":{"@type":"ImageObject","inLanguage":"en-US","@id":"https:\/\/secure.gravatar.com\/avatar\/?s=96&d=mm&r=g","url":"https:\/\/secure.gravatar.com\/avatar\/?s=96&d=mm&r=g","contentUrl":"https:\/\/secure.gravatar.com\/avatar\/?s=96&d=mm&r=g","caption":"user_4036"},"url":"https:\/\/www.fcbarcelonanoticias.com\/en\/user_4036.html"}]}},"_links":{"self":[{"href":"https:\/\/www.fcbarcelonanoticias.com\/en\/wp-json\/wp\/v2\/posts\/66792","targetHints":{"allow":["GET"]}}],"collection":[{"href":"https:\/\/www.fcbarcelonanoticias.com\/en\/wp-json\/wp\/v2\/posts"}],"about":[{"href":"https:\/\/www.fcbarcelonanoticias.com\/en\/wp-json\/wp\/v2\/types\/post"}],"author":[{"embeddable":true,"href":"https:\/\/www.fcbarcelonanoticias.com\/en\/wp-json\/wp\/v2\/users\/380"}],"replies":[{"embeddable":true,"href":"https:\/\/www.fcbarcelonanoticias.com\/en\/wp-json\/wp\/v2\/comments?post=66792"}],"version-history":[{"count":1,"href":"https:\/\/www.fcbarcelonanoticias.com\/en\/wp-json\/wp\/v2\/posts\/66792\/revisions"}],"predecessor-version":[{"id":119133,"href":"https:\/\/www.fcbarcelonanoticias.com\/en\/wp-json\/wp\/v2\/posts\/66792\/revisions\/119133"}],"wp:featuredmedia":[{"embeddable":true,"href":"https:\/\/www.fcbarcelonanoticias.com\/en\/wp-json\/wp\/v2\/media\/66798"}],"wp:attachment":[{"href":"https:\/\/www.fcbarcelonanoticias.com\/en\/wp-json\/wp\/v2\/media?parent=66792"}],"wp:term":[{"taxonomy":"category","embeddable":true,"href":"https:\/\/www.fcbarcelonanoticias.com\/en\/wp-json\/wp\/v2\/categories?post=66792"},{"taxonomy":"post_tag","embeddable":true,"href":"https:\/\/www.fcbarcelonanoticias.com\/en\/wp-json\/wp\/v2\/tags?post=66792"}],"curies":[{"name":"wp","href":"https:\/\/api.w.org\/{rel}","templated":true}]}}