{"id":66817,"date":"2020-11-25T08:08:00","date_gmt":"2020-11-25T07:08:00","guid":{"rendered":"https:\/\/weisetech.dev\/fc-barcelona-noticias\/en\/alena-vindicated-showed-can-be-useful-barcelona_262615_102\/"},"modified":"2020-11-25T08:47:00","modified_gmt":"2020-11-25T07:47:00","slug":"alena-vindicated-showed-can-be-useful-barcelona_262615_102","status":"publish","type":"post","link":"https:\/\/www.fcbarcelonanoticias.com\/en\/players\/alena-vindicated-showed-can-be-useful-barcelona_262615_102.html","title":{"rendered":"Ale\u00f1\u00e1 vindicated himself and showed that he can be useful for this Bar\u00e7a"},"content":{"rendered":"<h2 class=\"wp-block-heading\">Carles Ale\u00f1\u00e1 made his debut as a starter this season and did so with a remarkable performance against Dynamo Kiev. The Catalan formed in the double pivot with Pjanic and did not hide at any time, making it clear that he can be useful for Koeman<\/h2>  \r\n<div class=\"article-addons\">\r\n    <a href=\"https:\/\/www.fcbarcelonanoticias.com\/en\/calendar-fc-barcelona.html\"\r\n       target=\"_self\"\r\n       title=\"Calendar of FC Barcelona\"\r\n       class=\"blue-gredient-btn\">\r\n       \r\n        Calendar of FC Barcelona    <\/a>\r\n<\/div>   <p><strong><a data-external=\"0\" data-intl-links-en=\"https:\/\/www.fcbarcelonanoticias.com\/en\/players\/night-premieres-kiev-debuts-mingueza-riqui-matheus-konrad_262613_102.html\" data-intl-links-es=\"https:\/\/www.fcbarcelonanoticias.com\/jugadores\/noche-estrenos-kiev-debuts-mingueza-riqui-matheus-konrad_262613_102.html\" href=\"https:\/\/www.fcbarcelonanoticias.com\/en\/players\/night-premieres-kiev-debuts-mingueza-riqui-matheus-konrad_262613_102.html\" rel=\"follow\" target=\"_self\" title=\"Noche de estrenos en Kiev: Debuts de Mingueza, Riqui, Matheus y Konrad\">The one of Kiev was a night of debuts<\/a><\/strong> in all the senses. No only they debuted in Champions League \u00d3scar Mingueza, Konrad de la Fuente, Riqui Puig and Matheus Fernandes,<strong> also did it, at least like titling in the FC Barcelona this season, <a data-external=\"0\" data-intl-links-en=\"https:\/\/www.fcbarcelonanoticias.com\/en\/tags\/alena\" data-intl-links-es=\"https:\/\/www.fcbarcelonanoticias.com\/tags\/alena\" href=\"https:\/\/www.fcbarcelonanoticias.com\/en\/tags\/alena.html\" rel=\"follow\" target=\"_self\" title=\"Ale\u00f1\u00e1\">Carles Ale\u00f1\u00e1<\/a>\u200b<\/strong>. The one of Matar\u00f3 so alone had contested until this date 7 minutes against the own Dynamo of Kiev in the Camp Nou, by what could enjoy at last of the minutes by which has struggled during so many months.<\/p>  <p>Ronald Koeman had to throw of the less usual against the Russians by the drops and by his own decisions, and thus it had the one of the Maresme. The Catalan, in front of the absence of Sergio Busquets, formed double pivote with Miralem Pjanic and played the 90 minutes of crash. Although it did not go of the most stood out, is just to recognise that <strong>it completed a remarkable performance with which claimed to his way<\/strong>.<\/p>  <p>It did not do big alardes neither left spectacular details, but Ale\u00f1\u00e1 showed against the Dynamo that can be very useful for this Bar\u00e7a. The canterano moved by the left zone of the midfield and did not leave to ask it in the 95 minutes that was on the terrain of game. <strong>It knew to hold the ball, went a support for all his mates and hardly lost it<\/strong>. In summary, showed to have a lot of personality, character and win to do it well and follow working in search of more opportunities like the one of this Tuesday.<\/p>  <p>As to all the team, cost him more offer and generate football in the first part, but still like this left clear that with balloon is a safe. Carles does not be used to to lose the spherical hardly ever and this in a midfield player is something to have very in account. In the second, yes <strong>left some interesting pass and the feeling that with patience and parties, can be this big half <\/strong>that aimed to be in the Masia.<\/p>  <p>Besides, also it showed that it can play and defend in the double pivote, something of what doubted a lot. The own Ronald Koeman recognised does weeks that was working to be able to stand out in this position and in Kiev remained clear that it was truth. Also it is necessary to remember his pass to Jordi Alba in the 0-4 of Antoine Griezmann, showing his quality and vision of game with spaces.<\/p>  <h3>Ale\u00f1\u00e1, by in front of Riqui Puig for Koeman<\/h3>  <p>It is likely that go back to the bench against Osasuna this Sunday, since it will return Frenkie of Jong and after the crash of Mingueza, everything aims that the central will be against the navarros. Nevertheless, if Busquets is not neither against the &#8216;rojillos&#8217;, is very possible that go back to have minutes along the meeting. What <strong>has remained clear after the 0-4 in front of the Dynamo is that it can trust he and that for Koeman is by in front of Riqui Puig<\/strong>, another of the applicants to the place.<\/p> ","protected":false},"excerpt":{"rendered":"<p>Carles Ale\u00f1\u00e1 made his debut as a starter this season and did so with a remarkable performance against Dynamo Kiev. The Catalan formed in the double pivot with Pjanic and did not hide at any time, making it clear that he can be useful for Koeman The one of Kiev was a night of debuts [&hellip;]<\/p>\n","protected":false},"author":380,"featured_media":12196,"comment_status":"closed","ping_status":"open","sticky":false,"template":"","format":"standard","meta":{"_acf_changed":false,"inline_featured_image":false,"_nextfly_llmd_date_locked":false,"footnotes":""},"categories":[107,453],"tags":[296],"class_list":["post-66817","post","type-post","status-publish","format-standard","has-post-thumbnail","hentry","category-players","category-players-2","tag-alena"],"acf":[],"yoast_head":"<!-- This site is optimized with the Yoast SEO plugin v27.3 - https:\/\/yoast.com\/product\/yoast-seo-wordpress\/ -->\n<title>Ale\u00f1\u00e1 vindicated himself and showed that he can be useful for this Bar\u00e7a<\/title>\n<meta name=\"description\" content=\"Carles Ale\u00f1\u00e1 debuted like titling this season and did it with a remarkable performance against the Dynamo of Kiev. The Catalan formed in the double pivote with Pjanic...\" \/>\n<meta name=\"robots\" content=\"index, follow, max-snippet:-1, max-image-preview:large, max-video-preview:-1\" \/>\n<link rel=\"canonical\" href=\"https:\/\/www.fcbarcelonanoticias.com\/en\/players\/alena-vindicated-showed-can-be-useful-barcelona_262615_102.html\" \/>\n<meta property=\"og:locale\" content=\"en_US\" \/>\n<meta property=\"og:type\" content=\"article\" \/>\n<meta property=\"og:title\" content=\"Ale\u00f1\u00e1 vindicated himself and showed that he can be useful for this Bar\u00e7a\" \/>\n<meta property=\"og:description\" content=\"Carles Ale\u00f1\u00e1 debuted like titling this season and did it with a remarkable performance against the Dynamo of Kiev. The Catalan formed in the double pivote with Pjanic...\" \/>\n<meta property=\"og:url\" content=\"https:\/\/www.fcbarcelonanoticias.com\/en\/players\/alena-vindicated-showed-can-be-useful-barcelona_262615_102.html\" \/>\n<meta property=\"og:site_name\" content=\"EN - FC Barcelona Noticias\" \/>\n<meta property=\"article:published_time\" content=\"2020-11-25T07:08:00+00:00\" \/>\n<meta property=\"article:modified_time\" content=\"2020-11-25T07:47:00+00:00\" \/>\n<meta property=\"og:image\" content=\"https:\/\/www.fcbarcelonanoticias.com\/en\/wp-content\/uploads\/sites\/2\/2021\/06\/carles-alena-barca.jpeg\" \/>\n\t<meta property=\"og:image:width\" content=\"1200\" \/>\n\t<meta property=\"og:image:height\" content=\"675\" \/>\n\t<meta property=\"og:image:type\" content=\"image\/jpeg\" \/>\n<meta name=\"author\" content=\"user_4036\" \/>\n<meta name=\"twitter:card\" content=\"summary_large_image\" \/>\n<meta name=\"twitter:label1\" content=\"Written by\" \/>\n\t<meta name=\"twitter:data1\" content=\"user_4036\" \/>\n\t<meta name=\"twitter:label2\" content=\"Est. reading time\" \/>\n\t<meta name=\"twitter:data2\" content=\"3 minutes\" \/>\n<script type=\"application\/ld+json\" class=\"yoast-schema-graph\">{\"@context\":\"https:\\\/\\\/schema.org\",\"@graph\":[{\"@type\":\"Article\",\"@id\":\"https:\\\/\\\/www.fcbarcelonanoticias.com\\\/en\\\/players\\\/alena-vindicated-showed-can-be-useful-barcelona_262615_102.html#article\",\"isPartOf\":{\"@id\":\"https:\\\/\\\/www.fcbarcelonanoticias.com\\\/en\\\/players\\\/alena-vindicated-showed-can-be-useful-barcelona_262615_102.html\"},\"author\":{\"name\":\"user_4036\",\"@id\":\"https:\\\/\\\/www.fcbarcelonanoticias.com\\\/en\\\/#\\\/schema\\\/person\\\/2c11766f24f3c56715694e077889a703\"},\"headline\":\"Ale\u00f1\u00e1 vindicated himself and showed that he can be useful for this Bar\u00e7a\",\"datePublished\":\"2020-11-25T07:08:00+00:00\",\"dateModified\":\"2020-11-25T07:47:00+00:00\",\"mainEntityOfPage\":{\"@id\":\"https:\\\/\\\/www.fcbarcelonanoticias.com\\\/en\\\/players\\\/alena-vindicated-showed-can-be-useful-barcelona_262615_102.html\"},\"wordCount\":578,\"image\":{\"@id\":\"https:\\\/\\\/www.fcbarcelonanoticias.com\\\/en\\\/players\\\/alena-vindicated-showed-can-be-useful-barcelona_262615_102.html#primaryimage\"},\"thumbnailUrl\":\"https:\\\/\\\/www.fcbarcelonanoticias.com\\\/en\\\/wp-content\\\/uploads\\\/sites\\\/2\\\/2021\\\/06\\\/carles-alena-barca.jpeg\",\"keywords\":[\"Ale\u00f1\u00e1\"],\"articleSection\":[\"Players\",\"Players\"],\"inLanguage\":\"en-US\"},{\"@type\":\"WebPage\",\"@id\":\"https:\\\/\\\/www.fcbarcelonanoticias.com\\\/en\\\/players\\\/alena-vindicated-showed-can-be-useful-barcelona_262615_102.html\",\"url\":\"https:\\\/\\\/www.fcbarcelonanoticias.com\\\/en\\\/players\\\/alena-vindicated-showed-can-be-useful-barcelona_262615_102.html\",\"name\":\"Ale\u00f1\u00e1 vindicated himself and showed that he can be useful for this Bar\u00e7a\",\"isPartOf\":{\"@id\":\"https:\\\/\\\/www.fcbarcelonanoticias.com\\\/en\\\/#website\"},\"primaryImageOfPage\":{\"@id\":\"https:\\\/\\\/www.fcbarcelonanoticias.com\\\/en\\\/players\\\/alena-vindicated-showed-can-be-useful-barcelona_262615_102.html#primaryimage\"},\"image\":{\"@id\":\"https:\\\/\\\/www.fcbarcelonanoticias.com\\\/en\\\/players\\\/alena-vindicated-showed-can-be-useful-barcelona_262615_102.html#primaryimage\"},\"thumbnailUrl\":\"https:\\\/\\\/www.fcbarcelonanoticias.com\\\/en\\\/wp-content\\\/uploads\\\/sites\\\/2\\\/2021\\\/06\\\/carles-alena-barca.jpeg\",\"datePublished\":\"2020-11-25T07:08:00+00:00\",\"dateModified\":\"2020-11-25T07:47:00+00:00\",\"author\":{\"@id\":\"https:\\\/\\\/www.fcbarcelonanoticias.com\\\/en\\\/#\\\/schema\\\/person\\\/2c11766f24f3c56715694e077889a703\"},\"description\":\"Carles Ale\u00f1\u00e1 debuted like titling this season and did it with a remarkable performance against the Dynamo of Kiev. The Catalan formed in the double pivote with Pjanic...\",\"breadcrumb\":{\"@id\":\"https:\\\/\\\/www.fcbarcelonanoticias.com\\\/en\\\/players\\\/alena-vindicated-showed-can-be-useful-barcelona_262615_102.html#breadcrumb\"},\"inLanguage\":\"en-US\",\"potentialAction\":[{\"@type\":\"ReadAction\",\"target\":[\"https:\\\/\\\/www.fcbarcelonanoticias.com\\\/en\\\/players\\\/alena-vindicated-showed-can-be-useful-barcelona_262615_102.html\"]}]},{\"@type\":\"ImageObject\",\"inLanguage\":\"en-US\",\"@id\":\"https:\\\/\\\/www.fcbarcelonanoticias.com\\\/en\\\/players\\\/alena-vindicated-showed-can-be-useful-barcelona_262615_102.html#primaryimage\",\"url\":\"https:\\\/\\\/www.fcbarcelonanoticias.com\\\/en\\\/wp-content\\\/uploads\\\/sites\\\/2\\\/2021\\\/06\\\/carles-alena-barca.jpeg\",\"contentUrl\":\"https:\\\/\\\/www.fcbarcelonanoticias.com\\\/en\\\/wp-content\\\/uploads\\\/sites\\\/2\\\/2021\\\/06\\\/carles-alena-barca.jpeg\",\"width\":1200,\"height\":675},{\"@type\":\"BreadcrumbList\",\"@id\":\"https:\\\/\\\/www.fcbarcelonanoticias.com\\\/en\\\/players\\\/alena-vindicated-showed-can-be-useful-barcelona_262615_102.html#breadcrumb\",\"itemListElement\":[{\"@type\":\"ListItem\",\"position\":1,\"name\":\"Portada\",\"item\":\"https:\\\/\\\/www.fcbarcelonanoticias.com\\\/en\\\/\"},{\"@type\":\"ListItem\",\"position\":2,\"name\":\"Ale\u00f1\u00e1 vindicated himself and showed that he can be useful for this Bar\u00e7a\"}]},{\"@type\":\"WebSite\",\"@id\":\"https:\\\/\\\/www.fcbarcelonanoticias.com\\\/en\\\/#website\",\"url\":\"https:\\\/\\\/www.fcbarcelonanoticias.com\\\/en\\\/\",\"name\":\"EN - FC Barcelona Noticias\",\"description\":\"\",\"potentialAction\":[{\"@type\":\"SearchAction\",\"target\":{\"@type\":\"EntryPoint\",\"urlTemplate\":\"https:\\\/\\\/www.fcbarcelonanoticias.com\\\/en\\\/?s={search_term_string}\"},\"query-input\":{\"@type\":\"PropertyValueSpecification\",\"valueRequired\":true,\"valueName\":\"search_term_string\"}}],\"inLanguage\":\"en-US\"},{\"@type\":\"Person\",\"@id\":\"https:\\\/\\\/www.fcbarcelonanoticias.com\\\/en\\\/#\\\/schema\\\/person\\\/2c11766f24f3c56715694e077889a703\",\"name\":\"user_4036\",\"image\":{\"@type\":\"ImageObject\",\"inLanguage\":\"en-US\",\"@id\":\"https:\\\/\\\/secure.gravatar.com\\\/avatar\\\/?s=96&d=mm&r=g\",\"url\":\"https:\\\/\\\/secure.gravatar.com\\\/avatar\\\/?s=96&d=mm&r=g\",\"contentUrl\":\"https:\\\/\\\/secure.gravatar.com\\\/avatar\\\/?s=96&d=mm&r=g\",\"caption\":\"user_4036\"},\"url\":\"https:\\\/\\\/www.fcbarcelonanoticias.com\\\/en\\\/user_4036.html\"}]}<\/script>\n<!-- \/ Yoast SEO plugin. -->","yoast_head_json":{"title":"Ale\u00f1\u00e1 vindicated himself and showed that he can be useful for this Bar\u00e7a","description":"Carles Ale\u00f1\u00e1 debuted like titling this season and did it with a remarkable performance against the Dynamo of Kiev. The Catalan formed in the double pivote with Pjanic...","robots":{"index":"index","follow":"follow","max-snippet":"max-snippet:-1","max-image-preview":"max-image-preview:large","max-video-preview":"max-video-preview:-1"},"canonical":"https:\/\/www.fcbarcelonanoticias.com\/en\/players\/alena-vindicated-showed-can-be-useful-barcelona_262615_102.html","og_locale":"en_US","og_type":"article","og_title":"Ale\u00f1\u00e1 vindicated himself and showed that he can be useful for this Bar\u00e7a","og_description":"Carles Ale\u00f1\u00e1 debuted like titling this season and did it with a remarkable performance against the Dynamo of Kiev. The Catalan formed in the double pivote with Pjanic...","og_url":"https:\/\/www.fcbarcelonanoticias.com\/en\/players\/alena-vindicated-showed-can-be-useful-barcelona_262615_102.html","og_site_name":"EN - FC Barcelona Noticias","article_published_time":"2020-11-25T07:08:00+00:00","article_modified_time":"2020-11-25T07:47:00+00:00","og_image":[{"width":1200,"height":675,"url":"https:\/\/www.fcbarcelonanoticias.com\/en\/wp-content\/uploads\/sites\/2\/2021\/06\/carles-alena-barca.jpeg","type":"image\/jpeg"}],"author":"user_4036","twitter_card":"summary_large_image","twitter_misc":{"Written by":"user_4036","Est. reading time":"3 minutes"},"schema":{"@context":"https:\/\/schema.org","@graph":[{"@type":"Article","@id":"https:\/\/www.fcbarcelonanoticias.com\/en\/players\/alena-vindicated-showed-can-be-useful-barcelona_262615_102.html#article","isPartOf":{"@id":"https:\/\/www.fcbarcelonanoticias.com\/en\/players\/alena-vindicated-showed-can-be-useful-barcelona_262615_102.html"},"author":{"name":"user_4036","@id":"https:\/\/www.fcbarcelonanoticias.com\/en\/#\/schema\/person\/2c11766f24f3c56715694e077889a703"},"headline":"Ale\u00f1\u00e1 vindicated himself and showed that he can be useful for this Bar\u00e7a","datePublished":"2020-11-25T07:08:00+00:00","dateModified":"2020-11-25T07:47:00+00:00","mainEntityOfPage":{"@id":"https:\/\/www.fcbarcelonanoticias.com\/en\/players\/alena-vindicated-showed-can-be-useful-barcelona_262615_102.html"},"wordCount":578,"image":{"@id":"https:\/\/www.fcbarcelonanoticias.com\/en\/players\/alena-vindicated-showed-can-be-useful-barcelona_262615_102.html#primaryimage"},"thumbnailUrl":"https:\/\/www.fcbarcelonanoticias.com\/en\/wp-content\/uploads\/sites\/2\/2021\/06\/carles-alena-barca.jpeg","keywords":["Ale\u00f1\u00e1"],"articleSection":["Players","Players"],"inLanguage":"en-US"},{"@type":"WebPage","@id":"https:\/\/www.fcbarcelonanoticias.com\/en\/players\/alena-vindicated-showed-can-be-useful-barcelona_262615_102.html","url":"https:\/\/www.fcbarcelonanoticias.com\/en\/players\/alena-vindicated-showed-can-be-useful-barcelona_262615_102.html","name":"Ale\u00f1\u00e1 vindicated himself and showed that he can be useful for this Bar\u00e7a","isPartOf":{"@id":"https:\/\/www.fcbarcelonanoticias.com\/en\/#website"},"primaryImageOfPage":{"@id":"https:\/\/www.fcbarcelonanoticias.com\/en\/players\/alena-vindicated-showed-can-be-useful-barcelona_262615_102.html#primaryimage"},"image":{"@id":"https:\/\/www.fcbarcelonanoticias.com\/en\/players\/alena-vindicated-showed-can-be-useful-barcelona_262615_102.html#primaryimage"},"thumbnailUrl":"https:\/\/www.fcbarcelonanoticias.com\/en\/wp-content\/uploads\/sites\/2\/2021\/06\/carles-alena-barca.jpeg","datePublished":"2020-11-25T07:08:00+00:00","dateModified":"2020-11-25T07:47:00+00:00","author":{"@id":"https:\/\/www.fcbarcelonanoticias.com\/en\/#\/schema\/person\/2c11766f24f3c56715694e077889a703"},"description":"Carles Ale\u00f1\u00e1 debuted like titling this season and did it with a remarkable performance against the Dynamo of Kiev. The Catalan formed in the double pivote with Pjanic...","breadcrumb":{"@id":"https:\/\/www.fcbarcelonanoticias.com\/en\/players\/alena-vindicated-showed-can-be-useful-barcelona_262615_102.html#breadcrumb"},"inLanguage":"en-US","potentialAction":[{"@type":"ReadAction","target":["https:\/\/www.fcbarcelonanoticias.com\/en\/players\/alena-vindicated-showed-can-be-useful-barcelona_262615_102.html"]}]},{"@type":"ImageObject","inLanguage":"en-US","@id":"https:\/\/www.fcbarcelonanoticias.com\/en\/players\/alena-vindicated-showed-can-be-useful-barcelona_262615_102.html#primaryimage","url":"https:\/\/www.fcbarcelonanoticias.com\/en\/wp-content\/uploads\/sites\/2\/2021\/06\/carles-alena-barca.jpeg","contentUrl":"https:\/\/www.fcbarcelonanoticias.com\/en\/wp-content\/uploads\/sites\/2\/2021\/06\/carles-alena-barca.jpeg","width":1200,"height":675},{"@type":"BreadcrumbList","@id":"https:\/\/www.fcbarcelonanoticias.com\/en\/players\/alena-vindicated-showed-can-be-useful-barcelona_262615_102.html#breadcrumb","itemListElement":[{"@type":"ListItem","position":1,"name":"Portada","item":"https:\/\/www.fcbarcelonanoticias.com\/en\/"},{"@type":"ListItem","position":2,"name":"Ale\u00f1\u00e1 vindicated himself and showed that he can be useful for this Bar\u00e7a"}]},{"@type":"WebSite","@id":"https:\/\/www.fcbarcelonanoticias.com\/en\/#website","url":"https:\/\/www.fcbarcelonanoticias.com\/en\/","name":"EN - FC Barcelona Noticias","description":"","potentialAction":[{"@type":"SearchAction","target":{"@type":"EntryPoint","urlTemplate":"https:\/\/www.fcbarcelonanoticias.com\/en\/?s={search_term_string}"},"query-input":{"@type":"PropertyValueSpecification","valueRequired":true,"valueName":"search_term_string"}}],"inLanguage":"en-US"},{"@type":"Person","@id":"https:\/\/www.fcbarcelonanoticias.com\/en\/#\/schema\/person\/2c11766f24f3c56715694e077889a703","name":"user_4036","image":{"@type":"ImageObject","inLanguage":"en-US","@id":"https:\/\/secure.gravatar.com\/avatar\/?s=96&d=mm&r=g","url":"https:\/\/secure.gravatar.com\/avatar\/?s=96&d=mm&r=g","contentUrl":"https:\/\/secure.gravatar.com\/avatar\/?s=96&d=mm&r=g","caption":"user_4036"},"url":"https:\/\/www.fcbarcelonanoticias.com\/en\/user_4036.html"}]}},"_links":{"self":[{"href":"https:\/\/www.fcbarcelonanoticias.com\/en\/wp-json\/wp\/v2\/posts\/66817","targetHints":{"allow":["GET"]}}],"collection":[{"href":"https:\/\/www.fcbarcelonanoticias.com\/en\/wp-json\/wp\/v2\/posts"}],"about":[{"href":"https:\/\/www.fcbarcelonanoticias.com\/en\/wp-json\/wp\/v2\/types\/post"}],"author":[{"embeddable":true,"href":"https:\/\/www.fcbarcelonanoticias.com\/en\/wp-json\/wp\/v2\/users\/380"}],"replies":[{"embeddable":true,"href":"https:\/\/www.fcbarcelonanoticias.com\/en\/wp-json\/wp\/v2\/comments?post=66817"}],"version-history":[{"count":1,"href":"https:\/\/www.fcbarcelonanoticias.com\/en\/wp-json\/wp\/v2\/posts\/66817\/revisions"}],"predecessor-version":[{"id":66819,"href":"https:\/\/www.fcbarcelonanoticias.com\/en\/wp-json\/wp\/v2\/posts\/66817\/revisions\/66819"}],"wp:featuredmedia":[{"embeddable":true,"href":"https:\/\/www.fcbarcelonanoticias.com\/en\/wp-json\/wp\/v2\/media\/12196"}],"wp:attachment":[{"href":"https:\/\/www.fcbarcelonanoticias.com\/en\/wp-json\/wp\/v2\/media?parent=66817"}],"wp:term":[{"taxonomy":"category","embeddable":true,"href":"https:\/\/www.fcbarcelonanoticias.com\/en\/wp-json\/wp\/v2\/categories?post=66817"},{"taxonomy":"post_tag","embeddable":true,"href":"https:\/\/www.fcbarcelonanoticias.com\/en\/wp-json\/wp\/v2\/tags?post=66817"}],"curies":[{"name":"wp","href":"https:\/\/api.w.org\/{rel}","templated":true}]}}