{"id":6693,"date":"2025-10-01T21:43:00","date_gmt":"2025-10-01T19:43:00","guid":{"rendered":"https:\/\/weisetech.dev\/fc-barcelona-noticias\/en\/shark-starter-and-scorer-ferran-made-it-1-0-in-barca-psg_314907_102\/"},"modified":"2026-04-16T09:19:25","modified_gmt":"2026-04-16T07:19:25","slug":"shark-starter-and-scorer-ferran-made-it-1-0-in-barca-psg_314907_102","status":"publish","type":"post","link":"https:\/\/www.fcbarcelonanoticias.com\/en\/champions-league\/shark-starter-and-scorer-ferran-made-it-1-0-in-barca-psg_314907_102.html","title":{"rendered":"&#8216;Shark&#8217; starter and scorer! Ferran Torres opened the scoring in Bar\u00e7a-PSG"},"content":{"rendered":"<h2 class=\"wp-block-heading\">Bar\u00e7a took the lead against PSG in Matchday 2 of the Champions League thanks to a goal from Ferran Torres in the 19th minute. The &#8216;Shark&#8217; returned to the starting XI and is now the team&#8217;s top scorer with 5 goals<\/h2>  \r\n<div class=\"article-addons\">\r\n    <a href=\"https:\/\/www.fcbarcelonanoticias.com\/en\/calendar-fc-barcelona.html\"\r\n       target=\"_self\"\r\n       title=\"Calendar of FC Barcelona\"\r\n       class=\"blue-gredient-btn\">\r\n       \r\n        Calendar of FC Barcelona    <\/a>\r\n<\/div>   <p><strong>Ferran Torres<\/strong> continues to take advantage of every opportunity that <strong>Hansi Flick<\/strong> gives him in 2025\/26. Against <strong>Paris Saint-Germain<\/strong>, the &#8216;Shark&#8217; opened the scoring in the 19th minute, taking advantage of a remarkable assist from <strong>Marcus Rashford<\/strong> from the left.<\/p>  <p>The play began with a recovery by <strong><a data-external=\"0\" data-intl-links-en=\"https:\/\/www.fcbarcelonanoticias.com\/en\/lamine-yamal-fc-barcelona-player.html\" data-intl-links-es=\"https:\/\/www.fcbarcelonanoticias.com\/lamine-yamal.html\" href=\"https:\/\/www.fcbarcelonanoticias.com\/en\/lamine-yamal-fc-barcelona-player.html\" rel=\"follow\" target=\"_self\" title=\"Lamine Yamal\">Lamine Yamal<\/a><\/strong> after a bad exit by Vitinha for the French. The &#8217;10&#8217; quickly passed the ball to Pedri Gonz\u00e1lez and he did the same, enabling &#8216;Rashy&#8217;.<\/p>  <p>The Englishman, first-time, opened his left foot to enable Ferran, who appeared behind the rival center-backs to beat goalkeeper Chevalier with a low shot. <strong>There were doubts about the position of the Foi\u00f3s player<\/strong>, who celebrated the goal without too much enthusiasm thinking about a possible offside. However, the semi-automatic VAR validated the goal in the 19th minute.<\/p>  <h2>Ferran Torres responds again as a starter for Bar\u00e7a<\/h2>  <div class=\"media media-image\" data-ck-asset-wrapper=\"\"> <div class=\"media-item\"> <img loading=\"lazy\" decoding=\"async\" alt=\"Ferran Torres scoring the first goal for Bar\u00e7a against PSG\" data-id=\"1524630\" data-resize=\"9\" height=\"563\" src=\"https:\/\/www.fcbarcelonanoticias.com\/wp-content\/uploads\/sites\/2\/2025\/10\/fcbn-4923c74195d496ca612281fe43bdebab.webp\" title=\"Ferran Torres scoring the first goal for Bar\u00e7a against PSG\" width=\"1000\"><div class=\"media-title\">Ferran Torres scoring the first goal for Bar\u00e7a against PSG<\/div> <\/div> <\/div>  <p><strong>Torres started in the first six matchdays of LaLiga<\/strong>, but rested last Sunday against Real Sociedad. Everything seemed to indicate that Robert Lewandowski, &#8216;9&#8217; of the team against the San Sebastian team and in the Champions League debut against Newcastle, would remain in the starting XI.<\/p>  <p>However, Flick once again trusted the &#8216;Shark&#8217;. The 25-year-old forward, for the fifth time starting, responded to the coach by shaking the nets with what was <strong>his 49th goal in 167 official matches with Bar\u00e7a<\/strong>. In the Champions League, Ferran has 10 goals in 26 appearances in the tournament.<\/p>  <ul> <li>\ud83d\udccc&nbsp;<strong>YOU MAY BE INTERESTED IN:<\/strong>&nbsp;<strong><a data-external=\"0\" data-intl-links-en=\"https:\/\/www.fcbarcelonanoticias.com\/en\/champions-league\" data-intl-links-es=\"https:\/\/www.fcbarcelonanoticias.com\/champions-league\" href=\"https:\/\/www.fcbarcelonanoticias.com\/en\/football\/champions-league.html\" rel=\"follow\" target=\"_self\" title=\"UEFA Champions League 25\/26 - Latest news\">All the information about the 20\/26 Champions League<\/a>&nbsp;<\/strong> <\/li> <\/ul> <h2>Barcelona has its new Pichichi in the &#8216;Shark&#8217;<\/h2>  <p>In addition, <strong>the goal against PSG was the number 5 in 9 matches in 25\/26<\/strong>, with which the Valencian temporarily assumes the lead in scoring alone for Barcelona this season. Lewandowski, with 4 goals, appears second, while Raphinha, out injured until mid-October, remains on the podium with 3 goals.<\/p>  <ul> <li><u><strong>Recommended links<\/strong><\/u><\/li> \t<li><a data-external=\"1\" href=\"https:\/\/www.fcbarcelonanoticias.com\/estadisticas-fc-barcelona-2025-2026.html\" rel=\"nofollow\" target=\"_blank\" title=\"Statistics of FC Barcelona in the 2025\/26 season\">Statistics of FC Barcelona in the 2025\/26 season<\/a><\/li> \t<li><a data-external=\"1\" href=\"https:\/\/www.fcbarcelonanoticias.com\/en\/estadisticas-fc-barcelona-champions-league-2025-26.html\" rel=\"nofollow\" target=\"_blank\" title=\"Statistics of FC Barcelona in the UEFA CHAMPIONS LEAGUE 2025\/26\">Statistics of FC Barcelona in the UEFA CHAMPIONS LEAGUE 2025\/26<\/a><\/li> \t<li><strong><a data-external=\"0\" data-intl-links-en=\"https:\/\/www.fcbarcelonanoticias.com\/en\/fc-barcelona-squad.html\" data-intl-links-es=\"https:\/\/www.fcbarcelonanoticias.com\/jugadores-fcbarcelona.html\" href=\"https:\/\/www.fcbarcelonanoticias.com\/en\/fc-barcelona-squad.html\" rel=\"follow\" target=\"_self\" title=\"FC Barcelona Squad 2025-26\">FC Barcelona Squad &#8211; 2025\/26 Season<\/a><\/strong><\/li> <\/ul> ","protected":false},"excerpt":{"rendered":"<p>Bar\u00e7a took the lead against PSG in Matchday 2 of the Champions League thanks to a goal from Ferran Torres in the 19th minute. The &#8216;Shark&#8217; returned to the starting XI and is now the team&#8217;s top scorer with 5 goals Ferran Torres continues to take advantage of every opportunity that Hansi Flick gives him [&hellip;]<\/p>\n","protected":false},"author":347,"featured_media":6694,"comment_status":"closed","ping_status":"open","sticky":false,"template":"","format":"standard","meta":{"_acf_changed":false,"inline_featured_image":false,"_nextfly_llmd_date_locked":false,"footnotes":""},"categories":[112,447],"tags":[245,471,195,87,462,152],"class_list":["post-6693","post","type-post","status-publish","format-standard","has-post-thumbnail","hentry","category-champions-league","category-champions-league-2","tag-fc-barcelona-vs-psg","tag-ferran-torres-2","tag-ferran-torres","tag-hansi-flick","tag-robert-lewandowski-2","tag-robert-lewandowski"],"acf":[],"yoast_head":"<!-- This site is optimized with the Yoast SEO plugin v27.3 - https:\/\/yoast.com\/product\/yoast-seo-wordpress\/ -->\n<title>Shark starter and scorer! Ferran made it 1-0 in Bar\u00e7a-PSG<\/title>\n<meta name=\"description\" content=\"Bar\u00e7a took the lead against PSG in Matchday 2 of the Champions League thanks to a goal from Ferran Torres. The &#039;Shark&#039; returned to the starting XI and is now the team&#039;s top scorer\" \/>\n<meta name=\"robots\" content=\"index, follow, max-snippet:-1, max-image-preview:large, max-video-preview:-1\" \/>\n<link rel=\"canonical\" href=\"https:\/\/www.fcbarcelonanoticias.com\/en\/champions-league\/shark-starter-and-scorer-ferran-made-it-1-0-in-barca-psg_314907_102.html\" \/>\n<meta property=\"og:locale\" content=\"en_US\" \/>\n<meta property=\"og:type\" content=\"article\" \/>\n<meta property=\"og:title\" content=\"Shark starter and scorer! Ferran made it 1-0 in Bar\u00e7a-PSG\" \/>\n<meta property=\"og:description\" content=\"Bar\u00e7a took the lead against PSG in Matchday 2 of the Champions League thanks to a goal from Ferran Torres. The &#039;Shark&#039; returned to the starting XI and is now the team&#039;s top scorer\" \/>\n<meta property=\"og:url\" content=\"https:\/\/www.fcbarcelonanoticias.com\/en\/champions-league\/shark-starter-and-scorer-ferran-made-it-1-0-in-barca-psg_314907_102.html\" \/>\n<meta property=\"og:site_name\" content=\"EN - FC Barcelona Noticias\" \/>\n<meta property=\"article:published_time\" content=\"2025-10-01T19:43:00+00:00\" \/>\n<meta property=\"article:modified_time\" content=\"2026-04-16T07:19:25+00:00\" \/>\n<meta property=\"og:image\" content=\"https:\/\/www.fcbarcelonanoticias.com\/en\/wp-content\/uploads\/sites\/2\/2025\/10\/ferran-torres-v-psg-champions-25-26.webp\" \/>\n\t<meta property=\"og:image:width\" content=\"1200\" \/>\n\t<meta property=\"og:image:height\" content=\"675\" \/>\n\t<meta property=\"og:image:type\" content=\"image\/webp\" \/>\n<meta name=\"author\" content=\"Andr\u00e9s Quiroz\" \/>\n<meta name=\"twitter:card\" content=\"summary_large_image\" \/>\n<meta name=\"twitter:label1\" content=\"Written by\" \/>\n\t<meta name=\"twitter:data1\" content=\"Andr\u00e9s Quiroz\" \/>\n\t<meta name=\"twitter:label2\" content=\"Est. reading time\" \/>\n\t<meta name=\"twitter:data2\" content=\"2 minutes\" \/>\n<script type=\"application\/ld+json\" class=\"yoast-schema-graph\">{\"@context\":\"https:\\\/\\\/schema.org\",\"@graph\":[{\"@type\":\"Article\",\"@id\":\"https:\\\/\\\/www.fcbarcelonanoticias.com\\\/en\\\/champions-league\\\/shark-starter-and-scorer-ferran-made-it-1-0-in-barca-psg_314907_102.html#article\",\"isPartOf\":{\"@id\":\"https:\\\/\\\/www.fcbarcelonanoticias.com\\\/en\\\/champions-league\\\/shark-starter-and-scorer-ferran-made-it-1-0-in-barca-psg_314907_102.html\"},\"author\":{\"name\":\"Andr\u00e9s Quiroz\",\"@id\":\"https:\\\/\\\/www.fcbarcelonanoticias.com\\\/en\\\/#\\\/schema\\\/person\\\/c2cd9f6fa1af5c0d0eccd0fefa575c88\"},\"headline\":\"&#8216;Shark&#8217; starter and scorer! Ferran Torres opened the scoring in Bar\u00e7a-PSG\",\"datePublished\":\"2025-10-01T19:43:00+00:00\",\"dateModified\":\"2026-04-16T07:19:25+00:00\",\"mainEntityOfPage\":{\"@id\":\"https:\\\/\\\/www.fcbarcelonanoticias.com\\\/en\\\/champions-league\\\/shark-starter-and-scorer-ferran-made-it-1-0-in-barca-psg_314907_102.html\"},\"wordCount\":388,\"image\":{\"@id\":\"https:\\\/\\\/www.fcbarcelonanoticias.com\\\/en\\\/champions-league\\\/shark-starter-and-scorer-ferran-made-it-1-0-in-barca-psg_314907_102.html#primaryimage\"},\"thumbnailUrl\":\"https:\\\/\\\/www.fcbarcelonanoticias.com\\\/en\\\/wp-content\\\/uploads\\\/sites\\\/2\\\/2025\\\/10\\\/ferran-torres-v-psg-champions-25-26.webp\",\"keywords\":[\"FC Barcelona vs PSG\",\"Ferran Torres\",\"Ferran Torres\",\"Hansi Flick\",\"Robert Lewandowski\",\"Robert Lewandowski\"],\"articleSection\":[\"Champions League\",\"Champions League\"],\"inLanguage\":\"en-US\"},{\"@type\":\"WebPage\",\"@id\":\"https:\\\/\\\/www.fcbarcelonanoticias.com\\\/en\\\/champions-league\\\/shark-starter-and-scorer-ferran-made-it-1-0-in-barca-psg_314907_102.html\",\"url\":\"https:\\\/\\\/www.fcbarcelonanoticias.com\\\/en\\\/champions-league\\\/shark-starter-and-scorer-ferran-made-it-1-0-in-barca-psg_314907_102.html\",\"name\":\"Shark starter and scorer! Ferran made it 1-0 in Bar\u00e7a-PSG\",\"isPartOf\":{\"@id\":\"https:\\\/\\\/www.fcbarcelonanoticias.com\\\/en\\\/#website\"},\"primaryImageOfPage\":{\"@id\":\"https:\\\/\\\/www.fcbarcelonanoticias.com\\\/en\\\/champions-league\\\/shark-starter-and-scorer-ferran-made-it-1-0-in-barca-psg_314907_102.html#primaryimage\"},\"image\":{\"@id\":\"https:\\\/\\\/www.fcbarcelonanoticias.com\\\/en\\\/champions-league\\\/shark-starter-and-scorer-ferran-made-it-1-0-in-barca-psg_314907_102.html#primaryimage\"},\"thumbnailUrl\":\"https:\\\/\\\/www.fcbarcelonanoticias.com\\\/en\\\/wp-content\\\/uploads\\\/sites\\\/2\\\/2025\\\/10\\\/ferran-torres-v-psg-champions-25-26.webp\",\"datePublished\":\"2025-10-01T19:43:00+00:00\",\"dateModified\":\"2026-04-16T07:19:25+00:00\",\"author\":{\"@id\":\"https:\\\/\\\/www.fcbarcelonanoticias.com\\\/en\\\/#\\\/schema\\\/person\\\/c2cd9f6fa1af5c0d0eccd0fefa575c88\"},\"description\":\"Bar\u00e7a took the lead against PSG in Matchday 2 of the Champions League thanks to a goal from Ferran Torres. The 'Shark' returned to the starting XI and is now the team's top scorer\",\"breadcrumb\":{\"@id\":\"https:\\\/\\\/www.fcbarcelonanoticias.com\\\/en\\\/champions-league\\\/shark-starter-and-scorer-ferran-made-it-1-0-in-barca-psg_314907_102.html#breadcrumb\"},\"inLanguage\":\"en-US\",\"potentialAction\":[{\"@type\":\"ReadAction\",\"target\":[\"https:\\\/\\\/www.fcbarcelonanoticias.com\\\/en\\\/champions-league\\\/shark-starter-and-scorer-ferran-made-it-1-0-in-barca-psg_314907_102.html\"]}]},{\"@type\":\"ImageObject\",\"inLanguage\":\"en-US\",\"@id\":\"https:\\\/\\\/www.fcbarcelonanoticias.com\\\/en\\\/champions-league\\\/shark-starter-and-scorer-ferran-made-it-1-0-in-barca-psg_314907_102.html#primaryimage\",\"url\":\"https:\\\/\\\/www.fcbarcelonanoticias.com\\\/en\\\/wp-content\\\/uploads\\\/sites\\\/2\\\/2025\\\/10\\\/ferran-torres-v-psg-champions-25-26.webp\",\"contentUrl\":\"https:\\\/\\\/www.fcbarcelonanoticias.com\\\/en\\\/wp-content\\\/uploads\\\/sites\\\/2\\\/2025\\\/10\\\/ferran-torres-v-psg-champions-25-26.webp\",\"width\":1200,\"height\":675},{\"@type\":\"BreadcrumbList\",\"@id\":\"https:\\\/\\\/www.fcbarcelonanoticias.com\\\/en\\\/champions-league\\\/shark-starter-and-scorer-ferran-made-it-1-0-in-barca-psg_314907_102.html#breadcrumb\",\"itemListElement\":[{\"@type\":\"ListItem\",\"position\":1,\"name\":\"Portada\",\"item\":\"https:\\\/\\\/www.fcbarcelonanoticias.com\\\/en\\\/\"},{\"@type\":\"ListItem\",\"position\":2,\"name\":\"&#8216;Shark&#8217; starter and scorer! Ferran Torres opened the scoring in Bar\u00e7a-PSG\"}]},{\"@type\":\"WebSite\",\"@id\":\"https:\\\/\\\/www.fcbarcelonanoticias.com\\\/en\\\/#website\",\"url\":\"https:\\\/\\\/www.fcbarcelonanoticias.com\\\/en\\\/\",\"name\":\"EN - FC Barcelona Noticias\",\"description\":\"\",\"potentialAction\":[{\"@type\":\"SearchAction\",\"target\":{\"@type\":\"EntryPoint\",\"urlTemplate\":\"https:\\\/\\\/www.fcbarcelonanoticias.com\\\/en\\\/?s={search_term_string}\"},\"query-input\":{\"@type\":\"PropertyValueSpecification\",\"valueRequired\":true,\"valueName\":\"search_term_string\"}}],\"inLanguage\":\"en-US\"},{\"@type\":\"Person\",\"@id\":\"https:\\\/\\\/www.fcbarcelonanoticias.com\\\/en\\\/#\\\/schema\\\/person\\\/c2cd9f6fa1af5c0d0eccd0fefa575c88\",\"name\":\"Andr\u00e9s Quiroz\",\"image\":{\"@type\":\"ImageObject\",\"inLanguage\":\"en-US\",\"@id\":\"https:\\\/\\\/secure.gravatar.com\\\/avatar\\\/?s=96&d=mm&r=g\",\"url\":\"https:\\\/\\\/secure.gravatar.com\\\/avatar\\\/?s=96&d=mm&r=g\",\"contentUrl\":\"https:\\\/\\\/secure.gravatar.com\\\/avatar\\\/?s=96&d=mm&r=g\",\"caption\":\"Andr\u00e9s Quiroz\"},\"description\":\"Licenciado en Periodismo por la Universidad de los Andes. Me encargo de analizar y compartir los contenidos m\u00e1s destacados de la\u00a0actualidad del F\u00fatbol Club Barcelona, Mercado de Fichajes y F\u00fatbol Internacional en FCBN. La informaci\u00f3n es poder, pero tambi\u00e9n conocimiento.\",\"url\":\"https:\\\/\\\/www.fcbarcelonanoticias.com\\\/en\\\/fc-barcelona\\\/andres-quiroz_17_115.html\"}]}<\/script>\n<!-- \/ Yoast SEO plugin. -->","yoast_head_json":{"title":"Shark starter and scorer! Ferran made it 1-0 in Bar\u00e7a-PSG","description":"Bar\u00e7a took the lead against PSG in Matchday 2 of the Champions League thanks to a goal from Ferran Torres. The 'Shark' returned to the starting XI and is now the team's top scorer","robots":{"index":"index","follow":"follow","max-snippet":"max-snippet:-1","max-image-preview":"max-image-preview:large","max-video-preview":"max-video-preview:-1"},"canonical":"https:\/\/www.fcbarcelonanoticias.com\/en\/champions-league\/shark-starter-and-scorer-ferran-made-it-1-0-in-barca-psg_314907_102.html","og_locale":"en_US","og_type":"article","og_title":"Shark starter and scorer! Ferran made it 1-0 in Bar\u00e7a-PSG","og_description":"Bar\u00e7a took the lead against PSG in Matchday 2 of the Champions League thanks to a goal from Ferran Torres. The 'Shark' returned to the starting XI and is now the team's top scorer","og_url":"https:\/\/www.fcbarcelonanoticias.com\/en\/champions-league\/shark-starter-and-scorer-ferran-made-it-1-0-in-barca-psg_314907_102.html","og_site_name":"EN - FC Barcelona Noticias","article_published_time":"2025-10-01T19:43:00+00:00","article_modified_time":"2026-04-16T07:19:25+00:00","og_image":[{"width":1200,"height":675,"url":"https:\/\/www.fcbarcelonanoticias.com\/en\/wp-content\/uploads\/sites\/2\/2025\/10\/ferran-torres-v-psg-champions-25-26.webp","type":"image\/webp"}],"author":"Andr\u00e9s Quiroz","twitter_card":"summary_large_image","twitter_misc":{"Written by":"Andr\u00e9s Quiroz","Est. reading time":"2 minutes"},"schema":{"@context":"https:\/\/schema.org","@graph":[{"@type":"Article","@id":"https:\/\/www.fcbarcelonanoticias.com\/en\/champions-league\/shark-starter-and-scorer-ferran-made-it-1-0-in-barca-psg_314907_102.html#article","isPartOf":{"@id":"https:\/\/www.fcbarcelonanoticias.com\/en\/champions-league\/shark-starter-and-scorer-ferran-made-it-1-0-in-barca-psg_314907_102.html"},"author":{"name":"Andr\u00e9s Quiroz","@id":"https:\/\/www.fcbarcelonanoticias.com\/en\/#\/schema\/person\/c2cd9f6fa1af5c0d0eccd0fefa575c88"},"headline":"&#8216;Shark&#8217; starter and scorer! Ferran Torres opened the scoring in Bar\u00e7a-PSG","datePublished":"2025-10-01T19:43:00+00:00","dateModified":"2026-04-16T07:19:25+00:00","mainEntityOfPage":{"@id":"https:\/\/www.fcbarcelonanoticias.com\/en\/champions-league\/shark-starter-and-scorer-ferran-made-it-1-0-in-barca-psg_314907_102.html"},"wordCount":388,"image":{"@id":"https:\/\/www.fcbarcelonanoticias.com\/en\/champions-league\/shark-starter-and-scorer-ferran-made-it-1-0-in-barca-psg_314907_102.html#primaryimage"},"thumbnailUrl":"https:\/\/www.fcbarcelonanoticias.com\/en\/wp-content\/uploads\/sites\/2\/2025\/10\/ferran-torres-v-psg-champions-25-26.webp","keywords":["FC Barcelona vs PSG","Ferran Torres","Ferran Torres","Hansi Flick","Robert Lewandowski","Robert Lewandowski"],"articleSection":["Champions League","Champions League"],"inLanguage":"en-US"},{"@type":"WebPage","@id":"https:\/\/www.fcbarcelonanoticias.com\/en\/champions-league\/shark-starter-and-scorer-ferran-made-it-1-0-in-barca-psg_314907_102.html","url":"https:\/\/www.fcbarcelonanoticias.com\/en\/champions-league\/shark-starter-and-scorer-ferran-made-it-1-0-in-barca-psg_314907_102.html","name":"Shark starter and scorer! Ferran made it 1-0 in Bar\u00e7a-PSG","isPartOf":{"@id":"https:\/\/www.fcbarcelonanoticias.com\/en\/#website"},"primaryImageOfPage":{"@id":"https:\/\/www.fcbarcelonanoticias.com\/en\/champions-league\/shark-starter-and-scorer-ferran-made-it-1-0-in-barca-psg_314907_102.html#primaryimage"},"image":{"@id":"https:\/\/www.fcbarcelonanoticias.com\/en\/champions-league\/shark-starter-and-scorer-ferran-made-it-1-0-in-barca-psg_314907_102.html#primaryimage"},"thumbnailUrl":"https:\/\/www.fcbarcelonanoticias.com\/en\/wp-content\/uploads\/sites\/2\/2025\/10\/ferran-torres-v-psg-champions-25-26.webp","datePublished":"2025-10-01T19:43:00+00:00","dateModified":"2026-04-16T07:19:25+00:00","author":{"@id":"https:\/\/www.fcbarcelonanoticias.com\/en\/#\/schema\/person\/c2cd9f6fa1af5c0d0eccd0fefa575c88"},"description":"Bar\u00e7a took the lead against PSG in Matchday 2 of the Champions League thanks to a goal from Ferran Torres. The 'Shark' returned to the starting XI and is now the team's top scorer","breadcrumb":{"@id":"https:\/\/www.fcbarcelonanoticias.com\/en\/champions-league\/shark-starter-and-scorer-ferran-made-it-1-0-in-barca-psg_314907_102.html#breadcrumb"},"inLanguage":"en-US","potentialAction":[{"@type":"ReadAction","target":["https:\/\/www.fcbarcelonanoticias.com\/en\/champions-league\/shark-starter-and-scorer-ferran-made-it-1-0-in-barca-psg_314907_102.html"]}]},{"@type":"ImageObject","inLanguage":"en-US","@id":"https:\/\/www.fcbarcelonanoticias.com\/en\/champions-league\/shark-starter-and-scorer-ferran-made-it-1-0-in-barca-psg_314907_102.html#primaryimage","url":"https:\/\/www.fcbarcelonanoticias.com\/en\/wp-content\/uploads\/sites\/2\/2025\/10\/ferran-torres-v-psg-champions-25-26.webp","contentUrl":"https:\/\/www.fcbarcelonanoticias.com\/en\/wp-content\/uploads\/sites\/2\/2025\/10\/ferran-torres-v-psg-champions-25-26.webp","width":1200,"height":675},{"@type":"BreadcrumbList","@id":"https:\/\/www.fcbarcelonanoticias.com\/en\/champions-league\/shark-starter-and-scorer-ferran-made-it-1-0-in-barca-psg_314907_102.html#breadcrumb","itemListElement":[{"@type":"ListItem","position":1,"name":"Portada","item":"https:\/\/www.fcbarcelonanoticias.com\/en\/"},{"@type":"ListItem","position":2,"name":"&#8216;Shark&#8217; starter and scorer! Ferran Torres opened the scoring in Bar\u00e7a-PSG"}]},{"@type":"WebSite","@id":"https:\/\/www.fcbarcelonanoticias.com\/en\/#website","url":"https:\/\/www.fcbarcelonanoticias.com\/en\/","name":"EN - FC Barcelona Noticias","description":"","potentialAction":[{"@type":"SearchAction","target":{"@type":"EntryPoint","urlTemplate":"https:\/\/www.fcbarcelonanoticias.com\/en\/?s={search_term_string}"},"query-input":{"@type":"PropertyValueSpecification","valueRequired":true,"valueName":"search_term_string"}}],"inLanguage":"en-US"},{"@type":"Person","@id":"https:\/\/www.fcbarcelonanoticias.com\/en\/#\/schema\/person\/c2cd9f6fa1af5c0d0eccd0fefa575c88","name":"Andr\u00e9s Quiroz","image":{"@type":"ImageObject","inLanguage":"en-US","@id":"https:\/\/secure.gravatar.com\/avatar\/?s=96&d=mm&r=g","url":"https:\/\/secure.gravatar.com\/avatar\/?s=96&d=mm&r=g","contentUrl":"https:\/\/secure.gravatar.com\/avatar\/?s=96&d=mm&r=g","caption":"Andr\u00e9s Quiroz"},"description":"Licenciado en Periodismo por la Universidad de los Andes. Me encargo de analizar y compartir los contenidos m\u00e1s destacados de la\u00a0actualidad del F\u00fatbol Club Barcelona, Mercado de Fichajes y F\u00fatbol Internacional en FCBN. La informaci\u00f3n es poder, pero tambi\u00e9n conocimiento.","url":"https:\/\/www.fcbarcelonanoticias.com\/en\/fc-barcelona\/andres-quiroz_17_115.html"}]}},"_links":{"self":[{"href":"https:\/\/www.fcbarcelonanoticias.com\/en\/wp-json\/wp\/v2\/posts\/6693","targetHints":{"allow":["GET"]}}],"collection":[{"href":"https:\/\/www.fcbarcelonanoticias.com\/en\/wp-json\/wp\/v2\/posts"}],"about":[{"href":"https:\/\/www.fcbarcelonanoticias.com\/en\/wp-json\/wp\/v2\/types\/post"}],"author":[{"embeddable":true,"href":"https:\/\/www.fcbarcelonanoticias.com\/en\/wp-json\/wp\/v2\/users\/347"}],"replies":[{"embeddable":true,"href":"https:\/\/www.fcbarcelonanoticias.com\/en\/wp-json\/wp\/v2\/comments?post=6693"}],"version-history":[{"count":3,"href":"https:\/\/www.fcbarcelonanoticias.com\/en\/wp-json\/wp\/v2\/posts\/6693\/revisions"}],"predecessor-version":[{"id":171995,"href":"https:\/\/www.fcbarcelonanoticias.com\/en\/wp-json\/wp\/v2\/posts\/6693\/revisions\/171995"}],"wp:featuredmedia":[{"embeddable":true,"href":"https:\/\/www.fcbarcelonanoticias.com\/en\/wp-json\/wp\/v2\/media\/6694"}],"wp:attachment":[{"href":"https:\/\/www.fcbarcelonanoticias.com\/en\/wp-json\/wp\/v2\/media?parent=6693"}],"wp:term":[{"taxonomy":"category","embeddable":true,"href":"https:\/\/www.fcbarcelonanoticias.com\/en\/wp-json\/wp\/v2\/categories?post=6693"},{"taxonomy":"post_tag","embeddable":true,"href":"https:\/\/www.fcbarcelonanoticias.com\/en\/wp-json\/wp\/v2\/tags?post=6693"}],"curies":[{"name":"wp","href":"https:\/\/api.w.org\/{rel}","templated":true}]}}