{"id":6695,"date":"2024-05-30T20:33:00","date_gmt":"2024-05-30T18:33:00","guid":{"rendered":"https:\/\/weisetech.dev\/fc-barcelona-noticias\/en\/tchouameni-testimonial-presence-in-madrids-call-for-the-final-of-champions-league_304006_102\/"},"modified":"2024-05-31T08:05:00","modified_gmt":"2024-05-31T06:05:00","slug":"tchouameni-testimonial-presence-in-madrids-call-for-the-final-of-champions-league_304006_102","status":"publish","type":"post","link":"https:\/\/www.fcbarcelonanoticias.com\/en\/champions-league\/tchouameni-testimonial-presence-in-madrids-call-for-the-final-of-champions-league_304006_102.html","title":{"rendered":"Tchouam\u00e9ni, testimonial presence in Madrid&#8217;s call for the Champions League final"},"content":{"rendered":"<h2 class=\"wp-block-heading\">Real Madrid is ready to play in a new Champions League final. The whites announced their squad list with which they traveled to London this Thursday, including some of their injured players.<\/h2>  \r\n<div class=\"article-addons\">\r\n    <a href=\"https:\/\/www.fcbarcelonanoticias.com\/en\/calendar-fc-barcelona.html\"\r\n       target=\"_self\"\r\n       title=\"Calendar of FC Barcelona\"\r\n       class=\"blue-gredient-btn\">\r\n       \r\n        Calendar of FC Barcelona    <\/a>\r\n<\/div>   <p>The mediocampista French Aur\u00e9lien Tchouam\u00e9ni was included in the list of summoned <a data-external=\"0\" data-intl-links-en=\"https:\/\/www.fcbarcelonanoticias.com\/en\/transfers\/nacho-fernandez-also-drops-his-departure-and-generates-more-doubts-in-madrid-before-the-champions_303982_102.html\" data-intl-links-es=\"https:\/\/www.fcbarcelonanoticias.com\/fichajes\/nacho-fernandez-tambien-deja-caer-su-salida-genera-mas-dudas-en-madrid-antes-champions_303982_102.html\" href=\"https:\/\/www.fcbarcelonanoticias.com\/en\/transfers\/nacho-fernandez-also-drops-his-departure-and-generates-more-doubts-in-madrid-before-the-champions_303982_102.html\" rel=\"follow\" target=\"_self\" title=\"Nacho Fern\u00e1ndez tambi\u00e9n deja caer su salida y genera m\u00e1s dudas en el Madrid antes de la Champions\">of the Real Madrid<\/a> to confront this Saturday to the Borussia Dortmund in the final of the UEFA Champions League 2023\/24. <strong>The French forms part of the group that already travelled this Thursday to London in spite of that it can not play by a &#8220;injury of stress in the left foot&#8221;,<\/strong> although it is not the only drop that also will be present in the English capital.<\/p>  <p>Carlo Ancelotti has decided that they travel all the players of the first staff, trying create the best possible environment, <strong>as well as some canterano that has been training with the team along the season. <\/strong>To the capital of the United Kingdom also have flown David Praises, drop by break of one of his knees, as well as the guardameta Fran Gonz\u00e1lez and the mediocampista Mario Mart\u00edn.<\/p>  <h2><strong>Announcement of the Madrid for the final of the Champions<\/strong><\/h2>  <ul> <li> <strong>Goalkeepers:<\/strong> Courtois, Lunin, Kepa and Fran.<\/li> \t<li> <strong>Defences: <\/strong>Carvajal, Milit\u00e3or, Praises, Nacho, Lucas V\u00e1zquez, Fran Garc\u00eda, R\u00fcdiger and Mendy.<\/li> \t<li> <strong>Midfield players: <\/strong>Bellingham, Kroos, Modri, Camavinga, Valverde, Tchouameni, Ceballos, Burn G\u00fcler and Mario Mart\u00edn.<\/li> \t<li> <strong>Forwards: <\/strong>Vini Jr., Rodrygo, Joselu and Brahim.<\/li> <\/ul> <h2>A footballer that does not travel and another that adds in spite of not being inscribed in the Champions<\/h2>  <p>It is worthwhile to highlight also that Lunin has had to remain in Madrid when having infected of a flu. <strong>The group madridista has decided, like measure of caution so that it can not it transmit to the rest of the team, that travel directly the Saturday to the English capital and decide to last hour if it gathers with his mates or no,<\/strong> although it is clear that his options to be headline in the decisive party have reduced to the minimum.<\/p>  <p>Like this then , Ancelotti carries to 25 players, adding in the white expedition the presence of Jeremy de Le\u00f3n, that although it can not play the Champions follows going in in the plans of the first team for these parties. The young footballer helps in the trainings by his profile of forward, <strong>something that left clear the Italian when ensuring that &#8220;it is not c\u00e1bala. When we train we want to be 20. I have spoken with Ra\u00fal, is training very well and contributes us a lot&#8221;, explained in his moment.<\/strong><\/p> ","protected":false},"excerpt":{"rendered":"<p>Real Madrid is ready to play in a new Champions League final. The whites announced their squad list with which they traveled to London this Thursday, including some of their injured players. The mediocampista French Aur\u00e9lien Tchouam\u00e9ni was included in the list of summoned of the Real Madrid to confront this Saturday to the Borussia [&hellip;]<\/p>\n","protected":false},"author":345,"featured_media":6696,"comment_status":"closed","ping_status":"open","sticky":false,"template":"","format":"standard","meta":{"_acf_changed":false,"inline_featured_image":false,"_nextfly_llmd_date_locked":false,"footnotes":""},"categories":[112,447],"tags":[67],"class_list":["post-6695","post","type-post","status-publish","format-standard","has-post-thumbnail","hentry","category-champions-league","category-champions-league-2","tag-borussia-dortmund"],"acf":[],"yoast_head":"<!-- This site is optimized with the Yoast SEO plugin v27.3 - https:\/\/yoast.com\/product\/yoast-seo-wordpress\/ -->\n<title>Tchouam\u00e9ni, testimonial presence in Madrid&#039;s call for the Champions League final<\/title>\n<meta name=\"description\" content=\"Real Madrid is ready to play in a new Champions League final. The whites announced their squad list with which they traveled to London this Thursday, including some of their injured players.\" \/>\n<meta name=\"robots\" content=\"index, follow, max-snippet:-1, max-image-preview:large, max-video-preview:-1\" \/>\n<link rel=\"canonical\" href=\"https:\/\/www.fcbarcelonanoticias.com\/en\/champions-league\/tchouameni-testimonial-presence-in-madrids-call-for-the-final-of-champions-league_304006_102.html\" \/>\n<meta property=\"og:locale\" content=\"en_US\" \/>\n<meta property=\"og:type\" content=\"article\" \/>\n<meta property=\"og:title\" content=\"Tchouam\u00e9ni, testimonial presence in Madrid&#039;s call for the Champions League final\" \/>\n<meta property=\"og:description\" content=\"Real Madrid is ready to play in a new Champions League final. The whites announced their squad list with which they traveled to London this Thursday, including some of their injured players.\" \/>\n<meta property=\"og:url\" content=\"https:\/\/www.fcbarcelonanoticias.com\/en\/champions-league\/tchouameni-testimonial-presence-in-madrids-call-for-the-final-of-champions-league_304006_102.html\" \/>\n<meta property=\"og:site_name\" content=\"EN - FC Barcelona Noticias\" \/>\n<meta property=\"article:published_time\" content=\"2024-05-30T18:33:00+00:00\" \/>\n<meta property=\"article:modified_time\" content=\"2024-05-31T06:05:00+00:00\" \/>\n<meta property=\"og:image\" content=\"https:\/\/www.fcbarcelonanoticias.com\/en\/wp-content\/uploads\/sites\/2\/2024\/05\/madrid-baja-champions.jpeg\" \/>\n\t<meta property=\"og:image:width\" content=\"1300\" \/>\n\t<meta property=\"og:image:height\" content=\"731\" \/>\n\t<meta property=\"og:image:type\" content=\"image\/jpeg\" \/>\n<meta name=\"author\" content=\"Carlos Montenegro\" \/>\n<meta name=\"twitter:card\" content=\"summary_large_image\" \/>\n<meta name=\"twitter:label1\" content=\"Written by\" \/>\n\t<meta name=\"twitter:data1\" content=\"Carlos Montenegro\" \/>\n\t<meta name=\"twitter:label2\" content=\"Est. reading time\" \/>\n\t<meta name=\"twitter:data2\" content=\"2 minutes\" \/>\n<script type=\"application\/ld+json\" class=\"yoast-schema-graph\">{\"@context\":\"https:\\\/\\\/schema.org\",\"@graph\":[{\"@type\":\"Article\",\"@id\":\"https:\\\/\\\/www.fcbarcelonanoticias.com\\\/en\\\/champions-league\\\/tchouameni-testimonial-presence-in-madrids-call-for-the-final-of-champions-league_304006_102.html#article\",\"isPartOf\":{\"@id\":\"https:\\\/\\\/www.fcbarcelonanoticias.com\\\/en\\\/champions-league\\\/tchouameni-testimonial-presence-in-madrids-call-for-the-final-of-champions-league_304006_102.html\"},\"author\":{\"name\":\"Carlos Montenegro\",\"@id\":\"https:\\\/\\\/www.fcbarcelonanoticias.com\\\/en\\\/#\\\/schema\\\/person\\\/aa1d038709c262cb247e240f6b39bbf5\"},\"headline\":\"Tchouam\u00e9ni, testimonial presence in Madrid&#8217;s call for the Champions League final\",\"datePublished\":\"2024-05-30T18:33:00+00:00\",\"dateModified\":\"2024-05-31T06:05:00+00:00\",\"mainEntityOfPage\":{\"@id\":\"https:\\\/\\\/www.fcbarcelonanoticias.com\\\/en\\\/champions-league\\\/tchouameni-testimonial-presence-in-madrids-call-for-the-final-of-champions-league_304006_102.html\"},\"wordCount\":444,\"image\":{\"@id\":\"https:\\\/\\\/www.fcbarcelonanoticias.com\\\/en\\\/champions-league\\\/tchouameni-testimonial-presence-in-madrids-call-for-the-final-of-champions-league_304006_102.html#primaryimage\"},\"thumbnailUrl\":\"https:\\\/\\\/www.fcbarcelonanoticias.com\\\/en\\\/wp-content\\\/uploads\\\/sites\\\/2\\\/2024\\\/05\\\/madrid-baja-champions.jpeg\",\"keywords\":[\"Borussia Dortmund\"],\"articleSection\":[\"Champions League\",\"Champions League\"],\"inLanguage\":\"en-US\"},{\"@type\":\"WebPage\",\"@id\":\"https:\\\/\\\/www.fcbarcelonanoticias.com\\\/en\\\/champions-league\\\/tchouameni-testimonial-presence-in-madrids-call-for-the-final-of-champions-league_304006_102.html\",\"url\":\"https:\\\/\\\/www.fcbarcelonanoticias.com\\\/en\\\/champions-league\\\/tchouameni-testimonial-presence-in-madrids-call-for-the-final-of-champions-league_304006_102.html\",\"name\":\"Tchouam\u00e9ni, testimonial presence in Madrid's call for the Champions League final\",\"isPartOf\":{\"@id\":\"https:\\\/\\\/www.fcbarcelonanoticias.com\\\/en\\\/#website\"},\"primaryImageOfPage\":{\"@id\":\"https:\\\/\\\/www.fcbarcelonanoticias.com\\\/en\\\/champions-league\\\/tchouameni-testimonial-presence-in-madrids-call-for-the-final-of-champions-league_304006_102.html#primaryimage\"},\"image\":{\"@id\":\"https:\\\/\\\/www.fcbarcelonanoticias.com\\\/en\\\/champions-league\\\/tchouameni-testimonial-presence-in-madrids-call-for-the-final-of-champions-league_304006_102.html#primaryimage\"},\"thumbnailUrl\":\"https:\\\/\\\/www.fcbarcelonanoticias.com\\\/en\\\/wp-content\\\/uploads\\\/sites\\\/2\\\/2024\\\/05\\\/madrid-baja-champions.jpeg\",\"datePublished\":\"2024-05-30T18:33:00+00:00\",\"dateModified\":\"2024-05-31T06:05:00+00:00\",\"author\":{\"@id\":\"https:\\\/\\\/www.fcbarcelonanoticias.com\\\/en\\\/#\\\/schema\\\/person\\\/aa1d038709c262cb247e240f6b39bbf5\"},\"description\":\"Real Madrid is ready to play in a new Champions League final. The whites announced their squad list with which they traveled to London this Thursday, including some of their injured players.\",\"breadcrumb\":{\"@id\":\"https:\\\/\\\/www.fcbarcelonanoticias.com\\\/en\\\/champions-league\\\/tchouameni-testimonial-presence-in-madrids-call-for-the-final-of-champions-league_304006_102.html#breadcrumb\"},\"inLanguage\":\"en-US\",\"potentialAction\":[{\"@type\":\"ReadAction\",\"target\":[\"https:\\\/\\\/www.fcbarcelonanoticias.com\\\/en\\\/champions-league\\\/tchouameni-testimonial-presence-in-madrids-call-for-the-final-of-champions-league_304006_102.html\"]}]},{\"@type\":\"ImageObject\",\"inLanguage\":\"en-US\",\"@id\":\"https:\\\/\\\/www.fcbarcelonanoticias.com\\\/en\\\/champions-league\\\/tchouameni-testimonial-presence-in-madrids-call-for-the-final-of-champions-league_304006_102.html#primaryimage\",\"url\":\"https:\\\/\\\/www.fcbarcelonanoticias.com\\\/en\\\/wp-content\\\/uploads\\\/sites\\\/2\\\/2024\\\/05\\\/madrid-baja-champions.jpeg\",\"contentUrl\":\"https:\\\/\\\/www.fcbarcelonanoticias.com\\\/en\\\/wp-content\\\/uploads\\\/sites\\\/2\\\/2024\\\/05\\\/madrid-baja-champions.jpeg\",\"width\":1300,\"height\":731},{\"@type\":\"BreadcrumbList\",\"@id\":\"https:\\\/\\\/www.fcbarcelonanoticias.com\\\/en\\\/champions-league\\\/tchouameni-testimonial-presence-in-madrids-call-for-the-final-of-champions-league_304006_102.html#breadcrumb\",\"itemListElement\":[{\"@type\":\"ListItem\",\"position\":1,\"name\":\"Portada\",\"item\":\"https:\\\/\\\/www.fcbarcelonanoticias.com\\\/en\\\/\"},{\"@type\":\"ListItem\",\"position\":2,\"name\":\"Tchouam\u00e9ni, testimonial presence in Madrid&#8217;s call for the Champions League final\"}]},{\"@type\":\"WebSite\",\"@id\":\"https:\\\/\\\/www.fcbarcelonanoticias.com\\\/en\\\/#website\",\"url\":\"https:\\\/\\\/www.fcbarcelonanoticias.com\\\/en\\\/\",\"name\":\"EN - FC Barcelona Noticias\",\"description\":\"\",\"potentialAction\":[{\"@type\":\"SearchAction\",\"target\":{\"@type\":\"EntryPoint\",\"urlTemplate\":\"https:\\\/\\\/www.fcbarcelonanoticias.com\\\/en\\\/?s={search_term_string}\"},\"query-input\":{\"@type\":\"PropertyValueSpecification\",\"valueRequired\":true,\"valueName\":\"search_term_string\"}}],\"inLanguage\":\"en-US\"},{\"@type\":\"Person\",\"@id\":\"https:\\\/\\\/www.fcbarcelonanoticias.com\\\/en\\\/#\\\/schema\\\/person\\\/aa1d038709c262cb247e240f6b39bbf5\",\"name\":\"Carlos Montenegro\",\"image\":{\"@type\":\"ImageObject\",\"inLanguage\":\"en-US\",\"@id\":\"https:\\\/\\\/secure.gravatar.com\\\/avatar\\\/?s=96&d=mm&r=g\",\"url\":\"https:\\\/\\\/secure.gravatar.com\\\/avatar\\\/?s=96&d=mm&r=g\",\"contentUrl\":\"https:\\\/\\\/secure.gravatar.com\\\/avatar\\\/?s=96&d=mm&r=g\",\"caption\":\"Carlos Montenegro\"},\"url\":\"https:\\\/\\\/www.fcbarcelonanoticias.com\\\/en\\\/carlos-montenegro_20_115.html\"}]}<\/script>\n<!-- \/ Yoast SEO plugin. -->","yoast_head_json":{"title":"Tchouam\u00e9ni, testimonial presence in Madrid's call for the Champions League final","description":"Real Madrid is ready to play in a new Champions League final. The whites announced their squad list with which they traveled to London this Thursday, including some of their injured players.","robots":{"index":"index","follow":"follow","max-snippet":"max-snippet:-1","max-image-preview":"max-image-preview:large","max-video-preview":"max-video-preview:-1"},"canonical":"https:\/\/www.fcbarcelonanoticias.com\/en\/champions-league\/tchouameni-testimonial-presence-in-madrids-call-for-the-final-of-champions-league_304006_102.html","og_locale":"en_US","og_type":"article","og_title":"Tchouam\u00e9ni, testimonial presence in Madrid's call for the Champions League final","og_description":"Real Madrid is ready to play in a new Champions League final. The whites announced their squad list with which they traveled to London this Thursday, including some of their injured players.","og_url":"https:\/\/www.fcbarcelonanoticias.com\/en\/champions-league\/tchouameni-testimonial-presence-in-madrids-call-for-the-final-of-champions-league_304006_102.html","og_site_name":"EN - FC Barcelona Noticias","article_published_time":"2024-05-30T18:33:00+00:00","article_modified_time":"2024-05-31T06:05:00+00:00","og_image":[{"width":1300,"height":731,"url":"https:\/\/www.fcbarcelonanoticias.com\/en\/wp-content\/uploads\/sites\/2\/2024\/05\/madrid-baja-champions.jpeg","type":"image\/jpeg"}],"author":"Carlos Montenegro","twitter_card":"summary_large_image","twitter_misc":{"Written by":"Carlos Montenegro","Est. reading time":"2 minutes"},"schema":{"@context":"https:\/\/schema.org","@graph":[{"@type":"Article","@id":"https:\/\/www.fcbarcelonanoticias.com\/en\/champions-league\/tchouameni-testimonial-presence-in-madrids-call-for-the-final-of-champions-league_304006_102.html#article","isPartOf":{"@id":"https:\/\/www.fcbarcelonanoticias.com\/en\/champions-league\/tchouameni-testimonial-presence-in-madrids-call-for-the-final-of-champions-league_304006_102.html"},"author":{"name":"Carlos Montenegro","@id":"https:\/\/www.fcbarcelonanoticias.com\/en\/#\/schema\/person\/aa1d038709c262cb247e240f6b39bbf5"},"headline":"Tchouam\u00e9ni, testimonial presence in Madrid&#8217;s call for the Champions League final","datePublished":"2024-05-30T18:33:00+00:00","dateModified":"2024-05-31T06:05:00+00:00","mainEntityOfPage":{"@id":"https:\/\/www.fcbarcelonanoticias.com\/en\/champions-league\/tchouameni-testimonial-presence-in-madrids-call-for-the-final-of-champions-league_304006_102.html"},"wordCount":444,"image":{"@id":"https:\/\/www.fcbarcelonanoticias.com\/en\/champions-league\/tchouameni-testimonial-presence-in-madrids-call-for-the-final-of-champions-league_304006_102.html#primaryimage"},"thumbnailUrl":"https:\/\/www.fcbarcelonanoticias.com\/en\/wp-content\/uploads\/sites\/2\/2024\/05\/madrid-baja-champions.jpeg","keywords":["Borussia Dortmund"],"articleSection":["Champions League","Champions League"],"inLanguage":"en-US"},{"@type":"WebPage","@id":"https:\/\/www.fcbarcelonanoticias.com\/en\/champions-league\/tchouameni-testimonial-presence-in-madrids-call-for-the-final-of-champions-league_304006_102.html","url":"https:\/\/www.fcbarcelonanoticias.com\/en\/champions-league\/tchouameni-testimonial-presence-in-madrids-call-for-the-final-of-champions-league_304006_102.html","name":"Tchouam\u00e9ni, testimonial presence in Madrid's call for the Champions League final","isPartOf":{"@id":"https:\/\/www.fcbarcelonanoticias.com\/en\/#website"},"primaryImageOfPage":{"@id":"https:\/\/www.fcbarcelonanoticias.com\/en\/champions-league\/tchouameni-testimonial-presence-in-madrids-call-for-the-final-of-champions-league_304006_102.html#primaryimage"},"image":{"@id":"https:\/\/www.fcbarcelonanoticias.com\/en\/champions-league\/tchouameni-testimonial-presence-in-madrids-call-for-the-final-of-champions-league_304006_102.html#primaryimage"},"thumbnailUrl":"https:\/\/www.fcbarcelonanoticias.com\/en\/wp-content\/uploads\/sites\/2\/2024\/05\/madrid-baja-champions.jpeg","datePublished":"2024-05-30T18:33:00+00:00","dateModified":"2024-05-31T06:05:00+00:00","author":{"@id":"https:\/\/www.fcbarcelonanoticias.com\/en\/#\/schema\/person\/aa1d038709c262cb247e240f6b39bbf5"},"description":"Real Madrid is ready to play in a new Champions League final. The whites announced their squad list with which they traveled to London this Thursday, including some of their injured players.","breadcrumb":{"@id":"https:\/\/www.fcbarcelonanoticias.com\/en\/champions-league\/tchouameni-testimonial-presence-in-madrids-call-for-the-final-of-champions-league_304006_102.html#breadcrumb"},"inLanguage":"en-US","potentialAction":[{"@type":"ReadAction","target":["https:\/\/www.fcbarcelonanoticias.com\/en\/champions-league\/tchouameni-testimonial-presence-in-madrids-call-for-the-final-of-champions-league_304006_102.html"]}]},{"@type":"ImageObject","inLanguage":"en-US","@id":"https:\/\/www.fcbarcelonanoticias.com\/en\/champions-league\/tchouameni-testimonial-presence-in-madrids-call-for-the-final-of-champions-league_304006_102.html#primaryimage","url":"https:\/\/www.fcbarcelonanoticias.com\/en\/wp-content\/uploads\/sites\/2\/2024\/05\/madrid-baja-champions.jpeg","contentUrl":"https:\/\/www.fcbarcelonanoticias.com\/en\/wp-content\/uploads\/sites\/2\/2024\/05\/madrid-baja-champions.jpeg","width":1300,"height":731},{"@type":"BreadcrumbList","@id":"https:\/\/www.fcbarcelonanoticias.com\/en\/champions-league\/tchouameni-testimonial-presence-in-madrids-call-for-the-final-of-champions-league_304006_102.html#breadcrumb","itemListElement":[{"@type":"ListItem","position":1,"name":"Portada","item":"https:\/\/www.fcbarcelonanoticias.com\/en\/"},{"@type":"ListItem","position":2,"name":"Tchouam\u00e9ni, testimonial presence in Madrid&#8217;s call for the Champions League final"}]},{"@type":"WebSite","@id":"https:\/\/www.fcbarcelonanoticias.com\/en\/#website","url":"https:\/\/www.fcbarcelonanoticias.com\/en\/","name":"EN - FC Barcelona Noticias","description":"","potentialAction":[{"@type":"SearchAction","target":{"@type":"EntryPoint","urlTemplate":"https:\/\/www.fcbarcelonanoticias.com\/en\/?s={search_term_string}"},"query-input":{"@type":"PropertyValueSpecification","valueRequired":true,"valueName":"search_term_string"}}],"inLanguage":"en-US"},{"@type":"Person","@id":"https:\/\/www.fcbarcelonanoticias.com\/en\/#\/schema\/person\/aa1d038709c262cb247e240f6b39bbf5","name":"Carlos Montenegro","image":{"@type":"ImageObject","inLanguage":"en-US","@id":"https:\/\/secure.gravatar.com\/avatar\/?s=96&d=mm&r=g","url":"https:\/\/secure.gravatar.com\/avatar\/?s=96&d=mm&r=g","contentUrl":"https:\/\/secure.gravatar.com\/avatar\/?s=96&d=mm&r=g","caption":"Carlos Montenegro"},"url":"https:\/\/www.fcbarcelonanoticias.com\/en\/carlos-montenegro_20_115.html"}]}},"_links":{"self":[{"href":"https:\/\/www.fcbarcelonanoticias.com\/en\/wp-json\/wp\/v2\/posts\/6695","targetHints":{"allow":["GET"]}}],"collection":[{"href":"https:\/\/www.fcbarcelonanoticias.com\/en\/wp-json\/wp\/v2\/posts"}],"about":[{"href":"https:\/\/www.fcbarcelonanoticias.com\/en\/wp-json\/wp\/v2\/types\/post"}],"author":[{"embeddable":true,"href":"https:\/\/www.fcbarcelonanoticias.com\/en\/wp-json\/wp\/v2\/users\/345"}],"replies":[{"embeddable":true,"href":"https:\/\/www.fcbarcelonanoticias.com\/en\/wp-json\/wp\/v2\/comments?post=6695"}],"version-history":[{"count":1,"href":"https:\/\/www.fcbarcelonanoticias.com\/en\/wp-json\/wp\/v2\/posts\/6695\/revisions"}],"predecessor-version":[{"id":101710,"href":"https:\/\/www.fcbarcelonanoticias.com\/en\/wp-json\/wp\/v2\/posts\/6695\/revisions\/101710"}],"wp:featuredmedia":[{"embeddable":true,"href":"https:\/\/www.fcbarcelonanoticias.com\/en\/wp-json\/wp\/v2\/media\/6696"}],"wp:attachment":[{"href":"https:\/\/www.fcbarcelonanoticias.com\/en\/wp-json\/wp\/v2\/media?parent=6695"}],"wp:term":[{"taxonomy":"category","embeddable":true,"href":"https:\/\/www.fcbarcelonanoticias.com\/en\/wp-json\/wp\/v2\/categories?post=6695"},{"taxonomy":"post_tag","embeddable":true,"href":"https:\/\/www.fcbarcelonanoticias.com\/en\/wp-json\/wp\/v2\/tags?post=6695"}],"curies":[{"name":"wp","href":"https:\/\/api.w.org\/{rel}","templated":true}]}}