{"id":67041,"date":"2021-10-18T00:13:00","date_gmt":"2021-10-17T22:13:00","guid":{"rendered":"https:\/\/weisetech.dev\/fc-barcelona-noticias\/en\/and-if-the-ideal-position-of-sergino-dest-is-like-extreme_273895_102\/"},"modified":"2021-10-18T00:34:00","modified_gmt":"2021-10-17T22:34:00","slug":"and-if-the-ideal-position-of-sergino-dest-is-like-extreme_273895_102","status":"publish","type":"post","link":"https:\/\/www.fcbarcelonanoticias.com\/en\/players\/and-if-the-ideal-position-of-sergino-dest-is-like-extreme_273895_102.html","title":{"rendered":"What if Sergi\u00f1o Dest&#8217;s ideal position is as a winger?"},"content":{"rendered":"<h2 class=\"wp-block-heading\">One of the great novelties of the game between Bar\u00e7a and Valencia has been Ronald Koeman&#8217;s experiment with the position of Sergi\u00f1o Dest, a success for the Dutchman<\/h2>  \r\n<div class=\"article-addons\">\r\n    <a href=\"https:\/\/www.fcbarcelonanoticias.com\/en\/calendar-fc-barcelona.html\"\r\n       target=\"_self\"\r\n       title=\"Calendar of FC Barcelona\"\r\n       class=\"blue-gredient-btn\">\r\n       \r\n        Calendar of FC Barcelona    <\/a>\r\n<\/div>   <p>In <a data-external=\"0\" data-intl-links-en=\"https:\/\/www.fcbarcelonanoticias.com\/en\/laliga\/the-barca-recovers-the-smile-with-a-big-goleada-in-front-of-valencia-3-1_273872_102.html\" data-intl-links-es=\"https:\/\/www.fcbarcelonanoticias.com\/laliga\/barca-recupera-sonrisa-con-gran-goleada-valencia-3-1_273872_102.html\" href=\"https:\/\/www.fcbarcelonanoticias.com\/en\/laliga\/the-barca-recovers-the-smile-with-a-big-goleada-in-front-of-valencia-3-1_273872_102.html\" rel=\"follow\" target=\"_self\" title=\"El Bar\u00e7a recupera la sonrisa con goleada al Valencia (3-1) y Ansu en modo estelar\">the victory of the FC Barcelona in front of Valencia<\/a> has remained more than clear the reason by which Sergi\u00f1o Dest always has been more effective when it adds to the attack and less reliable when it has to defend near of the area of Marc-Andr\u00e9 ter Stegen. The offensive power of the international by United States <strong>remained evidenciado in the Camp Nou and the position in which it played was &#8216;culprit&#8217; of this. <\/strong><\/p>  <p><strong>Ronald Koeman went back to his laboratory <\/strong>and implemented a change that few or anybody expected . In the eleven initial were <strong>Sergi\u00f1o Dest and Sergi Roberto.<\/strong> Before, it had assumed immediately that the one of Reus went to reinforce the centre of the field, but remained with the right side and the Dutch went up to position beside Memphis and Ansu Fati.<\/p>  <p><strong>It was an experiment&#8230; And it go that it worked. <\/strong>Dest Was one of the names of the party and contributed a lot of so that the game of the Barcelona was more verical, more direct and, therefore, more attractive. Precisely, <strong>the star of the &#8216;USMNT&#8217; was key to close the goleada,<\/strong> with an assistance of luxury to Philippe Coutinho. Dest Combined with Memphis and commanded a centre so that the Brazilian, entirely only, finished to pleasure and sentenced the meeting.<\/p>  <p>The ex of the Ajax removed the pressure to defend and this was a relief for him and a &#8216;point&#8217; extra for the Barcelona, that could see his best version, although it arrived with doubts by some annoyances that suffered during the stop FIFA. To the fans liked him his change, his insistence and persistence, <strong>reason by which sacked him, when it was substituted, with an audible ovation.<\/strong><\/p>  <h3>Dest Shines like extreme of the Bar\u00e7a<\/h3>  <p>Like right extreme, Dest looked for the danger at all times, costing of his speed to surpass rival after rival. It was key in the goal of Coutinho, but also along the party, with important approaches and passes of luxury to his mates. It showed that <strong>it can associate with Memphis up, that does not matter him encararse with the rivals<\/strong> and that is enchufad\u00edsimo&#8230; The best news for a Bar\u00e7a in crisis.<\/p> ","protected":false},"excerpt":{"rendered":"<p>One of the great novelties of the game between Bar\u00e7a and Valencia has been Ronald Koeman&#8217;s experiment with the position of Sergi\u00f1o Dest, a success for the Dutchman In the victory of the FC Barcelona in front of Valencia has remained more than clear the reason by which Sergi\u00f1o Dest always has been more effective [&hellip;]<\/p>\n","protected":false},"author":352,"featured_media":67045,"comment_status":"closed","ping_status":"open","sticky":false,"template":"","format":"standard","meta":{"_acf_changed":false,"inline_featured_image":false,"_nextfly_llmd_date_locked":false,"footnotes":""},"categories":[453,107],"tags":[209,311],"class_list":["post-67041","post","type-post","status-publish","format-standard","has-post-thumbnail","hentry","category-players-2","category-players","tag-ronald-koeman","tag-sergino-dest"],"acf":[],"yoast_head":"<!-- This site is optimized with the Yoast SEO plugin v27.3 - https:\/\/yoast.com\/product\/yoast-seo-wordpress\/ -->\n<title>What if Sergi\u00f1o Dest&#039;s ideal position is as a winger?<\/title>\n<meta name=\"description\" content=\"One of the big novelties of the party between the Bar\u00e7a and Valencia has been the experiment of Ronald Koeman with the position of Sergi\u00f1o Dest, a tarpaulin of the ne...\" \/>\n<meta name=\"robots\" content=\"index, follow, max-snippet:-1, max-image-preview:large, max-video-preview:-1\" \/>\n<link rel=\"canonical\" href=\"https:\/\/www.fcbarcelonanoticias.com\/en\/players\/and-if-the-ideal-position-of-sergino-dest-is-like-extreme_273895_102.html\" \/>\n<meta property=\"og:locale\" content=\"en_US\" \/>\n<meta property=\"og:type\" content=\"article\" \/>\n<meta property=\"og:title\" content=\"What if Sergi\u00f1o Dest&#039;s ideal position is as a winger?\" \/>\n<meta property=\"og:description\" content=\"One of the big novelties of the party between the Bar\u00e7a and Valencia has been the experiment of Ronald Koeman with the position of Sergi\u00f1o Dest, a tarpaulin of the ne...\" \/>\n<meta property=\"og:url\" content=\"https:\/\/www.fcbarcelonanoticias.com\/en\/players\/and-if-the-ideal-position-of-sergino-dest-is-like-extreme_273895_102.html\" \/>\n<meta property=\"og:site_name\" content=\"EN - FC Barcelona Noticias\" \/>\n<meta property=\"article:published_time\" content=\"2021-10-17T22:13:00+00:00\" \/>\n<meta property=\"article:modified_time\" content=\"2021-10-17T22:34:00+00:00\" \/>\n<meta property=\"og:image\" content=\"https:\/\/www.fcbarcelonanoticias.com\/en\/wp-content\/uploads\/sites\/2\/2021\/10\/dest-valencia.jpeg\" \/>\n\t<meta property=\"og:image:width\" content=\"1200\" \/>\n\t<meta property=\"og:image:height\" content=\"675\" \/>\n\t<meta property=\"og:image:type\" content=\"image\/jpeg\" \/>\n<meta name=\"author\" content=\"Paola Guevara\" \/>\n<meta name=\"twitter:card\" content=\"summary_large_image\" \/>\n<meta name=\"twitter:label1\" content=\"Written by\" \/>\n\t<meta name=\"twitter:data1\" content=\"Paola Guevara\" \/>\n\t<meta name=\"twitter:label2\" content=\"Est. reading time\" \/>\n\t<meta name=\"twitter:data2\" content=\"2 minutes\" \/>\n<script type=\"application\/ld+json\" class=\"yoast-schema-graph\">{\"@context\":\"https:\\\/\\\/schema.org\",\"@graph\":[{\"@type\":\"Article\",\"@id\":\"https:\\\/\\\/www.fcbarcelonanoticias.com\\\/en\\\/players\\\/and-if-the-ideal-position-of-sergino-dest-is-like-extreme_273895_102.html#article\",\"isPartOf\":{\"@id\":\"https:\\\/\\\/www.fcbarcelonanoticias.com\\\/en\\\/players\\\/and-if-the-ideal-position-of-sergino-dest-is-like-extreme_273895_102.html\"},\"author\":{\"name\":\"Paola Guevara\",\"@id\":\"https:\\\/\\\/www.fcbarcelonanoticias.com\\\/en\\\/#\\\/schema\\\/person\\\/3b408513ee236e64c3043ec901f019ee\"},\"headline\":\"What if Sergi\u00f1o Dest&#8217;s ideal position is as a winger?\",\"datePublished\":\"2021-10-17T22:13:00+00:00\",\"dateModified\":\"2021-10-17T22:34:00+00:00\",\"mainEntityOfPage\":{\"@id\":\"https:\\\/\\\/www.fcbarcelonanoticias.com\\\/en\\\/players\\\/and-if-the-ideal-position-of-sergino-dest-is-like-extreme_273895_102.html\"},\"wordCount\":414,\"image\":{\"@id\":\"https:\\\/\\\/www.fcbarcelonanoticias.com\\\/en\\\/players\\\/and-if-the-ideal-position-of-sergino-dest-is-like-extreme_273895_102.html#primaryimage\"},\"thumbnailUrl\":\"https:\\\/\\\/www.fcbarcelonanoticias.com\\\/en\\\/wp-content\\\/uploads\\\/sites\\\/2\\\/2021\\\/10\\\/dest-valencia.jpeg\",\"keywords\":[\"Ronald Koeman\",\"Sergi\u00f1o Dest\"],\"articleSection\":[\"Players\",\"Players\"],\"inLanguage\":\"en-US\"},{\"@type\":\"WebPage\",\"@id\":\"https:\\\/\\\/www.fcbarcelonanoticias.com\\\/en\\\/players\\\/and-if-the-ideal-position-of-sergino-dest-is-like-extreme_273895_102.html\",\"url\":\"https:\\\/\\\/www.fcbarcelonanoticias.com\\\/en\\\/players\\\/and-if-the-ideal-position-of-sergino-dest-is-like-extreme_273895_102.html\",\"name\":\"What if Sergi\u00f1o Dest's ideal position is as a winger?\",\"isPartOf\":{\"@id\":\"https:\\\/\\\/www.fcbarcelonanoticias.com\\\/en\\\/#website\"},\"primaryImageOfPage\":{\"@id\":\"https:\\\/\\\/www.fcbarcelonanoticias.com\\\/en\\\/players\\\/and-if-the-ideal-position-of-sergino-dest-is-like-extreme_273895_102.html#primaryimage\"},\"image\":{\"@id\":\"https:\\\/\\\/www.fcbarcelonanoticias.com\\\/en\\\/players\\\/and-if-the-ideal-position-of-sergino-dest-is-like-extreme_273895_102.html#primaryimage\"},\"thumbnailUrl\":\"https:\\\/\\\/www.fcbarcelonanoticias.com\\\/en\\\/wp-content\\\/uploads\\\/sites\\\/2\\\/2021\\\/10\\\/dest-valencia.jpeg\",\"datePublished\":\"2021-10-17T22:13:00+00:00\",\"dateModified\":\"2021-10-17T22:34:00+00:00\",\"author\":{\"@id\":\"https:\\\/\\\/www.fcbarcelonanoticias.com\\\/en\\\/#\\\/schema\\\/person\\\/3b408513ee236e64c3043ec901f019ee\"},\"description\":\"One of the big novelties of the party between the Bar\u00e7a and Valencia has been the experiment of Ronald Koeman with the position of Sergi\u00f1o Dest, a tarpaulin of the ne...\",\"breadcrumb\":{\"@id\":\"https:\\\/\\\/www.fcbarcelonanoticias.com\\\/en\\\/players\\\/and-if-the-ideal-position-of-sergino-dest-is-like-extreme_273895_102.html#breadcrumb\"},\"inLanguage\":\"en-US\",\"potentialAction\":[{\"@type\":\"ReadAction\",\"target\":[\"https:\\\/\\\/www.fcbarcelonanoticias.com\\\/en\\\/players\\\/and-if-the-ideal-position-of-sergino-dest-is-like-extreme_273895_102.html\"]}]},{\"@type\":\"ImageObject\",\"inLanguage\":\"en-US\",\"@id\":\"https:\\\/\\\/www.fcbarcelonanoticias.com\\\/en\\\/players\\\/and-if-the-ideal-position-of-sergino-dest-is-like-extreme_273895_102.html#primaryimage\",\"url\":\"https:\\\/\\\/www.fcbarcelonanoticias.com\\\/en\\\/wp-content\\\/uploads\\\/sites\\\/2\\\/2021\\\/10\\\/dest-valencia.jpeg\",\"contentUrl\":\"https:\\\/\\\/www.fcbarcelonanoticias.com\\\/en\\\/wp-content\\\/uploads\\\/sites\\\/2\\\/2021\\\/10\\\/dest-valencia.jpeg\",\"width\":1200,\"height\":675},{\"@type\":\"BreadcrumbList\",\"@id\":\"https:\\\/\\\/www.fcbarcelonanoticias.com\\\/en\\\/players\\\/and-if-the-ideal-position-of-sergino-dest-is-like-extreme_273895_102.html#breadcrumb\",\"itemListElement\":[{\"@type\":\"ListItem\",\"position\":1,\"name\":\"Portada\",\"item\":\"https:\\\/\\\/www.fcbarcelonanoticias.com\\\/en\\\/\"},{\"@type\":\"ListItem\",\"position\":2,\"name\":\"What if Sergi\u00f1o Dest&#8217;s ideal position is as a winger?\"}]},{\"@type\":\"WebSite\",\"@id\":\"https:\\\/\\\/www.fcbarcelonanoticias.com\\\/en\\\/#website\",\"url\":\"https:\\\/\\\/www.fcbarcelonanoticias.com\\\/en\\\/\",\"name\":\"EN - FC Barcelona Noticias\",\"description\":\"\",\"potentialAction\":[{\"@type\":\"SearchAction\",\"target\":{\"@type\":\"EntryPoint\",\"urlTemplate\":\"https:\\\/\\\/www.fcbarcelonanoticias.com\\\/en\\\/?s={search_term_string}\"},\"query-input\":{\"@type\":\"PropertyValueSpecification\",\"valueRequired\":true,\"valueName\":\"search_term_string\"}}],\"inLanguage\":\"en-US\"},{\"@type\":\"Person\",\"@id\":\"https:\\\/\\\/www.fcbarcelonanoticias.com\\\/en\\\/#\\\/schema\\\/person\\\/3b408513ee236e64c3043ec901f019ee\",\"name\":\"Paola Guevara\",\"image\":{\"@type\":\"ImageObject\",\"inLanguage\":\"en-US\",\"@id\":\"https:\\\/\\\/secure.gravatar.com\\\/avatar\\\/?s=96&d=mm&r=g\",\"url\":\"https:\\\/\\\/secure.gravatar.com\\\/avatar\\\/?s=96&d=mm&r=g\",\"contentUrl\":\"https:\\\/\\\/secure.gravatar.com\\\/avatar\\\/?s=96&d=mm&r=g\",\"caption\":\"Paola Guevara\"},\"url\":\"https:\\\/\\\/www.fcbarcelonanoticias.com\\\/en\\\/fc-barcelona\\\/paola-guevara_9_115.html\"}]}<\/script>\n<!-- \/ Yoast SEO plugin. -->","yoast_head_json":{"title":"What if Sergi\u00f1o Dest's ideal position is as a winger?","description":"One of the big novelties of the party between the Bar\u00e7a and Valencia has been the experiment of Ronald Koeman with the position of Sergi\u00f1o Dest, a tarpaulin of the ne...","robots":{"index":"index","follow":"follow","max-snippet":"max-snippet:-1","max-image-preview":"max-image-preview:large","max-video-preview":"max-video-preview:-1"},"canonical":"https:\/\/www.fcbarcelonanoticias.com\/en\/players\/and-if-the-ideal-position-of-sergino-dest-is-like-extreme_273895_102.html","og_locale":"en_US","og_type":"article","og_title":"What if Sergi\u00f1o Dest's ideal position is as a winger?","og_description":"One of the big novelties of the party between the Bar\u00e7a and Valencia has been the experiment of Ronald Koeman with the position of Sergi\u00f1o Dest, a tarpaulin of the ne...","og_url":"https:\/\/www.fcbarcelonanoticias.com\/en\/players\/and-if-the-ideal-position-of-sergino-dest-is-like-extreme_273895_102.html","og_site_name":"EN - FC Barcelona Noticias","article_published_time":"2021-10-17T22:13:00+00:00","article_modified_time":"2021-10-17T22:34:00+00:00","og_image":[{"width":1200,"height":675,"url":"https:\/\/www.fcbarcelonanoticias.com\/en\/wp-content\/uploads\/sites\/2\/2021\/10\/dest-valencia.jpeg","type":"image\/jpeg"}],"author":"Paola Guevara","twitter_card":"summary_large_image","twitter_misc":{"Written by":"Paola Guevara","Est. reading time":"2 minutes"},"schema":{"@context":"https:\/\/schema.org","@graph":[{"@type":"Article","@id":"https:\/\/www.fcbarcelonanoticias.com\/en\/players\/and-if-the-ideal-position-of-sergino-dest-is-like-extreme_273895_102.html#article","isPartOf":{"@id":"https:\/\/www.fcbarcelonanoticias.com\/en\/players\/and-if-the-ideal-position-of-sergino-dest-is-like-extreme_273895_102.html"},"author":{"name":"Paola Guevara","@id":"https:\/\/www.fcbarcelonanoticias.com\/en\/#\/schema\/person\/3b408513ee236e64c3043ec901f019ee"},"headline":"What if Sergi\u00f1o Dest&#8217;s ideal position is as a winger?","datePublished":"2021-10-17T22:13:00+00:00","dateModified":"2021-10-17T22:34:00+00:00","mainEntityOfPage":{"@id":"https:\/\/www.fcbarcelonanoticias.com\/en\/players\/and-if-the-ideal-position-of-sergino-dest-is-like-extreme_273895_102.html"},"wordCount":414,"image":{"@id":"https:\/\/www.fcbarcelonanoticias.com\/en\/players\/and-if-the-ideal-position-of-sergino-dest-is-like-extreme_273895_102.html#primaryimage"},"thumbnailUrl":"https:\/\/www.fcbarcelonanoticias.com\/en\/wp-content\/uploads\/sites\/2\/2021\/10\/dest-valencia.jpeg","keywords":["Ronald Koeman","Sergi\u00f1o Dest"],"articleSection":["Players","Players"],"inLanguage":"en-US"},{"@type":"WebPage","@id":"https:\/\/www.fcbarcelonanoticias.com\/en\/players\/and-if-the-ideal-position-of-sergino-dest-is-like-extreme_273895_102.html","url":"https:\/\/www.fcbarcelonanoticias.com\/en\/players\/and-if-the-ideal-position-of-sergino-dest-is-like-extreme_273895_102.html","name":"What if Sergi\u00f1o Dest's ideal position is as a winger?","isPartOf":{"@id":"https:\/\/www.fcbarcelonanoticias.com\/en\/#website"},"primaryImageOfPage":{"@id":"https:\/\/www.fcbarcelonanoticias.com\/en\/players\/and-if-the-ideal-position-of-sergino-dest-is-like-extreme_273895_102.html#primaryimage"},"image":{"@id":"https:\/\/www.fcbarcelonanoticias.com\/en\/players\/and-if-the-ideal-position-of-sergino-dest-is-like-extreme_273895_102.html#primaryimage"},"thumbnailUrl":"https:\/\/www.fcbarcelonanoticias.com\/en\/wp-content\/uploads\/sites\/2\/2021\/10\/dest-valencia.jpeg","datePublished":"2021-10-17T22:13:00+00:00","dateModified":"2021-10-17T22:34:00+00:00","author":{"@id":"https:\/\/www.fcbarcelonanoticias.com\/en\/#\/schema\/person\/3b408513ee236e64c3043ec901f019ee"},"description":"One of the big novelties of the party between the Bar\u00e7a and Valencia has been the experiment of Ronald Koeman with the position of Sergi\u00f1o Dest, a tarpaulin of the ne...","breadcrumb":{"@id":"https:\/\/www.fcbarcelonanoticias.com\/en\/players\/and-if-the-ideal-position-of-sergino-dest-is-like-extreme_273895_102.html#breadcrumb"},"inLanguage":"en-US","potentialAction":[{"@type":"ReadAction","target":["https:\/\/www.fcbarcelonanoticias.com\/en\/players\/and-if-the-ideal-position-of-sergino-dest-is-like-extreme_273895_102.html"]}]},{"@type":"ImageObject","inLanguage":"en-US","@id":"https:\/\/www.fcbarcelonanoticias.com\/en\/players\/and-if-the-ideal-position-of-sergino-dest-is-like-extreme_273895_102.html#primaryimage","url":"https:\/\/www.fcbarcelonanoticias.com\/en\/wp-content\/uploads\/sites\/2\/2021\/10\/dest-valencia.jpeg","contentUrl":"https:\/\/www.fcbarcelonanoticias.com\/en\/wp-content\/uploads\/sites\/2\/2021\/10\/dest-valencia.jpeg","width":1200,"height":675},{"@type":"BreadcrumbList","@id":"https:\/\/www.fcbarcelonanoticias.com\/en\/players\/and-if-the-ideal-position-of-sergino-dest-is-like-extreme_273895_102.html#breadcrumb","itemListElement":[{"@type":"ListItem","position":1,"name":"Portada","item":"https:\/\/www.fcbarcelonanoticias.com\/en\/"},{"@type":"ListItem","position":2,"name":"What if Sergi\u00f1o Dest&#8217;s ideal position is as a winger?"}]},{"@type":"WebSite","@id":"https:\/\/www.fcbarcelonanoticias.com\/en\/#website","url":"https:\/\/www.fcbarcelonanoticias.com\/en\/","name":"EN - FC Barcelona Noticias","description":"","potentialAction":[{"@type":"SearchAction","target":{"@type":"EntryPoint","urlTemplate":"https:\/\/www.fcbarcelonanoticias.com\/en\/?s={search_term_string}"},"query-input":{"@type":"PropertyValueSpecification","valueRequired":true,"valueName":"search_term_string"}}],"inLanguage":"en-US"},{"@type":"Person","@id":"https:\/\/www.fcbarcelonanoticias.com\/en\/#\/schema\/person\/3b408513ee236e64c3043ec901f019ee","name":"Paola Guevara","image":{"@type":"ImageObject","inLanguage":"en-US","@id":"https:\/\/secure.gravatar.com\/avatar\/?s=96&d=mm&r=g","url":"https:\/\/secure.gravatar.com\/avatar\/?s=96&d=mm&r=g","contentUrl":"https:\/\/secure.gravatar.com\/avatar\/?s=96&d=mm&r=g","caption":"Paola Guevara"},"url":"https:\/\/www.fcbarcelonanoticias.com\/en\/fc-barcelona\/paola-guevara_9_115.html"}]}},"_links":{"self":[{"href":"https:\/\/www.fcbarcelonanoticias.com\/en\/wp-json\/wp\/v2\/posts\/67041","targetHints":{"allow":["GET"]}}],"collection":[{"href":"https:\/\/www.fcbarcelonanoticias.com\/en\/wp-json\/wp\/v2\/posts"}],"about":[{"href":"https:\/\/www.fcbarcelonanoticias.com\/en\/wp-json\/wp\/v2\/types\/post"}],"author":[{"embeddable":true,"href":"https:\/\/www.fcbarcelonanoticias.com\/en\/wp-json\/wp\/v2\/users\/352"}],"replies":[{"embeddable":true,"href":"https:\/\/www.fcbarcelonanoticias.com\/en\/wp-json\/wp\/v2\/comments?post=67041"}],"version-history":[{"count":1,"href":"https:\/\/www.fcbarcelonanoticias.com\/en\/wp-json\/wp\/v2\/posts\/67041\/revisions"}],"predecessor-version":[{"id":67042,"href":"https:\/\/www.fcbarcelonanoticias.com\/en\/wp-json\/wp\/v2\/posts\/67041\/revisions\/67042"}],"wp:featuredmedia":[{"embeddable":true,"href":"https:\/\/www.fcbarcelonanoticias.com\/en\/wp-json\/wp\/v2\/media\/67045"}],"wp:attachment":[{"href":"https:\/\/www.fcbarcelonanoticias.com\/en\/wp-json\/wp\/v2\/media?parent=67041"}],"wp:term":[{"taxonomy":"category","embeddable":true,"href":"https:\/\/www.fcbarcelonanoticias.com\/en\/wp-json\/wp\/v2\/categories?post=67041"},{"taxonomy":"post_tag","embeddable":true,"href":"https:\/\/www.fcbarcelonanoticias.com\/en\/wp-json\/wp\/v2\/tags?post=67041"}],"curies":[{"name":"wp","href":"https:\/\/api.w.org\/{rel}","templated":true}]}}