{"id":67095,"date":"2022-09-17T20:41:00","date_gmt":"2022-09-17T18:41:00","guid":{"rendered":"https:\/\/weisetech.dev\/fc-barcelona-noticias\/en\/an-ex-of-the-barca-visited-the-camp-nou-in-the-goleada-in-front-of-the_284461_102\/"},"modified":"2022-09-17T20:41:00","modified_gmt":"2022-09-17T18:41:00","slug":"an-ex-of-the-barca-visited-the-camp-nou-in-the-goleada-in-front-of-the_284461_102","status":"publish","type":"post","link":"https:\/\/www.fcbarcelonanoticias.com\/en\/players\/an-ex-of-the-barca-visited-the-camp-nou-in-the-goleada-in-front-of-the_284461_102.html","title":{"rendered":"A former Bar\u00e7a player visited the Camp Nou in the win against Elche"},"content":{"rendered":"<h2 class=\"wp-block-heading\">Barely a couple of weeks after completing his departure from FC Barcelona, \u200b\u200bMiralem Pjanic returned to the Spotify Camp Nou on Saturday. He did it as a spectator and in the company of his son, with whom he enjoyed the cul\u00e9 win against Elche (3-0)<\/h2>  \r\n<div class=\"article-addons\">\r\n    <a href=\"https:\/\/www.fcbarcelonanoticias.com\/en\/calendar-fc-barcelona.html\"\r\n       target=\"_self\"\r\n       title=\"Calendar of FC Barcelona\"\r\n       class=\"blue-gredient-btn\">\r\n       \r\n        Calendar of FC Barcelona    <\/a>\r\n<\/div>   <p>Miralem Pjanic Accustoms to see to his ex teams in the grandstand, once resolves his course to another club. Like this it did it the past season while it was yielded in the Be\u015fikta\u015f, taking a break to see to his ex mates of the Juventus in the Series To. <strong>The Saturday, the bosnio followed suit and visited the Spotify Camp Nou to witness <a data-external=\"0\" data-intl-links-en=\"https:\/\/www.fcbarcelonanoticias.com\/en\/laliga\/new-goleada-of-big-barca-against-an-elche-sunk-3-0_284445_102.html\" data-intl-links-es=\"https:\/\/www.fcbarcelonanoticias.com\/laliga\/cronica-fc-barcelona-elche-cf-3-0-laliga-santander-2022-2023_284445_102.html\" href=\"https:\/\/www.fcbarcelonanoticias.com\/en\/laliga\/new-goleada-of-big-barca-against-an-elche-sunk-3-0_284445_102.html\" rel=\"follow\" target=\"_self\" title=\"Nueva goleada de un gran Bar\u00e7a contra un Elche hundido (3-0)\">the goleada blaugrana<\/a> in front of the Elche (3-0)<\/strong>, resulted with which the ones of Xavi Hern\u00e1ndez are leaders of LaLiga, waiting for what do the Real Madrid the Sunday in front of the Alt\u00e9tico.<\/p>  <p><strong>Pjanic Went up a video to his account of Instagram accompanied of his son in the grandstands of the Camp Nou<\/strong>. Like a fanatical more, the mediocentro took advantage of to enjoy of the exhibition cul\u00e9 in front of a feeble Elche that only adds 1 point in six days and, for satisfy, played with one less from the minute 13 by the expulsion of his defender and captain, Gonzalo Verd\u00fa. Robert Lewandowski (doublet) and Memphis Depay converted by the Bar\u00e7a for rubricar a new goleada.<\/p>  <p>For Miralem, the beginning of the 2022-23 has been quite complex. In principle, the bosnio aimed to remain in the Bar\u00e7a, but <strong>the fault of minutes in the team <a data-external=\"0\" data-intl-links-en=\"https:\/\/www.fcbarcelonanoticias.com\/en\/laliga\/xavi-punished-the-intensity-of-kessie-that-did-not-have-his-afternoon_284455_102.html\" data-intl-links-es=\"https:\/\/www.fcbarcelonanoticias.com\/laliga\/xavi-castigo-intensidad-kessie-no-tuvo-su-tarde_284455_102.html\" href=\"https:\/\/www.fcbarcelonanoticias.com\/en\/laliga\/xavi-punished-the-intensity-of-kessie-that-did-not-have-his-afternoon_284455_102.html\" rel=\"follow\" target=\"_self\" title=\"Xavi 'castig\u00f3' la intensidad de un Kessi\u00e9 que no tuvo su tarde\">of Xavi<\/a> did that the player of 32 years decanted for leaving to the Sharjah FC of Arab Emirates<\/strong>. In fact, the one of Tuzla &#8216;wetted&#8217; in his debut in the UAE Pro League in front of the Baniyas (3-0) the past Friday 9 September, a party in which it also converted another ex cul\u00e9, Paco Alc\u00e1cer.<\/p>  <p><strong>Pjanic Was headline and contested 78 minutes, attaining what never could with the T-shirt blaugrana: annotate in an official party<\/strong>. Miralem Took advantage of the free weekend to return to Catalonia and see to his ex mates, <strong>after the party of the Thursday in which it assisted to Alc\u00e1cer in the goal of the triumph in front of the Ajman (2-3)<\/strong>. Paco had failed a penalti previously, but redeemed converting the so much decisive. Sharjah Is leader of the UAE Pro League with 9 points in three days, the same that To the-Jazira.<\/p>  <h3>Pjanic Remembered his stage in the Bar\u00e7a<\/h3>  <p><strong>&#8220;I thought that it was the correct election fichar by a club like the Bar\u00e7a, but did not know that it was like this in this moment. It was very complicated. Never I expected me live a so difficult situation.<\/strong> <strong>Never I expected this<\/strong>&#8220;, said the bosnio in an interview for &#8216;DAZN&#8217;. Miralem Contested 30 parties in the 2020-21 (13 like titling), but never attained to win the confidence of Ronald Koeman. The past year left yielded to the Be\u015fikta\u015f and this year opted for terminating his agreement to go to the Sharjah.<\/p> ","protected":false},"excerpt":{"rendered":"<p>Barely a couple of weeks after completing his departure from FC Barcelona, \u200b\u200bMiralem Pjanic returned to the Spotify Camp Nou on Saturday. He did it as a spectator and in the company of his son, with whom he enjoyed the cul\u00e9 win against Elche (3-0) Miralem Pjanic Accustoms to see to his ex teams in [&hellip;]<\/p>\n","protected":false},"author":347,"featured_media":37185,"comment_status":"closed","ping_status":"open","sticky":false,"template":"","format":"standard","meta":{"_acf_changed":false,"inline_featured_image":false,"_nextfly_llmd_date_locked":false,"footnotes":""},"categories":[107,453],"tags":[326],"class_list":["post-67095","post","type-post","status-publish","format-standard","has-post-thumbnail","hentry","category-players","category-players-2","tag-miralem-pjanic"],"acf":[],"yoast_head":"<!-- This site is optimized with the Yoast SEO plugin v27.3 - https:\/\/yoast.com\/product\/yoast-seo-wordpress\/ -->\n<title>A former Bar\u00e7a player visited the Camp Nou in the win against Elche<\/title>\n<meta name=\"description\" content=\"You grieve a pair of weeks after clearing his exit of the FC Barcelona, Miralem Pjanic returned the Saturday to the Spotify Camp Nou. It did it like viewer and in...\" \/>\n<meta name=\"robots\" content=\"index, follow, max-snippet:-1, max-image-preview:large, max-video-preview:-1\" \/>\n<link rel=\"canonical\" href=\"https:\/\/www.fcbarcelonanoticias.com\/en\/players\/an-ex-of-the-barca-visited-the-camp-nou-in-the-goleada-in-front-of-the_284461_102.html\" \/>\n<meta property=\"og:locale\" content=\"en_US\" \/>\n<meta property=\"og:type\" content=\"article\" \/>\n<meta property=\"og:title\" content=\"A former Bar\u00e7a player visited the Camp Nou in the win against Elche\" \/>\n<meta property=\"og:description\" content=\"You grieve a pair of weeks after clearing his exit of the FC Barcelona, Miralem Pjanic returned the Saturday to the Spotify Camp Nou. It did it like viewer and in...\" \/>\n<meta property=\"og:url\" content=\"https:\/\/www.fcbarcelonanoticias.com\/en\/players\/an-ex-of-the-barca-visited-the-camp-nou-in-the-goleada-in-front-of-the_284461_102.html\" \/>\n<meta property=\"og:site_name\" content=\"EN - FC Barcelona Noticias\" \/>\n<meta property=\"article:published_time\" content=\"2022-09-17T18:41:00+00:00\" \/>\n<meta property=\"og:image\" content=\"https:\/\/www.fcbarcelonanoticias.com\/en\/wp-content\/uploads\/sites\/2\/2022\/10\/mira-pjanic-bosnia-1.jpeg\" \/>\n\t<meta property=\"og:image:width\" content=\"1300\" \/>\n\t<meta property=\"og:image:height\" content=\"736\" \/>\n\t<meta property=\"og:image:type\" content=\"image\/jpeg\" \/>\n<meta name=\"author\" content=\"Andr\u00e9s Quiroz\" \/>\n<meta name=\"twitter:card\" content=\"summary_large_image\" \/>\n<meta name=\"twitter:label1\" content=\"Written by\" \/>\n\t<meta name=\"twitter:data1\" content=\"Andr\u00e9s Quiroz\" \/>\n\t<meta name=\"twitter:label2\" content=\"Est. reading time\" \/>\n\t<meta name=\"twitter:data2\" content=\"3 minutes\" \/>\n<script type=\"application\/ld+json\" class=\"yoast-schema-graph\">{\"@context\":\"https:\\\/\\\/schema.org\",\"@graph\":[{\"@type\":\"Article\",\"@id\":\"https:\\\/\\\/www.fcbarcelonanoticias.com\\\/en\\\/players\\\/an-ex-of-the-barca-visited-the-camp-nou-in-the-goleada-in-front-of-the_284461_102.html#article\",\"isPartOf\":{\"@id\":\"https:\\\/\\\/www.fcbarcelonanoticias.com\\\/en\\\/players\\\/an-ex-of-the-barca-visited-the-camp-nou-in-the-goleada-in-front-of-the_284461_102.html\"},\"author\":{\"name\":\"Andr\u00e9s Quiroz\",\"@id\":\"https:\\\/\\\/www.fcbarcelonanoticias.com\\\/en\\\/#\\\/schema\\\/person\\\/c2cd9f6fa1af5c0d0eccd0fefa575c88\"},\"headline\":\"A former Bar\u00e7a player visited the Camp Nou in the win against Elche\",\"datePublished\":\"2022-09-17T18:41:00+00:00\",\"mainEntityOfPage\":{\"@id\":\"https:\\\/\\\/www.fcbarcelonanoticias.com\\\/en\\\/players\\\/an-ex-of-the-barca-visited-the-camp-nou-in-the-goleada-in-front-of-the_284461_102.html\"},\"wordCount\":525,\"image\":{\"@id\":\"https:\\\/\\\/www.fcbarcelonanoticias.com\\\/en\\\/players\\\/an-ex-of-the-barca-visited-the-camp-nou-in-the-goleada-in-front-of-the_284461_102.html#primaryimage\"},\"thumbnailUrl\":\"https:\\\/\\\/www.fcbarcelonanoticias.com\\\/en\\\/wp-content\\\/uploads\\\/sites\\\/2\\\/2022\\\/10\\\/mira-pjanic-bosnia-1.jpeg\",\"keywords\":[\"Miralem Pjanic\"],\"articleSection\":[\"Players\",\"Players\"],\"inLanguage\":\"en-US\"},{\"@type\":\"WebPage\",\"@id\":\"https:\\\/\\\/www.fcbarcelonanoticias.com\\\/en\\\/players\\\/an-ex-of-the-barca-visited-the-camp-nou-in-the-goleada-in-front-of-the_284461_102.html\",\"url\":\"https:\\\/\\\/www.fcbarcelonanoticias.com\\\/en\\\/players\\\/an-ex-of-the-barca-visited-the-camp-nou-in-the-goleada-in-front-of-the_284461_102.html\",\"name\":\"A former Bar\u00e7a player visited the Camp Nou in the win against Elche\",\"isPartOf\":{\"@id\":\"https:\\\/\\\/www.fcbarcelonanoticias.com\\\/en\\\/#website\"},\"primaryImageOfPage\":{\"@id\":\"https:\\\/\\\/www.fcbarcelonanoticias.com\\\/en\\\/players\\\/an-ex-of-the-barca-visited-the-camp-nou-in-the-goleada-in-front-of-the_284461_102.html#primaryimage\"},\"image\":{\"@id\":\"https:\\\/\\\/www.fcbarcelonanoticias.com\\\/en\\\/players\\\/an-ex-of-the-barca-visited-the-camp-nou-in-the-goleada-in-front-of-the_284461_102.html#primaryimage\"},\"thumbnailUrl\":\"https:\\\/\\\/www.fcbarcelonanoticias.com\\\/en\\\/wp-content\\\/uploads\\\/sites\\\/2\\\/2022\\\/10\\\/mira-pjanic-bosnia-1.jpeg\",\"datePublished\":\"2022-09-17T18:41:00+00:00\",\"author\":{\"@id\":\"https:\\\/\\\/www.fcbarcelonanoticias.com\\\/en\\\/#\\\/schema\\\/person\\\/c2cd9f6fa1af5c0d0eccd0fefa575c88\"},\"description\":\"You grieve a pair of weeks after clearing his exit of the FC Barcelona, Miralem Pjanic returned the Saturday to the Spotify Camp Nou. It did it like viewer and in...\",\"breadcrumb\":{\"@id\":\"https:\\\/\\\/www.fcbarcelonanoticias.com\\\/en\\\/players\\\/an-ex-of-the-barca-visited-the-camp-nou-in-the-goleada-in-front-of-the_284461_102.html#breadcrumb\"},\"inLanguage\":\"en-US\",\"potentialAction\":[{\"@type\":\"ReadAction\",\"target\":[\"https:\\\/\\\/www.fcbarcelonanoticias.com\\\/en\\\/players\\\/an-ex-of-the-barca-visited-the-camp-nou-in-the-goleada-in-front-of-the_284461_102.html\"]}]},{\"@type\":\"ImageObject\",\"inLanguage\":\"en-US\",\"@id\":\"https:\\\/\\\/www.fcbarcelonanoticias.com\\\/en\\\/players\\\/an-ex-of-the-barca-visited-the-camp-nou-in-the-goleada-in-front-of-the_284461_102.html#primaryimage\",\"url\":\"https:\\\/\\\/www.fcbarcelonanoticias.com\\\/en\\\/wp-content\\\/uploads\\\/sites\\\/2\\\/2022\\\/10\\\/mira-pjanic-bosnia-1.jpeg\",\"contentUrl\":\"https:\\\/\\\/www.fcbarcelonanoticias.com\\\/en\\\/wp-content\\\/uploads\\\/sites\\\/2\\\/2022\\\/10\\\/mira-pjanic-bosnia-1.jpeg\",\"width\":1300,\"height\":736},{\"@type\":\"BreadcrumbList\",\"@id\":\"https:\\\/\\\/www.fcbarcelonanoticias.com\\\/en\\\/players\\\/an-ex-of-the-barca-visited-the-camp-nou-in-the-goleada-in-front-of-the_284461_102.html#breadcrumb\",\"itemListElement\":[{\"@type\":\"ListItem\",\"position\":1,\"name\":\"Portada\",\"item\":\"https:\\\/\\\/www.fcbarcelonanoticias.com\\\/en\\\/\"},{\"@type\":\"ListItem\",\"position\":2,\"name\":\"A former Bar\u00e7a player visited the Camp Nou in the win against Elche\"}]},{\"@type\":\"WebSite\",\"@id\":\"https:\\\/\\\/www.fcbarcelonanoticias.com\\\/en\\\/#website\",\"url\":\"https:\\\/\\\/www.fcbarcelonanoticias.com\\\/en\\\/\",\"name\":\"EN - FC Barcelona Noticias\",\"description\":\"\",\"potentialAction\":[{\"@type\":\"SearchAction\",\"target\":{\"@type\":\"EntryPoint\",\"urlTemplate\":\"https:\\\/\\\/www.fcbarcelonanoticias.com\\\/en\\\/?s={search_term_string}\"},\"query-input\":{\"@type\":\"PropertyValueSpecification\",\"valueRequired\":true,\"valueName\":\"search_term_string\"}}],\"inLanguage\":\"en-US\"},{\"@type\":\"Person\",\"@id\":\"https:\\\/\\\/www.fcbarcelonanoticias.com\\\/en\\\/#\\\/schema\\\/person\\\/c2cd9f6fa1af5c0d0eccd0fefa575c88\",\"name\":\"Andr\u00e9s Quiroz\",\"image\":{\"@type\":\"ImageObject\",\"inLanguage\":\"en-US\",\"@id\":\"https:\\\/\\\/secure.gravatar.com\\\/avatar\\\/?s=96&d=mm&r=g\",\"url\":\"https:\\\/\\\/secure.gravatar.com\\\/avatar\\\/?s=96&d=mm&r=g\",\"contentUrl\":\"https:\\\/\\\/secure.gravatar.com\\\/avatar\\\/?s=96&d=mm&r=g\",\"caption\":\"Andr\u00e9s Quiroz\"},\"description\":\"Licenciado en Periodismo por la Universidad de los Andes. Me encargo de analizar y compartir los contenidos m\u00e1s destacados de la\u00a0actualidad del F\u00fatbol Club Barcelona, Mercado de Fichajes y F\u00fatbol Internacional en FCBN. La informaci\u00f3n es poder, pero tambi\u00e9n conocimiento.\",\"url\":\"https:\\\/\\\/www.fcbarcelonanoticias.com\\\/en\\\/fc-barcelona\\\/andres-quiroz_17_115.html\"}]}<\/script>\n<!-- \/ Yoast SEO plugin. -->","yoast_head_json":{"title":"A former Bar\u00e7a player visited the Camp Nou in the win against Elche","description":"You grieve a pair of weeks after clearing his exit of the FC Barcelona, Miralem Pjanic returned the Saturday to the Spotify Camp Nou. It did it like viewer and in...","robots":{"index":"index","follow":"follow","max-snippet":"max-snippet:-1","max-image-preview":"max-image-preview:large","max-video-preview":"max-video-preview:-1"},"canonical":"https:\/\/www.fcbarcelonanoticias.com\/en\/players\/an-ex-of-the-barca-visited-the-camp-nou-in-the-goleada-in-front-of-the_284461_102.html","og_locale":"en_US","og_type":"article","og_title":"A former Bar\u00e7a player visited the Camp Nou in the win against Elche","og_description":"You grieve a pair of weeks after clearing his exit of the FC Barcelona, Miralem Pjanic returned the Saturday to the Spotify Camp Nou. It did it like viewer and in...","og_url":"https:\/\/www.fcbarcelonanoticias.com\/en\/players\/an-ex-of-the-barca-visited-the-camp-nou-in-the-goleada-in-front-of-the_284461_102.html","og_site_name":"EN - FC Barcelona Noticias","article_published_time":"2022-09-17T18:41:00+00:00","og_image":[{"width":1300,"height":736,"url":"https:\/\/www.fcbarcelonanoticias.com\/en\/wp-content\/uploads\/sites\/2\/2022\/10\/mira-pjanic-bosnia-1.jpeg","type":"image\/jpeg"}],"author":"Andr\u00e9s Quiroz","twitter_card":"summary_large_image","twitter_misc":{"Written by":"Andr\u00e9s Quiroz","Est. reading time":"3 minutes"},"schema":{"@context":"https:\/\/schema.org","@graph":[{"@type":"Article","@id":"https:\/\/www.fcbarcelonanoticias.com\/en\/players\/an-ex-of-the-barca-visited-the-camp-nou-in-the-goleada-in-front-of-the_284461_102.html#article","isPartOf":{"@id":"https:\/\/www.fcbarcelonanoticias.com\/en\/players\/an-ex-of-the-barca-visited-the-camp-nou-in-the-goleada-in-front-of-the_284461_102.html"},"author":{"name":"Andr\u00e9s Quiroz","@id":"https:\/\/www.fcbarcelonanoticias.com\/en\/#\/schema\/person\/c2cd9f6fa1af5c0d0eccd0fefa575c88"},"headline":"A former Bar\u00e7a player visited the Camp Nou in the win against Elche","datePublished":"2022-09-17T18:41:00+00:00","mainEntityOfPage":{"@id":"https:\/\/www.fcbarcelonanoticias.com\/en\/players\/an-ex-of-the-barca-visited-the-camp-nou-in-the-goleada-in-front-of-the_284461_102.html"},"wordCount":525,"image":{"@id":"https:\/\/www.fcbarcelonanoticias.com\/en\/players\/an-ex-of-the-barca-visited-the-camp-nou-in-the-goleada-in-front-of-the_284461_102.html#primaryimage"},"thumbnailUrl":"https:\/\/www.fcbarcelonanoticias.com\/en\/wp-content\/uploads\/sites\/2\/2022\/10\/mira-pjanic-bosnia-1.jpeg","keywords":["Miralem Pjanic"],"articleSection":["Players","Players"],"inLanguage":"en-US"},{"@type":"WebPage","@id":"https:\/\/www.fcbarcelonanoticias.com\/en\/players\/an-ex-of-the-barca-visited-the-camp-nou-in-the-goleada-in-front-of-the_284461_102.html","url":"https:\/\/www.fcbarcelonanoticias.com\/en\/players\/an-ex-of-the-barca-visited-the-camp-nou-in-the-goleada-in-front-of-the_284461_102.html","name":"A former Bar\u00e7a player visited the Camp Nou in the win against Elche","isPartOf":{"@id":"https:\/\/www.fcbarcelonanoticias.com\/en\/#website"},"primaryImageOfPage":{"@id":"https:\/\/www.fcbarcelonanoticias.com\/en\/players\/an-ex-of-the-barca-visited-the-camp-nou-in-the-goleada-in-front-of-the_284461_102.html#primaryimage"},"image":{"@id":"https:\/\/www.fcbarcelonanoticias.com\/en\/players\/an-ex-of-the-barca-visited-the-camp-nou-in-the-goleada-in-front-of-the_284461_102.html#primaryimage"},"thumbnailUrl":"https:\/\/www.fcbarcelonanoticias.com\/en\/wp-content\/uploads\/sites\/2\/2022\/10\/mira-pjanic-bosnia-1.jpeg","datePublished":"2022-09-17T18:41:00+00:00","author":{"@id":"https:\/\/www.fcbarcelonanoticias.com\/en\/#\/schema\/person\/c2cd9f6fa1af5c0d0eccd0fefa575c88"},"description":"You grieve a pair of weeks after clearing his exit of the FC Barcelona, Miralem Pjanic returned the Saturday to the Spotify Camp Nou. It did it like viewer and in...","breadcrumb":{"@id":"https:\/\/www.fcbarcelonanoticias.com\/en\/players\/an-ex-of-the-barca-visited-the-camp-nou-in-the-goleada-in-front-of-the_284461_102.html#breadcrumb"},"inLanguage":"en-US","potentialAction":[{"@type":"ReadAction","target":["https:\/\/www.fcbarcelonanoticias.com\/en\/players\/an-ex-of-the-barca-visited-the-camp-nou-in-the-goleada-in-front-of-the_284461_102.html"]}]},{"@type":"ImageObject","inLanguage":"en-US","@id":"https:\/\/www.fcbarcelonanoticias.com\/en\/players\/an-ex-of-the-barca-visited-the-camp-nou-in-the-goleada-in-front-of-the_284461_102.html#primaryimage","url":"https:\/\/www.fcbarcelonanoticias.com\/en\/wp-content\/uploads\/sites\/2\/2022\/10\/mira-pjanic-bosnia-1.jpeg","contentUrl":"https:\/\/www.fcbarcelonanoticias.com\/en\/wp-content\/uploads\/sites\/2\/2022\/10\/mira-pjanic-bosnia-1.jpeg","width":1300,"height":736},{"@type":"BreadcrumbList","@id":"https:\/\/www.fcbarcelonanoticias.com\/en\/players\/an-ex-of-the-barca-visited-the-camp-nou-in-the-goleada-in-front-of-the_284461_102.html#breadcrumb","itemListElement":[{"@type":"ListItem","position":1,"name":"Portada","item":"https:\/\/www.fcbarcelonanoticias.com\/en\/"},{"@type":"ListItem","position":2,"name":"A former Bar\u00e7a player visited the Camp Nou in the win against Elche"}]},{"@type":"WebSite","@id":"https:\/\/www.fcbarcelonanoticias.com\/en\/#website","url":"https:\/\/www.fcbarcelonanoticias.com\/en\/","name":"EN - FC Barcelona Noticias","description":"","potentialAction":[{"@type":"SearchAction","target":{"@type":"EntryPoint","urlTemplate":"https:\/\/www.fcbarcelonanoticias.com\/en\/?s={search_term_string}"},"query-input":{"@type":"PropertyValueSpecification","valueRequired":true,"valueName":"search_term_string"}}],"inLanguage":"en-US"},{"@type":"Person","@id":"https:\/\/www.fcbarcelonanoticias.com\/en\/#\/schema\/person\/c2cd9f6fa1af5c0d0eccd0fefa575c88","name":"Andr\u00e9s Quiroz","image":{"@type":"ImageObject","inLanguage":"en-US","@id":"https:\/\/secure.gravatar.com\/avatar\/?s=96&d=mm&r=g","url":"https:\/\/secure.gravatar.com\/avatar\/?s=96&d=mm&r=g","contentUrl":"https:\/\/secure.gravatar.com\/avatar\/?s=96&d=mm&r=g","caption":"Andr\u00e9s Quiroz"},"description":"Licenciado en Periodismo por la Universidad de los Andes. Me encargo de analizar y compartir los contenidos m\u00e1s destacados de la\u00a0actualidad del F\u00fatbol Club Barcelona, Mercado de Fichajes y F\u00fatbol Internacional en FCBN. La informaci\u00f3n es poder, pero tambi\u00e9n conocimiento.","url":"https:\/\/www.fcbarcelonanoticias.com\/en\/fc-barcelona\/andres-quiroz_17_115.html"}]}},"_links":{"self":[{"href":"https:\/\/www.fcbarcelonanoticias.com\/en\/wp-json\/wp\/v2\/posts\/67095","targetHints":{"allow":["GET"]}}],"collection":[{"href":"https:\/\/www.fcbarcelonanoticias.com\/en\/wp-json\/wp\/v2\/posts"}],"about":[{"href":"https:\/\/www.fcbarcelonanoticias.com\/en\/wp-json\/wp\/v2\/types\/post"}],"author":[{"embeddable":true,"href":"https:\/\/www.fcbarcelonanoticias.com\/en\/wp-json\/wp\/v2\/users\/347"}],"replies":[{"embeddable":true,"href":"https:\/\/www.fcbarcelonanoticias.com\/en\/wp-json\/wp\/v2\/comments?post=67095"}],"version-history":[{"count":1,"href":"https:\/\/www.fcbarcelonanoticias.com\/en\/wp-json\/wp\/v2\/posts\/67095\/revisions"}],"predecessor-version":[{"id":119169,"href":"https:\/\/www.fcbarcelonanoticias.com\/en\/wp-json\/wp\/v2\/posts\/67095\/revisions\/119169"}],"wp:featuredmedia":[{"embeddable":true,"href":"https:\/\/www.fcbarcelonanoticias.com\/en\/wp-json\/wp\/v2\/media\/37185"}],"wp:attachment":[{"href":"https:\/\/www.fcbarcelonanoticias.com\/en\/wp-json\/wp\/v2\/media?parent=67095"}],"wp:term":[{"taxonomy":"category","embeddable":true,"href":"https:\/\/www.fcbarcelonanoticias.com\/en\/wp-json\/wp\/v2\/categories?post=67095"},{"taxonomy":"post_tag","embeddable":true,"href":"https:\/\/www.fcbarcelonanoticias.com\/en\/wp-json\/wp\/v2\/tags?post=67095"}],"curies":[{"name":"wp","href":"https:\/\/api.w.org\/{rel}","templated":true}]}}