{"id":67228,"date":"2023-12-24T16:13:00","date_gmt":"2023-12-24T15:13:00","guid":{"rendered":"https:\/\/weisetech.dev\/fc-barcelona-noticias\/en\/andre-gomes-enjoys-football-in-the-premier-again_299337_102\/"},"modified":"2023-12-24T16:13:00","modified_gmt":"2023-12-24T15:13:00","slug":"andre-gomes-enjoys-football-in-the-premier-again_299337_102","status":"publish","type":"post","link":"https:\/\/www.fcbarcelonanoticias.com\/en\/players\/andre-gomes-enjoys-football-in-the-premier-again_299337_102.html","title":{"rendered":"Andr\u00e9 Gomes enjoys football in the Premier again"},"content":{"rendered":"<h2 class=\"wp-block-heading\">The former Blaugrana Andr\u00e9 Gomes has once again enjoyed the field with Everton and has reappeared after a period of time away from the team&#8217;s dynamics. The Portuguese had not played with the &#8216;toffee&#8217; jersey since May and seems to be finding his best form<\/h2>  \r\n<div class=\"article-addons\">\r\n    <a href=\"https:\/\/www.fcbarcelonanoticias.com\/en\/calendar-fc-barcelona.html\"\r\n       target=\"_self\"\r\n       title=\"Calendar of FC Barcelona\"\r\n       class=\"blue-gredient-btn\">\r\n       \r\n        Calendar of FC Barcelona    <\/a>\r\n<\/div>   <p>Andr\u00e9 Gomes has lived an authentic nightmare since it decided to join to the FC Barcelona. In the City Condal, did not attain to reach his best level, and<a data-external=\"0\" data-intl-links-en=\"https:\/\/www.fcbarcelonanoticias.com\/en\/transfers\/andre-gomes-could-return-to-laliga-after-his-adventure-ing_282582_102.html\" data-intl-links-es=\"https:\/\/www.fcbarcelonanoticias.com\/fichajes\/andre-gomes-podria-regresar-laliga-su-aventura-inglesa_282582_102.html\" href=\"https:\/\/www.fcbarcelonanoticias.com\/en\/transfers\/andre-gomes-could-return-to-laliga-after-his-adventure-ing_282582_102.html\" rel=\"follow\" target=\"_self\" title=\"Andr\u00e9 Gomes podr\u00eda regresar a LaLiga tras su aventura inglesa\"> after three years of altibajos, directed to the Everton in 2019.<\/a> There, far to show the football that seemed to carry achieve, remained trapped in a dynamics of injuries that separated it during long of the terrains of game. So much it is so it did not contest an official party from May; up to now. <strong>The Portuguese has recovered the smile in the terrain of game and has gone back to get dressed of short to give back the illusion to the bloated &#8216;toffee&#8217;,<\/strong> that already saw in Gomes a stray case.<\/p>  <p>The ex blaugrana surprised when appearing in the announcement of the party between the Everton and the Tottenham, since<a data-external=\"0\" data-intl-links-en=\"https:\/\/www.fcbarcelonanoticias.com\/en\/players\/andre-gomes-reveals-how-he-lived-moments-after-breaking-his-ankle_256008_102.html\" data-intl-links-es=\"https:\/\/www.fcbarcelonanoticias.com\/jugadores\/andre-gomes-revela-como-vivio-momentos-despues-romperse-tobillo_256008_102.html\" href=\"https:\/\/www.fcbarcelonanoticias.com\/en\/players\/andre-gomes-reveals-how-he-lived-moments-after-breaking-his-ankle_256008_102.html\" rel=\"follow\" target=\"_self\" title=\"Andr\u00e9 Gomes revela c\u00f3mo vivi\u00f3 los momentos despu\u00e9s de romperse el tobillo\"> his bad relation with the injuries had kept it section entirely of the dynamics of the first team<\/a>, contesting alone parties with the staff Sub-21 of the &#8216;Mighty Blues&#8217; to recover feelings. <strong>Now, when his club needed it after the injuries of Idrissa Gueye and Sean Dyche, the &#8216;luso&#8217; has answered with grow.<\/strong><\/p>  <p>Gomes ingres\u00f3 In the field with his team losing by 0-2, and far to disappoint, his entrance revitaliz\u00f3 completely to the team, generating numerous occasions. It was definitely the best player of the Everton, since the best local opportunities arose of his boots.<strong> Even it annotated a goal in the minute 82 that put in aprietos to the Spurs,<\/strong> those who suffered a lot in the final minutes. The performance of the mediocentro was a clear message to claim to the player that some time was and put an end to the nightmare that has lived from his arrival to England.<\/p>  <h2>Defeat, but with good flavour of mouth<\/h2>  <p><strong>&#8220;It is not the result that wanted, but do not leave to struggle by something more. I have missed the energy of a party and already have win of more! Thank you By your support, &#8216;toffees'&#8221;<\/strong>, wrote Andr\u00e9 Gomes after the pitido final. In spite of the defeat, the first of the Everton in the Premier from 26 November, his return was the best news of the afternoon for the team of Liverpool, that sees in Gomes the renacer of the Bird Phoenix.<\/p>  <p>It is true that the midfield player is far of the player that went in Valencia and that did that Real Madrid and Bar\u00e7a litigated by his signing. Nevertheless, with his stood out performance in front of the Tottenham, the Portuguese goes back to smile and looks for to leave backwards the shadows that have wrapped it during all this time. <strong>If the injuries respect him, could be in front of the new jewel of the Everton.<\/strong><\/p> ","protected":false},"excerpt":{"rendered":"<p>The former Blaugrana Andr\u00e9 Gomes has once again enjoyed the field with Everton and has reappeared after a period of time away from the team&#8217;s dynamics. The Portuguese had not played with the &#8216;toffee&#8217; jersey since May and seems to be finding his best form Andr\u00e9 Gomes has lived an authentic nightmare since it decided [&hellip;]<\/p>\n","protected":false},"author":344,"featured_media":67234,"comment_status":"closed","ping_status":"open","sticky":false,"template":"","format":"standard","meta":{"_acf_changed":false,"inline_featured_image":false,"_nextfly_llmd_date_locked":false,"footnotes":""},"categories":[107,453],"tags":[315],"class_list":["post-67228","post","type-post","status-publish","format-standard","has-post-thumbnail","hentry","category-players","category-players-2","tag-andre-gomes"],"acf":[],"yoast_head":"<!-- This site is optimized with the Yoast SEO plugin v27.3 - https:\/\/yoast.com\/product\/yoast-seo-wordpress\/ -->\n<title>Andr\u00e9 Gomes enjoys football in the Premier again<\/title>\n<meta name=\"description\" content=\"The former Blaugrana Andr\u00e9 Gomes has once again enjoyed the field with Everton and has reappeared after a period of time away from the team&#039;s dynamics. The Portuguese had not played with the &#039;toffee&#039; jersey since May and seems to be finding his best form\" \/>\n<meta name=\"robots\" content=\"index, follow, max-snippet:-1, max-image-preview:large, max-video-preview:-1\" \/>\n<link rel=\"canonical\" href=\"https:\/\/www.fcbarcelonanoticias.com\/en\/players\/andre-gomes-enjoys-football-in-the-premier-again_299337_102.html\" \/>\n<meta property=\"og:locale\" content=\"en_US\" \/>\n<meta property=\"og:type\" content=\"article\" \/>\n<meta property=\"og:title\" content=\"Andr\u00e9 Gomes enjoys football in the Premier again\" \/>\n<meta property=\"og:description\" content=\"The former Blaugrana Andr\u00e9 Gomes has once again enjoyed the field with Everton and has reappeared after a period of time away from the team&#039;s dynamics. The Portuguese had not played with the &#039;toffee&#039; jersey since May and seems to be finding his best form\" \/>\n<meta property=\"og:url\" content=\"https:\/\/www.fcbarcelonanoticias.com\/en\/players\/andre-gomes-enjoys-football-in-the-premier-again_299337_102.html\" \/>\n<meta property=\"og:site_name\" content=\"EN - FC Barcelona Noticias\" \/>\n<meta property=\"article:published_time\" content=\"2023-12-24T15:13:00+00:00\" \/>\n<meta property=\"og:image\" content=\"https:\/\/www.fcbarcelonanoticias.com\/en\/wp-content\/uploads\/sites\/2\/2023\/12\/everton-v-sheffield-wednesday-the-emirates-fa-cup-fourth-round.jpeg\" \/>\n\t<meta property=\"og:image:width\" content=\"1300\" \/>\n\t<meta property=\"og:image:height\" content=\"732\" \/>\n\t<meta property=\"og:image:type\" content=\"image\/jpeg\" \/>\n<meta name=\"author\" content=\"Ariel Molina\" \/>\n<meta name=\"twitter:card\" content=\"summary_large_image\" \/>\n<meta name=\"twitter:label1\" content=\"Written by\" \/>\n\t<meta name=\"twitter:data1\" content=\"Ariel Molina\" \/>\n\t<meta name=\"twitter:label2\" content=\"Est. reading time\" \/>\n\t<meta name=\"twitter:data2\" content=\"3 minutes\" \/>\n<script type=\"application\/ld+json\" class=\"yoast-schema-graph\">{\"@context\":\"https:\\\/\\\/schema.org\",\"@graph\":[{\"@type\":\"Article\",\"@id\":\"https:\\\/\\\/www.fcbarcelonanoticias.com\\\/en\\\/players\\\/andre-gomes-enjoys-football-in-the-premier-again_299337_102.html#article\",\"isPartOf\":{\"@id\":\"https:\\\/\\\/www.fcbarcelonanoticias.com\\\/en\\\/players\\\/andre-gomes-enjoys-football-in-the-premier-again_299337_102.html\"},\"author\":{\"name\":\"Ariel Molina\",\"@id\":\"https:\\\/\\\/www.fcbarcelonanoticias.com\\\/en\\\/#\\\/schema\\\/person\\\/e9820ca62b3ab5d344366c282da4bce7\"},\"headline\":\"Andr\u00e9 Gomes enjoys football in the Premier again\",\"datePublished\":\"2023-12-24T15:13:00+00:00\",\"mainEntityOfPage\":{\"@id\":\"https:\\\/\\\/www.fcbarcelonanoticias.com\\\/en\\\/players\\\/andre-gomes-enjoys-football-in-the-premier-again_299337_102.html\"},\"wordCount\":514,\"image\":{\"@id\":\"https:\\\/\\\/www.fcbarcelonanoticias.com\\\/en\\\/players\\\/andre-gomes-enjoys-football-in-the-premier-again_299337_102.html#primaryimage\"},\"thumbnailUrl\":\"https:\\\/\\\/www.fcbarcelonanoticias.com\\\/en\\\/wp-content\\\/uploads\\\/sites\\\/2\\\/2023\\\/12\\\/everton-v-sheffield-wednesday-the-emirates-fa-cup-fourth-round.jpeg\",\"keywords\":[\"Andr\u00e9 Gomes\"],\"articleSection\":[\"Players\",\"Players\"],\"inLanguage\":\"en-US\"},{\"@type\":\"WebPage\",\"@id\":\"https:\\\/\\\/www.fcbarcelonanoticias.com\\\/en\\\/players\\\/andre-gomes-enjoys-football-in-the-premier-again_299337_102.html\",\"url\":\"https:\\\/\\\/www.fcbarcelonanoticias.com\\\/en\\\/players\\\/andre-gomes-enjoys-football-in-the-premier-again_299337_102.html\",\"name\":\"Andr\u00e9 Gomes enjoys football in the Premier again\",\"isPartOf\":{\"@id\":\"https:\\\/\\\/www.fcbarcelonanoticias.com\\\/en\\\/#website\"},\"primaryImageOfPage\":{\"@id\":\"https:\\\/\\\/www.fcbarcelonanoticias.com\\\/en\\\/players\\\/andre-gomes-enjoys-football-in-the-premier-again_299337_102.html#primaryimage\"},\"image\":{\"@id\":\"https:\\\/\\\/www.fcbarcelonanoticias.com\\\/en\\\/players\\\/andre-gomes-enjoys-football-in-the-premier-again_299337_102.html#primaryimage\"},\"thumbnailUrl\":\"https:\\\/\\\/www.fcbarcelonanoticias.com\\\/en\\\/wp-content\\\/uploads\\\/sites\\\/2\\\/2023\\\/12\\\/everton-v-sheffield-wednesday-the-emirates-fa-cup-fourth-round.jpeg\",\"datePublished\":\"2023-12-24T15:13:00+00:00\",\"author\":{\"@id\":\"https:\\\/\\\/www.fcbarcelonanoticias.com\\\/en\\\/#\\\/schema\\\/person\\\/e9820ca62b3ab5d344366c282da4bce7\"},\"description\":\"The former Blaugrana Andr\u00e9 Gomes has once again enjoyed the field with Everton and has reappeared after a period of time away from the team's dynamics. The Portuguese had not played with the 'toffee' jersey since May and seems to be finding his best form\",\"breadcrumb\":{\"@id\":\"https:\\\/\\\/www.fcbarcelonanoticias.com\\\/en\\\/players\\\/andre-gomes-enjoys-football-in-the-premier-again_299337_102.html#breadcrumb\"},\"inLanguage\":\"en-US\",\"potentialAction\":[{\"@type\":\"ReadAction\",\"target\":[\"https:\\\/\\\/www.fcbarcelonanoticias.com\\\/en\\\/players\\\/andre-gomes-enjoys-football-in-the-premier-again_299337_102.html\"]}]},{\"@type\":\"ImageObject\",\"inLanguage\":\"en-US\",\"@id\":\"https:\\\/\\\/www.fcbarcelonanoticias.com\\\/en\\\/players\\\/andre-gomes-enjoys-football-in-the-premier-again_299337_102.html#primaryimage\",\"url\":\"https:\\\/\\\/www.fcbarcelonanoticias.com\\\/en\\\/wp-content\\\/uploads\\\/sites\\\/2\\\/2023\\\/12\\\/everton-v-sheffield-wednesday-the-emirates-fa-cup-fourth-round.jpeg\",\"contentUrl\":\"https:\\\/\\\/www.fcbarcelonanoticias.com\\\/en\\\/wp-content\\\/uploads\\\/sites\\\/2\\\/2023\\\/12\\\/everton-v-sheffield-wednesday-the-emirates-fa-cup-fourth-round.jpeg\",\"width\":1300,\"height\":732},{\"@type\":\"BreadcrumbList\",\"@id\":\"https:\\\/\\\/www.fcbarcelonanoticias.com\\\/en\\\/players\\\/andre-gomes-enjoys-football-in-the-premier-again_299337_102.html#breadcrumb\",\"itemListElement\":[{\"@type\":\"ListItem\",\"position\":1,\"name\":\"Portada\",\"item\":\"https:\\\/\\\/www.fcbarcelonanoticias.com\\\/en\\\/\"},{\"@type\":\"ListItem\",\"position\":2,\"name\":\"Andr\u00e9 Gomes enjoys football in the Premier again\"}]},{\"@type\":\"WebSite\",\"@id\":\"https:\\\/\\\/www.fcbarcelonanoticias.com\\\/en\\\/#website\",\"url\":\"https:\\\/\\\/www.fcbarcelonanoticias.com\\\/en\\\/\",\"name\":\"EN - FC Barcelona Noticias\",\"description\":\"\",\"potentialAction\":[{\"@type\":\"SearchAction\",\"target\":{\"@type\":\"EntryPoint\",\"urlTemplate\":\"https:\\\/\\\/www.fcbarcelonanoticias.com\\\/en\\\/?s={search_term_string}\"},\"query-input\":{\"@type\":\"PropertyValueSpecification\",\"valueRequired\":true,\"valueName\":\"search_term_string\"}}],\"inLanguage\":\"en-US\"},{\"@type\":\"Person\",\"@id\":\"https:\\\/\\\/www.fcbarcelonanoticias.com\\\/en\\\/#\\\/schema\\\/person\\\/e9820ca62b3ab5d344366c282da4bce7\",\"name\":\"Ariel Molina\",\"image\":{\"@type\":\"ImageObject\",\"inLanguage\":\"en-US\",\"@id\":\"https:\\\/\\\/secure.gravatar.com\\\/avatar\\\/?s=96&d=mm&r=g\",\"url\":\"https:\\\/\\\/secure.gravatar.com\\\/avatar\\\/?s=96&d=mm&r=g\",\"contentUrl\":\"https:\\\/\\\/secure.gravatar.com\\\/avatar\\\/?s=96&d=mm&r=g\",\"caption\":\"Ariel Molina\"},\"url\":\"https:\\\/\\\/www.fcbarcelonanoticias.com\\\/en\\\/fc-barcelona\\\/ariel-molina_24_115.html\"}]}<\/script>\n<!-- \/ Yoast SEO plugin. -->","yoast_head_json":{"title":"Andr\u00e9 Gomes enjoys football in the Premier again","description":"The former Blaugrana Andr\u00e9 Gomes has once again enjoyed the field with Everton and has reappeared after a period of time away from the team's dynamics. The Portuguese had not played with the 'toffee' jersey since May and seems to be finding his best form","robots":{"index":"index","follow":"follow","max-snippet":"max-snippet:-1","max-image-preview":"max-image-preview:large","max-video-preview":"max-video-preview:-1"},"canonical":"https:\/\/www.fcbarcelonanoticias.com\/en\/players\/andre-gomes-enjoys-football-in-the-premier-again_299337_102.html","og_locale":"en_US","og_type":"article","og_title":"Andr\u00e9 Gomes enjoys football in the Premier again","og_description":"The former Blaugrana Andr\u00e9 Gomes has once again enjoyed the field with Everton and has reappeared after a period of time away from the team's dynamics. The Portuguese had not played with the 'toffee' jersey since May and seems to be finding his best form","og_url":"https:\/\/www.fcbarcelonanoticias.com\/en\/players\/andre-gomes-enjoys-football-in-the-premier-again_299337_102.html","og_site_name":"EN - FC Barcelona Noticias","article_published_time":"2023-12-24T15:13:00+00:00","og_image":[{"width":1300,"height":732,"url":"https:\/\/www.fcbarcelonanoticias.com\/en\/wp-content\/uploads\/sites\/2\/2023\/12\/everton-v-sheffield-wednesday-the-emirates-fa-cup-fourth-round.jpeg","type":"image\/jpeg"}],"author":"Ariel Molina","twitter_card":"summary_large_image","twitter_misc":{"Written by":"Ariel Molina","Est. reading time":"3 minutes"},"schema":{"@context":"https:\/\/schema.org","@graph":[{"@type":"Article","@id":"https:\/\/www.fcbarcelonanoticias.com\/en\/players\/andre-gomes-enjoys-football-in-the-premier-again_299337_102.html#article","isPartOf":{"@id":"https:\/\/www.fcbarcelonanoticias.com\/en\/players\/andre-gomes-enjoys-football-in-the-premier-again_299337_102.html"},"author":{"name":"Ariel Molina","@id":"https:\/\/www.fcbarcelonanoticias.com\/en\/#\/schema\/person\/e9820ca62b3ab5d344366c282da4bce7"},"headline":"Andr\u00e9 Gomes enjoys football in the Premier again","datePublished":"2023-12-24T15:13:00+00:00","mainEntityOfPage":{"@id":"https:\/\/www.fcbarcelonanoticias.com\/en\/players\/andre-gomes-enjoys-football-in-the-premier-again_299337_102.html"},"wordCount":514,"image":{"@id":"https:\/\/www.fcbarcelonanoticias.com\/en\/players\/andre-gomes-enjoys-football-in-the-premier-again_299337_102.html#primaryimage"},"thumbnailUrl":"https:\/\/www.fcbarcelonanoticias.com\/en\/wp-content\/uploads\/sites\/2\/2023\/12\/everton-v-sheffield-wednesday-the-emirates-fa-cup-fourth-round.jpeg","keywords":["Andr\u00e9 Gomes"],"articleSection":["Players","Players"],"inLanguage":"en-US"},{"@type":"WebPage","@id":"https:\/\/www.fcbarcelonanoticias.com\/en\/players\/andre-gomes-enjoys-football-in-the-premier-again_299337_102.html","url":"https:\/\/www.fcbarcelonanoticias.com\/en\/players\/andre-gomes-enjoys-football-in-the-premier-again_299337_102.html","name":"Andr\u00e9 Gomes enjoys football in the Premier again","isPartOf":{"@id":"https:\/\/www.fcbarcelonanoticias.com\/en\/#website"},"primaryImageOfPage":{"@id":"https:\/\/www.fcbarcelonanoticias.com\/en\/players\/andre-gomes-enjoys-football-in-the-premier-again_299337_102.html#primaryimage"},"image":{"@id":"https:\/\/www.fcbarcelonanoticias.com\/en\/players\/andre-gomes-enjoys-football-in-the-premier-again_299337_102.html#primaryimage"},"thumbnailUrl":"https:\/\/www.fcbarcelonanoticias.com\/en\/wp-content\/uploads\/sites\/2\/2023\/12\/everton-v-sheffield-wednesday-the-emirates-fa-cup-fourth-round.jpeg","datePublished":"2023-12-24T15:13:00+00:00","author":{"@id":"https:\/\/www.fcbarcelonanoticias.com\/en\/#\/schema\/person\/e9820ca62b3ab5d344366c282da4bce7"},"description":"The former Blaugrana Andr\u00e9 Gomes has once again enjoyed the field with Everton and has reappeared after a period of time away from the team's dynamics. The Portuguese had not played with the 'toffee' jersey since May and seems to be finding his best form","breadcrumb":{"@id":"https:\/\/www.fcbarcelonanoticias.com\/en\/players\/andre-gomes-enjoys-football-in-the-premier-again_299337_102.html#breadcrumb"},"inLanguage":"en-US","potentialAction":[{"@type":"ReadAction","target":["https:\/\/www.fcbarcelonanoticias.com\/en\/players\/andre-gomes-enjoys-football-in-the-premier-again_299337_102.html"]}]},{"@type":"ImageObject","inLanguage":"en-US","@id":"https:\/\/www.fcbarcelonanoticias.com\/en\/players\/andre-gomes-enjoys-football-in-the-premier-again_299337_102.html#primaryimage","url":"https:\/\/www.fcbarcelonanoticias.com\/en\/wp-content\/uploads\/sites\/2\/2023\/12\/everton-v-sheffield-wednesday-the-emirates-fa-cup-fourth-round.jpeg","contentUrl":"https:\/\/www.fcbarcelonanoticias.com\/en\/wp-content\/uploads\/sites\/2\/2023\/12\/everton-v-sheffield-wednesday-the-emirates-fa-cup-fourth-round.jpeg","width":1300,"height":732},{"@type":"BreadcrumbList","@id":"https:\/\/www.fcbarcelonanoticias.com\/en\/players\/andre-gomes-enjoys-football-in-the-premier-again_299337_102.html#breadcrumb","itemListElement":[{"@type":"ListItem","position":1,"name":"Portada","item":"https:\/\/www.fcbarcelonanoticias.com\/en\/"},{"@type":"ListItem","position":2,"name":"Andr\u00e9 Gomes enjoys football in the Premier again"}]},{"@type":"WebSite","@id":"https:\/\/www.fcbarcelonanoticias.com\/en\/#website","url":"https:\/\/www.fcbarcelonanoticias.com\/en\/","name":"EN - FC Barcelona Noticias","description":"","potentialAction":[{"@type":"SearchAction","target":{"@type":"EntryPoint","urlTemplate":"https:\/\/www.fcbarcelonanoticias.com\/en\/?s={search_term_string}"},"query-input":{"@type":"PropertyValueSpecification","valueRequired":true,"valueName":"search_term_string"}}],"inLanguage":"en-US"},{"@type":"Person","@id":"https:\/\/www.fcbarcelonanoticias.com\/en\/#\/schema\/person\/e9820ca62b3ab5d344366c282da4bce7","name":"Ariel Molina","image":{"@type":"ImageObject","inLanguage":"en-US","@id":"https:\/\/secure.gravatar.com\/avatar\/?s=96&d=mm&r=g","url":"https:\/\/secure.gravatar.com\/avatar\/?s=96&d=mm&r=g","contentUrl":"https:\/\/secure.gravatar.com\/avatar\/?s=96&d=mm&r=g","caption":"Ariel Molina"},"url":"https:\/\/www.fcbarcelonanoticias.com\/en\/fc-barcelona\/ariel-molina_24_115.html"}]}},"_links":{"self":[{"href":"https:\/\/www.fcbarcelonanoticias.com\/en\/wp-json\/wp\/v2\/posts\/67228","targetHints":{"allow":["GET"]}}],"collection":[{"href":"https:\/\/www.fcbarcelonanoticias.com\/en\/wp-json\/wp\/v2\/posts"}],"about":[{"href":"https:\/\/www.fcbarcelonanoticias.com\/en\/wp-json\/wp\/v2\/types\/post"}],"author":[{"embeddable":true,"href":"https:\/\/www.fcbarcelonanoticias.com\/en\/wp-json\/wp\/v2\/users\/344"}],"replies":[{"embeddable":true,"href":"https:\/\/www.fcbarcelonanoticias.com\/en\/wp-json\/wp\/v2\/comments?post=67228"}],"version-history":[{"count":1,"href":"https:\/\/www.fcbarcelonanoticias.com\/en\/wp-json\/wp\/v2\/posts\/67228\/revisions"}],"predecessor-version":[{"id":119241,"href":"https:\/\/www.fcbarcelonanoticias.com\/en\/wp-json\/wp\/v2\/posts\/67228\/revisions\/119241"}],"wp:featuredmedia":[{"embeddable":true,"href":"https:\/\/www.fcbarcelonanoticias.com\/en\/wp-json\/wp\/v2\/media\/67234"}],"wp:attachment":[{"href":"https:\/\/www.fcbarcelonanoticias.com\/en\/wp-json\/wp\/v2\/media?parent=67228"}],"wp:term":[{"taxonomy":"category","embeddable":true,"href":"https:\/\/www.fcbarcelonanoticias.com\/en\/wp-json\/wp\/v2\/categories?post=67228"},{"taxonomy":"post_tag","embeddable":true,"href":"https:\/\/www.fcbarcelonanoticias.com\/en\/wp-json\/wp\/v2\/tags?post=67228"}],"curies":[{"name":"wp","href":"https:\/\/api.w.org\/{rel}","templated":true}]}}