{"id":67430,"date":"2017-09-12T22:15:00","date_gmt":"2017-09-12T20:15:00","guid":{"rendered":"https:\/\/weisetech.dev\/fc-barcelona-noticias\/en\/andres-iniesta-went-back-to-take-out-the-magic-wand-in-the-camp-nou_204310_102\/"},"modified":"2026-04-16T09:14:30","modified_gmt":"2026-04-16T07:14:30","slug":"andres-iniesta-went-back-to-take-out-the-magic-wand-in-the-camp-nou_204310_102","status":"publish","type":"post","link":"https:\/\/www.fcbarcelonanoticias.com\/en\/players\/andres-iniesta-went-back-to-take-out-the-magic-wand-in-the-camp-nou_204310_102.html","title":{"rendered":"Andr\u00e9s Iniesta went back to take out the magic wand in the Camp Nou"},"content":{"rendered":"<h2 class=\"wp-block-heading\">The captain of the FC Barcelona, Andr\u00e9s Iniesta, went back to show against the Juventus of Tur\u00edn that with the step of the parties is recovering the good level that always has characterised him. The manchego went back to dazzle to the Camp Nou with a big played<\/h2>  \r\n<div class=\"article-addons\">\r\n    <a href=\"https:\/\/www.fcbarcelonanoticias.com\/en\/calendar-fc-barcelona.html\"\r\n       target=\"_self\"\r\n       title=\"Calendar of FC Barcelona\"\r\n       class=\"blue-gredient-btn\">\r\n       \r\n        Calendar of FC Barcelona    <\/a>\r\n<\/div>   <p>It can that <strong>Andr\u00e9s Iniesta no cuajara a good season 2016-17<\/strong>, and that it have begun something renqueante and without rhythm of competition in the first duels of the season 2017-18. However, the reality is that, after <strong>the good performance that signed against the RCD Espanyol<\/strong> in League Santander, this Tuesday Andr\u00e9s Iniesta went back to show that little by little it is recovering the level that expects  of him.<\/p> <p>No in vain it starred in the first-half of the meeting against the Juventus of Tur\u00edn, in <strong>the premi\u00e8re of the Bar\u00e7a in <a href=\"https:\/\/www.fcbarcelonanoticias.com\/champions-league-calendario-y-resultados.html\">the Champions League 2017-18<\/a><\/strong>, a played in which it left  of until three defenders of the rival group until being demolished by Matuidi in the frontal of the area.<\/p> <p><strong>The dribblings of Iniesta raised to the public of the Camp Nou<\/strong> of his seats, but the true is that no only contributed brushstrokes of magic Iniesta, but along the ninety minutes showed a game<strong> of control, possession and distribution<\/strong> that allowed to the Barcelona dominate the party from beginning to end against the Juventus of Tur\u00edn, without giving option to the &#8216;bianconeri&#8217; to exception of some contragolpes isolated.<\/p> <h2> <a href=\"https:\/\/www.fcbarcelonanoticias.com\/en\/tags\/andres-iniesta.html\">Andr\u00e9s Iniesta<\/a> is back<\/h2> <p>Iniesta showed, on the other hand, that<strong> crosses in these moments a big physical moment<\/strong> when having starred three parties followed surrendering to a big level in the last days, adding to the duels in front of Espanyol and Juventus the last that played with the Spanish selection against Italy.<\/p> <p><strong>Andr\u00e9s Iniesta is of sweet, and the FC Barcelona has to take advantage of it<\/strong>. Ernesto Valverde <a href=\"https:\/\/www.fcbarcelonanoticias.com\/calendario-fcbarcelona.html\"><strong>will have to dosificarle in the next dates<\/strong><\/a> so that no exhaust him  the physicist, but what never will finish him  is a magic that carries hit to the boots from always. With Iniesta in good form, the FC Barcelona is even more dangerous of what is it usually. And this Tuesday went back to remain showed.<\/p> <blockquote class=\"twitter-tweet\" data-lang=\"es\"> <p lang=\"es\" dir=\"ltr\">Iniesta is ?<a href=\"https:\/\/t.co\/en\/AnZXQRt8Gi\">pic.twitter.com\/anzxqrt8gi<\/a><\/p> \u2014 FCBarcelona (@FCB_Plus) <a href=\"https:\/\/twitter.com\/en\/FCB_Plus\/status\/907683822891921409\">12 September 2017<\/a> <\/blockquote> ","protected":false},"excerpt":{"rendered":"<p>The captain of the FC Barcelona, Andr\u00e9s Iniesta, went back to show against the Juventus of Tur\u00edn that with the step of the parties is recovering the good level that always has characterised him. The manchego went back to dazzle to the Camp Nou with a big played It can that Andr\u00e9s Iniesta no cuajara [&hellip;]<\/p>\n","protected":false},"author":366,"featured_media":67436,"comment_status":"closed","ping_status":"open","sticky":false,"template":"","format":"standard","meta":{"_acf_changed":false,"inline_featured_image":false,"_nextfly_llmd_date_locked":false,"footnotes":""},"categories":[107,453],"tags":[168,105],"class_list":["post-67430","post","type-post","status-publish","format-standard","has-post-thumbnail","hentry","category-players","category-players-2","tag-andres-iniesta","tag-juventus"],"acf":[],"yoast_head":"<!-- This site is optimized with the Yoast SEO plugin v27.3 - https:\/\/yoast.com\/product\/yoast-seo-wordpress\/ -->\n<title>The dribblings of Iniesta raised to the public of the Camp Nou<\/title>\n<meta name=\"description\" content=\"The captain of the FC Barcelona, Andr\u00e9s Iniesta, went back to show against the Juventus of Tur\u00edn that with the step of the parties is recovering the...\" \/>\n<meta name=\"robots\" content=\"index, follow, max-snippet:-1, max-image-preview:large, max-video-preview:-1\" \/>\n<link rel=\"canonical\" href=\"https:\/\/www.fcbarcelonanoticias.com\/en\/players\/andres-iniesta-went-back-to-take-out-the-magic-wand-in-the-camp-nou_204310_102.html\" \/>\n<meta property=\"og:locale\" content=\"en_US\" \/>\n<meta property=\"og:type\" content=\"article\" \/>\n<meta property=\"og:title\" content=\"The dribblings of Iniesta raised to the public of the Camp Nou\" \/>\n<meta property=\"og:description\" content=\"The captain of the FC Barcelona, Andr\u00e9s Iniesta, went back to show against the Juventus of Tur\u00edn that with the step of the parties is recovering the...\" \/>\n<meta property=\"og:url\" content=\"https:\/\/www.fcbarcelonanoticias.com\/en\/players\/andres-iniesta-went-back-to-take-out-the-magic-wand-in-the-camp-nou_204310_102.html\" \/>\n<meta property=\"og:site_name\" content=\"EN - FC Barcelona Noticias\" \/>\n<meta property=\"article:published_time\" content=\"2017-09-12T20:15:00+00:00\" \/>\n<meta property=\"article:modified_time\" content=\"2026-04-16T07:14:30+00:00\" \/>\n<meta property=\"og:image\" content=\"https:\/\/www.fcbarcelonanoticias.com\/en\/wp-content\/uploads\/sites\/2\/2017\/09\/iniesta-227817.jpeg\" \/>\n\t<meta property=\"og:image:width\" content=\"760\" \/>\n\t<meta property=\"og:image:height\" content=\"428\" \/>\n\t<meta property=\"og:image:type\" content=\"image\/jpeg\" \/>\n<meta name=\"author\" content=\"Carlos Dom\u00ednguez\" \/>\n<meta name=\"twitter:card\" content=\"summary_large_image\" \/>\n<meta name=\"twitter:label1\" content=\"Written by\" \/>\n\t<meta name=\"twitter:data1\" content=\"Carlos Dom\u00ednguez\" \/>\n\t<meta name=\"twitter:label2\" content=\"Est. reading time\" \/>\n\t<meta name=\"twitter:data2\" content=\"2 minutes\" \/>\n<script type=\"application\/ld+json\" class=\"yoast-schema-graph\">{\"@context\":\"https:\\\/\\\/schema.org\",\"@graph\":[{\"@type\":\"Article\",\"@id\":\"https:\\\/\\\/www.fcbarcelonanoticias.com\\\/en\\\/players\\\/andres-iniesta-went-back-to-take-out-the-magic-wand-in-the-camp-nou_204310_102.html#article\",\"isPartOf\":{\"@id\":\"https:\\\/\\\/www.fcbarcelonanoticias.com\\\/en\\\/players\\\/andres-iniesta-went-back-to-take-out-the-magic-wand-in-the-camp-nou_204310_102.html\"},\"author\":{\"name\":\"Carlos Dom\u00ednguez\",\"@id\":\"https:\\\/\\\/www.fcbarcelonanoticias.com\\\/en\\\/#\\\/schema\\\/person\\\/888e29b17b79c70d1c617d8a7bc9b8c6\"},\"headline\":\"Andr\u00e9s Iniesta went back to take out the magic wand in the Camp Nou\",\"datePublished\":\"2017-09-12T20:15:00+00:00\",\"dateModified\":\"2026-04-16T07:14:30+00:00\",\"mainEntityOfPage\":{\"@id\":\"https:\\\/\\\/www.fcbarcelonanoticias.com\\\/en\\\/players\\\/andres-iniesta-went-back-to-take-out-the-magic-wand-in-the-camp-nou_204310_102.html\"},\"wordCount\":403,\"image\":{\"@id\":\"https:\\\/\\\/www.fcbarcelonanoticias.com\\\/en\\\/players\\\/andres-iniesta-went-back-to-take-out-the-magic-wand-in-the-camp-nou_204310_102.html#primaryimage\"},\"thumbnailUrl\":\"https:\\\/\\\/www.fcbarcelonanoticias.com\\\/en\\\/wp-content\\\/uploads\\\/sites\\\/2\\\/2017\\\/09\\\/iniesta-227817.jpeg\",\"keywords\":[\"Andr\u00e9s Iniesta\",\"Juventus\"],\"articleSection\":[\"Players\",\"Players\"],\"inLanguage\":\"en-US\"},{\"@type\":\"WebPage\",\"@id\":\"https:\\\/\\\/www.fcbarcelonanoticias.com\\\/en\\\/players\\\/andres-iniesta-went-back-to-take-out-the-magic-wand-in-the-camp-nou_204310_102.html\",\"url\":\"https:\\\/\\\/www.fcbarcelonanoticias.com\\\/en\\\/players\\\/andres-iniesta-went-back-to-take-out-the-magic-wand-in-the-camp-nou_204310_102.html\",\"name\":\"The dribblings of Iniesta raised to the public of the Camp Nou\",\"isPartOf\":{\"@id\":\"https:\\\/\\\/www.fcbarcelonanoticias.com\\\/en\\\/#website\"},\"primaryImageOfPage\":{\"@id\":\"https:\\\/\\\/www.fcbarcelonanoticias.com\\\/en\\\/players\\\/andres-iniesta-went-back-to-take-out-the-magic-wand-in-the-camp-nou_204310_102.html#primaryimage\"},\"image\":{\"@id\":\"https:\\\/\\\/www.fcbarcelonanoticias.com\\\/en\\\/players\\\/andres-iniesta-went-back-to-take-out-the-magic-wand-in-the-camp-nou_204310_102.html#primaryimage\"},\"thumbnailUrl\":\"https:\\\/\\\/www.fcbarcelonanoticias.com\\\/en\\\/wp-content\\\/uploads\\\/sites\\\/2\\\/2017\\\/09\\\/iniesta-227817.jpeg\",\"datePublished\":\"2017-09-12T20:15:00+00:00\",\"dateModified\":\"2026-04-16T07:14:30+00:00\",\"author\":{\"@id\":\"https:\\\/\\\/www.fcbarcelonanoticias.com\\\/en\\\/#\\\/schema\\\/person\\\/888e29b17b79c70d1c617d8a7bc9b8c6\"},\"description\":\"The captain of the FC Barcelona, Andr\u00e9s Iniesta, went back to show against the Juventus of Tur\u00edn that with the step of the parties is recovering the...\",\"breadcrumb\":{\"@id\":\"https:\\\/\\\/www.fcbarcelonanoticias.com\\\/en\\\/players\\\/andres-iniesta-went-back-to-take-out-the-magic-wand-in-the-camp-nou_204310_102.html#breadcrumb\"},\"inLanguage\":\"en-US\",\"potentialAction\":[{\"@type\":\"ReadAction\",\"target\":[\"https:\\\/\\\/www.fcbarcelonanoticias.com\\\/en\\\/players\\\/andres-iniesta-went-back-to-take-out-the-magic-wand-in-the-camp-nou_204310_102.html\"]}]},{\"@type\":\"ImageObject\",\"inLanguage\":\"en-US\",\"@id\":\"https:\\\/\\\/www.fcbarcelonanoticias.com\\\/en\\\/players\\\/andres-iniesta-went-back-to-take-out-the-magic-wand-in-the-camp-nou_204310_102.html#primaryimage\",\"url\":\"https:\\\/\\\/www.fcbarcelonanoticias.com\\\/en\\\/wp-content\\\/uploads\\\/sites\\\/2\\\/2017\\\/09\\\/iniesta-227817.jpeg\",\"contentUrl\":\"https:\\\/\\\/www.fcbarcelonanoticias.com\\\/en\\\/wp-content\\\/uploads\\\/sites\\\/2\\\/2017\\\/09\\\/iniesta-227817.jpeg\",\"width\":760,\"height\":428},{\"@type\":\"BreadcrumbList\",\"@id\":\"https:\\\/\\\/www.fcbarcelonanoticias.com\\\/en\\\/players\\\/andres-iniesta-went-back-to-take-out-the-magic-wand-in-the-camp-nou_204310_102.html#breadcrumb\",\"itemListElement\":[{\"@type\":\"ListItem\",\"position\":1,\"name\":\"Portada\",\"item\":\"https:\\\/\\\/www.fcbarcelonanoticias.com\\\/en\\\/\"},{\"@type\":\"ListItem\",\"position\":2,\"name\":\"Andr\u00e9s Iniesta went back to take out the magic wand in the Camp Nou\"}]},{\"@type\":\"WebSite\",\"@id\":\"https:\\\/\\\/www.fcbarcelonanoticias.com\\\/en\\\/#website\",\"url\":\"https:\\\/\\\/www.fcbarcelonanoticias.com\\\/en\\\/\",\"name\":\"EN - FC Barcelona Noticias\",\"description\":\"\",\"potentialAction\":[{\"@type\":\"SearchAction\",\"target\":{\"@type\":\"EntryPoint\",\"urlTemplate\":\"https:\\\/\\\/www.fcbarcelonanoticias.com\\\/en\\\/?s={search_term_string}\"},\"query-input\":{\"@type\":\"PropertyValueSpecification\",\"valueRequired\":true,\"valueName\":\"search_term_string\"}}],\"inLanguage\":\"en-US\"},{\"@type\":\"Person\",\"@id\":\"https:\\\/\\\/www.fcbarcelonanoticias.com\\\/en\\\/#\\\/schema\\\/person\\\/888e29b17b79c70d1c617d8a7bc9b8c6\",\"name\":\"Carlos Dom\u00ednguez\",\"image\":{\"@type\":\"ImageObject\",\"inLanguage\":\"en-US\",\"@id\":\"https:\\\/\\\/secure.gravatar.com\\\/avatar\\\/?s=96&d=mm&r=g\",\"url\":\"https:\\\/\\\/secure.gravatar.com\\\/avatar\\\/?s=96&d=mm&r=g\",\"contentUrl\":\"https:\\\/\\\/secure.gravatar.com\\\/avatar\\\/?s=96&d=mm&r=g\",\"caption\":\"Carlos Dom\u00ednguez\"},\"url\":\"https:\\\/\\\/www.fcbarcelonanoticias.com\\\/en\\\/carlos-dominguez_2_115.html\"}]}<\/script>\n<!-- \/ Yoast SEO plugin. -->","yoast_head_json":{"title":"The dribblings of Iniesta raised to the public of the Camp Nou","description":"The captain of the FC Barcelona, Andr\u00e9s Iniesta, went back to show against the Juventus of Tur\u00edn that with the step of the parties is recovering the...","robots":{"index":"index","follow":"follow","max-snippet":"max-snippet:-1","max-image-preview":"max-image-preview:large","max-video-preview":"max-video-preview:-1"},"canonical":"https:\/\/www.fcbarcelonanoticias.com\/en\/players\/andres-iniesta-went-back-to-take-out-the-magic-wand-in-the-camp-nou_204310_102.html","og_locale":"en_US","og_type":"article","og_title":"The dribblings of Iniesta raised to the public of the Camp Nou","og_description":"The captain of the FC Barcelona, Andr\u00e9s Iniesta, went back to show against the Juventus of Tur\u00edn that with the step of the parties is recovering the...","og_url":"https:\/\/www.fcbarcelonanoticias.com\/en\/players\/andres-iniesta-went-back-to-take-out-the-magic-wand-in-the-camp-nou_204310_102.html","og_site_name":"EN - FC Barcelona Noticias","article_published_time":"2017-09-12T20:15:00+00:00","article_modified_time":"2026-04-16T07:14:30+00:00","og_image":[{"width":760,"height":428,"url":"https:\/\/www.fcbarcelonanoticias.com\/en\/wp-content\/uploads\/sites\/2\/2017\/09\/iniesta-227817.jpeg","type":"image\/jpeg"}],"author":"Carlos Dom\u00ednguez","twitter_card":"summary_large_image","twitter_misc":{"Written by":"Carlos Dom\u00ednguez","Est. reading time":"2 minutes"},"schema":{"@context":"https:\/\/schema.org","@graph":[{"@type":"Article","@id":"https:\/\/www.fcbarcelonanoticias.com\/en\/players\/andres-iniesta-went-back-to-take-out-the-magic-wand-in-the-camp-nou_204310_102.html#article","isPartOf":{"@id":"https:\/\/www.fcbarcelonanoticias.com\/en\/players\/andres-iniesta-went-back-to-take-out-the-magic-wand-in-the-camp-nou_204310_102.html"},"author":{"name":"Carlos Dom\u00ednguez","@id":"https:\/\/www.fcbarcelonanoticias.com\/en\/#\/schema\/person\/888e29b17b79c70d1c617d8a7bc9b8c6"},"headline":"Andr\u00e9s Iniesta went back to take out the magic wand in the Camp Nou","datePublished":"2017-09-12T20:15:00+00:00","dateModified":"2026-04-16T07:14:30+00:00","mainEntityOfPage":{"@id":"https:\/\/www.fcbarcelonanoticias.com\/en\/players\/andres-iniesta-went-back-to-take-out-the-magic-wand-in-the-camp-nou_204310_102.html"},"wordCount":403,"image":{"@id":"https:\/\/www.fcbarcelonanoticias.com\/en\/players\/andres-iniesta-went-back-to-take-out-the-magic-wand-in-the-camp-nou_204310_102.html#primaryimage"},"thumbnailUrl":"https:\/\/www.fcbarcelonanoticias.com\/en\/wp-content\/uploads\/sites\/2\/2017\/09\/iniesta-227817.jpeg","keywords":["Andr\u00e9s Iniesta","Juventus"],"articleSection":["Players","Players"],"inLanguage":"en-US"},{"@type":"WebPage","@id":"https:\/\/www.fcbarcelonanoticias.com\/en\/players\/andres-iniesta-went-back-to-take-out-the-magic-wand-in-the-camp-nou_204310_102.html","url":"https:\/\/www.fcbarcelonanoticias.com\/en\/players\/andres-iniesta-went-back-to-take-out-the-magic-wand-in-the-camp-nou_204310_102.html","name":"The dribblings of Iniesta raised to the public of the Camp Nou","isPartOf":{"@id":"https:\/\/www.fcbarcelonanoticias.com\/en\/#website"},"primaryImageOfPage":{"@id":"https:\/\/www.fcbarcelonanoticias.com\/en\/players\/andres-iniesta-went-back-to-take-out-the-magic-wand-in-the-camp-nou_204310_102.html#primaryimage"},"image":{"@id":"https:\/\/www.fcbarcelonanoticias.com\/en\/players\/andres-iniesta-went-back-to-take-out-the-magic-wand-in-the-camp-nou_204310_102.html#primaryimage"},"thumbnailUrl":"https:\/\/www.fcbarcelonanoticias.com\/en\/wp-content\/uploads\/sites\/2\/2017\/09\/iniesta-227817.jpeg","datePublished":"2017-09-12T20:15:00+00:00","dateModified":"2026-04-16T07:14:30+00:00","author":{"@id":"https:\/\/www.fcbarcelonanoticias.com\/en\/#\/schema\/person\/888e29b17b79c70d1c617d8a7bc9b8c6"},"description":"The captain of the FC Barcelona, Andr\u00e9s Iniesta, went back to show against the Juventus of Tur\u00edn that with the step of the parties is recovering the...","breadcrumb":{"@id":"https:\/\/www.fcbarcelonanoticias.com\/en\/players\/andres-iniesta-went-back-to-take-out-the-magic-wand-in-the-camp-nou_204310_102.html#breadcrumb"},"inLanguage":"en-US","potentialAction":[{"@type":"ReadAction","target":["https:\/\/www.fcbarcelonanoticias.com\/en\/players\/andres-iniesta-went-back-to-take-out-the-magic-wand-in-the-camp-nou_204310_102.html"]}]},{"@type":"ImageObject","inLanguage":"en-US","@id":"https:\/\/www.fcbarcelonanoticias.com\/en\/players\/andres-iniesta-went-back-to-take-out-the-magic-wand-in-the-camp-nou_204310_102.html#primaryimage","url":"https:\/\/www.fcbarcelonanoticias.com\/en\/wp-content\/uploads\/sites\/2\/2017\/09\/iniesta-227817.jpeg","contentUrl":"https:\/\/www.fcbarcelonanoticias.com\/en\/wp-content\/uploads\/sites\/2\/2017\/09\/iniesta-227817.jpeg","width":760,"height":428},{"@type":"BreadcrumbList","@id":"https:\/\/www.fcbarcelonanoticias.com\/en\/players\/andres-iniesta-went-back-to-take-out-the-magic-wand-in-the-camp-nou_204310_102.html#breadcrumb","itemListElement":[{"@type":"ListItem","position":1,"name":"Portada","item":"https:\/\/www.fcbarcelonanoticias.com\/en\/"},{"@type":"ListItem","position":2,"name":"Andr\u00e9s Iniesta went back to take out the magic wand in the Camp Nou"}]},{"@type":"WebSite","@id":"https:\/\/www.fcbarcelonanoticias.com\/en\/#website","url":"https:\/\/www.fcbarcelonanoticias.com\/en\/","name":"EN - FC Barcelona Noticias","description":"","potentialAction":[{"@type":"SearchAction","target":{"@type":"EntryPoint","urlTemplate":"https:\/\/www.fcbarcelonanoticias.com\/en\/?s={search_term_string}"},"query-input":{"@type":"PropertyValueSpecification","valueRequired":true,"valueName":"search_term_string"}}],"inLanguage":"en-US"},{"@type":"Person","@id":"https:\/\/www.fcbarcelonanoticias.com\/en\/#\/schema\/person\/888e29b17b79c70d1c617d8a7bc9b8c6","name":"Carlos Dom\u00ednguez","image":{"@type":"ImageObject","inLanguage":"en-US","@id":"https:\/\/secure.gravatar.com\/avatar\/?s=96&d=mm&r=g","url":"https:\/\/secure.gravatar.com\/avatar\/?s=96&d=mm&r=g","contentUrl":"https:\/\/secure.gravatar.com\/avatar\/?s=96&d=mm&r=g","caption":"Carlos Dom\u00ednguez"},"url":"https:\/\/www.fcbarcelonanoticias.com\/en\/carlos-dominguez_2_115.html"}]}},"_links":{"self":[{"href":"https:\/\/www.fcbarcelonanoticias.com\/en\/wp-json\/wp\/v2\/posts\/67430","targetHints":{"allow":["GET"]}}],"collection":[{"href":"https:\/\/www.fcbarcelonanoticias.com\/en\/wp-json\/wp\/v2\/posts"}],"about":[{"href":"https:\/\/www.fcbarcelonanoticias.com\/en\/wp-json\/wp\/v2\/types\/post"}],"author":[{"embeddable":true,"href":"https:\/\/www.fcbarcelonanoticias.com\/en\/wp-json\/wp\/v2\/users\/366"}],"replies":[{"embeddable":true,"href":"https:\/\/www.fcbarcelonanoticias.com\/en\/wp-json\/wp\/v2\/comments?post=67430"}],"version-history":[{"count":3,"href":"https:\/\/www.fcbarcelonanoticias.com\/en\/wp-json\/wp\/v2\/posts\/67430\/revisions"}],"predecessor-version":[{"id":169801,"href":"https:\/\/www.fcbarcelonanoticias.com\/en\/wp-json\/wp\/v2\/posts\/67430\/revisions\/169801"}],"wp:featuredmedia":[{"embeddable":true,"href":"https:\/\/www.fcbarcelonanoticias.com\/en\/wp-json\/wp\/v2\/media\/67436"}],"wp:attachment":[{"href":"https:\/\/www.fcbarcelonanoticias.com\/en\/wp-json\/wp\/v2\/media?parent=67430"}],"wp:term":[{"taxonomy":"category","embeddable":true,"href":"https:\/\/www.fcbarcelonanoticias.com\/en\/wp-json\/wp\/v2\/categories?post=67430"},{"taxonomy":"post_tag","embeddable":true,"href":"https:\/\/www.fcbarcelonanoticias.com\/en\/wp-json\/wp\/v2\/tags?post=67430"}],"curies":[{"name":"wp","href":"https:\/\/api.w.org\/{rel}","templated":true}]}}