{"id":67467,"date":"2023-09-18T17:35:00","date_gmt":"2023-09-18T15:35:00","guid":{"rendered":"https:\/\/weisetech.dev\/fc-barcelona-noticias\/en\/bombshell-montse-tome-calls-the-champions-and-patri-guijarro-and-mapi-leon_296261_102\/"},"modified":"2023-09-18T17:50:00","modified_gmt":"2023-09-18T15:50:00","slug":"bombshell-montse-tome-calls-the-champions-and-patri-guijarro-and-mapi-leon_296261_102","status":"publish","type":"post","link":"https:\/\/www.fcbarcelonanoticias.com\/en\/national-teams\/bombshell-montse-tome-calls-the-champions-and-patri-guijarro-and-mapi-leon_296261_102.html","title":{"rendered":"Bombshell!  Montse Tom\u00e9 calls the champions and Patri Guijarro and Mapi Le\u00f3n"},"content":{"rendered":"<h2 class=\"wp-block-heading\">Montse Tom\u00e9, the new national coach of Spain after the dismissal of Jorge Vilda, has announced her first call-up for the next international break.  Her surprise lies in the fact that she has included several of the world champions, as well as two unexpected names: Mapi Le\u00f3n and Patri Guijarro<\/h2>  \r\n<div class=\"article-addons\">\r\n    <a href=\"https:\/\/www.fcbarcelonanoticias.com\/en\/calendar-fc-barcelona.html\"\r\n       target=\"_self\"\r\n       title=\"Calendar of FC Barcelona\"\r\n       class=\"blue-gredient-btn\">\r\n       \r\n        Calendar of FC Barcelona    <\/a>\r\n<\/div>   <p>The conflict between the Real Spanish Federation of Football and the Spanish Selection <strong>seems to be coming to an end. <\/strong>The seleccionadora national, <strong>Montse Tom\u00e9<\/strong>, revealed the first list of summoned to the start of his mandate like trainer to confront the parties of the Nations League against Sweden and Switzerland, respectively. In the list, there was more than a surprise.<\/p>  <p>In a principle, Took confronted to the problem of <a data-external=\"0\" data-intl-links-en=\"https:\/\/www.fcbarcelonanoticias.com\/en\/feminine-football\/official-the-players-of-the-spain-champion-leave-clear-that-will-not-go-back-to-play_296175_102.html\" data-intl-links-es=\"https:\/\/www.fcbarcelonanoticias.com\/futbol-femenino\/oficial-jugadoras-espana-campeona-dejan-claro-no-volveran-jugar_296175_102.html\" href=\"https:\/\/www.fcbarcelonanoticias.com\/en\/feminine-football\/official-the-players-of-the-spain-champion-leave-clear-that-will-not-go-back-to-play_296175_102.html\" rel=\"follow\" target=\"_self\" title=\"\u00a1OFICIAL! Las jugadoras de la Espa\u00f1a campeona dejan claro que no volver\u00e1n a jugar\">the renunciation of the majority of the 23 players<\/a> that formed part of the historical attainment to win the Glass of the World in Australia and New Zealand in 2023. These footballers decided to separate of the combined national like <strong>measure of pressure to generate conclusive changes in the managerial structure of the RFEF<\/strong>.<\/p>  <h2>The RFEF showed intentions to resolve the controversy<\/h2>  <p>In front of this, <a data-external=\"0\" data-intl-links-en=\"https:\/\/www.fcbarcelonanoticias.com\/en\/national-teams\/direct-threat-from-the-rfef-to-the-deserters-of-the-spanish-team_296247_102.html\" data-intl-links-es=\"https:\/\/www.fcbarcelonanoticias.com\/selecciones-nacionales\/amenaza-directa-rfef-desertoras-seleccion-espanola_296247_102.html\" href=\"https:\/\/www.fcbarcelonanoticias.com\/en\/national-teams\/direct-threat-from-the-rfef-to-the-deserters-of-the-spanish-team_296247_102.html\" rel=\"follow\" target=\"_self\" title=\"Amenaza directa de la RFEF a las 'desertoras' de la selecci\u00f3n espa\u00f1ola\">the Federation expressed his wish to answer to his demands<\/a>, establishing a time limit of a month to resolve all these subjects. However, <strong>it imposed the condition that the players expressed his decision before the 00:00 h of the Monday<\/strong>: if they would be still in the selection or if they would ignore the called to the peace done by the body rector of the Spanish football.<\/p>  <p>Finally, <strong>it seems that the international Spanish have accepted the agreement<\/strong> <strong>and have trusted the word of the RFEF<\/strong>. Today, after giving to know the announcement of Montse Took for the duels of the coming international stop, observes almost in his whole to the players champions of the world. Even there is more than a name that had not appeared in the list during a time.<\/p>  <blockquote class=\"twitter-tweet\"> <p dir=\"ltr\" lang=\"es\">\ud83d\udc49 This is the \ud835\uddf9\ud835\uddf6\ud835\ude00\ud835\ude01\ud835\uddee for the two first days of <a href=\"https:\/\/twitter.com\/en\/hashtag\/UWNL?src=hash&amp;ref_src=twsrc%5Etfw\">the #UWNL<\/a><br><br> \ud83c\uddea\ud83c\uddf8 The <a href=\"https:\/\/twitter.com\/en\/SEFutbolFem?ref_src=twsrc%5Etfw\">@SEFutbolFem<\/a> will measure to \ud835\udde6\ud835\ude02\ud835\uddf2\ud835\uddf0\ud835\uddf6\ud835\uddee \ud835\ude06 \ud835\uddee \ud835\udde6\ud835\ude02\ud835\uddf6\ud835\ude07\ud835\uddee.<a href=\"https:\/\/twitter.com\/en\/hashtag\/JugarLucharyGanar?src=hash&amp;ref_src=twsrc%5Etfw\">#JugarLucharyGanar<\/a> <a href=\"https:\/\/t.co\/en\/ruBcpt0MA0\">pic.twitter.com\/rubcpt0ma0<\/a><\/p> \u2014 Feminine Spanish selection of Football (@SEFutbolFem) <a href=\"https:\/\/twitter.com\/en\/SEFutbolFem\/status\/1703780263203873047?ref_src=twsrc%5Etfw\">September 18, 2023<\/a> <\/blockquote> <h2>Why Jenni Beautiful is not in the announcement?<\/h2>  <p>Although in a principle <strong>surprised the absence of Jenni Beautiful<\/strong>, leading of the regrettable controversial with Luis Rubiales, the seleccionadora has explained his decision of the following way: &#8220;we Are supporting to Jenni and to all the players. We think that the best way to help them is to be to his side. <strong>As maximum manager, have decided that the best way to protect it is to not to summon it<\/strong>. I have worked with her during 5 years and have been his mate in the past&#8221;.<\/p>  <p>Besides, the seleccionadora has commented on <strong>the change of opinion of the players that returned to the announcement<\/strong>: &#8220;All are conscious that we have lived an exceptional situation. The Federation has worked to be able to speak with them and have listened them. All are part of this and the key is to have a good communication. Have a lot of illusion&#8221;.<\/p>  <h2>Mapi Le\u00f3n and Patri Pebble, unexpected returns<\/h2>  <p>Finally, <strong>it is remarkable to mention two unexpected returns in the announcement: Mapi Le\u00f3n and Patri Pebble<\/strong>. Both players of the Bar\u00e7a had renounced to the selection the past year, arriving even to lose the Glass of the World. In his moment, <strong>accused to the Federation of fault of professionalism and decided to step to the side<\/strong> in plough to preserve his &#8220;emotional welfare&#8221;. Definitely, they are two acquisitions of luxury for the selection.<\/p>  <h2>Announcement of the Spanish selection:<\/h2>  <ul> <li> <b>Goalkeepers<\/b>: Misa Rodr\u00edguez, Cata Coll y Enith Sal\u00f3n.<\/li> \t<li> <b>Defenses<\/b>: Irene Paredes, Laia Aleixandri, Oihane Hern\u00e1ndez, Olga Carmona, Ona Batlle y Mapi Le\u00f3n.<\/li> \t<li> <b>Midfielders<\/b>: Aitana Bonmati, Alexia Putellas, Patri Guijarro, Mar\u00eda P\u00e9rez, Tere Abelleira y Rosa M\u00e1rquez.<\/li> \t<li> <b>Forwards<\/b>: Athenea del Castillo, Esther Gonz\u00e1lez, Eva Navarro, Inma Gabarro, Mariona Caldentey y Luc\u00eda Garc\u00eda.<\/li> <\/ul> ","protected":false},"excerpt":{"rendered":"<p>Montse Tom\u00e9, the new national coach of Spain after the dismissal of Jorge Vilda, has announced her first call-up for the next international break. Her surprise lies in the fact that she has included several of the world champions, as well as two unexpected names: Mapi Le\u00f3n and Patri Guijarro The conflict between the Real [&hellip;]<\/p>\n","protected":false},"author":355,"featured_media":38888,"comment_status":"closed","ping_status":"open","sticky":false,"template":"","format":"standard","meta":{"_acf_changed":false,"inline_featured_image":false,"_nextfly_llmd_date_locked":false,"footnotes":""},"categories":[120,458],"tags":[95],"class_list":["post-67467","post","type-post","status-publish","format-standard","has-post-thumbnail","hentry","category-womens-football","category-womens-football-2","tag-rfef"],"acf":[],"yoast_head":"<!-- This site is optimized with the Yoast SEO plugin v27.3 - https:\/\/yoast.com\/product\/yoast-seo-wordpress\/ -->\n<title>Bombshell! Montse Tom\u00e9 calls the champions and Patri Guijarro and Mapi Le\u00f3n<\/title>\n<meta name=\"description\" content=\"Montse Tom\u00e9, the new national coach of Spain after the dismissal of Jorge Vilda, has announced her first call-up for the next international break. Her surprise lies in the fact that she has included several of the world champions, as well as two unexpected names: Mapi Le\u00f3n and Patri Guijarro\" \/>\n<meta name=\"robots\" content=\"index, follow, max-snippet:-1, max-image-preview:large, max-video-preview:-1\" \/>\n<link rel=\"canonical\" href=\"https:\/\/www.fcbarcelonanoticias.com\/en\/national-teams\/bombshell-montse-tome-calls-the-champions-and-patri-guijarro-and-mapi-leon_296261_102.html\" \/>\n<meta property=\"og:locale\" content=\"en_US\" \/>\n<meta property=\"og:type\" content=\"article\" \/>\n<meta property=\"og:title\" content=\"Bombshell! Montse Tom\u00e9 calls the champions and Patri Guijarro and Mapi Le\u00f3n\" \/>\n<meta property=\"og:description\" content=\"Montse Tom\u00e9, the new national coach of Spain after the dismissal of Jorge Vilda, has announced her first call-up for the next international break. Her surprise lies in the fact that she has included several of the world champions, as well as two unexpected names: Mapi Le\u00f3n and Patri Guijarro\" \/>\n<meta property=\"og:url\" content=\"https:\/\/www.fcbarcelonanoticias.com\/en\/national-teams\/bombshell-montse-tome-calls-the-champions-and-patri-guijarro-and-mapi-leon_296261_102.html\" \/>\n<meta property=\"og:site_name\" content=\"EN - FC Barcelona Noticias\" \/>\n<meta property=\"article:published_time\" content=\"2023-09-18T15:35:00+00:00\" \/>\n<meta property=\"article:modified_time\" content=\"2023-09-18T15:50:00+00:00\" \/>\n<meta property=\"og:image\" content=\"https:\/\/www.fcbarcelonanoticias.com\/en\/wp-content\/uploads\/sites\/2\/2023\/08\/jugadoras-espana-mundial.jpeg\" \/>\n\t<meta property=\"og:image:width\" content=\"1300\" \/>\n\t<meta property=\"og:image:height\" content=\"732\" \/>\n\t<meta property=\"og:image:type\" content=\"image\/jpeg\" \/>\n<meta name=\"author\" content=\"Kevin G\u00f3mez\" \/>\n<meta name=\"twitter:card\" content=\"summary_large_image\" \/>\n<meta name=\"twitter:label1\" content=\"Written by\" \/>\n\t<meta name=\"twitter:data1\" content=\"Kevin G\u00f3mez\" \/>\n\t<meta name=\"twitter:label2\" content=\"Est. reading time\" \/>\n\t<meta name=\"twitter:data2\" content=\"3 minutes\" \/>\n<script type=\"application\/ld+json\" class=\"yoast-schema-graph\">{\"@context\":\"https:\\\/\\\/schema.org\",\"@graph\":[{\"@type\":\"Article\",\"@id\":\"https:\\\/\\\/www.fcbarcelonanoticias.com\\\/en\\\/national-teams\\\/bombshell-montse-tome-calls-the-champions-and-patri-guijarro-and-mapi-leon_296261_102.html#article\",\"isPartOf\":{\"@id\":\"https:\\\/\\\/www.fcbarcelonanoticias.com\\\/en\\\/national-teams\\\/bombshell-montse-tome-calls-the-champions-and-patri-guijarro-and-mapi-leon_296261_102.html\"},\"author\":{\"name\":\"Kevin G\u00f3mez\",\"@id\":\"https:\\\/\\\/www.fcbarcelonanoticias.com\\\/en\\\/#\\\/schema\\\/person\\\/991443f134df9a64c6874f96ff984c9d\"},\"headline\":\"Bombshell! Montse Tom\u00e9 calls the champions and Patri Guijarro and Mapi Le\u00f3n\",\"datePublished\":\"2023-09-18T15:35:00+00:00\",\"dateModified\":\"2023-09-18T15:50:00+00:00\",\"mainEntityOfPage\":{\"@id\":\"https:\\\/\\\/www.fcbarcelonanoticias.com\\\/en\\\/national-teams\\\/bombshell-montse-tome-calls-the-champions-and-patri-guijarro-and-mapi-leon_296261_102.html\"},\"wordCount\":665,\"image\":{\"@id\":\"https:\\\/\\\/www.fcbarcelonanoticias.com\\\/en\\\/national-teams\\\/bombshell-montse-tome-calls-the-champions-and-patri-guijarro-and-mapi-leon_296261_102.html#primaryimage\"},\"thumbnailUrl\":\"https:\\\/\\\/www.fcbarcelonanoticias.com\\\/en\\\/wp-content\\\/uploads\\\/sites\\\/2\\\/2023\\\/08\\\/jugadoras-espana-mundial.jpeg\",\"keywords\":[\"RFEF\"],\"articleSection\":[\"Women's Football\",\"Women's Football\"],\"inLanguage\":\"en-US\"},{\"@type\":\"WebPage\",\"@id\":\"https:\\\/\\\/www.fcbarcelonanoticias.com\\\/en\\\/national-teams\\\/bombshell-montse-tome-calls-the-champions-and-patri-guijarro-and-mapi-leon_296261_102.html\",\"url\":\"https:\\\/\\\/www.fcbarcelonanoticias.com\\\/en\\\/national-teams\\\/bombshell-montse-tome-calls-the-champions-and-patri-guijarro-and-mapi-leon_296261_102.html\",\"name\":\"Bombshell! Montse Tom\u00e9 calls the champions and Patri Guijarro and Mapi Le\u00f3n\",\"isPartOf\":{\"@id\":\"https:\\\/\\\/www.fcbarcelonanoticias.com\\\/en\\\/#website\"},\"primaryImageOfPage\":{\"@id\":\"https:\\\/\\\/www.fcbarcelonanoticias.com\\\/en\\\/national-teams\\\/bombshell-montse-tome-calls-the-champions-and-patri-guijarro-and-mapi-leon_296261_102.html#primaryimage\"},\"image\":{\"@id\":\"https:\\\/\\\/www.fcbarcelonanoticias.com\\\/en\\\/national-teams\\\/bombshell-montse-tome-calls-the-champions-and-patri-guijarro-and-mapi-leon_296261_102.html#primaryimage\"},\"thumbnailUrl\":\"https:\\\/\\\/www.fcbarcelonanoticias.com\\\/en\\\/wp-content\\\/uploads\\\/sites\\\/2\\\/2023\\\/08\\\/jugadoras-espana-mundial.jpeg\",\"datePublished\":\"2023-09-18T15:35:00+00:00\",\"dateModified\":\"2023-09-18T15:50:00+00:00\",\"author\":{\"@id\":\"https:\\\/\\\/www.fcbarcelonanoticias.com\\\/en\\\/#\\\/schema\\\/person\\\/991443f134df9a64c6874f96ff984c9d\"},\"description\":\"Montse Tom\u00e9, the new national coach of Spain after the dismissal of Jorge Vilda, has announced her first call-up for the next international break. Her surprise lies in the fact that she has included several of the world champions, as well as two unexpected names: Mapi Le\u00f3n and Patri Guijarro\",\"breadcrumb\":{\"@id\":\"https:\\\/\\\/www.fcbarcelonanoticias.com\\\/en\\\/national-teams\\\/bombshell-montse-tome-calls-the-champions-and-patri-guijarro-and-mapi-leon_296261_102.html#breadcrumb\"},\"inLanguage\":\"en-US\",\"potentialAction\":[{\"@type\":\"ReadAction\",\"target\":[\"https:\\\/\\\/www.fcbarcelonanoticias.com\\\/en\\\/national-teams\\\/bombshell-montse-tome-calls-the-champions-and-patri-guijarro-and-mapi-leon_296261_102.html\"]}]},{\"@type\":\"ImageObject\",\"inLanguage\":\"en-US\",\"@id\":\"https:\\\/\\\/www.fcbarcelonanoticias.com\\\/en\\\/national-teams\\\/bombshell-montse-tome-calls-the-champions-and-patri-guijarro-and-mapi-leon_296261_102.html#primaryimage\",\"url\":\"https:\\\/\\\/www.fcbarcelonanoticias.com\\\/en\\\/wp-content\\\/uploads\\\/sites\\\/2\\\/2023\\\/08\\\/jugadoras-espana-mundial.jpeg\",\"contentUrl\":\"https:\\\/\\\/www.fcbarcelonanoticias.com\\\/en\\\/wp-content\\\/uploads\\\/sites\\\/2\\\/2023\\\/08\\\/jugadoras-espana-mundial.jpeg\",\"width\":1300,\"height\":732},{\"@type\":\"BreadcrumbList\",\"@id\":\"https:\\\/\\\/www.fcbarcelonanoticias.com\\\/en\\\/national-teams\\\/bombshell-montse-tome-calls-the-champions-and-patri-guijarro-and-mapi-leon_296261_102.html#breadcrumb\",\"itemListElement\":[{\"@type\":\"ListItem\",\"position\":1,\"name\":\"Portada\",\"item\":\"https:\\\/\\\/www.fcbarcelonanoticias.com\\\/en\\\/\"},{\"@type\":\"ListItem\",\"position\":2,\"name\":\"Bombshell! Montse Tom\u00e9 calls the champions and Patri Guijarro and Mapi Le\u00f3n\"}]},{\"@type\":\"WebSite\",\"@id\":\"https:\\\/\\\/www.fcbarcelonanoticias.com\\\/en\\\/#website\",\"url\":\"https:\\\/\\\/www.fcbarcelonanoticias.com\\\/en\\\/\",\"name\":\"EN - FC Barcelona Noticias\",\"description\":\"\",\"potentialAction\":[{\"@type\":\"SearchAction\",\"target\":{\"@type\":\"EntryPoint\",\"urlTemplate\":\"https:\\\/\\\/www.fcbarcelonanoticias.com\\\/en\\\/?s={search_term_string}\"},\"query-input\":{\"@type\":\"PropertyValueSpecification\",\"valueRequired\":true,\"valueName\":\"search_term_string\"}}],\"inLanguage\":\"en-US\"},{\"@type\":\"Person\",\"@id\":\"https:\\\/\\\/www.fcbarcelonanoticias.com\\\/en\\\/#\\\/schema\\\/person\\\/991443f134df9a64c6874f96ff984c9d\",\"name\":\"Kevin G\u00f3mez\",\"image\":{\"@type\":\"ImageObject\",\"inLanguage\":\"en-US\",\"@id\":\"https:\\\/\\\/secure.gravatar.com\\\/avatar\\\/?s=96&d=mm&r=g\",\"url\":\"https:\\\/\\\/secure.gravatar.com\\\/avatar\\\/?s=96&d=mm&r=g\",\"contentUrl\":\"https:\\\/\\\/secure.gravatar.com\\\/avatar\\\/?s=96&d=mm&r=g\",\"caption\":\"Kevin G\u00f3mez\"},\"description\":\"Licenciado\u00a0en Periodismo y Comunicaci\u00f3n Audiovisual. Redactor en FCBN responsable de cubrir toda\u00a0la informaci\u00f3n del FC Barcelona y las principales competiciones de\u00a0f\u00fatbol.\",\"url\":\"https:\\\/\\\/www.fcbarcelonanoticias.com\\\/en\\\/jugadores\\\/kevin-gomez_23_115.html\"}]}<\/script>\n<!-- \/ Yoast SEO plugin. -->","yoast_head_json":{"title":"Bombshell! Montse Tom\u00e9 calls the champions and Patri Guijarro and Mapi Le\u00f3n","description":"Montse Tom\u00e9, the new national coach of Spain after the dismissal of Jorge Vilda, has announced her first call-up for the next international break. Her surprise lies in the fact that she has included several of the world champions, as well as two unexpected names: Mapi Le\u00f3n and Patri Guijarro","robots":{"index":"index","follow":"follow","max-snippet":"max-snippet:-1","max-image-preview":"max-image-preview:large","max-video-preview":"max-video-preview:-1"},"canonical":"https:\/\/www.fcbarcelonanoticias.com\/en\/national-teams\/bombshell-montse-tome-calls-the-champions-and-patri-guijarro-and-mapi-leon_296261_102.html","og_locale":"en_US","og_type":"article","og_title":"Bombshell! Montse Tom\u00e9 calls the champions and Patri Guijarro and Mapi Le\u00f3n","og_description":"Montse Tom\u00e9, the new national coach of Spain after the dismissal of Jorge Vilda, has announced her first call-up for the next international break. Her surprise lies in the fact that she has included several of the world champions, as well as two unexpected names: Mapi Le\u00f3n and Patri Guijarro","og_url":"https:\/\/www.fcbarcelonanoticias.com\/en\/national-teams\/bombshell-montse-tome-calls-the-champions-and-patri-guijarro-and-mapi-leon_296261_102.html","og_site_name":"EN - FC Barcelona Noticias","article_published_time":"2023-09-18T15:35:00+00:00","article_modified_time":"2023-09-18T15:50:00+00:00","og_image":[{"width":1300,"height":732,"url":"https:\/\/www.fcbarcelonanoticias.com\/en\/wp-content\/uploads\/sites\/2\/2023\/08\/jugadoras-espana-mundial.jpeg","type":"image\/jpeg"}],"author":"Kevin G\u00f3mez","twitter_card":"summary_large_image","twitter_misc":{"Written by":"Kevin G\u00f3mez","Est. reading time":"3 minutes"},"schema":{"@context":"https:\/\/schema.org","@graph":[{"@type":"Article","@id":"https:\/\/www.fcbarcelonanoticias.com\/en\/national-teams\/bombshell-montse-tome-calls-the-champions-and-patri-guijarro-and-mapi-leon_296261_102.html#article","isPartOf":{"@id":"https:\/\/www.fcbarcelonanoticias.com\/en\/national-teams\/bombshell-montse-tome-calls-the-champions-and-patri-guijarro-and-mapi-leon_296261_102.html"},"author":{"name":"Kevin G\u00f3mez","@id":"https:\/\/www.fcbarcelonanoticias.com\/en\/#\/schema\/person\/991443f134df9a64c6874f96ff984c9d"},"headline":"Bombshell! Montse Tom\u00e9 calls the champions and Patri Guijarro and Mapi Le\u00f3n","datePublished":"2023-09-18T15:35:00+00:00","dateModified":"2023-09-18T15:50:00+00:00","mainEntityOfPage":{"@id":"https:\/\/www.fcbarcelonanoticias.com\/en\/national-teams\/bombshell-montse-tome-calls-the-champions-and-patri-guijarro-and-mapi-leon_296261_102.html"},"wordCount":665,"image":{"@id":"https:\/\/www.fcbarcelonanoticias.com\/en\/national-teams\/bombshell-montse-tome-calls-the-champions-and-patri-guijarro-and-mapi-leon_296261_102.html#primaryimage"},"thumbnailUrl":"https:\/\/www.fcbarcelonanoticias.com\/en\/wp-content\/uploads\/sites\/2\/2023\/08\/jugadoras-espana-mundial.jpeg","keywords":["RFEF"],"articleSection":["Women's Football","Women's Football"],"inLanguage":"en-US"},{"@type":"WebPage","@id":"https:\/\/www.fcbarcelonanoticias.com\/en\/national-teams\/bombshell-montse-tome-calls-the-champions-and-patri-guijarro-and-mapi-leon_296261_102.html","url":"https:\/\/www.fcbarcelonanoticias.com\/en\/national-teams\/bombshell-montse-tome-calls-the-champions-and-patri-guijarro-and-mapi-leon_296261_102.html","name":"Bombshell! Montse Tom\u00e9 calls the champions and Patri Guijarro and Mapi Le\u00f3n","isPartOf":{"@id":"https:\/\/www.fcbarcelonanoticias.com\/en\/#website"},"primaryImageOfPage":{"@id":"https:\/\/www.fcbarcelonanoticias.com\/en\/national-teams\/bombshell-montse-tome-calls-the-champions-and-patri-guijarro-and-mapi-leon_296261_102.html#primaryimage"},"image":{"@id":"https:\/\/www.fcbarcelonanoticias.com\/en\/national-teams\/bombshell-montse-tome-calls-the-champions-and-patri-guijarro-and-mapi-leon_296261_102.html#primaryimage"},"thumbnailUrl":"https:\/\/www.fcbarcelonanoticias.com\/en\/wp-content\/uploads\/sites\/2\/2023\/08\/jugadoras-espana-mundial.jpeg","datePublished":"2023-09-18T15:35:00+00:00","dateModified":"2023-09-18T15:50:00+00:00","author":{"@id":"https:\/\/www.fcbarcelonanoticias.com\/en\/#\/schema\/person\/991443f134df9a64c6874f96ff984c9d"},"description":"Montse Tom\u00e9, the new national coach of Spain after the dismissal of Jorge Vilda, has announced her first call-up for the next international break. Her surprise lies in the fact that she has included several of the world champions, as well as two unexpected names: Mapi Le\u00f3n and Patri Guijarro","breadcrumb":{"@id":"https:\/\/www.fcbarcelonanoticias.com\/en\/national-teams\/bombshell-montse-tome-calls-the-champions-and-patri-guijarro-and-mapi-leon_296261_102.html#breadcrumb"},"inLanguage":"en-US","potentialAction":[{"@type":"ReadAction","target":["https:\/\/www.fcbarcelonanoticias.com\/en\/national-teams\/bombshell-montse-tome-calls-the-champions-and-patri-guijarro-and-mapi-leon_296261_102.html"]}]},{"@type":"ImageObject","inLanguage":"en-US","@id":"https:\/\/www.fcbarcelonanoticias.com\/en\/national-teams\/bombshell-montse-tome-calls-the-champions-and-patri-guijarro-and-mapi-leon_296261_102.html#primaryimage","url":"https:\/\/www.fcbarcelonanoticias.com\/en\/wp-content\/uploads\/sites\/2\/2023\/08\/jugadoras-espana-mundial.jpeg","contentUrl":"https:\/\/www.fcbarcelonanoticias.com\/en\/wp-content\/uploads\/sites\/2\/2023\/08\/jugadoras-espana-mundial.jpeg","width":1300,"height":732},{"@type":"BreadcrumbList","@id":"https:\/\/www.fcbarcelonanoticias.com\/en\/national-teams\/bombshell-montse-tome-calls-the-champions-and-patri-guijarro-and-mapi-leon_296261_102.html#breadcrumb","itemListElement":[{"@type":"ListItem","position":1,"name":"Portada","item":"https:\/\/www.fcbarcelonanoticias.com\/en\/"},{"@type":"ListItem","position":2,"name":"Bombshell! Montse Tom\u00e9 calls the champions and Patri Guijarro and Mapi Le\u00f3n"}]},{"@type":"WebSite","@id":"https:\/\/www.fcbarcelonanoticias.com\/en\/#website","url":"https:\/\/www.fcbarcelonanoticias.com\/en\/","name":"EN - FC Barcelona Noticias","description":"","potentialAction":[{"@type":"SearchAction","target":{"@type":"EntryPoint","urlTemplate":"https:\/\/www.fcbarcelonanoticias.com\/en\/?s={search_term_string}"},"query-input":{"@type":"PropertyValueSpecification","valueRequired":true,"valueName":"search_term_string"}}],"inLanguage":"en-US"},{"@type":"Person","@id":"https:\/\/www.fcbarcelonanoticias.com\/en\/#\/schema\/person\/991443f134df9a64c6874f96ff984c9d","name":"Kevin G\u00f3mez","image":{"@type":"ImageObject","inLanguage":"en-US","@id":"https:\/\/secure.gravatar.com\/avatar\/?s=96&d=mm&r=g","url":"https:\/\/secure.gravatar.com\/avatar\/?s=96&d=mm&r=g","contentUrl":"https:\/\/secure.gravatar.com\/avatar\/?s=96&d=mm&r=g","caption":"Kevin G\u00f3mez"},"description":"Licenciado\u00a0en Periodismo y Comunicaci\u00f3n Audiovisual. Redactor en FCBN responsable de cubrir toda\u00a0la informaci\u00f3n del FC Barcelona y las principales competiciones de\u00a0f\u00fatbol.","url":"https:\/\/www.fcbarcelonanoticias.com\/en\/jugadores\/kevin-gomez_23_115.html"}]}},"_links":{"self":[{"href":"https:\/\/www.fcbarcelonanoticias.com\/en\/wp-json\/wp\/v2\/posts\/67467","targetHints":{"allow":["GET"]}}],"collection":[{"href":"https:\/\/www.fcbarcelonanoticias.com\/en\/wp-json\/wp\/v2\/posts"}],"about":[{"href":"https:\/\/www.fcbarcelonanoticias.com\/en\/wp-json\/wp\/v2\/types\/post"}],"author":[{"embeddable":true,"href":"https:\/\/www.fcbarcelonanoticias.com\/en\/wp-json\/wp\/v2\/users\/355"}],"replies":[{"embeddable":true,"href":"https:\/\/www.fcbarcelonanoticias.com\/en\/wp-json\/wp\/v2\/comments?post=67467"}],"version-history":[{"count":1,"href":"https:\/\/www.fcbarcelonanoticias.com\/en\/wp-json\/wp\/v2\/posts\/67467\/revisions"}],"predecessor-version":[{"id":67468,"href":"https:\/\/www.fcbarcelonanoticias.com\/en\/wp-json\/wp\/v2\/posts\/67467\/revisions\/67468"}],"wp:featuredmedia":[{"embeddable":true,"href":"https:\/\/www.fcbarcelonanoticias.com\/en\/wp-json\/wp\/v2\/media\/38888"}],"wp:attachment":[{"href":"https:\/\/www.fcbarcelonanoticias.com\/en\/wp-json\/wp\/v2\/media?parent=67467"}],"wp:term":[{"taxonomy":"category","embeddable":true,"href":"https:\/\/www.fcbarcelonanoticias.com\/en\/wp-json\/wp\/v2\/categories?post=67467"},{"taxonomy":"post_tag","embeddable":true,"href":"https:\/\/www.fcbarcelonanoticias.com\/en\/wp-json\/wp\/v2\/tags?post=67467"}],"curies":[{"name":"wp","href":"https:\/\/api.w.org\/{rel}","templated":true}]}}